{"events":[{"id":52580,"global_id":"deltaimage.de\/wp?id=52580","global_id_lineage":["deltaimage.de\/wp?id=52580"],"author":"1","status":"publish","date":"2025-10-22 16:53:24","date_utc":"2025-10-22 14:53:24","modified":"2025-10-26 16:45:04","modified_utc":"2025-10-26 15:45:04","url":"https:\/\/deltaimage.de\/wp\/?tribe_events=ausstellung-naturwandel-eine-geschichte-des-dachauer-landes-in-heimatmuseum-karlsfeld","rest_url":"https:\/\/deltaimage.de\/wp\/index.php?rest_route=\/tribe\/events\/v1\/events\/52580","title":"Ausstellung: NaturWandel &#8211; eine Geschichte des Dachauer Landes in Heimatmuseum Karlsfeld &#8211; 17.5.- 18.10.2026","description":"<p><img data-recalc-dims=\"1\" loading=\"lazy\" decoding=\"async\" data-attachment-id=\"47702\" data-permalink=\"https:\/\/deltaimage.de\/wp\/?attachment_id=47702#main\" data-orig-file=\"https:\/\/i0.wp.com\/deltaimage.de\/wp\/wp-content\/uploads\/GW_Logo-600.jpg?fit=821%2C590&amp;ssl=1\" data-orig-size=\"821,590\" data-comments-opened=\"1\" data-image-meta=\"{&quot;aperture&quot;:&quot;0&quot;,&quot;credit&quot;:&quot;Paul Eschbach&quot;,&quot;camera&quot;:&quot;&quot;,&quot;caption&quot;:&quot;&quot;,&quot;created_timestamp&quot;:&quot;1737489888&quot;,&quot;copyright&quot;:&quot;&quot;,&quot;focal_length&quot;:&quot;0&quot;,&quot;iso&quot;:&quot;0&quot;,&quot;shutter_speed&quot;:&quot;0&quot;,&quot;title&quot;:&quot;&quot;,&quot;orientation&quot;:&quot;0&quot;}\" data-image-title=\"GW_Logo -600\" data-image-description=\"\" data-image-caption=\"\" data-large-file=\"https:\/\/i0.wp.com\/deltaimage.de\/wp\/wp-content\/uploads\/GW_Logo-600.jpg?fit=821%2C590&amp;ssl=1\" class=\"wp-image-47702 size-thumbnail alignright\" src=\"https:\/\/i0.wp.com\/deltaimage.de\/wp\/wp-content\/uploads\/GW_Logo-600.jpg?resize=278%2C200&#038;ssl=1\" alt=\"\" width=\"278\" height=\"200\" srcset=\"https:\/\/i0.wp.com\/deltaimage.de\/wp\/wp-content\/uploads\/GW_Logo-600.jpg?resize=278%2C200&amp;ssl=1 278w, https:\/\/i0.wp.com\/deltaimage.de\/wp\/wp-content\/uploads\/GW_Logo-600.jpg?resize=557%2C400&amp;ssl=1 557w, https:\/\/i0.wp.com\/deltaimage.de\/wp\/wp-content\/uploads\/GW_Logo-600.jpg?w=821&amp;ssl=1 821w\" sizes=\"auto, (max-width: 278px) 100vw, 278px\" \/><em>Quelle: <a href=\"http:\/\/www.dachauer-forum.de\">dachuer-forum.de<\/a><\/em><\/p>\n<p>Angesichts der aktuellen Debatten um die Natur, Artenvielfalt und Klimawandel gehen wir auf Spurensuche und forschen dar\u00fcber, wie sich die Natur im Landkreis Dachau ver\u00e4ndert hat. Wir recherchieren nach alten Fotos, Landkarten und befragen Zeitzeugen, wie sie den Wandel erlebt haben und erleben. Wann sind aus den Bauerng\u00e4rten Rasenfl\u00e4chen und Steinw\u00fcsten entstanden? Gab es fr\u00fcher im Winter mehr Schnee? Und wie hat sich die Landwirtschaft ver\u00e4ndert?<\/p>\n<p>&nbsp;<\/p>\n<h2>NaturWandel &#8211; eine Geschichte des Dachauer Landes<\/h2>\n<div class=\"wpb_text_column wpb_content_element \">\n<div class=\"wpb_wrapper\">\n<p>Die Geschichtswerkstatt arbeitet an einem neuen Forschungsprojekt! Angesichts der aktuellen Debatten um die Natur, Artenvielfalt und Klimawandel gehen wir auf Spurensuche und forschen dar\u00fcber, wie sich die Natur im Landkreis Dachau ver\u00e4ndert hat. Wir recherchieren nach alten Fotos, Landkarten und befragen Zeitzeugen, wie sie den Wandel erlebt haben und erleben. Wann sind aus den Bauerng\u00e4rten Rasenfl\u00e4chen und Steinw\u00fcsten entstanden? Gab es fr\u00fcher im Winter mehr Schnee? Und wie hat sich die Landwirtschaft ver\u00e4ndert? Die Ergebnisse werden nun in der Ausstellung pr\u00e4sentiert.<\/p>\n<div class=\"wpb_wrapper\">\n<div class=\"wpb_text_column wpb_content_element eventData\">\n<div class=\"wpb_wrapper\">\n<p class=\"date\"><b>So, 17.05.2026 \u2013 So, 18.10.2026<\/b><\/p>\n<\/div>\n<\/div>\n<div class=\"wpb_text_column wpb_content_element eventData\">\n<div class=\"wpb_wrapper\">\n<p><b>Leitung:<\/b> Dr. Annegret Braun, Kulturwissenschaftlerin<\/p>\n<p><b>Ort:<\/b> <a href=\"https:\/\/heimatmuseum-karlsfeld.de\"><strong>Heimatmuseum Karlsfeld<\/strong><\/a>, Gartenstr. 6, 85757 Karlsfeld<\/p>\n<\/div>\n<\/div>\n<div class=\"su-gmap su-u-responsive-media-yes\"><iframe loading=\"lazy\" width=\"880\" height=\"400\" src=\"\/\/maps.google.com\/maps?q=Heimatmuseum%20Karlsfeld%2C%20Gartenstr.%206%2C%2085757%20Karlsfeld&amp;output=embed&amp;z=16\" title=\"Heimatmuseum Karlsfeld\"><\/iframe><\/div>\n<\/div>\n<\/div>\n<\/div>\n<p>&nbsp;<\/p>\n<p>&nbsp;<\/p>\n<h2>Begleitdokumentation zur Ausstellung: NaturWandel<\/h2>\n<p>Die Begleitdokumentation ist bei <a href=\"https:\/\/shop.deltaimage.de\"><strong>DELTA IMAGE &#8211; Eigenverlag<\/strong><\/a> produziert worden und ist im <a href=\"https:\/\/shop.deltaimage.de\"><strong>Online-Shop<\/strong><\/a> zu beziehen.<\/p>\n<p><a href=\"https:\/\/shop.deltaimage.de\"><img data-recalc-dims=\"1\" loading=\"lazy\" decoding=\"async\" data-attachment-id=\"47944\" data-permalink=\"https:\/\/deltaimage.de\/wp\/?attachment_id=47944#main\" data-orig-file=\"https:\/\/i0.wp.com\/deltaimage.de\/wp\/wp-content\/uploads\/NaturWandel-Dachauer-Land_II-600.jpg?fit=422%2C600&amp;ssl=1\" data-orig-size=\"422,600\" data-comments-opened=\"1\" data-image-meta=\"{&quot;aperture&quot;:&quot;0&quot;,&quot;credit&quot;:&quot;Paul Eschbach&quot;,&quot;camera&quot;:&quot;&quot;,&quot;caption&quot;:&quot;&quot;,&quot;created_timestamp&quot;:&quot;1740595097&quot;,&quot;copyright&quot;:&quot;&quot;,&quot;focal_length&quot;:&quot;0&quot;,&quot;iso&quot;:&quot;0&quot;,&quot;shutter_speed&quot;:&quot;0&quot;,&quot;title&quot;:&quot;&quot;,&quot;orientation&quot;:&quot;1&quot;}\" data-image-title=\"NaturWandel Dachauer Land_II-600\" data-image-description=\"\" data-image-caption=\"\" data-large-file=\"https:\/\/i0.wp.com\/deltaimage.de\/wp\/wp-content\/uploads\/NaturWandel-Dachauer-Land_II-600.jpg?fit=422%2C600&amp;ssl=1\" class=\"aligncenter wp-image-47944 size-full\" src=\"https:\/\/i0.wp.com\/deltaimage.de\/wp\/wp-content\/uploads\/NaturWandel-Dachauer-Land_II-600.jpg?resize=422%2C600&#038;ssl=1\" alt=\"\" width=\"422\" height=\"600\" srcset=\"https:\/\/i0.wp.com\/deltaimage.de\/wp\/wp-content\/uploads\/NaturWandel-Dachauer-Land_II-600.jpg?w=422&amp;ssl=1 422w, https:\/\/i0.wp.com\/deltaimage.de\/wp\/wp-content\/uploads\/NaturWandel-Dachauer-Land_II-600.jpg?resize=141%2C200&amp;ssl=1 141w, https:\/\/i0.wp.com\/deltaimage.de\/wp\/wp-content\/uploads\/NaturWandel-Dachauer-Land_II-600.jpg?resize=281%2C400&amp;ssl=1 281w\" sizes=\"auto, (max-width: 422px) 100vw, 422px\" \/><\/a><\/p>","excerpt":"","slug":"ausstellung-naturwandel-eine-geschichte-des-dachauer-landes-in-heimatmuseum-karlsfeld","image":{"url":"https:\/\/i0.wp.com\/deltaimage.de\/wp\/wp-content\/uploads\/Plakate_NaturWelten_Karlsfeld_1200-450.jpg?fit=1200%2C450&ssl=1","id":52577,"extension":"jpg","width":1200,"height":450,"filesize":486478,"sizes":{"medium":{"width":900,"height":338,"mime-type":"image\/jpeg","filesize":87288,"url":"https:\/\/i0.wp.com\/deltaimage.de\/wp\/wp-content\/uploads\/Plakate_NaturWelten_Karlsfeld_1200-450.jpg?fit=900%2C338&ssl=1"},"thumbnail":{"width":300,"height":113,"mime-type":"image\/jpeg","filesize":15224,"url":"https:\/\/i0.wp.com\/deltaimage.de\/wp\/wp-content\/uploads\/Plakate_NaturWelten_Karlsfeld_1200-450.jpg?fit=300%2C113&ssl=1"},"stay-logo":{"width":1067,"height":400,"mime-type":"image\/jpeg","filesize":109868,"url":"https:\/\/i0.wp.com\/deltaimage.de\/wp\/wp-content\/uploads\/Plakate_NaturWelten_Karlsfeld_1200-450.jpg?fit=1067%2C400&ssl=1"},"feat-img":{"width":920,"height":383,"mime-type":"image\/jpeg","filesize":96091,"url":"https:\/\/i0.wp.com\/deltaimage.de\/wp\/wp-content\/uploads\/Plakate_NaturWelten_Karlsfeld_1200-450.jpg?resize=920%2C383&ssl=1"},"feat-img-full":{"width":1200,"height":383,"mime-type":"image\/jpeg","filesize":125396,"url":"https:\/\/i0.wp.com\/deltaimage.de\/wp\/wp-content\/uploads\/Plakate_NaturWelten_Karlsfeld_1200-450.jpg?resize=1200%2C383&ssl=1"},"room-thumbnail":{"width":200,"height":133,"mime-type":"image\/jpeg","filesize":12584,"url":"https:\/\/i0.wp.com\/deltaimage.de\/wp\/wp-content\/uploads\/Plakate_NaturWelten_Karlsfeld_1200-450.jpg?resize=200%2C133&ssl=1"},"jetpack-portfolio-admin-thumb":{"width":50,"height":50,"mime-type":"image\/jpeg","filesize":2102,"url":"https:\/\/i0.wp.com\/deltaimage.de\/wp\/wp-content\/uploads\/Plakate_NaturWelten_Karlsfeld_1200-450.jpg?resize=50%2C50&ssl=1"}}},"all_day":true,"start_date":"2026-05-17 00:00:00","start_date_details":{"year":"2026","month":"05","day":"17","hour":"00","minutes":"00","seconds":"00"},"end_date":"2026-10-18 23:59:59","end_date_details":{"year":"2026","month":"10","day":"18","hour":"23","minutes":"59","seconds":"59"},"utc_start_date":"2026-05-16 22:00:00","utc_start_date_details":{"year":"2026","month":"05","day":"16","hour":"22","minutes":"00","seconds":"00"},"utc_end_date":"2026-10-18 21:59:59","utc_end_date_details":{"year":"2026","month":"10","day":"18","hour":"21","minutes":"59","seconds":"59"},"timezone":"Europe\/Berlin","timezone_abbr":"CEST","cost":"","cost_details":{"currency_symbol":"\u20ac","currency_code":"EUR","currency_position":"suffix","values":[]},"website":"https:\/\/www.dachauer-forum.de\/veranstaltung\/naturwandel-eine-geschichte-des-dachauer-landes-3\/","show_map":true,"show_map_link":true,"hide_from_listings":false,"sticky":true,"featured":true,"categories":[{"name":"Alle Veranstaltungen","slug":"alle-veranstaltungen","term_group":0,"term_taxonomy_id":2153,"taxonomy":"tribe_events_cat","description":"","parent":0,"count":2,"filter":"raw","id":2153,"urls":{"self":"https:\/\/deltaimage.de\/wp\/index.php?rest_route=\/tribe\/events\/v1\/categories\/2153","collection":"https:\/\/deltaimage.de\/wp\/index.php?rest_route=\/tribe\/events\/v1\/categories"}},{"name":"Ausstellung","slug":"ausstellung","term_group":0,"term_taxonomy_id":4207,"taxonomy":"tribe_events_cat","description":"","parent":4201,"count":4,"filter":"raw","id":4207,"urls":{"self":"https:\/\/deltaimage.de\/wp\/index.php?rest_route=\/tribe\/events\/v1\/categories\/4207","collection":"https:\/\/deltaimage.de\/wp\/index.php?rest_route=\/tribe\/events\/v1\/categories","up":"https:\/\/deltaimage.de\/wp\/index.php?rest_route=\/tribe\/events\/v1\/categories\/4201"}},{"name":"Externe Veranstaltung","slug":"externe-veranstaltung","term_group":0,"term_taxonomy_id":3356,"taxonomy":"tribe_events_cat","description":"","parent":0,"count":4,"filter":"raw","id":3356,"urls":{"self":"https:\/\/deltaimage.de\/wp\/index.php?rest_route=\/tribe\/events\/v1\/categories\/3356","collection":"https:\/\/deltaimage.de\/wp\/index.php?rest_route=\/tribe\/events\/v1\/categories"}},{"name":"Kunst &amp; Kultur","slug":"kunst-kultur","term_group":0,"term_taxonomy_id":4201,"taxonomy":"tribe_events_cat","description":"","parent":0,"count":4,"filter":"raw","id":4201,"urls":{"self":"https:\/\/deltaimage.de\/wp\/index.php?rest_route=\/tribe\/events\/v1\/categories\/4201","collection":"https:\/\/deltaimage.de\/wp\/index.php?rest_route=\/tribe\/events\/v1\/categories"}},{"name":"Museumsveranstaltung","slug":"museumsveranstaltung","term_group":0,"term_taxonomy_id":3357,"taxonomy":"tribe_events_cat","description":"","parent":0,"count":3,"filter":"raw","id":3357,"urls":{"self":"https:\/\/deltaimage.de\/wp\/index.php?rest_route=\/tribe\/events\/v1\/categories\/3357","collection":"https:\/\/deltaimage.de\/wp\/index.php?rest_route=\/tribe\/events\/v1\/categories"}}],"tags":[{"name":"Ausstellung","slug":"ausstellung","term_group":0,"term_taxonomy_id":143,"taxonomy":"post_tag","description":"","parent":0,"count":13,"filter":"raw","id":142,"urls":{"self":"https:\/\/deltaimage.de\/wp\/index.php?rest_route=\/tribe\/events\/v1\/tags\/142","collection":"https:\/\/deltaimage.de\/wp\/index.php?rest_route=\/tribe\/events\/v1\/tags"}},{"name":"dachauer Forum","slug":"dachauer-forum","term_group":0,"term_taxonomy_id":3985,"taxonomy":"post_tag","description":"","parent":0,"count":3,"filter":"raw","id":3985,"urls":{"self":"https:\/\/deltaimage.de\/wp\/index.php?rest_route=\/tribe\/events\/v1\/tags\/3985","collection":"https:\/\/deltaimage.de\/wp\/index.php?rest_route=\/tribe\/events\/v1\/tags"}},{"name":"Dachauer Land","slug":"dachauer-land","term_group":0,"term_taxonomy_id":534,"taxonomy":"post_tag","description":"","parent":0,"count":66,"filter":"raw","id":530,"urls":{"self":"https:\/\/deltaimage.de\/wp\/index.php?rest_route=\/tribe\/events\/v1\/tags\/530","collection":"https:\/\/deltaimage.de\/wp\/index.php?rest_route=\/tribe\/events\/v1\/tags"}},{"name":"DELTA IMAGE Eigenverlag","slug":"delta-image-eigenverlag","term_group":0,"term_taxonomy_id":3399,"taxonomy":"post_tag","description":"","parent":0,"count":11,"filter":"raw","id":3399,"urls":{"self":"https:\/\/deltaimage.de\/wp\/index.php?rest_route=\/tribe\/events\/v1\/tags\/3399","collection":"https:\/\/deltaimage.de\/wp\/index.php?rest_route=\/tribe\/events\/v1\/tags"}},{"name":"Dr. Annegret Braun","slug":"dr-annegret-braun","term_group":0,"term_taxonomy_id":4092,"taxonomy":"post_tag","description":"","parent":0,"count":5,"filter":"raw","id":4092,"urls":{"self":"https:\/\/deltaimage.de\/wp\/index.php?rest_route=\/tribe\/events\/v1\/tags\/4092","collection":"https:\/\/deltaimage.de\/wp\/index.php?rest_route=\/tribe\/events\/v1\/tags"}},{"name":"Geschichtswerkstatt","slug":"geschichtswerkstatt","term_group":0,"term_taxonomy_id":4344,"taxonomy":"post_tag","description":"","parent":0,"count":2,"filter":"raw","id":4344,"urls":{"self":"https:\/\/deltaimage.de\/wp\/index.php?rest_route=\/tribe\/events\/v1\/tags\/4344","collection":"https:\/\/deltaimage.de\/wp\/index.php?rest_route=\/tribe\/events\/v1\/tags"}},{"name":"Heimatmuseum Karlsfeld","slug":"heimatmuseum-karlsfeld","term_group":0,"term_taxonomy_id":4345,"taxonomy":"post_tag","description":"","parent":0,"count":1,"filter":"raw","id":4345,"urls":{"self":"https:\/\/deltaimage.de\/wp\/index.php?rest_route=\/tribe\/events\/v1\/tags\/4345","collection":"https:\/\/deltaimage.de\/wp\/index.php?rest_route=\/tribe\/events\/v1\/tags"}},{"name":"Karlsfeld","slug":"karlsfeld","term_group":0,"term_taxonomy_id":2819,"taxonomy":"post_tag","description":"","parent":0,"count":8,"filter":"raw","id":2819,"urls":{"self":"https:\/\/deltaimage.de\/wp\/index.php?rest_route=\/tribe\/events\/v1\/tags\/2819","collection":"https:\/\/deltaimage.de\/wp\/index.php?rest_route=\/tribe\/events\/v1\/tags"}},{"name":"NaturWandel","slug":"naturwandel","term_group":0,"term_taxonomy_id":4090,"taxonomy":"post_tag","description":"","parent":0,"count":6,"filter":"raw","id":4090,"urls":{"self":"https:\/\/deltaimage.de\/wp\/index.php?rest_route=\/tribe\/events\/v1\/tags\/4090","collection":"https:\/\/deltaimage.de\/wp\/index.php?rest_route=\/tribe\/events\/v1\/tags"}}],"venue":{"id":52581,"author":"1","status":"publish","date":"2025-10-22 16:53:25","date_utc":"2025-10-22 14:53:25","modified":"2025-10-22 16:53:25","modified_utc":"2025-10-22 14:53:25","url":"https:\/\/deltaimage.de\/wp\/?tribe_venue=heimatmusum-karlsfeld","venue":"Heimatmusum Karlsfeld","slug":"heimatmusum-karlsfeld","address":"Gartenstra\u00dfe 6","city":"Karlsfeld","country":"Germany","province":"Bayern","zip":"85757","phone":"08131 99 286","website":"https:\/\/heimatmuseum-karlsfeld.de","stateprovince":"Bayern","show_map":true,"show_map_link":true,"global_id":"deltaimage.de\/wp?id=52581","global_id_lineage":["deltaimage.de\/wp?id=52581"]},"organizer":[{"id":46081,"author":"1","status":"publish","date":"2024-10-22 13:48:09","date_utc":"2024-10-22 11:48:09","modified":"2024-11-04 18:44:18","modified_utc":"2024-11-04 17:44:18","url":"https:\/\/deltaimage.de\/wp\/?tribe_organizer=dachauer-forum-e-v","organizer":"dachauer forum e.V.","description":"<div>Katholische Erwachsenenbildung<br \/>\nim Landkreis Dachau<\/div>\n<div>Ludwig-Ganghofer-Str. 4<br \/>\n85221 Dachau<\/div>\n<div>Telefon:\u00a0<a href=\"tel:00498131996880\">08131\/99688-0<\/a><br \/>\nE-Mail:\u00a0<a href=\"mailto:info@dachauer-forum.de\">info@dachauer-forum.de<\/a><\/div>\n<div><b>\u00d6ffnungszeiten<\/b><br \/>\nMo, Do: 9-12 Uhr und 13-16 Uhr<br \/>\nDi, Mi, Fr: 9-12 Uhr<\/div>","excerpt":"<p>Katholische Erwachsenenbildung<br \/>\nim Landkreis Dachau<br \/>\nLudwig-Ganghofer-Str. 4<br \/>\n85221 Dachau<br \/>\nTelefon: 08131\/99688-0<br \/>\nE-Mail: info@dachauer-forum.de<br \/>\n\u00d6ffnungszeiten<br \/>\nMo, Do: 9-12 Uhr und 13-16 Uhr<br \/>\nDi, Mi, Fr: 9-12 Uhr<\/p>","slug":"dachauer-forum-e-v","global_id":"deltaimage.de\/wp?id=46081","global_id_lineage":["deltaimage.de\/wp?id=46081"]}],"custom_fields":[]}],"rest_url":"https:\/\/deltaimage.de\/wp\/index.php?rest_route=%2Ftribe%2Fevents%2Fv1%2Fevents%2F&page=1&per_page=10&start_date=2026-04-26 00:00:00&end_date=2028-04-26 23:59:59&status=publish","total":1,"total_pages":1}