{"id":15210,"date":"2017-08-17T12:09:21","date_gmt":"2017-08-17T11:09:21","guid":{"rendered":"http:\/\/deltaimage.de\/wp\/?p=15210"},"modified":"2019-12-14T20:08:30","modified_gmt":"2019-12-14T19:08:30","slug":"interview-in-der-profiphoto-ausgabe-7-82017-zu-multicopter","status":"publish","type":"post","link":"https:\/\/deltaimage.de\/wp\/?p=15210","title":{"rendered":"Interview in der PROFIFOTO Ausgabe 7-8\/2017 zu Multicopter"},"content":{"rendered":"<p>In der Sommerausgabe von PROFIFOTO 7-8 ist eine Umfrage unter Multicopter Spezialisten in Interviewform. Paul Eschbach und DELTA IMAGE wurde dazu vom Redakteur zu den Ver\u00e4nderungen der neuen \u00c4nderungen in der LuftVO auf das Drohnenfliegen.<\/p>\n<p><a href=\"http:\/\/deltaimage.de\/wp\/?attachment_id=15211#main\" rel=\"attachment wp-att-15211\"><img data-recalc-dims=\"1\" loading=\"lazy\" decoding=\"async\" data-attachment-id=\"15211\" data-permalink=\"https:\/\/deltaimage.de\/wp\/?attachment_id=15211#main\" data-orig-file=\"https:\/\/i0.wp.com\/deltaimage.de\/wp\/wp-content\/uploads\/Titel_7-8_17_Shop.jpg?fit=300%2C390&amp;ssl=1\" data-orig-size=\"300,390\" data-comments-opened=\"0\" data-image-meta=\"{&quot;aperture&quot;:&quot;0&quot;,&quot;credit&quot;:&quot;&quot;,&quot;camera&quot;:&quot;&quot;,&quot;caption&quot;:&quot;&quot;,&quot;created_timestamp&quot;:&quot;0&quot;,&quot;copyright&quot;:&quot;&quot;,&quot;focal_length&quot;:&quot;0&quot;,&quot;iso&quot;:&quot;0&quot;,&quot;shutter_speed&quot;:&quot;0&quot;,&quot;title&quot;:&quot;&quot;,&quot;orientation&quot;:&quot;1&quot;}\" data-image-title=\"Titel_7-8_17_Shop\" data-image-description=\"\" data-image-caption=\"\" data-large-file=\"https:\/\/i0.wp.com\/deltaimage.de\/wp\/wp-content\/uploads\/Titel_7-8_17_Shop.jpg?fit=300%2C390&amp;ssl=1\" class=\"size-full wp-image-15211 aligncenter\" src=\"https:\/\/i0.wp.com\/deltaimage.de\/wp\/wp-content\/uploads\/Titel_7-8_17_Shop.jpg?resize=300%2C390\" alt=\"Titel_7-8_17_Shop\" width=\"300\" height=\"390\" srcset=\"https:\/\/i0.wp.com\/deltaimage.de\/wp\/wp-content\/uploads\/Titel_7-8_17_Shop.jpg?w=300&amp;ssl=1 300w, https:\/\/i0.wp.com\/deltaimage.de\/wp\/wp-content\/uploads\/Titel_7-8_17_Shop.jpg?resize=154%2C200&amp;ssl=1 154w, https:\/\/i0.wp.com\/deltaimage.de\/wp\/wp-content\/uploads\/Titel_7-8_17_Shop.jpg?resize=231%2C300&amp;ssl=1 231w\" sizes=\"auto, (max-width: 300px) 100vw, 300px\" \/><\/a><\/p>\n<p><!--more--><\/p>\n<h2>Drohnenfotografie &#8211; Der Blick von oben<\/h2>\n<p>Sehr sch\u00f6n im Kreis von anderen Experten der doch jungen Branche nach den pers\u00f6nlichen Sichtweisen und die Erfahrung und dem Einsatz der Drohnen f\u00fcr Foto und Video gefragt zu werden.<\/p>\n<p><a href=\"http:\/\/deltaimage.de\/wp\/?attachment_id=15212#main\" rel=\"attachment wp-att-15212\"><img data-recalc-dims=\"1\" loading=\"lazy\" decoding=\"async\" data-attachment-id=\"15212\" data-permalink=\"https:\/\/deltaimage.de\/wp\/?attachment_id=15212#main\" data-orig-file=\"https:\/\/i0.wp.com\/deltaimage.de\/wp\/wp-content\/uploads\/PE1S0001_900-1.jpg?fit=890%2C593&amp;ssl=1\" data-orig-size=\"890,593\" data-comments-opened=\"0\" data-image-meta=\"{&quot;aperture&quot;:&quot;4.5&quot;,&quot;credit&quot;:&quot;Paul Eschbach&quot;,&quot;camera&quot;:&quot;Canon EOS-1Ds Mark III&quot;,&quot;caption&quot;:&quot;&quot;,&quot;created_timestamp&quot;:&quot;1502972722&quot;,&quot;copyright&quot;:&quot;&quot;,&quot;focal_length&quot;:&quot;24&quot;,&quot;iso&quot;:&quot;800&quot;,&quot;shutter_speed&quot;:&quot;0.000625&quot;,&quot;title&quot;:&quot;&quot;,&quot;orientation&quot;:&quot;0&quot;}\" data-image-title=\"PE1S0001_900\" data-image-description=\"\" data-image-caption=\"\" data-large-file=\"https:\/\/i0.wp.com\/deltaimage.de\/wp\/wp-content\/uploads\/PE1S0001_900-1.jpg?fit=890%2C593&amp;ssl=1\" class=\"size-full wp-image-15212 aligncenter\" src=\"https:\/\/i0.wp.com\/deltaimage.de\/wp\/wp-content\/uploads\/PE1S0001_900-1.jpg?resize=890%2C593\" alt=\"PE1S0001_900\" width=\"890\" height=\"593\" srcset=\"https:\/\/i0.wp.com\/deltaimage.de\/wp\/wp-content\/uploads\/PE1S0001_900-1.jpg?w=890&amp;ssl=1 890w, https:\/\/i0.wp.com\/deltaimage.de\/wp\/wp-content\/uploads\/PE1S0001_900-1.jpg?resize=200%2C133&amp;ssl=1 200w, https:\/\/i0.wp.com\/deltaimage.de\/wp\/wp-content\/uploads\/PE1S0001_900-1.jpg?resize=300%2C200&amp;ssl=1 300w, https:\/\/i0.wp.com\/deltaimage.de\/wp\/wp-content\/uploads\/PE1S0001_900-1.jpg?resize=768%2C512&amp;ssl=1 768w, https:\/\/i0.wp.com\/deltaimage.de\/wp\/wp-content\/uploads\/PE1S0001_900-1.jpg?resize=675%2C450&amp;ssl=1 675w, https:\/\/i0.wp.com\/deltaimage.de\/wp\/wp-content\/uploads\/PE1S0001_900-1.jpg?resize=600%2C400&amp;ssl=1 600w\" sizes=\"auto, (max-width: 890px) 100vw, 890px\" \/><\/a><\/p>\n","protected":false},"excerpt":{"rendered":"<p>In der Sommerausgabe von PROFIFOTO 7-8 ist eine Umfrage unter Multicopter Spezialisten in Interviewform. Paul Eschbach und DELTA IMAGE wurde dazu vom Redakteur zu den Ver\u00e4nderungen der neuen \u00c4nderungen in [&hellip;]<\/p>\n","protected":false},"author":1,"featured_media":15213,"comment_status":"closed","ping_status":"closed","sticky":false,"template":"","format":"standard","meta":{"wpupg_custom_link":[],"wpupg_custom_link_behaviour":[],"wpupg_custom_link_nofollow":[],"wpupg_custom_image":[],"wpupg_custom_image_id":[],"jetpack_post_was_ever_published":false,"footnotes":""},"categories":[1189,8],"tags":[1153,324,105,1624,1625,1420,441,658,67,1138,1191],"class_list":["post-15210","post","type-post","status-publish","format-standard","has-post-thumbnail","hentry","category-buch","category-news","tag-delta-advice-gmbh","tag-delta-image","tag-drohne","tag-fachzeitschrift","tag-interview","tag-luftvo","tag-magazin","tag-multicopter","tag-paul-eschbach","tag-profifoto","tag-profifoto-edition"],"jetpack_featured_media_url":"https:\/\/i0.wp.com\/deltaimage.de\/wp\/wp-content\/uploads\/PE1S0004_1200.jpg?fit=1200%2C450&ssl=1","jetpack-related-posts":[{"id":18897,"url":"https:\/\/deltaimage.de\/wp\/?p=18897","url_meta":{"origin":15210,"position":0},"title":"Kenntnisnachweis f\u00fcr Multicopter (Drohnen) beim Oberstdorfer Fotogipfel gepr\u00fcft und bestanden","author":"EschbacP","date":"20. Juni 2018","format":false,"excerpt":"Im Rahmen des Oberstdorfer Fotogipfels haben wir zusammen mit dem Organisationsteam erstmalig die M\u00f6glichkeit geschaffen, dass Multicopter Piloten aus dem Oberallg\u00e4u hier vor Ort den Kenntnisnachweis zur steuern eines unbemannten Luftfahrtger\u00e4tes bis 150 kg ablegen k\u00f6nnen. Multicopter (Drohnen) \u00fcber 2 kg Abfluggewicht ben\u00f6tigen seit 1.Oktober 2017 einen in der LuftVO\u2026","rel":"","context":"In &quot;Multicopter \/ UAV&quot;","block_context":{"text":"Multicopter \/ UAV","link":"https:\/\/deltaimage.de\/wp\/?cat=849"},"img":{"alt_text":"","src":"https:\/\/i0.wp.com\/deltaimage.de\/wp\/wp-content\/uploads\/logo-Fotogipfel.png?resize=350%2C200&ssl=1","width":350,"height":200},"classes":[]},{"id":22427,"url":"https:\/\/deltaimage.de\/wp\/?p=22427","url_meta":{"origin":15210,"position":1},"title":"Multicopter \/ Drohnen Vorf\u00fchrung auf den Naturfototagen F\u00fcrstenfeld","author":"EschbacP","date":"26. August 2019","format":false,"excerpt":"Naturfotografie und der Einsatz von Multicopter \/ Drohnen \/ UAV geh\u00f6ren heute schon zum Standardequipment der Naturfotografen. Daher sind wir als UAV DACH e.V. - Verband f\u00fcr unbemannte Luftfahrt auch hier und engagieren uns mit einer eigenen UAV \/ Drohnen Kategorie bei den Glanzlichtern der Naturfotografie (GdN). Seit 4 Jahren\u2026","rel":"","context":"In &quot;Fotografie&quot;","block_context":{"text":"Fotografie","link":"https:\/\/deltaimage.de\/wp\/?cat=848"},"img":{"alt_text":"","src":"https:\/\/i0.wp.com\/deltaimage.de\/wp\/wp-content\/uploads\/YUN00068-Pano_1200.jpg?fit=1200%2C531&ssl=1&resize=350%2C200","width":350,"height":200,"srcset":"https:\/\/i0.wp.com\/deltaimage.de\/wp\/wp-content\/uploads\/YUN00068-Pano_1200.jpg?fit=1200%2C531&ssl=1&resize=350%2C200 1x, https:\/\/i0.wp.com\/deltaimage.de\/wp\/wp-content\/uploads\/YUN00068-Pano_1200.jpg?fit=1200%2C531&ssl=1&resize=525%2C300 1.5x, https:\/\/i0.wp.com\/deltaimage.de\/wp\/wp-content\/uploads\/YUN00068-Pano_1200.jpg?fit=1200%2C531&ssl=1&resize=700%2C400 2x, https:\/\/i0.wp.com\/deltaimage.de\/wp\/wp-content\/uploads\/YUN00068-Pano_1200.jpg?fit=1200%2C531&ssl=1&resize=1050%2C600 3x"},"classes":[]},{"id":29547,"url":"https:\/\/deltaimage.de\/wp\/?p=29547","url_meta":{"origin":15210,"position":2},"title":"S\u00fcddeutsche Zeitung: Naturfototage F\u00fcrstenfeldbruck 2021","author":"EschbacP","date":"2. August 2021","format":false,"excerpt":"Die Naturfototage F\u00fcrstenfeldbruck sind die gr\u00f6\u00dfte Naturfotoveranstaltung in S\u00fcddeutschland und dieses Jahr durch Corona bedingt, vermutlich auch die gr\u00f6\u00dfte in ganz Deutschland. Es trifft sich in F\u00fcrstenfeldbruck bei M\u00fcnchen die Naturfotobranche mit den bekannten Spitzen-FotografInnen, der Fotoindustrie, Dienstleistern, Reiseveranstaltern, Buchverlagen, Workshops zur Naturfotografie - und eigentlich allem was dazu geh\u00f6rt.\u2026","rel":"","context":"In &quot;Dachauer Moos&quot;","block_context":{"text":"Dachauer Moos","link":"https:\/\/deltaimage.de\/wp\/?cat=2523"},"img":{"alt_text":"","src":"https:\/\/i0.wp.com\/deltaimage.de\/wp\/wp-content\/uploads\/SZ-Naturfototage_Bild_2021.jpg?fit=1200%2C803&ssl=1&resize=350%2C200","width":350,"height":200,"srcset":"https:\/\/i0.wp.com\/deltaimage.de\/wp\/wp-content\/uploads\/SZ-Naturfototage_Bild_2021.jpg?fit=1200%2C803&ssl=1&resize=350%2C200 1x, https:\/\/i0.wp.com\/deltaimage.de\/wp\/wp-content\/uploads\/SZ-Naturfototage_Bild_2021.jpg?fit=1200%2C803&ssl=1&resize=525%2C300 1.5x, https:\/\/i0.wp.com\/deltaimage.de\/wp\/wp-content\/uploads\/SZ-Naturfototage_Bild_2021.jpg?fit=1200%2C803&ssl=1&resize=700%2C400 2x, https:\/\/i0.wp.com\/deltaimage.de\/wp\/wp-content\/uploads\/SZ-Naturfototage_Bild_2021.jpg?fit=1200%2C803&ssl=1&resize=1050%2C600 3x"},"classes":[]},{"id":25246,"url":"https:\/\/deltaimage.de\/wp\/?p=25246","url_meta":{"origin":15210,"position":3},"title":"F\u00fcrstenfelder Naturfototage &#8211; Nachlese &#8222;Der Workshop Multicopter-Fotografie&#8220;","author":"EschbacP","date":"27. Mai 2020","format":false,"excerpt":"Text und Bilder: projekt Natur & Fotografie - F\u00fcrstenfelder Naturfototage \u00a0 Der Workshop \"Multicopter-Fotografie - Die fliegende Kamera\" wird seit Jahren vom erfahrenen Luftbild-Fotografen Paul Eschbach geleitet. Zwei Tage lang wird den 8 Teilnehmern im Workshop das Basiswissen zur Drohnen-Fotografie vermittelt. In mehreren Stunden Flugpraxis werden die Teilnehmer an das\u2026","rel":"","context":"In &quot;Multicopter \/ UAV&quot;","block_context":{"text":"Multicopter \/ UAV","link":"https:\/\/deltaimage.de\/wp\/?cat=849"},"img":{"alt_text":"","src":"https:\/\/i0.wp.com\/deltaimage.de\/wp\/wp-content\/uploads\/YUN00116-Pano_1200.jpg?fit=1200%2C314&ssl=1&resize=350%2C200","width":350,"height":200,"srcset":"https:\/\/i0.wp.com\/deltaimage.de\/wp\/wp-content\/uploads\/YUN00116-Pano_1200.jpg?fit=1200%2C314&ssl=1&resize=350%2C200 1x, https:\/\/i0.wp.com\/deltaimage.de\/wp\/wp-content\/uploads\/YUN00116-Pano_1200.jpg?fit=1200%2C314&ssl=1&resize=525%2C300 1.5x, https:\/\/i0.wp.com\/deltaimage.de\/wp\/wp-content\/uploads\/YUN00116-Pano_1200.jpg?fit=1200%2C314&ssl=1&resize=700%2C400 2x, https:\/\/i0.wp.com\/deltaimage.de\/wp\/wp-content\/uploads\/YUN00116-Pano_1200.jpg?fit=1200%2C314&ssl=1&resize=1050%2C600 3x"},"classes":[]},{"id":14552,"url":"https:\/\/deltaimage.de\/wp\/?p=14552","url_meta":{"origin":15210,"position":4},"title":"&#8222;Die fliegende Kamera&#8220; &#8211; DELTA IMAGE Workshop am Oberstdorfer Fotogipfel 2017","author":"EschbacP","date":"13. Juni 2017","format":false,"excerpt":"Seit 2015 ist der Oberstdorfer Fotogipfel auch ein Multicopter & Drohnen Thema. Damals klein angefangen und die ersten Videos f\u00fcr den Fotogipfel mit dem Multicopter gedreht. \u00a0 Nun schon im zweiten Jahr die beliebten Multicopter Workshops \"Die fliegende Kamera\". Fotografen m\u00f6chten die ersten Schritte mit dieser neuen Technik machen und\u2026","rel":"","context":"In &quot;Fotografie&quot;","block_context":{"text":"Fotografie","link":"https:\/\/deltaimage.de\/wp\/?cat=848"},"img":{"alt_text":"","src":"https:\/\/i0.wp.com\/deltaimage.de\/wp\/wp-content\/uploads\/Obersdorf_2017_046_900.jpg?resize=350%2C200","width":350,"height":200,"srcset":"https:\/\/i0.wp.com\/deltaimage.de\/wp\/wp-content\/uploads\/Obersdorf_2017_046_900.jpg?resize=350%2C200 1x, https:\/\/i0.wp.com\/deltaimage.de\/wp\/wp-content\/uploads\/Obersdorf_2017_046_900.jpg?resize=525%2C300 1.5x, https:\/\/i0.wp.com\/deltaimage.de\/wp\/wp-content\/uploads\/Obersdorf_2017_046_900.jpg?resize=700%2C400 2x"},"classes":[]},{"id":18507,"url":"https:\/\/deltaimage.de\/wp\/?p=18507","url_meta":{"origin":15210,"position":5},"title":"Uiiihh! Auf der Titelseite einer Zeitung &#8230;","author":"EschbacP","date":"14. Mai 2018","format":false,"excerpt":".. ja nicht ganz vorne - aber immerhin auf der Regionalausgabe F\u00fcrstenfeldbruck. Fotos Pirchmoser@Foto Sessner GmbH \u00a0 S\u00fcddeutsche Zeitung Regionalteil F\u00fcrstenfeldbruck und Paul Eschbach Ein Anfang ist gemacht. Naturfototage F\u00fcrstenfeld und die \"fliegende Kamera\" Das Thema Multicopter & Drohne scheint sehr interessant zu sein. Die S\u00fcddeutsche Zeitung berichtet in der\u2026","rel":"","context":"In &quot;Naturfototage F\u00fcrstenfeld&quot;","block_context":{"text":"Naturfototage F\u00fcrstenfeld","link":"https:\/\/deltaimage.de\/wp\/?cat=1492"},"img":{"alt_text":"SZ_FFB_Naturfototage 2018","src":"https:\/\/i0.wp.com\/deltaimage.de\/wp\/wp-content\/uploads\/SZ_FFB_Naturfototage-2018.jpg?resize=350%2C200","width":350,"height":200,"srcset":"https:\/\/i0.wp.com\/deltaimage.de\/wp\/wp-content\/uploads\/SZ_FFB_Naturfototage-2018.jpg?resize=350%2C200 1x, https:\/\/i0.wp.com\/deltaimage.de\/wp\/wp-content\/uploads\/SZ_FFB_Naturfototage-2018.jpg?resize=525%2C300 1.5x, https:\/\/i0.wp.com\/deltaimage.de\/wp\/wp-content\/uploads\/SZ_FFB_Naturfototage-2018.jpg?resize=700%2C400 2x, https:\/\/i0.wp.com\/deltaimage.de\/wp\/wp-content\/uploads\/SZ_FFB_Naturfototage-2018.jpg?resize=1050%2C600 3x"},"classes":[]}],"jetpack_sharing_enabled":true,"_links":{"self":[{"href":"https:\/\/deltaimage.de\/wp\/index.php?rest_route=\/wp\/v2\/posts\/15210","targetHints":{"allow":["GET"]}}],"collection":[{"href":"https:\/\/deltaimage.de\/wp\/index.php?rest_route=\/wp\/v2\/posts"}],"about":[{"href":"https:\/\/deltaimage.de\/wp\/index.php?rest_route=\/wp\/v2\/types\/post"}],"author":[{"embeddable":true,"href":"https:\/\/deltaimage.de\/wp\/index.php?rest_route=\/wp\/v2\/users\/1"}],"replies":[{"embeddable":true,"href":"https:\/\/deltaimage.de\/wp\/index.php?rest_route=%2Fwp%2Fv2%2Fcomments&post=15210"}],"version-history":[{"count":5,"href":"https:\/\/deltaimage.de\/wp\/index.php?rest_route=\/wp\/v2\/posts\/15210\/revisions"}],"predecessor-version":[{"id":23837,"href":"https:\/\/deltaimage.de\/wp\/index.php?rest_route=\/wp\/v2\/posts\/15210\/revisions\/23837"}],"wp:featuredmedia":[{"embeddable":true,"href":"https:\/\/deltaimage.de\/wp\/index.php?rest_route=\/wp\/v2\/media\/15213"}],"wp:attachment":[{"href":"https:\/\/deltaimage.de\/wp\/index.php?rest_route=%2Fwp%2Fv2%2Fmedia&parent=15210"}],"wp:term":[{"taxonomy":"category","embeddable":true,"href":"https:\/\/deltaimage.de\/wp\/index.php?rest_route=%2Fwp%2Fv2%2Fcategories&post=15210"},{"taxonomy":"post_tag","embeddable":true,"href":"https:\/\/deltaimage.de\/wp\/index.php?rest_route=%2Fwp%2Fv2%2Ftags&post=15210"}],"curies":[{"name":"wp","href":"https:\/\/api.w.org\/{rel}","templated":true}]}}