{"id":19346,"date":"2018-07-10T21:13:28","date_gmt":"2018-07-10T20:13:28","guid":{"rendered":"http:\/\/bayerwaldteam.eu\/?p=1335"},"modified":"2025-08-17T18:04:43","modified_gmt":"2025-08-17T16:04:43","slug":"sternenhimmel-milchstrasse-und-die-monde-des-jupiter-im-nationalpark-bayerischer-wald","status":"publish","type":"post","link":"https:\/\/deltaimage.de\/wp\/?p=19346","title":{"rendered":"Sternenhimmel, Milchstra\u00dfe und die Monde des Jupiter im Nationalpark Bayerischer Wald"},"content":{"rendered":"<p>Im Sommer ist es eigentlich immer sch\u00f6n im Bayerischen Wald. In allen anderen Jahreszeiten ist es ebenso herrlich im Woid \u2013 da kann man eigentlich keine Unterschiede machen. Es gibt aber Lichtstimmungen, die sind schon ganz besonders und pr\u00e4gen sich \u00fcber die vielen Jahre auch ins Ged\u00e4chtnis ein.<\/p>\n<p><img data-recalc-dims=\"1\" loading=\"lazy\" decoding=\"async\" class=\"size-full wp-image-1337 aligncenter\" src=\"https:\/\/i0.wp.com\/deltaimage.de\/wp\/wp-content\/uploads\/sternenhimmel-milchstrasse-und-die-monde-des-jupiter-im-nationalpark-bayerischer-wald.jpg?resize=890%2C593\" alt=\"sternenhimmel milchstrasse und die monde des jupiter im nationalpark bayerischer wald\" width=\"890\" height=\"593\" \/><\/p>\n<p>Eine Nacht auf dem Gipfel des Gro\u00dfen Falkenstein \u2013 ab 2 Uhr in der lauen Sommernacht auf dem Gipfel sitzen und die herrliche Nacht im Woid und den ganz klaren Sternenhimmel betrachten \u2013 das erlebt man nicht alle Tage.<\/p>\n<p><!--more--><\/p>\n<p><span id=\"more-1335\"><\/span>Am Abend zuvor ging eine Front \u00fcber Ostbayern und der heftige Regen hat die Luft klar und reingewaschen. So war die Erwartung auf eine sternenklare Nacht, trotz des abnehmenden Mondes gegeben.<\/p>\n<p>&nbsp;<\/p>\n<h2>Um 2 Uhr raus aus der Schutzh\u00fctte und in die angenehm warme Sternennacht<\/h2>\n<p>F\u00fcr die Sternenfotografie ist der Nationalpark schon sehr gut geeignet. Weit und breit sind kaum Lichtquellen vorhanden und der Wald nach Norden, Osten und Westen ist nur Nationalpark \u2013 da ist kein Licht am Abendhimmel. Zwiesel als die n\u00e4chste gr\u00f6\u00dfere Stadt im Tal schl\u00e4ft in der Nacht.<\/p>\n<p><img data-recalc-dims=\"1\" loading=\"lazy\" decoding=\"async\" class=\"size-full wp-image-1343 aligncenter\" src=\"https:\/\/i0.wp.com\/deltaimage.de\/wp\/wp-content\/uploads\/sternenhimmel-milchstrasse-und-die-monde-des-jupiter-im-nationalpark-bayerischer-wald-1.jpg?resize=890%2C593\" alt=\"sternenhimmel milchstrasse und die monde des jupiter im nationalpark bayerischer wald\" width=\"890\" height=\"593\" \/><\/p>\n<p>Der Sternenhimmel in der Nacht am Firmament ist schon sehr beeindruckend. Der Kontrast zu dem Bergwald im Gipfelbereich gibt herrliche Kontraste gegen den dunklen Fichten- und Tannenwald. Dahinter zeichnet sich der Sternenhimmel mit der Milchstra\u00dfe ab.<\/p>\n<p>&nbsp;<\/p>\n<h2>Astrofotografie \u2013 das kann (fast) jeder<\/h2>\n<p>Die Ausr\u00fcstung ist einfacher als man vielleicht denkt \u2013 zumindest um solche einfachen Astrofotos als Teil einer Landschaftsfotografie unternehmen zu k\u00f6nnen.<\/p>\n<p><img data-recalc-dims=\"1\" loading=\"lazy\" decoding=\"async\" class=\"aligncenter wp-image-1339 size-full\" src=\"https:\/\/i0.wp.com\/deltaimage.de\/wp\/wp-content\/uploads\/sternenhimmel-milchstrasse-und-die-monde-des-jupiter-im-nationalpark-bayerischer-wald-2.jpg?resize=593%2C890\" alt=\"sternenhimmel milchstrasse und die monde des jupiter im nationalpark bayerischer wald\" width=\"593\" height=\"890\" \/><\/p>\n<p>Eine moderne DSLR oder Systemkamera erledigt die Aufgaben ganz hervorragend. W\u00e4hrend der dreht sich die Erde und die maximale Belichtungszeit, bei der noch keine sichtbaren Lichtspuren der Sterne auftreten begrenzt die M\u00f6glichkeiten und definiert die menge Licht die gesammelt werden muss. Je mehr Licht, desto besser und desto komfortabler das Fotografieren.<\/p>\n<ul>\n<li>ein Stativ wird unbedingt ben\u00f6tigt \u2013 es muss nicht besonders stabil sein , aber Qualit\u00e4t siegt im Zweifel<\/li>\n<li>eine Kamera (DSLR oder Systemkamera)<\/li>\n<li>ein Weitwinkelobjektiv \u2013 je k\u00fcrzer die Brennweite, desto besser, da man mehr Himmel vom Himmel aufzeichnen kann. Ich verwende das EF 16-35 L 2.8 USM am liebsten. Eine gro\u00dfe \u00d6ffnung l\u00e4sst mehr Licht auf den Sensor und verk\u00fcrzt die Belichtungszeit auf maximal 20 Sekunden.<\/li>\n<li>eine entsprechende ISO Zahl (Empfindlichkeit) ist notwendig,\u00a0 da sind Kameras mit gr\u00f6\u00dferen Sensoren im Vorteil. Ich verwende ISO bis 1600, das ergibt in den meisten F\u00e4llen mit Blende 2.9 eine entsprechend kure Belichtungszeit.<\/li>\n<li>Das Ausl\u00f6sen der Kamera sollte noch verwacklungsfrei m\u00f6glich sein \u2013 und dann kann man schon losziehen.<\/li>\n<\/ul>\n<p><img data-recalc-dims=\"1\" loading=\"lazy\" decoding=\"async\" data-attachment-id=\"19347\" data-permalink=\"https:\/\/deltaimage.de\/wp\/?attachment_id=19347#main\" data-orig-file=\"https:\/\/i0.wp.com\/deltaimage.de\/wp\/wp-content\/uploads\/sternenhimmel-milchstrasse-und-die-monde-des-jupiter-im-nationalpark-bayerischer-wald.jpg?fit=890%2C593&amp;ssl=1\" data-orig-size=\"890,593\" data-comments-opened=\"0\" data-image-meta=\"{&quot;aperture&quot;:&quot;2.8&quot;,&quot;credit&quot;:&quot;Paul Eschbach&quot;,&quot;camera&quot;:&quot;Canon EOS-1Ds Mark III&quot;,&quot;caption&quot;:&quot;&quot;,&quot;created_timestamp&quot;:&quot;1530925243&quot;,&quot;copyright&quot;:&quot;&quot;,&quot;focal_length&quot;:&quot;16&quot;,&quot;iso&quot;:&quot;1600&quot;,&quot;shutter_speed&quot;:&quot;30&quot;,&quot;title&quot;:&quot;&quot;,&quot;orientation&quot;:&quot;0&quot;}\" data-image-title=\"Sternenhimmel, Milchstra\u00dfe und die Monde des Jupiter im Nationalpark Bayerischer Wald\" data-image-description=\"\" data-image-caption=\"\" data-large-file=\"https:\/\/i0.wp.com\/deltaimage.de\/wp\/wp-content\/uploads\/sternenhimmel-milchstrasse-und-die-monde-des-jupiter-im-nationalpark-bayerischer-wald.jpg?fit=890%2C593&amp;ssl=1\" class=\"aligncenter size-full wp-image-19347\" src=\"https:\/\/i0.wp.com\/deltaimage.de\/wp\/wp-content\/uploads\/sternenhimmel-milchstrasse-und-die-monde-des-jupiter-im-nationalpark-bayerischer-wald.jpg?resize=890%2C593&#038;ssl=1\" alt=\"\" width=\"890\" height=\"593\" srcset=\"https:\/\/i0.wp.com\/deltaimage.de\/wp\/wp-content\/uploads\/sternenhimmel-milchstrasse-und-die-monde-des-jupiter-im-nationalpark-bayerischer-wald.jpg?w=890&amp;ssl=1 890w, https:\/\/i0.wp.com\/deltaimage.de\/wp\/wp-content\/uploads\/sternenhimmel-milchstrasse-und-die-monde-des-jupiter-im-nationalpark-bayerischer-wald.jpg?resize=200%2C133&amp;ssl=1 200w, https:\/\/i0.wp.com\/deltaimage.de\/wp\/wp-content\/uploads\/sternenhimmel-milchstrasse-und-die-monde-des-jupiter-im-nationalpark-bayerischer-wald.jpg?resize=300%2C200&amp;ssl=1 300w, https:\/\/i0.wp.com\/deltaimage.de\/wp\/wp-content\/uploads\/sternenhimmel-milchstrasse-und-die-monde-des-jupiter-im-nationalpark-bayerischer-wald.jpg?resize=675%2C450&amp;ssl=1 675w, https:\/\/i0.wp.com\/deltaimage.de\/wp\/wp-content\/uploads\/sternenhimmel-milchstrasse-und-die-monde-des-jupiter-im-nationalpark-bayerischer-wald.jpg?resize=600%2C400&amp;ssl=1 600w\" sizes=\"auto, (max-width: 890px) 100vw, 890px\" \/><\/p>\n","protected":false},"excerpt":{"rendered":"<p>Im Sommer ist es eigentlich immer sch\u00f6n im Bayerischen Wald. In allen anderen Jahreszeiten ist es ebenso herrlich im Woid \u2013 da kann man eigentlich keine Unterschiede machen. Es gibt [&hellip;]<\/p>\n","protected":false},"author":1,"featured_media":32251,"comment_status":"closed","ping_status":"closed","sticky":false,"template":"","format":"standard","meta":{"wpupg_custom_link":[],"wpupg_custom_link_behaviour":["default"],"wpupg_custom_link_nofollow":["default"],"wpupg_custom_image":[],"wpupg_custom_image_id":[],"jetpack_post_was_ever_published":false,"footnotes":""},"categories":[861,8],"tags":[595,594,1246,1061,1057,1052,1981,2204],"class_list":["post-19346","post","type-post","status-publish","format-standard","has-post-thumbnail","hentry","category-bayerwaldteam","category-news","tag-bayerischer-wald","tag-bayerwaldteam","tag-falkenstein","tag-grenzkamm","tag-milchstrasse","tag-nationalpark","tag-news-blog","tag-sternenhimmel"],"jetpack_featured_media_url":"https:\/\/i0.wp.com\/deltaimage.de\/wp\/wp-content\/uploads\/PE1S0162_1200.jpg?fit=1200%2C450&ssl=1","jetpack-related-posts":[{"id":29786,"url":"https:\/\/deltaimage.de\/wp\/?p=29786","url_meta":{"origin":19346,"position":0},"title":"Sternenfotografie im Nationalpark Bayerischer Wald w\u00e4hrend der Perseiden im August","author":"EschbacP","date":"17. August 2021","format":false,"excerpt":"In der zweiten Woche im August 2021 standen viele Bedingungen auf Gr\u00fcn: Das Wetter war f\u00fcr 6-7 Tage sehr gut und vor allem ohne Regen und Wolken Urlaub war m\u00f6glich Pandemiebedingungen erm\u00f6glichte ein gefahrloses Projekt Der Mond war am 8. August auf Neumond und versprach relativ dunkle Sternenn\u00e4chte mit einer\u2026","rel":"","context":"In &quot;BAYERWALDTEAM&quot;","block_context":{"text":"BAYERWALDTEAM","link":"https:\/\/deltaimage.de\/wp\/?cat=861"},"img":{"alt_text":"","src":"https:\/\/i0.wp.com\/deltaimage.de\/wp\/wp-content\/uploads\/PE5D2293_1200.jpg?fit=1200%2C450&ssl=1&resize=350%2C200","width":350,"height":200,"srcset":"https:\/\/i0.wp.com\/deltaimage.de\/wp\/wp-content\/uploads\/PE5D2293_1200.jpg?fit=1200%2C450&ssl=1&resize=350%2C200 1x, https:\/\/i0.wp.com\/deltaimage.de\/wp\/wp-content\/uploads\/PE5D2293_1200.jpg?fit=1200%2C450&ssl=1&resize=525%2C300 1.5x, https:\/\/i0.wp.com\/deltaimage.de\/wp\/wp-content\/uploads\/PE5D2293_1200.jpg?fit=1200%2C450&ssl=1&resize=700%2C400 2x, https:\/\/i0.wp.com\/deltaimage.de\/wp\/wp-content\/uploads\/PE5D2293_1200.jpg?fit=1200%2C450&ssl=1&resize=1050%2C600 3x"},"classes":[]},{"id":30114,"url":"https:\/\/deltaimage.de\/wp\/?p=30114","url_meta":{"origin":19346,"position":1},"title":"Unser erstes Foto im GEO Magazin","author":"EschbacP","date":"15. September 2021","format":false,"excerpt":"\"Unverhofft kommt doch oft.\" Eines Tages erhalte ich einen Anruf aus Hamburg - \"Hier ist das GEO Magazin\". Schluck - ist das etwa ein Scherz unter Fotografen-Freunden. Ein Bericht \u00fcber den Sternenpark im Nationalpark Bayerischer Wald ist in der Planung und dazu sucht die Redaktion ein passendes Foto. Nat\u00fcrlich wird\u2026","rel":"","context":"In &quot;BAYERWALDTEAM&quot;","block_context":{"text":"BAYERWALDTEAM","link":"https:\/\/deltaimage.de\/wp\/?cat=861"},"img":{"alt_text":"","src":"https:\/\/i0.wp.com\/deltaimage.de\/wp\/wp-content\/uploads\/IMG_3515_1200.jpg?fit=1200%2C450&ssl=1&resize=350%2C200","width":350,"height":200,"srcset":"https:\/\/i0.wp.com\/deltaimage.de\/wp\/wp-content\/uploads\/IMG_3515_1200.jpg?fit=1200%2C450&ssl=1&resize=350%2C200 1x, https:\/\/i0.wp.com\/deltaimage.de\/wp\/wp-content\/uploads\/IMG_3515_1200.jpg?fit=1200%2C450&ssl=1&resize=525%2C300 1.5x, https:\/\/i0.wp.com\/deltaimage.de\/wp\/wp-content\/uploads\/IMG_3515_1200.jpg?fit=1200%2C450&ssl=1&resize=700%2C400 2x, https:\/\/i0.wp.com\/deltaimage.de\/wp\/wp-content\/uploads\/IMG_3515_1200.jpg?fit=1200%2C450&ssl=1&resize=1050%2C600 3x"},"classes":[]},{"id":30112,"url":"https:\/\/deltaimage.de\/wp\/?p=30112","url_meta":{"origin":19346,"position":2},"title":"Einige Tage am Gro\u00dfen Falkenstein mit herrlichen Sternenfotos \u00fcber dem Nationalpark Bayerischer Wald","author":"EschbacP","date":"15. September 2021","format":false,"excerpt":"Im Bayerischen Wald tut sich etwas - etwas ganz Besonderes. Die Landschaft der beiden Nationalparke, dem Nationalpark Bayerischer Wald auf bayerischer Seite und der Nationalpark \u0160umava auf b\u00f6hmischer Seite ist ein gro\u00dfes und grenz\u00fcberschreitendes Wald und Naturgebiet. In vielen Regionen in Deutschland gibt es in den letzten Jahren verschiedene Initiativen,\u2026","rel":"","context":"In &quot;BAYERWALDTEAM&quot;","block_context":{"text":"BAYERWALDTEAM","link":"https:\/\/deltaimage.de\/wp\/?cat=861"},"img":{"alt_text":"","src":"https:\/\/i0.wp.com\/deltaimage.de\/wp\/wp-content\/uploads\/PE1S0174_1200.jpg?fit=1200%2C450&ssl=1&resize=350%2C200","width":350,"height":200,"srcset":"https:\/\/i0.wp.com\/deltaimage.de\/wp\/wp-content\/uploads\/PE1S0174_1200.jpg?fit=1200%2C450&ssl=1&resize=350%2C200 1x, https:\/\/i0.wp.com\/deltaimage.de\/wp\/wp-content\/uploads\/PE1S0174_1200.jpg?fit=1200%2C450&ssl=1&resize=525%2C300 1.5x, https:\/\/i0.wp.com\/deltaimage.de\/wp\/wp-content\/uploads\/PE1S0174_1200.jpg?fit=1200%2C450&ssl=1&resize=700%2C400 2x, https:\/\/i0.wp.com\/deltaimage.de\/wp\/wp-content\/uploads\/PE1S0174_1200.jpg?fit=1200%2C450&ssl=1&resize=1050%2C600 3x"},"classes":[]},{"id":34590,"url":"https:\/\/deltaimage.de\/wp\/?p=34590","url_meta":{"origin":19346,"position":3},"title":"Einige Tage am Gro\u00dfen Falkenstein mit herrlichen Sternenfotos \u00fcber dem Nationalpark Bayerischer Wald","author":"EschbacP","date":"3. Oktober 2021","format":false,"excerpt":"Im Bayerischen Wald tut sich etwas \u2013 etwas ganz Besonderes. Die Landschaft der beiden National parke, dem Nationalpark Bayerischer Wald auf bayerischer Seite und der Nationalpark \u0160umava auf b\u00f6hmischer Seite ist ein gro\u00dfes und grenz\u00fcberschreitendes Wald und Naturgebiet. In vielen Regionen in Deutschland gibt es in den letzten Jahren verschiedene\u2026","rel":"","context":"In &quot;BAYERWALDTEAM&quot;","block_context":{"text":"BAYERWALDTEAM","link":"https:\/\/deltaimage.de\/wp\/?cat=861"},"img":{"alt_text":"","src":"https:\/\/i0.wp.com\/deltaimage.de\/wp\/wp-content\/uploads\/PE1S5674_1200.jpg?fit=1200%2C450&ssl=1&resize=350%2C200","width":350,"height":200,"srcset":"https:\/\/i0.wp.com\/deltaimage.de\/wp\/wp-content\/uploads\/PE1S5674_1200.jpg?fit=1200%2C450&ssl=1&resize=350%2C200 1x, https:\/\/i0.wp.com\/deltaimage.de\/wp\/wp-content\/uploads\/PE1S5674_1200.jpg?fit=1200%2C450&ssl=1&resize=525%2C300 1.5x, https:\/\/i0.wp.com\/deltaimage.de\/wp\/wp-content\/uploads\/PE1S5674_1200.jpg?fit=1200%2C450&ssl=1&resize=700%2C400 2x, https:\/\/i0.wp.com\/deltaimage.de\/wp\/wp-content\/uploads\/PE1S5674_1200.jpg?fit=1200%2C450&ssl=1&resize=1050%2C600 3x"},"classes":[]},{"id":12006,"url":"https:\/\/deltaimage.de\/wp\/?p=12006","url_meta":{"origin":19346,"position":4},"title":"Vom Tummelplatz zur Milchstra\u00dfe &#8211; Nachthimmel im Nationalpark Bayerischer Wald","author":"EschbacP","date":"29. August 2016","format":false,"excerpt":"Am letzten Wochenende stand ganz Bayern im Einfluss der warmen Luftmassen aus der Sahara. Hei\u00dfe Hochsommertage und ein leer geputzter Himmel sagte der Wetterbericht voraus. Grund genug eine seit langer Zeit geplante ausf\u00fchrliche Wanderung im Nationalpark Bayerischer Wald anzugehen. Von Mauth aus l\u00e4sst sich der Lusen (1373 m \u00fc.N.N)\u00a0ganz anders\u2026","rel":"","context":"In &quot;BAYERWALDTEAM&quot;","block_context":{"text":"BAYERWALDTEAM","link":"https:\/\/deltaimage.de\/wp\/?cat=861"},"img":{"alt_text":"","src":"https:\/\/i0.wp.com\/deltaimage.de\/wp\/wp-content\/uploads\/PE1S0233.jpg?fit=1200%2C450&ssl=1&resize=350%2C200","width":350,"height":200,"srcset":"https:\/\/i0.wp.com\/deltaimage.de\/wp\/wp-content\/uploads\/PE1S0233.jpg?fit=1200%2C450&ssl=1&resize=350%2C200 1x, https:\/\/i0.wp.com\/deltaimage.de\/wp\/wp-content\/uploads\/PE1S0233.jpg?fit=1200%2C450&ssl=1&resize=525%2C300 1.5x, https:\/\/i0.wp.com\/deltaimage.de\/wp\/wp-content\/uploads\/PE1S0233.jpg?fit=1200%2C450&ssl=1&resize=700%2C400 2x, https:\/\/i0.wp.com\/deltaimage.de\/wp\/wp-content\/uploads\/PE1S0233.jpg?fit=1200%2C450&ssl=1&resize=1050%2C600 3x"},"classes":[]},{"id":29798,"url":"https:\/\/deltaimage.de\/wp\/?p=29798","url_meta":{"origin":19346,"position":5},"title":"BAYERWALDTEAM fotografiert wieder im Bayerischen Wald","author":"EschbacP","date":"17. August 2021","format":false,"excerpt":"Eine Woche im August 2021 \u2013 da passt alles zusammen und dann \u201emias ma naus in Woid\u201c zum Fotografieren in der Landschaft zwischen Donau und B\u00f6hmen. Die massiven Einschr\u00e4nkungen durch die Pandemie hatten die Pl\u00e4ne in 2020 und bis jetzt immer wieder durchkreuzt. Jetzt passt es. Die Rahmenbedingungen passen und\u2026","rel":"","context":"In &quot;BAYERWALDTEAM&quot;","block_context":{"text":"BAYERWALDTEAM","link":"https:\/\/deltaimage.de\/wp\/?cat=861"},"img":{"alt_text":"","src":"https:\/\/i0.wp.com\/deltaimage.de\/wp\/wp-content\/uploads\/PE1S0749_1200.jpg?fit=1200%2C450&ssl=1&resize=350%2C200","width":350,"height":200,"srcset":"https:\/\/i0.wp.com\/deltaimage.de\/wp\/wp-content\/uploads\/PE1S0749_1200.jpg?fit=1200%2C450&ssl=1&resize=350%2C200 1x, https:\/\/i0.wp.com\/deltaimage.de\/wp\/wp-content\/uploads\/PE1S0749_1200.jpg?fit=1200%2C450&ssl=1&resize=525%2C300 1.5x, https:\/\/i0.wp.com\/deltaimage.de\/wp\/wp-content\/uploads\/PE1S0749_1200.jpg?fit=1200%2C450&ssl=1&resize=700%2C400 2x, https:\/\/i0.wp.com\/deltaimage.de\/wp\/wp-content\/uploads\/PE1S0749_1200.jpg?fit=1200%2C450&ssl=1&resize=1050%2C600 3x"},"classes":[]}],"jetpack_sharing_enabled":true,"_links":{"self":[{"href":"https:\/\/deltaimage.de\/wp\/index.php?rest_route=\/wp\/v2\/posts\/19346","targetHints":{"allow":["GET"]}}],"collection":[{"href":"https:\/\/deltaimage.de\/wp\/index.php?rest_route=\/wp\/v2\/posts"}],"about":[{"href":"https:\/\/deltaimage.de\/wp\/index.php?rest_route=\/wp\/v2\/types\/post"}],"author":[{"embeddable":true,"href":"https:\/\/deltaimage.de\/wp\/index.php?rest_route=\/wp\/v2\/users\/1"}],"replies":[{"embeddable":true,"href":"https:\/\/deltaimage.de\/wp\/index.php?rest_route=%2Fwp%2Fv2%2Fcomments&post=19346"}],"version-history":[{"count":6,"href":"https:\/\/deltaimage.de\/wp\/index.php?rest_route=\/wp\/v2\/posts\/19346\/revisions"}],"predecessor-version":[{"id":50940,"href":"https:\/\/deltaimage.de\/wp\/index.php?rest_route=\/wp\/v2\/posts\/19346\/revisions\/50940"}],"wp:featuredmedia":[{"embeddable":true,"href":"https:\/\/deltaimage.de\/wp\/index.php?rest_route=\/wp\/v2\/media\/32251"}],"wp:attachment":[{"href":"https:\/\/deltaimage.de\/wp\/index.php?rest_route=%2Fwp%2Fv2%2Fmedia&parent=19346"}],"wp:term":[{"taxonomy":"category","embeddable":true,"href":"https:\/\/deltaimage.de\/wp\/index.php?rest_route=%2Fwp%2Fv2%2Fcategories&post=19346"},{"taxonomy":"post_tag","embeddable":true,"href":"https:\/\/deltaimage.de\/wp\/index.php?rest_route=%2Fwp%2Fv2%2Ftags&post=19346"}],"curies":[{"name":"wp","href":"https:\/\/api.w.org\/{rel}","templated":true}]}}