{"id":19979,"date":"2018-08-13T21:11:38","date_gmt":"2018-08-13T20:11:38","guid":{"rendered":"http:\/\/bayerwaldteam.eu\/?p=1394"},"modified":"2025-08-17T17:50:55","modified_gmt":"2025-08-17T15:50:55","slug":"grosser-arber-im-bayerischen-wald-im-luftbild","status":"publish","type":"post","link":"https:\/\/deltaimage.de\/wp\/?p=19979","title":{"rendered":"Gro\u00dfer Arber im Bayerischen Wald im Luftbild"},"content":{"rendered":"<p>Der K\u00f6nig des <strong>Bayerischen Waldes<\/strong> ist der Gro\u00dfe Arber. Mit 1456 m ist der Gro\u00dfe Arber der h\u00f6chste Berg der deutschen Mittelgebirge und der dominante Berg im Grenzkamm des <strong>Bayerischen Waldes<\/strong>.<\/p>\n<div id=\"attachment_1416\" class=\"wp-caption aligncenter\">\n<p><img data-recalc-dims=\"1\" loading=\"lazy\" decoding=\"async\" class=\"wp-image-1416 size-full\" src=\"https:\/\/i0.wp.com\/deltaimage.de\/wp\/wp-content\/uploads\/grosser-arber-im-bayerischen-wald-im-luftbild.jpg?resize=890%2C593\" alt=\"grosser arber im bayerischen wald im luftbild\" width=\"890\" height=\"593\" \/><\/p>\n<p>&nbsp;<\/p>\n<h2 class=\"wp-caption-text\">Gro\u00dfer Arber mit dem Gipfel des Kleinen Arber<\/h2>\n<\/div>\n<p><!--more--><\/p>\n<p><span id=\"more-1394\"><\/span>Wir sind mit dem UL Flugzeug in Arnbach und starten in EDNB auf der Piste 16 nach S\u00fcden und drehen dann nach Norden und \u00fcbersteigen den Kaitersberg. Am Ende des Lamer Winkels steht als W\u00e4chter des Lamer Winkels der Gro\u00dfe Arber. Mit dem UL umrunden wir das Massiv des gro\u00dfen Arbers und freuen uns \u00fcber die ersten Luftbilder im Bayerischen Wald.<\/p>\n<p><img data-recalc-dims=\"1\" loading=\"lazy\" decoding=\"async\" class=\"size-full wp-image-1418 aligncenter\" src=\"https:\/\/i0.wp.com\/deltaimage.de\/wp\/wp-content\/uploads\/grosser-arber-im-bayerischen-wald-im-luftbild-1.jpg?resize=890%2C593\" alt=\"grosser arber im bayerischen wald im luftbild\" width=\"890\" height=\"593\" \/><\/p>\n<p>&nbsp;<\/p>\n<h2>Endlose W\u00e4lder im gr\u00f6\u00dften zusammenh\u00e4ngenden Waldgebirge Mitteleuropas<\/h2>\n<p>Mich faszinierte schon fr\u00fcher der Blick von den vielen Berggipfeln und Felsnadeln am Grenzkamm. Dort sitzend schweift der Blick \u00fcber die endlosen W\u00e4lder im Grenzgebirge zwischen Bayern und B\u00f6hmen. Kaum f\u00e4llt der Blick auf die Zeichen unserer menschlichen Zivilisation, wie Stra\u00dfen, Siedlungen oder Industriegebiete. Lediglich die Radarkuppeln auf dem Gro\u00dfen Arber selbst sind die Zeichen unserer Kultur.<\/p>\n<div id=\"attachment_1409\" class=\"wp-caption alignnone\">\n<div id=\"attachment_1409\" style=\"width: 900px\" class=\"wp-caption aligncenter\"><img data-recalc-dims=\"1\" loading=\"lazy\" decoding=\"async\" aria-describedby=\"caption-attachment-1409\" class=\"wp-image-1409 size-full\" src=\"https:\/\/i0.wp.com\/deltaimage.de\/wp\/wp-content\/uploads\/grosser-arber-im-bayerischen-wald-im-luftbild-3.jpg?resize=890%2C593\" alt=\"grosser arber im bayerischen wald im luftbild\" width=\"890\" height=\"593\" \/><p id=\"caption-attachment-1409\" class=\"wp-caption-text\">Am Ende der Gebirgskette tront der Gro\u00dfe Arber. Davon der Enzian, Schwarzeck<\/p><\/div>\n<\/div>\n<h2><\/h2>\n<h2>Relikte der Eiszeit am Gro\u00dfen Arber-Massiv \u2013 Kleiner und Gro\u00dfer Arbersee<\/h2>\n<p>An den Nordflanken des Gro\u00dfen Arber liegen versteckt der Kleine Arbersee. Aus Lohberg erreicht man den kleinen Arbersee zu Fu\u00df oder mit dem Fahrrad im Naturschutzgebiet.<\/p>\n<p>Ein zauberhaftes Naturschutzgebiet umgibt den kleinen Arbersee mit seinen schwimmenden Inseln im See.<\/p>\n<p>&nbsp;<\/p>\n<h2>Geschundene Nordseite des Gro\u00dfen Arber f\u00fcr den Wintersport im Bayerischen Wald<\/h2>\n<p><img data-recalc-dims=\"1\" loading=\"lazy\" decoding=\"async\" class=\"size-full wp-image-1417 aligncenter\" src=\"https:\/\/i0.wp.com\/deltaimage.de\/wp\/wp-content\/uploads\/grosser-arber-im-bayerischen-wald-im-luftbild-4.jpg?resize=890%2C593\" alt=\"grosser arber im bayerischen wald im luftbild\" width=\"890\" height=\"593\" \/><\/p>\n<p>Beim Flug um den Gro\u00dfen Arber zeigt sich die Nordseite mit den inzwischen massiv ausgebauten Skiabfahrten und Liftschneisen f\u00fcr eine Weltcup-Abfahrt. Fr\u00fcher war der Gro\u00dfe Arber ein Garant f\u00fcr Schneesicherheit und damit f\u00fcr perfekten Wintersport im Nahbereich der Woidler. Trotz der H\u00f6he von 1.456 m ist die Schneesicherheit schon lange dahin.<\/p>\n<p><img data-recalc-dims=\"1\" loading=\"lazy\" decoding=\"async\" class=\"size-full wp-image-1414 aligncenter\" src=\"https:\/\/i0.wp.com\/deltaimage.de\/wp\/wp-content\/uploads\/grosser-arber-im-bayerischen-wald-im-luftbild-5.jpg?resize=890%2C593\" alt=\"grosser arber im bayerischen wald im luftbild\" width=\"890\" height=\"593\" \/><\/p>\n<p>&nbsp;<\/p>\n<h2>Auf Wiedersehen Gro\u00dfer Arber \u2013 Ich komme wieder zum Fotografieren<\/h2>\n<p>Ein sehr sch\u00f6ner Beginn der Luftbildfotografie im Bayerischen Wald \u2013 das soll nicht das letzte Mal gewesen sein. Gerade aus EDNB aus bieten sich Rundfl\u00fcge ganz hervorragend an.<\/p>\n<p><img data-recalc-dims=\"1\" loading=\"lazy\" decoding=\"async\" class=\"size-full wp-image-1407 aligncenter\" src=\"https:\/\/i0.wp.com\/deltaimage.de\/wp\/wp-content\/uploads\/grosser-arber-im-bayerischen-wald-im-luftbild-6.jpg?resize=890%2C593\" alt=\"grosser arber im bayerischen wald im luftbild\" width=\"890\" height=\"593\" \/><\/p>\n<blockquote>\n<pre>Servus im Bayerischen Wald!<\/pre>\n<\/blockquote>\n","protected":false},"excerpt":{"rendered":"<p>Der K\u00f6nig des Bayerischen Waldes ist der Gro\u00dfe Arber. Mit 1456 m ist der Gro\u00dfe Arber der h\u00f6chste Berg der deutschen Mittelgebirge und der dominante Berg im Grenzkamm des Bayerischen [&hellip;]<\/p>\n","protected":false},"author":1,"featured_media":0,"comment_status":"closed","ping_status":"closed","sticky":false,"template":"","format":"standard","meta":{"wpupg_custom_link":[],"wpupg_custom_link_behaviour":["default"],"wpupg_custom_link_nofollow":["default"],"wpupg_custom_image":[],"wpupg_custom_image_id":[],"jetpack_post_was_ever_published":false,"footnotes":""},"categories":[861,850,8],"tags":[595,594,1061,811,797,1981,197],"class_list":["post-19979","post","type-post","status-publish","format-standard","hentry","category-bayerwaldteam","category-luftbild","category-news","tag-bayerischer-wald","tag-bayerwaldteam","tag-grenzkamm","tag-grosser-arber","tag-luftbild","tag-news-blog","tag-sommer"],"jetpack_featured_media_url":"","jetpack-related-posts":[{"id":20092,"url":"https:\/\/deltaimage.de\/wp\/?p=20092","url_meta":{"origin":19979,"position":0},"title":"Kaitersberg im Bayerischen Wald im Luftbild","author":"EschbacP","date":"24. August 2018","format":false,"excerpt":"Der Kaitersberg im Bayerischen Wald ist eine Fortsetzung des gro\u00dfen Arber Massives nach Westen und trennt das Zellertal vom Lamer Winkel ab. Zu einem Flugplatzfest unserer Fliegerfreunde in Arnbruck am Fu\u00dfe des Kaitersberg flogen wir im August mit dem Eurofox (UL) von Oberschlei\u00dfheim nach Arnbruck. Auf dem R\u00fcckweg war uns\u2026","rel":"","context":"In &quot;BAYERWALDTEAM&quot;","block_context":{"text":"BAYERWALDTEAM","link":"https:\/\/deltaimage.de\/wp\/?cat=861"},"img":{"alt_text":"","src":"https:\/\/i0.wp.com\/deltaimage.de\/wp\/wp-content\/uploads\/kaitersberg-im-bayerischen-wald-im-luftbild.jpg?fit=890%2C593&ssl=1&resize=350%2C200","width":350,"height":200,"srcset":"https:\/\/i0.wp.com\/deltaimage.de\/wp\/wp-content\/uploads\/kaitersberg-im-bayerischen-wald-im-luftbild.jpg?fit=890%2C593&ssl=1&resize=350%2C200 1x, https:\/\/i0.wp.com\/deltaimage.de\/wp\/wp-content\/uploads\/kaitersberg-im-bayerischen-wald-im-luftbild.jpg?fit=890%2C593&ssl=1&resize=525%2C300 1.5x, https:\/\/i0.wp.com\/deltaimage.de\/wp\/wp-content\/uploads\/kaitersberg-im-bayerischen-wald-im-luftbild.jpg?fit=890%2C593&ssl=1&resize=700%2C400 2x"},"classes":[]},{"id":38836,"url":"https:\/\/deltaimage.de\/wp\/?p=38836","url_meta":{"origin":19979,"position":1},"title":"Fr\u00fch raus und den Sonnenaufgang am Gro\u00dfen Arber fotografisch genie\u00dfen","author":"EschbacP","date":"13. Februar 2023","format":false,"excerpt":"Das BAYERWALDTEAM verbringt sehr gerne die Zeit auf den Schutzh\u00fctten im Bayerischen Wald. Eine, oder mehrere N\u00e4chte auf den Gipfeln des Bayerischen Waldes sind immer wieder einmalige Erlebnisse und schafft f\u00fcr uns unvergleichbare Bildmotive. Wir nahmen uns unter der Woche drei Tage frei, um auch dem Ansturm am Wochenende zu\u2026","rel":"","context":"In &quot;BAYERWALDTEAM&quot;","block_context":{"text":"BAYERWALDTEAM","link":"https:\/\/deltaimage.de\/wp\/?cat=861"},"img":{"alt_text":"","src":"https:\/\/i0.wp.com\/deltaimage.de\/wp\/wp-content\/uploads\/PE1S2832_1200.jpg?fit=1200%2C450&ssl=1&resize=350%2C200","width":350,"height":200,"srcset":"https:\/\/i0.wp.com\/deltaimage.de\/wp\/wp-content\/uploads\/PE1S2832_1200.jpg?fit=1200%2C450&ssl=1&resize=350%2C200 1x, https:\/\/i0.wp.com\/deltaimage.de\/wp\/wp-content\/uploads\/PE1S2832_1200.jpg?fit=1200%2C450&ssl=1&resize=525%2C300 1.5x, https:\/\/i0.wp.com\/deltaimage.de\/wp\/wp-content\/uploads\/PE1S2832_1200.jpg?fit=1200%2C450&ssl=1&resize=700%2C400 2x, https:\/\/i0.wp.com\/deltaimage.de\/wp\/wp-content\/uploads\/PE1S2832_1200.jpg?fit=1200%2C450&ssl=1&resize=1050%2C600 3x"},"classes":[]},{"id":19989,"url":"https:\/\/deltaimage.de\/wp\/?p=19989","url_meta":{"origin":19979,"position":2},"title":"UL-Ausflug mit dem EUROFox in den Bayerischen Wald \u2013 CAVOK im Bayerischen Wald","author":"EschbacP","date":"16. August 2018","format":false,"excerpt":"Original des Berichtes von Josef Kobold auf www.ednx.de, mit freundlicher Genehmigung im Original \u00fcbernommen. Vorsto\u00df zu den Urspr\u00fcngen Flugfest auf dem Landeplatz Arnbruck im August 2018, Vorfeld, Hangars, Foto: PE Schon l\u00e4nger fachsimpelten Paul (Anmerkung der Redaktion: Paul Eschbach) und ich (Anmerkung der Redaktion: Josef Kobold) \u00fcber das Projekt Befliegung\u2026","rel":"","context":"In &quot;BAYERWALDTEAM&quot;","block_context":{"text":"BAYERWALDTEAM","link":"https:\/\/deltaimage.de\/wp\/?cat=861"},"img":{"alt_text":"","src":"https:\/\/i0.wp.com\/deltaimage.de\/wp\/wp-content\/uploads\/PE1S0335_1200.jpg?fit=1200%2C450&ssl=1&resize=350%2C200","width":350,"height":200,"srcset":"https:\/\/i0.wp.com\/deltaimage.de\/wp\/wp-content\/uploads\/PE1S0335_1200.jpg?fit=1200%2C450&ssl=1&resize=350%2C200 1x, https:\/\/i0.wp.com\/deltaimage.de\/wp\/wp-content\/uploads\/PE1S0335_1200.jpg?fit=1200%2C450&ssl=1&resize=525%2C300 1.5x, https:\/\/i0.wp.com\/deltaimage.de\/wp\/wp-content\/uploads\/PE1S0335_1200.jpg?fit=1200%2C450&ssl=1&resize=700%2C400 2x, https:\/\/i0.wp.com\/deltaimage.de\/wp\/wp-content\/uploads\/PE1S0335_1200.jpg?fit=1200%2C450&ssl=1&resize=1050%2C600 3x"},"classes":[]},{"id":9811,"url":"https:\/\/deltaimage.de\/wp\/?p=9811","url_meta":{"origin":19979,"position":3},"title":"Winter wie er fr\u00fcher einmal war &#8211; Gro\u00dfer Arber im Bayerischen Wald","author":"EschbacP","date":"18. Dezember 2015","format":false,"excerpt":"Mit wei\u00dfen Weihnachten wird es wohl dieses Jahr auch wieder nichts - so wie in allen Jahren zuvor. An einen sch\u00f6nen Winter werden sich die Kinder schon bald nicht mehr erinnern k\u00f6nnen. Waren die Winter schon immer so warm? Vor 25 Jahren, im Winter 1990\/1991 war ich das erste Mal\u2026","rel":"","context":"In &quot;BAYERWALDTEAM&quot;","block_context":{"text":"BAYERWALDTEAM","link":"https:\/\/deltaimage.de\/wp\/?cat=861"},"img":{"alt_text":"","src":"https:\/\/i0.wp.com\/deltaimage.de\/wp\/wp-content\/uploads\/ZY5M9496_1200.jpg?fit=1200%2C500&ssl=1&resize=350%2C200","width":350,"height":200,"srcset":"https:\/\/i0.wp.com\/deltaimage.de\/wp\/wp-content\/uploads\/ZY5M9496_1200.jpg?fit=1200%2C500&ssl=1&resize=350%2C200 1x, https:\/\/i0.wp.com\/deltaimage.de\/wp\/wp-content\/uploads\/ZY5M9496_1200.jpg?fit=1200%2C500&ssl=1&resize=525%2C300 1.5x, https:\/\/i0.wp.com\/deltaimage.de\/wp\/wp-content\/uploads\/ZY5M9496_1200.jpg?fit=1200%2C500&ssl=1&resize=700%2C400 2x, https:\/\/i0.wp.com\/deltaimage.de\/wp\/wp-content\/uploads\/ZY5M9496_1200.jpg?fit=1200%2C500&ssl=1&resize=1050%2C600 3x"},"classes":[]},{"id":21145,"url":"https:\/\/deltaimage.de\/wp\/?p=21145","url_meta":{"origin":19979,"position":4},"title":"Mit der Bayerischen Waldbahn durch den Bayerischen Wald im &#8222;Ausw\u00e4rts&#8220;","author":"EschbacP","date":"1. M\u00e4rz 2019","format":false,"excerpt":"Der \"Ausw\u00e4rts\" ist der \u00dcbergang vom Winter in den Fr\u00fchling. In dem schneereichen Waldgebirge des Bayerischen Waldes f\u00e4llt der \"Ausw\u00e4rts\" l\u00e4nger aus als im Flachland. Der Winter h\u00e4lt sich im Bayerischen Wald oft noch lange bis in den Mai hinein. Der Altschnee liegt noch gro\u00dffl\u00e4chig \u00fcber der Landschaft und die\u2026","rel":"","context":"In &quot;BAYERWALDTEAM&quot;","block_context":{"text":"BAYERWALDTEAM","link":"https:\/\/deltaimage.de\/wp\/?cat=861"},"img":{"alt_text":"","src":"https:\/\/i0.wp.com\/deltaimage.de\/wp\/wp-content\/uploads\/IMG_5462_1200.jpg?fit=1200%2C450&ssl=1&resize=350%2C200","width":350,"height":200,"srcset":"https:\/\/i0.wp.com\/deltaimage.de\/wp\/wp-content\/uploads\/IMG_5462_1200.jpg?fit=1200%2C450&ssl=1&resize=350%2C200 1x, https:\/\/i0.wp.com\/deltaimage.de\/wp\/wp-content\/uploads\/IMG_5462_1200.jpg?fit=1200%2C450&ssl=1&resize=525%2C300 1.5x, https:\/\/i0.wp.com\/deltaimage.de\/wp\/wp-content\/uploads\/IMG_5462_1200.jpg?fit=1200%2C450&ssl=1&resize=700%2C400 2x, https:\/\/i0.wp.com\/deltaimage.de\/wp\/wp-content\/uploads\/IMG_5462_1200.jpg?fit=1200%2C450&ssl=1&resize=1050%2C600 3x"},"classes":[]},{"id":29026,"url":"https:\/\/deltaimage.de\/wp\/?p=29026","url_meta":{"origin":19979,"position":5},"title":"BAYERWALDTEAM liefert den Bayerischen Wald im Gro\u00dfformat aus","author":"EschbacP","date":"18. Juni 2021","format":false,"excerpt":"Sachen gibt's, da freut man sich gleich zwei mal. Heute stehe ich im k\u00fchlen Keller in meinem Fotostudio und mache die letzten Arbeiten vor der Auslieferung von drei Gro\u00dfformatdrucken in den Abmessungen 90 x 60 cm mit Motiven aus dem Bayerischen Wald. \u00a0 Fr\u00fcher passten die Abz\u00fcge in die Hemdtasche\u2026","rel":"","context":"In &quot;BAYERWALDTEAM&quot;","block_context":{"text":"BAYERWALDTEAM","link":"https:\/\/deltaimage.de\/wp\/?cat=861"},"img":{"alt_text":"","src":"https:\/\/i0.wp.com\/deltaimage.de\/wp\/wp-content\/uploads\/IMG_3458_1200.jpg?fit=1200%2C450&ssl=1&resize=350%2C200","width":350,"height":200,"srcset":"https:\/\/i0.wp.com\/deltaimage.de\/wp\/wp-content\/uploads\/IMG_3458_1200.jpg?fit=1200%2C450&ssl=1&resize=350%2C200 1x, https:\/\/i0.wp.com\/deltaimage.de\/wp\/wp-content\/uploads\/IMG_3458_1200.jpg?fit=1200%2C450&ssl=1&resize=525%2C300 1.5x, https:\/\/i0.wp.com\/deltaimage.de\/wp\/wp-content\/uploads\/IMG_3458_1200.jpg?fit=1200%2C450&ssl=1&resize=700%2C400 2x, https:\/\/i0.wp.com\/deltaimage.de\/wp\/wp-content\/uploads\/IMG_3458_1200.jpg?fit=1200%2C450&ssl=1&resize=1050%2C600 3x"},"classes":[]}],"jetpack_sharing_enabled":true,"_links":{"self":[{"href":"https:\/\/deltaimage.de\/wp\/index.php?rest_route=\/wp\/v2\/posts\/19979","targetHints":{"allow":["GET"]}}],"collection":[{"href":"https:\/\/deltaimage.de\/wp\/index.php?rest_route=\/wp\/v2\/posts"}],"about":[{"href":"https:\/\/deltaimage.de\/wp\/index.php?rest_route=\/wp\/v2\/types\/post"}],"author":[{"embeddable":true,"href":"https:\/\/deltaimage.de\/wp\/index.php?rest_route=\/wp\/v2\/users\/1"}],"replies":[{"embeddable":true,"href":"https:\/\/deltaimage.de\/wp\/index.php?rest_route=%2Fwp%2Fv2%2Fcomments&post=19979"}],"version-history":[{"count":10,"href":"https:\/\/deltaimage.de\/wp\/index.php?rest_route=\/wp\/v2\/posts\/19979\/revisions"}],"predecessor-version":[{"id":50929,"href":"https:\/\/deltaimage.de\/wp\/index.php?rest_route=\/wp\/v2\/posts\/19979\/revisions\/50929"}],"wp:attachment":[{"href":"https:\/\/deltaimage.de\/wp\/index.php?rest_route=%2Fwp%2Fv2%2Fmedia&parent=19979"}],"wp:term":[{"taxonomy":"category","embeddable":true,"href":"https:\/\/deltaimage.de\/wp\/index.php?rest_route=%2Fwp%2Fv2%2Fcategories&post=19979"},{"taxonomy":"post_tag","embeddable":true,"href":"https:\/\/deltaimage.de\/wp\/index.php?rest_route=%2Fwp%2Fv2%2Ftags&post=19979"}],"curies":[{"name":"wp","href":"https:\/\/api.w.org\/{rel}","templated":true}]}}