{"id":21043,"date":"2019-01-30T11:43:33","date_gmt":"2019-01-30T10:43:33","guid":{"rendered":"http:\/\/deltaimage.de\/wp\/?p=21043"},"modified":"2025-08-17T18:46:37","modified_gmt":"2025-08-17T16:46:37","slug":"bayerwaldteam-im-profil-hubert-bauer-falkner","status":"publish","type":"post","link":"https:\/\/deltaimage.de\/wp\/?p=21043","title":{"rendered":"BAYERWALDTEAM im Profil &#8211; Hubert Bauer-Falkner"},"content":{"rendered":"<p><a href=\"https:\/\/bayerwaldteam.eu\"><img data-recalc-dims=\"1\" loading=\"lazy\" decoding=\"async\" data-attachment-id=\"35072\" data-permalink=\"https:\/\/deltaimage.de\/wp\/?attachment_id=35072#main\" data-orig-file=\"https:\/\/i0.wp.com\/deltaimage.de\/wp\/wp-content\/uploads\/BAYERWALDTEAM_150.jpg?fit=150%2C105&amp;ssl=1\" data-orig-size=\"150,105\" data-comments-opened=\"0\" data-image-meta=\"{&quot;aperture&quot;:&quot;0&quot;,&quot;credit&quot;:&quot;&quot;,&quot;camera&quot;:&quot;&quot;,&quot;caption&quot;:&quot;&quot;,&quot;created_timestamp&quot;:&quot;0&quot;,&quot;copyright&quot;:&quot;&quot;,&quot;focal_length&quot;:&quot;0&quot;,&quot;iso&quot;:&quot;0&quot;,&quot;shutter_speed&quot;:&quot;0&quot;,&quot;title&quot;:&quot;&quot;,&quot;orientation&quot;:&quot;1&quot;}\" data-image-title=\"BAYERWALDTEAM_150\" data-image-description=\"\" data-image-caption=\"\" data-large-file=\"https:\/\/i0.wp.com\/deltaimage.de\/wp\/wp-content\/uploads\/BAYERWALDTEAM_150.jpg?fit=150%2C105&amp;ssl=1\" class=\"alignright wp-image-35072 size-full\" src=\"https:\/\/i0.wp.com\/deltaimage.de\/wp\/wp-content\/uploads\/BAYERWALDTEAM_150.jpg?resize=150%2C105&#038;ssl=1\" alt=\"\" width=\"150\" height=\"105\" \/><\/a><br \/>\nFotografen mit viel Technik in herrlicher Winterlandschaft &#8211; eine sehr sch\u00f6ne Gelegenheit, sich im <strong>BAYERWALDTEAM<\/strong> auch mal selbst zu portraitieren.<\/p>\n<p><img data-recalc-dims=\"1\" loading=\"lazy\" decoding=\"async\" class=\"size-full wp-image-1610 aligncenter\" src=\"https:\/\/i0.wp.com\/bayerwaldteam.eu\/wp-content\/uploads\/2019\/01\/PE1S0085_900.jpg?resize=890%2C593\" alt=\"PES\" width=\"890\" height=\"593\" \/><\/p>\n<p>Die Winterlandschaft mit viel Schnee in der Landschaft ist aus fotografischer Sicht eine perfekte Studioumgebung. Das Licht wird von vielen Seiten reflektiert und die Schatten werden sehr sch\u00f6n aufgehellt. Das Ergebnis ist ein sehr sch\u00f6nes Portraitfoto.<br \/>\n<!--more--><\/p>\n<p><img data-recalc-dims=\"1\" loading=\"lazy\" decoding=\"async\" class=\"size-full wp-image-1599 aligncenter\" src=\"https:\/\/i0.wp.com\/bayerwaldteam.eu\/wp-content\/uploads\/2019\/01\/PE1S0131_900.jpg?resize=890%2C593\" alt=\"PES\" width=\"890\" height=\"593\" \/><\/p>\n<p>&nbsp;<\/p>\n","protected":false},"excerpt":{"rendered":"<p>Fotografen mit viel Technik in herrlicher Winterlandschaft &#8211; eine sehr sch\u00f6ne Gelegenheit, sich im BAYERWALDTEAM auch mal selbst zu portraitieren. Die Winterlandschaft mit viel Schnee in der Landschaft ist aus [&hellip;]<\/p>\n","protected":false},"author":1,"featured_media":21038,"comment_status":"closed","ping_status":"closed","sticky":false,"template":"","format":"standard","meta":{"wpupg_custom_link":[],"wpupg_custom_link_behaviour":["default"],"wpupg_custom_link_nofollow":["default"],"wpupg_custom_image":[],"wpupg_custom_image_id":[],"jetpack_post_was_ever_published":false,"footnotes":""},"categories":[861,8],"tags":[595,594,1892,452],"class_list":["post-21043","post","type-post","status-publish","format-standard","has-post-thumbnail","hentry","category-bayerwaldteam","category-news","tag-bayerischer-wald","tag-bayerwaldteam","tag-hubert-bauer-falkner","tag-winter"],"jetpack_featured_media_url":"https:\/\/i0.wp.com\/deltaimage.de\/wp\/wp-content\/uploads\/PE1S0081_1200-1.jpg?fit=1200%2C450&ssl=1","jetpack-related-posts":[{"id":42323,"url":"https:\/\/deltaimage.de\/wp\/?p=42323","url_meta":{"origin":21043,"position":0},"title":"Unser BAYERWALDTEAM ist um Hubert Bauer-Falkner \u00e4rmer","author":"EschbacP","date":"28. Dezember 2023","format":false,"excerpt":"Mein BAYERWALDTEAM-Partner Hubi ist eine Woche vor Weihnachten 2023 f\u00fcr immer von uns gegangen, unsere Partnerschaft und Freundschaft ist nun um ihn \u00e4rmer geworden. Eine schwere Krankheit hat Hubi mit Gottes F\u00fcgung, zu sich gerufen. Hubert Bauer -Falkner (\u2020) *15.5.1962\u00a0 \u202017.12.2023 Ein jeder Mensch hinterl\u00e4sst eine L\u00fccke auf Erden. Wenn\u2026","rel":"","context":"In &quot;BAYERWALDTEAM&quot;","block_context":{"text":"BAYERWALDTEAM","link":"https:\/\/deltaimage.de\/wp\/?cat=861"},"img":{"alt_text":"","src":"https:\/\/i0.wp.com\/deltaimage.de\/wp\/wp-content\/uploads\/PE1S0187_1200-1.jpg?fit=1200%2C450&ssl=1&resize=350%2C200","width":350,"height":200,"srcset":"https:\/\/i0.wp.com\/deltaimage.de\/wp\/wp-content\/uploads\/PE1S0187_1200-1.jpg?fit=1200%2C450&ssl=1&resize=350%2C200 1x, https:\/\/i0.wp.com\/deltaimage.de\/wp\/wp-content\/uploads\/PE1S0187_1200-1.jpg?fit=1200%2C450&ssl=1&resize=525%2C300 1.5x, https:\/\/i0.wp.com\/deltaimage.de\/wp\/wp-content\/uploads\/PE1S0187_1200-1.jpg?fit=1200%2C450&ssl=1&resize=700%2C400 2x, https:\/\/i0.wp.com\/deltaimage.de\/wp\/wp-content\/uploads\/PE1S0187_1200-1.jpg?fit=1200%2C450&ssl=1&resize=1050%2C600 3x"},"classes":[]},{"id":35055,"url":"https:\/\/deltaimage.de\/wp\/?p=35055","url_meta":{"origin":21043,"position":1},"title":"BAYERWALDTEAM &#8211; Hubert Bauer-Falkner unterwegs im Bayerischen Wald","author":"EschbacP","date":"13. Juli 2022","format":false,"excerpt":"Wieder einmal ein langes Wochenende gemeinsam im Bayerischen Wald unterwegs - im Juli sind die Tage meist hei\u00df - \u00fcber 30 \u00b0C. Da ist das Fotografieren in der Landschaft nicht einfach. Wir haben uns ein verl\u00e4ngertes Wochenende ausgesucht, an dem der Himmel viel bew\u00f6lkter ist. Daf\u00fcr fiel die Temperatur am\u2026","rel":"","context":"In &quot;BAYERWALDTEAM&quot;","block_context":{"text":"BAYERWALDTEAM","link":"https:\/\/deltaimage.de\/wp\/?cat=861"},"img":{"alt_text":"","src":"https:\/\/i0.wp.com\/deltaimage.de\/wp\/wp-content\/uploads\/PE1S1924_1200.jpg?fit=1200%2C450&ssl=1&resize=350%2C200","width":350,"height":200,"srcset":"https:\/\/i0.wp.com\/deltaimage.de\/wp\/wp-content\/uploads\/PE1S1924_1200.jpg?fit=1200%2C450&ssl=1&resize=350%2C200 1x, https:\/\/i0.wp.com\/deltaimage.de\/wp\/wp-content\/uploads\/PE1S1924_1200.jpg?fit=1200%2C450&ssl=1&resize=525%2C300 1.5x, https:\/\/i0.wp.com\/deltaimage.de\/wp\/wp-content\/uploads\/PE1S1924_1200.jpg?fit=1200%2C450&ssl=1&resize=700%2C400 2x, https:\/\/i0.wp.com\/deltaimage.de\/wp\/wp-content\/uploads\/PE1S1924_1200.jpg?fit=1200%2C450&ssl=1&resize=1050%2C600 3x"},"classes":[]},{"id":20097,"url":"https:\/\/deltaimage.de\/wp\/?p=20097","url_meta":{"origin":21043,"position":2},"title":"Der Jahreskreis im Bayerischen Wald \u2013 Kalender 2009 vom BAYERWALDTEAM","author":"EschbacP","date":"25. August 2018","format":false,"excerpt":"Der Jahreskreis im Bayerischen Wald begleitet die Menschen im Woid das ganze Jahr hindurch. Im Jahr 2009 war dies auch nicht nur so dahin gesagt. Der SSL Verlag brachte eine Kalenderproduktion mit Bildern vom BAYERWALDTEAM \u2013 Huber Bauer-Falkner f\u00fcr das ganze Jahr. Der Kalender d\u00fcrfte inzwischen von den W\u00e4nden der\u2026","rel":"","context":"In &quot;BAYERWALDTEAM&quot;","block_context":{"text":"BAYERWALDTEAM","link":"https:\/\/deltaimage.de\/wp\/?cat=861"},"img":{"alt_text":"","src":"https:\/\/i0.wp.com\/deltaimage.de\/wp\/wp-content\/uploads\/der-jahreskreis-im-bayerischen-wald-kalender-2009-vom-bayerwaldteam.jpg?fit=425%2C600&ssl=1&resize=350%2C200","width":350,"height":200},"classes":[]},{"id":23950,"url":"https:\/\/deltaimage.de\/wp\/?p=23950","url_meta":{"origin":21043,"position":3},"title":"BAYERWALDTEAM im Winterurlaub auf Foto-Streifzug","author":"EschbacP","date":"4. Januar 2020","format":false,"excerpt":"Ach wie sch\u00f6n. Ein paar Tage frei und im Team zusammen durch den Bayerischen Wald als Fotografen zu streifen. Der Wetterbericht hat das Wort Schnee ganz aus der t\u00e4glichen Vorhersage gestrichen. Kein Schnee, kein eigentlicher Winter in Sicht. Weder am Heiligen Abend, noch an Silvester. Inversionswetterlage \u00fcber Ober- und Niederbayern\u2026","rel":"","context":"In &quot;BAYERWALDTEAM&quot;","block_context":{"text":"BAYERWALDTEAM","link":"https:\/\/deltaimage.de\/wp\/?cat=861"},"img":{"alt_text":"","src":"https:\/\/i0.wp.com\/deltaimage.de\/wp\/wp-content\/uploads\/IMG_5341_1200.jpg?fit=1200%2C450&ssl=1&resize=350%2C200","width":350,"height":200,"srcset":"https:\/\/i0.wp.com\/deltaimage.de\/wp\/wp-content\/uploads\/IMG_5341_1200.jpg?fit=1200%2C450&ssl=1&resize=350%2C200 1x, https:\/\/i0.wp.com\/deltaimage.de\/wp\/wp-content\/uploads\/IMG_5341_1200.jpg?fit=1200%2C450&ssl=1&resize=525%2C300 1.5x, https:\/\/i0.wp.com\/deltaimage.de\/wp\/wp-content\/uploads\/IMG_5341_1200.jpg?fit=1200%2C450&ssl=1&resize=700%2C400 2x, https:\/\/i0.wp.com\/deltaimage.de\/wp\/wp-content\/uploads\/IMG_5341_1200.jpg?fit=1200%2C450&ssl=1&resize=1050%2C600 3x"},"classes":[]},{"id":21035,"url":"https:\/\/deltaimage.de\/wp\/?p=21035","url_meta":{"origin":21043,"position":4},"title":"BAYERWALDTEAM &#8211; Fotoeins\u00e4tze im Bayerischen Wald","author":"EschbacP","date":"30. Januar 2019","format":false,"excerpt":"Fotografie im Winter im Bayerischen Wald - alle Jahre wieder ein geliebtes Einsatzgebiet im BAYERWALDTEAM. \u00a0 Winter und Schnee - da muss der Fotograf auch zur Schneeschippe greifen \u00dcber Nacht kommt Schnee - viel Schnee. Der Bayerische Wald ist fr\u00fch morgens ein Winter-Wunderland und der Tag hat pl\u00f6tzlich andere Priorit\u00e4ten.\u2026","rel":"","context":"In &quot;BAYERWALDTEAM&quot;","block_context":{"text":"BAYERWALDTEAM","link":"https:\/\/deltaimage.de\/wp\/?cat=861"},"img":{"alt_text":"","src":"https:\/\/i0.wp.com\/deltaimage.de\/wp\/wp-content\/uploads\/PE1S0081_1200-1.jpg?fit=1200%2C450&ssl=1&resize=350%2C200","width":350,"height":200,"srcset":"https:\/\/i0.wp.com\/deltaimage.de\/wp\/wp-content\/uploads\/PE1S0081_1200-1.jpg?fit=1200%2C450&ssl=1&resize=350%2C200 1x, https:\/\/i0.wp.com\/deltaimage.de\/wp\/wp-content\/uploads\/PE1S0081_1200-1.jpg?fit=1200%2C450&ssl=1&resize=525%2C300 1.5x, https:\/\/i0.wp.com\/deltaimage.de\/wp\/wp-content\/uploads\/PE1S0081_1200-1.jpg?fit=1200%2C450&ssl=1&resize=700%2C400 2x, https:\/\/i0.wp.com\/deltaimage.de\/wp\/wp-content\/uploads\/PE1S0081_1200-1.jpg?fit=1200%2C450&ssl=1&resize=1050%2C600 3x"},"classes":[]},{"id":21049,"url":"https:\/\/deltaimage.de\/wp\/?p=21049","url_meta":{"origin":21043,"position":5},"title":"BAYERWALDTEAM im Profil \u2013 Paul Eschbach","author":"EschbacP","date":"30. Januar 2019","format":false,"excerpt":"Die Situation in der Natur ergibt die Gelegenheit f\u00fcr teaminterne Fotos. Das Profil ist hier auch sprichw\u00f6rtlich Ernst gemeint. Fotos: Hubert Bauer-Falkner Langzeitfotografie an der Wolfensteier Ohe mit Stativ \u2013 eine sch\u00f6ne Gelegenheit f\u00fcr ein Teamfoto.","rel":"","context":"In &quot;BAYERWALDTEAM&quot;","block_context":{"text":"BAYERWALDTEAM","link":"https:\/\/deltaimage.de\/wp\/?cat=861"},"img":{"alt_text":"","src":"https:\/\/i0.wp.com\/deltaimage.de\/wp\/wp-content\/uploads\/bayerwaldteam-im-profil-paul-eschbach.jpg?fit=890%2C593&ssl=1&resize=350%2C200","width":350,"height":200,"srcset":"https:\/\/i0.wp.com\/deltaimage.de\/wp\/wp-content\/uploads\/bayerwaldteam-im-profil-paul-eschbach.jpg?fit=890%2C593&ssl=1&resize=350%2C200 1x, https:\/\/i0.wp.com\/deltaimage.de\/wp\/wp-content\/uploads\/bayerwaldteam-im-profil-paul-eschbach.jpg?fit=890%2C593&ssl=1&resize=525%2C300 1.5x, https:\/\/i0.wp.com\/deltaimage.de\/wp\/wp-content\/uploads\/bayerwaldteam-im-profil-paul-eschbach.jpg?fit=890%2C593&ssl=1&resize=700%2C400 2x"},"classes":[]}],"jetpack_sharing_enabled":true,"_links":{"self":[{"href":"https:\/\/deltaimage.de\/wp\/index.php?rest_route=\/wp\/v2\/posts\/21043","targetHints":{"allow":["GET"]}}],"collection":[{"href":"https:\/\/deltaimage.de\/wp\/index.php?rest_route=\/wp\/v2\/posts"}],"about":[{"href":"https:\/\/deltaimage.de\/wp\/index.php?rest_route=\/wp\/v2\/types\/post"}],"author":[{"embeddable":true,"href":"https:\/\/deltaimage.de\/wp\/index.php?rest_route=\/wp\/v2\/users\/1"}],"replies":[{"embeddable":true,"href":"https:\/\/deltaimage.de\/wp\/index.php?rest_route=%2Fwp%2Fv2%2Fcomments&post=21043"}],"version-history":[{"count":6,"href":"https:\/\/deltaimage.de\/wp\/index.php?rest_route=\/wp\/v2\/posts\/21043\/revisions"}],"predecessor-version":[{"id":50980,"href":"https:\/\/deltaimage.de\/wp\/index.php?rest_route=\/wp\/v2\/posts\/21043\/revisions\/50980"}],"wp:featuredmedia":[{"embeddable":true,"href":"https:\/\/deltaimage.de\/wp\/index.php?rest_route=\/wp\/v2\/media\/21038"}],"wp:attachment":[{"href":"https:\/\/deltaimage.de\/wp\/index.php?rest_route=%2Fwp%2Fv2%2Fmedia&parent=21043"}],"wp:term":[{"taxonomy":"category","embeddable":true,"href":"https:\/\/deltaimage.de\/wp\/index.php?rest_route=%2Fwp%2Fv2%2Fcategories&post=21043"},{"taxonomy":"post_tag","embeddable":true,"href":"https:\/\/deltaimage.de\/wp\/index.php?rest_route=%2Fwp%2Fv2%2Ftags&post=21043"}],"curies":[{"name":"wp","href":"https:\/\/api.w.org\/{rel}","templated":true}]}}