{"id":21080,"date":"2019-01-31T16:39:11","date_gmt":"2019-01-31T15:39:11","guid":{"rendered":"http:\/\/deltaimage.de\/wp\/?p=21080"},"modified":"2025-08-17T18:46:46","modified_gmt":"2025-08-17T16:46:46","slug":"eis-kalt-zeit-im-bayerischen-wald-saussbachklamm-bei-waldkirchen","status":"publish","type":"post","link":"https:\/\/deltaimage.de\/wp\/?p=21080","title":{"rendered":"EIS-kalt-Zeit im Bayerischen Wald &#8211; Sau\u00dfbachklamm bei Waldkirchen"},"content":{"rendered":"<p><a href=\"https:\/\/bayerwaldteam.eu\"><img data-recalc-dims=\"1\" loading=\"lazy\" decoding=\"async\" data-attachment-id=\"35072\" data-permalink=\"https:\/\/deltaimage.de\/wp\/?attachment_id=35072#main\" data-orig-file=\"https:\/\/i0.wp.com\/deltaimage.de\/wp\/wp-content\/uploads\/BAYERWALDTEAM_150.jpg?fit=150%2C105&amp;ssl=1\" data-orig-size=\"150,105\" data-comments-opened=\"0\" data-image-meta=\"{&quot;aperture&quot;:&quot;0&quot;,&quot;credit&quot;:&quot;&quot;,&quot;camera&quot;:&quot;&quot;,&quot;caption&quot;:&quot;&quot;,&quot;created_timestamp&quot;:&quot;0&quot;,&quot;copyright&quot;:&quot;&quot;,&quot;focal_length&quot;:&quot;0&quot;,&quot;iso&quot;:&quot;0&quot;,&quot;shutter_speed&quot;:&quot;0&quot;,&quot;title&quot;:&quot;&quot;,&quot;orientation&quot;:&quot;1&quot;}\" data-image-title=\"BAYERWALDTEAM_150\" data-image-description=\"\" data-image-caption=\"\" data-large-file=\"https:\/\/i0.wp.com\/deltaimage.de\/wp\/wp-content\/uploads\/BAYERWALDTEAM_150.jpg?fit=150%2C105&amp;ssl=1\" class=\"alignright wp-image-35072 size-full\" src=\"https:\/\/i0.wp.com\/deltaimage.de\/wp\/wp-content\/uploads\/BAYERWALDTEAM_150.jpg?resize=150%2C105&#038;ssl=1\" alt=\"\" width=\"150\" height=\"105\" \/><\/a><br \/>\nDie sch\u00f6nsten Motive liegen sehr oft direkt vor der Haust\u00fcre.<\/p>\n<p><img data-recalc-dims=\"1\" loading=\"lazy\" decoding=\"async\" class=\"size-full wp-image-1634 aligncenter\" src=\"https:\/\/i0.wp.com\/bayerwaldteam.eu\/wp-content\/uploads\/2019\/01\/PE1S0194_900.jpg?resize=890%2C593\" alt=\"PES\" width=\"890\" height=\"593\" \/><\/p>\n<p>Von Hauzenberg nach Waldkirchen zur Sau\u00dfbach M\u00fchle ist es nur ein Katzensprung.<\/p>\n<p><!--more--><\/p>\n<p>&nbsp;<\/p>\n<h1>Sau\u00dfbachklamm &#8211; ein Biotop versorgte Waldkirchen mit Wasser<\/h1>\n<p>Die Sau\u00dfbachklamm versorgte die nahe Stadt Waldkirchen mit Wasser, Energie und Schutz f\u00fcr die Stadtbefestigung. Jetzt ist es ein wundersch\u00f6nes Biotop. Der Sau\u00dfbach darf \u00fcber ein wildromantisches Tal aus Granitsteinen sich den Weg zur Sau\u00dfbachm\u00fchle suchen.<\/p>\n<p>Wir folgen dem Bach auf seinem eisigen Lauf im Winter.<\/p>\n<p><img data-recalc-dims=\"1\" loading=\"lazy\" decoding=\"async\" class=\"size-full wp-image-1642 aligncenter\" src=\"https:\/\/i0.wp.com\/bayerwaldteam.eu\/wp-content\/uploads\/2019\/01\/PE1S0233_900.jpg?resize=890%2C593\" alt=\"PES\" width=\"890\" height=\"593\" \/><\/p>\n<p>Es reicht nur ein paar Tage kalt zu sein. Hier in der Klamm hat es einige Grad weniger als drau\u00dfen und so bilden sich sehr leicht die wundersch\u00f6nen Eiskristalle entlang des Flusslaufs.<\/p>\n<p>&nbsp;<\/p>\n<h1>EIS-Zeit am Sau\u00dfbach<\/h1>\n<p>Sch\u00f6ner k\u00f6nnt man auch in der Werkstatt die Kristalle aus Wasser und Eis nicht drechseln. Je nach Au\u00dfentemperatur gefrieren mehr oder weniger Wassertropfen an dem Eiskristall.<\/p>\n<p><img data-recalc-dims=\"1\" loading=\"lazy\" decoding=\"async\" class=\"size-full wp-image-1641 aligncenter\" src=\"https:\/\/i0.wp.com\/bayerwaldteam.eu\/wp-content\/uploads\/2019\/01\/PE1S0230_900.jpg?resize=890%2C593\" alt=\"PES\" width=\"890\" height=\"593\" \/><\/p>\n<p>&nbsp;<\/p>\n<h1>EIS-Orgel am Wildbach im Winter<\/h1>\n<p>An den eiskalten Tagen im Bayerischen Wald wachsen \u00fcberall die nat\u00fcrlichen Eisskulpturen und verwandeln die Winterlandschaft in eine Eislandschaft.<\/p>\n<blockquote>\n<pre>Dort wo viel Wasser ist, ist im eiskalten Winter auch viel Eis.<\/pre>\n<\/blockquote>\n<p><img data-recalc-dims=\"1\" loading=\"lazy\" decoding=\"async\" class=\"size-full wp-image-1640 aligncenter\" src=\"https:\/\/i0.wp.com\/bayerwaldteam.eu\/wp-content\/uploads\/2019\/01\/PE1S0228_900.jpg?resize=890%2C593\" alt=\"PES\" width=\"890\" height=\"593\" \/><\/p>\n<p>Eine kleine Stufe im Fels, zwischen den Steinen gen\u00fcgt schon, um gen\u00fcgend Wasser spritzen zu lassen. So bilden sich die filigranen Eiszapfen an allen Umgebungsobjekten und wachsen schnell der Schwerkraft entgegen.<\/p>\n<p>An dieser Schwelle m\u00f6chte man meinen, eine Orgel aus Eis steht bereit, dem Wildbach die passende Begleitmusik zu spendieren.<\/p>\n<p>&nbsp;<\/p>\n<h1>Die Suche nach der Sch\u00f6nheit in den kleinsten Details der Natur<\/h1>\n<p>Mag der Wanderer auch achtlos an dem kleinen Zweig vorbeigehen, der schon m\u00e4chtig unter dem Gewicht des Eispanzers und der Neuschnee-Auflage sich windet?<\/p>\n<p>F\u00fcr den Fotografen sind das die kleinen und feinen Motive in jeder Jahreszeit. Auf die Suche nach den kleinen Wunderwerken in Feld und Flur zu gehen, begeistert den Fotografen und den sp\u00e4teren Betrachter der Fotos.<\/p>\n<p><img data-recalc-dims=\"1\" loading=\"lazy\" decoding=\"async\" class=\"size-full wp-image-1636 aligncenter\" src=\"https:\/\/i0.wp.com\/bayerwaldteam.eu\/wp-content\/uploads\/2019\/01\/PE1S0210_900.jpg?resize=890%2C593\" alt=\"PES\" width=\"890\" height=\"593\" \/><\/p>\n<p>Der Betrachter wird in seinem Blick durch den engen Ausschnitt des Fotografen auf einen Blick in die Natur gezwungen. Ohne der Fokussierung durch den Fotografen sieht man zu viele Motive und verliert dabei den \u00dcberblick.<\/p>\n<blockquote>\n<pre>Naturfotografie bedeutet die Fokussierung auf Details<\/pre>\n<\/blockquote>\n<p>&nbsp;<\/p>\n<h1>Aus dem Tropfen geboren &#8211; zum fertigen Eiszapfen gewachsen<\/h1>\n<p>Ein zartes \u00c4stlein gen\u00fcgt \u00fcber dem Wildbach. Die ersten Wassertropfen finden daran Halt &#8211; oder auch nicht. Die K\u00e4lte l\u00e4sst den Tropfen schneller gefrieren als er selbst zu Boden fallen kann.<\/p>\n<blockquote>\n<pre>\u2026 und dann kommt schon der n\u00e4chste Tropfen angeflogen \u2026<\/pre>\n<\/blockquote>\n<p>Eigentlich ein einfacher und banaler Vorgang. In der Summe \u00fcber die Zeit ein Sch\u00f6pfungsprozess f\u00fcr die bizarr anmutenden Eiszapfen \u00fcber dem wild rauschenden Wildbach.<\/p>\n<p><img data-recalc-dims=\"1\" loading=\"lazy\" decoding=\"async\" class=\"size-full wp-image-1635 aligncenter\" src=\"https:\/\/i0.wp.com\/bayerwaldteam.eu\/wp-content\/uploads\/2019\/01\/PE1S0203_900.jpg?resize=890%2C593\" alt=\"PES\" width=\"890\" height=\"593\" \/><\/p>\n<p>&nbsp;<\/p>\n<h1>Gefrorene Zeit &#8211; Eiszeit im Wildbach<\/h1>\n<p>Der Wildbach flie\u00dft geschwind \u00fcber die Steinstufen des Sau\u00dfbachs. In der Langzeit-Komposition verwischen die Wellen und Strudel zu einem wei\u00dfen Wasserschleier zwischen den Steinen. Im Kontrast dazu stehen die Eiszapfen &#8211; nur \u00fcber die Zeit von Tagen und Stunden wachsend als Kristall mit eiskalter Sch\u00f6nheit.<\/p>\n<p><img data-recalc-dims=\"1\" loading=\"lazy\" decoding=\"async\" class=\"size-full wp-image-1633 aligncenter\" src=\"https:\/\/i0.wp.com\/bayerwaldteam.eu\/wp-content\/uploads\/2019\/01\/PE1S0193_900.jpg?resize=890%2C593\" alt=\"PES\" width=\"890\" height=\"593\" \/><\/p>\n<p>&nbsp;<\/p>\n","protected":false},"excerpt":{"rendered":"<p>Die sch\u00f6nsten Motive liegen sehr oft direkt vor der Haust\u00fcre. Von Hauzenberg nach Waldkirchen zur Sau\u00dfbach M\u00fchle ist es nur ein Katzensprung.<\/p>\n","protected":false},"author":1,"featured_media":21082,"comment_status":"closed","ping_status":"closed","sticky":false,"template":"","format":"standard","meta":{"wpupg_custom_link":[],"wpupg_custom_link_behaviour":["default"],"wpupg_custom_link_nofollow":["default"],"wpupg_custom_image":[],"wpupg_custom_image_id":[],"jetpack_post_was_ever_published":false,"footnotes":""},"categories":[861,8],"tags":[595,594,1216,2463,1210,2464,541,1885,639,452],"class_list":["post-21080","post","type-post","status-publish","format-standard","has-post-thumbnail","hentry","category-bayerwaldteam","category-news","tag-bayerischer-wald","tag-bayerwaldteam","tag-eis","tag-kalt","tag-klamm","tag-saussbachklamm","tag-schnee","tag-waldkirchen","tag-wasser","tag-winter"],"jetpack_featured_media_url":"https:\/\/i0.wp.com\/deltaimage.de\/wp\/wp-content\/uploads\/PE1S0211_1200.jpg?fit=1200%2C450&ssl=1","jetpack-related-posts":[{"id":38840,"url":"https:\/\/deltaimage.de\/wp\/?p=38840","url_meta":{"origin":21080,"position":0},"title":"Eis, Schnee, Wasser, Fels &#8211; die Zutaten im Bayerischen Wald f\u00fcr ein Wintermotiv","author":"EschbacP","date":"13. Februar 2023","format":false,"excerpt":"Nicht alle Tage sind mit Sonne und einer klaren Fernsicht auf die bekannten Berge am Grenzkamm zwischen Bayerischem Wald und B\u00f6hmerwald gesegnet. Fotografisch gesehen, Gott sei Dank! So blieben uns die vielen herrlichen Orte und Motive verborgen, die ebenso zu einem Winterausflug in den Bayerischen Wald geh\u00f6ren, wie die Fernsichten\u2026","rel":"","context":"In &quot;BAYERWALDTEAM&quot;","block_context":{"text":"BAYERWALDTEAM","link":"https:\/\/deltaimage.de\/wp\/?cat=861"},"img":{"alt_text":"","src":"https:\/\/i0.wp.com\/deltaimage.de\/wp\/wp-content\/uploads\/PE1S3088_1200.jpg?fit=1200%2C450&ssl=1&resize=350%2C200","width":350,"height":200,"srcset":"https:\/\/i0.wp.com\/deltaimage.de\/wp\/wp-content\/uploads\/PE1S3088_1200.jpg?fit=1200%2C450&ssl=1&resize=350%2C200 1x, https:\/\/i0.wp.com\/deltaimage.de\/wp\/wp-content\/uploads\/PE1S3088_1200.jpg?fit=1200%2C450&ssl=1&resize=525%2C300 1.5x, https:\/\/i0.wp.com\/deltaimage.de\/wp\/wp-content\/uploads\/PE1S3088_1200.jpg?fit=1200%2C450&ssl=1&resize=700%2C400 2x, https:\/\/i0.wp.com\/deltaimage.de\/wp\/wp-content\/uploads\/PE1S3088_1200.jpg?fit=1200%2C450&ssl=1&resize=1050%2C600 3x"},"classes":[]},{"id":13072,"url":"https:\/\/deltaimage.de\/wp\/?p=13072","url_meta":{"origin":21080,"position":1},"title":"Die Winterspiele im Bayerischen Wald k\u00f6nnen beginnen!","author":"EschbacP","date":"4. Januar 2017","format":false,"excerpt":"Die Winterspiele mit viel Schnee und Eis und kreativer Fotografie im Bayerwaldteam\u00a0im Winter des\u00a0Bayerischen Waldes k\u00f6nnen beginnen. Das Wetter passt, der Bayerische Wald ist tief im Winter versunken und eine unendliche Motivvielfalt steht uns zur Verf\u00fcgung - man muss nur die Motive des Winters entdecken und an die oft weit\u2026","rel":"","context":"In &quot;BAYERWALDTEAM&quot;","block_context":{"text":"BAYERWALDTEAM","link":"https:\/\/deltaimage.de\/wp\/?cat=861"},"img":{"alt_text":"","src":"https:\/\/i0.wp.com\/deltaimage.de\/wp\/wp-content\/uploads\/PE1S1684_1200.jpg?fit=1200%2C450&ssl=1&resize=350%2C200","width":350,"height":200,"srcset":"https:\/\/i0.wp.com\/deltaimage.de\/wp\/wp-content\/uploads\/PE1S1684_1200.jpg?fit=1200%2C450&ssl=1&resize=350%2C200 1x, https:\/\/i0.wp.com\/deltaimage.de\/wp\/wp-content\/uploads\/PE1S1684_1200.jpg?fit=1200%2C450&ssl=1&resize=525%2C300 1.5x, https:\/\/i0.wp.com\/deltaimage.de\/wp\/wp-content\/uploads\/PE1S1684_1200.jpg?fit=1200%2C450&ssl=1&resize=700%2C400 2x, https:\/\/i0.wp.com\/deltaimage.de\/wp\/wp-content\/uploads\/PE1S1684_1200.jpg?fit=1200%2C450&ssl=1&resize=1050%2C600 3x"},"classes":[]},{"id":24231,"url":"https:\/\/deltaimage.de\/wp\/?p=24231","url_meta":{"origin":21080,"position":2},"title":"Wasserkraft im Bayerischen Wald \u2013 Idylle eines \u201aLost Places\u2018","author":"EschbacP","date":"8. Januar 2020","format":false,"excerpt":"Seit 30 Jahren als Fotograf im Bayerischen Wald unterwegs, seit 30 Jahren in der Energiewirtschaft zu Hause - wie l\u00e4sst sich das kombinieren? In einer winterlichen Wanderung am Sau\u00dfbach, s\u00fcdlich von Freyung im Bayerischen Wald, verbinden sich die beiden Elemente aufs Vorz\u00fcglichste. Eigentlich wollten wir nur den Sau\u00dfbach fotografieren Der\u2026","rel":"","context":"In &quot;BAYERWALDTEAM&quot;","block_context":{"text":"BAYERWALDTEAM","link":"https:\/\/deltaimage.de\/wp\/?cat=861"},"img":{"alt_text":"","src":"https:\/\/i0.wp.com\/deltaimage.de\/wp\/wp-content\/uploads\/wasserkraft-im-bayerischen-wald-idylle-eines-lost-places.jpg?fit=890%2C593&ssl=1&resize=350%2C200","width":350,"height":200,"srcset":"https:\/\/i0.wp.com\/deltaimage.de\/wp\/wp-content\/uploads\/wasserkraft-im-bayerischen-wald-idylle-eines-lost-places.jpg?fit=890%2C593&ssl=1&resize=350%2C200 1x, https:\/\/i0.wp.com\/deltaimage.de\/wp\/wp-content\/uploads\/wasserkraft-im-bayerischen-wald-idylle-eines-lost-places.jpg?fit=890%2C593&ssl=1&resize=525%2C300 1.5x, https:\/\/i0.wp.com\/deltaimage.de\/wp\/wp-content\/uploads\/wasserkraft-im-bayerischen-wald-idylle-eines-lost-places.jpg?fit=890%2C593&ssl=1&resize=700%2C400 2x"},"classes":[]},{"id":24233,"url":"https:\/\/deltaimage.de\/wp\/?p=24233","url_meta":{"origin":21080,"position":3},"title":"Winter im Bayerischen Wald an den hundert kleinen Bachl\u00e4ufen","author":"EschbacP","date":"8. Januar 2020","format":false,"excerpt":"Zum Jahreswechsel steht die Sonne auch Mittags nicht h\u00f6her als 18,3 Grad \u00fcber dem Horizont. Die tief stehende Sonne bringt auch Mittags noch relativ warmes Licht und tiefe k\u00fchle Schatten in die Gebirgslandschaft des Bayerischen Waldes. K\u00f6nnen wir dies als Fotomotiv nutzen und umsetzen? Ja. Auch wenn dies nicht den\u2026","rel":"","context":"In &quot;BAYERWALDTEAM&quot;","block_context":{"text":"BAYERWALDTEAM","link":"https:\/\/deltaimage.de\/wp\/?cat=861"},"img":{"alt_text":"","src":"https:\/\/i0.wp.com\/deltaimage.de\/wp\/wp-content\/uploads\/winter-im-bayerischen-wald-an-den-hundert-kleinen-bachlaeufen.jpg?fit=890%2C593&ssl=1&resize=350%2C200","width":350,"height":200,"srcset":"https:\/\/i0.wp.com\/deltaimage.de\/wp\/wp-content\/uploads\/winter-im-bayerischen-wald-an-den-hundert-kleinen-bachlaeufen.jpg?fit=890%2C593&ssl=1&resize=350%2C200 1x, https:\/\/i0.wp.com\/deltaimage.de\/wp\/wp-content\/uploads\/winter-im-bayerischen-wald-an-den-hundert-kleinen-bachlaeufen.jpg?fit=890%2C593&ssl=1&resize=525%2C300 1.5x, https:\/\/i0.wp.com\/deltaimage.de\/wp\/wp-content\/uploads\/winter-im-bayerischen-wald-an-den-hundert-kleinen-bachlaeufen.jpg?fit=890%2C593&ssl=1&resize=700%2C400 2x"},"classes":[]},{"id":12460,"url":"https:\/\/deltaimage.de\/wp\/?p=12460","url_meta":{"origin":21080,"position":4},"title":"Unser Herbstausflug in den Bayerischen Wald &#8211; BAYERWALDTEAM auf Schusters Rappen unterwegs","author":"EschbacP","date":"9. November 2016","format":false,"excerpt":"Der Herbst zeigte sich schon einige Tage an den Wochenenden von der sch\u00f6nsten Seite, der Wetterbericht sagte aber genau dann oft schlechtes Wetter voraus, oder der Terminplan sah andere Verpflichtungen vor. So geht eine Woche nach der anderen ins Land und der lange geplante Herbstausflug muss warten. Anfang November ist\u2026","rel":"","context":"In &quot;BAYERWALDTEAM&quot;","block_context":{"text":"BAYERWALDTEAM","link":"https:\/\/deltaimage.de\/wp\/?cat=861"},"img":{"alt_text":"","src":"https:\/\/i0.wp.com\/deltaimage.de\/wp\/wp-content\/uploads\/PE1S0577_1200.jpg?fit=1200%2C450&ssl=1&resize=350%2C200","width":350,"height":200,"srcset":"https:\/\/i0.wp.com\/deltaimage.de\/wp\/wp-content\/uploads\/PE1S0577_1200.jpg?fit=1200%2C450&ssl=1&resize=350%2C200 1x, https:\/\/i0.wp.com\/deltaimage.de\/wp\/wp-content\/uploads\/PE1S0577_1200.jpg?fit=1200%2C450&ssl=1&resize=525%2C300 1.5x, https:\/\/i0.wp.com\/deltaimage.de\/wp\/wp-content\/uploads\/PE1S0577_1200.jpg?fit=1200%2C450&ssl=1&resize=700%2C400 2x, https:\/\/i0.wp.com\/deltaimage.de\/wp\/wp-content\/uploads\/PE1S0577_1200.jpg?fit=1200%2C450&ssl=1&resize=1050%2C600 3x"},"classes":[]},{"id":11693,"url":"https:\/\/deltaimage.de\/wp\/?p=11693","url_meta":{"origin":21080,"position":5},"title":"Foto Walk in den Leiten (Klamm) des Bayerischen Waldes &#8211; Landschaftsfotografie der langsamen Art","author":"EschbacP","date":"22. Juli 2016","format":false,"excerpt":"Bei sch\u00f6nem Wetter gibt es fast nichts sch\u00f6neres als auf den Gipfeln des Bayerischen Waldes zu stehen und die grenzenlose Weite der W\u00e4lder im bayerisch - b\u00f6hmischen Grenzgebirge zu sehen und zu fotografieren. Von den Gipfeln ohne Bergbahn, wie dem Falkenstein oder dem Osser kann man in den T\u00e4lern nur\u2026","rel":"","context":"In &quot;BAYERWALDTEAM&quot;","block_context":{"text":"BAYERWALDTEAM","link":"https:\/\/deltaimage.de\/wp\/?cat=861"},"img":{"alt_text":"","src":"https:\/\/i0.wp.com\/deltaimage.de\/wp\/wp-content\/uploads\/IMG_4093_1200.jpg?fit=1200%2C450&ssl=1&resize=350%2C200","width":350,"height":200,"srcset":"https:\/\/i0.wp.com\/deltaimage.de\/wp\/wp-content\/uploads\/IMG_4093_1200.jpg?fit=1200%2C450&ssl=1&resize=350%2C200 1x, https:\/\/i0.wp.com\/deltaimage.de\/wp\/wp-content\/uploads\/IMG_4093_1200.jpg?fit=1200%2C450&ssl=1&resize=525%2C300 1.5x, https:\/\/i0.wp.com\/deltaimage.de\/wp\/wp-content\/uploads\/IMG_4093_1200.jpg?fit=1200%2C450&ssl=1&resize=700%2C400 2x, https:\/\/i0.wp.com\/deltaimage.de\/wp\/wp-content\/uploads\/IMG_4093_1200.jpg?fit=1200%2C450&ssl=1&resize=1050%2C600 3x"},"classes":[]}],"jetpack_sharing_enabled":true,"_links":{"self":[{"href":"https:\/\/deltaimage.de\/wp\/index.php?rest_route=\/wp\/v2\/posts\/21080","targetHints":{"allow":["GET"]}}],"collection":[{"href":"https:\/\/deltaimage.de\/wp\/index.php?rest_route=\/wp\/v2\/posts"}],"about":[{"href":"https:\/\/deltaimage.de\/wp\/index.php?rest_route=\/wp\/v2\/types\/post"}],"author":[{"embeddable":true,"href":"https:\/\/deltaimage.de\/wp\/index.php?rest_route=\/wp\/v2\/users\/1"}],"replies":[{"embeddable":true,"href":"https:\/\/deltaimage.de\/wp\/index.php?rest_route=%2Fwp%2Fv2%2Fcomments&post=21080"}],"version-history":[{"count":7,"href":"https:\/\/deltaimage.de\/wp\/index.php?rest_route=\/wp\/v2\/posts\/21080\/revisions"}],"predecessor-version":[{"id":50981,"href":"https:\/\/deltaimage.de\/wp\/index.php?rest_route=\/wp\/v2\/posts\/21080\/revisions\/50981"}],"wp:featuredmedia":[{"embeddable":true,"href":"https:\/\/deltaimage.de\/wp\/index.php?rest_route=\/wp\/v2\/media\/21082"}],"wp:attachment":[{"href":"https:\/\/deltaimage.de\/wp\/index.php?rest_route=%2Fwp%2Fv2%2Fmedia&parent=21080"}],"wp:term":[{"taxonomy":"category","embeddable":true,"href":"https:\/\/deltaimage.de\/wp\/index.php?rest_route=%2Fwp%2Fv2%2Fcategories&post=21080"},{"taxonomy":"post_tag","embeddable":true,"href":"https:\/\/deltaimage.de\/wp\/index.php?rest_route=%2Fwp%2Fv2%2Ftags&post=21080"}],"curies":[{"name":"wp","href":"https:\/\/api.w.org\/{rel}","templated":true}]}}