{"id":21847,"date":"2019-06-05T17:26:52","date_gmt":"2019-06-05T16:26:52","guid":{"rendered":"http:\/\/bayerwaldteam.eu\/?p=1728"},"modified":"2025-08-17T21:40:56","modified_gmt":"2025-08-17T19:40:56","slug":"prager-kleinseite-und-altstaedter-ring-kleinode-im-schatten-der-prager-burg","status":"publish","type":"post","link":"https:\/\/deltaimage.de\/wp\/?p=21847","title":{"rendered":"Prager Kleinseite und Altst\u00e4dter Ring \u2013 Kleinode im Schatten der Prager Burg"},"content":{"rendered":"<p><img data-recalc-dims=\"1\" loading=\"lazy\" decoding=\"async\" data-attachment-id=\"10582\" data-permalink=\"https:\/\/deltaimage.de\/wp\/?attachment_id=10582#main\" data-orig-file=\"https:\/\/i0.wp.com\/deltaimage.de\/wp\/wp-content\/uploads\/BAYERWALDTEAM_neu.jpg?fit=1546%2C1085&amp;ssl=1\" data-orig-size=\"1546,1085\" data-comments-opened=\"0\" data-image-meta=\"{&quot;aperture&quot;:&quot;0&quot;,&quot;credit&quot;:&quot;&quot;,&quot;camera&quot;:&quot;&quot;,&quot;caption&quot;:&quot;&quot;,&quot;created_timestamp&quot;:&quot;0&quot;,&quot;copyright&quot;:&quot;&quot;,&quot;focal_length&quot;:&quot;0&quot;,&quot;iso&quot;:&quot;0&quot;,&quot;shutter_speed&quot;:&quot;0&quot;,&quot;title&quot;:&quot;&quot;,&quot;orientation&quot;:&quot;0&quot;}\" data-image-title=\"BAYERWALDTEAM_neu\" data-image-description=\"\" data-image-caption=\"\" data-large-file=\"https:\/\/i0.wp.com\/deltaimage.de\/wp\/wp-content\/uploads\/BAYERWALDTEAM_neu.jpg?fit=890%2C625&amp;ssl=1\" class=\"wp-image-10582 alignright\" src=\"https:\/\/i0.wp.com\/deltaimage.de\/wp\/wp-content\/uploads\/BAYERWALDTEAM_neu.jpg?resize=143%2C89\" alt=\"BAYERWALDTEAM neu\" width=\"143\" height=\"89\" \/>Barock reiht sich an Barock. Kirche reiht sich an Kirche. Dazwischen vielleicht einmal ein Renaissance-Juwel. Die Kleinseite am linken Moldauufer mit der Barockkirche St. Niklas auf der Kleinseite, mit der die Szenerie pr\u00e4genden Dominante am Kleinseitener Ring entf\u00fchrt den Besucher in eine in Europa unbekannte Welt von komplett erhalten gebliebenen St\u00e4dten.<\/p>\n<p><img decoding=\"async\" class=\"size-full wp-image-1756 aligncenter\" src=\"https:\/\/i2.wp.com\/bayerwaldteam.eu\/wp-content\/uploads\/2019\/06\/ZY5M1575_900.jpg?resize=890%2C593\" sizes=\"(max-width: 890px) 100vw, 890px\" srcset=\"https:\/\/i2.wp.com\/bayerwaldteam.eu\/wp-content\/uploads\/2019\/06\/ZY5M1575_900.jpg?w=890 890w, https:\/\/i2.wp.com\/bayerwaldteam.eu\/wp-content\/uploads\/2019\/06\/ZY5M1575_900.jpg?resize=300%2C200 300w, https:\/\/i2.wp.com\/bayerwaldteam.eu\/wp-content\/uploads\/2019\/06\/ZY5M1575_900.jpg?resize=768%2C512 768w, https:\/\/i2.wp.com\/bayerwaldteam.eu\/wp-content\/uploads\/2019\/06\/ZY5M1575_900.jpg?resize=600%2C400 600w, https:\/\/i2.wp.com\/bayerwaldteam.eu\/wp-content\/uploads\/2019\/06\/ZY5M1575_900.jpg?resize=200%2C133 200w\" alt=\"\" data-recalc-dims=\"1\" data-large-file=\"https:\/\/i2.wp.com\/bayerwaldteam.eu\/wp-content\/uploads\/2019\/06\/ZY5M1575_900.jpg?fit=890%2C593\" data-medium-file=\"https:\/\/i2.wp.com\/bayerwaldteam.eu\/wp-content\/uploads\/2019\/06\/ZY5M1575_900.jpg?fit=300%2C200\" data-image-description=\"\" data-image-title=\"ZY5M1575_900\" data-image-meta=\"{&quot;aperture&quot;:&quot;7.1&quot;,&quot;credit&quot;:&quot;Paul Eschbach&quot;,&quot;camera&quot;:&quot;Canon EOS-1Ds Mark II&quot;,&quot;caption&quot;:&quot;&quot;,&quot;created_timestamp&quot;:&quot;1559119160&quot;,&quot;copyright&quot;:&quot;&quot;,&quot;focal_length&quot;:&quot;105&quot;,&quot;iso&quot;:&quot;200&quot;,&quot;shutter_speed&quot;:&quot;0.016666666666667&quot;,&quot;title&quot;:&quot;&quot;,&quot;orientation&quot;:&quot;0&quot;}\" data-comments-opened=\"0\" data-orig-size=\"890,593\" data-orig-file=\"https:\/\/i2.wp.com\/bayerwaldteam.eu\/wp-content\/uploads\/2019\/06\/ZY5M1575_900.jpg?fit=890%2C593\" data-permalink=\"http:\/\/bayerwaldteam.eu\/?attachment_id=1756#main\" data-attachment-id=\"1756\" \/><\/p>\n<p>Ein geschlossenes Stadtviertel aus dem Barock mit den Proportionen des 17. und 18. Jahrhunderts. Keine Kaufhausfassaden aus den 70er Jahren, keine unverzeihlichen Baus\u00fcnden der 60er und 70er Jahre. Eine historische Stadt, weitgehend konserviert in einer Zeitkapsel.<\/p>\n<p><img decoding=\"async\" class=\"size-full wp-image-1768 aligncenter\" src=\"https:\/\/i0.wp.com\/bayerwaldteam.eu\/wp-content\/uploads\/2019\/06\/ZY5M1615_900.jpg?resize=593%2C890\" sizes=\"(max-width: 593px) 100vw, 593px\" srcset=\"https:\/\/i0.wp.com\/bayerwaldteam.eu\/wp-content\/uploads\/2019\/06\/ZY5M1615_900.jpg?w=593 593w, https:\/\/i0.wp.com\/bayerwaldteam.eu\/wp-content\/uploads\/2019\/06\/ZY5M1615_900.jpg?resize=200%2C300 200w, https:\/\/i0.wp.com\/bayerwaldteam.eu\/wp-content\/uploads\/2019\/06\/ZY5M1615_900.jpg?resize=267%2C400 267w\" alt=\"\" data-recalc-dims=\"1\" data-large-file=\"https:\/\/i0.wp.com\/bayerwaldteam.eu\/wp-content\/uploads\/2019\/06\/ZY5M1615_900.jpg?fit=593%2C890\" data-medium-file=\"https:\/\/i0.wp.com\/bayerwaldteam.eu\/wp-content\/uploads\/2019\/06\/ZY5M1615_900.jpg?fit=200%2C300\" data-image-description=\"\" data-image-title=\"ZY5M1615_900\" data-image-meta=\"{&quot;aperture&quot;:&quot;8&quot;,&quot;credit&quot;:&quot;Paul Eschbach&quot;,&quot;camera&quot;:&quot;Canon EOS-1Ds Mark II&quot;,&quot;caption&quot;:&quot;&quot;,&quot;created_timestamp&quot;:&quot;1559128618&quot;,&quot;copyright&quot;:&quot;&quot;,&quot;focal_length&quot;:&quot;67&quot;,&quot;iso&quot;:&quot;200&quot;,&quot;shutter_speed&quot;:&quot;0.003125&quot;,&quot;title&quot;:&quot;&quot;,&quot;orientation&quot;:&quot;0&quot;}\" data-comments-opened=\"0\" data-orig-size=\"593,890\" data-orig-file=\"https:\/\/i0.wp.com\/bayerwaldteam.eu\/wp-content\/uploads\/2019\/06\/ZY5M1615_900.jpg?fit=593%2C890\" data-permalink=\"http:\/\/bayerwaldteam.eu\/?attachment_id=1768#main\" data-attachment-id=\"1768\" \/><\/p>\n<p>Das Stra\u00dfenbild ist auch heute noch so authentisch, dass der tschechische Regisseur Milo\u0161 Forman seinen OSKAR Film Amadeus mit den Au\u00dfenszenen hier auf der Kleinseite drehte. Prag wurde so zu Wien und Salzburg in der Zeit des Wolfgang Amadeus Mozart.<\/p>\n<p><img decoding=\"async\" class=\"size-full wp-image-1757 aligncenter\" src=\"https:\/\/i2.wp.com\/bayerwaldteam.eu\/wp-content\/uploads\/2019\/06\/ZY5M1580_900.jpg?resize=890%2C593\" sizes=\"(max-width: 890px) 100vw, 890px\" srcset=\"https:\/\/i2.wp.com\/bayerwaldteam.eu\/wp-content\/uploads\/2019\/06\/ZY5M1580_900.jpg?w=890 890w, https:\/\/i2.wp.com\/bayerwaldteam.eu\/wp-content\/uploads\/2019\/06\/ZY5M1580_900.jpg?resize=300%2C200 300w, https:\/\/i2.wp.com\/bayerwaldteam.eu\/wp-content\/uploads\/2019\/06\/ZY5M1580_900.jpg?resize=768%2C512 768w, https:\/\/i2.wp.com\/bayerwaldteam.eu\/wp-content\/uploads\/2019\/06\/ZY5M1580_900.jpg?resize=600%2C400 600w, https:\/\/i2.wp.com\/bayerwaldteam.eu\/wp-content\/uploads\/2019\/06\/ZY5M1580_900.jpg?resize=200%2C133 200w\" alt=\"\" data-recalc-dims=\"1\" data-large-file=\"https:\/\/i2.wp.com\/bayerwaldteam.eu\/wp-content\/uploads\/2019\/06\/ZY5M1580_900.jpg?fit=890%2C593\" data-medium-file=\"https:\/\/i2.wp.com\/bayerwaldteam.eu\/wp-content\/uploads\/2019\/06\/ZY5M1580_900.jpg?fit=300%2C200\" data-image-description=\"\" data-image-title=\"ZY5M1580_900\" data-image-meta=\"{&quot;aperture&quot;:&quot;7.1&quot;,&quot;credit&quot;:&quot;Paul Eschbach&quot;,&quot;camera&quot;:&quot;Canon EOS-1Ds Mark II&quot;,&quot;caption&quot;:&quot;&quot;,&quot;created_timestamp&quot;:&quot;1559119376&quot;,&quot;copyright&quot;:&quot;&quot;,&quot;focal_length&quot;:&quot;105&quot;,&quot;iso&quot;:&quot;200&quot;,&quot;shutter_speed&quot;:&quot;0.016666666666667&quot;,&quot;title&quot;:&quot;&quot;,&quot;orientation&quot;:&quot;0&quot;}\" data-comments-opened=\"0\" data-orig-size=\"890,593\" data-orig-file=\"https:\/\/i2.wp.com\/bayerwaldteam.eu\/wp-content\/uploads\/2019\/06\/ZY5M1580_900.jpg?fit=890%2C593\" data-permalink=\"http:\/\/bayerwaldteam.eu\/?attachment_id=1757#main\" data-attachment-id=\"1757\" \/><\/p>\n<p>Ein paar Aschentonnen und einige Schilder abmontieren und schon ist die Zeitreise nach Wien und Salzburg perfekt gelungen. Um die Ecke kommt vermutlich auch gleich Wolfgang Amadeus.<\/p>\n<p><img decoding=\"async\" class=\"size-full wp-image-1769 aligncenter\" src=\"https:\/\/i1.wp.com\/bayerwaldteam.eu\/wp-content\/uploads\/2019\/06\/ZY5M1607_900.jpg?resize=890%2C593\" sizes=\"(max-width: 890px) 100vw, 890px\" srcset=\"https:\/\/i1.wp.com\/bayerwaldteam.eu\/wp-content\/uploads\/2019\/06\/ZY5M1607_900.jpg?w=890 890w, https:\/\/i1.wp.com\/bayerwaldteam.eu\/wp-content\/uploads\/2019\/06\/ZY5M1607_900.jpg?resize=300%2C200 300w, https:\/\/i1.wp.com\/bayerwaldteam.eu\/wp-content\/uploads\/2019\/06\/ZY5M1607_900.jpg?resize=768%2C512 768w, https:\/\/i1.wp.com\/bayerwaldteam.eu\/wp-content\/uploads\/2019\/06\/ZY5M1607_900.jpg?resize=600%2C400 600w, https:\/\/i1.wp.com\/bayerwaldteam.eu\/wp-content\/uploads\/2019\/06\/ZY5M1607_900.jpg?resize=200%2C133 200w\" alt=\"\" data-recalc-dims=\"1\" data-large-file=\"https:\/\/i1.wp.com\/bayerwaldteam.eu\/wp-content\/uploads\/2019\/06\/ZY5M1607_900.jpg?fit=890%2C593\" data-medium-file=\"https:\/\/i1.wp.com\/bayerwaldteam.eu\/wp-content\/uploads\/2019\/06\/ZY5M1607_900.jpg?fit=300%2C200\" data-image-description=\"\" data-image-title=\"ZY5M1607_900\" data-image-meta=\"{&quot;aperture&quot;:&quot;8&quot;,&quot;credit&quot;:&quot;Paul Eschbach&quot;,&quot;camera&quot;:&quot;Canon EOS-1Ds Mark II&quot;,&quot;caption&quot;:&quot;&quot;,&quot;created_timestamp&quot;:&quot;1559121225&quot;,&quot;copyright&quot;:&quot;&quot;,&quot;focal_length&quot;:&quot;70&quot;,&quot;iso&quot;:&quot;200&quot;,&quot;shutter_speed&quot;:&quot;0.005&quot;,&quot;title&quot;:&quot;&quot;,&quot;orientation&quot;:&quot;0&quot;}\" data-comments-opened=\"0\" data-orig-size=\"890,593\" data-orig-file=\"https:\/\/i1.wp.com\/bayerwaldteam.eu\/wp-content\/uploads\/2019\/06\/ZY5M1607_900.jpg?fit=890%2C593\" data-permalink=\"http:\/\/bayerwaldteam.eu\/?attachment_id=1769#main\" data-attachment-id=\"1769\" \/><\/p>\n<p>Lassen auch Sie sich von der Romantik der goldenen Stadt einfangen und den Glanz dieser fr\u00fcheren Kaiserstadt auf sich wirken. Ziehen Sie sich mit jedem Schritt in der Stadt um zig Jahre in die Vergangenheit zur\u00fcck.<\/p>\n<blockquote>\n<pre>Die Zeitreise funktioniert in Prag.\r\nVersuchen Die es auch.<\/pre>\n<\/blockquote>\n<p><img decoding=\"async\" class=\"size-full wp-image-1766 aligncenter\" src=\"https:\/\/i1.wp.com\/bayerwaldteam.eu\/wp-content\/uploads\/2019\/06\/ZY5M1611_900.jpg?resize=593%2C890\" sizes=\"(max-width: 593px) 100vw, 593px\" srcset=\"https:\/\/i1.wp.com\/bayerwaldteam.eu\/wp-content\/uploads\/2019\/06\/ZY5M1611_900.jpg?w=593 593w, https:\/\/i1.wp.com\/bayerwaldteam.eu\/wp-content\/uploads\/2019\/06\/ZY5M1611_900.jpg?resize=200%2C300 200w, https:\/\/i1.wp.com\/bayerwaldteam.eu\/wp-content\/uploads\/2019\/06\/ZY5M1611_900.jpg?resize=267%2C400 267w\" alt=\"\" data-recalc-dims=\"1\" data-large-file=\"https:\/\/i1.wp.com\/bayerwaldteam.eu\/wp-content\/uploads\/2019\/06\/ZY5M1611_900.jpg?fit=593%2C890\" data-medium-file=\"https:\/\/i1.wp.com\/bayerwaldteam.eu\/wp-content\/uploads\/2019\/06\/ZY5M1611_900.jpg?fit=200%2C300\" data-image-description=\"\" data-image-title=\"ZY5M1611_900\" data-image-meta=\"{&quot;aperture&quot;:&quot;8&quot;,&quot;credit&quot;:&quot;Paul Eschbach&quot;,&quot;camera&quot;:&quot;Canon EOS-1Ds Mark II&quot;,&quot;caption&quot;:&quot;&quot;,&quot;created_timestamp&quot;:&quot;1559121394&quot;,&quot;copyright&quot;:&quot;&quot;,&quot;focal_length&quot;:&quot;99&quot;,&quot;iso&quot;:&quot;200&quot;,&quot;shutter_speed&quot;:&quot;0.033333333333333&quot;,&quot;title&quot;:&quot;&quot;,&quot;orientation&quot;:&quot;0&quot;}\" data-comments-opened=\"0\" data-orig-size=\"593,890\" data-orig-file=\"https:\/\/i1.wp.com\/bayerwaldteam.eu\/wp-content\/uploads\/2019\/06\/ZY5M1611_900.jpg?fit=593%2C890\" data-permalink=\"http:\/\/bayerwaldteam.eu\/?attachment_id=1766#main\" data-attachment-id=\"1766\" \/><\/p>\n","protected":false},"excerpt":{"rendered":"<p>Barock reiht sich an Barock. Kirche reiht sich an Kirche. Dazwischen vielleicht einmal ein Renaissance-Juwel. Die Kleinseite am linken Moldauufer mit der Barockkirche St. Niklas auf der Kleinseite, mit der [&hellip;]<\/p>\n","protected":false},"author":1,"featured_media":21853,"comment_status":"closed","ping_status":"closed","sticky":false,"template":"","format":"standard","meta":{"wpupg_custom_link":[],"wpupg_custom_link_behaviour":["default"],"wpupg_custom_link_nofollow":["default"],"wpupg_custom_image":[],"wpupg_custom_image_id":[],"jetpack_post_was_ever_published":false,"footnotes":""},"categories":[861,8,3709,3708],"tags":[2560,2561,595,594,897,805,803,1981,801,2562,673,2529],"class_list":["post-21847","post","type-post","status-publish","format-standard","has-post-thumbnail","hentry","category-bayerwaldteam","category-news","category-prag","category-tschechien","tag-altstaedter-ring","tag-astronomische-uhr","tag-bayerischer-wald","tag-bayerwaldteam","tag-boehmen","tag-kleinseite","tag-moldau","tag-news-blog","tag-prag","tag-prager-burg","tag-tschechien","tag-www-bayerwaldteam-eu"],"jetpack_featured_media_url":"https:\/\/i0.wp.com\/deltaimage.de\/wp\/wp-content\/uploads\/ZY5M1720_1200.jpg?fit=1200%2C450&ssl=1","jetpack-related-posts":[{"id":42640,"url":"https:\/\/deltaimage.de\/wp\/?p=42640","url_meta":{"origin":21847,"position":0},"title":"Prager Fr\u00fchling auf der Prager Burg (Hradschin, Hrad\u010din)","author":"EschbacP","date":"19. M\u00e4rz 2024","format":false,"excerpt":"Der Weg zur Prager Burg f\u00fchrt \u00fcber die Kleinseite am linken Ufer der Moldau, dort wo die Moldau auf einen geologisch massiven Querriegel trifft und zu einer Umleitung des Flusslaufes, gezwungen wird. Die Kleinseite unterhalb der Burg war\/ist eine Art von gro\u00dfer Vorburg zur Prager Burg. Die Kleinseite ist in\u2026","rel":"","context":"In &quot;BAYERWALDTEAM&quot;","block_context":{"text":"BAYERWALDTEAM","link":"https:\/\/deltaimage.de\/wp\/?cat=861"},"img":{"alt_text":"","src":"https:\/\/i0.wp.com\/deltaimage.de\/wp\/wp-content\/uploads\/1710355947881_900.jpg?fit=890%2C454&ssl=1&resize=350%2C200","width":350,"height":200,"srcset":"https:\/\/i0.wp.com\/deltaimage.de\/wp\/wp-content\/uploads\/1710355947881_900.jpg?fit=890%2C454&ssl=1&resize=350%2C200 1x, https:\/\/i0.wp.com\/deltaimage.de\/wp\/wp-content\/uploads\/1710355947881_900.jpg?fit=890%2C454&ssl=1&resize=525%2C300 1.5x, https:\/\/i0.wp.com\/deltaimage.de\/wp\/wp-content\/uploads\/1710355947881_900.jpg?fit=890%2C454&ssl=1&resize=700%2C400 2x"},"classes":[]},{"id":21849,"url":"https:\/\/deltaimage.de\/wp\/?p=21849","url_meta":{"origin":21847,"position":1},"title":"BAYERWALDTEAM in der goldenen Stadt Prag","author":"EschbacP","date":"5. Juni 2019","format":false,"excerpt":"Das Angenehme mit dem N\u00fctzlichen verbinden. Ein gesch\u00e4ftlicher Termin f\u00fchrt mich mal wieder in das B\u00fcro in Prag \u2013 nur 3 Gehminuten vom Wenzelsplatz entfernt. Da bietet es sich ja geradezu an, fr\u00fch Morgens den Weg vom Hotel auf dem sch\u00f6nsten Weg als fotografierender Tourist zu gehen. Vom Kloster Strahov,\u2026","rel":"","context":"In &quot;BAYERWALDTEAM&quot;","block_context":{"text":"BAYERWALDTEAM","link":"https:\/\/deltaimage.de\/wp\/?cat=861"},"img":{"alt_text":"","src":"https:\/\/i0.wp.com\/deltaimage.de\/wp\/wp-content\/uploads\/ZY5M1553_1200.jpg?fit=1200%2C450&ssl=1&resize=350%2C200","width":350,"height":200,"srcset":"https:\/\/i0.wp.com\/deltaimage.de\/wp\/wp-content\/uploads\/ZY5M1553_1200.jpg?fit=1200%2C450&ssl=1&resize=350%2C200 1x, https:\/\/i0.wp.com\/deltaimage.de\/wp\/wp-content\/uploads\/ZY5M1553_1200.jpg?fit=1200%2C450&ssl=1&resize=525%2C300 1.5x, https:\/\/i0.wp.com\/deltaimage.de\/wp\/wp-content\/uploads\/ZY5M1553_1200.jpg?fit=1200%2C450&ssl=1&resize=700%2C400 2x, https:\/\/i0.wp.com\/deltaimage.de\/wp\/wp-content\/uploads\/ZY5M1553_1200.jpg?fit=1200%2C450&ssl=1&resize=1050%2C600 3x"},"classes":[]},{"id":42680,"url":"https:\/\/deltaimage.de\/wp\/?p=42680","url_meta":{"origin":21847,"position":2},"title":"Die Karlsbr\u00fccke, die Moldau und die blaue Stunde","author":"EschbacP","date":"19. M\u00e4rz 2024","format":false,"excerpt":"Die Prager Kleinseite auf dem linken Moldauufer, ist mit der Altstadt auf dem rechten Moldauufer, mit der \u00e4ltesten Steinbr\u00fccke in Tschechien, der Karlsbr\u00fccke, verbunden. Die gesamte Szenerie in Prag, ist gerade in der blauen Stunde, wie in einem \u00fcberdimensionierten Freiluft-Architektur-Museum, die Moldau \u00f6ffnet die gesamte Szenerie und die Blicke fallen\u2026","rel":"","context":"In &quot;BAYERWALDTEAM&quot;","block_context":{"text":"BAYERWALDTEAM","link":"https:\/\/deltaimage.de\/wp\/?cat=861"},"img":{"alt_text":"","src":"https:\/\/i0.wp.com\/deltaimage.de\/wp\/wp-content\/uploads\/1710355947384_1200.jpg?fit=1200%2C450&ssl=1&resize=350%2C200","width":350,"height":200,"srcset":"https:\/\/i0.wp.com\/deltaimage.de\/wp\/wp-content\/uploads\/1710355947384_1200.jpg?fit=1200%2C450&ssl=1&resize=350%2C200 1x, https:\/\/i0.wp.com\/deltaimage.de\/wp\/wp-content\/uploads\/1710355947384_1200.jpg?fit=1200%2C450&ssl=1&resize=525%2C300 1.5x, https:\/\/i0.wp.com\/deltaimage.de\/wp\/wp-content\/uploads\/1710355947384_1200.jpg?fit=1200%2C450&ssl=1&resize=700%2C400 2x, https:\/\/i0.wp.com\/deltaimage.de\/wp\/wp-content\/uploads\/1710355947384_1200.jpg?fit=1200%2C450&ssl=1&resize=1050%2C600 3x"},"classes":[]},{"id":9673,"url":"https:\/\/deltaimage.de\/wp\/?p=9673","url_meta":{"origin":21847,"position":3},"title":"Weihnachten in der goldenen Stadt Prag","author":"EschbacP","date":"14. Dezember 2015","format":false,"excerpt":"Die goldene Stadt Prag hat den Beinamen nicht durch die goldene Stimme von Karel Gott, sondern aus dem Mittelalter. Die T\u00fcrme der Kirchen und der Stadttore waren zum Wetterschutz auch mit purem Gold \u00fcberzogen - daher die goldene Stadt. \u00a0 Seit 2000 bin ich gesch\u00e4ftlich st\u00e4ndig in Tschechien und in\u2026","rel":"","context":"In &quot;Fotografie&quot;","block_context":{"text":"Fotografie","link":"https:\/\/deltaimage.de\/wp\/?cat=848"},"img":{"alt_text":"Weihnachten in der goldenen Stadt Prag","src":"https:\/\/i0.wp.com\/deltaimage.de\/wp\/wp-content\/uploads\/IMG_0923_Prag_1200.jpg?fit=1200%2C500&ssl=1&resize=350%2C200","width":350,"height":200,"srcset":"https:\/\/i0.wp.com\/deltaimage.de\/wp\/wp-content\/uploads\/IMG_0923_Prag_1200.jpg?fit=1200%2C500&ssl=1&resize=350%2C200 1x, https:\/\/i0.wp.com\/deltaimage.de\/wp\/wp-content\/uploads\/IMG_0923_Prag_1200.jpg?fit=1200%2C500&ssl=1&resize=525%2C300 1.5x, https:\/\/i0.wp.com\/deltaimage.de\/wp\/wp-content\/uploads\/IMG_0923_Prag_1200.jpg?fit=1200%2C500&ssl=1&resize=700%2C400 2x, https:\/\/i0.wp.com\/deltaimage.de\/wp\/wp-content\/uploads\/IMG_0923_Prag_1200.jpg?fit=1200%2C500&ssl=1&resize=1050%2C600 3x"},"classes":[]},{"id":23882,"url":"https:\/\/deltaimage.de\/wp\/?p=23882","url_meta":{"origin":21847,"position":4},"title":"Die goldene Stadt Prag &#8211; die Karlsbr\u00fccke","author":"EschbacP","date":"17. Dezember 2019","format":false,"excerpt":"Geduld ist eine Tugend des Fotografen. Das Warten auf das passende Licht geh\u00f6rt genauso zur Erfahrung eines Fotografen wie die Vorahnung, wo heute das Licht besonders gut sein wird. Dann gilt es zur rechten Zeit am passenden Ort zu sein. Der Rest ist etwas Magie des Ortes. \u00a0 Prag -\u2026","rel":"","context":"In &quot;News Blog&quot;","block_context":{"text":"News Blog","link":"https:\/\/deltaimage.de\/wp\/?cat=8"},"img":{"alt_text":"","src":"https:\/\/i0.wp.com\/deltaimage.de\/wp\/wp-content\/uploads\/PE1S0712_1200.jpg?fit=1200%2C450&ssl=1&resize=350%2C200","width":350,"height":200,"srcset":"https:\/\/i0.wp.com\/deltaimage.de\/wp\/wp-content\/uploads\/PE1S0712_1200.jpg?fit=1200%2C450&ssl=1&resize=350%2C200 1x, https:\/\/i0.wp.com\/deltaimage.de\/wp\/wp-content\/uploads\/PE1S0712_1200.jpg?fit=1200%2C450&ssl=1&resize=525%2C300 1.5x, https:\/\/i0.wp.com\/deltaimage.de\/wp\/wp-content\/uploads\/PE1S0712_1200.jpg?fit=1200%2C450&ssl=1&resize=700%2C400 2x, https:\/\/i0.wp.com\/deltaimage.de\/wp\/wp-content\/uploads\/PE1S0712_1200.jpg?fit=1200%2C450&ssl=1&resize=1050%2C600 3x"},"classes":[]},{"id":42642,"url":"https:\/\/deltaimage.de\/wp\/?p=42642","url_meta":{"origin":21847,"position":5},"title":"Die Kleinseite in Prag und St. Nikolaus auf der Kleinseite","author":"EschbacP","date":"19. M\u00e4rz 2024","format":false,"excerpt":"Die Kleinseite, mit der Kirche St. Nikolas auf der Kleinseite, ist in Prag, eines meiner liebsten Fotolocations. Die barocke Architektur der Kirche ist umgeben von harmonisch passenden Fassaden und Geb\u00e4uden. Wie immer st\u00f6ren die vielen Autos in den Bildmotiven. Die historisierenden Stra\u00dfenleuchten, bringen einen sehr sch\u00f6nen Kontrast in den Farbtemperaturen\u2026","rel":"","context":"In &quot;BAYERWALDTEAM&quot;","block_context":{"text":"BAYERWALDTEAM","link":"https:\/\/deltaimage.de\/wp\/?cat=861"},"img":{"alt_text":"","src":"https:\/\/i0.wp.com\/deltaimage.de\/wp\/wp-content\/uploads\/1710355947671_1200.jpg?fit=1200%2C450&ssl=1&resize=350%2C200","width":350,"height":200,"srcset":"https:\/\/i0.wp.com\/deltaimage.de\/wp\/wp-content\/uploads\/1710355947671_1200.jpg?fit=1200%2C450&ssl=1&resize=350%2C200 1x, https:\/\/i0.wp.com\/deltaimage.de\/wp\/wp-content\/uploads\/1710355947671_1200.jpg?fit=1200%2C450&ssl=1&resize=525%2C300 1.5x, https:\/\/i0.wp.com\/deltaimage.de\/wp\/wp-content\/uploads\/1710355947671_1200.jpg?fit=1200%2C450&ssl=1&resize=700%2C400 2x, https:\/\/i0.wp.com\/deltaimage.de\/wp\/wp-content\/uploads\/1710355947671_1200.jpg?fit=1200%2C450&ssl=1&resize=1050%2C600 3x"},"classes":[]}],"jetpack_sharing_enabled":true,"_links":{"self":[{"href":"https:\/\/deltaimage.de\/wp\/index.php?rest_route=\/wp\/v2\/posts\/21847","targetHints":{"allow":["GET"]}}],"collection":[{"href":"https:\/\/deltaimage.de\/wp\/index.php?rest_route=\/wp\/v2\/posts"}],"about":[{"href":"https:\/\/deltaimage.de\/wp\/index.php?rest_route=\/wp\/v2\/types\/post"}],"author":[{"embeddable":true,"href":"https:\/\/deltaimage.de\/wp\/index.php?rest_route=\/wp\/v2\/users\/1"}],"replies":[{"embeddable":true,"href":"https:\/\/deltaimage.de\/wp\/index.php?rest_route=%2Fwp%2Fv2%2Fcomments&post=21847"}],"version-history":[{"count":4,"href":"https:\/\/deltaimage.de\/wp\/index.php?rest_route=\/wp\/v2\/posts\/21847\/revisions"}],"predecessor-version":[{"id":51088,"href":"https:\/\/deltaimage.de\/wp\/index.php?rest_route=\/wp\/v2\/posts\/21847\/revisions\/51088"}],"wp:featuredmedia":[{"embeddable":true,"href":"https:\/\/deltaimage.de\/wp\/index.php?rest_route=\/wp\/v2\/media\/21853"}],"wp:attachment":[{"href":"https:\/\/deltaimage.de\/wp\/index.php?rest_route=%2Fwp%2Fv2%2Fmedia&parent=21847"}],"wp:term":[{"taxonomy":"category","embeddable":true,"href":"https:\/\/deltaimage.de\/wp\/index.php?rest_route=%2Fwp%2Fv2%2Fcategories&post=21847"},{"taxonomy":"post_tag","embeddable":true,"href":"https:\/\/deltaimage.de\/wp\/index.php?rest_route=%2Fwp%2Fv2%2Ftags&post=21847"}],"curies":[{"name":"wp","href":"https:\/\/api.w.org\/{rel}","templated":true}]}}