{"id":21849,"date":"2019-06-05T17:20:44","date_gmt":"2019-06-05T16:20:44","guid":{"rendered":"http:\/\/bayerwaldteam.eu\/?p=1726"},"modified":"2025-08-17T21:41:05","modified_gmt":"2025-08-17T19:41:05","slug":"bayerwaldteam-in-der-goldenen-stadt-prag","status":"publish","type":"post","link":"https:\/\/deltaimage.de\/wp\/?p=21849","title":{"rendered":"BAYERWALDTEAM in der goldenen Stadt Prag"},"content":{"rendered":"<p><img data-recalc-dims=\"1\" loading=\"lazy\" decoding=\"async\" data-attachment-id=\"10582\" data-permalink=\"https:\/\/deltaimage.de\/wp\/?attachment_id=10582#main\" data-orig-file=\"https:\/\/i0.wp.com\/deltaimage.de\/wp\/wp-content\/uploads\/BAYERWALDTEAM_neu.jpg?fit=1546%2C1085&amp;ssl=1\" data-orig-size=\"1546,1085\" data-comments-opened=\"0\" data-image-meta=\"{&quot;aperture&quot;:&quot;0&quot;,&quot;credit&quot;:&quot;&quot;,&quot;camera&quot;:&quot;&quot;,&quot;caption&quot;:&quot;&quot;,&quot;created_timestamp&quot;:&quot;0&quot;,&quot;copyright&quot;:&quot;&quot;,&quot;focal_length&quot;:&quot;0&quot;,&quot;iso&quot;:&quot;0&quot;,&quot;shutter_speed&quot;:&quot;0&quot;,&quot;title&quot;:&quot;&quot;,&quot;orientation&quot;:&quot;0&quot;}\" data-image-title=\"BAYERWALDTEAM_neu\" data-image-description=\"\" data-image-caption=\"\" data-large-file=\"https:\/\/i0.wp.com\/deltaimage.de\/wp\/wp-content\/uploads\/BAYERWALDTEAM_neu.jpg?fit=890%2C625&amp;ssl=1\" class=\"wp-image-10582 alignright\" src=\"https:\/\/i0.wp.com\/deltaimage.de\/wp\/wp-content\/uploads\/BAYERWALDTEAM_neu.jpg?resize=143%2C89\" alt=\"BAYERWALDTEAM neu\" width=\"143\" height=\"89\" \/>Das Angenehme mit dem N\u00fctzlichen verbinden. Ein gesch\u00e4ftlicher Termin f\u00fchrt mich mal wieder in das B\u00fcro in Prag \u2013 nur 3 Gehminuten vom Wenzelsplatz entfernt. Da bietet es sich ja geradezu an, fr\u00fch Morgens den Weg vom Hotel auf dem sch\u00f6nsten Weg als fotografierender Tourist zu gehen. Vom Kloster Strahov, \u00fcber die Prager Burg, die Kleinseite, die Moldau in die Prager Altstadt.<\/p>\n<p><img decoding=\"async\" class=\"size-full wp-image-1755 aligncenter\" src=\"https:\/\/i2.wp.com\/bayerwaldteam.eu\/wp-content\/uploads\/2019\/06\/ZY5M1570_900.jpg?resize=890%2C593\" sizes=\"(max-width: 890px) 100vw, 890px\" srcset=\"https:\/\/i2.wp.com\/bayerwaldteam.eu\/wp-content\/uploads\/2019\/06\/ZY5M1570_900.jpg?w=890 890w, https:\/\/i2.wp.com\/bayerwaldteam.eu\/wp-content\/uploads\/2019\/06\/ZY5M1570_900.jpg?resize=300%2C200 300w, https:\/\/i2.wp.com\/bayerwaldteam.eu\/wp-content\/uploads\/2019\/06\/ZY5M1570_900.jpg?resize=768%2C512 768w, https:\/\/i2.wp.com\/bayerwaldteam.eu\/wp-content\/uploads\/2019\/06\/ZY5M1570_900.jpg?resize=600%2C400 600w, https:\/\/i2.wp.com\/bayerwaldteam.eu\/wp-content\/uploads\/2019\/06\/ZY5M1570_900.jpg?resize=200%2C133 200w\" alt=\"\" data-recalc-dims=\"1\" data-large-file=\"https:\/\/i2.wp.com\/bayerwaldteam.eu\/wp-content\/uploads\/2019\/06\/ZY5M1570_900.jpg?fit=890%2C593\" data-medium-file=\"https:\/\/i2.wp.com\/bayerwaldteam.eu\/wp-content\/uploads\/2019\/06\/ZY5M1570_900.jpg?fit=300%2C200\" data-image-description=\"\" data-image-title=\"ZY5M1570_900\" data-image-meta=\"{&quot;aperture&quot;:&quot;8&quot;,&quot;credit&quot;:&quot;Paul Eschbach&quot;,&quot;camera&quot;:&quot;Canon EOS-1Ds Mark II&quot;,&quot;caption&quot;:&quot;&quot;,&quot;created_timestamp&quot;:&quot;1559118868&quot;,&quot;copyright&quot;:&quot;&quot;,&quot;focal_length&quot;:&quot;50&quot;,&quot;iso&quot;:&quot;200&quot;,&quot;shutter_speed&quot;:&quot;0.01&quot;,&quot;title&quot;:&quot;&quot;,&quot;orientation&quot;:&quot;0&quot;}\" data-comments-opened=\"0\" data-orig-size=\"890,593\" data-orig-file=\"https:\/\/i2.wp.com\/bayerwaldteam.eu\/wp-content\/uploads\/2019\/06\/ZY5M1570_900.jpg?fit=890%2C593\" data-permalink=\"http:\/\/bayerwaldteam.eu\/?attachment_id=1755#main\" data-attachment-id=\"1755\" \/><\/p>\n<blockquote>\n<pre>Ach wie gut, dass ich zuf\u00e4llig die gro\u00dfe Kamera mit dabei habe.\r\nPaul Eschbach<\/pre>\n<\/blockquote>\n<h2><\/h2>\n<h2>Die goldene Stadt erwacht fr\u00fchmorgens<\/h2>\n<p>Tausendmal schon in Prag gewesen. Hotel \u2013 B\u00fcro \u2013 Autobahn. Meist gesch\u00e4ftlich und keine Zeit zwischen eng getakteten Terminen, immer auf Effizient getrimmt. Doch manchmal ergibt es sich, dass ein Terminfenster aufgeht und das kann man als Fotograf auch gerne mal nutzen.<\/p>\n<p><img decoding=\"async\" class=\"size-full wp-image-1757 aligncenter\" src=\"https:\/\/i2.wp.com\/bayerwaldteam.eu\/wp-content\/uploads\/2019\/06\/ZY5M1580_900.jpg?resize=890%2C593\" sizes=\"(max-width: 890px) 100vw, 890px\" srcset=\"https:\/\/i2.wp.com\/bayerwaldteam.eu\/wp-content\/uploads\/2019\/06\/ZY5M1580_900.jpg?w=890 890w, https:\/\/i2.wp.com\/bayerwaldteam.eu\/wp-content\/uploads\/2019\/06\/ZY5M1580_900.jpg?resize=300%2C200 300w, https:\/\/i2.wp.com\/bayerwaldteam.eu\/wp-content\/uploads\/2019\/06\/ZY5M1580_900.jpg?resize=768%2C512 768w, https:\/\/i2.wp.com\/bayerwaldteam.eu\/wp-content\/uploads\/2019\/06\/ZY5M1580_900.jpg?resize=600%2C400 600w, https:\/\/i2.wp.com\/bayerwaldteam.eu\/wp-content\/uploads\/2019\/06\/ZY5M1580_900.jpg?resize=200%2C133 200w\" alt=\"\" data-recalc-dims=\"1\" data-large-file=\"https:\/\/i2.wp.com\/bayerwaldteam.eu\/wp-content\/uploads\/2019\/06\/ZY5M1580_900.jpg?fit=890%2C593\" data-medium-file=\"https:\/\/i2.wp.com\/bayerwaldteam.eu\/wp-content\/uploads\/2019\/06\/ZY5M1580_900.jpg?fit=300%2C200\" data-image-description=\"\" data-image-title=\"ZY5M1580_900\" data-image-meta=\"{&quot;aperture&quot;:&quot;7.1&quot;,&quot;credit&quot;:&quot;Paul Eschbach&quot;,&quot;camera&quot;:&quot;Canon EOS-1Ds Mark II&quot;,&quot;caption&quot;:&quot;&quot;,&quot;created_timestamp&quot;:&quot;1559119376&quot;,&quot;copyright&quot;:&quot;&quot;,&quot;focal_length&quot;:&quot;105&quot;,&quot;iso&quot;:&quot;200&quot;,&quot;shutter_speed&quot;:&quot;0.016666666666667&quot;,&quot;title&quot;:&quot;&quot;,&quot;orientation&quot;:&quot;0&quot;}\" data-comments-opened=\"0\" data-orig-size=\"890,593\" data-orig-file=\"https:\/\/i2.wp.com\/bayerwaldteam.eu\/wp-content\/uploads\/2019\/06\/ZY5M1580_900.jpg?fit=890%2C593\" data-permalink=\"http:\/\/bayerwaldteam.eu\/?attachment_id=1757#main\" data-attachment-id=\"1757\" \/><\/p>\n<p>Es regnet leicht \u2013 herrlich. Dann ist weiches Licht und die tiefen Schatten in den barocken Fassaden und Gassen lassen sich sehr gut bearbeiten. Der Himmel wird dann auch ganz strukturlos wei\u00df \u2013 ein ganz toller Look. Ich liebe leichten Regen und Overcast in den St\u00e4dten.<\/p>\n<p>&nbsp;<\/p>\n<h2>Von Strahov bis zum Altst\u00e4dter Ring und Wenzelsplatz<\/h2>\n<p>F\u00fcr den Kenner in Prag h\u00f6ren die Fotomotive entlang des Weges gar nicht mehr auf.<\/p>\n<p><img decoding=\"async\" class=\"size-full wp-image-1754 aligncenter\" src=\"https:\/\/i1.wp.com\/bayerwaldteam.eu\/wp-content\/uploads\/2019\/06\/ZY5M1586_900.jpg?resize=890%2C593\" sizes=\"(max-width: 890px) 100vw, 890px\" srcset=\"https:\/\/i1.wp.com\/bayerwaldteam.eu\/wp-content\/uploads\/2019\/06\/ZY5M1586_900.jpg?w=890 890w, https:\/\/i1.wp.com\/bayerwaldteam.eu\/wp-content\/uploads\/2019\/06\/ZY5M1586_900.jpg?resize=300%2C200 300w, https:\/\/i1.wp.com\/bayerwaldteam.eu\/wp-content\/uploads\/2019\/06\/ZY5M1586_900.jpg?resize=768%2C512 768w, https:\/\/i1.wp.com\/bayerwaldteam.eu\/wp-content\/uploads\/2019\/06\/ZY5M1586_900.jpg?resize=600%2C400 600w, https:\/\/i1.wp.com\/bayerwaldteam.eu\/wp-content\/uploads\/2019\/06\/ZY5M1586_900.jpg?resize=200%2C133 200w\" alt=\"\" data-recalc-dims=\"1\" data-large-file=\"https:\/\/i1.wp.com\/bayerwaldteam.eu\/wp-content\/uploads\/2019\/06\/ZY5M1586_900.jpg?fit=890%2C593\" data-medium-file=\"https:\/\/i1.wp.com\/bayerwaldteam.eu\/wp-content\/uploads\/2019\/06\/ZY5M1586_900.jpg?fit=300%2C200\" data-image-description=\"\" data-image-title=\"ZY5M1586_900\" data-image-meta=\"{&quot;aperture&quot;:&quot;8&quot;,&quot;credit&quot;:&quot;Paul Eschbach&quot;,&quot;camera&quot;:&quot;Canon EOS-1Ds Mark II&quot;,&quot;caption&quot;:&quot;&quot;,&quot;created_timestamp&quot;:&quot;1559119985&quot;,&quot;copyright&quot;:&quot;&quot;,&quot;focal_length&quot;:&quot;28&quot;,&quot;iso&quot;:&quot;200&quot;,&quot;shutter_speed&quot;:&quot;0.01&quot;,&quot;title&quot;:&quot;&quot;,&quot;orientation&quot;:&quot;0&quot;}\" data-comments-opened=\"0\" data-orig-size=\"890,593\" data-orig-file=\"https:\/\/i1.wp.com\/bayerwaldteam.eu\/wp-content\/uploads\/2019\/06\/ZY5M1586_900.jpg?fit=890%2C593\" data-permalink=\"http:\/\/bayerwaldteam.eu\/?attachment_id=1754#main\" data-attachment-id=\"1754\" \/><\/p>\n<p>Die Kleinseite, die Prager Burg und die Moldau im Mai \u2013 der kompakte Traum von Millionen Touristen in Prag. Wenn man sich auskennt, ist selbst in 90 Minuten viel zu sehen und noch mehr zu fotografieren.<\/p>\n<blockquote>\n<pre>Prag ist zu jeder Jahreszeit eine Reise wert.\r\nPaul Eschbach\r\n<\/pre>\n<\/blockquote>\n<p><img decoding=\"async\" class=\"size-full wp-image-1762 aligncenter\" src=\"https:\/\/i0.wp.com\/bayerwaldteam.eu\/wp-content\/uploads\/2019\/06\/ZY5M1623_900.jpg?resize=890%2C593\" sizes=\"(max-width: 890px) 100vw, 890px\" srcset=\"https:\/\/i0.wp.com\/bayerwaldteam.eu\/wp-content\/uploads\/2019\/06\/ZY5M1623_900.jpg?w=890 890w, https:\/\/i0.wp.com\/bayerwaldteam.eu\/wp-content\/uploads\/2019\/06\/ZY5M1623_900.jpg?resize=300%2C200 300w, https:\/\/i0.wp.com\/bayerwaldteam.eu\/wp-content\/uploads\/2019\/06\/ZY5M1623_900.jpg?resize=768%2C512 768w, https:\/\/i0.wp.com\/bayerwaldteam.eu\/wp-content\/uploads\/2019\/06\/ZY5M1623_900.jpg?resize=600%2C400 600w, https:\/\/i0.wp.com\/bayerwaldteam.eu\/wp-content\/uploads\/2019\/06\/ZY5M1623_900.jpg?resize=200%2C133 200w\" alt=\"\" data-recalc-dims=\"1\" data-large-file=\"https:\/\/i0.wp.com\/bayerwaldteam.eu\/wp-content\/uploads\/2019\/06\/ZY5M1623_900.jpg?fit=890%2C593\" data-medium-file=\"https:\/\/i0.wp.com\/bayerwaldteam.eu\/wp-content\/uploads\/2019\/06\/ZY5M1623_900.jpg?fit=300%2C200\" data-image-description=\"\" data-image-title=\"ZY5M1623_900\" data-image-meta=\"{&quot;aperture&quot;:&quot;7.1&quot;,&quot;credit&quot;:&quot;Paul Eschbach&quot;,&quot;camera&quot;:&quot;Canon EOS-1Ds Mark II&quot;,&quot;caption&quot;:&quot;&quot;,&quot;created_timestamp&quot;:&quot;1559130842&quot;,&quot;copyright&quot;:&quot;&quot;,&quot;focal_length&quot;:&quot;105&quot;,&quot;iso&quot;:&quot;200&quot;,&quot;shutter_speed&quot;:&quot;0.004&quot;,&quot;title&quot;:&quot;&quot;,&quot;orientation&quot;:&quot;0&quot;}\" data-comments-opened=\"0\" data-orig-size=\"890,593\" data-orig-file=\"https:\/\/i0.wp.com\/bayerwaldteam.eu\/wp-content\/uploads\/2019\/06\/ZY5M1623_900.jpg?fit=890%2C593\" data-permalink=\"http:\/\/bayerwaldteam.eu\/?attachment_id=1762#main\" data-attachment-id=\"1762\" \/><\/p>\n<div class=\"sharedaddy sd-sharing-enabled\">\n<div class=\"robots-nocontent sd-block sd-social sd-social-official sd-sharing\"><\/div>\n<\/div>\n<p>&nbsp;<\/p>\n","protected":false},"excerpt":{"rendered":"<p>Das Angenehme mit dem N\u00fctzlichen verbinden. Ein gesch\u00e4ftlicher Termin f\u00fchrt mich mal wieder in das B\u00fcro in Prag \u2013 nur 3 Gehminuten vom Wenzelsplatz entfernt. Da bietet es sich ja [&hellip;]<\/p>\n","protected":false},"author":1,"featured_media":21854,"comment_status":"closed","ping_status":"closed","sticky":false,"template":"","format":"standard","meta":{"wpupg_custom_link":[],"wpupg_custom_link_behaviour":["default"],"wpupg_custom_link_nofollow":["default"],"wpupg_custom_image":[],"wpupg_custom_image_id":[],"jetpack_post_was_ever_published":false,"footnotes":""},"categories":[861,8,3709,3708],"tags":[595,594,897,802,805,803,1981,801,2562,2563,2529],"class_list":["post-21849","post","type-post","status-publish","format-standard","has-post-thumbnail","hentry","category-bayerwaldteam","category-news","category-prag","category-tschechien","tag-bayerischer-wald","tag-bayerwaldteam","tag-boehmen","tag-goldene-stadt","tag-kleinseite","tag-moldau","tag-news-blog","tag-prag","tag-prager-burg","tag-strahov","tag-www-bayerwaldteam-eu"],"jetpack_featured_media_url":"https:\/\/i0.wp.com\/deltaimage.de\/wp\/wp-content\/uploads\/ZY5M1553_1200.jpg?fit=1200%2C450&ssl=1","jetpack-related-posts":[{"id":21851,"url":"https:\/\/deltaimage.de\/wp\/?p=21851","url_meta":{"origin":21849,"position":0},"title":"Die Moldau in Prag \u2013 ein Ausflug in die goldene Stadt","author":"EschbacP","date":"5. Juni 2019","format":false,"excerpt":"Nutzen wir die Zeit - Carpe diem! Der fr\u00fchmorgentliche Weg, vom geschickt gew\u00e4hltem Hotel in Prag in das B\u00fcro zum Gesch\u00e4ftstermin kann ausreichen f\u00fcr den Fotografen. Fr\u00fchmorgens ist das Licht ungewohnt, weich und kommt aus der anderen Richtung. Bauwerke stehen jetzt im guten Licht, die sonst ab Mittag nur noch\u2026","rel":"","context":"In &quot;BAYERWALDTEAM&quot;","block_context":{"text":"BAYERWALDTEAM","link":"https:\/\/deltaimage.de\/wp\/?cat=861"},"img":{"alt_text":"","src":"https:\/\/i0.wp.com\/deltaimage.de\/wp\/wp-content\/uploads\/ZY5M1590_1200.jpg?fit=1200%2C450&ssl=1&resize=350%2C200","width":350,"height":200,"srcset":"https:\/\/i0.wp.com\/deltaimage.de\/wp\/wp-content\/uploads\/ZY5M1590_1200.jpg?fit=1200%2C450&ssl=1&resize=350%2C200 1x, https:\/\/i0.wp.com\/deltaimage.de\/wp\/wp-content\/uploads\/ZY5M1590_1200.jpg?fit=1200%2C450&ssl=1&resize=525%2C300 1.5x, https:\/\/i0.wp.com\/deltaimage.de\/wp\/wp-content\/uploads\/ZY5M1590_1200.jpg?fit=1200%2C450&ssl=1&resize=700%2C400 2x, https:\/\/i0.wp.com\/deltaimage.de\/wp\/wp-content\/uploads\/ZY5M1590_1200.jpg?fit=1200%2C450&ssl=1&resize=1050%2C600 3x"},"classes":[]},{"id":42640,"url":"https:\/\/deltaimage.de\/wp\/?p=42640","url_meta":{"origin":21849,"position":1},"title":"Prager Fr\u00fchling auf der Prager Burg (Hradschin, Hrad\u010din)","author":"EschbacP","date":"19. M\u00e4rz 2024","format":false,"excerpt":"Der Weg zur Prager Burg f\u00fchrt \u00fcber die Kleinseite am linken Ufer der Moldau, dort wo die Moldau auf einen geologisch massiven Querriegel trifft und zu einer Umleitung des Flusslaufes, gezwungen wird. Die Kleinseite unterhalb der Burg war\/ist eine Art von gro\u00dfer Vorburg zur Prager Burg. Die Kleinseite ist in\u2026","rel":"","context":"In &quot;BAYERWALDTEAM&quot;","block_context":{"text":"BAYERWALDTEAM","link":"https:\/\/deltaimage.de\/wp\/?cat=861"},"img":{"alt_text":"","src":"https:\/\/i0.wp.com\/deltaimage.de\/wp\/wp-content\/uploads\/1710355947881_900.jpg?fit=890%2C454&ssl=1&resize=350%2C200","width":350,"height":200,"srcset":"https:\/\/i0.wp.com\/deltaimage.de\/wp\/wp-content\/uploads\/1710355947881_900.jpg?fit=890%2C454&ssl=1&resize=350%2C200 1x, https:\/\/i0.wp.com\/deltaimage.de\/wp\/wp-content\/uploads\/1710355947881_900.jpg?fit=890%2C454&ssl=1&resize=525%2C300 1.5x, https:\/\/i0.wp.com\/deltaimage.de\/wp\/wp-content\/uploads\/1710355947881_900.jpg?fit=890%2C454&ssl=1&resize=700%2C400 2x"},"classes":[]},{"id":23910,"url":"https:\/\/deltaimage.de\/wp\/?p=23910","url_meta":{"origin":21849,"position":2},"title":"Prager Burg &#8211; der Hradschin","author":"EschbacP","date":"18. Dezember 2019","format":false,"excerpt":"Als Fotograf bewegt man sich am allerbesten zu Fu\u00df durch die Stadt. So l\u00e4sst sich der Flair der alten Kaiserstadt viel einfacher aufnehmen als sonst, die auch in der tschechischen Hauptstadt Verstopfung der Stra\u00dfen mit Verkehr verstellt den wesentlichen Blick auf das Sch\u00f6ne, auf das Historische und das Lebendige. \u00a0\u2026","rel":"","context":"In &quot;News Blog&quot;","block_context":{"text":"News Blog","link":"https:\/\/deltaimage.de\/wp\/?cat=8"},"img":{"alt_text":"","src":"https:\/\/i0.wp.com\/deltaimage.de\/wp\/wp-content\/uploads\/PE1S0223_1200.jpg?fit=1200%2C450&ssl=1&resize=350%2C200","width":350,"height":200,"srcset":"https:\/\/i0.wp.com\/deltaimage.de\/wp\/wp-content\/uploads\/PE1S0223_1200.jpg?fit=1200%2C450&ssl=1&resize=350%2C200 1x, https:\/\/i0.wp.com\/deltaimage.de\/wp\/wp-content\/uploads\/PE1S0223_1200.jpg?fit=1200%2C450&ssl=1&resize=525%2C300 1.5x, https:\/\/i0.wp.com\/deltaimage.de\/wp\/wp-content\/uploads\/PE1S0223_1200.jpg?fit=1200%2C450&ssl=1&resize=700%2C400 2x, https:\/\/i0.wp.com\/deltaimage.de\/wp\/wp-content\/uploads\/PE1S0223_1200.jpg?fit=1200%2C450&ssl=1&resize=1050%2C600 3x"},"classes":[]},{"id":42680,"url":"https:\/\/deltaimage.de\/wp\/?p=42680","url_meta":{"origin":21849,"position":3},"title":"Die Karlsbr\u00fccke, die Moldau und die blaue Stunde","author":"EschbacP","date":"19. M\u00e4rz 2024","format":false,"excerpt":"Die Prager Kleinseite auf dem linken Moldauufer, ist mit der Altstadt auf dem rechten Moldauufer, mit der \u00e4ltesten Steinbr\u00fccke in Tschechien, der Karlsbr\u00fccke, verbunden. Die gesamte Szenerie in Prag, ist gerade in der blauen Stunde, wie in einem \u00fcberdimensionierten Freiluft-Architektur-Museum, die Moldau \u00f6ffnet die gesamte Szenerie und die Blicke fallen\u2026","rel":"","context":"In &quot;BAYERWALDTEAM&quot;","block_context":{"text":"BAYERWALDTEAM","link":"https:\/\/deltaimage.de\/wp\/?cat=861"},"img":{"alt_text":"","src":"https:\/\/i0.wp.com\/deltaimage.de\/wp\/wp-content\/uploads\/1710355947384_1200.jpg?fit=1200%2C450&ssl=1&resize=350%2C200","width":350,"height":200,"srcset":"https:\/\/i0.wp.com\/deltaimage.de\/wp\/wp-content\/uploads\/1710355947384_1200.jpg?fit=1200%2C450&ssl=1&resize=350%2C200 1x, https:\/\/i0.wp.com\/deltaimage.de\/wp\/wp-content\/uploads\/1710355947384_1200.jpg?fit=1200%2C450&ssl=1&resize=525%2C300 1.5x, https:\/\/i0.wp.com\/deltaimage.de\/wp\/wp-content\/uploads\/1710355947384_1200.jpg?fit=1200%2C450&ssl=1&resize=700%2C400 2x, https:\/\/i0.wp.com\/deltaimage.de\/wp\/wp-content\/uploads\/1710355947384_1200.jpg?fit=1200%2C450&ssl=1&resize=1050%2C600 3x"},"classes":[]},{"id":21847,"url":"https:\/\/deltaimage.de\/wp\/?p=21847","url_meta":{"origin":21849,"position":4},"title":"Prager Kleinseite und Altst\u00e4dter Ring \u2013 Kleinode im Schatten der Prager Burg","author":"EschbacP","date":"5. Juni 2019","format":false,"excerpt":"Barock reiht sich an Barock. Kirche reiht sich an Kirche. Dazwischen vielleicht einmal ein Renaissance-Juwel. Die Kleinseite am linken Moldauufer mit der Barockkirche St. Niklas auf der Kleinseite, mit der die Szenerie pr\u00e4genden Dominante am Kleinseitener Ring entf\u00fchrt den Besucher in eine in Europa unbekannte Welt von komplett erhalten gebliebenen\u2026","rel":"","context":"In &quot;BAYERWALDTEAM&quot;","block_context":{"text":"BAYERWALDTEAM","link":"https:\/\/deltaimage.de\/wp\/?cat=861"},"img":{"alt_text":"","src":"https:\/\/i0.wp.com\/deltaimage.de\/wp\/wp-content\/uploads\/ZY5M1720_1200.jpg?fit=1200%2C450&ssl=1&resize=350%2C200","width":350,"height":200,"srcset":"https:\/\/i0.wp.com\/deltaimage.de\/wp\/wp-content\/uploads\/ZY5M1720_1200.jpg?fit=1200%2C450&ssl=1&resize=350%2C200 1x, https:\/\/i0.wp.com\/deltaimage.de\/wp\/wp-content\/uploads\/ZY5M1720_1200.jpg?fit=1200%2C450&ssl=1&resize=525%2C300 1.5x, https:\/\/i0.wp.com\/deltaimage.de\/wp\/wp-content\/uploads\/ZY5M1720_1200.jpg?fit=1200%2C450&ssl=1&resize=700%2C400 2x, https:\/\/i0.wp.com\/deltaimage.de\/wp\/wp-content\/uploads\/ZY5M1720_1200.jpg?fit=1200%2C450&ssl=1&resize=1050%2C600 3x"},"classes":[]},{"id":9673,"url":"https:\/\/deltaimage.de\/wp\/?p=9673","url_meta":{"origin":21849,"position":5},"title":"Weihnachten in der goldenen Stadt Prag","author":"EschbacP","date":"14. Dezember 2015","format":false,"excerpt":"Die goldene Stadt Prag hat den Beinamen nicht durch die goldene Stimme von Karel Gott, sondern aus dem Mittelalter. Die T\u00fcrme der Kirchen und der Stadttore waren zum Wetterschutz auch mit purem Gold \u00fcberzogen - daher die goldene Stadt. \u00a0 Seit 2000 bin ich gesch\u00e4ftlich st\u00e4ndig in Tschechien und in\u2026","rel":"","context":"In &quot;Fotografie&quot;","block_context":{"text":"Fotografie","link":"https:\/\/deltaimage.de\/wp\/?cat=848"},"img":{"alt_text":"Weihnachten in der goldenen Stadt Prag","src":"https:\/\/i0.wp.com\/deltaimage.de\/wp\/wp-content\/uploads\/IMG_0923_Prag_1200.jpg?fit=1200%2C500&ssl=1&resize=350%2C200","width":350,"height":200,"srcset":"https:\/\/i0.wp.com\/deltaimage.de\/wp\/wp-content\/uploads\/IMG_0923_Prag_1200.jpg?fit=1200%2C500&ssl=1&resize=350%2C200 1x, https:\/\/i0.wp.com\/deltaimage.de\/wp\/wp-content\/uploads\/IMG_0923_Prag_1200.jpg?fit=1200%2C500&ssl=1&resize=525%2C300 1.5x, https:\/\/i0.wp.com\/deltaimage.de\/wp\/wp-content\/uploads\/IMG_0923_Prag_1200.jpg?fit=1200%2C500&ssl=1&resize=700%2C400 2x, https:\/\/i0.wp.com\/deltaimage.de\/wp\/wp-content\/uploads\/IMG_0923_Prag_1200.jpg?fit=1200%2C500&ssl=1&resize=1050%2C600 3x"},"classes":[]}],"jetpack_sharing_enabled":true,"_links":{"self":[{"href":"https:\/\/deltaimage.de\/wp\/index.php?rest_route=\/wp\/v2\/posts\/21849","targetHints":{"allow":["GET"]}}],"collection":[{"href":"https:\/\/deltaimage.de\/wp\/index.php?rest_route=\/wp\/v2\/posts"}],"about":[{"href":"https:\/\/deltaimage.de\/wp\/index.php?rest_route=\/wp\/v2\/types\/post"}],"author":[{"embeddable":true,"href":"https:\/\/deltaimage.de\/wp\/index.php?rest_route=\/wp\/v2\/users\/1"}],"replies":[{"embeddable":true,"href":"https:\/\/deltaimage.de\/wp\/index.php?rest_route=%2Fwp%2Fv2%2Fcomments&post=21849"}],"version-history":[{"count":4,"href":"https:\/\/deltaimage.de\/wp\/index.php?rest_route=\/wp\/v2\/posts\/21849\/revisions"}],"predecessor-version":[{"id":51089,"href":"https:\/\/deltaimage.de\/wp\/index.php?rest_route=\/wp\/v2\/posts\/21849\/revisions\/51089"}],"wp:featuredmedia":[{"embeddable":true,"href":"https:\/\/deltaimage.de\/wp\/index.php?rest_route=\/wp\/v2\/media\/21854"}],"wp:attachment":[{"href":"https:\/\/deltaimage.de\/wp\/index.php?rest_route=%2Fwp%2Fv2%2Fmedia&parent=21849"}],"wp:term":[{"taxonomy":"category","embeddable":true,"href":"https:\/\/deltaimage.de\/wp\/index.php?rest_route=%2Fwp%2Fv2%2Fcategories&post=21849"},{"taxonomy":"post_tag","embeddable":true,"href":"https:\/\/deltaimage.de\/wp\/index.php?rest_route=%2Fwp%2Fv2%2Ftags&post=21849"}],"curies":[{"name":"wp","href":"https:\/\/api.w.org\/{rel}","templated":true}]}}