{"id":22346,"date":"2019-08-17T19:14:55","date_gmt":"2019-08-17T18:14:55","guid":{"rendered":"http:\/\/deltaimage.de\/wp\/?p=22346"},"modified":"2025-08-17T21:36:39","modified_gmt":"2025-08-17T19:36:39","slug":"feuerzeichen-am-nachthimmel-ueber-dem-schloss-dachau-es-ist-wieder-volksfestzeit","status":"publish","type":"post","link":"https:\/\/deltaimage.de\/wp\/?p=22346","title":{"rendered":"Feuerzeichen am Nachthimmel \u00fcber dem Schloss Dachau &#8211; es ist wieder Volksfestzeit"},"content":{"rendered":"<p>Schon tausend Mal gesehen, aber das n\u00e4chste Mal ist immer das spannendste Feuerwerk. Dann versuchen wir dieses Jahr mal wieder ein ganz anderes Motiv aus dem immer gleichen Feuerwerk zu finden.<\/p>\n<p><a href=\"https:\/\/i0.wp.com\/deltaimage.de\/wp\/wp-content\/uploads\/PE1S1822_900.jpg\"><img data-recalc-dims=\"1\" loading=\"lazy\" decoding=\"async\" data-attachment-id=\"22350\" data-permalink=\"https:\/\/deltaimage.de\/wp\/?attachment_id=22350#main\" data-orig-file=\"https:\/\/i0.wp.com\/deltaimage.de\/wp\/wp-content\/uploads\/PE1S1822_900.jpg?fit=890%2C593&amp;ssl=1\" data-orig-size=\"890,593\" data-comments-opened=\"0\" data-image-meta=\"{&quot;aperture&quot;:&quot;6.3&quot;,&quot;credit&quot;:&quot;Paul Eschbach&quot;,&quot;camera&quot;:&quot;Canon EOS-1Ds Mark III&quot;,&quot;caption&quot;:&quot;&quot;,&quot;created_timestamp&quot;:&quot;1565905298&quot;,&quot;copyright&quot;:&quot;&quot;,&quot;focal_length&quot;:&quot;65&quot;,&quot;iso&quot;:&quot;200&quot;,&quot;shutter_speed&quot;:&quot;1.6&quot;,&quot;title&quot;:&quot;&quot;,&quot;orientation&quot;:&quot;0&quot;}\" data-image-title=\"PE1S1822_900\" data-image-description=\"\" data-image-caption=\"\" data-large-file=\"https:\/\/i0.wp.com\/deltaimage.de\/wp\/wp-content\/uploads\/PE1S1822_900.jpg?fit=890%2C593&amp;ssl=1\" class=\"size-full wp-image-22350 aligncenter\" src=\"https:\/\/i0.wp.com\/deltaimage.de\/wp\/wp-content\/uploads\/PE1S1822_900.jpg?resize=890%2C593\" alt=\"PES\" width=\"890\" height=\"593\" srcset=\"https:\/\/i0.wp.com\/deltaimage.de\/wp\/wp-content\/uploads\/PE1S1822_900.jpg?w=890&amp;ssl=1 890w, https:\/\/i0.wp.com\/deltaimage.de\/wp\/wp-content\/uploads\/PE1S1822_900.jpg?resize=200%2C133&amp;ssl=1 200w, https:\/\/i0.wp.com\/deltaimage.de\/wp\/wp-content\/uploads\/PE1S1822_900.jpg?resize=300%2C200&amp;ssl=1 300w, https:\/\/i0.wp.com\/deltaimage.de\/wp\/wp-content\/uploads\/PE1S1822_900.jpg?resize=675%2C450&amp;ssl=1 675w, https:\/\/i0.wp.com\/deltaimage.de\/wp\/wp-content\/uploads\/PE1S1822_900.jpg?resize=600%2C400&amp;ssl=1 600w\" sizes=\"auto, (max-width: 890px) 100vw, 890px\" \/><\/a><\/p>\n<p><!--more--><\/p>\n<h2>Die Dramaturgie ist immer neu &#8211; sagt der Feuerwerker<\/h2>\n<p>Als Fotograf sehe ich das Feuerwerk mit anderen Augen. Darauf kann man sich dann beim Fotografieren auch immer einstellen &#8211; das klappt von Jahr zu Jahr.<\/p>\n<p><a href=\"https:\/\/i0.wp.com\/deltaimage.de\/wp\/wp-content\/uploads\/PE1S1851_900.jpg\"><br \/>\n<img data-recalc-dims=\"1\" loading=\"lazy\" decoding=\"async\" class=\"size-full wp-image-22352 aligncenter\" src=\"https:\/\/i0.wp.com\/deltaimage.de\/wp\/wp-content\/uploads\/PE1S1851_900.jpg?resize=890%2C886\" alt=\"PES\" width=\"890\" height=\"886\" \/><\/a><\/p>\n<p>Mit einer modernen Digitalkamera ein Feuerwerk auf den Chip zu bannen, ist eigentlich nicht schwer. Beschr\u00e4nkt man sich darauf, \u00e4hneln sich die Fotos von Jahr zu Jahr und von Feuerwerk zu Feuerwerk doch schon sehr stark. Die Fotos will dann auch niemand ansehen. Also lassen wir uns immer wieder etwas Neues einfallen, um Abwechslung bieten zu k\u00f6nnen.<\/p>\n<p>&nbsp;<\/p>\n<h2>Dramatisches Feuerwerk mit dem Schloss Dachau im Bild<\/h2>\n<p>Am Nachthimmel ist nicht viel Platz. B\u00e4ume sind im Weg und Stra\u00dfenlaternen gesellen sich zu Verkehrsampeln und engen den nutzbaren Teil des Nachthimmels stark ein.<\/p>\n<p><a href=\"https:\/\/i0.wp.com\/deltaimage.de\/wp\/wp-content\/uploads\/PE1S1826_900.jpg\"><img data-recalc-dims=\"1\" loading=\"lazy\" decoding=\"async\" data-attachment-id=\"22351\" data-permalink=\"https:\/\/deltaimage.de\/wp\/?attachment_id=22351#main\" data-orig-file=\"https:\/\/i0.wp.com\/deltaimage.de\/wp\/wp-content\/uploads\/PE1S1826_900.jpg?fit=890%2C593&amp;ssl=1\" data-orig-size=\"890,593\" data-comments-opened=\"0\" data-image-meta=\"{&quot;aperture&quot;:&quot;6.3&quot;,&quot;credit&quot;:&quot;Paul Eschbach&quot;,&quot;camera&quot;:&quot;Canon EOS-1Ds Mark III&quot;,&quot;caption&quot;:&quot;&quot;,&quot;created_timestamp&quot;:&quot;1565905311&quot;,&quot;copyright&quot;:&quot;&quot;,&quot;focal_length&quot;:&quot;65&quot;,&quot;iso&quot;:&quot;200&quot;,&quot;shutter_speed&quot;:&quot;1.6&quot;,&quot;title&quot;:&quot;&quot;,&quot;orientation&quot;:&quot;0&quot;}\" data-image-title=\"PE1S1826_900\" data-image-description=\"\" data-image-caption=\"\" data-large-file=\"https:\/\/i0.wp.com\/deltaimage.de\/wp\/wp-content\/uploads\/PE1S1826_900.jpg?fit=890%2C593&amp;ssl=1\" class=\"size-full wp-image-22351 aligncenter\" src=\"https:\/\/i0.wp.com\/deltaimage.de\/wp\/wp-content\/uploads\/PE1S1826_900.jpg?resize=890%2C593\" alt=\"PES\" width=\"890\" height=\"593\" srcset=\"https:\/\/i0.wp.com\/deltaimage.de\/wp\/wp-content\/uploads\/PE1S1826_900.jpg?w=890&amp;ssl=1 890w, https:\/\/i0.wp.com\/deltaimage.de\/wp\/wp-content\/uploads\/PE1S1826_900.jpg?resize=200%2C133&amp;ssl=1 200w, https:\/\/i0.wp.com\/deltaimage.de\/wp\/wp-content\/uploads\/PE1S1826_900.jpg?resize=300%2C200&amp;ssl=1 300w, https:\/\/i0.wp.com\/deltaimage.de\/wp\/wp-content\/uploads\/PE1S1826_900.jpg?resize=675%2C450&amp;ssl=1 675w, https:\/\/i0.wp.com\/deltaimage.de\/wp\/wp-content\/uploads\/PE1S1826_900.jpg?resize=600%2C400&amp;ssl=1 600w\" sizes=\"auto, (max-width: 890px) 100vw, 890px\" \/><\/a><\/p>\n<p>Dann beschr\u00e4nken wir uns auf einen sehr starken Ausschnitt aus der ganzen Szenerie und alles passt wieder. Jetzt k\u00f6nnen wir die 5 Minuten H\u00f6llenspektakel genie\u00dfen und bestaunen die Muster, die der Feuerwerker dieses Jahr in den Himmel schreibt. Herrlich &#8211; wieder ein sehr guter Grund, um sich das Spektakel anzuschauen.<\/p>\n","protected":false},"excerpt":{"rendered":"<p>Schon tausend Mal gesehen, aber das n\u00e4chste Mal ist immer das spannendste Feuerwerk. Dann versuchen wir dieses Jahr mal wieder ein ganz anderes Motiv aus dem immer gleichen Feuerwerk zu [&hellip;]<\/p>\n","protected":false},"author":1,"featured_media":51006,"comment_status":"closed","ping_status":"closed","sticky":false,"template":"","format":"standard","meta":{"wpupg_custom_link":[],"wpupg_custom_link_behaviour":["default"],"wpupg_custom_link_nofollow":["default"],"wpupg_custom_image":[],"wpupg_custom_image_id":[],"jetpack_post_was_ever_published":false,"footnotes":""},"categories":[3010,8],"tags":[95,530,267,197,298],"class_list":["post-22346","post","type-post","status-publish","format-standard","has-post-thumbnail","hentry","category-dachauer-land","category-news","tag-dachau","tag-dachauer-land","tag-feuerwerk","tag-sommer","tag-volksfest"],"jetpack_featured_media_url":"https:\/\/i0.wp.com\/deltaimage.de\/wp\/wp-content\/uploads\/PE1S1753_1200.jpg?fit=1200%2C450&ssl=1","jetpack-related-posts":[{"id":15220,"url":"https:\/\/deltaimage.de\/wp\/?p=15220","url_meta":{"origin":22346,"position":0},"title":"Fotografie bedeutet auch einem bekannten Motiv eine neue Perspektive zu er\u00f6ffnen","author":"EschbacP","date":"18. August 2017","format":false,"excerpt":"Das Dachauer Volksfest ist eine fixe Veranstaltung im Dachauer Land und das Brilliantfeuerwerk ist einer der H\u00f6hepunkte dieses altbayerischen Volksfestes. Jedes Jahr wieder. Man kennt das Volksfest und man kennt das Feuerwerk. Dieses Jahr waren wir zusammen mit J\u00f6rg und Martha beim Fotografieren. \u00a0 Fotografie bedeutet auch, einem Motiv immer\u2026","rel":"","context":"In &quot;Dachauer Moos&quot;","block_context":{"text":"Dachauer Moos","link":"https:\/\/deltaimage.de\/wp\/?cat=2523"},"img":{"alt_text":"","src":"https:\/\/i0.wp.com\/deltaimage.de\/wp\/wp-content\/uploads\/PE1S0017_1200.jpg?fit=1200%2C450&ssl=1&resize=350%2C200","width":350,"height":200,"srcset":"https:\/\/i0.wp.com\/deltaimage.de\/wp\/wp-content\/uploads\/PE1S0017_1200.jpg?fit=1200%2C450&ssl=1&resize=350%2C200 1x, https:\/\/i0.wp.com\/deltaimage.de\/wp\/wp-content\/uploads\/PE1S0017_1200.jpg?fit=1200%2C450&ssl=1&resize=525%2C300 1.5x, https:\/\/i0.wp.com\/deltaimage.de\/wp\/wp-content\/uploads\/PE1S0017_1200.jpg?fit=1200%2C450&ssl=1&resize=700%2C400 2x, https:\/\/i0.wp.com\/deltaimage.de\/wp\/wp-content\/uploads\/PE1S0017_1200.jpg?fit=1200%2C450&ssl=1&resize=1050%2C600 3x"},"classes":[]},{"id":50422,"url":"https:\/\/deltaimage.de\/wp\/?p=50422","url_meta":{"origin":22346,"position":1},"title":"Feuerzeichen \u00fcber dem Dachauer Moos &#8211; Brillantfeuerwerk","author":"EschbacP","date":"14. August 2025","format":false,"excerpt":"Das Dachauer Schloss steht auf dem Karlsberg etwa 25 Meter \u00fcber dem Dachauer Moos. Vom Schlossgarten schweift der Blick weit in die flache Niedermoor-Landschaft hinaus. So kann man auch aus weiten Teilen des Dachauer Mooses das Dachauer Schloss selbst sehen. Auch aus dem Dachauer H\u00fcgelland ist das Dachauer Schloss weithin\u2026","rel":"","context":"In &quot;Dachauer Land&quot;","block_context":{"text":"Dachauer Land","link":"https:\/\/deltaimage.de\/wp\/?cat=3010"},"img":{"alt_text":"","src":"https:\/\/i0.wp.com\/deltaimage.de\/wp\/wp-content\/uploads\/PE1S0131_1200.jpg?fit=1200%2C450&ssl=1&resize=350%2C200","width":350,"height":200,"srcset":"https:\/\/i0.wp.com\/deltaimage.de\/wp\/wp-content\/uploads\/PE1S0131_1200.jpg?fit=1200%2C450&ssl=1&resize=350%2C200 1x, https:\/\/i0.wp.com\/deltaimage.de\/wp\/wp-content\/uploads\/PE1S0131_1200.jpg?fit=1200%2C450&ssl=1&resize=525%2C300 1.5x, https:\/\/i0.wp.com\/deltaimage.de\/wp\/wp-content\/uploads\/PE1S0131_1200.jpg?fit=1200%2C450&ssl=1&resize=700%2C400 2x, https:\/\/i0.wp.com\/deltaimage.de\/wp\/wp-content\/uploads\/PE1S0131_1200.jpg?fit=1200%2C450&ssl=1&resize=1050%2C600 3x"},"classes":[]},{"id":43400,"url":"https:\/\/deltaimage.de\/wp\/?p=43400","url_meta":{"origin":22346,"position":2},"title":"Ich schau mir das Brilliant-Feuerwerk zum Dachauer Volksfest aus dem Moos aus an","author":"EschbacP","date":"16. August 2024","format":false,"excerpt":"Jedes Jahr immer wieder das gleiche: \"Von wo aus will ich mir das Feuerwerk zum Dachauer Volksfest dieses Jahr ansehen und vielleicht auch fotografieren?\" Es ist ja nicht so, dass man das Feuerwerk nur von wenigen Pl\u00e4tzen aus gut sehen und erleben k\u00f6nnte. Von jedem Ort aus erscheint das Feuerwerk\u2026","rel":"","context":"In &quot;Dachauer Land&quot;","block_context":{"text":"Dachauer Land","link":"https:\/\/deltaimage.de\/wp\/?cat=3010"},"img":{"alt_text":"","src":"https:\/\/i0.wp.com\/deltaimage.de\/wp\/wp-content\/uploads\/PED46528_1200.jpg?fit=1200%2C450&ssl=1&resize=350%2C200","width":350,"height":200,"srcset":"https:\/\/i0.wp.com\/deltaimage.de\/wp\/wp-content\/uploads\/PED46528_1200.jpg?fit=1200%2C450&ssl=1&resize=350%2C200 1x, https:\/\/i0.wp.com\/deltaimage.de\/wp\/wp-content\/uploads\/PED46528_1200.jpg?fit=1200%2C450&ssl=1&resize=525%2C300 1.5x, https:\/\/i0.wp.com\/deltaimage.de\/wp\/wp-content\/uploads\/PED46528_1200.jpg?fit=1200%2C450&ssl=1&resize=700%2C400 2x, https:\/\/i0.wp.com\/deltaimage.de\/wp\/wp-content\/uploads\/PED46528_1200.jpg?fit=1200%2C450&ssl=1&resize=1050%2C600 3x"},"classes":[]},{"id":19998,"url":"https:\/\/deltaimage.de\/wp\/?p=19998","url_meta":{"origin":22346,"position":3},"title":"Volksfest in der Ludwig Thoma Stadt Dachau","author":"EschbacP","date":"17. August 2018","format":false,"excerpt":"Der Sommer in Dachau w\u00e4hrend der gro\u00dfen Schulferien ist ganz besonders sch\u00f6n. Seit den 50er Jahren ist das Dachauer Volksfest in der Woche um den 15. August - das ist praktisch, da der 15. August in katholischen Landesteilen ein Feiertag ist. Eine ganze Woche Trubel auf der Volksfestwiese vers\u00fc\u00dft das\u2026","rel":"","context":"In &quot;Dachauer Land&quot;","block_context":{"text":"Dachauer Land","link":"https:\/\/deltaimage.de\/wp\/?cat=3010"},"img":{"alt_text":"","src":"https:\/\/i0.wp.com\/deltaimage.de\/wp\/wp-content\/uploads\/PE1S0136_1200.jpg?fit=1200%2C450&ssl=1&resize=350%2C200","width":350,"height":200,"srcset":"https:\/\/i0.wp.com\/deltaimage.de\/wp\/wp-content\/uploads\/PE1S0136_1200.jpg?fit=1200%2C450&ssl=1&resize=350%2C200 1x, https:\/\/i0.wp.com\/deltaimage.de\/wp\/wp-content\/uploads\/PE1S0136_1200.jpg?fit=1200%2C450&ssl=1&resize=525%2C300 1.5x, https:\/\/i0.wp.com\/deltaimage.de\/wp\/wp-content\/uploads\/PE1S0136_1200.jpg?fit=1200%2C450&ssl=1&resize=700%2C400 2x, https:\/\/i0.wp.com\/deltaimage.de\/wp\/wp-content\/uploads\/PE1S0136_1200.jpg?fit=1200%2C450&ssl=1&resize=1050%2C600 3x"},"classes":[]},{"id":35220,"url":"https:\/\/deltaimage.de\/wp\/?p=35220","url_meta":{"origin":22346,"position":4},"title":"Ein Sommernachtstraum in M\u00fcnchen &#8211; Musik und Feuerwerk im Nachthimmel","author":"EschbacP","date":"17. Juli 2022","format":false,"excerpt":"Die k\u00fcrzeste Nacht des Jahres ist die B\u00fchne f\u00fcr den Sommernachtstraum in M\u00fcnchen, die Nacht wird zum Erlebnis von Musik, Licht und Eventveranstaltung auf dem Olympiagel\u00e4nde vor der Seeb\u00fchne. In den zwei Jahren vor der Pandemie fielt auf den Termin des Sommernachtstraums auch immer ein Gewitter mit Regen. Dieses Jahr\u2026","rel":"","context":"In &quot;News Blog&quot;","block_context":{"text":"News Blog","link":"https:\/\/deltaimage.de\/wp\/?cat=8"},"img":{"alt_text":"","src":"https:\/\/i0.wp.com\/deltaimage.de\/wp\/wp-content\/uploads\/PE1S2340_1200.jpg?fit=1200%2C450&ssl=1&resize=350%2C200","width":350,"height":200,"srcset":"https:\/\/i0.wp.com\/deltaimage.de\/wp\/wp-content\/uploads\/PE1S2340_1200.jpg?fit=1200%2C450&ssl=1&resize=350%2C200 1x, https:\/\/i0.wp.com\/deltaimage.de\/wp\/wp-content\/uploads\/PE1S2340_1200.jpg?fit=1200%2C450&ssl=1&resize=525%2C300 1.5x, https:\/\/i0.wp.com\/deltaimage.de\/wp\/wp-content\/uploads\/PE1S2340_1200.jpg?fit=1200%2C450&ssl=1&resize=700%2C400 2x, https:\/\/i0.wp.com\/deltaimage.de\/wp\/wp-content\/uploads\/PE1S2340_1200.jpg?fit=1200%2C450&ssl=1&resize=1050%2C600 3x"},"classes":[]},{"id":22326,"url":"https:\/\/deltaimage.de\/wp\/?p=22326","url_meta":{"origin":22346,"position":5},"title":"Das Volksfest in Dachau geh\u00f6rt zum Sommer in den gro\u00dfen Ferien","author":"EschbacP","date":"17. August 2019","format":false,"excerpt":"Die gro\u00dfen Schulferien, die k\u00fcrzer werden Tage, der erste Nebel am Morgen und das Dachauer Volksfest geh\u00f6ren einfach zusammen. Wie viel Erinnerungen hat man \u00fcber all die Jahre in genau diese Zeit in der Mitte des August. So viel Vertrautes findet man dort und trifft einmal im Jahr die vielen\u2026","rel":"","context":"In &quot;News Blog&quot;","block_context":{"text":"News Blog","link":"https:\/\/deltaimage.de\/wp\/?cat=8"},"img":{"alt_text":"","src":"https:\/\/i0.wp.com\/deltaimage.de\/wp\/wp-content\/uploads\/PE1S0618_1200.jpg?fit=1200%2C450&ssl=1&resize=350%2C200","width":350,"height":200,"srcset":"https:\/\/i0.wp.com\/deltaimage.de\/wp\/wp-content\/uploads\/PE1S0618_1200.jpg?fit=1200%2C450&ssl=1&resize=350%2C200 1x, https:\/\/i0.wp.com\/deltaimage.de\/wp\/wp-content\/uploads\/PE1S0618_1200.jpg?fit=1200%2C450&ssl=1&resize=525%2C300 1.5x, https:\/\/i0.wp.com\/deltaimage.de\/wp\/wp-content\/uploads\/PE1S0618_1200.jpg?fit=1200%2C450&ssl=1&resize=700%2C400 2x, https:\/\/i0.wp.com\/deltaimage.de\/wp\/wp-content\/uploads\/PE1S0618_1200.jpg?fit=1200%2C450&ssl=1&resize=1050%2C600 3x"},"classes":[]}],"jetpack_sharing_enabled":true,"_links":{"self":[{"href":"https:\/\/deltaimage.de\/wp\/index.php?rest_route=\/wp\/v2\/posts\/22346","targetHints":{"allow":["GET"]}}],"collection":[{"href":"https:\/\/deltaimage.de\/wp\/index.php?rest_route=\/wp\/v2\/posts"}],"about":[{"href":"https:\/\/deltaimage.de\/wp\/index.php?rest_route=\/wp\/v2\/types\/post"}],"author":[{"embeddable":true,"href":"https:\/\/deltaimage.de\/wp\/index.php?rest_route=\/wp\/v2\/users\/1"}],"replies":[{"embeddable":true,"href":"https:\/\/deltaimage.de\/wp\/index.php?rest_route=%2Fwp%2Fv2%2Fcomments&post=22346"}],"version-history":[{"count":7,"href":"https:\/\/deltaimage.de\/wp\/index.php?rest_route=\/wp\/v2\/posts\/22346\/revisions"}],"predecessor-version":[{"id":51008,"href":"https:\/\/deltaimage.de\/wp\/index.php?rest_route=\/wp\/v2\/posts\/22346\/revisions\/51008"}],"wp:featuredmedia":[{"embeddable":true,"href":"https:\/\/deltaimage.de\/wp\/index.php?rest_route=\/wp\/v2\/media\/51006"}],"wp:attachment":[{"href":"https:\/\/deltaimage.de\/wp\/index.php?rest_route=%2Fwp%2Fv2%2Fmedia&parent=22346"}],"wp:term":[{"taxonomy":"category","embeddable":true,"href":"https:\/\/deltaimage.de\/wp\/index.php?rest_route=%2Fwp%2Fv2%2Fcategories&post=22346"},{"taxonomy":"post_tag","embeddable":true,"href":"https:\/\/deltaimage.de\/wp\/index.php?rest_route=%2Fwp%2Fv2%2Ftags&post=22346"}],"curies":[{"name":"wp","href":"https:\/\/api.w.org\/{rel}","templated":true}]}}