{"id":22944,"date":"2019-10-31T19:42:09","date_gmt":"2019-10-31T18:42:09","guid":{"rendered":"http:\/\/deltaimage.de\/wp\/?p=22944"},"modified":"2020-12-25T15:08:54","modified_gmt":"2020-12-25T14:08:54","slug":"abendzeitung-mit-unseren-fotos-der-junkers-f13","status":"publish","type":"post","link":"https:\/\/deltaimage.de\/wp\/?p=22944","title":{"rendered":"ABENDZEITUNG mit unseren Fotos der JUNKERS F 13"},"content":{"rendered":"<p>Heute noch f\u00fcr das Deutsche Museum fotografiert, morgen sind die Fotos schon in der Abendzeitung in einem gro\u00dfen Bericht \u00fcber die JUNKERS F 13.<a href=\"https:\/\/i0.wp.com\/deltaimage.de\/wp\/wp-content\/uploads\/Abendzeitung_JunkersF13.png\"><img data-recalc-dims=\"1\" loading=\"lazy\" decoding=\"async\" data-attachment-id=\"22945\" data-permalink=\"https:\/\/deltaimage.de\/wp\/?attachment_id=22945#main\" data-orig-file=\"https:\/\/i0.wp.com\/deltaimage.de\/wp\/wp-content\/uploads\/Abendzeitung_JunkersF13.png?fit=595%2C1724&amp;ssl=1\" data-orig-size=\"595,1724\" data-comments-opened=\"0\" data-image-meta=\"{&quot;aperture&quot;:&quot;0&quot;,&quot;credit&quot;:&quot;&quot;,&quot;camera&quot;:&quot;&quot;,&quot;caption&quot;:&quot;&quot;,&quot;created_timestamp&quot;:&quot;0&quot;,&quot;copyright&quot;:&quot;&quot;,&quot;focal_length&quot;:&quot;0&quot;,&quot;iso&quot;:&quot;0&quot;,&quot;shutter_speed&quot;:&quot;0&quot;,&quot;title&quot;:&quot;&quot;,&quot;orientation&quot;:&quot;0&quot;}\" data-image-title=\"Abendzeitung_JunkersF13\" data-image-description=\"\" data-image-caption=\"\" data-large-file=\"https:\/\/i0.wp.com\/deltaimage.de\/wp\/wp-content\/uploads\/Abendzeitung_JunkersF13.png?fit=353%2C1024&amp;ssl=1\" class=\"aligncenter size-full wp-image-22945\" src=\"https:\/\/i0.wp.com\/deltaimage.de\/wp\/wp-content\/uploads\/Abendzeitung_JunkersF13.png?resize=595%2C1724\" width=\"595\" height=\"1724\" alt=\"Abendzeitung JunkersF\" srcset=\"https:\/\/i0.wp.com\/deltaimage.de\/wp\/wp-content\/uploads\/Abendzeitung_JunkersF13.png?w=595&amp;ssl=1 595w, https:\/\/i0.wp.com\/deltaimage.de\/wp\/wp-content\/uploads\/Abendzeitung_JunkersF13.png?resize=69%2C200&amp;ssl=1 69w, https:\/\/i0.wp.com\/deltaimage.de\/wp\/wp-content\/uploads\/Abendzeitung_JunkersF13.png?resize=104%2C300&amp;ssl=1 104w, https:\/\/i0.wp.com\/deltaimage.de\/wp\/wp-content\/uploads\/Abendzeitung_JunkersF13.png?resize=353%2C1024&amp;ssl=1 353w, https:\/\/i0.wp.com\/deltaimage.de\/wp\/wp-content\/uploads\/Abendzeitung_JunkersF13.png?resize=205%2C593&amp;ssl=1 205w, https:\/\/i0.wp.com\/deltaimage.de\/wp\/wp-content\/uploads\/Abendzeitung_JunkersF13.png?resize=155%2C450&amp;ssl=1 155w, https:\/\/i0.wp.com\/deltaimage.de\/wp\/wp-content\/uploads\/Abendzeitung_JunkersF13.png?resize=138%2C400&amp;ssl=1 138w\" sizes=\"auto, (max-width: 595px) 100vw, 595px\" \/><\/a><\/p>\n<p>&nbsp;<\/p>\n<p>Zum Originalbericht der <a href=\"https:\/\/www.abendzeitung-muenchen.de\/inhalt.100-jahre-junkers-f-13-flug-ueber-muenchen-die-az-hebt-im-legendaeren-wellblech-flieger-ab.915cfac0-f5aa-4d3c-b5ce-a864cc4cdfb4.html\" target=\"_blank\" rel=\"noopener noreferrer\">ABENDZEITUNG<\/a>.<\/p>\n","protected":false},"excerpt":{"rendered":"<p>Heute noch f\u00fcr das Deutsche Museum fotografiert, morgen sind die Fotos schon in der Abendzeitung in einem gro\u00dfen Bericht \u00fcber die JUNKERS F 13. &nbsp; Zum Originalbericht der ABENDZEITUNG.<\/p>\n","protected":false},"author":1,"featured_media":22912,"comment_status":"closed","ping_status":"closed","sticky":false,"template":"","format":"standard","meta":{"wpupg_custom_link":[],"wpupg_custom_link_behaviour":[],"wpupg_custom_link_nofollow":[],"wpupg_custom_image":[],"wpupg_custom_image_id":[],"jetpack_post_was_ever_published":false,"footnotes":""},"categories":[8],"tags":[2657,71,2658,204,828,2656,2646],"class_list":["post-22944","post","type-post","status-publish","format-standard","has-post-thumbnail","hentry","category-news","tag-abendzeitung","tag-deutsches-museum","tag-dieter-morszeck","tag-flugwerft-schleissheim","tag-junkers-f13","tag-junkers-flugzeugwerke-ag","tag-rimowa"],"jetpack_featured_media_url":"https:\/\/i0.wp.com\/deltaimage.de\/wp\/wp-content\/uploads\/PE1S0663_1200.jpg?fit=1200%2C450&ssl=1","jetpack-related-posts":[{"id":22890,"url":"https:\/\/deltaimage.de\/wp\/?p=22890","url_meta":{"origin":22944,"position":0},"title":"JUNKERS F 13 im Deutschen Museum Flugwerft Schlei\u00dfheim","author":"EschbacP","date":"31. Oktober 2019","format":false,"excerpt":"Das Deutsche Museum und die Junkers Flugzeugwerke AG beauftragen DELTA IMAGE mit Luftaufnahmen der einmaligen Junker F 13 im Himmel \u00fcber Schlei\u00dfheim und M\u00fcnchen. Die Junker F 13 war das erste Verkehrsflugzeug aus Ganzmetall und wurde von RIMOWA wieder als Nachbau in die Luft gebracht. \u00a0 JUNKERS F 13 Erstflug\u2026","rel":"","context":"In &quot;Event - Fotografie&quot;","block_context":{"text":"Event - Fotografie","link":"https:\/\/deltaimage.de\/wp\/?cat=851"},"img":{"alt_text":"","src":"https:\/\/i0.wp.com\/deltaimage.de\/wp\/wp-content\/uploads\/PE1S0481_1200.jpg?fit=1200%2C450&ssl=1&resize=350%2C200","width":350,"height":200,"srcset":"https:\/\/i0.wp.com\/deltaimage.de\/wp\/wp-content\/uploads\/PE1S0481_1200.jpg?fit=1200%2C450&ssl=1&resize=350%2C200 1x, https:\/\/i0.wp.com\/deltaimage.de\/wp\/wp-content\/uploads\/PE1S0481_1200.jpg?fit=1200%2C450&ssl=1&resize=525%2C300 1.5x, https:\/\/i0.wp.com\/deltaimage.de\/wp\/wp-content\/uploads\/PE1S0481_1200.jpg?fit=1200%2C450&ssl=1&resize=700%2C400 2x, https:\/\/i0.wp.com\/deltaimage.de\/wp\/wp-content\/uploads\/PE1S0481_1200.jpg?fit=1200%2C450&ssl=1&resize=1050%2C600 3x"},"classes":[]},{"id":22899,"url":"https:\/\/deltaimage.de\/wp\/?p=22899","url_meta":{"origin":22944,"position":1},"title":"JUNKERS F 13 \u2013 die fliegende Luftfahrtgeschichte \u00fcber M\u00fcnchen unterwegs","author":"EschbacP","date":"31. Oktober 2019","format":false,"excerpt":"Selten hat man die Gelegenheit, solche Perlen der Luftfahrt als Zuschauer am Flugplatz beim Start oder der Landung zu bewundern. \u00dcber Jahrzehnte waren die JUNKERS Ju 52 aus D\u00fcbendorf st\u00e4ndige Dauerg\u00e4ste in Schlei\u00dfheim. Und manchmal, da hat man noch mehr Gl\u00fcck. Das Deutsche Museum und die Junkers Flugzeugwerke AG beauftragen\u2026","rel":"","context":"In &quot;Event - Fotografie&quot;","block_context":{"text":"Event - Fotografie","link":"https:\/\/deltaimage.de\/wp\/?cat=851"},"img":{"alt_text":"","src":"https:\/\/i0.wp.com\/deltaimage.de\/wp\/wp-content\/uploads\/PE1S0559_1200.jpg?fit=1200%2C450&ssl=1&resize=350%2C200","width":350,"height":200,"srcset":"https:\/\/i0.wp.com\/deltaimage.de\/wp\/wp-content\/uploads\/PE1S0559_1200.jpg?fit=1200%2C450&ssl=1&resize=350%2C200 1x, https:\/\/i0.wp.com\/deltaimage.de\/wp\/wp-content\/uploads\/PE1S0559_1200.jpg?fit=1200%2C450&ssl=1&resize=525%2C300 1.5x, https:\/\/i0.wp.com\/deltaimage.de\/wp\/wp-content\/uploads\/PE1S0559_1200.jpg?fit=1200%2C450&ssl=1&resize=700%2C400 2x, https:\/\/i0.wp.com\/deltaimage.de\/wp\/wp-content\/uploads\/PE1S0559_1200.jpg?fit=1200%2C450&ssl=1&resize=1050%2C600 3x"},"classes":[]},{"id":43736,"url":"https:\/\/deltaimage.de\/wp\/?p=43736","url_meta":{"origin":22944,"position":2},"title":"Das Buch &#8222;Flugwerft&#8220; passend zur Junkers F 13 in Schlei\u00dfheim","author":"EschbacP","date":"9. September 2024","format":false,"excerpt":"Die Junkers F 13 war das erste neu konstruierte Passagierflugzeug und kombinierte damals die modernsten Luftfahrt-Technologien in ein leistungsf\u00e4higes und sicheres Flugzeug. Die Luftfahrtgesellschaften in den 20er Jahren setzten weltweit auf die Junkers F 13. Von den 314 bis 351 weltweit gebauten Junkers F 13 waren 110 Flugzeuge in Deutschland\u2026","rel":"","context":"In &quot;News Blog&quot;","block_context":{"text":"News Blog","link":"https:\/\/deltaimage.de\/wp\/?cat=8"},"img":{"alt_text":"","src":"https:\/\/i0.wp.com\/deltaimage.de\/wp\/wp-content\/uploads\/PE1S0100_1200.jpg?fit=1200%2C450&ssl=1&resize=350%2C200","width":350,"height":200,"srcset":"https:\/\/i0.wp.com\/deltaimage.de\/wp\/wp-content\/uploads\/PE1S0100_1200.jpg?fit=1200%2C450&ssl=1&resize=350%2C200 1x, https:\/\/i0.wp.com\/deltaimage.de\/wp\/wp-content\/uploads\/PE1S0100_1200.jpg?fit=1200%2C450&ssl=1&resize=525%2C300 1.5x, https:\/\/i0.wp.com\/deltaimage.de\/wp\/wp-content\/uploads\/PE1S0100_1200.jpg?fit=1200%2C450&ssl=1&resize=700%2C400 2x, https:\/\/i0.wp.com\/deltaimage.de\/wp\/wp-content\/uploads\/PE1S0100_1200.jpg?fit=1200%2C450&ssl=1&resize=1050%2C600 3x"},"classes":[]},{"id":22978,"url":"https:\/\/deltaimage.de\/wp\/?p=22978","url_meta":{"origin":22944,"position":3},"title":"Sonderausstellung Flugwerft Schlei\u00dfheim: JUNKERS F 13 und die Anf\u00e4nge des Luftverkehrs in Deutschland","author":"EschbacP","date":"12. November 2019","format":false,"excerpt":"Bis M\u00e4rz 2020 zeigt das Deutsche Museum Flugwerft Schlei\u00dfheim (FWS) eine neue Sonderausstellung \u00fcber den Beginn der Verkehrsfliegerei in Deutschland. \"JUNKERS F 13 und die Anf\u00e4nge des Luftverkehrs in Deutschland\" Der Werftverein e.V. und die Bayerischen Flugzeug Historiker e.V. zeigen anl\u00e4sslich des Erstfluges der JUNKERS F 13 die Geschichte dieses\u2026","rel":"","context":"In &quot;Ausstellung \/ Sonderausstellung&quot;","block_context":{"text":"Ausstellung \/ Sonderausstellung","link":"https:\/\/deltaimage.de\/wp\/?cat=860"},"img":{"alt_text":"","src":"https:\/\/i0.wp.com\/deltaimage.de\/wp\/wp-content\/uploads\/IMG_4247_1200.jpg?fit=1200%2C450&ssl=1&resize=350%2C200","width":350,"height":200,"srcset":"https:\/\/i0.wp.com\/deltaimage.de\/wp\/wp-content\/uploads\/IMG_4247_1200.jpg?fit=1200%2C450&ssl=1&resize=350%2C200 1x, https:\/\/i0.wp.com\/deltaimage.de\/wp\/wp-content\/uploads\/IMG_4247_1200.jpg?fit=1200%2C450&ssl=1&resize=525%2C300 1.5x, https:\/\/i0.wp.com\/deltaimage.de\/wp\/wp-content\/uploads\/IMG_4247_1200.jpg?fit=1200%2C450&ssl=1&resize=700%2C400 2x, https:\/\/i0.wp.com\/deltaimage.de\/wp\/wp-content\/uploads\/IMG_4247_1200.jpg?fit=1200%2C450&ssl=1&resize=1050%2C600 3x"},"classes":[]},{"id":49752,"url":"https:\/\/deltaimage.de\/wp\/?p=49752","url_meta":{"origin":22944,"position":4},"title":"Historische Wellblech-Flugzeuge landen wieder in der Flugwerft Schlei\u00dfheim","author":"EschbacP","date":"24. Juli 2025","format":false,"excerpt":"Der Flugplatz Schlei\u00dfheim ist einer der \u00e4ltesten Flugpl\u00e4tze in Deutschland und in Europa, sicherlich aber der \u00e4lteste Flugplatz in Bayern. Mit der Flugwerft Schlei\u00dfheim ist das weltgr\u00f6\u00dfte Technikmuseum mit der 1992 er\u00f6ffneten Au\u00dfenstelle f\u00fcr Luft- und Raumfahrt hier zugegen und zeigt die Meisterwerke der Technik und deren Geschichte den tausenden\u2026","rel":"","context":"In &quot;Flugplatzwanderung&quot;","block_context":{"text":"Flugplatzwanderung","link":"https:\/\/deltaimage.de\/wp\/?cat=854"},"img":{"alt_text":"","src":"https:\/\/i0.wp.com\/deltaimage.de\/wp\/wp-content\/uploads\/PE1X0880_1200.jpg?fit=1200%2C450&ssl=1&resize=350%2C200","width":350,"height":200,"srcset":"https:\/\/i0.wp.com\/deltaimage.de\/wp\/wp-content\/uploads\/PE1X0880_1200.jpg?fit=1200%2C450&ssl=1&resize=350%2C200 1x, https:\/\/i0.wp.com\/deltaimage.de\/wp\/wp-content\/uploads\/PE1X0880_1200.jpg?fit=1200%2C450&ssl=1&resize=525%2C300 1.5x, https:\/\/i0.wp.com\/deltaimage.de\/wp\/wp-content\/uploads\/PE1X0880_1200.jpg?fit=1200%2C450&ssl=1&resize=700%2C400 2x, https:\/\/i0.wp.com\/deltaimage.de\/wp\/wp-content\/uploads\/PE1X0880_1200.jpg?fit=1200%2C450&ssl=1&resize=1050%2C600 3x"},"classes":[]},{"id":7728,"url":"https:\/\/deltaimage.de\/wp\/?p=7728","url_meta":{"origin":22944,"position":5},"title":"D-AQUI &#8211; die Ju 52 der Lufthansa Stiftung","author":"EschbacP","date":"14. April 2015","format":false,"excerpt":"Die Junkers Ju 52 mit der historischen Kennung D-AQUI kommt inzwischen regelm\u00e4\u00dfig nach Oberschlei\u00dfheim, um von hier aus Rundfl\u00fcge in der Ju 52 anzubieten. \u00a0 Die D-AQUI wird unter Denkmalschutz gestellt Das Fachmagazin \"Klassiker der Luftfahrt\" berichtet in der aktuellen Ausgabe, dass die Junkers Ju 52 mit der historischen Kennung\u2026","rel":"","context":"In &quot;News Blog&quot;","block_context":{"text":"News Blog","link":"https:\/\/deltaimage.de\/wp\/?cat=8"},"img":{"alt_text":"","src":"https:\/\/i0.wp.com\/deltaimage.de\/wp\/wp-content\/uploads\/ZY5M2965_1200.jpg?fit=1200%2C450&ssl=1&resize=350%2C200","width":350,"height":200,"srcset":"https:\/\/i0.wp.com\/deltaimage.de\/wp\/wp-content\/uploads\/ZY5M2965_1200.jpg?fit=1200%2C450&ssl=1&resize=350%2C200 1x, https:\/\/i0.wp.com\/deltaimage.de\/wp\/wp-content\/uploads\/ZY5M2965_1200.jpg?fit=1200%2C450&ssl=1&resize=525%2C300 1.5x, https:\/\/i0.wp.com\/deltaimage.de\/wp\/wp-content\/uploads\/ZY5M2965_1200.jpg?fit=1200%2C450&ssl=1&resize=700%2C400 2x, https:\/\/i0.wp.com\/deltaimage.de\/wp\/wp-content\/uploads\/ZY5M2965_1200.jpg?fit=1200%2C450&ssl=1&resize=1050%2C600 3x"},"classes":[]}],"jetpack_sharing_enabled":true,"_links":{"self":[{"href":"https:\/\/deltaimage.de\/wp\/index.php?rest_route=\/wp\/v2\/posts\/22944","targetHints":{"allow":["GET"]}}],"collection":[{"href":"https:\/\/deltaimage.de\/wp\/index.php?rest_route=\/wp\/v2\/posts"}],"about":[{"href":"https:\/\/deltaimage.de\/wp\/index.php?rest_route=\/wp\/v2\/types\/post"}],"author":[{"embeddable":true,"href":"https:\/\/deltaimage.de\/wp\/index.php?rest_route=\/wp\/v2\/users\/1"}],"replies":[{"embeddable":true,"href":"https:\/\/deltaimage.de\/wp\/index.php?rest_route=%2Fwp%2Fv2%2Fcomments&post=22944"}],"version-history":[{"count":4,"href":"https:\/\/deltaimage.de\/wp\/index.php?rest_route=\/wp\/v2\/posts\/22944\/revisions"}],"predecessor-version":[{"id":26901,"href":"https:\/\/deltaimage.de\/wp\/index.php?rest_route=\/wp\/v2\/posts\/22944\/revisions\/26901"}],"wp:featuredmedia":[{"embeddable":true,"href":"https:\/\/deltaimage.de\/wp\/index.php?rest_route=\/wp\/v2\/media\/22912"}],"wp:attachment":[{"href":"https:\/\/deltaimage.de\/wp\/index.php?rest_route=%2Fwp%2Fv2%2Fmedia&parent=22944"}],"wp:term":[{"taxonomy":"category","embeddable":true,"href":"https:\/\/deltaimage.de\/wp\/index.php?rest_route=%2Fwp%2Fv2%2Fcategories&post=22944"},{"taxonomy":"post_tag","embeddable":true,"href":"https:\/\/deltaimage.de\/wp\/index.php?rest_route=%2Fwp%2Fv2%2Ftags&post=22944"}],"curies":[{"name":"wp","href":"https:\/\/api.w.org\/{rel}","templated":true}]}}