{"id":22978,"date":"2019-11-12T09:26:40","date_gmt":"2019-11-12T08:26:40","guid":{"rendered":"http:\/\/deltaimage.de\/wp\/?p=22978"},"modified":"2025-08-17T21:30:29","modified_gmt":"2025-08-17T19:30:29","slug":"sonderausstellung-flugwerft-schleissheim-junkers-f-13-und-die-anfaenge-des-luftverkehrs-in-deutschland","status":"publish","type":"post","link":"https:\/\/deltaimage.de\/wp\/?p=22978","title":{"rendered":"Sonderausstellung Flugwerft Schlei\u00dfheim: JUNKERS F 13 und die Anf\u00e4nge des Luftverkehrs in Deutschland"},"content":{"rendered":"<p>Bis M\u00e4rz 2020 zeigt das Deutsche Museum Flugwerft Schlei\u00dfheim (FWS) eine neue Sonderausstellung \u00fcber den Beginn der Verkehrsfliegerei in Deutschland.<\/p>\n<h2 style=\"text-align: center;\">&#8222;JUNKERS F 13 und die Anf\u00e4nge des Luftverkehrs in Deutschland&#8220;<\/h2>\n<p>Der Werftverein e.V. und die Bayerischen Flugzeug Historiker e.V. zeigen anl\u00e4sslich des Erstfluges der JUNKERS F 13 die Geschichte dieses einzigartigen Flugzeugs und die dazu analogen Anf\u00e4nge der zivilen Luftfahrt in Deutschland.<\/p>\n<p><a href=\"https:\/\/i0.wp.com\/deltaimage.de\/wp\/wp-content\/uploads\/Plakat-Sonderausstellung-F13_900.jpg\"><img data-recalc-dims=\"1\" loading=\"lazy\" decoding=\"async\" data-attachment-id=\"22979\" data-permalink=\"https:\/\/deltaimage.de\/wp\/?attachment_id=22979#main\" data-orig-file=\"https:\/\/i0.wp.com\/deltaimage.de\/wp\/wp-content\/uploads\/Plakat-Sonderausstellung-F13_900.jpg?fit=696%2C982&amp;ssl=1\" data-orig-size=\"696,982\" data-comments-opened=\"0\" data-image-meta=\"{&quot;aperture&quot;:&quot;0&quot;,&quot;credit&quot;:&quot;&quot;,&quot;camera&quot;:&quot;&quot;,&quot;caption&quot;:&quot;&quot;,&quot;created_timestamp&quot;:&quot;0&quot;,&quot;copyright&quot;:&quot;&quot;,&quot;focal_length&quot;:&quot;0&quot;,&quot;iso&quot;:&quot;0&quot;,&quot;shutter_speed&quot;:&quot;0&quot;,&quot;title&quot;:&quot;&quot;,&quot;orientation&quot;:&quot;0&quot;}\" data-image-title=\"Plakat-Sonderausstellung F13_900\" data-image-description=\"\" data-image-caption=\"\" data-large-file=\"https:\/\/i0.wp.com\/deltaimage.de\/wp\/wp-content\/uploads\/Plakat-Sonderausstellung-F13_900.jpg?fit=696%2C982&amp;ssl=1\" class=\"aligncenter size-full wp-image-22979\" src=\"https:\/\/i0.wp.com\/deltaimage.de\/wp\/wp-content\/uploads\/Plakat-Sonderausstellung-F13_900.jpg?resize=696%2C982\" alt=\"Plakat Sonderausstellung F\" width=\"696\" height=\"982\" srcset=\"https:\/\/i0.wp.com\/deltaimage.de\/wp\/wp-content\/uploads\/Plakat-Sonderausstellung-F13_900.jpg?w=696&amp;ssl=1 696w, https:\/\/i0.wp.com\/deltaimage.de\/wp\/wp-content\/uploads\/Plakat-Sonderausstellung-F13_900.jpg?resize=142%2C200&amp;ssl=1 142w, https:\/\/i0.wp.com\/deltaimage.de\/wp\/wp-content\/uploads\/Plakat-Sonderausstellung-F13_900.jpg?resize=213%2C300&amp;ssl=1 213w, https:\/\/i0.wp.com\/deltaimage.de\/wp\/wp-content\/uploads\/Plakat-Sonderausstellung-F13_900.jpg?resize=420%2C593&amp;ssl=1 420w, https:\/\/i0.wp.com\/deltaimage.de\/wp\/wp-content\/uploads\/Plakat-Sonderausstellung-F13_900.jpg?resize=319%2C450&amp;ssl=1 319w, https:\/\/i0.wp.com\/deltaimage.de\/wp\/wp-content\/uploads\/Plakat-Sonderausstellung-F13_900.jpg?resize=284%2C400&amp;ssl=1 284w\" sizes=\"auto, (max-width: 696px) 100vw, 696px\" \/><\/a><\/p>\n<p><!--more--><\/p>\n<h2>Prof. Hugo Junkers und die JUNKERS F 13<\/h2>\n<p>Hugo Junkers, ein brillanter Ingenieur und herausragender Unternehmer, hat mit seinen Produkten in Schlei\u00dfheim bis heute die weithin sichtbaren Spuren hinterlassen.<\/p>\n<blockquote>\n<pre>November 1918 - Der Krieg ist zu Ende und der Waffenstillstand tritt am 11.11. in Kraft.<\/pre>\n<\/blockquote>\n<p>Am Tag danach bespricht sich Prof. Hugo Junkers mit seinem Chefkonstrukteur \u00fcber die Zukunft der Luftfahrt in Deutschland. Es ist klar, dass die milit\u00e4rische Luftfahrt keine Zukunft verspricht &#8211; &#8222;lassen Sie uns das beste zivile Verkehrsflugzeug bauen&#8220;.<\/p>\n<p><a href=\"https:\/\/i0.wp.com\/deltaimage.de\/wp\/wp-content\/uploads\/IMG_4249_900.jpg\"><img data-recalc-dims=\"1\" loading=\"lazy\" decoding=\"async\" data-attachment-id=\"23016\" data-permalink=\"https:\/\/deltaimage.de\/wp\/?attachment_id=23016#main\" data-orig-file=\"https:\/\/i0.wp.com\/deltaimage.de\/wp\/wp-content\/uploads\/IMG_4249_900.jpg?fit=890%2C593&amp;ssl=1\" data-orig-size=\"890,593\" data-comments-opened=\"0\" data-image-meta=\"{&quot;aperture&quot;:&quot;8&quot;,&quot;credit&quot;:&quot;PAUL ESCHBACH&quot;,&quot;camera&quot;:&quot;Canon EOS 80D&quot;,&quot;caption&quot;:&quot;&quot;,&quot;created_timestamp&quot;:&quot;1573242782&quot;,&quot;copyright&quot;:&quot;Paul Eschbach @ DELTA IMAGE&quot;,&quot;focal_length&quot;:&quot;50&quot;,&quot;iso&quot;:&quot;100&quot;,&quot;shutter_speed&quot;:&quot;0.00625&quot;,&quot;title&quot;:&quot;&quot;,&quot;orientation&quot;:&quot;0&quot;}\" data-image-title=\"IMG_4249_900\" data-image-description=\"\" data-image-caption=\"\" data-large-file=\"https:\/\/i0.wp.com\/deltaimage.de\/wp\/wp-content\/uploads\/IMG_4249_900.jpg?fit=890%2C593&amp;ssl=1\" class=\"aligncenter size-full wp-image-23016\" src=\"https:\/\/i0.wp.com\/deltaimage.de\/wp\/wp-content\/uploads\/IMG_4249_900.jpg?resize=890%2C593\" alt=\"IMG\" width=\"890\" height=\"593\" srcset=\"https:\/\/i0.wp.com\/deltaimage.de\/wp\/wp-content\/uploads\/IMG_4249_900.jpg?w=890&amp;ssl=1 890w, https:\/\/i0.wp.com\/deltaimage.de\/wp\/wp-content\/uploads\/IMG_4249_900.jpg?resize=200%2C133&amp;ssl=1 200w, https:\/\/i0.wp.com\/deltaimage.de\/wp\/wp-content\/uploads\/IMG_4249_900.jpg?resize=300%2C200&amp;ssl=1 300w, https:\/\/i0.wp.com\/deltaimage.de\/wp\/wp-content\/uploads\/IMG_4249_900.jpg?resize=675%2C450&amp;ssl=1 675w, https:\/\/i0.wp.com\/deltaimage.de\/wp\/wp-content\/uploads\/IMG_4249_900.jpg?resize=600%2C400&amp;ssl=1 600w\" sizes=\"auto, (max-width: 890px) 100vw, 890px\" \/><\/a><\/p>\n<p>Die Infrastruktur in Deutschland ist kriegsbedingt aufgebaut, es gibt tausende von ausgebildeten und erfahrenen Piloten, die Leistungsf\u00e4higkeit der Flugzeuge ist in der Lage gro\u00dfe Lasten \u00fcber weite Entfernungen zu transportieren und moderne Flugpl\u00e4tze sind vorhanden.<\/p>\n<p>Die Luftfahrt als Friedensindustrie aufzubauen, war die gro\u00dfe Vision des Prof. Hugo Junkers. Mit einer nationen\u00fcbergreifenden Luftfahrt werden milit\u00e4rische Aggressionen unwahrscheinlich.<\/p>\n<p>&nbsp;<\/p>\n<h2>F\u00fcr den Aufbau der Verkehrsfliegerei gibt es noch keine gesetzlichen Rahmenbedingungen<\/h2>\n<p>Prof. Hugo Junkers startete die Entwicklung des ersten Verkehrsflugzeugs, das auch noch komplett aus Metall gebaut wurde, ohne dass es daf\u00fcr irgendwelche gesetzlichen Rahmenbedingungen gibt. Das, was heute selbstverst\u00e4ndlich ist, war damals noch absolutes Neuland. Bis November 1918 war die Zulassung von ausl\u00e4ndischen Flugzeugen \u00fcber fremdem Territorium nicht \u00fcblich.<\/p>\n<p><a href=\"https:\/\/i0.wp.com\/deltaimage.de\/wp\/wp-content\/uploads\/IMG_4250_900.jpg\"><img data-recalc-dims=\"1\" loading=\"lazy\" decoding=\"async\" data-attachment-id=\"23017\" data-permalink=\"https:\/\/deltaimage.de\/wp\/?attachment_id=23017#main\" data-orig-file=\"https:\/\/i0.wp.com\/deltaimage.de\/wp\/wp-content\/uploads\/IMG_4250_900.jpg?fit=890%2C593&amp;ssl=1\" data-orig-size=\"890,593\" data-comments-opened=\"0\" data-image-meta=\"{&quot;aperture&quot;:&quot;8&quot;,&quot;credit&quot;:&quot;PAUL ESCHBACH&quot;,&quot;camera&quot;:&quot;Canon EOS 80D&quot;,&quot;caption&quot;:&quot;&quot;,&quot;created_timestamp&quot;:&quot;1573242947&quot;,&quot;copyright&quot;:&quot;Paul Eschbach @ DELTA IMAGE&quot;,&quot;focal_length&quot;:&quot;50&quot;,&quot;iso&quot;:&quot;100&quot;,&quot;shutter_speed&quot;:&quot;0.00625&quot;,&quot;title&quot;:&quot;&quot;,&quot;orientation&quot;:&quot;0&quot;}\" data-image-title=\"IMG_4250_900\" data-image-description=\"\" data-image-caption=\"\" data-large-file=\"https:\/\/i0.wp.com\/deltaimage.de\/wp\/wp-content\/uploads\/IMG_4250_900.jpg?fit=890%2C593&amp;ssl=1\" class=\"aligncenter size-full wp-image-23017\" src=\"https:\/\/i0.wp.com\/deltaimage.de\/wp\/wp-content\/uploads\/IMG_4250_900.jpg?resize=890%2C593\" alt=\"IMG\" width=\"890\" height=\"593\" srcset=\"https:\/\/i0.wp.com\/deltaimage.de\/wp\/wp-content\/uploads\/IMG_4250_900.jpg?w=890&amp;ssl=1 890w, https:\/\/i0.wp.com\/deltaimage.de\/wp\/wp-content\/uploads\/IMG_4250_900.jpg?resize=200%2C133&amp;ssl=1 200w, https:\/\/i0.wp.com\/deltaimage.de\/wp\/wp-content\/uploads\/IMG_4250_900.jpg?resize=300%2C200&amp;ssl=1 300w, https:\/\/i0.wp.com\/deltaimage.de\/wp\/wp-content\/uploads\/IMG_4250_900.jpg?resize=675%2C450&amp;ssl=1 675w, https:\/\/i0.wp.com\/deltaimage.de\/wp\/wp-content\/uploads\/IMG_4250_900.jpg?resize=600%2C400&amp;ssl=1 600w\" sizes=\"auto, (max-width: 890px) 100vw, 890px\" \/><\/a><\/p>\n<p>Trotzdem, oder gerade deswegen, ging der Pionier der Luftfahrt ans Werk und sechs Monate sp\u00e4ter stand das erste Muster der JUNKERS F 13 zum Erstflug bereit.<\/p>\n<ul>\n<li>komplett aus Metall, zuerst aus Stahlblech, sp\u00e4ter aus DURAL Aluminium<\/li>\n<li>Charakteristisch mit dem Wellblech<\/li>\n<li>Sechssitzig, 2 Piloten und 4 Passagiere<\/li>\n<\/ul>\n<h2><\/h2>\n<h2>Sonderausstellung in der FWS zeigt einen Nachbau des F 13 Cockpit<\/h2>\n<p>Ein modernes Flugzeug, die Piloten sa\u00dfen noch im Freien &#8211; die JUNKERS F 13 war gebaut wie die besten Limousinen der Zeit und sollten einen vergleichbaren Komfort f\u00fcr die Passagiere bieten. Den Piloten war es zur damaligen Zeit wichtig, im Freien zu sitzen &#8211; das war bester Stand der Technik.<\/p>\n<p><a href=\"https:\/\/i0.wp.com\/deltaimage.de\/wp\/wp-content\/uploads\/IMG_4256_900.jpg\"><img data-recalc-dims=\"1\" loading=\"lazy\" decoding=\"async\" data-attachment-id=\"23020\" data-permalink=\"https:\/\/deltaimage.de\/wp\/?attachment_id=23020#main\" data-orig-file=\"https:\/\/i0.wp.com\/deltaimage.de\/wp\/wp-content\/uploads\/IMG_4256_900.jpg?fit=890%2C593&amp;ssl=1\" data-orig-size=\"890,593\" data-comments-opened=\"0\" data-image-meta=\"{&quot;aperture&quot;:&quot;5&quot;,&quot;credit&quot;:&quot;PAUL ESCHBACH&quot;,&quot;camera&quot;:&quot;Canon EOS 80D&quot;,&quot;caption&quot;:&quot;&quot;,&quot;created_timestamp&quot;:&quot;1573313151&quot;,&quot;copyright&quot;:&quot;Paul Eschbach @ DELTA IMAGE&quot;,&quot;focal_length&quot;:&quot;24&quot;,&quot;iso&quot;:&quot;800&quot;,&quot;shutter_speed&quot;:&quot;0.04&quot;,&quot;title&quot;:&quot;&quot;,&quot;orientation&quot;:&quot;0&quot;}\" data-image-title=\"IMG_4256_900\" data-image-description=\"\" data-image-caption=\"\" data-large-file=\"https:\/\/i0.wp.com\/deltaimage.de\/wp\/wp-content\/uploads\/IMG_4256_900.jpg?fit=890%2C593&amp;ssl=1\" class=\"aligncenter size-full wp-image-23020\" src=\"https:\/\/i0.wp.com\/deltaimage.de\/wp\/wp-content\/uploads\/IMG_4256_900.jpg?resize=890%2C593\" alt=\"IMG\" width=\"890\" height=\"593\" srcset=\"https:\/\/i0.wp.com\/deltaimage.de\/wp\/wp-content\/uploads\/IMG_4256_900.jpg?w=890&amp;ssl=1 890w, https:\/\/i0.wp.com\/deltaimage.de\/wp\/wp-content\/uploads\/IMG_4256_900.jpg?resize=200%2C133&amp;ssl=1 200w, https:\/\/i0.wp.com\/deltaimage.de\/wp\/wp-content\/uploads\/IMG_4256_900.jpg?resize=300%2C200&amp;ssl=1 300w, https:\/\/i0.wp.com\/deltaimage.de\/wp\/wp-content\/uploads\/IMG_4256_900.jpg?resize=675%2C450&amp;ssl=1 675w, https:\/\/i0.wp.com\/deltaimage.de\/wp\/wp-content\/uploads\/IMG_4256_900.jpg?resize=600%2C400&amp;ssl=1 600w\" sizes=\"auto, (max-width: 890px) 100vw, 890px\" \/><\/a><\/p>\n<p>&nbsp;<\/p>\n<h2>Schlei\u00dfheim entwickelte sich als Wiege der Zivilluftfahrt \u00fcber M\u00fcnchen hinaus<\/h2>\n<p>Die Deutsche Verkehrsflieger Schule (DVS) bildete in Schlei\u00dfheim die zuk\u00fcnftigen Verkehrspiloten aus und die JUNKERS F 13 waren die bevorzugte Ausstattung der Flugverkehrslinien auch in Bayern.<\/p>\n<blockquote>\n<pre>70% der weltweiten Verkehrsflieger flogen auf JUNKERS F 13<\/pre>\n<\/blockquote>\n<p>Auch in M\u00fcnchen begann die Fliegerei f\u00fcr Passagiere wieder in Schlei\u00dfheim. Der Verkehrsflughafen Oberwiesenfeld war noch nicht mit den technischen Geb\u00e4uden und Infrastruktur ausgestattet, so wurde Schlei\u00dfheim zum Mutterhafen und technische Basis.<\/p>\n<p>Die Flugzeuge (JUNKERS F 13) waren in Schlei\u00dfheim beheimatet und wurden hier technisch gewartet. Anschlie\u00dfend flogen die Maschinen fr\u00fchmorgens aufs Oberwiesenfeld und die Passagiere stiegen zu. Am Abend flogen die Flugzeuge wieder zur\u00fcck nach Schlei\u00dfheim und wurden hier technisch in Betrieb gehalten.<\/p>\n<p><a href=\"https:\/\/i0.wp.com\/deltaimage.de\/wp\/wp-content\/uploads\/IMG_4253_900.jpg\"><img data-recalc-dims=\"1\" loading=\"lazy\" decoding=\"async\" data-attachment-id=\"23019\" data-permalink=\"https:\/\/deltaimage.de\/wp\/?attachment_id=23019#main\" data-orig-file=\"https:\/\/i0.wp.com\/deltaimage.de\/wp\/wp-content\/uploads\/IMG_4253_900.jpg?fit=890%2C593&amp;ssl=1\" data-orig-size=\"890,593\" data-comments-opened=\"0\" data-image-meta=\"{&quot;aperture&quot;:&quot;10&quot;,&quot;credit&quot;:&quot;PAUL ESCHBACH&quot;,&quot;camera&quot;:&quot;Canon EOS 80D&quot;,&quot;caption&quot;:&quot;&quot;,&quot;created_timestamp&quot;:&quot;1573243120&quot;,&quot;copyright&quot;:&quot;Paul Eschbach @ DELTA IMAGE&quot;,&quot;focal_length&quot;:&quot;50&quot;,&quot;iso&quot;:&quot;100&quot;,&quot;shutter_speed&quot;:&quot;0.00625&quot;,&quot;title&quot;:&quot;&quot;,&quot;orientation&quot;:&quot;0&quot;}\" data-image-title=\"IMG_4253_900\" data-image-description=\"\" data-image-caption=\"\" data-large-file=\"https:\/\/i0.wp.com\/deltaimage.de\/wp\/wp-content\/uploads\/IMG_4253_900.jpg?fit=890%2C593&amp;ssl=1\" class=\"aligncenter size-full wp-image-23019\" src=\"https:\/\/i0.wp.com\/deltaimage.de\/wp\/wp-content\/uploads\/IMG_4253_900.jpg?resize=890%2C593\" alt=\"IMG\" width=\"890\" height=\"593\" srcset=\"https:\/\/i0.wp.com\/deltaimage.de\/wp\/wp-content\/uploads\/IMG_4253_900.jpg?w=890&amp;ssl=1 890w, https:\/\/i0.wp.com\/deltaimage.de\/wp\/wp-content\/uploads\/IMG_4253_900.jpg?resize=200%2C133&amp;ssl=1 200w, https:\/\/i0.wp.com\/deltaimage.de\/wp\/wp-content\/uploads\/IMG_4253_900.jpg?resize=300%2C200&amp;ssl=1 300w, https:\/\/i0.wp.com\/deltaimage.de\/wp\/wp-content\/uploads\/IMG_4253_900.jpg?resize=675%2C450&amp;ssl=1 675w, https:\/\/i0.wp.com\/deltaimage.de\/wp\/wp-content\/uploads\/IMG_4253_900.jpg?resize=600%2C400&amp;ssl=1 600w\" sizes=\"auto, (max-width: 890px) 100vw, 890px\" \/><\/a><\/p>\n<h2>Europa und die Welt schrumpfte zusammen<\/h2>\n<p>Gerade die JUNKERS F 13 verband die Metropolen in Europa in der Luft und Reisen von Metropole zu Metropole wurde eine Angelegenheit von Stunden und nicht mehr von Tagen.<\/p>\n<p><a href=\"https:\/\/i0.wp.com\/deltaimage.de\/wp\/wp-content\/uploads\/IMG_4252_900.jpg\"><img data-recalc-dims=\"1\" loading=\"lazy\" decoding=\"async\" data-attachment-id=\"23018\" data-permalink=\"https:\/\/deltaimage.de\/wp\/?attachment_id=23018#main\" data-orig-file=\"https:\/\/i0.wp.com\/deltaimage.de\/wp\/wp-content\/uploads\/IMG_4252_900.jpg?fit=890%2C593&amp;ssl=1\" data-orig-size=\"890,593\" data-comments-opened=\"0\" data-image-meta=\"{&quot;aperture&quot;:&quot;10&quot;,&quot;credit&quot;:&quot;PAUL ESCHBACH&quot;,&quot;camera&quot;:&quot;Canon EOS 80D&quot;,&quot;caption&quot;:&quot;&quot;,&quot;created_timestamp&quot;:&quot;1573243043&quot;,&quot;copyright&quot;:&quot;Paul Eschbach @ DELTA IMAGE&quot;,&quot;focal_length&quot;:&quot;50&quot;,&quot;iso&quot;:&quot;100&quot;,&quot;shutter_speed&quot;:&quot;0.00625&quot;,&quot;title&quot;:&quot;&quot;,&quot;orientation&quot;:&quot;0&quot;}\" data-image-title=\"IMG_4252_900\" data-image-description=\"\" data-image-caption=\"\" data-large-file=\"https:\/\/i0.wp.com\/deltaimage.de\/wp\/wp-content\/uploads\/IMG_4252_900.jpg?fit=890%2C593&amp;ssl=1\" class=\"aligncenter size-full wp-image-23018\" src=\"https:\/\/i0.wp.com\/deltaimage.de\/wp\/wp-content\/uploads\/IMG_4252_900.jpg?resize=890%2C593\" alt=\"IMG\" width=\"890\" height=\"593\" srcset=\"https:\/\/i0.wp.com\/deltaimage.de\/wp\/wp-content\/uploads\/IMG_4252_900.jpg?w=890&amp;ssl=1 890w, https:\/\/i0.wp.com\/deltaimage.de\/wp\/wp-content\/uploads\/IMG_4252_900.jpg?resize=200%2C133&amp;ssl=1 200w, https:\/\/i0.wp.com\/deltaimage.de\/wp\/wp-content\/uploads\/IMG_4252_900.jpg?resize=300%2C200&amp;ssl=1 300w, https:\/\/i0.wp.com\/deltaimage.de\/wp\/wp-content\/uploads\/IMG_4252_900.jpg?resize=675%2C450&amp;ssl=1 675w, https:\/\/i0.wp.com\/deltaimage.de\/wp\/wp-content\/uploads\/IMG_4252_900.jpg?resize=600%2C400&amp;ssl=1 600w\" sizes=\"auto, (max-width: 890px) 100vw, 890px\" \/><\/a><\/p>\n<p>Diese Geschichte und viele Informationen mehr zeigt die absolut sehenswerte Sonderausstellung des Werftvereins und der Bayerischen Flugzeug Historiker e.V. im Grade Saal in der Flugwerft Schlei\u00dfheim noch bis M\u00e4rz 2020.<\/p>\n","protected":false},"excerpt":{"rendered":"<p>Bis M\u00e4rz 2020 zeigt das Deutsche Museum Flugwerft Schlei\u00dfheim (FWS) eine neue Sonderausstellung \u00fcber den Beginn der Verkehrsfliegerei in Deutschland. &#8222;JUNKERS F 13 und die Anf\u00e4nge des Luftverkehrs in Deutschland&#8220; [&hellip;]<\/p>\n","protected":false},"author":1,"featured_media":23015,"comment_status":"closed","ping_status":"closed","sticky":false,"template":"","format":"standard","meta":{"wpupg_custom_link":[],"wpupg_custom_link_behaviour":["default"],"wpupg_custom_link_nofollow":["default"],"wpupg_custom_image":[],"wpupg_custom_image_id":[],"jetpack_post_was_ever_published":false,"footnotes":""},"categories":[860,8],"tags":[405,71,2674,204,2673,2677,72,154,2675,2676],"class_list":["post-22978","post","type-post","status-publish","format-standard","has-post-thumbnail","hentry","category-sonderausstellung","category-news","tag-bayerische-flugzeug-historiker-e-v","tag-deutsches-museum","tag-f-13","tag-flugwerft-schleissheim","tag-junkers-f-13","tag-luftverkehr","tag-oberschleissheim","tag-sonderausstellung","tag-werftverein","tag-zivile-luftfahrt"],"jetpack_featured_media_url":"https:\/\/i0.wp.com\/deltaimage.de\/wp\/wp-content\/uploads\/IMG_4247_1200.jpg?fit=1200%2C450&ssl=1","jetpack-related-posts":[{"id":43736,"url":"https:\/\/deltaimage.de\/wp\/?p=43736","url_meta":{"origin":22978,"position":0},"title":"Das Buch &#8222;Flugwerft&#8220; passend zur Junkers F 13 in Schlei\u00dfheim","author":"EschbacP","date":"9. September 2024","format":false,"excerpt":"Die Junkers F 13 war das erste neu konstruierte Passagierflugzeug und kombinierte damals die modernsten Luftfahrt-Technologien in ein leistungsf\u00e4higes und sicheres Flugzeug. Die Luftfahrtgesellschaften in den 20er Jahren setzten weltweit auf die Junkers F 13. Von den 314 bis 351 weltweit gebauten Junkers F 13 waren 110 Flugzeuge in Deutschland\u2026","rel":"","context":"In &quot;News Blog&quot;","block_context":{"text":"News Blog","link":"https:\/\/deltaimage.de\/wp\/?cat=8"},"img":{"alt_text":"","src":"https:\/\/i0.wp.com\/deltaimage.de\/wp\/wp-content\/uploads\/PE1S0100_1200.jpg?fit=1200%2C450&ssl=1&resize=350%2C200","width":350,"height":200,"srcset":"https:\/\/i0.wp.com\/deltaimage.de\/wp\/wp-content\/uploads\/PE1S0100_1200.jpg?fit=1200%2C450&ssl=1&resize=350%2C200 1x, https:\/\/i0.wp.com\/deltaimage.de\/wp\/wp-content\/uploads\/PE1S0100_1200.jpg?fit=1200%2C450&ssl=1&resize=525%2C300 1.5x, https:\/\/i0.wp.com\/deltaimage.de\/wp\/wp-content\/uploads\/PE1S0100_1200.jpg?fit=1200%2C450&ssl=1&resize=700%2C400 2x, https:\/\/i0.wp.com\/deltaimage.de\/wp\/wp-content\/uploads\/PE1S0100_1200.jpg?fit=1200%2C450&ssl=1&resize=1050%2C600 3x"},"classes":[]},{"id":22890,"url":"https:\/\/deltaimage.de\/wp\/?p=22890","url_meta":{"origin":22978,"position":1},"title":"JUNKERS F 13 im Deutschen Museum Flugwerft Schlei\u00dfheim","author":"EschbacP","date":"31. Oktober 2019","format":false,"excerpt":"Das Deutsche Museum und die Junkers Flugzeugwerke AG beauftragen DELTA IMAGE mit Luftaufnahmen der einmaligen Junker F 13 im Himmel \u00fcber Schlei\u00dfheim und M\u00fcnchen. Die Junker F 13 war das erste Verkehrsflugzeug aus Ganzmetall und wurde von RIMOWA wieder als Nachbau in die Luft gebracht. \u00a0 JUNKERS F 13 Erstflug\u2026","rel":"","context":"In &quot;Event - Fotografie&quot;","block_context":{"text":"Event - Fotografie","link":"https:\/\/deltaimage.de\/wp\/?cat=851"},"img":{"alt_text":"","src":"https:\/\/i0.wp.com\/deltaimage.de\/wp\/wp-content\/uploads\/PE1S0481_1200.jpg?fit=1200%2C450&ssl=1&resize=350%2C200","width":350,"height":200,"srcset":"https:\/\/i0.wp.com\/deltaimage.de\/wp\/wp-content\/uploads\/PE1S0481_1200.jpg?fit=1200%2C450&ssl=1&resize=350%2C200 1x, https:\/\/i0.wp.com\/deltaimage.de\/wp\/wp-content\/uploads\/PE1S0481_1200.jpg?fit=1200%2C450&ssl=1&resize=525%2C300 1.5x, https:\/\/i0.wp.com\/deltaimage.de\/wp\/wp-content\/uploads\/PE1S0481_1200.jpg?fit=1200%2C450&ssl=1&resize=700%2C400 2x, https:\/\/i0.wp.com\/deltaimage.de\/wp\/wp-content\/uploads\/PE1S0481_1200.jpg?fit=1200%2C450&ssl=1&resize=1050%2C600 3x"},"classes":[]},{"id":49752,"url":"https:\/\/deltaimage.de\/wp\/?p=49752","url_meta":{"origin":22978,"position":2},"title":"Historische Wellblech-Flugzeuge landen wieder in der Flugwerft Schlei\u00dfheim","author":"EschbacP","date":"24. Juli 2025","format":false,"excerpt":"Der Flugplatz Schlei\u00dfheim ist einer der \u00e4ltesten Flugpl\u00e4tze in Deutschland und in Europa, sicherlich aber der \u00e4lteste Flugplatz in Bayern. Mit der Flugwerft Schlei\u00dfheim ist das weltgr\u00f6\u00dfte Technikmuseum mit der 1992 er\u00f6ffneten Au\u00dfenstelle f\u00fcr Luft- und Raumfahrt hier zugegen und zeigt die Meisterwerke der Technik und deren Geschichte den tausenden\u2026","rel":"","context":"In &quot;Flugplatzwanderung&quot;","block_context":{"text":"Flugplatzwanderung","link":"https:\/\/deltaimage.de\/wp\/?cat=854"},"img":{"alt_text":"","src":"https:\/\/i0.wp.com\/deltaimage.de\/wp\/wp-content\/uploads\/PE1X0880_1200.jpg?fit=1200%2C450&ssl=1&resize=350%2C200","width":350,"height":200,"srcset":"https:\/\/i0.wp.com\/deltaimage.de\/wp\/wp-content\/uploads\/PE1X0880_1200.jpg?fit=1200%2C450&ssl=1&resize=350%2C200 1x, https:\/\/i0.wp.com\/deltaimage.de\/wp\/wp-content\/uploads\/PE1X0880_1200.jpg?fit=1200%2C450&ssl=1&resize=525%2C300 1.5x, https:\/\/i0.wp.com\/deltaimage.de\/wp\/wp-content\/uploads\/PE1X0880_1200.jpg?fit=1200%2C450&ssl=1&resize=700%2C400 2x, https:\/\/i0.wp.com\/deltaimage.de\/wp\/wp-content\/uploads\/PE1X0880_1200.jpg?fit=1200%2C450&ssl=1&resize=1050%2C600 3x"},"classes":[]},{"id":5539,"url":"https:\/\/deltaimage.de\/wp\/?p=5539","url_meta":{"origin":22978,"position":3},"title":"UDET Flugzeugbau &#8211; Sonderausstellung ab 24. Oktober in der Flugwerft Schleissheim","author":"EschbacP","date":"7. Oktober 2014","format":false,"excerpt":"\u00a0 Bayerische Flugzeug Historiker e.V. stellen zusammen mit dem Werftverein aus Ein heute kaum noch bekanntes Kapitel der bayerischen Luftfahrtgeschichte schlagen die Flugzeughistoriker in Oberschlei\u00dfheim in der Sonderausstellung im Deutsches Museum in Oberschlei\u00dfheim auf. Die UDET Flugzeugwerke schufen u.a. den Flamingo als den bekanntesten Flugzeugtyp in der Schulung in den\u2026","rel":"","context":"In &quot;News Blog&quot;","block_context":{"text":"News Blog","link":"https:\/\/deltaimage.de\/wp\/?cat=8"},"img":{"alt_text":"","src":"https:\/\/i0.wp.com\/deltaimage.de\/wp\/wp-content\/uploads\/udet-flamingo-1.jpg?fit=474%2C365&ssl=1&resize=350%2C200","width":350,"height":200},"classes":[]},{"id":22899,"url":"https:\/\/deltaimage.de\/wp\/?p=22899","url_meta":{"origin":22978,"position":4},"title":"JUNKERS F 13 \u2013 die fliegende Luftfahrtgeschichte \u00fcber M\u00fcnchen unterwegs","author":"EschbacP","date":"31. Oktober 2019","format":false,"excerpt":"Selten hat man die Gelegenheit, solche Perlen der Luftfahrt als Zuschauer am Flugplatz beim Start oder der Landung zu bewundern. \u00dcber Jahrzehnte waren die JUNKERS Ju 52 aus D\u00fcbendorf st\u00e4ndige Dauerg\u00e4ste in Schlei\u00dfheim. Und manchmal, da hat man noch mehr Gl\u00fcck. Das Deutsche Museum und die Junkers Flugzeugwerke AG beauftragen\u2026","rel":"","context":"In &quot;Event - Fotografie&quot;","block_context":{"text":"Event - Fotografie","link":"https:\/\/deltaimage.de\/wp\/?cat=851"},"img":{"alt_text":"","src":"https:\/\/i0.wp.com\/deltaimage.de\/wp\/wp-content\/uploads\/PE1S0559_1200.jpg?fit=1200%2C450&ssl=1&resize=350%2C200","width":350,"height":200,"srcset":"https:\/\/i0.wp.com\/deltaimage.de\/wp\/wp-content\/uploads\/PE1S0559_1200.jpg?fit=1200%2C450&ssl=1&resize=350%2C200 1x, https:\/\/i0.wp.com\/deltaimage.de\/wp\/wp-content\/uploads\/PE1S0559_1200.jpg?fit=1200%2C450&ssl=1&resize=525%2C300 1.5x, https:\/\/i0.wp.com\/deltaimage.de\/wp\/wp-content\/uploads\/PE1S0559_1200.jpg?fit=1200%2C450&ssl=1&resize=700%2C400 2x, https:\/\/i0.wp.com\/deltaimage.de\/wp\/wp-content\/uploads\/PE1S0559_1200.jpg?fit=1200%2C450&ssl=1&resize=1050%2C600 3x"},"classes":[]},{"id":12331,"url":"https:\/\/deltaimage.de\/wp\/?p=12331","url_meta":{"origin":22978,"position":5},"title":"Auf historischen Spuren am Flugplatz Schlei\u00dfheim &#8211; Luftfahrtgeschichte selbst erleben.","author":"EschbacP","date":"6. Oktober 2016","format":false,"excerpt":"\u00dcber 100 Jahre Luftfahrtgeschichte am \u00e4ltesten Flugplatz in Bayern fasziniert immer wieder die Besucher unserer historischen Flugplatzwanderung in Schlei\u00dfheim. \u00a0 45 Luftfahrt Begeisterte wurden durch 100 Jahre Luftfahrtgeschichte gef\u00fchrt Der Flugplatz Schlei\u00dfheim ist die Wiege der Fliegerei in Bayern und hat sich in 100 Jahren stark ver\u00e4ndert, verschiedene Zeitepochen und\u2026","rel":"","context":"In &quot;Flugplatzwanderung&quot;","block_context":{"text":"Flugplatzwanderung","link":"https:\/\/deltaimage.de\/wp\/?cat=854"},"img":{"alt_text":"Paul Eschbach","src":"https:\/\/i0.wp.com\/deltaimage.de\/wp\/wp-content\/uploads\/Flugplatzwanderung_002_900.jpg?resize=350%2C200","width":350,"height":200,"srcset":"https:\/\/i0.wp.com\/deltaimage.de\/wp\/wp-content\/uploads\/Flugplatzwanderung_002_900.jpg?resize=350%2C200 1x, https:\/\/i0.wp.com\/deltaimage.de\/wp\/wp-content\/uploads\/Flugplatzwanderung_002_900.jpg?resize=525%2C300 1.5x, https:\/\/i0.wp.com\/deltaimage.de\/wp\/wp-content\/uploads\/Flugplatzwanderung_002_900.jpg?resize=700%2C400 2x"},"classes":[]}],"jetpack_sharing_enabled":true,"_links":{"self":[{"href":"https:\/\/deltaimage.de\/wp\/index.php?rest_route=\/wp\/v2\/posts\/22978","targetHints":{"allow":["GET"]}}],"collection":[{"href":"https:\/\/deltaimage.de\/wp\/index.php?rest_route=\/wp\/v2\/posts"}],"about":[{"href":"https:\/\/deltaimage.de\/wp\/index.php?rest_route=\/wp\/v2\/types\/post"}],"author":[{"embeddable":true,"href":"https:\/\/deltaimage.de\/wp\/index.php?rest_route=\/wp\/v2\/users\/1"}],"replies":[{"embeddable":true,"href":"https:\/\/deltaimage.de\/wp\/index.php?rest_route=%2Fwp%2Fv2%2Fcomments&post=22978"}],"version-history":[{"count":8,"href":"https:\/\/deltaimage.de\/wp\/index.php?rest_route=\/wp\/v2\/posts\/22978\/revisions"}],"predecessor-version":[{"id":51075,"href":"https:\/\/deltaimage.de\/wp\/index.php?rest_route=\/wp\/v2\/posts\/22978\/revisions\/51075"}],"wp:featuredmedia":[{"embeddable":true,"href":"https:\/\/deltaimage.de\/wp\/index.php?rest_route=\/wp\/v2\/media\/23015"}],"wp:attachment":[{"href":"https:\/\/deltaimage.de\/wp\/index.php?rest_route=%2Fwp%2Fv2%2Fmedia&parent=22978"}],"wp:term":[{"taxonomy":"category","embeddable":true,"href":"https:\/\/deltaimage.de\/wp\/index.php?rest_route=%2Fwp%2Fv2%2Fcategories&post=22978"},{"taxonomy":"post_tag","embeddable":true,"href":"https:\/\/deltaimage.de\/wp\/index.php?rest_route=%2Fwp%2Fv2%2Ftags&post=22978"}],"curies":[{"name":"wp","href":"https:\/\/api.w.org\/{rel}","templated":true}]}}