{"id":23882,"date":"2019-12-17T08:00:17","date_gmt":"2019-12-17T07:00:17","guid":{"rendered":"http:\/\/deltaimage.de\/wp\/?p=23882"},"modified":"2025-08-17T21:23:08","modified_gmt":"2025-08-17T19:23:08","slug":"die-goldene-stadt-prag-die-karlsbruecke","status":"publish","type":"post","link":"https:\/\/deltaimage.de\/wp\/?p=23882","title":{"rendered":"Die goldene Stadt Prag &#8211; die Karlsbr\u00fccke"},"content":{"rendered":"<p><img data-recalc-dims=\"1\" loading=\"lazy\" decoding=\"async\" data-attachment-id=\"10582\" data-permalink=\"https:\/\/deltaimage.de\/wp\/?attachment_id=10582#main\" data-orig-file=\"https:\/\/i0.wp.com\/deltaimage.de\/wp\/wp-content\/uploads\/BAYERWALDTEAM_neu.jpg?fit=1546%2C1085&amp;ssl=1\" data-orig-size=\"1546,1085\" data-comments-opened=\"0\" data-image-meta=\"{&quot;aperture&quot;:&quot;0&quot;,&quot;credit&quot;:&quot;&quot;,&quot;camera&quot;:&quot;&quot;,&quot;caption&quot;:&quot;&quot;,&quot;created_timestamp&quot;:&quot;0&quot;,&quot;copyright&quot;:&quot;&quot;,&quot;focal_length&quot;:&quot;0&quot;,&quot;iso&quot;:&quot;0&quot;,&quot;shutter_speed&quot;:&quot;0&quot;,&quot;title&quot;:&quot;&quot;,&quot;orientation&quot;:&quot;0&quot;}\" data-image-title=\"BAYERWALDTEAM_neu\" data-image-description=\"\" data-image-caption=\"\" data-large-file=\"https:\/\/i0.wp.com\/deltaimage.de\/wp\/wp-content\/uploads\/BAYERWALDTEAM_neu.jpg?fit=890%2C625&amp;ssl=1\" class=\"wp-image-10582 alignright\" src=\"https:\/\/i0.wp.com\/deltaimage.de\/wp\/wp-content\/uploads\/BAYERWALDTEAM_neu.jpg?resize=143%2C89\" alt=\"BAYERWALDTEAM neu\" width=\"143\" height=\"89\" \/>Geduld ist eine Tugend des Fotografen. Das Warten auf das passende Licht geh\u00f6rt genauso zur Erfahrung eines Fotografen wie die Vorahnung, wo heute das Licht besonders gut sein wird. Dann gilt es zur rechten Zeit am passenden Ort zu sein.<\/p>\n<blockquote>\n<pre>Der Rest ist etwas Magie des Ortes.<\/pre>\n<\/blockquote>\n<p>&nbsp;<\/p>\n<h2>Prag &#8211; caput regni<\/h2>\n<p>So bezeichnete sich die Stadt schon zu den Zeiten Kaiser Karl IV. selbstbewusst ganz einfach: Prag &#8211; Hauptstadt.<!--more--><\/p>\n<p><a href=\"https:\/\/i0.wp.com\/deltaimage.de\/wp\/wp-content\/uploads\/PE1S0172_900.jpg\"><img data-recalc-dims=\"1\" loading=\"lazy\" decoding=\"async\" class=\"aligncenter size-full wp-image-23895\" src=\"https:\/\/i0.wp.com\/deltaimage.de\/wp\/wp-content\/uploads\/PE1S0172_900.jpg?resize=593%2C890\" alt=\"PES\" width=\"593\" height=\"890\" \/><\/a><\/p>\n<p>In Europa gibt es wohl heute kaum eine sch\u00f6nere Stadt, die diesen Titel mehr verdient h\u00e4tte als die goldene Stadt an der Moldau gelegen. Wir werden die Karlsbr\u00fccke und die umliegende Szenerie fotografisch erkunden gehen.<\/p>\n<p>&nbsp;<\/p>\n<h2>Die Altstadt, die \u00e4lteste Universit\u00e4t und die Karlsbr\u00fccke<\/h2>\n<p>Hier steht die \u00e4lteste Universit\u00e4t n\u00f6rdlich der Alpen, die Karls Universit\u00e4t. Hier verbindet die Karlsbr\u00fccke die beiden Stadth\u00e4lften im Mittelalter &#8211; die Altstadt und die Kleinseite miteinander und f\u00fchrt die wichtigsten Handelswege \u00fcber die breite und rei\u00dfende Moldau.<\/p>\n<p><a href=\"https:\/\/i0.wp.com\/deltaimage.de\/wp\/wp-content\/uploads\/PE1S0193_900-1.jpg\"><img data-recalc-dims=\"1\" loading=\"lazy\" decoding=\"async\" data-attachment-id=\"23891\" data-permalink=\"https:\/\/deltaimage.de\/wp\/?attachment_id=23891#main\" data-orig-file=\"https:\/\/i0.wp.com\/deltaimage.de\/wp\/wp-content\/uploads\/PE1S0193_900-1.jpg?fit=890%2C593&amp;ssl=1\" data-orig-size=\"890,593\" data-comments-opened=\"0\" data-image-meta=\"{&quot;aperture&quot;:&quot;1.6&quot;,&quot;credit&quot;:&quot;Paul Eschbach&quot;,&quot;camera&quot;:&quot;Canon EOS-1Ds Mark III&quot;,&quot;caption&quot;:&quot;&quot;,&quot;created_timestamp&quot;:&quot;1575563352&quot;,&quot;copyright&quot;:&quot;&quot;,&quot;focal_length&quot;:&quot;50&quot;,&quot;iso&quot;:&quot;800&quot;,&quot;shutter_speed&quot;:&quot;0.01&quot;,&quot;title&quot;:&quot;&quot;,&quot;orientation&quot;:&quot;0&quot;}\" data-image-title=\"PE1S0193_900\" data-image-description=\"\" data-image-caption=\"\" data-large-file=\"https:\/\/i0.wp.com\/deltaimage.de\/wp\/wp-content\/uploads\/PE1S0193_900-1.jpg?fit=890%2C593&amp;ssl=1\" class=\"aligncenter size-full wp-image-23891\" src=\"https:\/\/i0.wp.com\/deltaimage.de\/wp\/wp-content\/uploads\/PE1S0193_900-1.jpg?resize=890%2C593\" alt=\"PES\" width=\"890\" height=\"593\" srcset=\"https:\/\/i0.wp.com\/deltaimage.de\/wp\/wp-content\/uploads\/PE1S0193_900-1.jpg?w=890&amp;ssl=1 890w, https:\/\/i0.wp.com\/deltaimage.de\/wp\/wp-content\/uploads\/PE1S0193_900-1.jpg?resize=200%2C133&amp;ssl=1 200w, https:\/\/i0.wp.com\/deltaimage.de\/wp\/wp-content\/uploads\/PE1S0193_900-1.jpg?resize=300%2C200&amp;ssl=1 300w, https:\/\/i0.wp.com\/deltaimage.de\/wp\/wp-content\/uploads\/PE1S0193_900-1.jpg?resize=675%2C450&amp;ssl=1 675w, https:\/\/i0.wp.com\/deltaimage.de\/wp\/wp-content\/uploads\/PE1S0193_900-1.jpg?resize=600%2C400&amp;ssl=1 600w\" sizes=\"auto, (max-width: 890px) 100vw, 890px\" \/><\/a><\/p>\n<p>Den Reisenden verabschiedet der Altst\u00e4dter Br\u00fcckenturm mit einer wunderbaren Szenerie in den sch\u00f6nsten Farben gegen den durch gezeichneten Himmel der blauen Stunde. So bleibt die goldene Stadt lange in Erinnerung des Reisenden und des Fotografen.<\/p>\n<p>&nbsp;<\/p>\n<h2>Die Moldau &#8211; der gro\u00dfe Strom B\u00f6hmens<\/h2>\n<p>Die Moldau pr\u00e4gt die Stadt Prag und Prag pr\u00e4gt die Moldau. Das war schon in der Urzeit so, das ist auch heute so.\u00a0Hauptst\u00e4dte sind in Europa sehr oft an Fl\u00fcssen gebaut. Der Logistik und Versorgung wegen. Gibt doch ein m\u00e4chtiger Fluss einer Hauptstadt ein viel dominanteres Erscheinungsbild und \u00f6ffnet die Szenerien, so auch und vor allem in Prag.<\/p>\n<p><a href=\"https:\/\/i0.wp.com\/deltaimage.de\/wp\/wp-content\/uploads\/PE1S0195_900.jpg\"><img data-recalc-dims=\"1\" loading=\"lazy\" decoding=\"async\" data-attachment-id=\"23890\" data-permalink=\"https:\/\/deltaimage.de\/wp\/?attachment_id=23890#main\" data-orig-file=\"https:\/\/i0.wp.com\/deltaimage.de\/wp\/wp-content\/uploads\/PE1S0195_900.jpg?fit=890%2C593&amp;ssl=1\" data-orig-size=\"890,593\" data-comments-opened=\"0\" data-image-meta=\"{&quot;aperture&quot;:&quot;1.6&quot;,&quot;credit&quot;:&quot;Paul Eschbach&quot;,&quot;camera&quot;:&quot;Canon EOS-1Ds Mark III&quot;,&quot;caption&quot;:&quot;&quot;,&quot;created_timestamp&quot;:&quot;1575563377&quot;,&quot;copyright&quot;:&quot;&quot;,&quot;focal_length&quot;:&quot;50&quot;,&quot;iso&quot;:&quot;800&quot;,&quot;shutter_speed&quot;:&quot;0.025&quot;,&quot;title&quot;:&quot;&quot;,&quot;orientation&quot;:&quot;0&quot;}\" data-image-title=\"PE1S0195_900\" data-image-description=\"\" data-image-caption=\"\" data-large-file=\"https:\/\/i0.wp.com\/deltaimage.de\/wp\/wp-content\/uploads\/PE1S0195_900.jpg?fit=890%2C593&amp;ssl=1\" class=\"aligncenter size-full wp-image-23890\" src=\"https:\/\/i0.wp.com\/deltaimage.de\/wp\/wp-content\/uploads\/PE1S0195_900.jpg?resize=890%2C593\" alt=\"PES\" width=\"890\" height=\"593\" srcset=\"https:\/\/i0.wp.com\/deltaimage.de\/wp\/wp-content\/uploads\/PE1S0195_900.jpg?w=890&amp;ssl=1 890w, https:\/\/i0.wp.com\/deltaimage.de\/wp\/wp-content\/uploads\/PE1S0195_900.jpg?resize=200%2C133&amp;ssl=1 200w, https:\/\/i0.wp.com\/deltaimage.de\/wp\/wp-content\/uploads\/PE1S0195_900.jpg?resize=300%2C200&amp;ssl=1 300w, https:\/\/i0.wp.com\/deltaimage.de\/wp\/wp-content\/uploads\/PE1S0195_900.jpg?resize=675%2C450&amp;ssl=1 675w, https:\/\/i0.wp.com\/deltaimage.de\/wp\/wp-content\/uploads\/PE1S0195_900.jpg?resize=600%2C400&amp;ssl=1 600w\" sizes=\"auto, (max-width: 890px) 100vw, 890px\" \/><\/a><\/p>\n<p>Die Lichter der Nacht spiegeln sich in dem gro\u00dfen b\u00f6hmischen Strom und vervielfachen die Wirkung auf den Betrachter. Die wichtigen Geb\u00e4ude der Neuzeit stehen am Ufer der Moldau und zeigen die Macht und Bedeutung der Erbauer.<\/p>\n<p>&nbsp;<\/p>\n<h2>Karlsbr\u00fccke aus dem 14. Jahrhundert ist die Hauptverbindung \u00fcber die Moldau<\/h2>\n<p>In der Zeit der Gotik von dem \u00fcberall pr\u00e4senten Kaiser Karl IV erbaut, zum Wohle der B\u00f6hmen und der Prager ist wohl der Besuchermagnet der Millionen Besucher der heutigen Prags.<\/p>\n<p><a href=\"https:\/\/i0.wp.com\/deltaimage.de\/wp\/wp-content\/uploads\/PE1S0177_900-1.jpg\"><img data-recalc-dims=\"1\" loading=\"lazy\" decoding=\"async\" data-attachment-id=\"23893\" data-permalink=\"https:\/\/deltaimage.de\/wp\/?attachment_id=23893#main\" data-orig-file=\"https:\/\/i0.wp.com\/deltaimage.de\/wp\/wp-content\/uploads\/PE1S0177_900-1.jpg?fit=890%2C593&amp;ssl=1\" data-orig-size=\"890,593\" data-comments-opened=\"0\" data-image-meta=\"{&quot;aperture&quot;:&quot;10&quot;,&quot;credit&quot;:&quot;Paul Eschbach&quot;,&quot;camera&quot;:&quot;Canon EOS-1Ds Mark III&quot;,&quot;caption&quot;:&quot;&quot;,&quot;created_timestamp&quot;:&quot;1575563046&quot;,&quot;copyright&quot;:&quot;&quot;,&quot;focal_length&quot;:&quot;145&quot;,&quot;iso&quot;:&quot;200&quot;,&quot;shutter_speed&quot;:&quot;0.6&quot;,&quot;title&quot;:&quot;&quot;,&quot;orientation&quot;:&quot;0&quot;}\" data-image-title=\"PE1S0177_900\" data-image-description=\"\" data-image-caption=\"\" data-large-file=\"https:\/\/i0.wp.com\/deltaimage.de\/wp\/wp-content\/uploads\/PE1S0177_900-1.jpg?fit=890%2C593&amp;ssl=1\" class=\"aligncenter size-full wp-image-23893\" src=\"https:\/\/i0.wp.com\/deltaimage.de\/wp\/wp-content\/uploads\/PE1S0177_900-1.jpg?resize=890%2C593\" alt=\"PES\" width=\"890\" height=\"593\" srcset=\"https:\/\/i0.wp.com\/deltaimage.de\/wp\/wp-content\/uploads\/PE1S0177_900-1.jpg?w=890&amp;ssl=1 890w, https:\/\/i0.wp.com\/deltaimage.de\/wp\/wp-content\/uploads\/PE1S0177_900-1.jpg?resize=200%2C133&amp;ssl=1 200w, https:\/\/i0.wp.com\/deltaimage.de\/wp\/wp-content\/uploads\/PE1S0177_900-1.jpg?resize=300%2C200&amp;ssl=1 300w, https:\/\/i0.wp.com\/deltaimage.de\/wp\/wp-content\/uploads\/PE1S0177_900-1.jpg?resize=675%2C450&amp;ssl=1 675w, https:\/\/i0.wp.com\/deltaimage.de\/wp\/wp-content\/uploads\/PE1S0177_900-1.jpg?resize=600%2C400&amp;ssl=1 600w\" sizes=\"auto, (max-width: 890px) 100vw, 890px\" \/><\/a><\/p>\n<p>Prag ohne die Karlsbr\u00fccke gesehen zu haben ist nur das halbe Prag. Tags\u00fcber merkt man das, es ist fast kein Durchkommen mehr. Die Szenerie l\u00e4sst aber immer noch gen\u00fcgend Raum f\u00fcr eigene Tr\u00e4umereien in vergangene Zeiten und deren fotografischen Umsetzungen. Der richtige Zeitpunkt, Erfahrung und etwas Gl\u00fcck und alles passt.<\/p>\n<p>&nbsp;<\/p>\n<h2>Karlsbr\u00fccke &#8211; ein Prospekt der barocken Glaubensgeschichte<\/h2>\n<p>Es fing wohl mit der Br\u00fcckenstatue des hl. Nepomuk an. Hier in Prag wurde er in die eiskalten Fluten der Moldau geworfen. Viele weitere Br\u00fcckenfiguren folgten auf der Verbindung zwischen der Altstadt und der Kleinseite.<\/p>\n<p><a href=\"https:\/\/i0.wp.com\/deltaimage.de\/wp\/wp-content\/uploads\/PE1S0226_900-2.jpg\"><img data-recalc-dims=\"1\" loading=\"lazy\" decoding=\"async\" data-attachment-id=\"23887\" data-permalink=\"https:\/\/deltaimage.de\/wp\/?attachment_id=23887#main\" data-orig-file=\"https:\/\/i0.wp.com\/deltaimage.de\/wp\/wp-content\/uploads\/PE1S0226_900-2.jpg?fit=890%2C593&amp;ssl=1\" data-orig-size=\"890,593\" data-comments-opened=\"0\" data-image-meta=\"{&quot;aperture&quot;:&quot;1.4&quot;,&quot;credit&quot;:&quot;Paul Eschbach&quot;,&quot;camera&quot;:&quot;Canon EOS-1Ds Mark III&quot;,&quot;caption&quot;:&quot;&quot;,&quot;created_timestamp&quot;:&quot;1575563821&quot;,&quot;copyright&quot;:&quot;&quot;,&quot;focal_length&quot;:&quot;50&quot;,&quot;iso&quot;:&quot;800&quot;,&quot;shutter_speed&quot;:&quot;0.04&quot;,&quot;title&quot;:&quot;&quot;,&quot;orientation&quot;:&quot;0&quot;}\" data-image-title=\"PE1S0226_900\" data-image-description=\"\" data-image-caption=\"\" data-large-file=\"https:\/\/i0.wp.com\/deltaimage.de\/wp\/wp-content\/uploads\/PE1S0226_900-2.jpg?fit=890%2C593&amp;ssl=1\" class=\"aligncenter size-full wp-image-23887\" src=\"https:\/\/i0.wp.com\/deltaimage.de\/wp\/wp-content\/uploads\/PE1S0226_900-2.jpg?resize=890%2C593\" alt=\"PES\" width=\"890\" height=\"593\" srcset=\"https:\/\/i0.wp.com\/deltaimage.de\/wp\/wp-content\/uploads\/PE1S0226_900-2.jpg?w=890&amp;ssl=1 890w, https:\/\/i0.wp.com\/deltaimage.de\/wp\/wp-content\/uploads\/PE1S0226_900-2.jpg?resize=200%2C133&amp;ssl=1 200w, https:\/\/i0.wp.com\/deltaimage.de\/wp\/wp-content\/uploads\/PE1S0226_900-2.jpg?resize=300%2C200&amp;ssl=1 300w, https:\/\/i0.wp.com\/deltaimage.de\/wp\/wp-content\/uploads\/PE1S0226_900-2.jpg?resize=675%2C450&amp;ssl=1 675w, https:\/\/i0.wp.com\/deltaimage.de\/wp\/wp-content\/uploads\/PE1S0226_900-2.jpg?resize=600%2C400&amp;ssl=1 600w\" sizes=\"auto, (max-width: 890px) 100vw, 890px\" \/><\/a><\/p>\n<p>Die Prager Burg, der Hradschin und die Kleinseite pr\u00e4sentieren sich weitl\u00e4ufig am anderen Ufer der Moldau. Ein Besucher im 17. oder 18. Jahrhundert muss wohl genauso beeindruckt von der Szenerie sein, wie die Millionen Besucher die jedes Jahr auf die Karlsbr\u00fccke kommen. Auch wenn der Blick heute eher dem Fremdenf\u00fchrer, dem Smartphone oder der Abfahrtszeit des Reisebusses gilt.<\/p>\n<p><a href=\"https:\/\/i0.wp.com\/deltaimage.de\/wp\/wp-content\/uploads\/PE1S0199_900-2.jpg\"><img data-recalc-dims=\"1\" loading=\"lazy\" decoding=\"async\" data-attachment-id=\"23889\" data-permalink=\"https:\/\/deltaimage.de\/wp\/?attachment_id=23889#main\" data-orig-file=\"https:\/\/i0.wp.com\/deltaimage.de\/wp\/wp-content\/uploads\/PE1S0199_900-2.jpg?fit=890%2C593&amp;ssl=1\" data-orig-size=\"890,593\" data-comments-opened=\"0\" data-image-meta=\"{&quot;aperture&quot;:&quot;1.6&quot;,&quot;credit&quot;:&quot;Paul Eschbach&quot;,&quot;camera&quot;:&quot;Canon EOS-1Ds Mark III&quot;,&quot;caption&quot;:&quot;&quot;,&quot;created_timestamp&quot;:&quot;1575563452&quot;,&quot;copyright&quot;:&quot;&quot;,&quot;focal_length&quot;:&quot;50&quot;,&quot;iso&quot;:&quot;800&quot;,&quot;shutter_speed&quot;:&quot;0.0125&quot;,&quot;title&quot;:&quot;&quot;,&quot;orientation&quot;:&quot;0&quot;}\" data-image-title=\"PE1S0199_900\" data-image-description=\"\" data-image-caption=\"\" data-large-file=\"https:\/\/i0.wp.com\/deltaimage.de\/wp\/wp-content\/uploads\/PE1S0199_900-2.jpg?fit=890%2C593&amp;ssl=1\" class=\"aligncenter size-full wp-image-23889\" src=\"https:\/\/i0.wp.com\/deltaimage.de\/wp\/wp-content\/uploads\/PE1S0199_900-2.jpg?resize=890%2C593\" alt=\"PES\" width=\"890\" height=\"593\" srcset=\"https:\/\/i0.wp.com\/deltaimage.de\/wp\/wp-content\/uploads\/PE1S0199_900-2.jpg?w=890&amp;ssl=1 890w, https:\/\/i0.wp.com\/deltaimage.de\/wp\/wp-content\/uploads\/PE1S0199_900-2.jpg?resize=200%2C133&amp;ssl=1 200w, https:\/\/i0.wp.com\/deltaimage.de\/wp\/wp-content\/uploads\/PE1S0199_900-2.jpg?resize=300%2C200&amp;ssl=1 300w, https:\/\/i0.wp.com\/deltaimage.de\/wp\/wp-content\/uploads\/PE1S0199_900-2.jpg?resize=675%2C450&amp;ssl=1 675w, https:\/\/i0.wp.com\/deltaimage.de\/wp\/wp-content\/uploads\/PE1S0199_900-2.jpg?resize=600%2C400&amp;ssl=1 600w\" sizes=\"auto, (max-width: 890px) 100vw, 890px\" \/><\/a><\/p>\n<p>Einige Br\u00fcckenfiguren bringen dem Besucher Gl\u00fcck, wenn man an dem Relief reibt und es ber\u00fchrt.<\/p>\n<p>&nbsp;<\/p>\n<h2>Karlsbr\u00fccke und die Kleinseite<\/h2>\n<p>Jeder Meter Fu\u00dfweg in Prag \u00f6ffnet neue H\u00f6hepunkte f\u00fcr den Betrachter. Die Szenerien werden immer imposanter und pr\u00e4chtiger &#8211; jetzt gilt es nur noch die passende Fototechnik dabei zu haben. Die Prager Kleinseite &#8211; unterhalb der Prager Burg gelegen &#8211; pr\u00e4sentiert sich dem n\u00e4chtlichen Betrachter in einem bezaubernden Farbenspiel der unterschiedlichen Beleuchtungen der Sehensw\u00fcrdigkeiten. Wie in einem barocken Theaterst\u00fcck stehen dadurch die barocken und die gotischen Geb\u00e4ude kulissenartig, fein gestaffelt im Sucher f\u00fcr den Fotografen in Positur.<\/p>\n<p>Doch man beeile sich, die Blaue Stunde geht auch in Prag nicht ewig. Nach 15- bis 30 Minuten zieht der dunkle Himmel \u00fcber die Stadt und entl\u00e4sst die goldene Stadt in das k\u00fcnstliche Licht der modernen Zeit.<\/p>\n<p><a href=\"https:\/\/i0.wp.com\/deltaimage.de\/wp\/wp-content\/uploads\/PE1S0236_900-1.jpg\"><img data-recalc-dims=\"1\" loading=\"lazy\" decoding=\"async\" data-attachment-id=\"23886\" data-permalink=\"https:\/\/deltaimage.de\/wp\/?attachment_id=23886#main\" data-orig-file=\"https:\/\/i0.wp.com\/deltaimage.de\/wp\/wp-content\/uploads\/PE1S0236_900-1.jpg?fit=890%2C593&amp;ssl=1\" data-orig-size=\"890,593\" data-comments-opened=\"0\" data-image-meta=\"{&quot;aperture&quot;:&quot;1.4&quot;,&quot;credit&quot;:&quot;Paul Eschbach&quot;,&quot;camera&quot;:&quot;Canon EOS-1Ds Mark III&quot;,&quot;caption&quot;:&quot;&quot;,&quot;created_timestamp&quot;:&quot;1575564010&quot;,&quot;copyright&quot;:&quot;&quot;,&quot;focal_length&quot;:&quot;50&quot;,&quot;iso&quot;:&quot;800&quot;,&quot;shutter_speed&quot;:&quot;0.016666666666667&quot;,&quot;title&quot;:&quot;&quot;,&quot;orientation&quot;:&quot;0&quot;}\" data-image-title=\"PE1S0236_900\" data-image-description=\"\" data-image-caption=\"\" data-large-file=\"https:\/\/i0.wp.com\/deltaimage.de\/wp\/wp-content\/uploads\/PE1S0236_900-1.jpg?fit=890%2C593&amp;ssl=1\" class=\"aligncenter size-full wp-image-23886\" src=\"https:\/\/i0.wp.com\/deltaimage.de\/wp\/wp-content\/uploads\/PE1S0236_900-1.jpg?resize=890%2C593\" alt=\"PES\" width=\"890\" height=\"593\" srcset=\"https:\/\/i0.wp.com\/deltaimage.de\/wp\/wp-content\/uploads\/PE1S0236_900-1.jpg?w=890&amp;ssl=1 890w, https:\/\/i0.wp.com\/deltaimage.de\/wp\/wp-content\/uploads\/PE1S0236_900-1.jpg?resize=200%2C133&amp;ssl=1 200w, https:\/\/i0.wp.com\/deltaimage.de\/wp\/wp-content\/uploads\/PE1S0236_900-1.jpg?resize=300%2C200&amp;ssl=1 300w, https:\/\/i0.wp.com\/deltaimage.de\/wp\/wp-content\/uploads\/PE1S0236_900-1.jpg?resize=675%2C450&amp;ssl=1 675w, https:\/\/i0.wp.com\/deltaimage.de\/wp\/wp-content\/uploads\/PE1S0236_900-1.jpg?resize=600%2C400&amp;ssl=1 600w\" sizes=\"auto, (max-width: 890px) 100vw, 890px\" \/><\/a><\/p>\n<p>Kaum ist es Nacht, fahren die vielen Besucher der goldenen Stadt auch wieder fort. Die Stra\u00dfen und Pl\u00e4tze werden leer, der Fotograf kommt zunehmend zu seiner gew\u00fcnschten Szenerie. Die zehntausende Besucher zeichnen sich nur noch als dunkler Schatten auf dem Motiv ab und st\u00f6ren nicht weiter.<\/p>\n<blockquote>\n<pre>Prag die goldene Stadt.<\/pre>\n<\/blockquote>\n","protected":false},"excerpt":{"rendered":"<p>Geduld ist eine Tugend des Fotografen. Das Warten auf das passende Licht geh\u00f6rt genauso zur Erfahrung eines Fotografen wie die Vorahnung, wo heute das Licht besonders gut sein wird. Dann [&hellip;]<\/p>\n","protected":false},"author":1,"featured_media":23884,"comment_status":"closed","ping_status":"closed","sticky":false,"template":"","format":"standard","meta":{"wpupg_custom_link":[],"wpupg_custom_link_behaviour":["default"],"wpupg_custom_link_nofollow":["default"],"wpupg_custom_image":[],"wpupg_custom_image_id":[],"jetpack_post_was_ever_published":false,"footnotes":""},"categories":[8,3709,3708],"tags":[],"class_list":["post-23882","post","type-post","status-publish","format-standard","has-post-thumbnail","hentry","category-news","category-prag","category-tschechien"],"jetpack_featured_media_url":"https:\/\/i0.wp.com\/deltaimage.de\/wp\/wp-content\/uploads\/PE1S0712_1200.jpg?fit=1200%2C450&ssl=1","jetpack-related-posts":[{"id":21851,"url":"https:\/\/deltaimage.de\/wp\/?p=21851","url_meta":{"origin":23882,"position":0},"title":"Die Moldau in Prag \u2013 ein Ausflug in die goldene Stadt","author":"EschbacP","date":"5. Juni 2019","format":false,"excerpt":"Nutzen wir die Zeit - Carpe diem! Der fr\u00fchmorgentliche Weg, vom geschickt gew\u00e4hltem Hotel in Prag in das B\u00fcro zum Gesch\u00e4ftstermin kann ausreichen f\u00fcr den Fotografen. Fr\u00fchmorgens ist das Licht ungewohnt, weich und kommt aus der anderen Richtung. Bauwerke stehen jetzt im guten Licht, die sonst ab Mittag nur noch\u2026","rel":"","context":"In &quot;BAYERWALDTEAM&quot;","block_context":{"text":"BAYERWALDTEAM","link":"https:\/\/deltaimage.de\/wp\/?cat=861"},"img":{"alt_text":"","src":"https:\/\/i0.wp.com\/deltaimage.de\/wp\/wp-content\/uploads\/ZY5M1590_1200.jpg?fit=1200%2C450&ssl=1&resize=350%2C200","width":350,"height":200,"srcset":"https:\/\/i0.wp.com\/deltaimage.de\/wp\/wp-content\/uploads\/ZY5M1590_1200.jpg?fit=1200%2C450&ssl=1&resize=350%2C200 1x, https:\/\/i0.wp.com\/deltaimage.de\/wp\/wp-content\/uploads\/ZY5M1590_1200.jpg?fit=1200%2C450&ssl=1&resize=525%2C300 1.5x, https:\/\/i0.wp.com\/deltaimage.de\/wp\/wp-content\/uploads\/ZY5M1590_1200.jpg?fit=1200%2C450&ssl=1&resize=700%2C400 2x, https:\/\/i0.wp.com\/deltaimage.de\/wp\/wp-content\/uploads\/ZY5M1590_1200.jpg?fit=1200%2C450&ssl=1&resize=1050%2C600 3x"},"classes":[]},{"id":9673,"url":"https:\/\/deltaimage.de\/wp\/?p=9673","url_meta":{"origin":23882,"position":1},"title":"Weihnachten in der goldenen Stadt Prag","author":"EschbacP","date":"14. Dezember 2015","format":false,"excerpt":"Die goldene Stadt Prag hat den Beinamen nicht durch die goldene Stimme von Karel Gott, sondern aus dem Mittelalter. Die T\u00fcrme der Kirchen und der Stadttore waren zum Wetterschutz auch mit purem Gold \u00fcberzogen - daher die goldene Stadt. \u00a0 Seit 2000 bin ich gesch\u00e4ftlich st\u00e4ndig in Tschechien und in\u2026","rel":"","context":"In &quot;Fotografie&quot;","block_context":{"text":"Fotografie","link":"https:\/\/deltaimage.de\/wp\/?cat=848"},"img":{"alt_text":"Weihnachten in der goldenen Stadt Prag","src":"https:\/\/i0.wp.com\/deltaimage.de\/wp\/wp-content\/uploads\/IMG_0923_Prag_1200.jpg?fit=1200%2C500&ssl=1&resize=350%2C200","width":350,"height":200,"srcset":"https:\/\/i0.wp.com\/deltaimage.de\/wp\/wp-content\/uploads\/IMG_0923_Prag_1200.jpg?fit=1200%2C500&ssl=1&resize=350%2C200 1x, https:\/\/i0.wp.com\/deltaimage.de\/wp\/wp-content\/uploads\/IMG_0923_Prag_1200.jpg?fit=1200%2C500&ssl=1&resize=525%2C300 1.5x, https:\/\/i0.wp.com\/deltaimage.de\/wp\/wp-content\/uploads\/IMG_0923_Prag_1200.jpg?fit=1200%2C500&ssl=1&resize=700%2C400 2x, https:\/\/i0.wp.com\/deltaimage.de\/wp\/wp-content\/uploads\/IMG_0923_Prag_1200.jpg?fit=1200%2C500&ssl=1&resize=1050%2C600 3x"},"classes":[]},{"id":23868,"url":"https:\/\/deltaimage.de\/wp\/?p=23868","url_meta":{"origin":23882,"position":2},"title":"Im Advent von M\u00fcnchen nach Prag fahren &#8211; nat\u00fcrlich mit dem Zug!","author":"EschbacP","date":"16. Dezember 2019","format":false,"excerpt":"Nach Prag bin ich schon so oft gefahren, jetzt sehr gerne mit dem ALEX von M\u00fcnchen Hbf direkt nach Prag hlavn\u00ed n\u00e1dra\u017e\u00ed, kein Umsteigen, viel Komfort und Kaffee am Platz. Was will man da mehr, wenn der ALEX sich schon die M\u00fche macht, die Lokomotive so sch\u00f6n zu beschriften, macht\u2026","rel":"","context":"In &quot;News Blog&quot;","block_context":{"text":"News Blog","link":"https:\/\/deltaimage.de\/wp\/?cat=8"},"img":{"alt_text":"","src":"https:\/\/i0.wp.com\/deltaimage.de\/wp\/wp-content\/uploads\/PE1S0020_1200-1.jpg?fit=1200%2C450&ssl=1&resize=350%2C200","width":350,"height":200,"srcset":"https:\/\/i0.wp.com\/deltaimage.de\/wp\/wp-content\/uploads\/PE1S0020_1200-1.jpg?fit=1200%2C450&ssl=1&resize=350%2C200 1x, https:\/\/i0.wp.com\/deltaimage.de\/wp\/wp-content\/uploads\/PE1S0020_1200-1.jpg?fit=1200%2C450&ssl=1&resize=525%2C300 1.5x, https:\/\/i0.wp.com\/deltaimage.de\/wp\/wp-content\/uploads\/PE1S0020_1200-1.jpg?fit=1200%2C450&ssl=1&resize=700%2C400 2x, https:\/\/i0.wp.com\/deltaimage.de\/wp\/wp-content\/uploads\/PE1S0020_1200-1.jpg?fit=1200%2C450&ssl=1&resize=1050%2C600 3x"},"classes":[]},{"id":42680,"url":"https:\/\/deltaimage.de\/wp\/?p=42680","url_meta":{"origin":23882,"position":3},"title":"Die Karlsbr\u00fccke, die Moldau und die blaue Stunde","author":"EschbacP","date":"19. M\u00e4rz 2024","format":false,"excerpt":"Die Prager Kleinseite auf dem linken Moldauufer, ist mit der Altstadt auf dem rechten Moldauufer, mit der \u00e4ltesten Steinbr\u00fccke in Tschechien, der Karlsbr\u00fccke, verbunden. Die gesamte Szenerie in Prag, ist gerade in der blauen Stunde, wie in einem \u00fcberdimensionierten Freiluft-Architektur-Museum, die Moldau \u00f6ffnet die gesamte Szenerie und die Blicke fallen\u2026","rel":"","context":"In &quot;BAYERWALDTEAM&quot;","block_context":{"text":"BAYERWALDTEAM","link":"https:\/\/deltaimage.de\/wp\/?cat=861"},"img":{"alt_text":"","src":"https:\/\/i0.wp.com\/deltaimage.de\/wp\/wp-content\/uploads\/1710355947384_1200.jpg?fit=1200%2C450&ssl=1&resize=350%2C200","width":350,"height":200,"srcset":"https:\/\/i0.wp.com\/deltaimage.de\/wp\/wp-content\/uploads\/1710355947384_1200.jpg?fit=1200%2C450&ssl=1&resize=350%2C200 1x, https:\/\/i0.wp.com\/deltaimage.de\/wp\/wp-content\/uploads\/1710355947384_1200.jpg?fit=1200%2C450&ssl=1&resize=525%2C300 1.5x, https:\/\/i0.wp.com\/deltaimage.de\/wp\/wp-content\/uploads\/1710355947384_1200.jpg?fit=1200%2C450&ssl=1&resize=700%2C400 2x, https:\/\/i0.wp.com\/deltaimage.de\/wp\/wp-content\/uploads\/1710355947384_1200.jpg?fit=1200%2C450&ssl=1&resize=1050%2C600 3x"},"classes":[]},{"id":48777,"url":"https:\/\/deltaimage.de\/wp\/?p=48777","url_meta":{"origin":23882,"position":4},"title":"Die goldene Stadt Prag und die blaue Stunde","author":"EschbacP","date":"29. August 2025","format":false,"excerpt":"Altst\u00e4dter Ring in Prag w\u00e4hrend der blauen Stunde Das Zentrum der Altstadt in Prag ist das Rathaus und der Altst\u00e4dter Ring mit den herrlichen Fassaden, welche den gro\u00dfz\u00fcgigen und gr\u00f6\u00dften Platz in B\u00f6hmen einrahmen. Als fotografierender Besucher kommt man sehr gerne und sehr oft zum Prager Rathaus, hier ist immer\u2026","rel":"","context":"In &quot;News Blog&quot;","block_context":{"text":"News Blog","link":"https:\/\/deltaimage.de\/wp\/?cat=8"},"img":{"alt_text":"","src":"https:\/\/i0.wp.com\/deltaimage.de\/wp\/wp-content\/uploads\/IMG_6738_1200.jpg?fit=1200%2C450&ssl=1&resize=350%2C200","width":350,"height":200,"srcset":"https:\/\/i0.wp.com\/deltaimage.de\/wp\/wp-content\/uploads\/IMG_6738_1200.jpg?fit=1200%2C450&ssl=1&resize=350%2C200 1x, https:\/\/i0.wp.com\/deltaimage.de\/wp\/wp-content\/uploads\/IMG_6738_1200.jpg?fit=1200%2C450&ssl=1&resize=525%2C300 1.5x, https:\/\/i0.wp.com\/deltaimage.de\/wp\/wp-content\/uploads\/IMG_6738_1200.jpg?fit=1200%2C450&ssl=1&resize=700%2C400 2x, https:\/\/i0.wp.com\/deltaimage.de\/wp\/wp-content\/uploads\/IMG_6738_1200.jpg?fit=1200%2C450&ssl=1&resize=1050%2C600 3x"},"classes":[]},{"id":21849,"url":"https:\/\/deltaimage.de\/wp\/?p=21849","url_meta":{"origin":23882,"position":5},"title":"BAYERWALDTEAM in der goldenen Stadt Prag","author":"EschbacP","date":"5. Juni 2019","format":false,"excerpt":"Das Angenehme mit dem N\u00fctzlichen verbinden. Ein gesch\u00e4ftlicher Termin f\u00fchrt mich mal wieder in das B\u00fcro in Prag \u2013 nur 3 Gehminuten vom Wenzelsplatz entfernt. Da bietet es sich ja geradezu an, fr\u00fch Morgens den Weg vom Hotel auf dem sch\u00f6nsten Weg als fotografierender Tourist zu gehen. Vom Kloster Strahov,\u2026","rel":"","context":"In &quot;BAYERWALDTEAM&quot;","block_context":{"text":"BAYERWALDTEAM","link":"https:\/\/deltaimage.de\/wp\/?cat=861"},"img":{"alt_text":"","src":"https:\/\/i0.wp.com\/deltaimage.de\/wp\/wp-content\/uploads\/ZY5M1553_1200.jpg?fit=1200%2C450&ssl=1&resize=350%2C200","width":350,"height":200,"srcset":"https:\/\/i0.wp.com\/deltaimage.de\/wp\/wp-content\/uploads\/ZY5M1553_1200.jpg?fit=1200%2C450&ssl=1&resize=350%2C200 1x, https:\/\/i0.wp.com\/deltaimage.de\/wp\/wp-content\/uploads\/ZY5M1553_1200.jpg?fit=1200%2C450&ssl=1&resize=525%2C300 1.5x, https:\/\/i0.wp.com\/deltaimage.de\/wp\/wp-content\/uploads\/ZY5M1553_1200.jpg?fit=1200%2C450&ssl=1&resize=700%2C400 2x, https:\/\/i0.wp.com\/deltaimage.de\/wp\/wp-content\/uploads\/ZY5M1553_1200.jpg?fit=1200%2C450&ssl=1&resize=1050%2C600 3x"},"classes":[]}],"jetpack_sharing_enabled":true,"_links":{"self":[{"href":"https:\/\/deltaimage.de\/wp\/index.php?rest_route=\/wp\/v2\/posts\/23882","targetHints":{"allow":["GET"]}}],"collection":[{"href":"https:\/\/deltaimage.de\/wp\/index.php?rest_route=\/wp\/v2\/posts"}],"about":[{"href":"https:\/\/deltaimage.de\/wp\/index.php?rest_route=\/wp\/v2\/types\/post"}],"author":[{"embeddable":true,"href":"https:\/\/deltaimage.de\/wp\/index.php?rest_route=\/wp\/v2\/users\/1"}],"replies":[{"embeddable":true,"href":"https:\/\/deltaimage.de\/wp\/index.php?rest_route=%2Fwp%2Fv2%2Fcomments&post=23882"}],"version-history":[{"count":13,"href":"https:\/\/deltaimage.de\/wp\/index.php?rest_route=\/wp\/v2\/posts\/23882\/revisions"}],"predecessor-version":[{"id":51067,"href":"https:\/\/deltaimage.de\/wp\/index.php?rest_route=\/wp\/v2\/posts\/23882\/revisions\/51067"}],"wp:featuredmedia":[{"embeddable":true,"href":"https:\/\/deltaimage.de\/wp\/index.php?rest_route=\/wp\/v2\/media\/23884"}],"wp:attachment":[{"href":"https:\/\/deltaimage.de\/wp\/index.php?rest_route=%2Fwp%2Fv2%2Fmedia&parent=23882"}],"wp:term":[{"taxonomy":"category","embeddable":true,"href":"https:\/\/deltaimage.de\/wp\/index.php?rest_route=%2Fwp%2Fv2%2Fcategories&post=23882"},{"taxonomy":"post_tag","embeddable":true,"href":"https:\/\/deltaimage.de\/wp\/index.php?rest_route=%2Fwp%2Fv2%2Ftags&post=23882"}],"curies":[{"name":"wp","href":"https:\/\/api.w.org\/{rel}","templated":true}]}}