{"id":23950,"date":"2020-01-04T16:58:31","date_gmt":"2020-01-04T15:58:31","guid":{"rendered":"http:\/\/deltaimage.de\/wp\/?p=23950"},"modified":"2025-08-17T21:20:42","modified_gmt":"2025-08-17T19:20:42","slug":"bayerwaldteam-im-winterurlaub-auf-foto-streifzug-2","status":"publish","type":"post","link":"https:\/\/deltaimage.de\/wp\/?p=23950","title":{"rendered":"BAYERWALDTEAM im Winterurlaub auf Foto-Streifzug"},"content":{"rendered":"<blockquote>\n<pre><img data-recalc-dims=\"1\" loading=\"lazy\" decoding=\"async\" data-attachment-id=\"10582\" data-permalink=\"https:\/\/deltaimage.de\/wp\/?attachment_id=10582#main\" data-orig-file=\"https:\/\/i0.wp.com\/deltaimage.de\/wp\/wp-content\/uploads\/BAYERWALDTEAM_neu.jpg?fit=1546%2C1085&amp;ssl=1\" data-orig-size=\"1546,1085\" data-comments-opened=\"0\" data-image-meta=\"{&quot;aperture&quot;:&quot;0&quot;,&quot;credit&quot;:&quot;&quot;,&quot;camera&quot;:&quot;&quot;,&quot;caption&quot;:&quot;&quot;,&quot;created_timestamp&quot;:&quot;0&quot;,&quot;copyright&quot;:&quot;&quot;,&quot;focal_length&quot;:&quot;0&quot;,&quot;iso&quot;:&quot;0&quot;,&quot;shutter_speed&quot;:&quot;0&quot;,&quot;title&quot;:&quot;&quot;,&quot;orientation&quot;:&quot;0&quot;}\" data-image-title=\"BAYERWALDTEAM_neu\" data-image-description=\"\" data-image-caption=\"\" data-large-file=\"https:\/\/i0.wp.com\/deltaimage.de\/wp\/wp-content\/uploads\/BAYERWALDTEAM_neu.jpg?fit=890%2C625&amp;ssl=1\" class=\"wp-image-10582 alignright\" src=\"https:\/\/i0.wp.com\/deltaimage.de\/wp\/wp-content\/uploads\/BAYERWALDTEAM_neu.jpg?resize=143%2C89\" alt=\"BAYERWALDTEAM neu\" width=\"143\" height=\"89\" \/>Ach wie sch\u00f6n.<\/pre>\n<\/blockquote>\n<p>Ein paar Tage frei und im Team zusammen durch den <strong>Bayerischen Wald<\/strong> als Fotografen zu streifen.<\/p>\n<p><img loading=\"lazy\" decoding=\"async\" data-attachment-id=\"1888\" data-permalink=\"https:\/\/deltaimage.de\/wp\/?attachment_id=1888#main\" data-orig-file=\"https:\/\/i0.wp.com\/deltaimage.de\/wp\/wp-content\/uploads\/PE1D1176_SPARIFANKERL.jpg?fit=900%2C600&amp;ssl=1\" data-orig-size=\"900,600\" data-comments-opened=\"0\" data-image-meta=\"{&quot;aperture&quot;:&quot;0&quot;,&quot;credit&quot;:&quot;&quot;,&quot;camera&quot;:&quot;&quot;,&quot;caption&quot;:&quot;&quot;,&quot;created_timestamp&quot;:&quot;0&quot;,&quot;copyright&quot;:&quot;&quot;,&quot;focal_length&quot;:&quot;0&quot;,&quot;iso&quot;:&quot;0&quot;,&quot;shutter_speed&quot;:&quot;0&quot;,&quot;title&quot;:&quot;&quot;,&quot;orientation&quot;:&quot;0&quot;}\" data-image-title=\"PE1D1176_SPARIFANKERL\" data-image-description=\"\" data-image-caption=\"\" data-large-file=\"https:\/\/i0.wp.com\/deltaimage.de\/wp\/wp-content\/uploads\/PE1D1176_SPARIFANKERL.jpg?fit=890%2C593&amp;ssl=1\" class=\"size-full wp-image-1888 aligncenter\" src=\"https:\/\/i0.wp.com\/bayerwaldteam.eu\/wp-content\/uploads\/2020\/01\/PE1S0124_900.jpg?resize=890%2C593\" sizes=\"auto, (max-width: 890px) 100vw, 890px\" srcset=\"https:\/\/i0.wp.com\/bayerwaldteam.eu\/wp-content\/uploads\/2020\/01\/PE1S0124_900.jpg?w=890 890w, https:\/\/i0.wp.com\/bayerwaldteam.eu\/wp-content\/uploads\/2020\/01\/PE1S0124_900.jpg?resize=300%2C200 300w, https:\/\/i0.wp.com\/bayerwaldteam.eu\/wp-content\/uploads\/2020\/01\/PE1S0124_900.jpg?resize=768%2C512 768w, https:\/\/i0.wp.com\/bayerwaldteam.eu\/wp-content\/uploads\/2020\/01\/PE1S0124_900.jpg?resize=600%2C400 600w, https:\/\/i0.wp.com\/bayerwaldteam.eu\/wp-content\/uploads\/2020\/01\/PE1S0124_900.jpg?resize=200%2C133 200w\" alt=\"\" width=\"890\" height=\"593\" data-recalc-dims=\"1\" data-large-file=\"https:\/\/i0.wp.com\/bayerwaldteam.eu\/wp-content\/uploads\/2020\/01\/PE1S0124_900.jpg?fit=890%2C593\" data-medium-file=\"https:\/\/i0.wp.com\/bayerwaldteam.eu\/wp-content\/uploads\/2020\/01\/PE1S0124_900.jpg?fit=300%2C200\" data-image-description=\"\" data-image-title=\"PE1S0124_900\" data-image-meta=\"{&quot;aperture&quot;:&quot;7.1&quot;,&quot;credit&quot;:&quot;Paul Eschbach&quot;,&quot;camera&quot;:&quot;Canon EOS-1Ds Mark III&quot;,&quot;caption&quot;:&quot;&quot;,&quot;created_timestamp&quot;:&quot;1577805751&quot;,&quot;copyright&quot;:&quot;&quot;,&quot;focal_length&quot;:&quot;32&quot;,&quot;iso&quot;:&quot;200&quot;,&quot;shutter_speed&quot;:&quot;0.001&quot;,&quot;title&quot;:&quot;&quot;,&quot;orientation&quot;:&quot;0&quot;}\" data-comments-opened=\"0\" data-orig-size=\"890,593\" data-orig-file=\"https:\/\/i0.wp.com\/bayerwaldteam.eu\/wp-content\/uploads\/2020\/01\/PE1S0124_900.jpg?fit=890%2C593\" data-permalink=\"http:\/\/bayerwaldteam.eu\/?attachment_id=1888#main\" data-attachment-id=\"1888\" \/><\/p>\n<p>Der Wetterbericht hat das Wort Schnee ganz aus der t\u00e4glichen Vorhersage gestrichen. Kein Schnee, kein eigentlicher Winter in Sicht. Weder am Heiligen Abend, noch an Silvester.<\/p>\n<p><!--more--><\/p>\n<h2><\/h2>\n<h2>Inversionswetterlage \u00fcber Ober- und Niederbayern<\/h2>\n<p>Das bedeutet in den Niederungen von Oberbayern oft tagelang eine d\u00fcstere Lichtstimmung mit Hochnebel \u2013 wenig einladend f\u00fcr die Fotografie.<\/p>\n<p><img loading=\"lazy\" decoding=\"async\" class=\"size-full wp-image-1890 aligncenter\" src=\"https:\/\/i0.wp.com\/bayerwaldteam.eu\/wp-content\/uploads\/2020\/01\/IMG_5200_900.jpg?resize=890%2C593\" sizes=\"auto, (max-width: 890px) 100vw, 890px\" srcset=\"https:\/\/i0.wp.com\/bayerwaldteam.eu\/wp-content\/uploads\/2020\/01\/IMG_5200_900.jpg?w=890 890w, https:\/\/i0.wp.com\/bayerwaldteam.eu\/wp-content\/uploads\/2020\/01\/IMG_5200_900.jpg?resize=300%2C200 300w, https:\/\/i0.wp.com\/bayerwaldteam.eu\/wp-content\/uploads\/2020\/01\/IMG_5200_900.jpg?resize=768%2C512 768w, https:\/\/i0.wp.com\/bayerwaldteam.eu\/wp-content\/uploads\/2020\/01\/IMG_5200_900.jpg?resize=600%2C400 600w, https:\/\/i0.wp.com\/bayerwaldteam.eu\/wp-content\/uploads\/2020\/01\/IMG_5200_900.jpg?resize=200%2C133 200w\" alt=\"\" width=\"890\" height=\"593\" data-recalc-dims=\"1\" data-large-file=\"https:\/\/i0.wp.com\/bayerwaldteam.eu\/wp-content\/uploads\/2020\/01\/IMG_5200_900.jpg?fit=890%2C593\" data-medium-file=\"https:\/\/i0.wp.com\/bayerwaldteam.eu\/wp-content\/uploads\/2020\/01\/IMG_5200_900.jpg?fit=300%2C200\" data-image-description=\"\" data-image-title=\"IMG_5200_900\" data-image-meta=\"{&quot;aperture&quot;:&quot;5.6&quot;,&quot;credit&quot;:&quot;PAUL ESCHBACH&quot;,&quot;camera&quot;:&quot;Canon EOS 80D&quot;,&quot;caption&quot;:&quot;&quot;,&quot;created_timestamp&quot;:&quot;1577791756&quot;,&quot;copyright&quot;:&quot;Paul Eschbach @ DELTA IMAGE&quot;,&quot;focal_length&quot;:&quot;100&quot;,&quot;iso&quot;:&quot;200&quot;,&quot;shutter_speed&quot;:&quot;0.0015625&quot;,&quot;title&quot;:&quot;&quot;,&quot;orientation&quot;:&quot;0&quot;}\" data-comments-opened=\"0\" data-orig-size=\"890,593\" data-orig-file=\"https:\/\/i0.wp.com\/bayerwaldteam.eu\/wp-content\/uploads\/2020\/01\/IMG_5200_900.jpg?fit=890%2C593\" data-permalink=\"http:\/\/bayerwaldteam.eu\/?attachment_id=1890#main\" data-attachment-id=\"1890\" \/><\/p>\n<p>Jedoch zeigt der Wetterbericht in den Tagen zwischen den Jahren Sonnenschein mit bis zu 8 Stunden Sonne am Tag und \u2026<\/p>\n<p>\u2026 ganz klar eine Inversionswetterlage an.<\/p>\n<p>Das kann bedeuten,<\/p>\n<ul>\n<li><strong>klare Sicht<\/strong> bis zu den Alpen (von Pol zu Pol),<\/li>\n<li><strong>kalte N\u00e4chte<\/strong> (bei wolkenlosem Himmel)<\/li>\n<li><strong>K\u00e4lte<\/strong> in den Niederungen und T\u00e4lern.<\/li>\n<\/ul>\n<p>Gen\u00fcgend M\u00f6glichkeiten, die Landschaft des <strong>Bayerischen Waldes<\/strong> in den sch\u00f6nsten Fotomotiven mit nach Hause zu tragen.<\/p>\n<div id=\"attachment_1895\" class=\"wp-caption aligncenter\">\n<div id=\"attachment_1895\" style=\"width: 900px\" class=\"wp-caption aligncenter\"><img loading=\"lazy\" decoding=\"async\" aria-describedby=\"caption-attachment-1895\" class=\"wp-image-1895 size-full\" src=\"https:\/\/i0.wp.com\/bayerwaldteam.eu\/wp-content\/uploads\/2020\/01\/1DX27137_900.jpg?resize=890%2C593\" sizes=\"auto, (max-width: 890px) 100vw, 890px\" srcset=\"https:\/\/i0.wp.com\/bayerwaldteam.eu\/wp-content\/uploads\/2020\/01\/1DX27137_900.jpg?w=890 890w, https:\/\/i0.wp.com\/bayerwaldteam.eu\/wp-content\/uploads\/2020\/01\/1DX27137_900.jpg?resize=300%2C200 300w, https:\/\/i0.wp.com\/bayerwaldteam.eu\/wp-content\/uploads\/2020\/01\/1DX27137_900.jpg?resize=768%2C512 768w, https:\/\/i0.wp.com\/bayerwaldteam.eu\/wp-content\/uploads\/2020\/01\/1DX27137_900.jpg?resize=600%2C400 600w, https:\/\/i0.wp.com\/bayerwaldteam.eu\/wp-content\/uploads\/2020\/01\/1DX27137_900.jpg?resize=200%2C133 200w\" alt=\"\" width=\"890\" height=\"593\" aria-describedby=\"caption-attachment-1895\" data-recalc-dims=\"1\" data-large-file=\"https:\/\/i0.wp.com\/bayerwaldteam.eu\/wp-content\/uploads\/2020\/01\/1DX27137_900.jpg?fit=890%2C593\" data-medium-file=\"https:\/\/i0.wp.com\/bayerwaldteam.eu\/wp-content\/uploads\/2020\/01\/1DX27137_900.jpg?fit=300%2C200\" data-image-description=\"\" data-image-title=\"1DX27137_900\" data-image-meta=\"{&quot;aperture&quot;:&quot;4&quot;,&quot;credit&quot;:&quot;Bauer-Falkner Hubert&quot;,&quot;camera&quot;:&quot;Canon EOS-1D X Mark II&quot;,&quot;caption&quot;:&quot;&quot;,&quot;created_timestamp&quot;:&quot;1578056193&quot;,&quot;copyright&quot;:&quot;BAYERWALDTEAM&quot;,&quot;focal_length&quot;:&quot;300&quot;,&quot;iso&quot;:&quot;200&quot;,&quot;shutter_speed&quot;:&quot;0.00625&quot;,&quot;title&quot;:&quot;&quot;,&quot;orientation&quot;:&quot;0&quot;}\" data-comments-opened=\"0\" data-orig-size=\"890,593\" data-orig-file=\"https:\/\/i0.wp.com\/bayerwaldteam.eu\/wp-content\/uploads\/2020\/01\/1DX27137_900.jpg?fit=890%2C593\" data-permalink=\"http:\/\/bayerwaldteam.eu\/?attachment_id=1895#main\" data-attachment-id=\"1895\" \/><p id=\"caption-attachment-1895\" class=\"wp-caption-text\">@ Hubert Bauer-Falkner<\/p><\/div>\n<p id=\"caption-attachment-1895\" class=\"wp-caption-text\">\n<\/div>\n<blockquote>\n<pre>Auf geht's!\r\n<\/pre>\n<\/blockquote>\n<h2><\/h2>\n<h2>BAYERWALDTEAM ist wieder unterwegs im \u201aWoid\u2018<\/h2>\n<div id=\"attachment_1893\" style=\"width: 900px\" class=\"wp-caption aligncenter\"><img data-recalc-dims=\"1\" loading=\"lazy\" decoding=\"async\" aria-describedby=\"caption-attachment-1893\" class=\"wp-image-1893 size-full\" src=\"https:\/\/i0.wp.com\/bayerwaldteam.eu\/wp-content\/uploads\/2020\/01\/1DX26771_900.jpg?resize=890%2C593\" alt=\"DX\" width=\"890\" height=\"593\" \/><p id=\"caption-attachment-1893\" class=\"wp-caption-text\">@Hubert Bauer-Falkner<\/p><\/div>\n<p>Ach wie sch\u00f6n, zusammen mit Hubert ziehen wir unsere Wege diesmal weitgehend abseits des Massentourismus \u00fcber teils einsame und verwunschene Orte und Wege. Es war wieder eine traumhaft sch\u00f6ne Zeit, in den Bilder wird man es sehen k\u00f6nnen.<\/p>\n<p>Wir sind an Pl\u00e4tzen gewesen, zu denen wir in 30 Jahren nicht gefunden haben. Es macht immer wieder Sinn und bereitet unbegrenzte Freude, solche versteckte Kleinode zu entdecken und zu erleben. Gerade auch die Verbindung mit dem passenden Wetter, dem Licht und der Stimmung ist in der Fotografie wichtig und die Bereicherung f\u00fcr den Fotografen.<\/p>\n<h2><img loading=\"lazy\" decoding=\"async\" data-attachment-id=\"1889\" data-permalink=\"https:\/\/deltaimage.de\/wp\/?attachment_id=1889#main\" data-orig-file=\"https:\/\/i0.wp.com\/deltaimage.de\/wp\/wp-content\/uploads\/PE1D1181_SPARIFANKERL.jpg?fit=900%2C600&amp;ssl=1\" data-orig-size=\"900,600\" data-comments-opened=\"0\" data-image-meta=\"{&quot;aperture&quot;:&quot;0&quot;,&quot;credit&quot;:&quot;&quot;,&quot;camera&quot;:&quot;&quot;,&quot;caption&quot;:&quot;&quot;,&quot;created_timestamp&quot;:&quot;0&quot;,&quot;copyright&quot;:&quot;&quot;,&quot;focal_length&quot;:&quot;0&quot;,&quot;iso&quot;:&quot;0&quot;,&quot;shutter_speed&quot;:&quot;0&quot;,&quot;title&quot;:&quot;&quot;,&quot;orientation&quot;:&quot;0&quot;}\" data-image-title=\"PE1D1181_SPARIFANKERL\" data-image-description=\"\" data-image-caption=\"\" data-large-file=\"https:\/\/i0.wp.com\/deltaimage.de\/wp\/wp-content\/uploads\/PE1D1181_SPARIFANKERL.jpg?fit=890%2C593&amp;ssl=1\" class=\"size-full wp-image-1889 aligncenter\" src=\"https:\/\/i0.wp.com\/bayerwaldteam.eu\/wp-content\/uploads\/2020\/01\/IMG_5244_900.jpg?resize=593%2C890\" sizes=\"auto, (max-width: 593px) 100vw, 593px\" srcset=\"https:\/\/i0.wp.com\/bayerwaldteam.eu\/wp-content\/uploads\/2020\/01\/IMG_5244_900.jpg?w=593 593w, https:\/\/i0.wp.com\/bayerwaldteam.eu\/wp-content\/uploads\/2020\/01\/IMG_5244_900.jpg?resize=200%2C300 200w, https:\/\/i0.wp.com\/bayerwaldteam.eu\/wp-content\/uploads\/2020\/01\/IMG_5244_900.jpg?resize=267%2C400 267w\" alt=\"\" width=\"593\" height=\"890\" data-recalc-dims=\"1\" data-large-file=\"https:\/\/i0.wp.com\/bayerwaldteam.eu\/wp-content\/uploads\/2020\/01\/IMG_5244_900.jpg?fit=593%2C890\" data-medium-file=\"https:\/\/i0.wp.com\/bayerwaldteam.eu\/wp-content\/uploads\/2020\/01\/IMG_5244_900.jpg?fit=200%2C300\" data-image-description=\"\" data-image-title=\"IMG_5244_900\" data-image-meta=\"{&quot;aperture&quot;:&quot;6.3&quot;,&quot;credit&quot;:&quot;PAUL ESCHBACH&quot;,&quot;camera&quot;:&quot;Canon EOS 80D&quot;,&quot;caption&quot;:&quot;&quot;,&quot;created_timestamp&quot;:&quot;1577794826&quot;,&quot;copyright&quot;:&quot;Paul Eschbach @ DELTA IMAGE&quot;,&quot;focal_length&quot;:&quot;100&quot;,&quot;iso&quot;:&quot;200&quot;,&quot;shutter_speed&quot;:&quot;0.0008&quot;,&quot;title&quot;:&quot;&quot;,&quot;orientation&quot;:&quot;0&quot;}\" data-comments-opened=\"0\" data-orig-size=\"593,890\" data-orig-file=\"https:\/\/i0.wp.com\/bayerwaldteam.eu\/wp-content\/uploads\/2020\/01\/IMG_5244_900.jpg?fit=593%2C890\" data-permalink=\"http:\/\/bayerwaldteam.eu\/?attachment_id=1889#main\" data-attachment-id=\"1889\" \/><\/h2>\n<h2><\/h2>\n<h2>Von den norwegischen Fjorden in den Bayerischen Wald<\/h2>\n<p>Alle Touren waren ganz toll \u2013 Danke Dir lieber <strong>Hubert (Hubi)<\/strong>, im Besonderen hat sich die Wanderung durch den an norwegische Fjorde erinnernden Erlau-Stauseen-Gruppe eingepr\u00e4gt.<\/p>\n<div id=\"attachment_1892\" class=\"wp-caption aligncenter\">\n<div id=\"attachment_1892\" style=\"width: 900px\" class=\"wp-caption aligncenter\"><img loading=\"lazy\" decoding=\"async\" aria-describedby=\"caption-attachment-1892\" class=\"wp-image-1892 size-full\" src=\"https:\/\/i1.wp.com\/bayerwaldteam.eu\/wp-content\/uploads\/2020\/01\/1DX27097_900.jpg?resize=890%2C593\" sizes=\"auto, (max-width: 890px) 100vw, 890px\" srcset=\"https:\/\/i1.wp.com\/bayerwaldteam.eu\/wp-content\/uploads\/2020\/01\/1DX27097_900.jpg?w=890 890w, https:\/\/i1.wp.com\/bayerwaldteam.eu\/wp-content\/uploads\/2020\/01\/1DX27097_900.jpg?resize=300%2C200 300w, https:\/\/i1.wp.com\/bayerwaldteam.eu\/wp-content\/uploads\/2020\/01\/1DX27097_900.jpg?resize=768%2C512 768w, https:\/\/i1.wp.com\/bayerwaldteam.eu\/wp-content\/uploads\/2020\/01\/1DX27097_900.jpg?resize=600%2C400 600w, https:\/\/i1.wp.com\/bayerwaldteam.eu\/wp-content\/uploads\/2020\/01\/1DX27097_900.jpg?resize=200%2C133 200w\" alt=\"\" width=\"890\" height=\"593\" aria-describedby=\"caption-attachment-1892\" data-recalc-dims=\"1\" data-large-file=\"https:\/\/i1.wp.com\/bayerwaldteam.eu\/wp-content\/uploads\/2020\/01\/1DX27097_900.jpg?fit=890%2C593\" data-medium-file=\"https:\/\/i1.wp.com\/bayerwaldteam.eu\/wp-content\/uploads\/2020\/01\/1DX27097_900.jpg?fit=300%2C200\" data-image-description=\"\" data-image-title=\"1DX27097_900\" data-image-meta=\"{&quot;aperture&quot;:&quot;5&quot;,&quot;credit&quot;:&quot;Bauer-Falkner Hubert&quot;,&quot;camera&quot;:&quot;Canon EOS-1D X Mark II&quot;,&quot;caption&quot;:&quot;&quot;,&quot;created_timestamp&quot;:&quot;1578054931&quot;,&quot;copyright&quot;:&quot;BAYERWALDTEAM&quot;,&quot;focal_length&quot;:&quot;300&quot;,&quot;iso&quot;:&quot;200&quot;,&quot;shutter_speed&quot;:&quot;0.00625&quot;,&quot;title&quot;:&quot;&quot;,&quot;orientation&quot;:&quot;0&quot;}\" data-comments-opened=\"0\" data-orig-size=\"890,593\" data-orig-file=\"https:\/\/i1.wp.com\/bayerwaldteam.eu\/wp-content\/uploads\/2020\/01\/1DX27097_900.jpg?fit=890%2C593\" data-permalink=\"http:\/\/bayerwaldteam.eu\/?attachment_id=1892#main\" data-attachment-id=\"1892\" \/><p id=\"caption-attachment-1892\" class=\"wp-caption-text\">@ Hubert Bauer-Falkner<\/p><\/div>\n<p id=\"caption-attachment-1892\" class=\"wp-caption-text\">\n<\/div>\n<p>Die Neujahrsnacht war mit Rauhreif und relativ tiefen Temperaturen gepr\u00e4gt. Das Licht, die Stimmung, die Landschaft, die Natur \u2013 im Kontrast mit der Technik der Wasserkraftwerksgruppe. Beruflich war ich mehrfach in Norwegen, in der Gegend bei Bergen. Einmal lie\u00df es die Zeitplanung zu, mit der \u201eWhite Lady\u201c auch in einen norwegischen Fjord zu schippern.<\/p>\n<p>Der <strong>Bayerische Wald<\/strong> pr\u00e4sentierte sich als \u201eNorway in a nutshell\u201c!<\/p>\n<blockquote>\n<pre>Nur a bisserl kleiner, aber das macht gar nichts.<\/pre>\n<\/blockquote>\n<div id=\"attachment_1894\" class=\"wp-caption aligncenter\">\n<div id=\"attachment_1894\" style=\"width: 900px\" class=\"wp-caption aligncenter\"><img loading=\"lazy\" decoding=\"async\" aria-describedby=\"caption-attachment-1894\" class=\"wp-image-1894 size-full\" src=\"https:\/\/i0.wp.com\/bayerwaldteam.eu\/wp-content\/uploads\/2020\/01\/1DX26766_900.jpg?resize=890%2C593\" sizes=\"auto, (max-width: 890px) 100vw, 890px\" srcset=\"https:\/\/i0.wp.com\/bayerwaldteam.eu\/wp-content\/uploads\/2020\/01\/1DX26766_900.jpg?w=890 890w, https:\/\/i0.wp.com\/bayerwaldteam.eu\/wp-content\/uploads\/2020\/01\/1DX26766_900.jpg?resize=300%2C200 300w, https:\/\/i0.wp.com\/bayerwaldteam.eu\/wp-content\/uploads\/2020\/01\/1DX26766_900.jpg?resize=768%2C512 768w, https:\/\/i0.wp.com\/bayerwaldteam.eu\/wp-content\/uploads\/2020\/01\/1DX26766_900.jpg?resize=600%2C400 600w, https:\/\/i0.wp.com\/bayerwaldteam.eu\/wp-content\/uploads\/2020\/01\/1DX26766_900.jpg?resize=200%2C133 200w\" alt=\"\" width=\"890\" height=\"593\" aria-describedby=\"caption-attachment-1894\" data-recalc-dims=\"1\" data-large-file=\"https:\/\/i0.wp.com\/bayerwaldteam.eu\/wp-content\/uploads\/2020\/01\/1DX26766_900.jpg?fit=890%2C593\" data-medium-file=\"https:\/\/i0.wp.com\/bayerwaldteam.eu\/wp-content\/uploads\/2020\/01\/1DX26766_900.jpg?fit=300%2C200\" data-image-description=\"\" data-image-title=\"1DX26766_900\" data-image-meta=\"{&quot;aperture&quot;:&quot;5&quot;,&quot;credit&quot;:&quot;Bauer-Falkner Hubert&quot;,&quot;camera&quot;:&quot;Canon EOS-1D X Mark II&quot;,&quot;caption&quot;:&quot;&quot;,&quot;created_timestamp&quot;:&quot;1577971334&quot;,&quot;copyright&quot;:&quot;BAYERWALDTEAM&quot;,&quot;focal_length&quot;:&quot;35&quot;,&quot;iso&quot;:&quot;200&quot;,&quot;shutter_speed&quot;:&quot;0.016666666666667&quot;,&quot;title&quot;:&quot;&quot;,&quot;orientation&quot;:&quot;0&quot;}\" data-comments-opened=\"0\" data-orig-size=\"890,593\" data-orig-file=\"https:\/\/i0.wp.com\/bayerwaldteam.eu\/wp-content\/uploads\/2020\/01\/1DX26766_900.jpg?fit=890%2C593\" data-permalink=\"http:\/\/bayerwaldteam.eu\/?attachment_id=1894#main\" data-attachment-id=\"1894\" \/><p id=\"caption-attachment-1894\" class=\"wp-caption-text\">@ Hubert Bauer-Falkner<\/p><\/div>\n<p id=\"caption-attachment-1894\" class=\"wp-caption-text\">\n<\/div>\n<p>Im Freigel\u00e4nde des Freilichtmuseums in Tittling ist im Winter nur ein beschr\u00e4nkter Zugang zum Museum geboten, entsprechend weniger Besucher kommen. Wir waren sogar nahezu alleine. Das merkte auch die Museumskatze und holte sich die Streicheleinheiten auch gleich ganz intensiv ab.<\/p>\n<div id=\"jp-relatedposts\" class=\"jp-relatedposts\"><\/div>\n","protected":false},"excerpt":{"rendered":"<p>Ach wie sch\u00f6n. Ein paar Tage frei und im Team zusammen durch den Bayerischen Wald als Fotografen zu streifen. Der Wetterbericht hat das Wort Schnee ganz aus der t\u00e4glichen Vorhersage [&hellip;]<\/p>\n","protected":false},"author":1,"featured_media":23945,"comment_status":"closed","ping_status":"closed","sticky":false,"template":"","format":"standard","meta":{"wpupg_custom_link":[],"wpupg_custom_link_behaviour":["default"],"wpupg_custom_link_nofollow":["default"],"wpupg_custom_image":[],"wpupg_custom_image_id":[],"jetpack_post_was_ever_published":false,"footnotes":""},"categories":[861,8],"tags":[595,594,1892,67,452,2529],"class_list":["post-23950","post","type-post","status-publish","format-standard","has-post-thumbnail","hentry","category-bayerwaldteam","category-news","tag-bayerischer-wald","tag-bayerwaldteam","tag-hubert-bauer-falkner","tag-paul-eschbach","tag-winter","tag-www-bayerwaldteam-eu"],"jetpack_featured_media_url":"https:\/\/i0.wp.com\/deltaimage.de\/wp\/wp-content\/uploads\/IMG_5341_1200.jpg?fit=1200%2C450&ssl=1","jetpack-related-posts":[{"id":21051,"url":"https:\/\/deltaimage.de\/wp\/?p=21051","url_meta":{"origin":23950,"position":0},"title":"BAYERWALDTEAM \u2013 Winter im Bayerischen Wald","author":"EschbacP","date":"30. Januar 2019","format":false,"excerpt":"Die Wolfensteiner Ohe hat sich eine wildromantische Schlucht von Freyung bis Ringelai im Bayerischen Wald \u00fcber die Jahrtausende in den Schiefer geschliffen. F\u00fcr den Naturwanderer und Fotografen ist die Buchberger Leite ein Kleinod in der Naturlandschaft. Am Ende der Schlucht f\u00fchrt ein kurzer Stollen durch den Berg und schafft den\u2026","rel":"","context":"In &quot;BAYERWALDTEAM&quot;","block_context":{"text":"BAYERWALDTEAM","link":"https:\/\/deltaimage.de\/wp\/?cat=861"},"img":{"alt_text":"","src":"https:\/\/i0.wp.com\/deltaimage.de\/wp\/wp-content\/uploads\/PE1S0102_1200-2.jpg?fit=1200%2C450&ssl=1&resize=350%2C200","width":350,"height":200,"srcset":"https:\/\/i0.wp.com\/deltaimage.de\/wp\/wp-content\/uploads\/PE1S0102_1200-2.jpg?fit=1200%2C450&ssl=1&resize=350%2C200 1x, https:\/\/i0.wp.com\/deltaimage.de\/wp\/wp-content\/uploads\/PE1S0102_1200-2.jpg?fit=1200%2C450&ssl=1&resize=525%2C300 1.5x, https:\/\/i0.wp.com\/deltaimage.de\/wp\/wp-content\/uploads\/PE1S0102_1200-2.jpg?fit=1200%2C450&ssl=1&resize=700%2C400 2x, https:\/\/i0.wp.com\/deltaimage.de\/wp\/wp-content\/uploads\/PE1S0102_1200-2.jpg?fit=1200%2C450&ssl=1&resize=1050%2C600 3x"},"classes":[]},{"id":20097,"url":"https:\/\/deltaimage.de\/wp\/?p=20097","url_meta":{"origin":23950,"position":1},"title":"Der Jahreskreis im Bayerischen Wald \u2013 Kalender 2009 vom BAYERWALDTEAM","author":"EschbacP","date":"25. August 2018","format":false,"excerpt":"Der Jahreskreis im Bayerischen Wald begleitet die Menschen im Woid das ganze Jahr hindurch. Im Jahr 2009 war dies auch nicht nur so dahin gesagt. Der SSL Verlag brachte eine Kalenderproduktion mit Bildern vom BAYERWALDTEAM \u2013 Huber Bauer-Falkner f\u00fcr das ganze Jahr. Der Kalender d\u00fcrfte inzwischen von den W\u00e4nden der\u2026","rel":"","context":"In &quot;BAYERWALDTEAM&quot;","block_context":{"text":"BAYERWALDTEAM","link":"https:\/\/deltaimage.de\/wp\/?cat=861"},"img":{"alt_text":"","src":"https:\/\/i0.wp.com\/deltaimage.de\/wp\/wp-content\/uploads\/der-jahreskreis-im-bayerischen-wald-kalender-2009-vom-bayerwaldteam.jpg?fit=425%2C600&ssl=1&resize=350%2C200","width":350,"height":200},"classes":[]},{"id":21035,"url":"https:\/\/deltaimage.de\/wp\/?p=21035","url_meta":{"origin":23950,"position":2},"title":"BAYERWALDTEAM &#8211; Fotoeins\u00e4tze im Bayerischen Wald","author":"EschbacP","date":"30. Januar 2019","format":false,"excerpt":"Fotografie im Winter im Bayerischen Wald - alle Jahre wieder ein geliebtes Einsatzgebiet im BAYERWALDTEAM. \u00a0 Winter und Schnee - da muss der Fotograf auch zur Schneeschippe greifen \u00dcber Nacht kommt Schnee - viel Schnee. Der Bayerische Wald ist fr\u00fch morgens ein Winter-Wunderland und der Tag hat pl\u00f6tzlich andere Priorit\u00e4ten.\u2026","rel":"","context":"In &quot;BAYERWALDTEAM&quot;","block_context":{"text":"BAYERWALDTEAM","link":"https:\/\/deltaimage.de\/wp\/?cat=861"},"img":{"alt_text":"","src":"https:\/\/i0.wp.com\/deltaimage.de\/wp\/wp-content\/uploads\/PE1S0081_1200-1.jpg?fit=1200%2C450&ssl=1&resize=350%2C200","width":350,"height":200,"srcset":"https:\/\/i0.wp.com\/deltaimage.de\/wp\/wp-content\/uploads\/PE1S0081_1200-1.jpg?fit=1200%2C450&ssl=1&resize=350%2C200 1x, https:\/\/i0.wp.com\/deltaimage.de\/wp\/wp-content\/uploads\/PE1S0081_1200-1.jpg?fit=1200%2C450&ssl=1&resize=525%2C300 1.5x, https:\/\/i0.wp.com\/deltaimage.de\/wp\/wp-content\/uploads\/PE1S0081_1200-1.jpg?fit=1200%2C450&ssl=1&resize=700%2C400 2x, https:\/\/i0.wp.com\/deltaimage.de\/wp\/wp-content\/uploads\/PE1S0081_1200-1.jpg?fit=1200%2C450&ssl=1&resize=1050%2C600 3x"},"classes":[]},{"id":29795,"url":"https:\/\/deltaimage.de\/wp\/?p=29795","url_meta":{"origin":23950,"position":3},"title":"Paul Eschbach \u2013 wieder auf Fotostreifz\u00fcgen im Bayerischen Wald unterwegs \u2013 BAYERWALDTEAM","author":"EschbacP","date":"17. August 2021","format":false,"excerpt":"Sechs Tage im Bayerischen Wald auf Fotostreitzug im BAYERWALDTEAM versprechen wieder viele spannende Motive und noch sch\u00f6nere Erlebnisse f\u00fcr das BAYERWALDTEAM. \u00a0 Bayerischer Pl\u00f6ckenstein auf der Grenze Bayern und B\u00f6hmen am Dreisesselberg Der Dreisesselberg ist immer eine imposante Wanderung auf dem Grenzkamm entlang zwischen Bayern und B\u00f6hmen. Nach beiden Seiten\u2026","rel":"","context":"In &quot;BAYERWALDTEAM&quot;","block_context":{"text":"BAYERWALDTEAM","link":"https:\/\/deltaimage.de\/wp\/?cat=861"},"img":{"alt_text":"","src":"https:\/\/i0.wp.com\/deltaimage.de\/wp\/wp-content\/uploads\/AK3I9785_1200.jpg?fit=1200%2C450&ssl=1&resize=350%2C200","width":350,"height":200,"srcset":"https:\/\/i0.wp.com\/deltaimage.de\/wp\/wp-content\/uploads\/AK3I9785_1200.jpg?fit=1200%2C450&ssl=1&resize=350%2C200 1x, https:\/\/i0.wp.com\/deltaimage.de\/wp\/wp-content\/uploads\/AK3I9785_1200.jpg?fit=1200%2C450&ssl=1&resize=525%2C300 1.5x, https:\/\/i0.wp.com\/deltaimage.de\/wp\/wp-content\/uploads\/AK3I9785_1200.jpg?fit=1200%2C450&ssl=1&resize=700%2C400 2x, https:\/\/i0.wp.com\/deltaimage.de\/wp\/wp-content\/uploads\/AK3I9785_1200.jpg?fit=1200%2C450&ssl=1&resize=1050%2C600 3x"},"classes":[]},{"id":21049,"url":"https:\/\/deltaimage.de\/wp\/?p=21049","url_meta":{"origin":23950,"position":4},"title":"BAYERWALDTEAM im Profil \u2013 Paul Eschbach","author":"EschbacP","date":"30. Januar 2019","format":false,"excerpt":"Die Situation in der Natur ergibt die Gelegenheit f\u00fcr teaminterne Fotos. Das Profil ist hier auch sprichw\u00f6rtlich Ernst gemeint. Fotos: Hubert Bauer-Falkner Langzeitfotografie an der Wolfensteier Ohe mit Stativ \u2013 eine sch\u00f6ne Gelegenheit f\u00fcr ein Teamfoto.","rel":"","context":"In &quot;BAYERWALDTEAM&quot;","block_context":{"text":"BAYERWALDTEAM","link":"https:\/\/deltaimage.de\/wp\/?cat=861"},"img":{"alt_text":"","src":"https:\/\/i0.wp.com\/deltaimage.de\/wp\/wp-content\/uploads\/bayerwaldteam-im-profil-paul-eschbach.jpg?fit=890%2C593&ssl=1&resize=350%2C200","width":350,"height":200,"srcset":"https:\/\/i0.wp.com\/deltaimage.de\/wp\/wp-content\/uploads\/bayerwaldteam-im-profil-paul-eschbach.jpg?fit=890%2C593&ssl=1&resize=350%2C200 1x, https:\/\/i0.wp.com\/deltaimage.de\/wp\/wp-content\/uploads\/bayerwaldteam-im-profil-paul-eschbach.jpg?fit=890%2C593&ssl=1&resize=525%2C300 1.5x, https:\/\/i0.wp.com\/deltaimage.de\/wp\/wp-content\/uploads\/bayerwaldteam-im-profil-paul-eschbach.jpg?fit=890%2C593&ssl=1&resize=700%2C400 2x"},"classes":[]},{"id":30190,"url":"https:\/\/deltaimage.de\/wp\/?p=30190","url_meta":{"origin":23950,"position":5},"title":"Paul Eschbach \u2013 wieder auf Fotostreifz\u00fcgen im Bayerischen Wald unterwegs \u2013 BAYERWALDTEAM","author":"EschbacP","date":"16. August 2021","format":false,"excerpt":"Sechs Tage im Bayerischen Wald auf Fotostreitzug im BAYERWALDTEAM versprechen wieder viele spannende Motive und noch sch\u00f6nere Erlebnisse f\u00fcr das BAYERWALDTEAM. \u00a0 Bayerischer Pl\u00f6ckenstein auf der Grenze Bayern und B\u00f6hmen am Dreisesselberg Der Dreisesselberg ist immer eine imposante Wanderung auf dem Grenzkamm entlang zwischen Bayern und B\u00f6hmen. Nach beiden Seiten\u2026","rel":"","context":"In &quot;BAYERWALDTEAM&quot;","block_context":{"text":"BAYERWALDTEAM","link":"https:\/\/deltaimage.de\/wp\/?cat=861"},"img":{"alt_text":"","src":"https:\/\/i0.wp.com\/deltaimage.de\/wp\/wp-content\/uploads\/paul-eschbach-wieder-auf-fotostreifzuegen-im-bayerischen-wald-unterwegs-bayerwaldteam.jpg?fit=890%2C593&ssl=1&resize=350%2C200","width":350,"height":200,"srcset":"https:\/\/i0.wp.com\/deltaimage.de\/wp\/wp-content\/uploads\/paul-eschbach-wieder-auf-fotostreifzuegen-im-bayerischen-wald-unterwegs-bayerwaldteam.jpg?fit=890%2C593&ssl=1&resize=350%2C200 1x, https:\/\/i0.wp.com\/deltaimage.de\/wp\/wp-content\/uploads\/paul-eschbach-wieder-auf-fotostreifzuegen-im-bayerischen-wald-unterwegs-bayerwaldteam.jpg?fit=890%2C593&ssl=1&resize=525%2C300 1.5x, https:\/\/i0.wp.com\/deltaimage.de\/wp\/wp-content\/uploads\/paul-eschbach-wieder-auf-fotostreifzuegen-im-bayerischen-wald-unterwegs-bayerwaldteam.jpg?fit=890%2C593&ssl=1&resize=700%2C400 2x"},"classes":[]}],"jetpack_sharing_enabled":true,"_links":{"self":[{"href":"https:\/\/deltaimage.de\/wp\/index.php?rest_route=\/wp\/v2\/posts\/23950","targetHints":{"allow":["GET"]}}],"collection":[{"href":"https:\/\/deltaimage.de\/wp\/index.php?rest_route=\/wp\/v2\/posts"}],"about":[{"href":"https:\/\/deltaimage.de\/wp\/index.php?rest_route=\/wp\/v2\/types\/post"}],"author":[{"embeddable":true,"href":"https:\/\/deltaimage.de\/wp\/index.php?rest_route=\/wp\/v2\/users\/1"}],"replies":[{"embeddable":true,"href":"https:\/\/deltaimage.de\/wp\/index.php?rest_route=%2Fwp%2Fv2%2Fcomments&post=23950"}],"version-history":[{"count":6,"href":"https:\/\/deltaimage.de\/wp\/index.php?rest_route=\/wp\/v2\/posts\/23950\/revisions"}],"predecessor-version":[{"id":51064,"href":"https:\/\/deltaimage.de\/wp\/index.php?rest_route=\/wp\/v2\/posts\/23950\/revisions\/51064"}],"wp:featuredmedia":[{"embeddable":true,"href":"https:\/\/deltaimage.de\/wp\/index.php?rest_route=\/wp\/v2\/media\/23945"}],"wp:attachment":[{"href":"https:\/\/deltaimage.de\/wp\/index.php?rest_route=%2Fwp%2Fv2%2Fmedia&parent=23950"}],"wp:term":[{"taxonomy":"category","embeddable":true,"href":"https:\/\/deltaimage.de\/wp\/index.php?rest_route=%2Fwp%2Fv2%2Fcategories&post=23950"},{"taxonomy":"post_tag","embeddable":true,"href":"https:\/\/deltaimage.de\/wp\/index.php?rest_route=%2Fwp%2Fv2%2Ftags&post=23950"}],"curies":[{"name":"wp","href":"https:\/\/api.w.org\/{rel}","templated":true}]}}