{"id":23989,"date":"2020-01-09T20:15:49","date_gmt":"2020-01-09T19:15:49","guid":{"rendered":"http:\/\/deltaimage.de\/wp\/?p=23989"},"modified":"2025-08-17T21:13:36","modified_gmt":"2025-08-17T19:13:36","slug":"vom-oberfrauenwald-zu-den-alpen-250-km-und-doch-zum-greifen-nah","status":"publish","type":"post","link":"https:\/\/deltaimage.de\/wp\/?p=23989","title":{"rendered":"Vom Oberfrauenwald zu den Alpen &#8211; 250 km und doch zum Greifen nah"},"content":{"rendered":"<p><img data-recalc-dims=\"1\" loading=\"lazy\" decoding=\"async\" data-attachment-id=\"10582\" data-permalink=\"https:\/\/deltaimage.de\/wp\/?attachment_id=10582#main\" data-orig-file=\"https:\/\/i0.wp.com\/deltaimage.de\/wp\/wp-content\/uploads\/BAYERWALDTEAM_neu.jpg?fit=1546%2C1085&amp;ssl=1\" data-orig-size=\"1546,1085\" data-comments-opened=\"0\" data-image-meta=\"{&quot;aperture&quot;:&quot;0&quot;,&quot;credit&quot;:&quot;&quot;,&quot;camera&quot;:&quot;&quot;,&quot;caption&quot;:&quot;&quot;,&quot;created_timestamp&quot;:&quot;0&quot;,&quot;copyright&quot;:&quot;&quot;,&quot;focal_length&quot;:&quot;0&quot;,&quot;iso&quot;:&quot;0&quot;,&quot;shutter_speed&quot;:&quot;0&quot;,&quot;title&quot;:&quot;&quot;,&quot;orientation&quot;:&quot;0&quot;}\" data-image-title=\"BAYERWALDTEAM_neu\" data-image-description=\"\" data-image-caption=\"\" data-large-file=\"https:\/\/i0.wp.com\/deltaimage.de\/wp\/wp-content\/uploads\/BAYERWALDTEAM_neu.jpg?fit=890%2C625&amp;ssl=1\" class=\"wp-image-10582 alignright\" src=\"https:\/\/i0.wp.com\/deltaimage.de\/wp\/wp-content\/uploads\/BAYERWALDTEAM_neu.jpg?resize=143%2C89\" alt=\"BAYERWALDTEAM neu\" width=\"143\" height=\"89\" \/><br \/>\nIm Winter ist die Luft oft trocken und frei von Staub und Dunst. Eine Inversionswetterlage schafft die besten Voraussetzungen f\u00fcr den Blick auf die 250 km entfernten Alpenkette.<\/p>\n<p><img data-recalc-dims=\"1\" loading=\"lazy\" decoding=\"async\" class=\"aligncenter size-full wp-image-1973\" src=\"https:\/\/i0.wp.com\/bayerwaldteam.eu\/wp-content\/uploads\/2020\/01\/IMG_5127_900.jpg?resize=890%2C593\" alt=\"IMG\" width=\"890\" height=\"593\" \/><\/p>\n<p>Vom nahen Oberfrauenwald schweift der Fernblick \u00fcber 250km auf die Alpenkette.<\/p>\n<p><!--more--><\/p>\n<p>&nbsp;<\/p>\n<h2>Von Slovenien bis zur Zugspitze reicht der Blick<\/h2>\n<p>Nichts st\u00f6rt den Blick \u00fcber die sanften H\u00fcgel und T\u00e4ler in der Neuen Welt. Passau und die Donau liegt da unten. Dunst und Nebel ziehen \u00fcber die T\u00e4ler und bereiten sagenhafte Motive im sp\u00e4ten Licht des Tages.<\/p>\n<p><img data-recalc-dims=\"1\" loading=\"lazy\" decoding=\"async\" class=\"aligncenter size-full wp-image-1970\" src=\"https:\/\/i0.wp.com\/bayerwaldteam.eu\/wp-content\/uploads\/2020\/01\/PE1S0015_900.jpg?resize=890%2C593\" alt=\"PES\" width=\"890\" height=\"593\" \/><\/p>\n<p>Ganz weit im Westen kann man die Zugspitze als letzten Berg noch klar erkennen. Im Osten geht der Blick weit \u00fcber das Dachstein-Massiv und die Hohen Tauern bis weit nach Slowenien hinein (auch wenn wir dort die Berge nicht identifizieren k\u00f6nnen).<\/p>\n<p><img data-recalc-dims=\"1\" loading=\"lazy\" decoding=\"async\" class=\"aligncenter size-full wp-image-1971\" src=\"https:\/\/i0.wp.com\/bayerwaldteam.eu\/wp-content\/uploads\/2020\/01\/PE1S0024_900.jpg?resize=890%2C593\" alt=\"PES\" width=\"890\" height=\"593\" \/><\/p>\n<p>&nbsp;<\/p>\n<h2>Von Tal zu Tal nimmt der Dunst weiter zu<\/h2>\n<p>Im Foto ergibt sich eine herrlich verdichtete Perspektive f\u00fcr den Betrachter. Je weiter weg die Landschaft, desto dichter der Dunst und die Farben und Formen l\u00f6sen sich auf.<\/p>\n<p><img data-recalc-dims=\"1\" loading=\"lazy\" decoding=\"async\" class=\"aligncenter size-full wp-image-1972\" src=\"https:\/\/i0.wp.com\/bayerwaldteam.eu\/wp-content\/uploads\/2020\/01\/IMG_5169_900.jpg?resize=890%2C593\" alt=\"IMG\" width=\"890\" height=\"593\" \/><\/p>\n<p>Oberhalb von 700 m ist kein Dunst mehr und der Blick geht ungest\u00f6rt bis zur Horizontlinie.<\/p>\n<p><img data-recalc-dims=\"1\" loading=\"lazy\" decoding=\"async\" class=\"aligncenter size-full wp-image-1970\" src=\"https:\/\/i0.wp.com\/bayerwaldteam.eu\/wp-content\/uploads\/2020\/01\/PE1S0015_900.jpg?resize=890%2C593\" alt=\"PES\" width=\"890\" height=\"593\" \/><\/p>\n<p>&nbsp;<\/p>\n<h2>Ein Panorama wie geschaffen f\u00fcr den Fotografen<\/h2>\n<blockquote>\n<pre>Welch ein Bild vom Winter!<\/pre>\n<\/blockquote>\n<p><img data-recalc-dims=\"1\" loading=\"lazy\" decoding=\"async\" class=\"aligncenter size-full wp-image-1974\" src=\"https:\/\/i0.wp.com\/bayerwaldteam.eu\/wp-content\/uploads\/2020\/01\/IMG_5135_900.jpg?resize=890%2C593\" alt=\"IMG\" width=\"890\" height=\"593\" \/><\/p>\n<p>Da kann ich auch gerne mal auf den Schnee verzichten. Fotografisch und als Erlebnis ist das schon ganz gro\u00dfes Kino.<\/p>\n","protected":false},"excerpt":{"rendered":"<p>Im Winter ist die Luft oft trocken und frei von Staub und Dunst. Eine Inversionswetterlage schafft die besten Voraussetzungen f\u00fcr den Blick auf die 250 km entfernten Alpenkette. Vom nahen [&hellip;]<\/p>\n","protected":false},"author":1,"featured_media":23991,"comment_status":"open","ping_status":"closed","sticky":false,"template":"","format":"standard","meta":{"wpupg_custom_link":[],"wpupg_custom_link_behaviour":["default"],"wpupg_custom_link_nofollow":["default"],"wpupg_custom_image":[],"wpupg_custom_image_id":[],"jetpack_post_was_ever_published":false,"footnotes":""},"categories":[861,8],"tags":[458,595,594,2730,1216,524,1061,412,452,292,2529],"class_list":["post-23989","post","type-post","status-publish","format-standard","has-post-thumbnail","hentry","category-bayerwaldteam","category-news","tag-alpen","tag-bayerischer-wald","tag-bayerwaldteam","tag-dunst","tag-eis","tag-fernsicht","tag-grenzkamm","tag-sonnenuntergang","tag-winter","tag-wolken","tag-www-bayerwaldteam-eu"],"jetpack_featured_media_url":"https:\/\/i0.wp.com\/deltaimage.de\/wp\/wp-content\/uploads\/IMG_5138_1200.jpg?fit=1200%2C450&ssl=1","jetpack-related-posts":[{"id":24245,"url":"https:\/\/deltaimage.de\/wp\/?p=24245","url_meta":{"origin":23989,"position":0},"title":"Waldlandschaft des Bayerischen Waldes zum Sonnenuntergang im Winter","author":"EschbacP","date":"9. Januar 2020","format":false,"excerpt":"Wieder so eine kleine \u00dcberraschung. Die Fototouren orientieren sich an nahe gelegenen Zielen. Sonst fahren wir daran viel zu oft vorbei, auf der Reise zu den bekannten Zielen am Grenzkamm. Heute schauen wir uns den Grenzkamm im letzten Licht des Abends von einem Aussuchtsturm bei Thurmannsbang an. \u00a0 Von der\u2026","rel":"","context":"In &quot;BAYERWALDTEAM&quot;","block_context":{"text":"BAYERWALDTEAM","link":"https:\/\/deltaimage.de\/wp\/?cat=861"},"img":{"alt_text":"","src":"https:\/\/i0.wp.com\/deltaimage.de\/wp\/wp-content\/uploads\/waldlandschaft-des-bayerischen-waldes-zum-sonnenuntergang-im-winter.jpg?fit=890%2C593&ssl=1&resize=350%2C200","width":350,"height":200,"srcset":"https:\/\/i0.wp.com\/deltaimage.de\/wp\/wp-content\/uploads\/waldlandschaft-des-bayerischen-waldes-zum-sonnenuntergang-im-winter.jpg?fit=890%2C593&ssl=1&resize=350%2C200 1x, https:\/\/i0.wp.com\/deltaimage.de\/wp\/wp-content\/uploads\/waldlandschaft-des-bayerischen-waldes-zum-sonnenuntergang-im-winter.jpg?fit=890%2C593&ssl=1&resize=525%2C300 1.5x, https:\/\/i0.wp.com\/deltaimage.de\/wp\/wp-content\/uploads\/waldlandschaft-des-bayerischen-waldes-zum-sonnenuntergang-im-winter.jpg?fit=890%2C593&ssl=1&resize=700%2C400 2x"},"classes":[]},{"id":10469,"url":"https:\/\/deltaimage.de\/wp\/?p=10469","url_meta":{"origin":23989,"position":1},"title":"25 Jahre im Bayerischen Wald als Fotograf unterwegs","author":"EschbacP","date":"23. Januar 2016","format":false,"excerpt":"Dreisessel im L\u00e4nderdreieck Bayern - B\u00f6hmen und Ober\u00f6sterreich Einst sa\u00dfen auf den drei Gipfelfelsen die K\u00f6nige von Bayern, B\u00f6hmen und \u00d6sterreich und verhandelten \u00fcber den Lauf der Welt. Im Februar 1991 war mein erster Besuch im Winter im Bayerischen Wald. \u00dcber Nacht kam der Schneesturm und kleidete die W\u00e4lder am\u2026","rel":"","context":"In &quot;BAYERWALDTEAM&quot;","block_context":{"text":"BAYERWALDTEAM","link":"https:\/\/deltaimage.de\/wp\/?cat=861"},"img":{"alt_text":"","src":"https:\/\/i0.wp.com\/deltaimage.de\/wp\/wp-content\/uploads\/ZY5M2754_1200.jpg?fit=1200%2C500&ssl=1&resize=350%2C200","width":350,"height":200,"srcset":"https:\/\/i0.wp.com\/deltaimage.de\/wp\/wp-content\/uploads\/ZY5M2754_1200.jpg?fit=1200%2C500&ssl=1&resize=350%2C200 1x, https:\/\/i0.wp.com\/deltaimage.de\/wp\/wp-content\/uploads\/ZY5M2754_1200.jpg?fit=1200%2C500&ssl=1&resize=525%2C300 1.5x, https:\/\/i0.wp.com\/deltaimage.de\/wp\/wp-content\/uploads\/ZY5M2754_1200.jpg?fit=1200%2C500&ssl=1&resize=700%2C400 2x, https:\/\/i0.wp.com\/deltaimage.de\/wp\/wp-content\/uploads\/ZY5M2754_1200.jpg?fit=1200%2C500&ssl=1&resize=1050%2C600 3x"},"classes":[]},{"id":6277,"url":"https:\/\/deltaimage.de\/wp\/?p=6277","url_meta":{"origin":23989,"position":2},"title":"Ende des F\u00f6hnwindes bringt herrliche Bergsicht vom Dachauer Schlossberg","author":"EschbacP","date":"20. Dezember 2014","format":false,"excerpt":"Die Dachauer haben schon viele Vorteile. Da w\u00e4ren das Schloss, das Volksfest, die Ampertaler Tracht, ... ... jeder hat da so seine speziellen Gr\u00fcnde, warum es in Dachau besonders sch\u00f6n ist. Als Fotograf ist die Aussicht vom Schlossberg ganz besonders Am n\u00f6rdlichen Rand der M\u00fcnchener Schotterebene geht die Landschaft vom\u2026","rel":"","context":"In &quot;Dachauer Moos&quot;","block_context":{"text":"Dachauer Moos","link":"https:\/\/deltaimage.de\/wp\/?cat=2523"},"img":{"alt_text":"","src":"https:\/\/i0.wp.com\/deltaimage.de\/wp\/wp-content\/uploads\/ZY5M8621_1200.jpg?fit=1200%2C450&ssl=1&resize=350%2C200","width":350,"height":200,"srcset":"https:\/\/i0.wp.com\/deltaimage.de\/wp\/wp-content\/uploads\/ZY5M8621_1200.jpg?fit=1200%2C450&ssl=1&resize=350%2C200 1x, https:\/\/i0.wp.com\/deltaimage.de\/wp\/wp-content\/uploads\/ZY5M8621_1200.jpg?fit=1200%2C450&ssl=1&resize=525%2C300 1.5x, https:\/\/i0.wp.com\/deltaimage.de\/wp\/wp-content\/uploads\/ZY5M8621_1200.jpg?fit=1200%2C450&ssl=1&resize=700%2C400 2x, https:\/\/i0.wp.com\/deltaimage.de\/wp\/wp-content\/uploads\/ZY5M8621_1200.jpg?fit=1200%2C450&ssl=1&resize=1050%2C600 3x"},"classes":[]},{"id":53467,"url":"https:\/\/deltaimage.de\/wp\/?p=53467","url_meta":{"origin":23989,"position":3},"title":"Ein Dezembertag voller Energie und Farbe","author":"EschbacP","date":"9. Dezember 2025","format":false,"excerpt":"Die Tage werden immer k\u00fcrzer, in zwei Wochen steht der Heilige Abend vor der T\u00fcr. Diese Tage sind in Dachauer Land meist tr\u00fcb, oft nass und eigentlich auch ganz ungem\u00fctliche Tage. Nur in wenigen Jahren schaut bereits der erste Schnee im Dezember bei uns vorbei - wie im Jahr 2023\u2026","rel":"","context":"In &quot;Dachauer Land&quot;","block_context":{"text":"Dachauer Land","link":"https:\/\/deltaimage.de\/wp\/?cat=3010"},"img":{"alt_text":"","src":"https:\/\/i0.wp.com\/deltaimage.de\/wp\/wp-content\/uploads\/PED45565_1200.jpg?fit=1200%2C450&ssl=1&resize=350%2C200","width":350,"height":200,"srcset":"https:\/\/i0.wp.com\/deltaimage.de\/wp\/wp-content\/uploads\/PED45565_1200.jpg?fit=1200%2C450&ssl=1&resize=350%2C200 1x, https:\/\/i0.wp.com\/deltaimage.de\/wp\/wp-content\/uploads\/PED45565_1200.jpg?fit=1200%2C450&ssl=1&resize=525%2C300 1.5x, https:\/\/i0.wp.com\/deltaimage.de\/wp\/wp-content\/uploads\/PED45565_1200.jpg?fit=1200%2C450&ssl=1&resize=700%2C400 2x, https:\/\/i0.wp.com\/deltaimage.de\/wp\/wp-content\/uploads\/PED45565_1200.jpg?fit=1200%2C450&ssl=1&resize=1050%2C600 3x"},"classes":[]},{"id":23961,"url":"https:\/\/deltaimage.de\/wp\/?p=23961","url_meta":{"origin":23989,"position":4},"title":"Mystisches Licht, harter Fels und sanfter Nebel am Dreisessel","author":"EschbacP","date":"6. Januar 2020","format":false,"excerpt":"An einem Tag zieht es uns auch auf den Dreisessel. Wir sind nicht alleine - der Tourismus der ganzen Region hat keinen Schnee und so wird jeder Hotspot genutzt, der sich anbietet. Am Sonntag zuvor war die Dreisesselbergstra\u00dfe von Autos zugeparkt, es ging nichts mehr bergan und nichts mehr bergab.\u2026","rel":"","context":"In &quot;BAYERWALDTEAM&quot;","block_context":{"text":"BAYERWALDTEAM","link":"https:\/\/deltaimage.de\/wp\/?cat=861"},"img":{"alt_text":"","src":"https:\/\/i0.wp.com\/deltaimage.de\/wp\/wp-content\/uploads\/PE1S0138_1200-1.jpg?fit=1200%2C450&ssl=1&resize=350%2C200","width":350,"height":200,"srcset":"https:\/\/i0.wp.com\/deltaimage.de\/wp\/wp-content\/uploads\/PE1S0138_1200-1.jpg?fit=1200%2C450&ssl=1&resize=350%2C200 1x, https:\/\/i0.wp.com\/deltaimage.de\/wp\/wp-content\/uploads\/PE1S0138_1200-1.jpg?fit=1200%2C450&ssl=1&resize=525%2C300 1.5x, https:\/\/i0.wp.com\/deltaimage.de\/wp\/wp-content\/uploads\/PE1S0138_1200-1.jpg?fit=1200%2C450&ssl=1&resize=700%2C400 2x, https:\/\/i0.wp.com\/deltaimage.de\/wp\/wp-content\/uploads\/PE1S0138_1200-1.jpg?fit=1200%2C450&ssl=1&resize=1050%2C600 3x"},"classes":[]},{"id":13127,"url":"https:\/\/deltaimage.de\/wp\/?p=13127","url_meta":{"origin":23989,"position":5},"title":"Vom Bayerischen Wald ins Dachstein Gebirge &#8211; nur einen Augenblick entfernt","author":"EschbacP","date":"7. Januar 2017","format":false,"excerpt":"Am Tag f\u00fcnf der Winterspiele im Bayerischen Wald stand eigentlich erneut der Gro\u00dfe Arber als K\u00f6nig des Bayerischen Waldes auf dem Programm. Das Fotoprogramm wird in der Landschaftsfotografie sehr oft durch das Licht, das Wetter oder die Stimmung in der Landschaft geschrieben. Die Landschaft ist von Schnee und Eis \u00fcberzogen\u2026","rel":"","context":"In &quot;BAYERWALDTEAM&quot;","block_context":{"text":"BAYERWALDTEAM","link":"https:\/\/deltaimage.de\/wp\/?cat=861"},"img":{"alt_text":"","src":"https:\/\/i0.wp.com\/deltaimage.de\/wp\/wp-content\/uploads\/PE1S1667_1200.jpg?fit=1200%2C450&ssl=1&resize=350%2C200","width":350,"height":200,"srcset":"https:\/\/i0.wp.com\/deltaimage.de\/wp\/wp-content\/uploads\/PE1S1667_1200.jpg?fit=1200%2C450&ssl=1&resize=350%2C200 1x, https:\/\/i0.wp.com\/deltaimage.de\/wp\/wp-content\/uploads\/PE1S1667_1200.jpg?fit=1200%2C450&ssl=1&resize=525%2C300 1.5x, https:\/\/i0.wp.com\/deltaimage.de\/wp\/wp-content\/uploads\/PE1S1667_1200.jpg?fit=1200%2C450&ssl=1&resize=700%2C400 2x, https:\/\/i0.wp.com\/deltaimage.de\/wp\/wp-content\/uploads\/PE1S1667_1200.jpg?fit=1200%2C450&ssl=1&resize=1050%2C600 3x"},"classes":[]}],"jetpack_sharing_enabled":true,"_links":{"self":[{"href":"https:\/\/deltaimage.de\/wp\/index.php?rest_route=\/wp\/v2\/posts\/23989","targetHints":{"allow":["GET"]}}],"collection":[{"href":"https:\/\/deltaimage.de\/wp\/index.php?rest_route=\/wp\/v2\/posts"}],"about":[{"href":"https:\/\/deltaimage.de\/wp\/index.php?rest_route=\/wp\/v2\/types\/post"}],"author":[{"embeddable":true,"href":"https:\/\/deltaimage.de\/wp\/index.php?rest_route=\/wp\/v2\/users\/1"}],"replies":[{"embeddable":true,"href":"https:\/\/deltaimage.de\/wp\/index.php?rest_route=%2Fwp%2Fv2%2Fcomments&post=23989"}],"version-history":[{"count":7,"href":"https:\/\/deltaimage.de\/wp\/index.php?rest_route=\/wp\/v2\/posts\/23989\/revisions"}],"predecessor-version":[{"id":51053,"href":"https:\/\/deltaimage.de\/wp\/index.php?rest_route=\/wp\/v2\/posts\/23989\/revisions\/51053"}],"wp:featuredmedia":[{"embeddable":true,"href":"https:\/\/deltaimage.de\/wp\/index.php?rest_route=\/wp\/v2\/media\/23991"}],"wp:attachment":[{"href":"https:\/\/deltaimage.de\/wp\/index.php?rest_route=%2Fwp%2Fv2%2Fmedia&parent=23989"}],"wp:term":[{"taxonomy":"category","embeddable":true,"href":"https:\/\/deltaimage.de\/wp\/index.php?rest_route=%2Fwp%2Fv2%2Fcategories&post=23989"},{"taxonomy":"post_tag","embeddable":true,"href":"https:\/\/deltaimage.de\/wp\/index.php?rest_route=%2Fwp%2Fv2%2Ftags&post=23989"}],"curies":[{"name":"wp","href":"https:\/\/api.w.org\/{rel}","templated":true}]}}