{"id":25013,"date":"2020-04-12T09:35:52","date_gmt":"2020-04-12T08:35:52","guid":{"rendered":"https:\/\/deltaimage.de\/wp\/?p=25013"},"modified":"2025-08-17T21:47:07","modified_gmt":"2025-08-17T19:47:07","slug":"kultur-technik-das-magazin-des-deutschen-museums-historische-flugplatzwanderungen","status":"publish","type":"post","link":"https:\/\/deltaimage.de\/wp\/?p=25013","title":{"rendered":"KULTUR &amp; TECHNIK &#8211; Das Magazin des Deutschen Museums &#8211; historische Flugplatzwanderungen"},"content":{"rendered":"<p>Das <strong>Magazin KULTUR &amp; TECHNIK<\/strong> des <strong>Deutschen Museums<\/strong> widmet in der aktuellen April-Ausgabe eine Doppelseite unseren seit 2012 wieder belebten historischen <strong>Flugplatzwanderungen<\/strong> am \u00e4ltesten Flugplatz in Bayern &#8211; <strong>Schlei\u00dfheim<\/strong>.<\/p>\n<p><a href=\"https:\/\/i0.wp.com\/deltaimage.de\/wp\/wp-content\/uploads\/KulturTechnik_DeutschesMuseum_04_2020.jpg?ssl=1\"><img data-recalc-dims=\"1\" loading=\"lazy\" decoding=\"async\" data-attachment-id=\"25683\" data-permalink=\"https:\/\/deltaimage.de\/wp\/?attachment_id=25683#main\" data-orig-file=\"https:\/\/i0.wp.com\/deltaimage.de\/wp\/wp-content\/uploads\/KulturTechnik_DeutschesMuseum_04_2020.jpg?fit=600%2C822&amp;ssl=1\" data-orig-size=\"600,822\" data-comments-opened=\"1\" data-image-meta=\"{&quot;aperture&quot;:&quot;0&quot;,&quot;credit&quot;:&quot;&quot;,&quot;camera&quot;:&quot;&quot;,&quot;caption&quot;:&quot;&quot;,&quot;created_timestamp&quot;:&quot;0&quot;,&quot;copyright&quot;:&quot;&quot;,&quot;focal_length&quot;:&quot;0&quot;,&quot;iso&quot;:&quot;0&quot;,&quot;shutter_speed&quot;:&quot;0&quot;,&quot;title&quot;:&quot;&quot;,&quot;orientation&quot;:&quot;1&quot;}\" data-image-title=\"Kultur&#038;Technik_DeutschesMuseum_04_2020\" data-image-description=\"\" data-image-caption=\"\" data-large-file=\"https:\/\/i0.wp.com\/deltaimage.de\/wp\/wp-content\/uploads\/KulturTechnik_DeutschesMuseum_04_2020.jpg?fit=600%2C822&amp;ssl=1\" class=\"aligncenter size-full wp-image-25683\" src=\"https:\/\/i0.wp.com\/deltaimage.de\/wp\/wp-content\/uploads\/KulturTechnik_DeutschesMuseum_04_2020.jpg?resize=600%2C822&#038;ssl=1\" alt=\"KulturTechnik DeutschesMuseum\" width=\"600\" height=\"822\" srcset=\"https:\/\/i0.wp.com\/deltaimage.de\/wp\/wp-content\/uploads\/KulturTechnik_DeutschesMuseum_04_2020.jpg?w=600&amp;ssl=1 600w, https:\/\/i0.wp.com\/deltaimage.de\/wp\/wp-content\/uploads\/KulturTechnik_DeutschesMuseum_04_2020.jpg?resize=146%2C200&amp;ssl=1 146w, https:\/\/i0.wp.com\/deltaimage.de\/wp\/wp-content\/uploads\/KulturTechnik_DeutschesMuseum_04_2020.jpg?resize=438%2C600&amp;ssl=1 438w, https:\/\/i0.wp.com\/deltaimage.de\/wp\/wp-content\/uploads\/KulturTechnik_DeutschesMuseum_04_2020.jpg?resize=433%2C593&amp;ssl=1 433w, https:\/\/i0.wp.com\/deltaimage.de\/wp\/wp-content\/uploads\/KulturTechnik_DeutschesMuseum_04_2020.jpg?resize=328%2C450&amp;ssl=1 328w, https:\/\/i0.wp.com\/deltaimage.de\/wp\/wp-content\/uploads\/KulturTechnik_DeutschesMuseum_04_2020.jpg?resize=292%2C400&amp;ssl=1 292w\" sizes=\"auto, (max-width: 600px) 100vw, 600px\" \/><\/a><\/p>\n<p>In enger Zusammenarbeit mit dem Verein &#8222;<em>Bayerischen Flugzeughistoriker e.V. (BFH)<\/em>&#8220; veranstalten wir unter der Moderation von Paul Eschbach seit dem Jahr 2012 wieder die historischen Flugplatzwanderungen am Flugplatz Schlei\u00dfheim. Dieses sehr beliebte Format hatte G\u00fcnter Braun als 1. Vorstand des BFH auch schon lange Zeit vorher eingef\u00fchrt.<\/p>\n<p>&nbsp;<\/p>\n<h2>Das Deutsche Museum berichtet im Magazin dar\u00fcber<\/h2>\n<p>Die Termine der historischen Flugplatzwanderungen werden seit vielen Jahren schon im Veranstaltungsprogramm des Deutschen Museums ver\u00f6ffentlicht und beschert uns zus\u00e4tzliche Teilnehmer auch weit \u00fcber die Grenzen von Oberschlei\u00dfheim hinaus.<\/p>\n<p><a href=\"https:\/\/i0.wp.com\/deltaimage.de\/wp\/wp-content\/uploads\/Kultur_und_Technik_Artikel_Flugplatzwanderungen_20200410_1200.jpg?ssl=1\"><img data-recalc-dims=\"1\" loading=\"lazy\" decoding=\"async\" data-attachment-id=\"25014\" data-permalink=\"https:\/\/deltaimage.de\/wp\/?attachment_id=25014#main\" data-orig-file=\"https:\/\/i0.wp.com\/deltaimage.de\/wp\/wp-content\/uploads\/Kultur_und_Technik_Artikel_Flugplatzwanderungen_20200410_1200.jpg?fit=1200%2C758&amp;ssl=1\" data-orig-size=\"1200,758\" data-comments-opened=\"0\" data-image-meta=\"{&quot;aperture&quot;:&quot;0&quot;,&quot;credit&quot;:&quot;Paul Eschbach&quot;,&quot;camera&quot;:&quot;&quot;,&quot;caption&quot;:&quot;&quot;,&quot;created_timestamp&quot;:&quot;1586607666&quot;,&quot;copyright&quot;:&quot;&quot;,&quot;focal_length&quot;:&quot;0&quot;,&quot;iso&quot;:&quot;0&quot;,&quot;shutter_speed&quot;:&quot;0&quot;,&quot;title&quot;:&quot;&quot;,&quot;orientation&quot;:&quot;1&quot;}\" data-image-title=\"Kultur_und_Technik_Artikel_Flugplatzwanderungen_20200410_1200\" data-image-description=\"\" data-image-caption=\"\" data-large-file=\"https:\/\/i0.wp.com\/deltaimage.de\/wp\/wp-content\/uploads\/Kultur_und_Technik_Artikel_Flugplatzwanderungen_20200410_1200.jpg?fit=890%2C562&amp;ssl=1\" class=\"aligncenter size-full wp-image-25014\" src=\"https:\/\/i0.wp.com\/deltaimage.de\/wp\/wp-content\/uploads\/Kultur_und_Technik_Artikel_Flugplatzwanderungen_20200410_1200.jpg?resize=890%2C562&#038;ssl=1\" alt=\"Kultur und Technik Artikel Flugplatzwanderungen\" width=\"890\" height=\"562\" srcset=\"https:\/\/i0.wp.com\/deltaimage.de\/wp\/wp-content\/uploads\/Kultur_und_Technik_Artikel_Flugplatzwanderungen_20200410_1200.jpg?w=1200&amp;ssl=1 1200w, https:\/\/i0.wp.com\/deltaimage.de\/wp\/wp-content\/uploads\/Kultur_und_Technik_Artikel_Flugplatzwanderungen_20200410_1200.jpg?resize=300%2C190&amp;ssl=1 300w, https:\/\/i0.wp.com\/deltaimage.de\/wp\/wp-content\/uploads\/Kultur_und_Technik_Artikel_Flugplatzwanderungen_20200410_1200.jpg?resize=600%2C379&amp;ssl=1 600w, https:\/\/i0.wp.com\/deltaimage.de\/wp\/wp-content\/uploads\/Kultur_und_Technik_Artikel_Flugplatzwanderungen_20200410_1200.jpg?resize=890%2C562&amp;ssl=1 890w, https:\/\/i0.wp.com\/deltaimage.de\/wp\/wp-content\/uploads\/Kultur_und_Technik_Artikel_Flugplatzwanderungen_20200410_1200.jpg?resize=712%2C450&amp;ssl=1 712w, https:\/\/i0.wp.com\/deltaimage.de\/wp\/wp-content\/uploads\/Kultur_und_Technik_Artikel_Flugplatzwanderungen_20200410_1200.jpg?resize=633%2C400&amp;ssl=1 633w\" sizes=\"auto, (max-width: 890px) 100vw, 890px\" \/><\/a><\/p>\n<blockquote>\n<pre>Vielen Dank an die Redaktion und die Autorin Frau Beatrix Dargel\r\nals Autorin des Textes und der Bilder<\/pre>\n<\/blockquote>\n<p>&nbsp;<\/p>\n<p><a href=\"https:\/\/i0.wp.com\/deltaimage.de\/wp\/wp-content\/uploads\/KulturTechnik_DeutschesMuseum_Headline.jpg?ssl=1\"><img data-recalc-dims=\"1\" loading=\"lazy\" decoding=\"async\" data-attachment-id=\"25684\" data-permalink=\"https:\/\/deltaimage.de\/wp\/?attachment_id=25684#main\" data-orig-file=\"https:\/\/i0.wp.com\/deltaimage.de\/wp\/wp-content\/uploads\/KulturTechnik_DeutschesMuseum_Headline.jpg?fit=1200%2C641&amp;ssl=1\" data-orig-size=\"1200,641\" data-comments-opened=\"1\" data-image-meta=\"{&quot;aperture&quot;:&quot;0&quot;,&quot;credit&quot;:&quot;&quot;,&quot;camera&quot;:&quot;&quot;,&quot;caption&quot;:&quot;&quot;,&quot;created_timestamp&quot;:&quot;0&quot;,&quot;copyright&quot;:&quot;&quot;,&quot;focal_length&quot;:&quot;0&quot;,&quot;iso&quot;:&quot;0&quot;,&quot;shutter_speed&quot;:&quot;0&quot;,&quot;title&quot;:&quot;&quot;,&quot;orientation&quot;:&quot;1&quot;}\" data-image-title=\"Kultur&#038;Technik_DeutschesMuseum_Headline\" data-image-description=\"\" data-image-caption=\"\" data-large-file=\"https:\/\/i0.wp.com\/deltaimage.de\/wp\/wp-content\/uploads\/KulturTechnik_DeutschesMuseum_Headline.jpg?fit=890%2C475&amp;ssl=1\" class=\"aligncenter wp-image-25684\" src=\"https:\/\/i0.wp.com\/deltaimage.de\/wp\/wp-content\/uploads\/KulturTechnik_DeutschesMuseum_Headline.jpg?resize=890%2C475&#038;ssl=1\" alt=\"KulturTechnik DeutschesMuseum Headline\" width=\"890\" height=\"475\" srcset=\"https:\/\/i0.wp.com\/deltaimage.de\/wp\/wp-content\/uploads\/KulturTechnik_DeutschesMuseum_Headline.jpg?w=1200&amp;ssl=1 1200w, https:\/\/i0.wp.com\/deltaimage.de\/wp\/wp-content\/uploads\/KulturTechnik_DeutschesMuseum_Headline.jpg?resize=300%2C160&amp;ssl=1 300w, https:\/\/i0.wp.com\/deltaimage.de\/wp\/wp-content\/uploads\/KulturTechnik_DeutschesMuseum_Headline.jpg?resize=600%2C321&amp;ssl=1 600w, https:\/\/i0.wp.com\/deltaimage.de\/wp\/wp-content\/uploads\/KulturTechnik_DeutschesMuseum_Headline.jpg?resize=890%2C475&amp;ssl=1 890w, https:\/\/i0.wp.com\/deltaimage.de\/wp\/wp-content\/uploads\/KulturTechnik_DeutschesMuseum_Headline.jpg?resize=842%2C450&amp;ssl=1 842w, https:\/\/i0.wp.com\/deltaimage.de\/wp\/wp-content\/uploads\/KulturTechnik_DeutschesMuseum_Headline.jpg?resize=749%2C400&amp;ssl=1 749w\" sizes=\"auto, (max-width: 890px) 100vw, 890px\" \/><\/a><\/p>\n<h2>Zum 100 Jahre Jubil\u00e4um begann die Neuauflage der Flugplatzwanderungen<\/h2>\n<blockquote>\n<pre>\"Wir dachten nicht mehr, dass so ein altmodisches Format in den\r\nZeiten von Internet, Facebook und YouTube noch auf Interesse st\u00f6\u00dft.\"\r\nPaul Eschbach<\/pre>\n<\/blockquote>\n<p>Im Jahr 2012 arbeiteten wir intensiv an den 100-Jahr-Aktivit\u00e4ten mit und so kam die \u00dcberlegung auf, dieses in die Jahre gekommene Format in diesem historischen Kontext erneut einmal zu zeigen.<\/p>\n<blockquote>\n<pre>\"Ohne Werbung, standen \u00fcber 30 Besucher vor uns und waren an der\r\nhistorischen Luftfahrtgeschichte interessiert.\"\r\nPaul Eschbach<\/pre>\n<\/blockquote>\n<p>Das war der Wiederanfang &#8211; mit soviel Resonanz hatten wir \u00fcberhaupt nicht gerechnet. Es scheint gerade auch unter den jungen Menschen, den jungen Familien in Oberschlei\u00dfheim und Umgebung ein Verlangen zu bestehen, mehr \u00fcber die neue Heimat zu erfahren.<\/p>\n<p><a href=\"https:\/\/i0.wp.com\/deltaimage.de\/wp\/wp-content\/uploads\/2M9A0189_900.jpg?ssl=1\"><img data-recalc-dims=\"1\" loading=\"lazy\" decoding=\"async\" data-attachment-id=\"21540\" data-permalink=\"https:\/\/deltaimage.de\/wp\/?attachment_id=21540#main\" data-orig-file=\"https:\/\/i0.wp.com\/deltaimage.de\/wp\/wp-content\/uploads\/2M9A0189_900.jpg?fit=890%2C593&amp;ssl=1\" data-orig-size=\"890,593\" data-comments-opened=\"0\" data-image-meta=\"{&quot;aperture&quot;:&quot;9&quot;,&quot;credit&quot;:&quot;Andi Pirchmoser&quot;,&quot;camera&quot;:&quot;Canon EOS 5D Mark III&quot;,&quot;caption&quot;:&quot;&quot;,&quot;created_timestamp&quot;:&quot;1554642233&quot;,&quot;copyright&quot;:&quot;Foto Sessner&quot;,&quot;focal_length&quot;:&quot;24&quot;,&quot;iso&quot;:&quot;160&quot;,&quot;shutter_speed&quot;:&quot;0.00625&quot;,&quot;title&quot;:&quot;&quot;,&quot;orientation&quot;:&quot;0&quot;}\" data-image-title=\"2M9A0189_900\" data-image-description=\"\" data-image-caption=\"\" data-large-file=\"https:\/\/i0.wp.com\/deltaimage.de\/wp\/wp-content\/uploads\/2M9A0189_900.jpg?fit=890%2C593&amp;ssl=1\" class=\"aligncenter size-full wp-image-21540\" src=\"https:\/\/i0.wp.com\/deltaimage.de\/wp\/wp-content\/uploads\/2M9A0189_900.jpg?resize=890%2C593&#038;ssl=1\" alt=\"MA\" width=\"890\" height=\"593\" srcset=\"https:\/\/i0.wp.com\/deltaimage.de\/wp\/wp-content\/uploads\/2M9A0189_900.jpg?w=890&amp;ssl=1 890w, https:\/\/i0.wp.com\/deltaimage.de\/wp\/wp-content\/uploads\/2M9A0189_900.jpg?resize=200%2C133&amp;ssl=1 200w, https:\/\/i0.wp.com\/deltaimage.de\/wp\/wp-content\/uploads\/2M9A0189_900.jpg?resize=300%2C200&amp;ssl=1 300w, https:\/\/i0.wp.com\/deltaimage.de\/wp\/wp-content\/uploads\/2M9A0189_900.jpg?resize=675%2C450&amp;ssl=1 675w, https:\/\/i0.wp.com\/deltaimage.de\/wp\/wp-content\/uploads\/2M9A0189_900.jpg?resize=600%2C400&amp;ssl=1 600w\" sizes=\"auto, (max-width: 890px) 100vw, 890px\" \/><\/a><\/p>\n<p>&nbsp;<\/p>\n<h2>Das Veranstaltungsplakat h\u00e4ngt zwei mal in der Flugwerkt Schlei\u00dfheim<\/h2>\n<p>Im Jahresprogramm waren viele unterschiedliche Themen vorgesehen. Die Flugwerft Schlei\u00dfheim und das Deutsche Museum sind aktuell auch noch geschlossen.<\/p>\n<p><a href=\"https:\/\/i0.wp.com\/deltaimage.de\/wp\/wp-content\/uploads\/Plakat_FlugplatzWanderung_FWS_2019_900.jpg?ssl=1\"><img data-recalc-dims=\"1\" loading=\"lazy\" decoding=\"async\" data-attachment-id=\"23600\" data-permalink=\"https:\/\/deltaimage.de\/wp\/?attachment_id=23600\" data-orig-file=\"https:\/\/i0.wp.com\/deltaimage.de\/wp\/wp-content\/uploads\/Plakat_FlugplatzWanderung_FWS_2019_900.jpg?fit=623%2C900&amp;ssl=1\" data-orig-size=\"623,900\" data-comments-opened=\"0\" data-image-meta=\"{&quot;aperture&quot;:&quot;0&quot;,&quot;credit&quot;:&quot;&quot;,&quot;camera&quot;:&quot;&quot;,&quot;caption&quot;:&quot;&quot;,&quot;created_timestamp&quot;:&quot;0&quot;,&quot;copyright&quot;:&quot;&quot;,&quot;focal_length&quot;:&quot;0&quot;,&quot;iso&quot;:&quot;0&quot;,&quot;shutter_speed&quot;:&quot;0&quot;,&quot;title&quot;:&quot;&quot;,&quot;orientation&quot;:&quot;1&quot;}\" data-image-title=\"Plakat_FlugplatzWanderung_FWS_2019_900\" data-image-description=\"\" data-image-caption=\"\" data-large-file=\"https:\/\/i0.wp.com\/deltaimage.de\/wp\/wp-content\/uploads\/Plakat_FlugplatzWanderung_FWS_2019_900.jpg?fit=623%2C900&amp;ssl=1\" class=\"aligncenter size-full wp-image-23600\" src=\"https:\/\/i0.wp.com\/deltaimage.de\/wp\/wp-content\/uploads\/Plakat_FlugplatzWanderung_FWS_2019_900.jpg?resize=623%2C900&#038;ssl=1\" alt=\"Plakat FlugplatzWanderung FWS\" width=\"623\" height=\"900\" srcset=\"https:\/\/i0.wp.com\/deltaimage.de\/wp\/wp-content\/uploads\/Plakat_FlugplatzWanderung_FWS_2019_900.jpg?w=623&amp;ssl=1 623w, https:\/\/i0.wp.com\/deltaimage.de\/wp\/wp-content\/uploads\/Plakat_FlugplatzWanderung_FWS_2019_900.jpg?resize=138%2C200&amp;ssl=1 138w, https:\/\/i0.wp.com\/deltaimage.de\/wp\/wp-content\/uploads\/Plakat_FlugplatzWanderung_FWS_2019_900.jpg?resize=208%2C300&amp;ssl=1 208w, https:\/\/i0.wp.com\/deltaimage.de\/wp\/wp-content\/uploads\/Plakat_FlugplatzWanderung_FWS_2019_900.jpg?resize=410%2C593&amp;ssl=1 410w, https:\/\/i0.wp.com\/deltaimage.de\/wp\/wp-content\/uploads\/Plakat_FlugplatzWanderung_FWS_2019_900.jpg?resize=312%2C450&amp;ssl=1 312w, https:\/\/i0.wp.com\/deltaimage.de\/wp\/wp-content\/uploads\/Plakat_FlugplatzWanderung_FWS_2019_900.jpg?resize=277%2C400&amp;ssl=1 277w\" sizes=\"auto, (max-width: 623px) 100vw, 623px\" \/><\/a><\/p>\n<p>Wir informieren auf diesem Kanal \u00fcber die neuen Termine in 2020 &#8211; wir haben das Ziel &#8211; alle Veranstaltungen auch nachzuholen.<\/p>\n<p><span style=\"display: inline !important; float: none; background-color: #ffffff; color: #333333; cursor: text; font-family: -apple-system,BlinkMacSystemFont,'Segoe UI',Roboto,Oxygen-Sans,Ubuntu,Cantarell,'Helvetica Neue',sans-serif; font-size: 16px; font-style: normal; font-variant: normal; font-weight: 400; letter-spacing: normal; text-align: left; text-decoration: none; text-indent: 0px; text-transform: none;\">Bleiben Sie auf dem Laufenden zu allen neuen Terminen und Veranstaltungen von DELTA IMAGE mit dem Newsletter System.<\/span><br \/>\n<span style=\"display: inline !important; float: none; background-color: #ffffff; color: #333333; cursor: text; font-family: -apple-system,BlinkMacSystemFont,'Segoe UI',Roboto,Oxygen-Sans,Ubuntu,Cantarell,'Helvetica Neue',sans-serif; font-size: 16px; font-style: normal; font-variant: normal; font-weight: 400; letter-spacing: normal; text-align: left; text-decoration: none; text-indent: 0px; text-transform: none;\">[email-subscribers-form id=&#8220;2&#8243;]<\/span><\/p>\n<p>&nbsp;<\/p>\n","protected":false},"excerpt":{"rendered":"<p>Das Magazin KULTUR &amp; TECHNIK des Deutschen Museums widmet in der aktuellen April-Ausgabe eine Doppelseite unseren seit 2012 wieder belebten historischen Flugplatzwanderungen am \u00e4ltesten Flugplatz in Bayern &#8211; Schlei\u00dfheim. In [&hellip;]<\/p>\n","protected":false},"author":1,"featured_media":25684,"comment_status":"open","ping_status":"closed","sticky":false,"template":"","format":"standard","meta":{"wpupg_custom_link":[],"wpupg_custom_link_behaviour":["default"],"wpupg_custom_link_nofollow":["default"],"wpupg_custom_image":[],"wpupg_custom_image_id":[],"jetpack_post_was_ever_published":false,"footnotes":""},"categories":[854,8,3161,3164,3163,3162],"tags":[71,401,2773,2437,204,2772,441],"class_list":["post-25013","post","type-post","status-publish","format-standard","has-post-thumbnail","hentry","category-flugplatzwanderung","category-news","category-nord-route","category-ost-route","category-sued-route","category-west-route","tag-deutsches-museum","tag-flugplatz-schleissheim","tag-flugplatzfuehrungen","tag-flugplatzwanderungen","tag-flugwerft-schleissheim","tag-kultur-technik","tag-magazin"],"jetpack_featured_media_url":"https:\/\/i0.wp.com\/deltaimage.de\/wp\/wp-content\/uploads\/KulturTechnik_DeutschesMuseum_Headline.jpg?fit=1200%2C641&ssl=1","jetpack-related-posts":[{"id":12863,"url":"https:\/\/deltaimage.de\/wp\/?p=12863","url_meta":{"origin":25013,"position":0},"title":"Historischer Flugplatzwanderf\u00fchrer am \u00e4ltesten Flugplatz in Bayern im Eigenverlag erschienen &#8211; Teil 2 (S\u00fcd- &amp; West-Route)","author":"EschbacP","date":"7. November 2016","format":false,"excerpt":"Historischer Flugplatzwanderf\u00fchrer am \u00e4ltesten Flugplatz in Bayern zum selbst Erleben 1986 kaufte ich mir meine erste Spiegelreflexkamera, war gerade im Vordiplom im Studium und durchstreifte mit dem Fahrrad und der Kamera die n\u00e4here Heimat. Da gibt es ja so viel zu entdecken \u2013 so kam ich auch an den Flugplatz\u2026","rel":"","context":"In &quot;Buch&quot;","block_context":{"text":"Buch","link":"https:\/\/deltaimage.de\/wp\/?cat=1189"},"img":{"alt_text":"","src":"https:\/\/i0.wp.com\/deltaimage.de\/wp\/wp-content\/uploads\/Flugplatz_Wanderung_I_1200.jpg?fit=1199%2C500&ssl=1&resize=350%2C200","width":350,"height":200,"srcset":"https:\/\/i0.wp.com\/deltaimage.de\/wp\/wp-content\/uploads\/Flugplatz_Wanderung_I_1200.jpg?fit=1199%2C500&ssl=1&resize=350%2C200 1x, https:\/\/i0.wp.com\/deltaimage.de\/wp\/wp-content\/uploads\/Flugplatz_Wanderung_I_1200.jpg?fit=1199%2C500&ssl=1&resize=525%2C300 1.5x, https:\/\/i0.wp.com\/deltaimage.de\/wp\/wp-content\/uploads\/Flugplatz_Wanderung_I_1200.jpg?fit=1199%2C500&ssl=1&resize=700%2C400 2x, https:\/\/i0.wp.com\/deltaimage.de\/wp\/wp-content\/uploads\/Flugplatz_Wanderung_I_1200.jpg?fit=1199%2C500&ssl=1&resize=1050%2C600 3x"},"classes":[]},{"id":12850,"url":"https:\/\/deltaimage.de\/wp\/?p=12850","url_meta":{"origin":25013,"position":1},"title":"Historischer Flugplatzwanderf\u00fchrer am \u00e4ltesten Flugplatz in Bayern im Eigenverlag erschienen &#8211; Teil 1","author":"EschbacP","date":"7. November 2016","format":false,"excerpt":"Historischer Flugplatzwanderf\u00fchrer am \u00e4ltesten Flugplatz in Bayern zum selbst Erleben 1986 kaufte ich mir meine erste Spiegelreflexkamera, war gerade im Vordiplom im Studium und durchstreifte mit dem Fahrrad und der Kamera die n\u00e4here Heimat. Da gibt es ja so viel zu entdecken \u2013 so kam ich auch an den Flugplatz\u2026","rel":"","context":"In &quot;Buch&quot;","block_context":{"text":"Buch","link":"https:\/\/deltaimage.de\/wp\/?cat=1189"},"img":{"alt_text":"","src":"https:\/\/i0.wp.com\/deltaimage.de\/wp\/wp-content\/uploads\/Flugplatz_Wanderung_I_1200.jpg?fit=1199%2C500&ssl=1&resize=350%2C200","width":350,"height":200,"srcset":"https:\/\/i0.wp.com\/deltaimage.de\/wp\/wp-content\/uploads\/Flugplatz_Wanderung_I_1200.jpg?fit=1199%2C500&ssl=1&resize=350%2C200 1x, https:\/\/i0.wp.com\/deltaimage.de\/wp\/wp-content\/uploads\/Flugplatz_Wanderung_I_1200.jpg?fit=1199%2C500&ssl=1&resize=525%2C300 1.5x, https:\/\/i0.wp.com\/deltaimage.de\/wp\/wp-content\/uploads\/Flugplatz_Wanderung_I_1200.jpg?fit=1199%2C500&ssl=1&resize=700%2C400 2x, https:\/\/i0.wp.com\/deltaimage.de\/wp\/wp-content\/uploads\/Flugplatz_Wanderung_I_1200.jpg?fit=1199%2C500&ssl=1&resize=1050%2C600 3x"},"classes":[]},{"id":33133,"url":"https:\/\/deltaimage.de\/wp\/?p=33133","url_meta":{"origin":25013,"position":2},"title":"Flugplatzwanderungen Schlei\u00dfheim neu gebunden &#8211; Sammelband verf\u00fcgbar","author":"EschbacP","date":"3. M\u00e4rz 2022","format":false,"excerpt":"Die Flugwerft Schlei\u00dfheim im Deutschen Museum wurde 1992 neu er\u00f6ffnet und wird in dieser Form heuer 30 Jahre jung. Kein \u00fcblicher Geburtstag, aber immerhin. Eigentlich war es wie gestern, als die Flugwerft auch f\u00fcr mich als neue Ausstellung erstrahlte. Als Sonderdruck erscheint jetzt bei uns im DELTA IMAGE Eigenverlag auf\u2026","rel":"","context":"In &quot;Buch&quot;","block_context":{"text":"Buch","link":"https:\/\/deltaimage.de\/wp\/?cat=1189"},"img":{"alt_text":"","src":"https:\/\/i0.wp.com\/deltaimage.de\/wp\/wp-content\/uploads\/IMG_3540_1200.jpg?fit=1200%2C450&ssl=1&resize=350%2C200","width":350,"height":200,"srcset":"https:\/\/i0.wp.com\/deltaimage.de\/wp\/wp-content\/uploads\/IMG_3540_1200.jpg?fit=1200%2C450&ssl=1&resize=350%2C200 1x, https:\/\/i0.wp.com\/deltaimage.de\/wp\/wp-content\/uploads\/IMG_3540_1200.jpg?fit=1200%2C450&ssl=1&resize=525%2C300 1.5x, https:\/\/i0.wp.com\/deltaimage.de\/wp\/wp-content\/uploads\/IMG_3540_1200.jpg?fit=1200%2C450&ssl=1&resize=700%2C400 2x, https:\/\/i0.wp.com\/deltaimage.de\/wp\/wp-content\/uploads\/IMG_3540_1200.jpg?fit=1200%2C450&ssl=1&resize=1050%2C600 3x"},"classes":[]},{"id":12331,"url":"https:\/\/deltaimage.de\/wp\/?p=12331","url_meta":{"origin":25013,"position":3},"title":"Auf historischen Spuren am Flugplatz Schlei\u00dfheim &#8211; Luftfahrtgeschichte selbst erleben.","author":"EschbacP","date":"6. Oktober 2016","format":false,"excerpt":"\u00dcber 100 Jahre Luftfahrtgeschichte am \u00e4ltesten Flugplatz in Bayern fasziniert immer wieder die Besucher unserer historischen Flugplatzwanderung in Schlei\u00dfheim. \u00a0 45 Luftfahrt Begeisterte wurden durch 100 Jahre Luftfahrtgeschichte gef\u00fchrt Der Flugplatz Schlei\u00dfheim ist die Wiege der Fliegerei in Bayern und hat sich in 100 Jahren stark ver\u00e4ndert, verschiedene Zeitepochen und\u2026","rel":"","context":"In &quot;Flugplatzwanderung&quot;","block_context":{"text":"Flugplatzwanderung","link":"https:\/\/deltaimage.de\/wp\/?cat=854"},"img":{"alt_text":"Paul Eschbach","src":"https:\/\/i0.wp.com\/deltaimage.de\/wp\/wp-content\/uploads\/Flugplatzwanderung_002_900.jpg?resize=350%2C200","width":350,"height":200,"srcset":"https:\/\/i0.wp.com\/deltaimage.de\/wp\/wp-content\/uploads\/Flugplatzwanderung_002_900.jpg?resize=350%2C200 1x, https:\/\/i0.wp.com\/deltaimage.de\/wp\/wp-content\/uploads\/Flugplatzwanderung_002_900.jpg?resize=525%2C300 1.5x, https:\/\/i0.wp.com\/deltaimage.de\/wp\/wp-content\/uploads\/Flugplatzwanderung_002_900.jpg?resize=700%2C400 2x"},"classes":[]},{"id":19521,"url":"https:\/\/deltaimage.de\/wp\/?p=19521","url_meta":{"origin":25013,"position":4},"title":"Flugplatzwanderung im Programm Deutsches Museum Flugwerft Schlei\u00dfheim","author":"EschbacP","date":"18. Juli 2018","format":false,"excerpt":"Das Deutsche Museum ist das gr\u00f6\u00dfte Technikmuseum der Welt - und das bekannteste in Deutschland. Das Programm des Deutschen Museums enth\u00e4lt immer wieder neue Veranstaltungen im Jahreskreis. In der Ausgabe zum zweiten Quartal 2018, sind unsere historische Flugplatzwanderungen am \u00e4ltesten Flugplatz in Bayern auch enthalten. Hurra und viel Freude In\u2026","rel":"","context":"In &quot;News Blog&quot;","block_context":{"text":"News Blog","link":"https:\/\/deltaimage.de\/wp\/?cat=8"},"img":{"alt_text":"","src":"https:\/\/i0.wp.com\/deltaimage.de\/wp\/wp-content\/uploads\/IMG_4275_1200.jpg?fit=1200%2C450&ssl=1&resize=350%2C200","width":350,"height":200,"srcset":"https:\/\/i0.wp.com\/deltaimage.de\/wp\/wp-content\/uploads\/IMG_4275_1200.jpg?fit=1200%2C450&ssl=1&resize=350%2C200 1x, https:\/\/i0.wp.com\/deltaimage.de\/wp\/wp-content\/uploads\/IMG_4275_1200.jpg?fit=1200%2C450&ssl=1&resize=525%2C300 1.5x, https:\/\/i0.wp.com\/deltaimage.de\/wp\/wp-content\/uploads\/IMG_4275_1200.jpg?fit=1200%2C450&ssl=1&resize=700%2C400 2x, https:\/\/i0.wp.com\/deltaimage.de\/wp\/wp-content\/uploads\/IMG_4275_1200.jpg?fit=1200%2C450&ssl=1&resize=1050%2C600 3x"},"classes":[]},{"id":15620,"url":"https:\/\/deltaimage.de\/wp\/?p=15620","url_meta":{"origin":25013,"position":5},"title":"Der Flugplatz und seine Geschichte erleben &#8211; Flugplatzwanderung am 3. Oktober 2017","author":"EschbacP","date":"27. September 2017","format":false,"excerpt":"Der Flugplatz Schlei\u00dfheim ist der \u00e4lteste Flugplatz in Bayern und ein wunderbares Biotop und Naherholungsgebiet an den Toren vor der gro\u00dfen Landeshauptstadt. Viele Menschen nutzen den Flugplatz auf ihre spezielle Art und gehen doch oft unbeachtet \u00fcber die unz\u00e4hligen Bodenspuren aus \u00fcber 100 Jahren Nutzungszeit hinweg. Die Flugplatzwanderungen sind kostenlos,\u2026","rel":"","context":"In &quot;Flugplatzwanderung&quot;","block_context":{"text":"Flugplatzwanderung","link":"https:\/\/deltaimage.de\/wp\/?cat=854"},"img":{"alt_text":"Ju 52 in Schlei\u00dfheim bei herrlichem Herbstwetter","src":"https:\/\/i0.wp.com\/deltaimage.de\/wp\/wp-content\/uploads\/IMG_4919_1200.jpg?fit=1200%2C500&ssl=1&resize=350%2C200","width":350,"height":200,"srcset":"https:\/\/i0.wp.com\/deltaimage.de\/wp\/wp-content\/uploads\/IMG_4919_1200.jpg?fit=1200%2C500&ssl=1&resize=350%2C200 1x, https:\/\/i0.wp.com\/deltaimage.de\/wp\/wp-content\/uploads\/IMG_4919_1200.jpg?fit=1200%2C500&ssl=1&resize=525%2C300 1.5x, https:\/\/i0.wp.com\/deltaimage.de\/wp\/wp-content\/uploads\/IMG_4919_1200.jpg?fit=1200%2C500&ssl=1&resize=700%2C400 2x, https:\/\/i0.wp.com\/deltaimage.de\/wp\/wp-content\/uploads\/IMG_4919_1200.jpg?fit=1200%2C500&ssl=1&resize=1050%2C600 3x"},"classes":[]}],"jetpack_sharing_enabled":true,"_links":{"self":[{"href":"https:\/\/deltaimage.de\/wp\/index.php?rest_route=\/wp\/v2\/posts\/25013","targetHints":{"allow":["GET"]}}],"collection":[{"href":"https:\/\/deltaimage.de\/wp\/index.php?rest_route=\/wp\/v2\/posts"}],"about":[{"href":"https:\/\/deltaimage.de\/wp\/index.php?rest_route=\/wp\/v2\/types\/post"}],"author":[{"embeddable":true,"href":"https:\/\/deltaimage.de\/wp\/index.php?rest_route=\/wp\/v2\/users\/1"}],"replies":[{"embeddable":true,"href":"https:\/\/deltaimage.de\/wp\/index.php?rest_route=%2Fwp%2Fv2%2Fcomments&post=25013"}],"version-history":[{"count":12,"href":"https:\/\/deltaimage.de\/wp\/index.php?rest_route=\/wp\/v2\/posts\/25013\/revisions"}],"predecessor-version":[{"id":51098,"href":"https:\/\/deltaimage.de\/wp\/index.php?rest_route=\/wp\/v2\/posts\/25013\/revisions\/51098"}],"wp:featuredmedia":[{"embeddable":true,"href":"https:\/\/deltaimage.de\/wp\/index.php?rest_route=\/wp\/v2\/media\/25684"}],"wp:attachment":[{"href":"https:\/\/deltaimage.de\/wp\/index.php?rest_route=%2Fwp%2Fv2%2Fmedia&parent=25013"}],"wp:term":[{"taxonomy":"category","embeddable":true,"href":"https:\/\/deltaimage.de\/wp\/index.php?rest_route=%2Fwp%2Fv2%2Fcategories&post=25013"},{"taxonomy":"post_tag","embeddable":true,"href":"https:\/\/deltaimage.de\/wp\/index.php?rest_route=%2Fwp%2Fv2%2Ftags&post=25013"}],"curies":[{"name":"wp","href":"https:\/\/api.w.org\/{rel}","templated":true}]}}