{"id":25057,"date":"2020-05-18T10:03:49","date_gmt":"2020-05-18T09:03:49","guid":{"rendered":"https:\/\/deltaimage.de\/wp\/?p=25057"},"modified":"2025-08-17T21:48:34","modified_gmt":"2025-08-17T19:48:34","slug":"mit-26-ps-auf-langsamen-sohlen-in-die-80er-jahre-unterwegs","status":"publish","type":"post","link":"https:\/\/deltaimage.de\/wp\/?p=25057","title":{"rendered":"Mit 26 PS auf langsamen Sohlen in die 80er Jahre unterwegs"},"content":{"rendered":"<p>Mit Covid-19 ist dies \u2026 und ist das \u2026<\/p>\n<p>F\u00fcr mich war endlich der zeitliche Raum, einen langen Herzenswunsch wieder in Erf\u00fcllung gehen zu lassen. Das eigene Motorrad nach 14 Jahren wieder aus der Garage zu holen und herrliche Ausfl\u00fcge in die oberbayerische Heimat zu unternehmen.<\/p>\n<p><a href=\"https:\/\/i0.wp.com\/deltaimage.de\/wp\/wp-content\/uploads\/WP_20200517_14_06_24_Pro_900.jpg?ssl=1\"><img data-recalc-dims=\"1\" loading=\"lazy\" decoding=\"async\" data-attachment-id=\"25065\" data-permalink=\"https:\/\/deltaimage.de\/wp\/?attachment_id=25065#main\" data-orig-file=\"https:\/\/i0.wp.com\/deltaimage.de\/wp\/wp-content\/uploads\/WP_20200517_14_06_24_Pro_900.jpg?fit=890%2C668&amp;ssl=1\" data-orig-size=\"890,668\" data-comments-opened=\"0\" data-image-meta=\"{&quot;aperture&quot;:&quot;1.9&quot;,&quot;credit&quot;:&quot;&quot;,&quot;camera&quot;:&quot;Lumia 950&quot;,&quot;caption&quot;:&quot;&quot;,&quot;created_timestamp&quot;:&quot;1589724384&quot;,&quot;copyright&quot;:&quot;&quot;,&quot;focal_length&quot;:&quot;0&quot;,&quot;iso&quot;:&quot;50&quot;,&quot;shutter_speed&quot;:&quot;0.0014705882352941&quot;,&quot;title&quot;:&quot;&quot;,&quot;orientation&quot;:&quot;0&quot;}\" data-image-title=\"WP_20200517_14_06_24_Pro_900\" data-image-description=\"\" data-image-caption=\"\" data-large-file=\"https:\/\/i0.wp.com\/deltaimage.de\/wp\/wp-content\/uploads\/WP_20200517_14_06_24_Pro_900.jpg?fit=890%2C668&amp;ssl=1\" class=\"aligncenter size-full wp-image-25065\" src=\"https:\/\/i0.wp.com\/deltaimage.de\/wp\/wp-content\/uploads\/WP_20200517_14_06_24_Pro_900.jpg?resize=890%2C668&#038;ssl=1\" alt=\"WP Pro\" width=\"890\" height=\"668\" srcset=\"https:\/\/i0.wp.com\/deltaimage.de\/wp\/wp-content\/uploads\/WP_20200517_14_06_24_Pro_900.jpg?w=890&amp;ssl=1 890w, https:\/\/i0.wp.com\/deltaimage.de\/wp\/wp-content\/uploads\/WP_20200517_14_06_24_Pro_900.jpg?resize=266%2C200&amp;ssl=1 266w, https:\/\/i0.wp.com\/deltaimage.de\/wp\/wp-content\/uploads\/WP_20200517_14_06_24_Pro_900.jpg?resize=600%2C450&amp;ssl=1 600w, https:\/\/i0.wp.com\/deltaimage.de\/wp\/wp-content\/uploads\/WP_20200517_14_06_24_Pro_900.jpg?resize=790%2C593&amp;ssl=1 790w, https:\/\/i0.wp.com\/deltaimage.de\/wp\/wp-content\/uploads\/WP_20200517_14_06_24_Pro_900.jpg?resize=533%2C400&amp;ssl=1 533w\" sizes=\"auto, (max-width: 890px) 100vw, 890px\" \/><\/a><\/p>\n<p><!--more--><\/p>\n<h1>Eine HONDA CB 250 RS DELUXE aus dem Jahr 1984<\/h1>\n<p>Mein erstes Motorrad, mit 18 Jahren gekauft. Hat es mir doch als Sch\u00fcler schon die Mobilit\u00e4t erm\u00f6glicht. Als Wehrdienstleistender war Geld auch nicht reichlich ges\u00e4t. Im Studium war weder die Zeit noch das Geld um sich mehr zu leisten und mit dem Berufseinstieg waren auch andere Sachen erstmal wichtiger.<\/p>\n<blockquote>\n<pre>\"Und so blieb die kleine blaue 250er mein \r\nerstes und einziges Motorrad ...\"<\/pre>\n<\/blockquote>\n<p>Die kleine 250er ist noch immer Original, unverbaut und noch nie restauriert worden. Lediglich die zeitgen\u00f6ssischen Koffertr\u00e4ger von KRAUSER kamen dran und schon mit der Auslieferung 1984 die Spiegel der HONDA FT 500, dem hubraumst\u00e4rkeren Schwestermodell. Die Originalspiegel waren gut, um den korrekten Sitz der Lederkombi zu pr\u00fcfen, da sind die sehr stilvollen FT Spiegel schon sehr viel besser &#8211; und viel eleganter.<\/p>\n<p><a href=\"https:\/\/i0.wp.com\/deltaimage.de\/wp\/wp-content\/uploads\/WP_20200517_11_09_22_Pro_900.jpg?ssl=1\"><img data-recalc-dims=\"1\" loading=\"lazy\" decoding=\"async\" data-attachment-id=\"25060\" data-permalink=\"https:\/\/deltaimage.de\/wp\/?attachment_id=25060#main\" data-orig-file=\"https:\/\/i0.wp.com\/deltaimage.de\/wp\/wp-content\/uploads\/WP_20200517_11_09_22_Pro_900.jpg?fit=668%2C890&amp;ssl=1\" data-orig-size=\"668,890\" data-comments-opened=\"0\" data-image-meta=\"{&quot;aperture&quot;:&quot;1.9&quot;,&quot;credit&quot;:&quot;&quot;,&quot;camera&quot;:&quot;Lumia 950&quot;,&quot;caption&quot;:&quot;&quot;,&quot;created_timestamp&quot;:&quot;1589713762&quot;,&quot;copyright&quot;:&quot;&quot;,&quot;focal_length&quot;:&quot;0&quot;,&quot;iso&quot;:&quot;50&quot;,&quot;shutter_speed&quot;:&quot;0.00011494252873563&quot;,&quot;title&quot;:&quot;&quot;,&quot;orientation&quot;:&quot;0&quot;}\" data-image-title=\"WP_20200517_11_09_22_Pro_900\" data-image-description=\"\" data-image-caption=\"\" data-large-file=\"https:\/\/i0.wp.com\/deltaimage.de\/wp\/wp-content\/uploads\/WP_20200517_11_09_22_Pro_900.jpg?fit=668%2C890&amp;ssl=1\" class=\"aligncenter size-full wp-image-25060\" src=\"https:\/\/i0.wp.com\/deltaimage.de\/wp\/wp-content\/uploads\/WP_20200517_11_09_22_Pro_900.jpg?resize=668%2C890&#038;ssl=1\" alt=\"WP Pro\" width=\"668\" height=\"890\" srcset=\"https:\/\/i0.wp.com\/deltaimage.de\/wp\/wp-content\/uploads\/WP_20200517_11_09_22_Pro_900.jpg?w=668&amp;ssl=1 668w, https:\/\/i0.wp.com\/deltaimage.de\/wp\/wp-content\/uploads\/WP_20200517_11_09_22_Pro_900.jpg?resize=150%2C200&amp;ssl=1 150w, https:\/\/i0.wp.com\/deltaimage.de\/wp\/wp-content\/uploads\/WP_20200517_11_09_22_Pro_900.jpg?resize=450%2C600&amp;ssl=1 450w, https:\/\/i0.wp.com\/deltaimage.de\/wp\/wp-content\/uploads\/WP_20200517_11_09_22_Pro_900.jpg?resize=445%2C593&amp;ssl=1 445w, https:\/\/i0.wp.com\/deltaimage.de\/wp\/wp-content\/uploads\/WP_20200517_11_09_22_Pro_900.jpg?resize=338%2C450&amp;ssl=1 338w, https:\/\/i0.wp.com\/deltaimage.de\/wp\/wp-content\/uploads\/WP_20200517_11_09_22_Pro_900.jpg?resize=300%2C400&amp;ssl=1 300w\" sizes=\"auto, (max-width: 668px) 100vw, 668px\" \/><\/a><\/p>\n<p>Eine DELUXE war sie von Anfang an &#8211; daf\u00fcr &#8222;<em>nur<\/em>&#8220; mit 17 PS &#8211; um als Sch\u00fcler, Geld in der ersten Versicherung zu sparen. Sp\u00e4ter wurde der Motor auf die jetzigen 26 PS umger\u00fcstet.<\/p>\n<p>Die CB 250 RS DELUXE wird in der Modellbezeichnung CB 250 RSA gef\u00fchrt. Im Ausland sieht die Lackierung etwas anders aus und tr\u00e4gt die Bezeichnung CB 250 RSZ.<\/p>\n<h2>Nicht schnell &#8211; daf\u00fcr handlich und leicht<\/h2>\n<p>Schnell war die 250er nie &#8211; wie denn auch, mit 26 PS. Aber immer schnell genug um gem\u00fctlich mit dem parallel aufwachsendem Hobby der Fotografie in Oberbayern vieles Erkunden zu k\u00f6nnen. Damit das ideale Freizeitger\u00e4t, ohne den wirklichen Wunsch nach mehr. Das kleine Motorrad mit einem Zylinder sch\u00fcttelt sich und vibriert, dass es eine wahre Freude war und auch wieder ist. Wenn der Anlasser es nicht schafft &#8211; egal &#8211; die 125 kg Trockengewicht lassen sich immer einfach anschieben.<\/p>\n<p><a href=\"https:\/\/i0.wp.com\/deltaimage.de\/wp\/wp-content\/uploads\/WP_20200517_15_35_16_Pro_900.jpg?ssl=1\"><img data-recalc-dims=\"1\" loading=\"lazy\" decoding=\"async\" data-attachment-id=\"25064\" data-permalink=\"https:\/\/deltaimage.de\/wp\/?attachment_id=25064#main\" data-orig-file=\"https:\/\/i0.wp.com\/deltaimage.de\/wp\/wp-content\/uploads\/WP_20200517_15_35_16_Pro_900.jpg?fit=890%2C668&amp;ssl=1\" data-orig-size=\"890,668\" data-comments-opened=\"0\" data-image-meta=\"{&quot;aperture&quot;:&quot;1.9&quot;,&quot;credit&quot;:&quot;&quot;,&quot;camera&quot;:&quot;Lumia 950&quot;,&quot;caption&quot;:&quot;&quot;,&quot;created_timestamp&quot;:&quot;1589729716&quot;,&quot;copyright&quot;:&quot;&quot;,&quot;focal_length&quot;:&quot;0&quot;,&quot;iso&quot;:&quot;50&quot;,&quot;shutter_speed&quot;:&quot;0.0008695652173913&quot;,&quot;title&quot;:&quot;&quot;,&quot;orientation&quot;:&quot;0&quot;}\" data-image-title=\"WP_20200517_15_35_16_Pro_900\" data-image-description=\"\" data-image-caption=\"\" data-large-file=\"https:\/\/i0.wp.com\/deltaimage.de\/wp\/wp-content\/uploads\/WP_20200517_15_35_16_Pro_900.jpg?fit=890%2C668&amp;ssl=1\" class=\"aligncenter size-full wp-image-25064\" src=\"https:\/\/i0.wp.com\/deltaimage.de\/wp\/wp-content\/uploads\/WP_20200517_15_35_16_Pro_900.jpg?resize=890%2C668&#038;ssl=1\" alt=\"WP Pro\" width=\"890\" height=\"668\" srcset=\"https:\/\/i0.wp.com\/deltaimage.de\/wp\/wp-content\/uploads\/WP_20200517_15_35_16_Pro_900.jpg?w=890&amp;ssl=1 890w, https:\/\/i0.wp.com\/deltaimage.de\/wp\/wp-content\/uploads\/WP_20200517_15_35_16_Pro_900.jpg?resize=266%2C200&amp;ssl=1 266w, https:\/\/i0.wp.com\/deltaimage.de\/wp\/wp-content\/uploads\/WP_20200517_15_35_16_Pro_900.jpg?resize=600%2C450&amp;ssl=1 600w, https:\/\/i0.wp.com\/deltaimage.de\/wp\/wp-content\/uploads\/WP_20200517_15_35_16_Pro_900.jpg?resize=790%2C593&amp;ssl=1 790w, https:\/\/i0.wp.com\/deltaimage.de\/wp\/wp-content\/uploads\/WP_20200517_15_35_16_Pro_900.jpg?resize=533%2C400&amp;ssl=1 533w\" sizes=\"auto, (max-width: 890px) 100vw, 890px\" \/><\/a><\/p>\n<p>Mit 60 km\/h bin ich zwar ein fahrendes Verkehrshindernis &#8211; ich suche mir aber extra die kleinen und verwinkelten Stra\u00dfen dazu aus. Ich muss nicht mehr schneller fahren &#8211; auch wenn ich k\u00f6nnt&#8216;.<\/p>\n<p>Links und rechts m\u00e4hen die Bauern das frische, saftige Gras auf den Wiesen. Ganz unmittelbar str\u00f6mt der Duft der Landschaft unter den Helm und vermittelt das Gef\u00fchl &#8211; da bin ich daheim. Hinter der n\u00e4chsten Kurve liegt ein Bauernhof &#8211; ja auch der Geruch des frischen Ausmistens kommt unmittelbar zum Fahrer. Und das ist gut so.<\/p>\n<p>&nbsp;<\/p>\n<h2>Die Wiederbelebung ist gelungen &#8211; und das einfacher als gedacht<\/h2>\n<p>14 Jahre stand das Motorrad in der trockenen Garage &#8211; mal sehen, was alles kaputt ist. Dank der coronabedingten Verlangsamung des Tagesablaufes habe ich ja Zeit und suche eine n\u00e4chste Aufgabe.<\/p>\n<blockquote>\n<pre>\"Wann, wenn nicht jetzt!\"<\/pre>\n<\/blockquote>\n<p>Ein bisschen polieren muss sein. Der reichlich verbaute Chrom braucht noch etwas Pflege und dann entfernt sich die kleine 250er immer weiter von einem Rosthaufen &#8211; hin zu einem bezaubernden kleinen Motorrad.<\/p>\n<p><a href=\"https:\/\/i0.wp.com\/deltaimage.de\/wp\/wp-content\/uploads\/WP_20200517_16_20_18_Pro_900.jpg?ssl=1\"><img data-recalc-dims=\"1\" loading=\"lazy\" decoding=\"async\" data-attachment-id=\"25062\" data-permalink=\"https:\/\/deltaimage.de\/wp\/?attachment_id=25062#main\" data-orig-file=\"https:\/\/i0.wp.com\/deltaimage.de\/wp\/wp-content\/uploads\/WP_20200517_16_20_18_Pro_900.jpg?fit=890%2C668&amp;ssl=1\" data-orig-size=\"890,668\" data-comments-opened=\"0\" data-image-meta=\"{&quot;aperture&quot;:&quot;1.9&quot;,&quot;credit&quot;:&quot;&quot;,&quot;camera&quot;:&quot;Lumia 950&quot;,&quot;caption&quot;:&quot;&quot;,&quot;created_timestamp&quot;:&quot;1589732418&quot;,&quot;copyright&quot;:&quot;&quot;,&quot;focal_length&quot;:&quot;0&quot;,&quot;iso&quot;:&quot;50&quot;,&quot;shutter_speed&quot;:&quot;0.0025&quot;,&quot;title&quot;:&quot;&quot;,&quot;orientation&quot;:&quot;0&quot;}\" data-image-title=\"WP_20200517_16_20_18_Pro_900\" data-image-description=\"\" data-image-caption=\"\" data-large-file=\"https:\/\/i0.wp.com\/deltaimage.de\/wp\/wp-content\/uploads\/WP_20200517_16_20_18_Pro_900.jpg?fit=890%2C668&amp;ssl=1\" class=\"aligncenter size-full wp-image-25062\" src=\"https:\/\/i0.wp.com\/deltaimage.de\/wp\/wp-content\/uploads\/WP_20200517_16_20_18_Pro_900.jpg?resize=890%2C668&#038;ssl=1\" alt=\"WP Pro\" width=\"890\" height=\"668\" srcset=\"https:\/\/i0.wp.com\/deltaimage.de\/wp\/wp-content\/uploads\/WP_20200517_16_20_18_Pro_900.jpg?w=890&amp;ssl=1 890w, https:\/\/i0.wp.com\/deltaimage.de\/wp\/wp-content\/uploads\/WP_20200517_16_20_18_Pro_900.jpg?resize=266%2C200&amp;ssl=1 266w, https:\/\/i0.wp.com\/deltaimage.de\/wp\/wp-content\/uploads\/WP_20200517_16_20_18_Pro_900.jpg?resize=600%2C450&amp;ssl=1 600w, https:\/\/i0.wp.com\/deltaimage.de\/wp\/wp-content\/uploads\/WP_20200517_16_20_18_Pro_900.jpg?resize=790%2C593&amp;ssl=1 790w, https:\/\/i0.wp.com\/deltaimage.de\/wp\/wp-content\/uploads\/WP_20200517_16_20_18_Pro_900.jpg?resize=533%2C400&amp;ssl=1 533w\" sizes=\"auto, (max-width: 890px) 100vw, 890px\" \/><\/a><\/p>\n<p>Eine Inspektion ist f\u00e4llig &#8211; also die Teile coronabedingt im Internet bestellt. Motor\u00f6l, Dichtung, Z\u00fcndkerze, Z\u00fcndkerzenstecker, Luftfilter, Batterie und Bremsfl\u00fcssigkeit. Dazu frische Luft in die Reifen und ab in die erste Runde der Wiederbelebung. Beim vierten Versuch zum Anschieben l\u00e4uft der Motor schon seine ersten Takte ganz alleine, den Choke noch etwas anders einstellen und mit dem f\u00fcnften Versuch l\u00e4uft die CB 250 RS.<\/p>\n<blockquote>\n<pre>\"Freude!\"<\/pre>\n<\/blockquote>\n<p>Das h\u00e4tte ich nicht gedacht &#8211; alles geht und macht Freude wie vor 36 Jahren.<\/p>\n<p>&nbsp;<\/p>\n<h2>36 Jahre alt und 14 Jahre nicht bewegt worden &#8230;<\/h2>\n<p><a href=\"https:\/\/i0.wp.com\/deltaimage.de\/wp\/wp-content\/uploads\/WP_20200517_14_09_27_Pro_900.jpg?ssl=1\"><img data-recalc-dims=\"1\" loading=\"lazy\" decoding=\"async\" data-attachment-id=\"25070\" data-permalink=\"https:\/\/deltaimage.de\/wp\/?attachment_id=25070#main\" data-orig-file=\"https:\/\/i0.wp.com\/deltaimage.de\/wp\/wp-content\/uploads\/WP_20200517_14_09_27_Pro_900.jpg?fit=890%2C668&amp;ssl=1\" data-orig-size=\"890,668\" data-comments-opened=\"0\" data-image-meta=\"{&quot;aperture&quot;:&quot;1.9&quot;,&quot;credit&quot;:&quot;&quot;,&quot;camera&quot;:&quot;Lumia 950&quot;,&quot;caption&quot;:&quot;&quot;,&quot;created_timestamp&quot;:&quot;1589724568&quot;,&quot;copyright&quot;:&quot;&quot;,&quot;focal_length&quot;:&quot;0&quot;,&quot;iso&quot;:&quot;50&quot;,&quot;shutter_speed&quot;:&quot;0.00125&quot;,&quot;title&quot;:&quot;&quot;,&quot;orientation&quot;:&quot;0&quot;}\" data-image-title=\"WP_20200517_14_09_27_Pro_900\" data-image-description=\"\" data-image-caption=\"\" data-large-file=\"https:\/\/i0.wp.com\/deltaimage.de\/wp\/wp-content\/uploads\/WP_20200517_14_09_27_Pro_900.jpg?fit=890%2C668&amp;ssl=1\" class=\"aligncenter size-full wp-image-25070\" src=\"https:\/\/i0.wp.com\/deltaimage.de\/wp\/wp-content\/uploads\/WP_20200517_14_09_27_Pro_900.jpg?resize=890%2C668&#038;ssl=1\" alt=\"WP Pro\" width=\"890\" height=\"668\" srcset=\"https:\/\/i0.wp.com\/deltaimage.de\/wp\/wp-content\/uploads\/WP_20200517_14_09_27_Pro_900.jpg?w=890&amp;ssl=1 890w, https:\/\/i0.wp.com\/deltaimage.de\/wp\/wp-content\/uploads\/WP_20200517_14_09_27_Pro_900.jpg?resize=266%2C200&amp;ssl=1 266w, https:\/\/i0.wp.com\/deltaimage.de\/wp\/wp-content\/uploads\/WP_20200517_14_09_27_Pro_900.jpg?resize=600%2C450&amp;ssl=1 600w, https:\/\/i0.wp.com\/deltaimage.de\/wp\/wp-content\/uploads\/WP_20200517_14_09_27_Pro_900.jpg?resize=790%2C593&amp;ssl=1 790w, https:\/\/i0.wp.com\/deltaimage.de\/wp\/wp-content\/uploads\/WP_20200517_14_09_27_Pro_900.jpg?resize=533%2C400&amp;ssl=1 533w\" sizes=\"auto, (max-width: 890px) 100vw, 890px\" \/><\/a><\/p>\n<p>\u2026 dann machen wir auch wieder alles amtlich. Einen Online-Termin beim T\u00dcV am kommenden Tag bringt die erste Fahrt mit der 250er nach 14 Jahren.<\/p>\n<blockquote>\n<pre>\"\u2026 und ich bekomme den T\u00dcV-Stempel ohne einen Befund.\r\nAlles I.O.. Nicht einmal ein L\u00e4mpchen mussten getauscht werden \u2026\"<\/pre>\n<\/blockquote>\n<p>Dem T\u00dcV-Ingenieur hat wohl der kleine Oldtimer auch viel Spa\u00df bereitet, er unterh\u00e4lt sich noch gerne mit mir und schildert mir seinen Fahreindruck &#8230;<\/p>\n<blockquote>\n<pre>\"leise, ohne Nebenger\u00e4usche. \r\nDer Motor h\u00e4lt sicher nochmal die selbe Laufzeit. \r\nDer 250er aus der XL250S ist nahezu unverw\u00fcstlich \u2026\"<\/pre>\n<\/blockquote>\n<h2>Die erste gr\u00f6\u00dfere Ausfahrt nach der Corona-Lockerung im Mai f\u00fchrt mich nach &#8230;<\/h2>\n<p>\u2026 Raisting in Oberbayern, s\u00fcdlich des Ammersees.<\/p>\n<p><a href=\"https:\/\/i0.wp.com\/deltaimage.de\/wp\/wp-content\/uploads\/WP_20200517_14_08_55_Pro_900.jpg?ssl=1\"><img data-recalc-dims=\"1\" loading=\"lazy\" decoding=\"async\" data-attachment-id=\"25069\" data-permalink=\"https:\/\/deltaimage.de\/wp\/?attachment_id=25069#main\" data-orig-file=\"https:\/\/i0.wp.com\/deltaimage.de\/wp\/wp-content\/uploads\/WP_20200517_14_08_55_Pro_900.jpg?fit=890%2C668&amp;ssl=1\" data-orig-size=\"890,668\" data-comments-opened=\"0\" data-image-meta=\"{&quot;aperture&quot;:&quot;1.9&quot;,&quot;credit&quot;:&quot;&quot;,&quot;camera&quot;:&quot;Lumia 950&quot;,&quot;caption&quot;:&quot;&quot;,&quot;created_timestamp&quot;:&quot;1589724535&quot;,&quot;copyright&quot;:&quot;&quot;,&quot;focal_length&quot;:&quot;0&quot;,&quot;iso&quot;:&quot;50&quot;,&quot;shutter_speed&quot;:&quot;0.0033333333333333&quot;,&quot;title&quot;:&quot;&quot;,&quot;orientation&quot;:&quot;0&quot;}\" data-image-title=\"WP_20200517_14_08_55_Pro_900\" data-image-description=\"\" data-image-caption=\"\" data-large-file=\"https:\/\/i0.wp.com\/deltaimage.de\/wp\/wp-content\/uploads\/WP_20200517_14_08_55_Pro_900.jpg?fit=890%2C668&amp;ssl=1\" class=\"aligncenter size-full wp-image-25069\" src=\"https:\/\/i0.wp.com\/deltaimage.de\/wp\/wp-content\/uploads\/WP_20200517_14_08_55_Pro_900.jpg?resize=890%2C668&#038;ssl=1\" alt=\"WP Pro\" width=\"890\" height=\"668\" srcset=\"https:\/\/i0.wp.com\/deltaimage.de\/wp\/wp-content\/uploads\/WP_20200517_14_08_55_Pro_900.jpg?w=890&amp;ssl=1 890w, https:\/\/i0.wp.com\/deltaimage.de\/wp\/wp-content\/uploads\/WP_20200517_14_08_55_Pro_900.jpg?resize=266%2C200&amp;ssl=1 266w, https:\/\/i0.wp.com\/deltaimage.de\/wp\/wp-content\/uploads\/WP_20200517_14_08_55_Pro_900.jpg?resize=600%2C450&amp;ssl=1 600w, https:\/\/i0.wp.com\/deltaimage.de\/wp\/wp-content\/uploads\/WP_20200517_14_08_55_Pro_900.jpg?resize=790%2C593&amp;ssl=1 790w, https:\/\/i0.wp.com\/deltaimage.de\/wp\/wp-content\/uploads\/WP_20200517_14_08_55_Pro_900.jpg?resize=533%2C400&amp;ssl=1 533w\" sizes=\"auto, (max-width: 890px) 100vw, 890px\" \/><\/a><\/p>\n<p>Letztes Jahr waren wir hier f\u00fcr das ganz tolle <a href=\"https:\/\/deltaimage.de\/wp\/?p=22588\">Fotoprojekt<\/a> (wir berichteten dar\u00fcber)<\/p>\n<blockquote>\n<pre>\"40 Jahre Corvette in Bayern,\r\n50 Jahre Mondlandung.\"<\/pre>\n<\/blockquote>\n<p>Im Februar 2020 dann die Schreckensmeldung. Der Sturm \u00fcber Oberbayern hat die Traglufth\u00fclle vom RADOM weggerissen und das RADOM schwer besch\u00e4digt. Daher geht die erste Ausfahrt bei herrlichstem Fr\u00fchlingswetter auch hier nach Raisting in den S\u00fcden des Ammersees &#8211; das muss ich mir doch ansehen.<\/p>\n<p>Eine wundersch\u00f6ne Ausfahrt mit den Stationen<\/p>\n<ul>\n<li>Raisting am Ammersee<\/li>\n<li>Aum\u00fchle in F\u00fcrstenfeldbruck<\/li>\n<li>Schloss Dachau<\/li>\n<\/ul>\n<p>geht zu Ende &#8211; da kommen wir sehr gerne wieder.<\/p>\n<h2>Ganz puristisch &#8211; wie 1984 unterwegs<\/h2>\n<p>Im Jahr 1984 hatte ich noch keine Spiegelreflexkamera &#8211; also geht diesmal auch keine DSLR mit auf die Tour. F\u00fcr die Webseite war nur das Smartphone mit dabei. Andere Fotografen sagen ja immer, dass man damit die besseren Bilder machen kann. Urteilen Sie als LeserIn dieses Beitrages doch selbst und geben Sie mir ein Feedback &#8211; ob die Bilder von der kleinen 250er in Ordnung sind &#8211; ich freue mich darauf.<\/p>\n","protected":false},"excerpt":{"rendered":"<p>Mit Covid-19 ist dies \u2026 und ist das \u2026 F\u00fcr mich war endlich der zeitliche Raum, einen langen Herzenswunsch wieder in Erf\u00fcllung gehen zu lassen. Das eigene Motorrad nach 14 [&hellip;]<\/p>\n","protected":false},"author":1,"featured_media":25061,"comment_status":"open","ping_status":"closed","sticky":false,"template":"","format":"standard","meta":{"wpupg_custom_link":[],"wpupg_custom_link_behaviour":["default"],"wpupg_custom_link_nofollow":["default"],"wpupg_custom_image":[],"wpupg_custom_image_id":[],"jetpack_post_was_ever_published":false,"footnotes":""},"categories":[8],"tags":[2781,2780,2531,2778,2779,796,217,1679],"class_list":["post-25057","post","type-post","status-publish","format-standard","has-post-thumbnail","hentry","category-news","tag-26-ps","tag-80er-jahre","tag-ausfahrt","tag-cb-250-rs-de-luxe","tag-honda","tag-oberbayern","tag-oldtimer","tag-raisting"],"jetpack_featured_media_url":"https:\/\/i0.wp.com\/deltaimage.de\/wp\/wp-content\/uploads\/WP_20200517_14_05_55_Pro_1200.jpg?fit=1200%2C450&ssl=1","jetpack-related-posts":[{"id":33301,"url":"https:\/\/deltaimage.de\/wp\/?p=33301","url_meta":{"origin":25057,"position":0},"title":"Vor 38 Jahren war auch ein wichtiger Fr\u00fchlingstag","author":"EschbacP","date":"14. M\u00e4rz 2022","format":false,"excerpt":"Nach einem langen Winter, vor 38 Jahren noch mit viel Schnee und Eis, lockte der Fr\u00fchling mit Sonne und der Vorfreude auf den Fr\u00fchling. 14. M\u00e4rz 1984 Einer der wichtigsten Fahrten f\u00fchrte zum lokalen HONDA H\u00e4ndler - die \u00dcbergabe einer ganz neuen, kleinen 250er Honda - als Sch\u00fcler damals eine\u2026","rel":"","context":"In &quot;News Blog&quot;","block_context":{"text":"News Blog","link":"https:\/\/deltaimage.de\/wp\/?cat=8"},"img":{"alt_text":"","src":"https:\/\/i0.wp.com\/deltaimage.de\/wp\/wp-content\/uploads\/IMG_20220314_155236_1200.jpg?fit=1200%2C450&ssl=1&resize=350%2C200","width":350,"height":200,"srcset":"https:\/\/i0.wp.com\/deltaimage.de\/wp\/wp-content\/uploads\/IMG_20220314_155236_1200.jpg?fit=1200%2C450&ssl=1&resize=350%2C200 1x, https:\/\/i0.wp.com\/deltaimage.de\/wp\/wp-content\/uploads\/IMG_20220314_155236_1200.jpg?fit=1200%2C450&ssl=1&resize=525%2C300 1.5x, https:\/\/i0.wp.com\/deltaimage.de\/wp\/wp-content\/uploads\/IMG_20220314_155236_1200.jpg?fit=1200%2C450&ssl=1&resize=700%2C400 2x, https:\/\/i0.wp.com\/deltaimage.de\/wp\/wp-content\/uploads\/IMG_20220314_155236_1200.jpg?fit=1200%2C450&ssl=1&resize=1050%2C600 3x"},"classes":[]},{"id":41320,"url":"https:\/\/deltaimage.de\/wp\/?p=41320","url_meta":{"origin":25057,"position":1},"title":"Was f\u00fcr ein toller Sommer f\u00fcr Ausfl\u00fcge im Abendlicht eines Sp\u00e4tsommertages","author":"EschbacP","date":"13. September 2023","format":false,"excerpt":"Was f\u00fcr ein toller Sommer im Dachauer Land, Sonne - Sommer gef\u00fchlt seit Anfang Mai des Jahres, mit nur kurzen Unterbrechungen. So geht der Sp\u00e4tsommer auch weiter, mit viel Sonne und angenehmen Temperaturen. Eine sch\u00f6ne Gelegenheit, an diesem September-Abend eine kleine Ausfahrt mit der 39 Jahre alten 250er (CB 250\u2026","rel":"","context":"In &quot;News Blog&quot;","block_context":{"text":"News Blog","link":"https:\/\/deltaimage.de\/wp\/?cat=8"},"img":{"alt_text":"","src":"https:\/\/i0.wp.com\/deltaimage.de\/wp\/wp-content\/uploads\/IMG_9827_1200.jpg?fit=1200%2C450&ssl=1&resize=350%2C200","width":350,"height":200,"srcset":"https:\/\/i0.wp.com\/deltaimage.de\/wp\/wp-content\/uploads\/IMG_9827_1200.jpg?fit=1200%2C450&ssl=1&resize=350%2C200 1x, https:\/\/i0.wp.com\/deltaimage.de\/wp\/wp-content\/uploads\/IMG_9827_1200.jpg?fit=1200%2C450&ssl=1&resize=525%2C300 1.5x, https:\/\/i0.wp.com\/deltaimage.de\/wp\/wp-content\/uploads\/IMG_9827_1200.jpg?fit=1200%2C450&ssl=1&resize=700%2C400 2x, https:\/\/i0.wp.com\/deltaimage.de\/wp\/wp-content\/uploads\/IMG_9827_1200.jpg?fit=1200%2C450&ssl=1&resize=1050%2C600 3x"},"classes":[]},{"id":39238,"url":"https:\/\/deltaimage.de\/wp\/?p=39238","url_meta":{"origin":25057,"position":2},"title":"Fr\u00fchlingsausfahrt im Dachauer- und Wittelsbacher- Land","author":"EschbacP","date":"19. M\u00e4rz 2023","format":false,"excerpt":"Vor 39 Jahren war ein ganz wichtiger Tag. Ein kleines blaues 250er Motorrad wurde am 14. M\u00e4rz 84 zugelassen und ich durfte es ganz neu beim HONDA-H\u00e4ndler abholen und die ersten Kilometer durch die Umgebung von Dachau fahren - damals noch mit 17 PS ausgestattet. Als Sch\u00fcler war das mehr\u2026","rel":"","context":"In &quot;Dachauer Land&quot;","block_context":{"text":"Dachauer Land","link":"https:\/\/deltaimage.de\/wp\/?cat=3010"},"img":{"alt_text":"","src":"https:\/\/i0.wp.com\/deltaimage.de\/wp\/wp-content\/uploads\/IMG_1398_1200.jpg?fit=1200%2C450&ssl=1&resize=350%2C200","width":350,"height":200,"srcset":"https:\/\/i0.wp.com\/deltaimage.de\/wp\/wp-content\/uploads\/IMG_1398_1200.jpg?fit=1200%2C450&ssl=1&resize=350%2C200 1x, https:\/\/i0.wp.com\/deltaimage.de\/wp\/wp-content\/uploads\/IMG_1398_1200.jpg?fit=1200%2C450&ssl=1&resize=525%2C300 1.5x, https:\/\/i0.wp.com\/deltaimage.de\/wp\/wp-content\/uploads\/IMG_1398_1200.jpg?fit=1200%2C450&ssl=1&resize=700%2C400 2x, https:\/\/i0.wp.com\/deltaimage.de\/wp\/wp-content\/uploads\/IMG_1398_1200.jpg?fit=1200%2C450&ssl=1&resize=1050%2C600 3x"},"classes":[]},{"id":25165,"url":"https:\/\/deltaimage.de\/wp\/?p=25165","url_meta":{"origin":25057,"position":3},"title":"Schloss Affing, Sisi Schloss in Unterwittelsbach und Kloster Indersdorf als entschleunigter Motorrad Ausflug","author":"EschbacP","date":"23. Mai 2020","format":false,"excerpt":"Vatertag in Deutschland - alle wollen hinaus in die Natur und die lang ersehnte Gemeinschaft mit Freunden\/Freundinnen erleben. Ja - genau das. Wir wollen auch hinaus und etwas erleben Die Sicherheitsma\u00dfnahmen im Corona-19 Zeitraum brauchen auch etwas Nachdenken. Aus dem Termin mach wir einen mehr als gelungenen Ausflug. Na, da\u2026","rel":"","context":"In &quot;Dachauer Land&quot;","block_context":{"text":"Dachauer Land","link":"https:\/\/deltaimage.de\/wp\/?cat=3010"},"img":{"alt_text":"","src":"https:\/\/i0.wp.com\/deltaimage.de\/wp\/wp-content\/uploads\/WP_20200521_15_41_32_Pro_1200.jpg?fit=1200%2C450&ssl=1&resize=350%2C200","width":350,"height":200,"srcset":"https:\/\/i0.wp.com\/deltaimage.de\/wp\/wp-content\/uploads\/WP_20200521_15_41_32_Pro_1200.jpg?fit=1200%2C450&ssl=1&resize=350%2C200 1x, https:\/\/i0.wp.com\/deltaimage.de\/wp\/wp-content\/uploads\/WP_20200521_15_41_32_Pro_1200.jpg?fit=1200%2C450&ssl=1&resize=525%2C300 1.5x, https:\/\/i0.wp.com\/deltaimage.de\/wp\/wp-content\/uploads\/WP_20200521_15_41_32_Pro_1200.jpg?fit=1200%2C450&ssl=1&resize=700%2C400 2x, https:\/\/i0.wp.com\/deltaimage.de\/wp\/wp-content\/uploads\/WP_20200521_15_41_32_Pro_1200.jpg?fit=1200%2C450&ssl=1&resize=1050%2C600 3x"},"classes":[]},{"id":25330,"url":"https:\/\/deltaimage.de\/wp\/?p=25330","url_meta":{"origin":25057,"position":4},"title":"Meine Fotografie begann 1986 mit der ersten Foto-Tour nach Schloss Hohenkammer","author":"EschbacP","date":"2. Juni 2020","format":false,"excerpt":"Im Jahr 1986 leistete ich mir meine erste Spiegelreflex Kamera (SLR) \u2013 der damalige technische H\u00f6hepunkt in der anspruchsvollen Fotografie \u2013 auch wenn die Kamera und das Objektiv in der Einsteigerklasse war. So hat alles einmal begonnen. Mann war ich damals stolz. Auf mein kleines Motorrad - CB 250 RS\u2026","rel":"","context":"In &quot;Dachauer Land&quot;","block_context":{"text":"Dachauer Land","link":"https:\/\/deltaimage.de\/wp\/?cat=3010"},"img":{"alt_text":"","src":"https:\/\/i0.wp.com\/deltaimage.de\/wp\/wp-content\/uploads\/CB-250-RS_0001_1200.jpg?fit=1200%2C450&ssl=1&resize=350%2C200","width":350,"height":200,"srcset":"https:\/\/i0.wp.com\/deltaimage.de\/wp\/wp-content\/uploads\/CB-250-RS_0001_1200.jpg?fit=1200%2C450&ssl=1&resize=350%2C200 1x, https:\/\/i0.wp.com\/deltaimage.de\/wp\/wp-content\/uploads\/CB-250-RS_0001_1200.jpg?fit=1200%2C450&ssl=1&resize=525%2C300 1.5x, https:\/\/i0.wp.com\/deltaimage.de\/wp\/wp-content\/uploads\/CB-250-RS_0001_1200.jpg?fit=1200%2C450&ssl=1&resize=700%2C400 2x, https:\/\/i0.wp.com\/deltaimage.de\/wp\/wp-content\/uploads\/CB-250-RS_0001_1200.jpg?fit=1200%2C450&ssl=1&resize=1050%2C600 3x"},"classes":[]},{"id":30138,"url":"https:\/\/deltaimage.de\/wp\/?p=30138","url_meta":{"origin":25057,"position":5},"title":"Mit 26 PS durchs Wittelsbacher Land","author":"EschbacP","date":"16. September 2021","format":false,"excerpt":"Der Sp\u00e4tsommer mit den ersten \u00dcberg\u00e4ngen zum nahen Herbst ist f\u00fcr Ausfl\u00fcge in die n\u00e4here Umgebung eine ideale Jahreszeit. Es ist nicht mehr so hei\u00df und auch die Landschaft beginnt sich nach dem hei\u00dfen Sommer zu ver\u00e4ndern.\u00a0Genau die richtige Zeit, um die Natur, die Landschaft und die Kultur mit dem\u2026","rel":"","context":"In &quot;Dachauer Land&quot;","block_context":{"text":"Dachauer Land","link":"https:\/\/deltaimage.de\/wp\/?cat=3010"},"img":{"alt_text":"","src":"https:\/\/i0.wp.com\/deltaimage.de\/wp\/wp-content\/uploads\/IMG_1802_1200.jpg?fit=1200%2C450&ssl=1&resize=350%2C200","width":350,"height":200,"srcset":"https:\/\/i0.wp.com\/deltaimage.de\/wp\/wp-content\/uploads\/IMG_1802_1200.jpg?fit=1200%2C450&ssl=1&resize=350%2C200 1x, https:\/\/i0.wp.com\/deltaimage.de\/wp\/wp-content\/uploads\/IMG_1802_1200.jpg?fit=1200%2C450&ssl=1&resize=525%2C300 1.5x, https:\/\/i0.wp.com\/deltaimage.de\/wp\/wp-content\/uploads\/IMG_1802_1200.jpg?fit=1200%2C450&ssl=1&resize=700%2C400 2x, https:\/\/i0.wp.com\/deltaimage.de\/wp\/wp-content\/uploads\/IMG_1802_1200.jpg?fit=1200%2C450&ssl=1&resize=1050%2C600 3x"},"classes":[]}],"jetpack_sharing_enabled":true,"_links":{"self":[{"href":"https:\/\/deltaimage.de\/wp\/index.php?rest_route=\/wp\/v2\/posts\/25057","targetHints":{"allow":["GET"]}}],"collection":[{"href":"https:\/\/deltaimage.de\/wp\/index.php?rest_route=\/wp\/v2\/posts"}],"about":[{"href":"https:\/\/deltaimage.de\/wp\/index.php?rest_route=\/wp\/v2\/types\/post"}],"author":[{"embeddable":true,"href":"https:\/\/deltaimage.de\/wp\/index.php?rest_route=\/wp\/v2\/users\/1"}],"replies":[{"embeddable":true,"href":"https:\/\/deltaimage.de\/wp\/index.php?rest_route=%2Fwp%2Fv2%2Fcomments&post=25057"}],"version-history":[{"count":12,"href":"https:\/\/deltaimage.de\/wp\/index.php?rest_route=\/wp\/v2\/posts\/25057\/revisions"}],"predecessor-version":[{"id":51099,"href":"https:\/\/deltaimage.de\/wp\/index.php?rest_route=\/wp\/v2\/posts\/25057\/revisions\/51099"}],"wp:featuredmedia":[{"embeddable":true,"href":"https:\/\/deltaimage.de\/wp\/index.php?rest_route=\/wp\/v2\/media\/25061"}],"wp:attachment":[{"href":"https:\/\/deltaimage.de\/wp\/index.php?rest_route=%2Fwp%2Fv2%2Fmedia&parent=25057"}],"wp:term":[{"taxonomy":"category","embeddable":true,"href":"https:\/\/deltaimage.de\/wp\/index.php?rest_route=%2Fwp%2Fv2%2Fcategories&post=25057"},{"taxonomy":"post_tag","embeddable":true,"href":"https:\/\/deltaimage.de\/wp\/index.php?rest_route=%2Fwp%2Fv2%2Ftags&post=25057"}],"curies":[{"name":"wp","href":"https:\/\/api.w.org\/{rel}","templated":true}]}}