{"id":25201,"date":"2020-05-26T21:38:14","date_gmt":"2020-05-26T20:38:14","guid":{"rendered":"https:\/\/deltaimage.de\/wp\/?p=25201"},"modified":"2025-08-17T21:54:12","modified_gmt":"2025-08-17T19:54:12","slug":"olympus-om-zuiko-objektive-zwanzig-jahre-im-schrank-gelegen","status":"publish","type":"post","link":"https:\/\/deltaimage.de\/wp\/?p=25201","title":{"rendered":"Olympus OM Zuiko Objektive &#8211; zwanzig Jahre im Schrank gelegen &#8211; Analog"},"content":{"rendered":"<p>Die Leser der Beitr\u00e4ge haben es schon gesehen, die Corona Zeiten bringen immer wieder Neues zu Tage. Auch fotografisch will ich mich wieder weiter entwickeln, dabei neues (und bekanntes) ausprobieren und auch ein neues Foto-Projekt starten. Ich freue mich darauf und bin selber schon ganz gespannt, wie es sich entwickeln wird.<\/p>\n<div id=\"attachment_25225\" style=\"width: 900px\" class=\"wp-caption aligncenter\"><a href=\"https:\/\/i0.wp.com\/deltaimage.de\/wp\/wp-content\/uploads\/ZY5M1807_900.jpg?ssl=1\"><img data-recalc-dims=\"1\" loading=\"lazy\" decoding=\"async\" aria-describedby=\"caption-attachment-25225\" data-attachment-id=\"25225\" data-permalink=\"https:\/\/deltaimage.de\/wp\/?attachment_id=25225#main\" data-orig-file=\"https:\/\/i0.wp.com\/deltaimage.de\/wp\/wp-content\/uploads\/ZY5M1807_900.jpg?fit=890%2C593&amp;ssl=1\" data-orig-size=\"890,593\" data-comments-opened=\"0\" data-image-meta=\"{&quot;aperture&quot;:&quot;0&quot;,&quot;credit&quot;:&quot;Paul Eschbach&quot;,&quot;camera&quot;:&quot;Canon EOS-1Ds Mark II&quot;,&quot;caption&quot;:&quot;&quot;,&quot;created_timestamp&quot;:&quot;1590519001&quot;,&quot;copyright&quot;:&quot;&quot;,&quot;focal_length&quot;:&quot;0&quot;,&quot;iso&quot;:&quot;200&quot;,&quot;shutter_speed&quot;:&quot;0.0015625&quot;,&quot;title&quot;:&quot;&quot;,&quot;orientation&quot;:&quot;0&quot;}\" data-image-title=\"ZY5M1807_900\" data-image-description=\"\" data-image-caption=\"\" data-large-file=\"https:\/\/i0.wp.com\/deltaimage.de\/wp\/wp-content\/uploads\/ZY5M1807_900.jpg?fit=890%2C593&amp;ssl=1\" class=\"wp-image-25225 size-full\" src=\"https:\/\/i0.wp.com\/deltaimage.de\/wp\/wp-content\/uploads\/ZY5M1807_900.jpg?resize=890%2C593&#038;ssl=1\" alt=\"ZYM\" width=\"890\" height=\"593\" srcset=\"https:\/\/i0.wp.com\/deltaimage.de\/wp\/wp-content\/uploads\/ZY5M1807_900.jpg?w=890&amp;ssl=1 890w, https:\/\/i0.wp.com\/deltaimage.de\/wp\/wp-content\/uploads\/ZY5M1807_900.jpg?resize=300%2C200&amp;ssl=1 300w, https:\/\/i0.wp.com\/deltaimage.de\/wp\/wp-content\/uploads\/ZY5M1807_900.jpg?resize=600%2C400&amp;ssl=1 600w, https:\/\/i0.wp.com\/deltaimage.de\/wp\/wp-content\/uploads\/ZY5M1807_900.jpg?resize=675%2C450&amp;ssl=1 675w, https:\/\/i0.wp.com\/deltaimage.de\/wp\/wp-content\/uploads\/ZY5M1807_900.jpg?resize=200%2C133&amp;ssl=1 200w\" sizes=\"auto, (max-width: 890px) 100vw, 890px\" \/><\/a><p id=\"caption-attachment-25225\" class=\"wp-caption-text\">Dann nehmen wir einfach ein TOKINA 17mm f\/3.5 und halten es in das glei\u00dfende Licht der Abendsonne &#8211; und alles pr\u00e4chtig. Wow!<\/p><\/div>\n<p><!--more--><\/p>\n<p>&nbsp;<\/p>\n<h2>Auf dem Weg zum Projekt teste ich die Zuiko Objektive an der CANON EOS-1Ds Mark II<\/h2>\n<p>Eine wichtige Zwischenetappe zum Projekt, teste ich die vorhandenen Zuiko Objektive (und ein paar Fremdobjektive) an einem hervorragenden Vollformatsensor, um einen Qualit\u00e4tseindruck die Objektive in der heutigen Zeit zu bekommen. Mit dem Olympus OM System fotografierte ist von den ersten Anf\u00e4ngen im Jahr 1986 bis 1999, dem \u00dcbergang zum Canon EOS System. Die Kameras und Objektive stammen aus dieser Zeitperiode.<\/p>\n<div id=\"attachment_25228\" style=\"width: 900px\" class=\"wp-caption aligncenter\"><a href=\"https:\/\/i0.wp.com\/deltaimage.de\/wp\/wp-content\/uploads\/ZY5M1818_900.jpg?ssl=1\"><img data-recalc-dims=\"1\" loading=\"lazy\" decoding=\"async\" aria-describedby=\"caption-attachment-25228\" data-attachment-id=\"25228\" data-permalink=\"https:\/\/deltaimage.de\/wp\/?attachment_id=25228#main\" data-orig-file=\"https:\/\/i0.wp.com\/deltaimage.de\/wp\/wp-content\/uploads\/ZY5M1818_900.jpg?fit=890%2C593&amp;ssl=1\" data-orig-size=\"890,593\" data-comments-opened=\"0\" data-image-meta=\"{&quot;aperture&quot;:&quot;0&quot;,&quot;credit&quot;:&quot;Paul Eschbach&quot;,&quot;camera&quot;:&quot;Canon EOS-1Ds Mark II&quot;,&quot;caption&quot;:&quot;&quot;,&quot;created_timestamp&quot;:&quot;1590519372&quot;,&quot;copyright&quot;:&quot;&quot;,&quot;focal_length&quot;:&quot;0&quot;,&quot;iso&quot;:&quot;200&quot;,&quot;shutter_speed&quot;:&quot;0.0002&quot;,&quot;title&quot;:&quot;&quot;,&quot;orientation&quot;:&quot;0&quot;}\" data-image-title=\"ZY5M1818_900\" data-image-description=\"\" data-image-caption=\"\" data-large-file=\"https:\/\/i0.wp.com\/deltaimage.de\/wp\/wp-content\/uploads\/ZY5M1818_900.jpg?fit=890%2C593&amp;ssl=1\" class=\"wp-image-25228 size-full\" src=\"https:\/\/i0.wp.com\/deltaimage.de\/wp\/wp-content\/uploads\/ZY5M1818_900.jpg?resize=890%2C593&#038;ssl=1\" alt=\"ZYM\" width=\"890\" height=\"593\" srcset=\"https:\/\/i0.wp.com\/deltaimage.de\/wp\/wp-content\/uploads\/ZY5M1818_900.jpg?w=890&amp;ssl=1 890w, https:\/\/i0.wp.com\/deltaimage.de\/wp\/wp-content\/uploads\/ZY5M1818_900.jpg?resize=300%2C200&amp;ssl=1 300w, https:\/\/i0.wp.com\/deltaimage.de\/wp\/wp-content\/uploads\/ZY5M1818_900.jpg?resize=600%2C400&amp;ssl=1 600w, https:\/\/i0.wp.com\/deltaimage.de\/wp\/wp-content\/uploads\/ZY5M1818_900.jpg?resize=675%2C450&amp;ssl=1 675w, https:\/\/i0.wp.com\/deltaimage.de\/wp\/wp-content\/uploads\/ZY5M1818_900.jpg?resize=200%2C133&amp;ssl=1 200w\" sizes=\"auto, (max-width: 890px) 100vw, 890px\" \/><\/a><p id=\"caption-attachment-25228\" class=\"wp-caption-text\">Ein Bauer kommt mit seinem leuchtend gr\u00fcnen Traktor vorbei, die Sonne steht sch\u00f6n tief und &#8230; Klar vignetiert das Zuiko 35mm f\/2.8 mit offener Blende &#8211; aber alles sch\u00f6n scharf und eine sch\u00f6ne Farbwiedergabe.<\/p><\/div>\n<p><!--more--><\/p>\n<h2>Ich bin \u00fcberrascht von der Qualit\u00e4t der Zuiko Objektive mit 30 Jahren Alter (und mehr)<\/h2>\n<p>Die Zuiko Objektive waren in der Zeit der analogen Fotografie ganz besondere Objektive (f\u00fcr mich). F\u00fcr Profis geeignet, waren die Zuikos im Ruf einige der besten SLR Objektive \u00fcberhaupt gefertigt zu haben. Durch die ganze Bandbreite der Zuiko OM, waren:<\/p>\n<ul>\n<li>extreme Kompaktheit der Objektive<\/li>\n<li>geringes Gewicht<\/li>\n<li>robuste Metallbauweise<\/li>\n<li>hervorragende optische Qualit\u00e4t, die eigentlich erst durch die Canon L Serie mit ash\u00e4rischen Linsen \u00fcbertroffen wurde<\/li>\n<\/ul>\n<div id=\"attachment_25224\" style=\"width: 900px\" class=\"wp-caption aligncenter\"><a href=\"https:\/\/i0.wp.com\/deltaimage.de\/wp\/wp-content\/uploads\/ZY5M1802_900.jpg?ssl=1\"><img data-recalc-dims=\"1\" loading=\"lazy\" decoding=\"async\" aria-describedby=\"caption-attachment-25224\" data-attachment-id=\"25224\" data-permalink=\"https:\/\/deltaimage.de\/wp\/?attachment_id=25224#main\" data-orig-file=\"https:\/\/i0.wp.com\/deltaimage.de\/wp\/wp-content\/uploads\/ZY5M1802_900.jpg?fit=890%2C593&amp;ssl=1\" data-orig-size=\"890,593\" data-comments-opened=\"0\" data-image-meta=\"{&quot;aperture&quot;:&quot;0&quot;,&quot;credit&quot;:&quot;Paul Eschbach&quot;,&quot;camera&quot;:&quot;Canon EOS-1Ds Mark II&quot;,&quot;caption&quot;:&quot;&quot;,&quot;created_timestamp&quot;:&quot;1590518816&quot;,&quot;copyright&quot;:&quot;&quot;,&quot;focal_length&quot;:&quot;0&quot;,&quot;iso&quot;:&quot;200&quot;,&quot;shutter_speed&quot;:&quot;0.0008&quot;,&quot;title&quot;:&quot;&quot;,&quot;orientation&quot;:&quot;0&quot;}\" data-image-title=\"ZY5M1802_900\" data-image-description=\"\" data-image-caption=\"\" data-large-file=\"https:\/\/i0.wp.com\/deltaimage.de\/wp\/wp-content\/uploads\/ZY5M1802_900.jpg?fit=890%2C593&amp;ssl=1\" class=\"wp-image-25224 size-full\" src=\"https:\/\/i0.wp.com\/deltaimage.de\/wp\/wp-content\/uploads\/ZY5M1802_900.jpg?resize=890%2C593&#038;ssl=1\" alt=\"ZYM\" width=\"890\" height=\"593\" srcset=\"https:\/\/i0.wp.com\/deltaimage.de\/wp\/wp-content\/uploads\/ZY5M1802_900.jpg?w=890&amp;ssl=1 890w, https:\/\/i0.wp.com\/deltaimage.de\/wp\/wp-content\/uploads\/ZY5M1802_900.jpg?resize=300%2C200&amp;ssl=1 300w, https:\/\/i0.wp.com\/deltaimage.de\/wp\/wp-content\/uploads\/ZY5M1802_900.jpg?resize=600%2C400&amp;ssl=1 600w, https:\/\/i0.wp.com\/deltaimage.de\/wp\/wp-content\/uploads\/ZY5M1802_900.jpg?resize=675%2C450&amp;ssl=1 675w, https:\/\/i0.wp.com\/deltaimage.de\/wp\/wp-content\/uploads\/ZY5M1802_900.jpg?resize=200%2C133&amp;ssl=1 200w\" sizes=\"auto, (max-width: 890px) 100vw, 890px\" \/><\/a><p id=\"caption-attachment-25224\" class=\"wp-caption-text\">Ein spontanes Motiv mit dem Zuiko 28mm f\/2.0 mit Blende 2.8 &#8211; alles pr\u00e4chtig.<\/p><\/div>\n<p>Die Objektive, speziell das OM Zuiko 180mm f\/2.8, liefert an dem 16,7 Mega Pixel Sensor fantastische Ergebnisse.<\/p>\n<p>Das Beitrags-Aufmacher-Bild ist ein Ausschnitt aus einem Digitalbild mit dem Zuiko 180mm f\/2.8. Hier das Originalbild, aus welchem der Ausschnitt gemacht wurde.<\/p>\n<p><a href=\"https:\/\/i0.wp.com\/deltaimage.de\/wp\/wp-content\/uploads\/ZY5M1828_900.jpg?ssl=1\"><img data-recalc-dims=\"1\" loading=\"lazy\" decoding=\"async\" data-attachment-id=\"25220\" data-permalink=\"https:\/\/deltaimage.de\/wp\/?attachment_id=25220#main\" data-orig-file=\"https:\/\/i0.wp.com\/deltaimage.de\/wp\/wp-content\/uploads\/ZY5M1828_900.jpg?fit=593%2C890&amp;ssl=1\" data-orig-size=\"593,890\" data-comments-opened=\"0\" data-image-meta=\"{&quot;aperture&quot;:&quot;0&quot;,&quot;credit&quot;:&quot;Paul Eschbach&quot;,&quot;camera&quot;:&quot;Canon EOS-1Ds Mark II&quot;,&quot;caption&quot;:&quot;&quot;,&quot;created_timestamp&quot;:&quot;1590521122&quot;,&quot;copyright&quot;:&quot;&quot;,&quot;focal_length&quot;:&quot;0&quot;,&quot;iso&quot;:&quot;200&quot;,&quot;shutter_speed&quot;:&quot;0.00125&quot;,&quot;title&quot;:&quot;&quot;,&quot;orientation&quot;:&quot;0&quot;}\" data-image-title=\"ZY5M1828_900\" data-image-description=\"\" data-image-caption=\"\" data-large-file=\"https:\/\/i0.wp.com\/deltaimage.de\/wp\/wp-content\/uploads\/ZY5M1828_900.jpg?fit=593%2C890&amp;ssl=1\" class=\"aligncenter size-full wp-image-25220\" src=\"https:\/\/i0.wp.com\/deltaimage.de\/wp\/wp-content\/uploads\/ZY5M1828_900.jpg?resize=593%2C890&#038;ssl=1\" alt=\"ZYM\" width=\"593\" height=\"890\" srcset=\"https:\/\/i0.wp.com\/deltaimage.de\/wp\/wp-content\/uploads\/ZY5M1828_900.jpg?w=593&amp;ssl=1 593w, https:\/\/i0.wp.com\/deltaimage.de\/wp\/wp-content\/uploads\/ZY5M1828_900.jpg?resize=133%2C200&amp;ssl=1 133w, https:\/\/i0.wp.com\/deltaimage.de\/wp\/wp-content\/uploads\/ZY5M1828_900.jpg?resize=400%2C600&amp;ssl=1 400w, https:\/\/i0.wp.com\/deltaimage.de\/wp\/wp-content\/uploads\/ZY5M1828_900.jpg?resize=395%2C593&amp;ssl=1 395w, https:\/\/i0.wp.com\/deltaimage.de\/wp\/wp-content\/uploads\/ZY5M1828_900.jpg?resize=300%2C450&amp;ssl=1 300w, https:\/\/i0.wp.com\/deltaimage.de\/wp\/wp-content\/uploads\/ZY5M1828_900.jpg?resize=267%2C400&amp;ssl=1 267w\" sizes=\"auto, (max-width: 593px) 100vw, 593px\" \/><\/a><\/p>\n<p>&nbsp;<\/p>\n<h2>Kleine Details werden hervorragend wiedergegeben<\/h2>\n<p>Die Kombination verbl\u00fcfft mich mit den Ergebnissen. Die OM Zuiko sind mit einem Adapterring an das EOS EF Bajonett adaptiert &#8211; das wackelt ein wenig. Hat wohl keine Auswirkungen auf die optische Qualit\u00e4t. In der Kamera ist eine Einstellscheibe mit Schnittbild-Entfernungsmesser &#8211; ganz wie in der OM4 Ti.<\/p>\n<div id=\"attachment_25211\" style=\"width: 603px\" class=\"wp-caption aligncenter\"><a href=\"https:\/\/i0.wp.com\/deltaimage.de\/wp\/wp-content\/uploads\/ZY5M1863_900.jpg?ssl=1\"><img data-recalc-dims=\"1\" loading=\"lazy\" decoding=\"async\" aria-describedby=\"caption-attachment-25211\" data-attachment-id=\"25211\" data-permalink=\"https:\/\/deltaimage.de\/wp\/?attachment_id=25211#main\" data-orig-file=\"https:\/\/i0.wp.com\/deltaimage.de\/wp\/wp-content\/uploads\/ZY5M1863_900.jpg?fit=593%2C890&amp;ssl=1\" data-orig-size=\"593,890\" data-comments-opened=\"0\" data-image-meta=\"{&quot;aperture&quot;:&quot;0&quot;,&quot;credit&quot;:&quot;Paul Eschbach&quot;,&quot;camera&quot;:&quot;Canon EOS-1Ds Mark II&quot;,&quot;caption&quot;:&quot;&quot;,&quot;created_timestamp&quot;:&quot;1590523085&quot;,&quot;copyright&quot;:&quot;&quot;,&quot;focal_length&quot;:&quot;0&quot;,&quot;iso&quot;:&quot;200&quot;,&quot;shutter_speed&quot;:&quot;0.002&quot;,&quot;title&quot;:&quot;&quot;,&quot;orientation&quot;:&quot;0&quot;}\" data-image-title=\"ZY5M1863_900\" data-image-description=\"\" data-image-caption=\"\" data-large-file=\"https:\/\/i0.wp.com\/deltaimage.de\/wp\/wp-content\/uploads\/ZY5M1863_900.jpg?fit=593%2C890&amp;ssl=1\" class=\"wp-image-25211 size-full\" src=\"https:\/\/i0.wp.com\/deltaimage.de\/wp\/wp-content\/uploads\/ZY5M1863_900.jpg?resize=593%2C890&#038;ssl=1\" alt=\"ZYM\" width=\"593\" height=\"890\" srcset=\"https:\/\/i0.wp.com\/deltaimage.de\/wp\/wp-content\/uploads\/ZY5M1863_900.jpg?w=593&amp;ssl=1 593w, https:\/\/i0.wp.com\/deltaimage.de\/wp\/wp-content\/uploads\/ZY5M1863_900.jpg?resize=133%2C200&amp;ssl=1 133w, https:\/\/i0.wp.com\/deltaimage.de\/wp\/wp-content\/uploads\/ZY5M1863_900.jpg?resize=400%2C600&amp;ssl=1 400w, https:\/\/i0.wp.com\/deltaimage.de\/wp\/wp-content\/uploads\/ZY5M1863_900.jpg?resize=395%2C593&amp;ssl=1 395w, https:\/\/i0.wp.com\/deltaimage.de\/wp\/wp-content\/uploads\/ZY5M1863_900.jpg?resize=300%2C450&amp;ssl=1 300w, https:\/\/i0.wp.com\/deltaimage.de\/wp\/wp-content\/uploads\/ZY5M1863_900.jpg?resize=267%2C400&amp;ssl=1 267w\" sizes=\"auto, (max-width: 593px) 100vw, 593px\" \/><\/a><p id=\"caption-attachment-25211\" class=\"wp-caption-text\">Das Zuiko 180mm f\/2.8 mit fast offener Blende ist im Motiv \u00fcberall scharf und kontrastreich.<\/p><\/div>\n<p>Eine Skultur von Walter von Ruckteschell in der Wohnsiedlung wird mit dem 180er ganz hervorragend abgebildet und digital aufgenommen. Die digitale Datei erlaubt noch ganz ordentliche Ausschnitte, ohne dass es dem Betrachter schwindlig wird &#8211; die Qualit\u00e4t des 180er ist unter den Kennern wohlbekannt.<\/p>\n<div id=\"attachment_25208\" style=\"width: 900px\" class=\"wp-caption aligncenter\"><a href=\"https:\/\/i0.wp.com\/deltaimage.de\/wp\/wp-content\/uploads\/ZY5M1863_900-2.jpg?ssl=1\"><img data-recalc-dims=\"1\" loading=\"lazy\" decoding=\"async\" aria-describedby=\"caption-attachment-25208\" data-attachment-id=\"25208\" data-permalink=\"https:\/\/deltaimage.de\/wp\/?attachment_id=25208#main\" data-orig-file=\"https:\/\/i0.wp.com\/deltaimage.de\/wp\/wp-content\/uploads\/ZY5M1863_900-2.jpg?fit=890%2C593&amp;ssl=1\" data-orig-size=\"890,593\" data-comments-opened=\"0\" data-image-meta=\"{&quot;aperture&quot;:&quot;0&quot;,&quot;credit&quot;:&quot;Paul Eschbach&quot;,&quot;camera&quot;:&quot;Canon EOS-1Ds Mark II&quot;,&quot;caption&quot;:&quot;&quot;,&quot;created_timestamp&quot;:&quot;1590523085&quot;,&quot;copyright&quot;:&quot;&quot;,&quot;focal_length&quot;:&quot;0&quot;,&quot;iso&quot;:&quot;200&quot;,&quot;shutter_speed&quot;:&quot;0.002&quot;,&quot;title&quot;:&quot;&quot;,&quot;orientation&quot;:&quot;0&quot;}\" data-image-title=\"ZY5M1863_900-2\" data-image-description=\"\" data-image-caption=\"\" data-large-file=\"https:\/\/i0.wp.com\/deltaimage.de\/wp\/wp-content\/uploads\/ZY5M1863_900-2.jpg?fit=890%2C593&amp;ssl=1\" class=\"wp-image-25208 size-full\" src=\"https:\/\/i0.wp.com\/deltaimage.de\/wp\/wp-content\/uploads\/ZY5M1863_900-2.jpg?resize=890%2C593&#038;ssl=1\" alt=\"ZYM\" width=\"890\" height=\"593\" srcset=\"https:\/\/i0.wp.com\/deltaimage.de\/wp\/wp-content\/uploads\/ZY5M1863_900-2.jpg?w=890&amp;ssl=1 890w, https:\/\/i0.wp.com\/deltaimage.de\/wp\/wp-content\/uploads\/ZY5M1863_900-2.jpg?resize=300%2C200&amp;ssl=1 300w, https:\/\/i0.wp.com\/deltaimage.de\/wp\/wp-content\/uploads\/ZY5M1863_900-2.jpg?resize=600%2C400&amp;ssl=1 600w, https:\/\/i0.wp.com\/deltaimage.de\/wp\/wp-content\/uploads\/ZY5M1863_900-2.jpg?resize=675%2C450&amp;ssl=1 675w, https:\/\/i0.wp.com\/deltaimage.de\/wp\/wp-content\/uploads\/ZY5M1863_900-2.jpg?resize=200%2C133&amp;ssl=1 200w\" sizes=\"auto, (max-width: 890px) 100vw, 890px\" \/><\/a><p id=\"caption-attachment-25208\" class=\"wp-caption-text\">Auch ein Ausschnitt aus dem Bild oben ist hinreisend scharf und ein wunderbar nutzbares Bild.<\/p><\/div>\n<p>In diesem Bildausschnitt ist noch lange nicht Schluss mit der Abbildungsqualit\u00e4t. Die Bildergebnisse haben noch ein ganz ordentliches Potenzial an Ausschnittvergr\u00f6\u00dferungen &#8211; das h\u00e4tte ich nicht mehr so vermutet.<\/p>\n<p>&nbsp;<\/p>\n<h2>Objektive schlagen sich im harten Gegenlicht des Sommerabends<\/h2>\n<p>Wenn schon testen, dann auch gleich richtig. Hartes Gegenlicht mit verschiedenen Objektiven zeigen keine wirklichen Schw\u00e4chen.<\/p>\n<div id=\"attachment_25218\" style=\"width: 900px\" class=\"wp-caption aligncenter\"><a href=\"https:\/\/i0.wp.com\/deltaimage.de\/wp\/wp-content\/uploads\/ZY5M1834_900.jpg?ssl=1\"><img data-recalc-dims=\"1\" loading=\"lazy\" decoding=\"async\" aria-describedby=\"caption-attachment-25218\" data-attachment-id=\"25218\" data-permalink=\"https:\/\/deltaimage.de\/wp\/?attachment_id=25218#main\" data-orig-file=\"https:\/\/i0.wp.com\/deltaimage.de\/wp\/wp-content\/uploads\/ZY5M1834_900.jpg?fit=890%2C593&amp;ssl=1\" data-orig-size=\"890,593\" data-comments-opened=\"0\" data-image-meta=\"{&quot;aperture&quot;:&quot;0&quot;,&quot;credit&quot;:&quot;Paul Eschbach&quot;,&quot;camera&quot;:&quot;Canon EOS-1Ds Mark II&quot;,&quot;caption&quot;:&quot;&quot;,&quot;created_timestamp&quot;:&quot;1590521456&quot;,&quot;copyright&quot;:&quot;&quot;,&quot;focal_length&quot;:&quot;0&quot;,&quot;iso&quot;:&quot;200&quot;,&quot;shutter_speed&quot;:&quot;0.000125&quot;,&quot;title&quot;:&quot;&quot;,&quot;orientation&quot;:&quot;0&quot;}\" data-image-title=\"ZY5M1834_900\" data-image-description=\"\" data-image-caption=\"\" data-large-file=\"https:\/\/i0.wp.com\/deltaimage.de\/wp\/wp-content\/uploads\/ZY5M1834_900.jpg?fit=890%2C593&amp;ssl=1\" class=\"wp-image-25218 size-full\" src=\"https:\/\/i0.wp.com\/deltaimage.de\/wp\/wp-content\/uploads\/ZY5M1834_900.jpg?resize=890%2C593&#038;ssl=1\" alt=\"ZYM\" width=\"890\" height=\"593\" srcset=\"https:\/\/i0.wp.com\/deltaimage.de\/wp\/wp-content\/uploads\/ZY5M1834_900.jpg?w=890&amp;ssl=1 890w, https:\/\/i0.wp.com\/deltaimage.de\/wp\/wp-content\/uploads\/ZY5M1834_900.jpg?resize=300%2C200&amp;ssl=1 300w, https:\/\/i0.wp.com\/deltaimage.de\/wp\/wp-content\/uploads\/ZY5M1834_900.jpg?resize=600%2C400&amp;ssl=1 600w, https:\/\/i0.wp.com\/deltaimage.de\/wp\/wp-content\/uploads\/ZY5M1834_900.jpg?resize=675%2C450&amp;ssl=1 675w, https:\/\/i0.wp.com\/deltaimage.de\/wp\/wp-content\/uploads\/ZY5M1834_900.jpg?resize=200%2C133&amp;ssl=1 200w\" sizes=\"auto, (max-width: 890px) 100vw, 890px\" \/><\/a><p id=\"caption-attachment-25218\" class=\"wp-caption-text\">Das Zuiko 35mm f\/2.8 im kontrastreichen Gegenlicht des sp\u00e4ten Mai-Abends. Da kann ich nicht viel meckern.<\/p><\/div>\n<p>Ein Flugzeug kommt mal so nebenbei vorbei &#8211; mit dem 180er kein entkommen auf dem Foto.<\/p>\n<div id=\"attachment_25217\" style=\"width: 900px\" class=\"wp-caption aligncenter\"><a href=\"https:\/\/i0.wp.com\/deltaimage.de\/wp\/wp-content\/uploads\/ZY5M1841_900.jpg?ssl=1\"><img data-recalc-dims=\"1\" loading=\"lazy\" decoding=\"async\" aria-describedby=\"caption-attachment-25217\" data-attachment-id=\"25217\" data-permalink=\"https:\/\/deltaimage.de\/wp\/?attachment_id=25217#main\" data-orig-file=\"https:\/\/i0.wp.com\/deltaimage.de\/wp\/wp-content\/uploads\/ZY5M1841_900.jpg?fit=890%2C593&amp;ssl=1\" data-orig-size=\"890,593\" data-comments-opened=\"0\" data-image-meta=\"{&quot;aperture&quot;:&quot;0&quot;,&quot;credit&quot;:&quot;Paul Eschbach&quot;,&quot;camera&quot;:&quot;Canon EOS-1Ds Mark II&quot;,&quot;caption&quot;:&quot;&quot;,&quot;created_timestamp&quot;:&quot;1590521598&quot;,&quot;copyright&quot;:&quot;&quot;,&quot;focal_length&quot;:&quot;0&quot;,&quot;iso&quot;:&quot;200&quot;,&quot;shutter_speed&quot;:&quot;0.000125&quot;,&quot;title&quot;:&quot;&quot;,&quot;orientation&quot;:&quot;0&quot;}\" data-image-title=\"ZY5M1841_900\" data-image-description=\"\" data-image-caption=\"\" data-large-file=\"https:\/\/i0.wp.com\/deltaimage.de\/wp\/wp-content\/uploads\/ZY5M1841_900.jpg?fit=890%2C593&amp;ssl=1\" class=\"wp-image-25217 size-full\" src=\"https:\/\/i0.wp.com\/deltaimage.de\/wp\/wp-content\/uploads\/ZY5M1841_900.jpg?resize=890%2C593&#038;ssl=1\" alt=\"ZYM\" width=\"890\" height=\"593\" srcset=\"https:\/\/i0.wp.com\/deltaimage.de\/wp\/wp-content\/uploads\/ZY5M1841_900.jpg?w=890&amp;ssl=1 890w, https:\/\/i0.wp.com\/deltaimage.de\/wp\/wp-content\/uploads\/ZY5M1841_900.jpg?resize=300%2C200&amp;ssl=1 300w, https:\/\/i0.wp.com\/deltaimage.de\/wp\/wp-content\/uploads\/ZY5M1841_900.jpg?resize=600%2C400&amp;ssl=1 600w, https:\/\/i0.wp.com\/deltaimage.de\/wp\/wp-content\/uploads\/ZY5M1841_900.jpg?resize=675%2C450&amp;ssl=1 675w, https:\/\/i0.wp.com\/deltaimage.de\/wp\/wp-content\/uploads\/ZY5M1841_900.jpg?resize=200%2C133&amp;ssl=1 200w\" sizes=\"auto, (max-width: 890px) 100vw, 890px\" \/><\/a><p id=\"caption-attachment-25217\" class=\"wp-caption-text\">Dann kommt noch ein Flugzeug vorbei &#8211; das Zuiko 180 mm f\/2.8 auch bei wenig Licht und harten Kontrasten ein klasse Foto.<\/p><\/div>\n<blockquote>\n<pre>Alle Aufnahmen wurden ohne Stativ, Blitz o.\u00e4. aufgenommen. \r\nDie Kamera und Objekt wurden aus der freien Hand genutzt.\r\nDie digitalen Dateien wurden mit den selben Standardeinstellung bearbeitet.<\/pre>\n<\/blockquote>\n<p>Auch f\u00fcr spontane Stimmungsaufnahmen haben die Objektive gen\u00fcgend kreatives Potenzial mit eingebaut.<\/p>\n<div id=\"attachment_25204\" style=\"width: 900px\" class=\"wp-caption aligncenter\"><a href=\"https:\/\/i0.wp.com\/deltaimage.de\/wp\/wp-content\/uploads\/ZY5M1810_900.jpg?ssl=1\"><img data-recalc-dims=\"1\" loading=\"lazy\" decoding=\"async\" aria-describedby=\"caption-attachment-25204\" data-attachment-id=\"25204\" data-permalink=\"https:\/\/deltaimage.de\/wp\/?attachment_id=25204#main\" data-orig-file=\"https:\/\/i0.wp.com\/deltaimage.de\/wp\/wp-content\/uploads\/ZY5M1810_900.jpg?fit=890%2C593&amp;ssl=1\" data-orig-size=\"890,593\" data-comments-opened=\"0\" data-image-meta=\"{&quot;aperture&quot;:&quot;0&quot;,&quot;credit&quot;:&quot;Paul Eschbach&quot;,&quot;camera&quot;:&quot;Canon EOS-1Ds Mark II&quot;,&quot;caption&quot;:&quot;&quot;,&quot;created_timestamp&quot;:&quot;1590519131&quot;,&quot;copyright&quot;:&quot;&quot;,&quot;focal_length&quot;:&quot;0&quot;,&quot;iso&quot;:&quot;200&quot;,&quot;shutter_speed&quot;:&quot;0.033333333333333&quot;,&quot;title&quot;:&quot;&quot;,&quot;orientation&quot;:&quot;0&quot;}\" data-image-title=\"ZY5M1810_900\" data-image-description=\"\" data-image-caption=\"\" data-large-file=\"https:\/\/i0.wp.com\/deltaimage.de\/wp\/wp-content\/uploads\/ZY5M1810_900.jpg?fit=890%2C593&amp;ssl=1\" class=\"wp-image-25204 size-full\" src=\"https:\/\/i0.wp.com\/deltaimage.de\/wp\/wp-content\/uploads\/ZY5M1810_900.jpg?resize=890%2C593&#038;ssl=1\" alt=\"ZYM\" width=\"890\" height=\"593\" srcset=\"https:\/\/i0.wp.com\/deltaimage.de\/wp\/wp-content\/uploads\/ZY5M1810_900.jpg?w=890&amp;ssl=1 890w, https:\/\/i0.wp.com\/deltaimage.de\/wp\/wp-content\/uploads\/ZY5M1810_900.jpg?resize=300%2C200&amp;ssl=1 300w, https:\/\/i0.wp.com\/deltaimage.de\/wp\/wp-content\/uploads\/ZY5M1810_900.jpg?resize=600%2C400&amp;ssl=1 600w, https:\/\/i0.wp.com\/deltaimage.de\/wp\/wp-content\/uploads\/ZY5M1810_900.jpg?resize=675%2C450&amp;ssl=1 675w, https:\/\/i0.wp.com\/deltaimage.de\/wp\/wp-content\/uploads\/ZY5M1810_900.jpg?resize=200%2C133&amp;ssl=1 200w\" sizes=\"auto, (max-width: 890px) 100vw, 890px\" \/><\/a><p id=\"caption-attachment-25204\" class=\"wp-caption-text\">Das Schulgeb\u00e4ude steht im harten Streiflicht vor mir. Das TOKINA 17mm f\/3.5 bringt ein \u00fcberzeugendes Bildergebnis, dem man das 30 Jahre alte Objektiv nicht ansieht.<\/p><\/div>\n<h2>Stimmungsvolles Abendlicht auf dem alten Bauernhaus<\/h2>\n<p>Auf dem Nachhauseweg beleuchtet die tief stehende Sonne mit dem goldenen Licht des Abends das alte Bauernhaus in Oberaugustenfeld. Solche Motive liebt auch die analoge Fotografie &#8211; schauen wir doch gleich einmal, was das Zuiko 180mm f\/2.8 daraus macht.<\/p>\n<p><a href=\"https:\/\/i0.wp.com\/deltaimage.de\/wp\/wp-content\/uploads\/ZY5M1865_900.jpg?ssl=1\"><img data-recalc-dims=\"1\" loading=\"lazy\" decoding=\"async\" data-attachment-id=\"25239\" data-permalink=\"https:\/\/deltaimage.de\/wp\/?attachment_id=25239#main\" data-orig-file=\"https:\/\/i0.wp.com\/deltaimage.de\/wp\/wp-content\/uploads\/ZY5M1865_900.jpg?fit=890%2C593&amp;ssl=1\" data-orig-size=\"890,593\" data-comments-opened=\"0\" data-image-meta=\"{&quot;aperture&quot;:&quot;0&quot;,&quot;credit&quot;:&quot;Paul Eschbach&quot;,&quot;camera&quot;:&quot;Canon EOS-1Ds Mark II&quot;,&quot;caption&quot;:&quot;&quot;,&quot;created_timestamp&quot;:&quot;1590523192&quot;,&quot;copyright&quot;:&quot;&quot;,&quot;focal_length&quot;:&quot;0&quot;,&quot;iso&quot;:&quot;200&quot;,&quot;shutter_speed&quot;:&quot;0.0005&quot;,&quot;title&quot;:&quot;&quot;,&quot;orientation&quot;:&quot;0&quot;}\" data-image-title=\"ZY5M1865_900\" data-image-description=\"\" data-image-caption=\"\" data-large-file=\"https:\/\/i0.wp.com\/deltaimage.de\/wp\/wp-content\/uploads\/ZY5M1865_900.jpg?fit=890%2C593&amp;ssl=1\" class=\"aligncenter size-full wp-image-25239\" src=\"https:\/\/i0.wp.com\/deltaimage.de\/wp\/wp-content\/uploads\/ZY5M1865_900.jpg?resize=890%2C593&#038;ssl=1\" alt=\"ZYM\" width=\"890\" height=\"593\" srcset=\"https:\/\/i0.wp.com\/deltaimage.de\/wp\/wp-content\/uploads\/ZY5M1865_900.jpg?w=890&amp;ssl=1 890w, https:\/\/i0.wp.com\/deltaimage.de\/wp\/wp-content\/uploads\/ZY5M1865_900.jpg?resize=300%2C200&amp;ssl=1 300w, https:\/\/i0.wp.com\/deltaimage.de\/wp\/wp-content\/uploads\/ZY5M1865_900.jpg?resize=600%2C400&amp;ssl=1 600w, https:\/\/i0.wp.com\/deltaimage.de\/wp\/wp-content\/uploads\/ZY5M1865_900.jpg?resize=675%2C450&amp;ssl=1 675w, https:\/\/i0.wp.com\/deltaimage.de\/wp\/wp-content\/uploads\/ZY5M1865_900.jpg?resize=200%2C133&amp;ssl=1 200w\" sizes=\"auto, (max-width: 890px) 100vw, 890px\" \/><\/a><\/p>\n<p>Ein inzwischen erwartbares, wunderbares Foto mit den Objektiven aus den 70er Jahren.<\/p>\n<blockquote>\n<pre>Der Analog\/Digital-Test hat sich mehr als gelohnt.\r\nObjektive aus der analogen Fotografie sind wohl kein Grund f\u00fcr schlechte Bildqualit\u00e4ten.\r\nWenn selbst die Olympus OM Zuiko solch hervorragende Ergebnisse liefern, dann sollten andere\r\nQualit\u00e4tsmarken da nicht unbedingt hinten anstehen.<\/pre>\n<\/blockquote>\n","protected":false},"excerpt":{"rendered":"<p>Die Leser der Beitr\u00e4ge haben es schon gesehen, die Corona Zeiten bringen immer wieder Neues zu Tage. Auch fotografisch will ich mich wieder weiter entwickeln, dabei neues (und bekanntes) ausprobieren [&hellip;]<\/p>\n","protected":false},"author":1,"featured_media":25221,"comment_status":"open","ping_status":"closed","sticky":false,"template":"","format":"standard","meta":{"wpupg_custom_link":[],"wpupg_custom_link_behaviour":["default"],"wpupg_custom_link_nofollow":["default"],"wpupg_custom_image":[],"wpupg_custom_image_id":[],"jetpack_post_was_ever_published":false,"footnotes":""},"categories":[8],"tags":[1741,591,2792,2235],"class_list":["post-25201","post","type-post","status-publish","format-standard","has-post-thumbnail","hentry","category-news","tag-analoge-fotografie","tag-olympus","tag-om","tag-zuiko"],"jetpack_featured_media_url":"https:\/\/i0.wp.com\/deltaimage.de\/wp\/wp-content\/uploads\/ZY5M1828_1200.jpg?fit=1200%2C450&ssl=1","jetpack-related-posts":[{"id":32402,"url":"https:\/\/deltaimage.de\/wp\/?p=32402","url_meta":{"origin":25201,"position":0},"title":"Analoge Fotografie &#8211; Olympus OM Zuiko 16mm f\/3.5 Fisheye &#8211; Innenfotografie","author":"EschbacP","date":"31. Dezember 2021","format":false,"excerpt":"Ein verr\u00fccktes Objektiv der ber\u00fchmten OM Zuiko Objektivlinie. Das Fisheye Objektiv ist 1975-1976 ver\u00f6ffentlicht worden, wurde also in der Zeitepoche der analogen Fotografie, kurz nach der Systemvorstellung des gesamten OM Systems, konstruiert und in den Markt eingef\u00fchrt worden. Welch h\u00fcbsche Kombination. \u00a0 Welche Qualit\u00e4t steckt in diesem analogen Objektiv ?\u2026","rel":"","context":"In &quot;Fotografie&quot;","block_context":{"text":"Fotografie","link":"https:\/\/deltaimage.de\/wp\/?cat=848"},"img":{"alt_text":"","src":"https:\/\/i0.wp.com\/deltaimage.de\/wp\/wp-content\/uploads\/PE5D2522_1200.jpg?fit=1200%2C450&ssl=1&resize=350%2C200","width":350,"height":200,"srcset":"https:\/\/i0.wp.com\/deltaimage.de\/wp\/wp-content\/uploads\/PE5D2522_1200.jpg?fit=1200%2C450&ssl=1&resize=350%2C200 1x, https:\/\/i0.wp.com\/deltaimage.de\/wp\/wp-content\/uploads\/PE5D2522_1200.jpg?fit=1200%2C450&ssl=1&resize=525%2C300 1.5x, https:\/\/i0.wp.com\/deltaimage.de\/wp\/wp-content\/uploads\/PE5D2522_1200.jpg?fit=1200%2C450&ssl=1&resize=700%2C400 2x, https:\/\/i0.wp.com\/deltaimage.de\/wp\/wp-content\/uploads\/PE5D2522_1200.jpg?fit=1200%2C450&ssl=1&resize=1050%2C600 3x"},"classes":[]},{"id":25253,"url":"https:\/\/deltaimage.de\/wp\/?p=25253","url_meta":{"origin":25201,"position":1},"title":"Das Probieren geht weiter &#8211; OM Zuiko Objektive an der Vollformat DSLR","author":"EschbacP","date":"27. Mai 2020","format":false,"excerpt":"Das Wetter ist hervorragend und der Abend scheint mit herrlichem Licht gesegnet zu sein - also nochmal hinaus mit den OM Zuiko Objektiven in das Dachauer Moos und weitere analoge Objektive digital testen. Bei sch\u00f6nem Wetter und fantastischem Licht macht das Testen dieser Vintage Objektive noch viel mehr Spa\u00df. Im\u2026","rel":"","context":"In &quot;Dachauer Moos&quot;","block_context":{"text":"Dachauer Moos","link":"https:\/\/deltaimage.de\/wp\/?cat=2523"},"img":{"alt_text":"","src":"https:\/\/i0.wp.com\/deltaimage.de\/wp\/wp-content\/uploads\/ZY5M1878_900.jpg?fit=890%2C593&ssl=1&resize=350%2C200","width":350,"height":200,"srcset":"https:\/\/i0.wp.com\/deltaimage.de\/wp\/wp-content\/uploads\/ZY5M1878_900.jpg?fit=890%2C593&ssl=1&resize=350%2C200 1x, https:\/\/i0.wp.com\/deltaimage.de\/wp\/wp-content\/uploads\/ZY5M1878_900.jpg?fit=890%2C593&ssl=1&resize=525%2C300 1.5x, https:\/\/i0.wp.com\/deltaimage.de\/wp\/wp-content\/uploads\/ZY5M1878_900.jpg?fit=890%2C593&ssl=1&resize=700%2C400 2x"},"classes":[]},{"id":32427,"url":"https:\/\/deltaimage.de\/wp\/?p=32427","url_meta":{"origin":25201,"position":2},"title":"Analoge Fotografie \u2013 Olympus OM Zuiko 16mm f\/3.5 Fisheye &#8211; Reise- und Sachfotografie","author":"EschbacP","date":"1. Januar 2022","format":false,"excerpt":"Ein verr\u00fccktes Objektiv heute wieder auf meiner Kamera - das Olympus OM Zuiko 16mm f\/3.5 Fisheye - ein Superweitwinkelobjektiv mit einem (diagonalem) Bildwinkel von 180\u00b0. Diese Objektive werden als Fisheye Objektive bezeichnet, das die Abbildungscharakteristik dem Auge eines Fisches entspricht. Das Motiv wird dabei nicht entsprechend verkleinert auf dem Film\u2026","rel":"","context":"In &quot;Fotografie&quot;","block_context":{"text":"Fotografie","link":"https:\/\/deltaimage.de\/wp\/?cat=848"},"img":{"alt_text":"","src":"https:\/\/i0.wp.com\/deltaimage.de\/wp\/wp-content\/uploads\/IMG_0007_1200.jpg?fit=1200%2C450&ssl=1&resize=350%2C200","width":350,"height":200,"srcset":"https:\/\/i0.wp.com\/deltaimage.de\/wp\/wp-content\/uploads\/IMG_0007_1200.jpg?fit=1200%2C450&ssl=1&resize=350%2C200 1x, https:\/\/i0.wp.com\/deltaimage.de\/wp\/wp-content\/uploads\/IMG_0007_1200.jpg?fit=1200%2C450&ssl=1&resize=525%2C300 1.5x, https:\/\/i0.wp.com\/deltaimage.de\/wp\/wp-content\/uploads\/IMG_0007_1200.jpg?fit=1200%2C450&ssl=1&resize=700%2C400 2x, https:\/\/i0.wp.com\/deltaimage.de\/wp\/wp-content\/uploads\/IMG_0007_1200.jpg?fit=1200%2C450&ssl=1&resize=1050%2C600 3x"},"classes":[]},{"id":19561,"url":"https:\/\/deltaimage.de\/wp\/?p=19561","url_meta":{"origin":25201,"position":3},"title":"Analog und Schwarzwei\u00df mit den edelsten Systemen vergangener Jahre &#8211; OLYMPUS OM","author":"EschbacP","date":"30. Juli 2018","format":false,"excerpt":"Eine kleine Revolution im Kamerabau begann 1972. OLYMPUS stellte damals erstmalig seine mechanische Kamera M-1 im Weltmarkt vor. Die Kamera war klein, kompakt und perfekt zu bedienen. \u00c4hnlich wie Porsche mit dem 901 musste die M-1 umbenannt werden - die Geburtsstunde der sehr erfolgreichen OLYMPUS OM Reihe mit der OM-1\u2026","rel":"","context":"In &quot;Kameratechnik&quot;","block_context":{"text":"Kameratechnik","link":"https:\/\/deltaimage.de\/wp\/?cat=610"},"img":{"alt_text":"","src":"https:\/\/i0.wp.com\/deltaimage.de\/wp\/wp-content\/uploads\/PE1D4290_1200.jpg?fit=1200%2C450&ssl=1&resize=350%2C200","width":350,"height":200,"srcset":"https:\/\/i0.wp.com\/deltaimage.de\/wp\/wp-content\/uploads\/PE1D4290_1200.jpg?fit=1200%2C450&ssl=1&resize=350%2C200 1x, https:\/\/i0.wp.com\/deltaimage.de\/wp\/wp-content\/uploads\/PE1D4290_1200.jpg?fit=1200%2C450&ssl=1&resize=525%2C300 1.5x, https:\/\/i0.wp.com\/deltaimage.de\/wp\/wp-content\/uploads\/PE1D4290_1200.jpg?fit=1200%2C450&ssl=1&resize=700%2C400 2x, https:\/\/i0.wp.com\/deltaimage.de\/wp\/wp-content\/uploads\/PE1D4290_1200.jpg?fit=1200%2C450&ssl=1&resize=1050%2C600 3x"},"classes":[]},{"id":32444,"url":"https:\/\/deltaimage.de\/wp\/?p=32444","url_meta":{"origin":25201,"position":4},"title":"Analoge Fotografie \u2013 Olympus OM Zuiko 16mm f\/3.5 Fisheye &#8211; Landschaftsfotografie","author":"EschbacP","date":"31. Dezember 2021","format":false,"excerpt":"Landschaftsfotografie ben\u00f6tigt sehr oft gro\u00dfe und gr\u00f6\u00dfte Bildwinkel, um die M\u00e4chtigkeit von Landschaften im Bild vermitteln zu k\u00f6nnen. In Landschaftsmotiven gibt es selten die geraden Linien, die rechten Winkel - die typischen Eigenschaften der Fisheye Objektive kommt in der Landschaftsfotografie anders zum Tragen und wird nicht so dominant im Bild\u2026","rel":"","context":"In &quot;Fotografie&quot;","block_context":{"text":"Fotografie","link":"https:\/\/deltaimage.de\/wp\/?cat=848"},"img":{"alt_text":"","src":"https:\/\/i0.wp.com\/deltaimage.de\/wp\/wp-content\/uploads\/PE5D2568_1200.jpg?fit=1200%2C450&ssl=1&resize=350%2C200","width":350,"height":200,"srcset":"https:\/\/i0.wp.com\/deltaimage.de\/wp\/wp-content\/uploads\/PE5D2568_1200.jpg?fit=1200%2C450&ssl=1&resize=350%2C200 1x, https:\/\/i0.wp.com\/deltaimage.de\/wp\/wp-content\/uploads\/PE5D2568_1200.jpg?fit=1200%2C450&ssl=1&resize=525%2C300 1.5x, https:\/\/i0.wp.com\/deltaimage.de\/wp\/wp-content\/uploads\/PE5D2568_1200.jpg?fit=1200%2C450&ssl=1&resize=700%2C400 2x, https:\/\/i0.wp.com\/deltaimage.de\/wp\/wp-content\/uploads\/PE5D2568_1200.jpg?fit=1200%2C450&ssl=1&resize=1050%2C600 3x"},"classes":[]},{"id":49799,"url":"https:\/\/deltaimage.de\/wp\/?p=49799","url_meta":{"origin":25201,"position":5},"title":"Extreme Makro Fotografie im Kleinstudio: Die Microfotografie","author":"EschbacP","date":"2. August 2025","format":false,"excerpt":"Seit dem Jahr 1986 fotografiere ich ernsthaft, mit viel Engagement und Leidenschaft, begonnen habe ich in der analogen Fotografie mit der ersten Kamera aus dem OLYMPUS OM System. Dieses analoge System hat mir bis zum Jahr 1999 sehr gute Dienste, als treuer Begleiter in Wald und Flur ganz hervorragende Dienste\u2026","rel":"","context":"In &quot;Fotografie&quot;","block_context":{"text":"Fotografie","link":"https:\/\/deltaimage.de\/wp\/?cat=848"},"img":{"alt_text":"","src":"https:\/\/i0.wp.com\/deltaimage.de\/wp\/wp-content\/uploads\/IMG_9541_1200.jpg?fit=1200%2C450&ssl=1&resize=350%2C200","width":350,"height":200,"srcset":"https:\/\/i0.wp.com\/deltaimage.de\/wp\/wp-content\/uploads\/IMG_9541_1200.jpg?fit=1200%2C450&ssl=1&resize=350%2C200 1x, https:\/\/i0.wp.com\/deltaimage.de\/wp\/wp-content\/uploads\/IMG_9541_1200.jpg?fit=1200%2C450&ssl=1&resize=525%2C300 1.5x, https:\/\/i0.wp.com\/deltaimage.de\/wp\/wp-content\/uploads\/IMG_9541_1200.jpg?fit=1200%2C450&ssl=1&resize=700%2C400 2x, https:\/\/i0.wp.com\/deltaimage.de\/wp\/wp-content\/uploads\/IMG_9541_1200.jpg?fit=1200%2C450&ssl=1&resize=1050%2C600 3x"},"classes":[]}],"jetpack_sharing_enabled":true,"_links":{"self":[{"href":"https:\/\/deltaimage.de\/wp\/index.php?rest_route=\/wp\/v2\/posts\/25201","targetHints":{"allow":["GET"]}}],"collection":[{"href":"https:\/\/deltaimage.de\/wp\/index.php?rest_route=\/wp\/v2\/posts"}],"about":[{"href":"https:\/\/deltaimage.de\/wp\/index.php?rest_route=\/wp\/v2\/types\/post"}],"author":[{"embeddable":true,"href":"https:\/\/deltaimage.de\/wp\/index.php?rest_route=\/wp\/v2\/users\/1"}],"replies":[{"embeddable":true,"href":"https:\/\/deltaimage.de\/wp\/index.php?rest_route=%2Fwp%2Fv2%2Fcomments&post=25201"}],"version-history":[{"count":20,"href":"https:\/\/deltaimage.de\/wp\/index.php?rest_route=\/wp\/v2\/posts\/25201\/revisions"}],"predecessor-version":[{"id":51104,"href":"https:\/\/deltaimage.de\/wp\/index.php?rest_route=\/wp\/v2\/posts\/25201\/revisions\/51104"}],"wp:featuredmedia":[{"embeddable":true,"href":"https:\/\/deltaimage.de\/wp\/index.php?rest_route=\/wp\/v2\/media\/25221"}],"wp:attachment":[{"href":"https:\/\/deltaimage.de\/wp\/index.php?rest_route=%2Fwp%2Fv2%2Fmedia&parent=25201"}],"wp:term":[{"taxonomy":"category","embeddable":true,"href":"https:\/\/deltaimage.de\/wp\/index.php?rest_route=%2Fwp%2Fv2%2Fcategories&post=25201"},{"taxonomy":"post_tag","embeddable":true,"href":"https:\/\/deltaimage.de\/wp\/index.php?rest_route=%2Fwp%2Fv2%2Ftags&post=25201"}],"curies":[{"name":"wp","href":"https:\/\/api.w.org\/{rel}","templated":true}]}}