{"id":25622,"date":"2020-07-01T16:43:23","date_gmt":"2020-07-01T15:43:23","guid":{"rendered":"https:\/\/deltaimage.de\/wp\/?p=25622"},"modified":"2025-08-18T20:51:30","modified_gmt":"2025-08-18T18:51:30","slug":"sommer-in-der-stadt-wellenreiten-im-eisbach-in-muenchen","status":"publish","type":"post","link":"https:\/\/deltaimage.de\/wp\/?p=25622","title":{"rendered":"Sommer in der Stadt &#8211; Wellenreiten im Eisbach in M\u00fcnchen"},"content":{"rendered":"<h2>Die Surfer im Eisbach sind los<\/h2>\n<p>Kaum ein Motiv verbindet den Sommer in der Stadt mit M\u00fcnchen so authentisch &#8211; die Surfer an der gro\u00dfen Welle am Eisbach im Englischen Garten.<\/p>\n<p><a href=\"https:\/\/i0.wp.com\/deltaimage.de\/wp\/wp-content\/uploads\/IMG_6059_900.jpg?ssl=1\"><img data-recalc-dims=\"1\" loading=\"lazy\" decoding=\"async\" data-attachment-id=\"25625\" data-permalink=\"https:\/\/deltaimage.de\/wp\/?attachment_id=25625#main\" data-orig-file=\"https:\/\/i0.wp.com\/deltaimage.de\/wp\/wp-content\/uploads\/IMG_6059_900.jpg?fit=890%2C668&amp;ssl=1\" data-orig-size=\"890,668\" data-comments-opened=\"1\" data-image-meta=\"{&quot;aperture&quot;:&quot;4&quot;,&quot;credit&quot;:&quot;&quot;,&quot;camera&quot;:&quot;Canon PowerShot G11&quot;,&quot;caption&quot;:&quot;&quot;,&quot;created_timestamp&quot;:&quot;1593606637&quot;,&quot;copyright&quot;:&quot;&quot;,&quot;focal_length&quot;:&quot;7.407&quot;,&quot;iso&quot;:&quot;250&quot;,&quot;shutter_speed&quot;:&quot;0.004&quot;,&quot;title&quot;:&quot;&quot;,&quot;orientation&quot;:&quot;0&quot;}\" data-image-title=\"IMG_6059_900\" data-image-description=\"\" data-image-caption=\"\" data-large-file=\"https:\/\/i0.wp.com\/deltaimage.de\/wp\/wp-content\/uploads\/IMG_6059_900.jpg?fit=890%2C668&amp;ssl=1\" class=\"aligncenter size-full wp-image-25625\" src=\"https:\/\/i0.wp.com\/deltaimage.de\/wp\/wp-content\/uploads\/IMG_6059_900.jpg?resize=890%2C668&#038;ssl=1\" alt=\"IMG\" width=\"890\" height=\"668\" srcset=\"https:\/\/i0.wp.com\/deltaimage.de\/wp\/wp-content\/uploads\/IMG_6059_900.jpg?w=890&amp;ssl=1 890w, https:\/\/i0.wp.com\/deltaimage.de\/wp\/wp-content\/uploads\/IMG_6059_900.jpg?resize=266%2C200&amp;ssl=1 266w, https:\/\/i0.wp.com\/deltaimage.de\/wp\/wp-content\/uploads\/IMG_6059_900.jpg?resize=600%2C450&amp;ssl=1 600w, https:\/\/i0.wp.com\/deltaimage.de\/wp\/wp-content\/uploads\/IMG_6059_900.jpg?resize=790%2C593&amp;ssl=1 790w, https:\/\/i0.wp.com\/deltaimage.de\/wp\/wp-content\/uploads\/IMG_6059_900.jpg?resize=533%2C400&amp;ssl=1 533w\" sizes=\"auto, (max-width: 890px) 100vw, 890px\" \/><\/a><\/p>\n<p>Action, Sport und das k\u00fchle Nass als Lifestyle. Der Eisbach flie\u00dft durch das Lehel weitgehend unterirdisch und kommt neben dem Haus der Kunst als Eisbach wieder zu Tage &#8211; und gleich wie!<\/p>\n<p><!--more--><\/p>\n<p>Eine gro\u00dfe stehende Welle ist der Anziehungspunkt f\u00fcr die jungen, die mutigen und die sportlichen Menschen in M\u00fcnchen mit dem Faible f\u00fcr den Wassersport.<\/p>\n<p><a href=\"https:\/\/i0.wp.com\/deltaimage.de\/wp\/wp-content\/uploads\/IMG_6044_900.jpg?ssl=1\"><img data-recalc-dims=\"1\" loading=\"lazy\" decoding=\"async\" data-attachment-id=\"25626\" data-permalink=\"https:\/\/deltaimage.de\/wp\/?attachment_id=25626#main\" data-orig-file=\"https:\/\/i0.wp.com\/deltaimage.de\/wp\/wp-content\/uploads\/IMG_6044_900.jpg?fit=890%2C668&amp;ssl=1\" data-orig-size=\"890,668\" data-comments-opened=\"1\" data-image-meta=\"{&quot;aperture&quot;:&quot;4.5&quot;,&quot;credit&quot;:&quot;&quot;,&quot;camera&quot;:&quot;Canon PowerShot G11&quot;,&quot;caption&quot;:&quot;&quot;,&quot;created_timestamp&quot;:&quot;1593606310&quot;,&quot;copyright&quot;:&quot;&quot;,&quot;focal_length&quot;:&quot;30.5&quot;,&quot;iso&quot;:&quot;80&quot;,&quot;shutter_speed&quot;:&quot;0.00625&quot;,&quot;title&quot;:&quot;&quot;,&quot;orientation&quot;:&quot;0&quot;}\" data-image-title=\"IMG_6044_900\" data-image-description=\"\" data-image-caption=\"\" data-large-file=\"https:\/\/i0.wp.com\/deltaimage.de\/wp\/wp-content\/uploads\/IMG_6044_900.jpg?fit=890%2C668&amp;ssl=1\" class=\"aligncenter size-full wp-image-25626\" src=\"https:\/\/i0.wp.com\/deltaimage.de\/wp\/wp-content\/uploads\/IMG_6044_900.jpg?resize=890%2C668&#038;ssl=1\" alt=\"IMG\" width=\"890\" height=\"668\" srcset=\"https:\/\/i0.wp.com\/deltaimage.de\/wp\/wp-content\/uploads\/IMG_6044_900.jpg?w=890&amp;ssl=1 890w, https:\/\/i0.wp.com\/deltaimage.de\/wp\/wp-content\/uploads\/IMG_6044_900.jpg?resize=266%2C200&amp;ssl=1 266w, https:\/\/i0.wp.com\/deltaimage.de\/wp\/wp-content\/uploads\/IMG_6044_900.jpg?resize=600%2C450&amp;ssl=1 600w, https:\/\/i0.wp.com\/deltaimage.de\/wp\/wp-content\/uploads\/IMG_6044_900.jpg?resize=790%2C593&amp;ssl=1 790w, https:\/\/i0.wp.com\/deltaimage.de\/wp\/wp-content\/uploads\/IMG_6044_900.jpg?resize=533%2C400&amp;ssl=1 533w\" sizes=\"auto, (max-width: 890px) 100vw, 890px\" \/><\/a><\/p>\n<p>Das Wellenreiten ist hier nicht ungef\u00e4hrlich und Mann\/Frau muss schon ganz genau wissen, was man da tut.<\/p>\n<p><a href=\"https:\/\/i0.wp.com\/deltaimage.de\/wp\/wp-content\/uploads\/IMG_6041_1200.jpg?ssl=1\"><img data-recalc-dims=\"1\" loading=\"lazy\" decoding=\"async\" data-attachment-id=\"25624\" data-permalink=\"https:\/\/deltaimage.de\/wp\/?attachment_id=25624#main\" data-orig-file=\"https:\/\/i0.wp.com\/deltaimage.de\/wp\/wp-content\/uploads\/IMG_6041_1200.jpg?fit=1200%2C450&amp;ssl=1\" data-orig-size=\"1200,450\" data-comments-opened=\"1\" data-image-meta=\"{&quot;aperture&quot;:&quot;4.5&quot;,&quot;credit&quot;:&quot;&quot;,&quot;camera&quot;:&quot;Canon PowerShot G11&quot;,&quot;caption&quot;:&quot;&quot;,&quot;created_timestamp&quot;:&quot;1593606234&quot;,&quot;copyright&quot;:&quot;&quot;,&quot;focal_length&quot;:&quot;30.5&quot;,&quot;iso&quot;:&quot;100&quot;,&quot;shutter_speed&quot;:&quot;0.00625&quot;,&quot;title&quot;:&quot;&quot;,&quot;orientation&quot;:&quot;0&quot;}\" data-image-title=\"IMG_6041_1200\" data-image-description=\"\" data-image-caption=\"\" data-large-file=\"https:\/\/i0.wp.com\/deltaimage.de\/wp\/wp-content\/uploads\/IMG_6041_1200.jpg?fit=890%2C334&amp;ssl=1\" class=\"aligncenter size-full wp-image-25624\" src=\"https:\/\/i0.wp.com\/deltaimage.de\/wp\/wp-content\/uploads\/IMG_6041_1200.jpg?resize=890%2C334&#038;ssl=1\" alt=\"IMG\" width=\"890\" height=\"334\" srcset=\"https:\/\/i0.wp.com\/deltaimage.de\/wp\/wp-content\/uploads\/IMG_6041_1200.jpg?w=1200&amp;ssl=1 1200w, https:\/\/i0.wp.com\/deltaimage.de\/wp\/wp-content\/uploads\/IMG_6041_1200.jpg?resize=300%2C113&amp;ssl=1 300w, https:\/\/i0.wp.com\/deltaimage.de\/wp\/wp-content\/uploads\/IMG_6041_1200.jpg?resize=600%2C225&amp;ssl=1 600w, https:\/\/i0.wp.com\/deltaimage.de\/wp\/wp-content\/uploads\/IMG_6041_1200.jpg?resize=890%2C334&amp;ssl=1 890w, https:\/\/i0.wp.com\/deltaimage.de\/wp\/wp-content\/uploads\/IMG_6041_1200.jpg?resize=1067%2C400&amp;ssl=1 1067w\" sizes=\"auto, (max-width: 890px) 100vw, 890px\" \/><\/a><\/p>\n<p>Es wagen sich auch \u00fcberraschend viele M\u00e4dels in die stehende Welle. Auch zum Zuschaun &#8211; ein toller Punkt in M\u00fcnchen.<\/p>\n","protected":false},"excerpt":{"rendered":"<p>Die Surfer im Eisbach sind los Kaum ein Motiv verbindet den Sommer in der Stadt mit M\u00fcnchen so authentisch &#8211; die Surfer an der gro\u00dfen Welle am Eisbach im Englischen [&hellip;]<\/p>\n","protected":false},"author":1,"featured_media":25624,"comment_status":"open","ping_status":"closed","sticky":false,"template":"","format":"standard","meta":{"wpupg_custom_link":[],"wpupg_custom_link_behaviour":["default"],"wpupg_custom_link_nofollow":["default"],"wpupg_custom_image":[],"wpupg_custom_image_id":[],"jetpack_post_was_ever_published":false,"footnotes":""},"categories":[8],"tags":[2830,2831,2832,2833,199,197,2829],"class_list":["post-25622","post","type-post","status-publish","format-standard","has-post-thumbnail","hentry","category-news","tag-eisbach","tag-englischer-garten","tag-haus-der-kunst","tag-lehel","tag-muenchen","tag-sommer","tag-wellenreiten"],"jetpack_featured_media_url":"https:\/\/i0.wp.com\/deltaimage.de\/wp\/wp-content\/uploads\/IMG_6041_1200.jpg?fit=1200%2C450&ssl=1","jetpack-related-posts":[{"id":40053,"url":"https:\/\/deltaimage.de\/wp\/?p=40053","url_meta":{"origin":25622,"position":0},"title":"Sommer in der Stadt &#8211; SurferInnen an der Eisbach Welle","author":"EschbacP","date":"24. Mai 2023","format":false,"excerpt":"Der Sommer und das Beach-Feeling beginnt in M\u00fcnchen gleich hinter dem Altstadt-Ring am Englischen Garten. Hier haben die SurferInnen in M\u00fcnchen ein Ziel und eine herrliche Welle am Eisbachkanal. Der bis dahin unterirdisch durch das Lehel gef\u00fchrte Stadtm\u00fchlbach darf nun endlich wieder in frischer Luft durch M\u00fcnchen ziehen. Unter dem\u2026","rel":"","context":"In &quot;News Blog&quot;","block_context":{"text":"News Blog","link":"https:\/\/deltaimage.de\/wp\/?cat=8"},"img":{"alt_text":"","src":"https:\/\/i0.wp.com\/deltaimage.de\/wp\/wp-content\/uploads\/IMG_20230523_153033_1200.jpg?fit=1200%2C450&ssl=1&resize=350%2C200","width":350,"height":200,"srcset":"https:\/\/i0.wp.com\/deltaimage.de\/wp\/wp-content\/uploads\/IMG_20230523_153033_1200.jpg?fit=1200%2C450&ssl=1&resize=350%2C200 1x, https:\/\/i0.wp.com\/deltaimage.de\/wp\/wp-content\/uploads\/IMG_20230523_153033_1200.jpg?fit=1200%2C450&ssl=1&resize=525%2C300 1.5x, https:\/\/i0.wp.com\/deltaimage.de\/wp\/wp-content\/uploads\/IMG_20230523_153033_1200.jpg?fit=1200%2C450&ssl=1&resize=700%2C400 2x, https:\/\/i0.wp.com\/deltaimage.de\/wp\/wp-content\/uploads\/IMG_20230523_153033_1200.jpg?fit=1200%2C450&ssl=1&resize=1050%2C600 3x"},"classes":[]},{"id":25636,"url":"https:\/\/deltaimage.de\/wp\/?p=25636","url_meta":{"origin":25622,"position":1},"title":"Sommer in der Stadt &#8211; Englischer Garten in M\u00fcnchen","author":"EschbacP","date":"1. Juli 2020","format":false,"excerpt":"Der Englische Garten in M\u00fcnchen ist einer der gr\u00f6\u00dften st\u00e4dtischen Parks f\u00fcr die Bev\u00f6lkerung und f\u00fcr jedermann\/jederfrau frei zug\u00e4nglich. Idyllisch an der Isar gelegen, bietet der Englische Garten gerade im Sommer die k\u00fchle und frische des englischen Landschaftspark und die Verbindung mit Freizeit, Sport und Erholung. \u00a0 Grund genug, im\u2026","rel":"","context":"In &quot;Dachauer Land&quot;","block_context":{"text":"Dachauer Land","link":"https:\/\/deltaimage.de\/wp\/?cat=3010"},"img":{"alt_text":"","src":"https:\/\/i0.wp.com\/deltaimage.de\/wp\/wp-content\/uploads\/IMG_6069_1200.jpg?fit=1200%2C450&ssl=1&resize=350%2C200","width":350,"height":200,"srcset":"https:\/\/i0.wp.com\/deltaimage.de\/wp\/wp-content\/uploads\/IMG_6069_1200.jpg?fit=1200%2C450&ssl=1&resize=350%2C200 1x, https:\/\/i0.wp.com\/deltaimage.de\/wp\/wp-content\/uploads\/IMG_6069_1200.jpg?fit=1200%2C450&ssl=1&resize=525%2C300 1.5x, https:\/\/i0.wp.com\/deltaimage.de\/wp\/wp-content\/uploads\/IMG_6069_1200.jpg?fit=1200%2C450&ssl=1&resize=700%2C400 2x, https:\/\/i0.wp.com\/deltaimage.de\/wp\/wp-content\/uploads\/IMG_6069_1200.jpg?fit=1200%2C450&ssl=1&resize=1050%2C600 3x"},"classes":[]},{"id":6910,"url":"https:\/\/deltaimage.de\/wp\/?p=6910","url_meta":{"origin":25622,"position":2},"title":"Das &#8222;kleine Theater in Haar&#8220; ist ein Jugendstiljuwel","author":"EschbacP","date":"18. Februar 2015","format":false,"excerpt":"Im Gro\u00dfraum M\u00fcnchen kennt jeder Haar als Begriff: von der Kreisirrenanstalt. \u00a0Die Anstalt ist ein psychiatrisches und neurologisches Krankenhaus und ist akademisches Lehrkrankenhaus der Ludwig-Maximilians-Universit\u00e4t M\u00fcnchen. Mehr zu Kleines Theater Haar. Gesehen hat\u00a0Haar\u00a0noch kaum einer - von innen, und das ist Schade 1912 wird die weit au\u00dferhalb den Toren der\u2026","rel":"","context":"In &quot;News Blog&quot;","block_context":{"text":"News Blog","link":"https:\/\/deltaimage.de\/wp\/?cat=8"},"img":{"alt_text":"","src":"https:\/\/i0.wp.com\/deltaimage.de\/wp\/wp-content\/uploads\/IMG_9760_1200.jpg?fit=1200%2C450&ssl=1&resize=350%2C200","width":350,"height":200,"srcset":"https:\/\/i0.wp.com\/deltaimage.de\/wp\/wp-content\/uploads\/IMG_9760_1200.jpg?fit=1200%2C450&ssl=1&resize=350%2C200 1x, https:\/\/i0.wp.com\/deltaimage.de\/wp\/wp-content\/uploads\/IMG_9760_1200.jpg?fit=1200%2C450&ssl=1&resize=525%2C300 1.5x, https:\/\/i0.wp.com\/deltaimage.de\/wp\/wp-content\/uploads\/IMG_9760_1200.jpg?fit=1200%2C450&ssl=1&resize=700%2C400 2x, https:\/\/i0.wp.com\/deltaimage.de\/wp\/wp-content\/uploads\/IMG_9760_1200.jpg?fit=1200%2C450&ssl=1&resize=1050%2C600 3x"},"classes":[]},{"id":19304,"url":"https:\/\/deltaimage.de\/wp\/?p=19304","url_meta":{"origin":25622,"position":3},"title":"Ein allg\u00e4uer Schwab aus Holland ist zu Besuch in M\u00fcnchen &#8211; passt.","author":"EschbacP","date":"11. Juli 2018","format":false,"excerpt":"Sommer in M\u00fcnchen - zwei Fotografen lassen sich inspirieren vom Olympiagel\u00e4nde der XX. Olympischen Sommerspiele 1972. Das war eine sch\u00f6ne Zeitepoche, als Kind und Sch\u00fcler in Dachau diese Zeit im M\u00fcnchener Land zu erleben. Die Olympiade hat einzigartige Architektur hinterlassen Die Olympiade 1972 war ganz anders. Die Architektur der Zeltstadt\u2026","rel":"","context":"In &quot;Dachauer Moos&quot;","block_context":{"text":"Dachauer Moos","link":"https:\/\/deltaimage.de\/wp\/?cat=2523"},"img":{"alt_text":"","src":"https:\/\/i0.wp.com\/deltaimage.de\/wp\/wp-content\/uploads\/PE1S0068_1200-1.jpg?fit=1200%2C450&ssl=1&resize=350%2C200","width":350,"height":200,"srcset":"https:\/\/i0.wp.com\/deltaimage.de\/wp\/wp-content\/uploads\/PE1S0068_1200-1.jpg?fit=1200%2C450&ssl=1&resize=350%2C200 1x, https:\/\/i0.wp.com\/deltaimage.de\/wp\/wp-content\/uploads\/PE1S0068_1200-1.jpg?fit=1200%2C450&ssl=1&resize=525%2C300 1.5x, https:\/\/i0.wp.com\/deltaimage.de\/wp\/wp-content\/uploads\/PE1S0068_1200-1.jpg?fit=1200%2C450&ssl=1&resize=700%2C400 2x, https:\/\/i0.wp.com\/deltaimage.de\/wp\/wp-content\/uploads\/PE1S0068_1200-1.jpg?fit=1200%2C450&ssl=1&resize=1050%2C600 3x"},"classes":[]},{"id":33238,"url":"https:\/\/deltaimage.de\/wp\/?p=33238","url_meta":{"origin":25622,"position":4},"title":"50 Jahre Olympisches Dorf in M\u00fcnchen: 1972 &#8211; 2022","author":"EschbacP","date":"10. M\u00e4rz 2022","format":false,"excerpt":"Die Landeshauptstadt M\u00fcnchen war Ende der 60er Jahre im Olympiarausch. Vielleicht nur vergleichbar mit Berlin-Mitte der 90er Jahre. Die ganze Stadt war eine einzige Gro\u00dfbaustelle Die Innenstadt von M\u00fcnchen wurde mit dem neuen S-Bahnsystem und gleichzeitig mit dem U-Bahnsystem ausgeh\u00f6hlt, aufgegraben und zu-betoniert. Eine gro\u00dfartige Kraftanstrengung. Als Junge mit ein\u2026","rel":"","context":"In &quot;News Blog&quot;","block_context":{"text":"News Blog","link":"https:\/\/deltaimage.de\/wp\/?cat=8"},"img":{"alt_text":"","src":"https:\/\/i0.wp.com\/deltaimage.de\/wp\/wp-content\/uploads\/PE1S0022_1200.jpg?fit=1200%2C450&ssl=1&resize=350%2C200","width":350,"height":200,"srcset":"https:\/\/i0.wp.com\/deltaimage.de\/wp\/wp-content\/uploads\/PE1S0022_1200.jpg?fit=1200%2C450&ssl=1&resize=350%2C200 1x, https:\/\/i0.wp.com\/deltaimage.de\/wp\/wp-content\/uploads\/PE1S0022_1200.jpg?fit=1200%2C450&ssl=1&resize=525%2C300 1.5x, https:\/\/i0.wp.com\/deltaimage.de\/wp\/wp-content\/uploads\/PE1S0022_1200.jpg?fit=1200%2C450&ssl=1&resize=700%2C400 2x, https:\/\/i0.wp.com\/deltaimage.de\/wp\/wp-content\/uploads\/PE1S0022_1200.jpg?fit=1200%2C450&ssl=1&resize=1050%2C600 3x"},"classes":[]},{"id":20278,"url":"https:\/\/deltaimage.de\/wp\/?p=20278","url_meta":{"origin":25622,"position":5},"title":"Eine K\u00fcnstlerstadt stellt sich vor &#8211; die lange Nacht der \u00f6ffenen T\u00fcren","author":"EschbacP","date":"30. Dezember 2021","format":"gallery","excerpt":"Eine K\u00fcnstlerstadt und fr\u00fchere bekannte K\u00fcnstlerkolonie hat einige Museen und Galerien. Die Werke der alten Maler, Bildhauer, Keramikk\u00fcnstler kann man da bestaunen. Nicht nur die Geschichte ist wichtig sondern vor allem die Gegenward der Kunst, im Hier und Heute macht einen aktiven Kunstbetrieb aus. Als Er\u00f6ffnungsmotiv w\u00e4hle ich fotografisch den\u2026","rel":"","context":"In &quot;Dachauer Land&quot;","block_context":{"text":"Dachauer Land","link":"https:\/\/deltaimage.de\/wp\/?cat=3010"},"img":{"alt_text":"","src":"https:\/\/i0.wp.com\/deltaimage.de\/wp\/wp-content\/uploads\/ZY5M1133_1200.jpg?fit=1200%2C450&ssl=1&resize=350%2C200","width":350,"height":200,"srcset":"https:\/\/i0.wp.com\/deltaimage.de\/wp\/wp-content\/uploads\/ZY5M1133_1200.jpg?fit=1200%2C450&ssl=1&resize=350%2C200 1x, https:\/\/i0.wp.com\/deltaimage.de\/wp\/wp-content\/uploads\/ZY5M1133_1200.jpg?fit=1200%2C450&ssl=1&resize=525%2C300 1.5x, https:\/\/i0.wp.com\/deltaimage.de\/wp\/wp-content\/uploads\/ZY5M1133_1200.jpg?fit=1200%2C450&ssl=1&resize=700%2C400 2x, https:\/\/i0.wp.com\/deltaimage.de\/wp\/wp-content\/uploads\/ZY5M1133_1200.jpg?fit=1200%2C450&ssl=1&resize=1050%2C600 3x"},"classes":[]}],"jetpack_sharing_enabled":true,"_links":{"self":[{"href":"https:\/\/deltaimage.de\/wp\/index.php?rest_route=\/wp\/v2\/posts\/25622","targetHints":{"allow":["GET"]}}],"collection":[{"href":"https:\/\/deltaimage.de\/wp\/index.php?rest_route=\/wp\/v2\/posts"}],"about":[{"href":"https:\/\/deltaimage.de\/wp\/index.php?rest_route=\/wp\/v2\/types\/post"}],"author":[{"embeddable":true,"href":"https:\/\/deltaimage.de\/wp\/index.php?rest_route=\/wp\/v2\/users\/1"}],"replies":[{"embeddable":true,"href":"https:\/\/deltaimage.de\/wp\/index.php?rest_route=%2Fwp%2Fv2%2Fcomments&post=25622"}],"version-history":[{"count":7,"href":"https:\/\/deltaimage.de\/wp\/index.php?rest_route=\/wp\/v2\/posts\/25622\/revisions"}],"predecessor-version":[{"id":51146,"href":"https:\/\/deltaimage.de\/wp\/index.php?rest_route=\/wp\/v2\/posts\/25622\/revisions\/51146"}],"wp:featuredmedia":[{"embeddable":true,"href":"https:\/\/deltaimage.de\/wp\/index.php?rest_route=\/wp\/v2\/media\/25624"}],"wp:attachment":[{"href":"https:\/\/deltaimage.de\/wp\/index.php?rest_route=%2Fwp%2Fv2%2Fmedia&parent=25622"}],"wp:term":[{"taxonomy":"category","embeddable":true,"href":"https:\/\/deltaimage.de\/wp\/index.php?rest_route=%2Fwp%2Fv2%2Fcategories&post=25622"},{"taxonomy":"post_tag","embeddable":true,"href":"https:\/\/deltaimage.de\/wp\/index.php?rest_route=%2Fwp%2Fv2%2Ftags&post=25622"}],"curies":[{"name":"wp","href":"https:\/\/api.w.org\/{rel}","templated":true}]}}