{"id":25738,"date":"2020-07-26T20:27:01","date_gmt":"2020-07-26T19:27:01","guid":{"rendered":"https:\/\/deltaimage.de\/wp\/?p=25738"},"modified":"2025-08-18T20:46:11","modified_gmt":"2025-08-18T18:46:11","slug":"sommer-im-dachauer-moos-die-amper-auen-in-guending-bei-dachau","status":"publish","type":"post","link":"https:\/\/deltaimage.de\/wp\/?p=25738","title":{"rendered":"Sommer im Dachauer Moos &#8211; die Amper Auen in G\u00fcnding bei Dachau"},"content":{"rendered":"<p>Das <strong>Dachauer Moos<\/strong> ist entgegen der landl\u00e4ufigen Meinung (auch bei mir selbst vorherrschend) keine \u00f6de und unstrukturierte Landschaft &#8211; einfach und eben. Ganz im Gegenteil &#8211; man muss nur sehen lernen und wollen.\u00a0Im <strong>Dachauer Moos<\/strong> treffen viele unterschiedliche Landschaftsformen zusammen und bedingen sich auch gegenseitig. Dieses Zusammentreffen bringt eine sehr gro\u00dfe Abwechslung in den Landschaftsformen und der einhergehenden Naturlandschaft.<\/p>\n<p><a href=\"https:\/\/i0.wp.com\/deltaimage.de\/wp\/wp-content\/uploads\/IMG_9988_900.jpg?ssl=1\"><img data-recalc-dims=\"1\" loading=\"lazy\" decoding=\"async\" data-attachment-id=\"25757\" data-permalink=\"https:\/\/deltaimage.de\/wp\/?attachment_id=25757#main\" data-orig-file=\"https:\/\/i0.wp.com\/deltaimage.de\/wp\/wp-content\/uploads\/IMG_9988_900.jpg?fit=890%2C593&amp;ssl=1\" data-orig-size=\"890,593\" data-comments-opened=\"1\" data-image-meta=\"{&quot;aperture&quot;:&quot;6.3&quot;,&quot;credit&quot;:&quot;PAUL ESCHBACH&quot;,&quot;camera&quot;:&quot;Canon EOS 80D&quot;,&quot;caption&quot;:&quot;&quot;,&quot;created_timestamp&quot;:&quot;1595677198&quot;,&quot;copyright&quot;:&quot;Paul Eschbach @ DELTA IMAGE&quot;,&quot;focal_length&quot;:&quot;180&quot;,&quot;iso&quot;:&quot;200&quot;,&quot;shutter_speed&quot;:&quot;0.004&quot;,&quot;title&quot;:&quot;&quot;,&quot;orientation&quot;:&quot;0&quot;}\" data-image-title=\"IMG_9988_900\" data-image-description=\"\" data-image-caption=\"\" data-large-file=\"https:\/\/i0.wp.com\/deltaimage.de\/wp\/wp-content\/uploads\/IMG_9988_900.jpg?fit=890%2C593&amp;ssl=1\" class=\"aligncenter size-staylogo wp-image-25757\" src=\"https:\/\/i0.wp.com\/deltaimage.de\/wp\/wp-content\/uploads\/IMG_9988_900.jpg?resize=890%2C593&#038;ssl=1\" alt=\"IMG\" width=\"890\" height=\"593\" srcset=\"https:\/\/i0.wp.com\/deltaimage.de\/wp\/wp-content\/uploads\/IMG_9988_900.jpg?w=890&amp;ssl=1 890w, https:\/\/i0.wp.com\/deltaimage.de\/wp\/wp-content\/uploads\/IMG_9988_900.jpg?resize=300%2C200&amp;ssl=1 300w, https:\/\/i0.wp.com\/deltaimage.de\/wp\/wp-content\/uploads\/IMG_9988_900.jpg?resize=600%2C400&amp;ssl=1 600w, https:\/\/i0.wp.com\/deltaimage.de\/wp\/wp-content\/uploads\/IMG_9988_900.jpg?resize=675%2C450&amp;ssl=1 675w, https:\/\/i0.wp.com\/deltaimage.de\/wp\/wp-content\/uploads\/IMG_9988_900.jpg?resize=200%2C133&amp;ssl=1 200w\" sizes=\"auto, (max-width: 890px) 100vw, 890px\" \/><\/a><\/p>\n<p>Sehen und beobachten &#8211; dann kommt die Natur auch wie ganz selbstverst\u00e4ndlich zum Fotografen und l\u00e4sst auch bereitwillig ein h\u00fcbsches Foto von sich machen.<\/p>\n<p><!--more--><\/p>\n<h2>Der Auwald an der Amper &#8211; die Amper Auen bei G\u00fcnding<\/h2>\n<p>Der Amper Auwald entlang der Amper ist ein besonders wertvolles Biotop mit einer sehr gro\u00dfen Artenvielfalt. Der Auwald ist immer-nass und lebte fr\u00fcher von den regelm\u00e4\u00dfigen \u00dcberschwemmungen der Amper 2-3 mal im Jahr und liefert damit N\u00e4hrstoffe in die zeitweise \u00fcberschwemmte Weichholzaue.<\/p>\n<p><a href=\"https:\/\/i0.wp.com\/deltaimage.de\/wp\/wp-content\/uploads\/PE1S0647_900.jpg?ssl=1\"><img data-recalc-dims=\"1\" loading=\"lazy\" decoding=\"async\" data-attachment-id=\"25739\" data-permalink=\"https:\/\/deltaimage.de\/wp\/?attachment_id=25739#main\" data-orig-file=\"https:\/\/i0.wp.com\/deltaimage.de\/wp\/wp-content\/uploads\/PE1S0647_900.jpg?fit=890%2C593&amp;ssl=1\" data-orig-size=\"890,593\" data-comments-opened=\"1\" data-image-meta=\"{&quot;aperture&quot;:&quot;8&quot;,&quot;credit&quot;:&quot;Paul Eschbach&quot;,&quot;camera&quot;:&quot;Canon EOS-1Ds Mark III&quot;,&quot;caption&quot;:&quot;&quot;,&quot;created_timestamp&quot;:&quot;1595672925&quot;,&quot;copyright&quot;:&quot;&quot;,&quot;focal_length&quot;:&quot;180&quot;,&quot;iso&quot;:&quot;200&quot;,&quot;shutter_speed&quot;:&quot;0.002&quot;,&quot;title&quot;:&quot;&quot;,&quot;orientation&quot;:&quot;0&quot;}\" data-image-title=\"PE1S0647_900\" data-image-description=\"\" data-image-caption=\"\" data-large-file=\"https:\/\/i0.wp.com\/deltaimage.de\/wp\/wp-content\/uploads\/PE1S0647_900.jpg?fit=890%2C593&amp;ssl=1\" class=\"aligncenter size-full wp-image-25739\" src=\"https:\/\/i0.wp.com\/deltaimage.de\/wp\/wp-content\/uploads\/PE1S0647_900.jpg?resize=890%2C593&#038;ssl=1\" alt=\"PES\" width=\"890\" height=\"593\" srcset=\"https:\/\/i0.wp.com\/deltaimage.de\/wp\/wp-content\/uploads\/PE1S0647_900.jpg?w=890&amp;ssl=1 890w, https:\/\/i0.wp.com\/deltaimage.de\/wp\/wp-content\/uploads\/PE1S0647_900.jpg?resize=300%2C200&amp;ssl=1 300w, https:\/\/i0.wp.com\/deltaimage.de\/wp\/wp-content\/uploads\/PE1S0647_900.jpg?resize=600%2C400&amp;ssl=1 600w, https:\/\/i0.wp.com\/deltaimage.de\/wp\/wp-content\/uploads\/PE1S0647_900.jpg?resize=675%2C450&amp;ssl=1 675w, https:\/\/i0.wp.com\/deltaimage.de\/wp\/wp-content\/uploads\/PE1S0647_900.jpg?resize=200%2C133&amp;ssl=1 200w\" sizes=\"auto, (max-width: 890px) 100vw, 890px\" \/><\/a><\/p>\n<p>Ab den 1897er Jahren war es vorbei mit der regelm\u00e4\u00dfigen \u00dcberflutung der <strong>Amper<\/strong> <strong>Auw\u00e4lder<\/strong>. Das <strong>Wasserkraftwerk G\u00fcnding<\/strong> wurde von <strong>Oskar von-Miller<\/strong> in Betrieb genommen. Die Amper wurde als Vorfluter aufgestaut, um eine gleichm\u00e4\u00dfige Wasserversorgung der Turbinen zu gew\u00e4hrleisten.<\/p>\n<p>&nbsp;<\/p>\n<h2>Das G\u00fcndinger Wehr ist ein Anziehungspunkt f\u00fcr Technikinteressierte, Freizeit Liebhaber, Wanderer und eben Fotografen<\/h2>\n<p>Das G\u00fcndinger Wehr staut die <strong>Amper<\/strong> mehrere Meter an und zweigt den Kraftwerkskanal zum G\u00fcndinger Wasserkraftwerk ab. Jetzt gerade f\u00fchrt die Amper viel Wasser, sodass entsprechend viel Wasser am G\u00fcndinger Wehr durch die Wehranlage kommt.<\/p>\n<p><a href=\"https:\/\/i0.wp.com\/deltaimage.de\/wp\/wp-content\/uploads\/IMG_9913_900.jpg?ssl=1\"><img data-recalc-dims=\"1\" loading=\"lazy\" decoding=\"async\" data-attachment-id=\"25748\" data-permalink=\"https:\/\/deltaimage.de\/wp\/?attachment_id=25748#main\" data-orig-file=\"https:\/\/i0.wp.com\/deltaimage.de\/wp\/wp-content\/uploads\/IMG_9913_900.jpg?fit=890%2C593&amp;ssl=1\" data-orig-size=\"890,593\" data-comments-opened=\"1\" data-image-meta=\"{&quot;aperture&quot;:&quot;22&quot;,&quot;credit&quot;:&quot;Paul Eschbach&quot;,&quot;camera&quot;:&quot;Canon EOS 80D&quot;,&quot;caption&quot;:&quot;&quot;,&quot;created_timestamp&quot;:&quot;1595675704&quot;,&quot;copyright&quot;:&quot;&quot;,&quot;focal_length&quot;:&quot;10&quot;,&quot;iso&quot;:&quot;100&quot;,&quot;shutter_speed&quot;:&quot;0.033333333333333&quot;,&quot;title&quot;:&quot;&quot;,&quot;orientation&quot;:&quot;0&quot;}\" data-image-title=\"IMG_9913_900\" data-image-description=\"\" data-image-caption=\"\" data-large-file=\"https:\/\/i0.wp.com\/deltaimage.de\/wp\/wp-content\/uploads\/IMG_9913_900.jpg?fit=890%2C593&amp;ssl=1\" class=\"aligncenter size-staylogo wp-image-25748\" src=\"https:\/\/i0.wp.com\/deltaimage.de\/wp\/wp-content\/uploads\/IMG_9913_900.jpg?resize=890%2C593&#038;ssl=1\" alt=\"IMG\" width=\"890\" height=\"593\" srcset=\"https:\/\/i0.wp.com\/deltaimage.de\/wp\/wp-content\/uploads\/IMG_9913_900.jpg?w=890&amp;ssl=1 890w, https:\/\/i0.wp.com\/deltaimage.de\/wp\/wp-content\/uploads\/IMG_9913_900.jpg?resize=300%2C200&amp;ssl=1 300w, https:\/\/i0.wp.com\/deltaimage.de\/wp\/wp-content\/uploads\/IMG_9913_900.jpg?resize=600%2C400&amp;ssl=1 600w, https:\/\/i0.wp.com\/deltaimage.de\/wp\/wp-content\/uploads\/IMG_9913_900.jpg?resize=675%2C450&amp;ssl=1 675w, https:\/\/i0.wp.com\/deltaimage.de\/wp\/wp-content\/uploads\/IMG_9913_900.jpg?resize=200%2C133&amp;ssl=1 200w\" sizes=\"auto, (max-width: 890px) 100vw, 890px\" \/><\/a><\/p>\n<p>Ein Tosen und Brausen im Sommer am G\u00fcndinger Wehr, die <strong>Amper<\/strong> f\u00fchrt so viel Wasser, dass 5 von 6 Wehre das Wasser am Vorfluter ableiten und in das alte Flu\u00dfbett der <strong>Amper<\/strong> abstr\u00f6men lassen. Ein Spektakel f\u00fcr die eigentlich nur ruhig und gem\u00e4chlich dahinflie\u00dfende <strong>Amper<\/strong>.<\/p>\n<p>&nbsp;<\/p>\n<h2>Flu\u00dfaufw\u00e4rts bestehen noch die vertr\u00e4umten Altwasserarme der Amper<\/h2>\n<p>Oberhalb und unterhalb des G\u00fcndinger Wehres hat sich ein Naturschutzgebiet als <strong>Auwald<\/strong> erhalten k\u00f6nnen. Feuchte, stickige Luft an hei\u00dfen Sommertagen, angereichert von unz\u00e4hligen Fliegen machen das Erkunden nicht immer einfach, aber immer ein Erlebnis.<\/p>\n<p><a href=\"https:\/\/i0.wp.com\/deltaimage.de\/wp\/wp-content\/uploads\/IMG_9994_900.jpg?ssl=1\"><img data-recalc-dims=\"1\" loading=\"lazy\" decoding=\"async\" data-attachment-id=\"25745\" data-permalink=\"https:\/\/deltaimage.de\/wp\/?attachment_id=25745#main\" data-orig-file=\"https:\/\/i0.wp.com\/deltaimage.de\/wp\/wp-content\/uploads\/IMG_9994_900.jpg?fit=890%2C593&amp;ssl=1\" data-orig-size=\"890,593\" data-comments-opened=\"1\" data-image-meta=\"{&quot;aperture&quot;:&quot;4.5&quot;,&quot;credit&quot;:&quot;Paul Eschbach&quot;,&quot;camera&quot;:&quot;Canon EOS 80D&quot;,&quot;caption&quot;:&quot;&quot;,&quot;created_timestamp&quot;:&quot;1595677575&quot;,&quot;copyright&quot;:&quot;&quot;,&quot;focal_length&quot;:&quot;10&quot;,&quot;iso&quot;:&quot;200&quot;,&quot;shutter_speed&quot;:&quot;0.004&quot;,&quot;title&quot;:&quot;&quot;,&quot;orientation&quot;:&quot;0&quot;}\" data-image-title=\"IMG_9994_900\" data-image-description=\"\" data-image-caption=\"\" data-large-file=\"https:\/\/i0.wp.com\/deltaimage.de\/wp\/wp-content\/uploads\/IMG_9994_900.jpg?fit=890%2C593&amp;ssl=1\" class=\"aligncenter size-staylogo wp-image-25745\" src=\"https:\/\/i0.wp.com\/deltaimage.de\/wp\/wp-content\/uploads\/IMG_9994_900.jpg?resize=890%2C593&#038;ssl=1\" alt=\"IMG\" width=\"890\" height=\"593\" srcset=\"https:\/\/i0.wp.com\/deltaimage.de\/wp\/wp-content\/uploads\/IMG_9994_900.jpg?w=890&amp;ssl=1 890w, https:\/\/i0.wp.com\/deltaimage.de\/wp\/wp-content\/uploads\/IMG_9994_900.jpg?resize=300%2C200&amp;ssl=1 300w, https:\/\/i0.wp.com\/deltaimage.de\/wp\/wp-content\/uploads\/IMG_9994_900.jpg?resize=600%2C400&amp;ssl=1 600w, https:\/\/i0.wp.com\/deltaimage.de\/wp\/wp-content\/uploads\/IMG_9994_900.jpg?resize=675%2C450&amp;ssl=1 675w, https:\/\/i0.wp.com\/deltaimage.de\/wp\/wp-content\/uploads\/IMG_9994_900.jpg?resize=200%2C133&amp;ssl=1 200w\" sizes=\"auto, (max-width: 890px) 100vw, 890px\" \/><\/a><\/p>\n<p>In den Altarmen steht das Wasser und tauscht sich mit dem Fluss nur bei Pegel\u00e4nderungen aus. Hier l\u00e4uft die Natur deutlich langsamer ab als am Hauptstrom der Amper. Die Amper f\u00fchrt hier aktuell etwa 40 m\u00b3\/s an Wasser.<\/p>\n<p>&nbsp;<\/p>\n<h2>Mit offenen Augen und Kamera durch den Auwald<\/h2>\n<p>Der <strong>Auwald<\/strong> ist immer anders und das aufmerksame Beobachten der Jahreszeiten macht nicht nur fotografisch Spa\u00df. Der interessierte Naturfreund und Fotograf wird immer mit neuen Motiven positiv \u00fcberrascht werden.<\/p>\n<p><a href=\"https:\/\/i0.wp.com\/deltaimage.de\/wp\/wp-content\/uploads\/IMG_0023_900.jpg?ssl=1\"><img data-recalc-dims=\"1\" loading=\"lazy\" decoding=\"async\" data-attachment-id=\"25740\" data-permalink=\"https:\/\/deltaimage.de\/wp\/?attachment_id=25740#main\" data-orig-file=\"https:\/\/i0.wp.com\/deltaimage.de\/wp\/wp-content\/uploads\/IMG_0023_900.jpg?fit=890%2C593&amp;ssl=1\" data-orig-size=\"890,593\" data-comments-opened=\"1\" data-image-meta=\"{&quot;aperture&quot;:&quot;4.5&quot;,&quot;credit&quot;:&quot;Paul Eschbach&quot;,&quot;camera&quot;:&quot;Canon EOS 80D&quot;,&quot;caption&quot;:&quot;&quot;,&quot;created_timestamp&quot;:&quot;1595679756&quot;,&quot;copyright&quot;:&quot;&quot;,&quot;focal_length&quot;:&quot;180&quot;,&quot;iso&quot;:&quot;400&quot;,&quot;shutter_speed&quot;:&quot;0.01&quot;,&quot;title&quot;:&quot;&quot;,&quot;orientation&quot;:&quot;0&quot;}\" data-image-title=\"IMG_0023_900\" data-image-description=\"\" data-image-caption=\"\" data-large-file=\"https:\/\/i0.wp.com\/deltaimage.de\/wp\/wp-content\/uploads\/IMG_0023_900.jpg?fit=890%2C593&amp;ssl=1\" class=\"aligncenter size-staylogo wp-image-25740\" src=\"https:\/\/i0.wp.com\/deltaimage.de\/wp\/wp-content\/uploads\/IMG_0023_900.jpg?resize=890%2C593&#038;ssl=1\" alt=\"IMG\" width=\"890\" height=\"593\" srcset=\"https:\/\/i0.wp.com\/deltaimage.de\/wp\/wp-content\/uploads\/IMG_0023_900.jpg?w=890&amp;ssl=1 890w, https:\/\/i0.wp.com\/deltaimage.de\/wp\/wp-content\/uploads\/IMG_0023_900.jpg?resize=300%2C200&amp;ssl=1 300w, https:\/\/i0.wp.com\/deltaimage.de\/wp\/wp-content\/uploads\/IMG_0023_900.jpg?resize=600%2C400&amp;ssl=1 600w, https:\/\/i0.wp.com\/deltaimage.de\/wp\/wp-content\/uploads\/IMG_0023_900.jpg?resize=675%2C450&amp;ssl=1 675w, https:\/\/i0.wp.com\/deltaimage.de\/wp\/wp-content\/uploads\/IMG_0023_900.jpg?resize=200%2C133&amp;ssl=1 200w\" sizes=\"auto, (max-width: 890px) 100vw, 890px\" \/><\/a><\/p>\n<p>Tief im Auwald &#8211; dort wo auch tags\u00fcber kaum viel Licht hinkommt, \u00fcberraschen im Juli pl\u00f6tzlich die vielen Beeren im weichen Licht des Bl\u00e4tterdachs.<\/p>\n<p><a href=\"https:\/\/i0.wp.com\/deltaimage.de\/wp\/wp-content\/uploads\/PE1S0681_900.jpg?ssl=1\"><img data-recalc-dims=\"1\" loading=\"lazy\" decoding=\"async\" data-attachment-id=\"25743\" data-permalink=\"https:\/\/deltaimage.de\/wp\/?attachment_id=25743#main\" data-orig-file=\"https:\/\/i0.wp.com\/deltaimage.de\/wp\/wp-content\/uploads\/PE1S0681_900.jpg?fit=890%2C593&amp;ssl=1\" data-orig-size=\"890,593\" data-comments-opened=\"1\" data-image-meta=\"{&quot;aperture&quot;:&quot;1.4&quot;,&quot;credit&quot;:&quot;Paul Eschbach&quot;,&quot;camera&quot;:&quot;Canon EOS-1Ds Mark III&quot;,&quot;caption&quot;:&quot;&quot;,&quot;created_timestamp&quot;:&quot;1595678134&quot;,&quot;copyright&quot;:&quot;&quot;,&quot;focal_length&quot;:&quot;50&quot;,&quot;iso&quot;:&quot;200&quot;,&quot;shutter_speed&quot;:&quot;0.0015625&quot;,&quot;title&quot;:&quot;&quot;,&quot;orientation&quot;:&quot;0&quot;}\" data-image-title=\"PE1S0681_900\" data-image-description=\"\" data-image-caption=\"\" data-large-file=\"https:\/\/i0.wp.com\/deltaimage.de\/wp\/wp-content\/uploads\/PE1S0681_900.jpg?fit=890%2C593&amp;ssl=1\" class=\"aligncenter size-staylogo wp-image-25743\" src=\"https:\/\/i0.wp.com\/deltaimage.de\/wp\/wp-content\/uploads\/PE1S0681_900.jpg?resize=890%2C593&#038;ssl=1\" alt=\"PES\" width=\"890\" height=\"593\" srcset=\"https:\/\/i0.wp.com\/deltaimage.de\/wp\/wp-content\/uploads\/PE1S0681_900.jpg?w=890&amp;ssl=1 890w, https:\/\/i0.wp.com\/deltaimage.de\/wp\/wp-content\/uploads\/PE1S0681_900.jpg?resize=300%2C200&amp;ssl=1 300w, https:\/\/i0.wp.com\/deltaimage.de\/wp\/wp-content\/uploads\/PE1S0681_900.jpg?resize=600%2C400&amp;ssl=1 600w, https:\/\/i0.wp.com\/deltaimage.de\/wp\/wp-content\/uploads\/PE1S0681_900.jpg?resize=675%2C450&amp;ssl=1 675w, https:\/\/i0.wp.com\/deltaimage.de\/wp\/wp-content\/uploads\/PE1S0681_900.jpg?resize=200%2C133&amp;ssl=1 200w\" sizes=\"auto, (max-width: 890px) 100vw, 890px\" \/><\/a><\/p>\n<p>Es ist nicht leicht, in dem verwirrenden Spiel der abgebrochenen \u00c4ste und B\u00e4ume, im Fixierspiel aus Licht und Schatten ein passendes Fotomotiv zu finden. Oft reicht einfach etwas warten. In ein paar Minuten zieht eine Wolke vor die Sonne und unmittelbar sieht alles anders aus und es zeigen sich neue Fotomotive. Hier einmal mit ganz offener Blende und geringer Sch\u00e4rfentiefe.<\/p>\n<p><a href=\"https:\/\/i0.wp.com\/deltaimage.de\/wp\/wp-content\/uploads\/IMG_0006_900.jpg?ssl=1\"><img data-recalc-dims=\"1\" loading=\"lazy\" decoding=\"async\" data-attachment-id=\"25742\" data-permalink=\"https:\/\/deltaimage.de\/wp\/?attachment_id=25742#main\" data-orig-file=\"https:\/\/i0.wp.com\/deltaimage.de\/wp\/wp-content\/uploads\/IMG_0006_900.jpg?fit=890%2C593&amp;ssl=1\" data-orig-size=\"890,593\" data-comments-opened=\"1\" data-image-meta=\"{&quot;aperture&quot;:&quot;14&quot;,&quot;credit&quot;:&quot;Paul Eschbach&quot;,&quot;camera&quot;:&quot;Canon EOS 80D&quot;,&quot;caption&quot;:&quot;&quot;,&quot;created_timestamp&quot;:&quot;1595678153&quot;,&quot;copyright&quot;:&quot;&quot;,&quot;focal_length&quot;:&quot;10&quot;,&quot;iso&quot;:&quot;100&quot;,&quot;shutter_speed&quot;:&quot;0.04&quot;,&quot;title&quot;:&quot;&quot;,&quot;orientation&quot;:&quot;0&quot;}\" data-image-title=\"IMG_0006_900\" data-image-description=\"\" data-image-caption=\"\" data-large-file=\"https:\/\/i0.wp.com\/deltaimage.de\/wp\/wp-content\/uploads\/IMG_0006_900.jpg?fit=890%2C593&amp;ssl=1\" class=\"aligncenter size-staylogo wp-image-25742\" src=\"https:\/\/i0.wp.com\/deltaimage.de\/wp\/wp-content\/uploads\/IMG_0006_900.jpg?resize=890%2C593&#038;ssl=1\" alt=\"IMG\" width=\"890\" height=\"593\" srcset=\"https:\/\/i0.wp.com\/deltaimage.de\/wp\/wp-content\/uploads\/IMG_0006_900.jpg?w=890&amp;ssl=1 890w, https:\/\/i0.wp.com\/deltaimage.de\/wp\/wp-content\/uploads\/IMG_0006_900.jpg?resize=300%2C200&amp;ssl=1 300w, https:\/\/i0.wp.com\/deltaimage.de\/wp\/wp-content\/uploads\/IMG_0006_900.jpg?resize=600%2C400&amp;ssl=1 600w, https:\/\/i0.wp.com\/deltaimage.de\/wp\/wp-content\/uploads\/IMG_0006_900.jpg?resize=675%2C450&amp;ssl=1 675w, https:\/\/i0.wp.com\/deltaimage.de\/wp\/wp-content\/uploads\/IMG_0006_900.jpg?resize=200%2C133&amp;ssl=1 200w\" sizes=\"auto, (max-width: 890px) 100vw, 890px\" \/><\/a><\/p>\n<p>Fast wie in l\u00e4ngst vergangenen Zeiten erscheint die Amper bei einem Streifzug im Juli &#8211; der Hochsommer liegt \u00fcber den Wiesen und Felder &#8211; die Bauern werden bald das Getreide ernten. Die Amper zeigt sich in aller Sch\u00f6nheit dem Fotografen und ich sehe den ganzen Tag keine anderen Fotografen hier.<\/p>\n","protected":false},"excerpt":{"rendered":"<p>Das Dachauer Moos ist entgegen der landl\u00e4ufigen Meinung (auch bei mir selbst vorherrschend) keine \u00f6de und unstrukturierte Landschaft &#8211; einfach und eben. Ganz im Gegenteil &#8211; man muss nur sehen [&hellip;]<\/p>\n","protected":false},"author":1,"featured_media":25758,"comment_status":"open","ping_status":"closed","sticky":false,"template":"","format":"standard","meta":{"wpupg_custom_link":[],"wpupg_custom_link_behaviour":["default"],"wpupg_custom_link_nofollow":["default"],"wpupg_custom_image":[],"wpupg_custom_image_id":[],"jetpack_post_was_ever_published":false,"footnotes":""},"categories":[3010,2523,8],"tags":[464,603,95,775,197],"class_list":["post-25738","post","type-post","status-publish","format-standard","has-post-thumbnail","hentry","category-dachauer-land","category-dachauer-moos","category-news","tag-amper","tag-auwald","tag-dachau","tag-dachauer-moos","tag-sommer"],"jetpack_featured_media_url":"https:\/\/i0.wp.com\/deltaimage.de\/wp\/wp-content\/uploads\/IMG_9889_1200.jpg?fit=1200%2C450&ssl=1","jetpack-related-posts":[{"id":42259,"url":"https:\/\/deltaimage.de\/wp\/?p=42259","url_meta":{"origin":25738,"position":0},"title":"Die Urgewalt des Wassers am Amper-Wehr im Moos","author":"EschbacP","date":"19. Dezember 2023","format":false,"excerpt":"Die letzten Wochen brachten sehr viel Schnee in Oberbayern, nicht nur im Hochgebirge, sondern auch im Flachland - wie das Dachauer Moos. Darauf hin regnete es Tage lang. Die Schneeschmelze bringt Hochwasser in allen gro\u00dfen und kleinen Fl\u00fcssen in Bayern. An der Amper bei G\u00fcnding, im Dachauer Moos, kommen die\u2026","rel":"","context":"In &quot;Dachauer Land&quot;","block_context":{"text":"Dachauer Land","link":"https:\/\/deltaimage.de\/wp\/?cat=3010"},"img":{"alt_text":"","src":"https:\/\/i0.wp.com\/deltaimage.de\/wp\/wp-content\/uploads\/IMG_2867_1200.jpg?fit=1200%2C450&ssl=1&resize=350%2C200","width":350,"height":200,"srcset":"https:\/\/i0.wp.com\/deltaimage.de\/wp\/wp-content\/uploads\/IMG_2867_1200.jpg?fit=1200%2C450&ssl=1&resize=350%2C200 1x, https:\/\/i0.wp.com\/deltaimage.de\/wp\/wp-content\/uploads\/IMG_2867_1200.jpg?fit=1200%2C450&ssl=1&resize=525%2C300 1.5x, https:\/\/i0.wp.com\/deltaimage.de\/wp\/wp-content\/uploads\/IMG_2867_1200.jpg?fit=1200%2C450&ssl=1&resize=700%2C400 2x, https:\/\/i0.wp.com\/deltaimage.de\/wp\/wp-content\/uploads\/IMG_2867_1200.jpg?fit=1200%2C450&ssl=1&resize=1050%2C600 3x"},"classes":[]},{"id":38429,"url":"https:\/\/deltaimage.de\/wp\/?p=38429","url_meta":{"origin":25738,"position":1},"title":"Schnee im Dachauer Moos vor Weihnachten","author":"EschbacP","date":"31. Dezember 2022","format":false,"excerpt":"Bis eine Woche vor Weihnachten hatte es mit dem Schnee noch geklappt. Dann schmolz der wei\u00dfe aber rapide in den Tagen vor Weihnachten dahin. Schauen wir uns das Dachauer Moos im Winterkleid, unter Schnee und Eis, genauer an. Die B\u00e4ume und B\u00fcsche in den W\u00e4ldern der Amper Auen sind \u00fcber\u2026","rel":"","context":"In &quot;Dachauer Land&quot;","block_context":{"text":"Dachauer Land","link":"https:\/\/deltaimage.de\/wp\/?cat=3010"},"img":{"alt_text":"","src":"https:\/\/i0.wp.com\/deltaimage.de\/wp\/wp-content\/uploads\/PE1S1734_1200.jpg?fit=1200%2C450&ssl=1&resize=350%2C200","width":350,"height":200,"srcset":"https:\/\/i0.wp.com\/deltaimage.de\/wp\/wp-content\/uploads\/PE1S1734_1200.jpg?fit=1200%2C450&ssl=1&resize=350%2C200 1x, https:\/\/i0.wp.com\/deltaimage.de\/wp\/wp-content\/uploads\/PE1S1734_1200.jpg?fit=1200%2C450&ssl=1&resize=525%2C300 1.5x, https:\/\/i0.wp.com\/deltaimage.de\/wp\/wp-content\/uploads\/PE1S1734_1200.jpg?fit=1200%2C450&ssl=1&resize=700%2C400 2x, https:\/\/i0.wp.com\/deltaimage.de\/wp\/wp-content\/uploads\/PE1S1734_1200.jpg?fit=1200%2C450&ssl=1&resize=1050%2C600 3x"},"classes":[]},{"id":39279,"url":"https:\/\/deltaimage.de\/wp\/?p=39279","url_meta":{"origin":25738,"position":2},"title":"Fauna im Dachauer Amper-Auwald &#8211; Fr\u00fchling und Wasser","author":"EschbacP","date":"23. M\u00e4rz 2023","format":false,"excerpt":"Es geht wieder los - im Fr\u00fchling, hier im Auwald der Amper bei Dachau. Die Fauna bereitet sich auf die Zeit vor, um die Nester zu bauen und den Nachwuchs dieses Jahres erfolgreich gro\u00df zu ziehen. Seit vielen Jahren beobachte ich am Amper Wehr bei G\u00fcnding den Beginn dieser Saison\u2026","rel":"","context":"In &quot;Dachauer Land&quot;","block_context":{"text":"Dachauer Land","link":"https:\/\/deltaimage.de\/wp\/?cat=3010"},"img":{"alt_text":"","src":"https:\/\/i0.wp.com\/deltaimage.de\/wp\/wp-content\/uploads\/IMG_1859_1200.jpg?fit=1200%2C450&ssl=1&resize=350%2C200","width":350,"height":200,"srcset":"https:\/\/i0.wp.com\/deltaimage.de\/wp\/wp-content\/uploads\/IMG_1859_1200.jpg?fit=1200%2C450&ssl=1&resize=350%2C200 1x, https:\/\/i0.wp.com\/deltaimage.de\/wp\/wp-content\/uploads\/IMG_1859_1200.jpg?fit=1200%2C450&ssl=1&resize=525%2C300 1.5x, https:\/\/i0.wp.com\/deltaimage.de\/wp\/wp-content\/uploads\/IMG_1859_1200.jpg?fit=1200%2C450&ssl=1&resize=700%2C400 2x, https:\/\/i0.wp.com\/deltaimage.de\/wp\/wp-content\/uploads\/IMG_1859_1200.jpg?fit=1200%2C450&ssl=1&resize=1050%2C600 3x"},"classes":[]},{"id":35461,"url":"https:\/\/deltaimage.de\/wp\/?p=35461","url_meta":{"origin":25738,"position":3},"title":"Gro\u00dflibelle im Flug fotografieren &#8211; Dachauer Moos","author":"EschbacP","date":"29. Juli 2022","format":false,"excerpt":"Naturfotografie funktioniert vor allem \u00fcber eine intensivere Besch\u00e4ftigung mit der Natur selbst und der zu fotografierenden Spezies. Gro\u00dflibellen sind so ein ganz besonderer Fall. Die Fotografie von Kleinleibellen wird bei ausreichend Geduld des Fotografen irgendwann mit Erfolg gekr\u00f6nt sein. Die Kleinlibellen setzen sich von Zeit zu Zeit auf einen Ansitzplatz,\u2026","rel":"","context":"In &quot;Dachauer Land&quot;","block_context":{"text":"Dachauer Land","link":"https:\/\/deltaimage.de\/wp\/?cat=3010"},"img":{"alt_text":"","src":"https:\/\/i0.wp.com\/deltaimage.de\/wp\/wp-content\/uploads\/IMG_7613_1200.jpg?fit=1200%2C450&ssl=1&resize=350%2C200","width":350,"height":200,"srcset":"https:\/\/i0.wp.com\/deltaimage.de\/wp\/wp-content\/uploads\/IMG_7613_1200.jpg?fit=1200%2C450&ssl=1&resize=350%2C200 1x, https:\/\/i0.wp.com\/deltaimage.de\/wp\/wp-content\/uploads\/IMG_7613_1200.jpg?fit=1200%2C450&ssl=1&resize=525%2C300 1.5x, https:\/\/i0.wp.com\/deltaimage.de\/wp\/wp-content\/uploads\/IMG_7613_1200.jpg?fit=1200%2C450&ssl=1&resize=700%2C400 2x, https:\/\/i0.wp.com\/deltaimage.de\/wp\/wp-content\/uploads\/IMG_7613_1200.jpg?fit=1200%2C450&ssl=1&resize=1050%2C600 3x"},"classes":[]},{"id":6577,"url":"https:\/\/deltaimage.de\/wp\/?p=6577","url_meta":{"origin":25738,"position":4},"title":"Winter in den Amperauen","author":"EschbacP","date":"23. Januar 2015","format":false,"excerpt":"Schnee in unserer Region ist doch immer seltener, umso sch\u00f6ner ist es, wenn viel Schnee f\u00e4llt, und man das Wetter zu ausgedehnten (Foto-)Spazierg\u00e4ngen nutzen kann. So auch zum Jahreswechsel 2014\/2015. Die Landschaft war \u00fcber eine Woche zwischen den Feiertagen von einer dicken Schneedecke \u00fcberzogen. Die Amperauen bei Dachau sind noch\u2026","rel":"","context":"In &quot;Dachauer Land&quot;","block_context":{"text":"Dachauer Land","link":"https:\/\/deltaimage.de\/wp\/?cat=3010"},"img":{"alt_text":"","src":"https:\/\/i0.wp.com\/deltaimage.de\/wp\/wp-content\/uploads\/ZY5M0080_900.jpg?fit=900%2C600&ssl=1&resize=350%2C200","width":350,"height":200,"srcset":"https:\/\/i0.wp.com\/deltaimage.de\/wp\/wp-content\/uploads\/ZY5M0080_900.jpg?fit=900%2C600&ssl=1&resize=350%2C200 1x, https:\/\/i0.wp.com\/deltaimage.de\/wp\/wp-content\/uploads\/ZY5M0080_900.jpg?fit=900%2C600&ssl=1&resize=525%2C300 1.5x, https:\/\/i0.wp.com\/deltaimage.de\/wp\/wp-content\/uploads\/ZY5M0080_900.jpg?fit=900%2C600&ssl=1&resize=700%2C400 2x"},"classes":[]},{"id":42054,"url":"https:\/\/deltaimage.de\/wp\/?p=42054","url_meta":{"origin":25738,"position":5},"title":"Schneewanderung an der Amper bei Dachau","author":"EschbacP","date":"2. Dezember 2023","format":false,"excerpt":"Von Oberaugustenfeld aus, die Amper aufw\u00e4rts bis zum G\u00fcndinger Wehr - was ist daran etwas Besonderes?\u00a0\u00a08 km hin und wieder 8 km zur\u00fcck ist eigentlich eine allt\u00e4gliche Fotowanderung f\u00fcr mich, es gibt schlie\u00dflich gef\u00fchlt 100 Beitr\u00e4ge von mir dazu. Heute ist die Natur da drau\u00dfen, ganz anders als sonst, anders\u2026","rel":"","context":"In &quot;Dachauer Land&quot;","block_context":{"text":"Dachauer Land","link":"https:\/\/deltaimage.de\/wp\/?cat=3010"},"img":{"alt_text":"","src":"https:\/\/i0.wp.com\/deltaimage.de\/wp\/wp-content\/uploads\/PE1S3207_1200.jpg?fit=1200%2C450&ssl=1&resize=350%2C200","width":350,"height":200,"srcset":"https:\/\/i0.wp.com\/deltaimage.de\/wp\/wp-content\/uploads\/PE1S3207_1200.jpg?fit=1200%2C450&ssl=1&resize=350%2C200 1x, https:\/\/i0.wp.com\/deltaimage.de\/wp\/wp-content\/uploads\/PE1S3207_1200.jpg?fit=1200%2C450&ssl=1&resize=525%2C300 1.5x, https:\/\/i0.wp.com\/deltaimage.de\/wp\/wp-content\/uploads\/PE1S3207_1200.jpg?fit=1200%2C450&ssl=1&resize=700%2C400 2x, https:\/\/i0.wp.com\/deltaimage.de\/wp\/wp-content\/uploads\/PE1S3207_1200.jpg?fit=1200%2C450&ssl=1&resize=1050%2C600 3x"},"classes":[]}],"jetpack_sharing_enabled":true,"_links":{"self":[{"href":"https:\/\/deltaimage.de\/wp\/index.php?rest_route=\/wp\/v2\/posts\/25738","targetHints":{"allow":["GET"]}}],"collection":[{"href":"https:\/\/deltaimage.de\/wp\/index.php?rest_route=\/wp\/v2\/posts"}],"about":[{"href":"https:\/\/deltaimage.de\/wp\/index.php?rest_route=\/wp\/v2\/types\/post"}],"author":[{"embeddable":true,"href":"https:\/\/deltaimage.de\/wp\/index.php?rest_route=\/wp\/v2\/users\/1"}],"replies":[{"embeddable":true,"href":"https:\/\/deltaimage.de\/wp\/index.php?rest_route=%2Fwp%2Fv2%2Fcomments&post=25738"}],"version-history":[{"count":11,"href":"https:\/\/deltaimage.de\/wp\/index.php?rest_route=\/wp\/v2\/posts\/25738\/revisions"}],"predecessor-version":[{"id":51141,"href":"https:\/\/deltaimage.de\/wp\/index.php?rest_route=\/wp\/v2\/posts\/25738\/revisions\/51141"}],"wp:featuredmedia":[{"embeddable":true,"href":"https:\/\/deltaimage.de\/wp\/index.php?rest_route=\/wp\/v2\/media\/25758"}],"wp:attachment":[{"href":"https:\/\/deltaimage.de\/wp\/index.php?rest_route=%2Fwp%2Fv2%2Fmedia&parent=25738"}],"wp:term":[{"taxonomy":"category","embeddable":true,"href":"https:\/\/deltaimage.de\/wp\/index.php?rest_route=%2Fwp%2Fv2%2Fcategories&post=25738"},{"taxonomy":"post_tag","embeddable":true,"href":"https:\/\/deltaimage.de\/wp\/index.php?rest_route=%2Fwp%2Fv2%2Ftags&post=25738"}],"curies":[{"name":"wp","href":"https:\/\/api.w.org\/{rel}","templated":true}]}}