{"id":25766,"date":"2020-07-27T19:56:44","date_gmt":"2020-07-27T18:56:44","guid":{"rendered":"https:\/\/deltaimage.de\/wp\/?p=25766"},"modified":"2025-08-18T20:43:59","modified_gmt":"2025-08-18T18:43:59","slug":"wasserspiele-an-der-sommerlichen-amper","status":"publish","type":"post","link":"https:\/\/deltaimage.de\/wp\/?p=25766","title":{"rendered":"Wasserspiele an der sommerlichen Amper"},"content":{"rendered":"<p>Ein sommerlicher Samstag steht an, es ist Ende Juli im <strong>Dachauer Moos<\/strong>.<\/p>\n<blockquote>\n<pre>Wie kann man die Jahreszeit am besten fotografisch ausnutzen und spannende Motive suchen und finden?<\/pre>\n<\/blockquote>\n<p><a href=\"https:\/\/i0.wp.com\/deltaimage.de\/wp\/wp-content\/uploads\/IMG_9913_900.jpg?ssl=1\"><img data-recalc-dims=\"1\" loading=\"lazy\" decoding=\"async\" data-attachment-id=\"25748\" data-permalink=\"https:\/\/deltaimage.de\/wp\/?attachment_id=25748#main\" data-orig-file=\"https:\/\/i0.wp.com\/deltaimage.de\/wp\/wp-content\/uploads\/IMG_9913_900.jpg?fit=890%2C593&amp;ssl=1\" data-orig-size=\"890,593\" data-comments-opened=\"1\" data-image-meta=\"{&quot;aperture&quot;:&quot;22&quot;,&quot;credit&quot;:&quot;Paul Eschbach&quot;,&quot;camera&quot;:&quot;Canon EOS 80D&quot;,&quot;caption&quot;:&quot;&quot;,&quot;created_timestamp&quot;:&quot;1595675704&quot;,&quot;copyright&quot;:&quot;&quot;,&quot;focal_length&quot;:&quot;10&quot;,&quot;iso&quot;:&quot;100&quot;,&quot;shutter_speed&quot;:&quot;0.033333333333333&quot;,&quot;title&quot;:&quot;&quot;,&quot;orientation&quot;:&quot;0&quot;}\" data-image-title=\"IMG_9913_900\" data-image-description=\"\" data-image-caption=\"\" data-large-file=\"https:\/\/i0.wp.com\/deltaimage.de\/wp\/wp-content\/uploads\/IMG_9913_900.jpg?fit=890%2C593&amp;ssl=1\" class=\"aligncenter size-full wp-image-25748\" src=\"https:\/\/i0.wp.com\/deltaimage.de\/wp\/wp-content\/uploads\/IMG_9913_900.jpg?resize=890%2C593&#038;ssl=1\" alt=\"IMG\" width=\"890\" height=\"593\" srcset=\"https:\/\/i0.wp.com\/deltaimage.de\/wp\/wp-content\/uploads\/IMG_9913_900.jpg?w=890&amp;ssl=1 890w, https:\/\/i0.wp.com\/deltaimage.de\/wp\/wp-content\/uploads\/IMG_9913_900.jpg?resize=300%2C200&amp;ssl=1 300w, https:\/\/i0.wp.com\/deltaimage.de\/wp\/wp-content\/uploads\/IMG_9913_900.jpg?resize=600%2C400&amp;ssl=1 600w, https:\/\/i0.wp.com\/deltaimage.de\/wp\/wp-content\/uploads\/IMG_9913_900.jpg?resize=675%2C450&amp;ssl=1 675w, https:\/\/i0.wp.com\/deltaimage.de\/wp\/wp-content\/uploads\/IMG_9913_900.jpg?resize=200%2C133&amp;ssl=1 200w\" sizes=\"auto, (max-width: 890px) 100vw, 890px\" \/><\/a><!--more--><\/p>\n<p>&nbsp;<\/p>\n<h2>Die Amper f\u00fchrt immer noch ungew\u00f6hnlich viel Wasser im Juli &#8211; Wasserspiele am G\u00fcndinger Wehr<\/h2>\n<p>An den meisten Tagen im Jahr f\u00e4llt nur noch ein kl\u00e4glicher Rest an Wasser \u00fcber die Wehranlage und f\u00fcllt das Flussbett der <strong>Amper<\/strong>. Das meiste Wasser geht auf dem Kanal zu einem der \u00e4ltesten Wasserkraftwerke in Deutschland zu und wandelt das Wasser in elektrische Energie &#8211; ganz so wie der <strong>Ingenieur Oskar von Miller<\/strong> es f\u00fcr ganz Bayern erdacht hatte.<\/p>\n<p><a href=\"https:\/\/i0.wp.com\/deltaimage.de\/wp\/wp-content\/uploads\/IMG_9909_900.jpg?ssl=1\"><img data-recalc-dims=\"1\" loading=\"lazy\" decoding=\"async\" data-attachment-id=\"25749\" data-permalink=\"https:\/\/deltaimage.de\/wp\/?attachment_id=25749#main\" data-orig-file=\"https:\/\/i0.wp.com\/deltaimage.de\/wp\/wp-content\/uploads\/IMG_9909_900.jpg?fit=890%2C593&amp;ssl=1\" data-orig-size=\"890,593\" data-comments-opened=\"1\" data-image-meta=\"{&quot;aperture&quot;:&quot;4&quot;,&quot;credit&quot;:&quot;Paul Eschbach&quot;,&quot;camera&quot;:&quot;Canon EOS 80D&quot;,&quot;caption&quot;:&quot;&quot;,&quot;created_timestamp&quot;:&quot;1595675436&quot;,&quot;copyright&quot;:&quot;&quot;,&quot;focal_length&quot;:&quot;180&quot;,&quot;iso&quot;:&quot;400&quot;,&quot;shutter_speed&quot;:&quot;0.0003125&quot;,&quot;title&quot;:&quot;&quot;,&quot;orientation&quot;:&quot;0&quot;}\" data-image-title=\"IMG_9909_900\" data-image-description=\"\" data-image-caption=\"\" data-large-file=\"https:\/\/i0.wp.com\/deltaimage.de\/wp\/wp-content\/uploads\/IMG_9909_900.jpg?fit=890%2C593&amp;ssl=1\" class=\"aligncenter size-full wp-image-25749\" src=\"https:\/\/i0.wp.com\/deltaimage.de\/wp\/wp-content\/uploads\/IMG_9909_900.jpg?resize=890%2C593&#038;ssl=1\" alt=\"IMG\" width=\"890\" height=\"593\" srcset=\"https:\/\/i0.wp.com\/deltaimage.de\/wp\/wp-content\/uploads\/IMG_9909_900.jpg?w=890&amp;ssl=1 890w, https:\/\/i0.wp.com\/deltaimage.de\/wp\/wp-content\/uploads\/IMG_9909_900.jpg?resize=300%2C200&amp;ssl=1 300w, https:\/\/i0.wp.com\/deltaimage.de\/wp\/wp-content\/uploads\/IMG_9909_900.jpg?resize=600%2C400&amp;ssl=1 600w, https:\/\/i0.wp.com\/deltaimage.de\/wp\/wp-content\/uploads\/IMG_9909_900.jpg?resize=675%2C450&amp;ssl=1 675w, https:\/\/i0.wp.com\/deltaimage.de\/wp\/wp-content\/uploads\/IMG_9909_900.jpg?resize=200%2C133&amp;ssl=1 200w\" sizes=\"auto, (max-width: 890px) 100vw, 890px\" \/><\/a><\/p>\n<p>Die <strong>Amper<\/strong> ist hier am Wehr schon recht breit und dementsprechend niedrig ist die Flie\u00dfgeschwindigkeit. Breit und gem\u00e4chlich flie\u00dft der Altbayerische Fluss durch die Schotterebene und die Endmor\u00e4nenlandschaft der <strong>Isar<\/strong> zu.<\/p>\n<blockquote>\n<pre>Wo soll hier ein spannendes Fotomotiv lauern?<\/pre>\n<\/blockquote>\n<p>&nbsp;<\/p>\n<h2>Wasser und Fallh\u00f6he bedeutet potenzielle und kinetische Energie<\/h2>\n<p>Die fotografische Aufgabenstellung &#8222;<strong>Wasser zu fotografieren&#8220;<\/strong> bedeutet doch eigentlich den fotografischen Umgang mit der Energie des Wassers.<\/p>\n<div class=\"su-quote su-quote-style-default su-quote-has-cite\"><div class=\"su-quote-inner su-u-clearfix su-u-trim\">Wasser ist als\u00a0Fl\u00fcssigkeit\u00a0durchsichtig, weitgehend farb-, geruch- und geschmacklos.<span class=\"su-quote-cite\">Wikipedia<\/span><\/div><\/div>\n<p>Dann probieren wir es doch einfach mit dem fallenden Wasser an der Wehranlage und der Sch\u00f6nheit von bewegtem Wasser. Ohne ausreichend Wasser an der Wehranlage ist dies einer der eher unspektakul\u00e4ren Motive, jetzt bei viel Wasser in der <strong>Amper<\/strong> &#8211; immer einen fotografischen Abstecher wert.<\/p>\n<p><a href=\"https:\/\/i0.wp.com\/deltaimage.de\/wp\/wp-content\/uploads\/PE1S0626_900.jpg?ssl=1\"><img data-recalc-dims=\"1\" loading=\"lazy\" decoding=\"async\" data-attachment-id=\"25756\" data-permalink=\"https:\/\/deltaimage.de\/wp\/?attachment_id=25756#main\" data-orig-file=\"https:\/\/i0.wp.com\/deltaimage.de\/wp\/wp-content\/uploads\/PE1S0626_900.jpg?fit=890%2C593&amp;ssl=1\" data-orig-size=\"890,593\" data-comments-opened=\"1\" data-image-meta=\"{&quot;aperture&quot;:&quot;14&quot;,&quot;credit&quot;:&quot;Paul Eschbach&quot;,&quot;camera&quot;:&quot;Canon EOS-1Ds Mark III&quot;,&quot;caption&quot;:&quot;&quot;,&quot;created_timestamp&quot;:&quot;1595670491&quot;,&quot;copyright&quot;:&quot;&quot;,&quot;focal_length&quot;:&quot;180&quot;,&quot;iso&quot;:&quot;50&quot;,&quot;shutter_speed&quot;:&quot;0.025&quot;,&quot;title&quot;:&quot;&quot;,&quot;orientation&quot;:&quot;0&quot;}\" data-image-title=\"PE1S0626_900\" data-image-description=\"\" data-image-caption=\"\" data-large-file=\"https:\/\/i0.wp.com\/deltaimage.de\/wp\/wp-content\/uploads\/PE1S0626_900.jpg?fit=890%2C593&amp;ssl=1\" class=\"aligncenter size-full wp-image-25756\" src=\"https:\/\/i0.wp.com\/deltaimage.de\/wp\/wp-content\/uploads\/PE1S0626_900.jpg?resize=890%2C593&#038;ssl=1\" alt=\"PES\" width=\"890\" height=\"593\" srcset=\"https:\/\/i0.wp.com\/deltaimage.de\/wp\/wp-content\/uploads\/PE1S0626_900.jpg?w=890&amp;ssl=1 890w, https:\/\/i0.wp.com\/deltaimage.de\/wp\/wp-content\/uploads\/PE1S0626_900.jpg?resize=300%2C200&amp;ssl=1 300w, https:\/\/i0.wp.com\/deltaimage.de\/wp\/wp-content\/uploads\/PE1S0626_900.jpg?resize=600%2C400&amp;ssl=1 600w, https:\/\/i0.wp.com\/deltaimage.de\/wp\/wp-content\/uploads\/PE1S0626_900.jpg?resize=675%2C450&amp;ssl=1 675w, https:\/\/i0.wp.com\/deltaimage.de\/wp\/wp-content\/uploads\/PE1S0626_900.jpg?resize=200%2C133&amp;ssl=1 200w\" sizes=\"auto, (max-width: 890px) 100vw, 890px\" \/><\/a><\/p>\n<p>&nbsp;<\/p>\n<h2>Wasser, Zeit und Geschwindigkeit fotografisch im Bild umsetzen<\/h2>\n<p>Die Besch\u00e4ftigung mit der Fotografie w\u00e4re sicherlich bei weitem nicht so spannend, wenn der Fotograf nicht mit einem kleinen Dreh an einem Einstellrad die fotografische Wirkung im Bild gezielt ver\u00e4ndert werden kann.<\/p>\n<p>Die Bildwirkung von Geschwindigkeit wird prim\u00e4r mit der Verschlusszeit beeinflusst.<\/p>\n<ul>\n<li>Bewegung im Bild durch eine l\u00e4ngere Verschlusszeit &#8211; z.B. 1\/15 sek<\/li>\n<li>Konturensch\u00e4rfe im Bild bei schnell bewegenden Gegenst\u00e4nden durch eine kurze Verschlusszeit &#8211; z.B. 1\/2000 sek<\/li>\n<\/ul>\n<p>Am G\u00fcndinger Wehr mit viel Wasser \u00fcber der Wehrkante ist die Bewegung im Bild ganz einfach umzusetzen.<\/p>\n<p><a href=\"https:\/\/i0.wp.com\/deltaimage.de\/wp\/wp-content\/uploads\/PE1S0627_900.jpg?ssl=1\"><img data-recalc-dims=\"1\" loading=\"lazy\" decoding=\"async\" data-attachment-id=\"25754\" data-permalink=\"https:\/\/deltaimage.de\/wp\/?attachment_id=25754#main\" data-orig-file=\"https:\/\/i0.wp.com\/deltaimage.de\/wp\/wp-content\/uploads\/PE1S0627_900.jpg?fit=890%2C593&amp;ssl=1\" data-orig-size=\"890,593\" data-comments-opened=\"1\" data-image-meta=\"{&quot;aperture&quot;:&quot;14&quot;,&quot;credit&quot;:&quot;Paul Eschbach&quot;,&quot;camera&quot;:&quot;Canon EOS-1Ds Mark III&quot;,&quot;caption&quot;:&quot;&quot;,&quot;created_timestamp&quot;:&quot;1595670518&quot;,&quot;copyright&quot;:&quot;&quot;,&quot;focal_length&quot;:&quot;180&quot;,&quot;iso&quot;:&quot;50&quot;,&quot;shutter_speed&quot;:&quot;0.025&quot;,&quot;title&quot;:&quot;&quot;,&quot;orientation&quot;:&quot;0&quot;}\" data-image-title=\"PE1S0627_900\" data-image-description=\"\" data-image-caption=\"\" data-large-file=\"https:\/\/i0.wp.com\/deltaimage.de\/wp\/wp-content\/uploads\/PE1S0627_900.jpg?fit=890%2C593&amp;ssl=1\" class=\"aligncenter size-full wp-image-25754\" src=\"https:\/\/i0.wp.com\/deltaimage.de\/wp\/wp-content\/uploads\/PE1S0627_900.jpg?resize=890%2C593&#038;ssl=1\" alt=\"PES\" width=\"890\" height=\"593\" srcset=\"https:\/\/i0.wp.com\/deltaimage.de\/wp\/wp-content\/uploads\/PE1S0627_900.jpg?w=890&amp;ssl=1 890w, https:\/\/i0.wp.com\/deltaimage.de\/wp\/wp-content\/uploads\/PE1S0627_900.jpg?resize=300%2C200&amp;ssl=1 300w, https:\/\/i0.wp.com\/deltaimage.de\/wp\/wp-content\/uploads\/PE1S0627_900.jpg?resize=600%2C400&amp;ssl=1 600w, https:\/\/i0.wp.com\/deltaimage.de\/wp\/wp-content\/uploads\/PE1S0627_900.jpg?resize=675%2C450&amp;ssl=1 675w, https:\/\/i0.wp.com\/deltaimage.de\/wp\/wp-content\/uploads\/PE1S0627_900.jpg?resize=200%2C133&amp;ssl=1 200w\" sizes=\"auto, (max-width: 890px) 100vw, 890px\" \/><\/a><\/p>\n<p>Die Kraft und Dynamik des Wassers &#8211; 10 Meter flussaufw\u00e4rts ein langsam dahinflie\u00dfender Fluss im Endmor\u00e4nengebiet &#8211; dann pl\u00f6tzlich kommt Bewegung ins Wasser und ins Bild.<\/p>\n<p>&nbsp;<\/p>\n<h2>Details und Geschwindigkeit im flie\u00dfenden Wasser<\/h2>\n<p>Mit gen\u00fcgend Brennweite vor der Kamera gelingen auch ausreichend Detailaufnahmen vom Wasser und seiner Energie im flie\u00dfenden Wasser.<\/p>\n<p><a href=\"https:\/\/i0.wp.com\/deltaimage.de\/wp\/wp-content\/uploads\/IMG_9893_900.jpg?ssl=1\"><img data-recalc-dims=\"1\" loading=\"lazy\" decoding=\"async\" data-attachment-id=\"25751\" data-permalink=\"https:\/\/deltaimage.de\/wp\/?attachment_id=25751#main\" data-orig-file=\"https:\/\/i0.wp.com\/deltaimage.de\/wp\/wp-content\/uploads\/IMG_9893_900.jpg?fit=890%2C593&amp;ssl=1\" data-orig-size=\"890,593\" data-comments-opened=\"1\" data-image-meta=\"{&quot;aperture&quot;:&quot;11&quot;,&quot;credit&quot;:&quot;Paul Eschbach&quot;,&quot;camera&quot;:&quot;Canon EOS 80D&quot;,&quot;caption&quot;:&quot;&quot;,&quot;created_timestamp&quot;:&quot;1595675081&quot;,&quot;copyright&quot;:&quot;&quot;,&quot;focal_length&quot;:&quot;180&quot;,&quot;iso&quot;:&quot;100&quot;,&quot;shutter_speed&quot;:&quot;0.008&quot;,&quot;title&quot;:&quot;&quot;,&quot;orientation&quot;:&quot;0&quot;}\" data-image-title=\"IMG_9893_900\" data-image-description=\"\" data-image-caption=\"\" data-large-file=\"https:\/\/i0.wp.com\/deltaimage.de\/wp\/wp-content\/uploads\/IMG_9893_900.jpg?fit=890%2C593&amp;ssl=1\" class=\"aligncenter size-full wp-image-25751\" src=\"https:\/\/i0.wp.com\/deltaimage.de\/wp\/wp-content\/uploads\/IMG_9893_900.jpg?resize=890%2C593&#038;ssl=1\" alt=\"IMG\" width=\"890\" height=\"593\" srcset=\"https:\/\/i0.wp.com\/deltaimage.de\/wp\/wp-content\/uploads\/IMG_9893_900.jpg?w=890&amp;ssl=1 890w, https:\/\/i0.wp.com\/deltaimage.de\/wp\/wp-content\/uploads\/IMG_9893_900.jpg?resize=300%2C200&amp;ssl=1 300w, https:\/\/i0.wp.com\/deltaimage.de\/wp\/wp-content\/uploads\/IMG_9893_900.jpg?resize=600%2C400&amp;ssl=1 600w, https:\/\/i0.wp.com\/deltaimage.de\/wp\/wp-content\/uploads\/IMG_9893_900.jpg?resize=675%2C450&amp;ssl=1 675w, https:\/\/i0.wp.com\/deltaimage.de\/wp\/wp-content\/uploads\/IMG_9893_900.jpg?resize=200%2C133&amp;ssl=1 200w\" sizes=\"auto, (max-width: 890px) 100vw, 890px\" \/><\/a><\/p>\n<p>&nbsp;<\/p>\n<p>&nbsp;<\/p>\n<h2>Die Sch\u00f6nheit des bewegten Wassers<\/h2>\n<p>Dann halten wir mit der Kamera doch einfach einmal in das tosende Wasser am Fu\u00df der Wehranlage.<\/p>\n<p><a href=\"https:\/\/i0.wp.com\/deltaimage.de\/wp\/wp-content\/uploads\/IMG_9907_900.jpg?ssl=1\"><img data-recalc-dims=\"1\" loading=\"lazy\" decoding=\"async\" data-attachment-id=\"25750\" data-permalink=\"https:\/\/deltaimage.de\/wp\/?attachment_id=25750#main\" data-orig-file=\"https:\/\/i0.wp.com\/deltaimage.de\/wp\/wp-content\/uploads\/IMG_9907_900.jpg?fit=890%2C593&amp;ssl=1\" data-orig-size=\"890,593\" data-comments-opened=\"1\" data-image-meta=\"{&quot;aperture&quot;:&quot;8&quot;,&quot;credit&quot;:&quot;Paul Eschbach&quot;,&quot;camera&quot;:&quot;Canon EOS 80D&quot;,&quot;caption&quot;:&quot;&quot;,&quot;created_timestamp&quot;:&quot;1595675327&quot;,&quot;copyright&quot;:&quot;&quot;,&quot;focal_length&quot;:&quot;180&quot;,&quot;iso&quot;:&quot;400&quot;,&quot;shutter_speed&quot;:&quot;0.0003125&quot;,&quot;title&quot;:&quot;&quot;,&quot;orientation&quot;:&quot;0&quot;}\" data-image-title=\"IMG_9907_900\" data-image-description=\"\" data-image-caption=\"\" data-large-file=\"https:\/\/i0.wp.com\/deltaimage.de\/wp\/wp-content\/uploads\/IMG_9907_900.jpg?fit=890%2C593&amp;ssl=1\" class=\"aligncenter size-full wp-image-25750\" src=\"https:\/\/i0.wp.com\/deltaimage.de\/wp\/wp-content\/uploads\/IMG_9907_900.jpg?resize=890%2C593&#038;ssl=1\" alt=\"IMG\" width=\"890\" height=\"593\" srcset=\"https:\/\/i0.wp.com\/deltaimage.de\/wp\/wp-content\/uploads\/IMG_9907_900.jpg?w=890&amp;ssl=1 890w, https:\/\/i0.wp.com\/deltaimage.de\/wp\/wp-content\/uploads\/IMG_9907_900.jpg?resize=300%2C200&amp;ssl=1 300w, https:\/\/i0.wp.com\/deltaimage.de\/wp\/wp-content\/uploads\/IMG_9907_900.jpg?resize=600%2C400&amp;ssl=1 600w, https:\/\/i0.wp.com\/deltaimage.de\/wp\/wp-content\/uploads\/IMG_9907_900.jpg?resize=675%2C450&amp;ssl=1 675w, https:\/\/i0.wp.com\/deltaimage.de\/wp\/wp-content\/uploads\/IMG_9907_900.jpg?resize=200%2C133&amp;ssl=1 200w\" sizes=\"auto, (max-width: 890px) 100vw, 890px\" \/><\/a><\/p>\n<p>So einfach kann Wasser im Bild umgesetzt werden. Zu besonderen Jahreszeiten ist es einfacher als zu anderen Jahreszeiten. Einfach hinausgehen und die Natur und Umwelt aufmerksam beobachten und die sch\u00f6nsten Momente in die sch\u00f6nsten Fotos umsetzen.<\/p>\n<p>&nbsp;<\/p>\n<h2>Ein technisches Bauwerk, \u00fcber 100 Jahre alt, inmitten der Naturlandschaft<\/h2>\n<p>So kann sich die Sicht auf ein technisches Bauwerk aus Stahlprofilen und Beton ver\u00e4ndern.<\/p>\n<p><a href=\"https:\/\/i0.wp.com\/deltaimage.de\/wp\/wp-content\/uploads\/IMG_9917_900.jpg?ssl=1\"><img data-recalc-dims=\"1\" loading=\"lazy\" decoding=\"async\" data-attachment-id=\"25747\" data-permalink=\"https:\/\/deltaimage.de\/wp\/?attachment_id=25747#main\" data-orig-file=\"https:\/\/i0.wp.com\/deltaimage.de\/wp\/wp-content\/uploads\/IMG_9917_900.jpg?fit=890%2C593&amp;ssl=1\" data-orig-size=\"890,593\" data-comments-opened=\"1\" data-image-meta=\"{&quot;aperture&quot;:&quot;22&quot;,&quot;credit&quot;:&quot;Paul Eschbach&quot;,&quot;camera&quot;:&quot;Canon EOS 80D&quot;,&quot;caption&quot;:&quot;&quot;,&quot;created_timestamp&quot;:&quot;1595675797&quot;,&quot;copyright&quot;:&quot;&quot;,&quot;focal_length&quot;:&quot;14&quot;,&quot;iso&quot;:&quot;100&quot;,&quot;shutter_speed&quot;:&quot;0.033333333333333&quot;,&quot;title&quot;:&quot;&quot;,&quot;orientation&quot;:&quot;0&quot;}\" data-image-title=\"IMG_9917_900\" data-image-description=\"\" data-image-caption=\"\" data-large-file=\"https:\/\/i0.wp.com\/deltaimage.de\/wp\/wp-content\/uploads\/IMG_9917_900.jpg?fit=890%2C593&amp;ssl=1\" class=\"aligncenter size-full wp-image-25747\" src=\"https:\/\/i0.wp.com\/deltaimage.de\/wp\/wp-content\/uploads\/IMG_9917_900.jpg?resize=890%2C593&#038;ssl=1\" alt=\"IMG\" width=\"890\" height=\"593\" srcset=\"https:\/\/i0.wp.com\/deltaimage.de\/wp\/wp-content\/uploads\/IMG_9917_900.jpg?w=890&amp;ssl=1 890w, https:\/\/i0.wp.com\/deltaimage.de\/wp\/wp-content\/uploads\/IMG_9917_900.jpg?resize=300%2C200&amp;ssl=1 300w, https:\/\/i0.wp.com\/deltaimage.de\/wp\/wp-content\/uploads\/IMG_9917_900.jpg?resize=600%2C400&amp;ssl=1 600w, https:\/\/i0.wp.com\/deltaimage.de\/wp\/wp-content\/uploads\/IMG_9917_900.jpg?resize=675%2C450&amp;ssl=1 675w, https:\/\/i0.wp.com\/deltaimage.de\/wp\/wp-content\/uploads\/IMG_9917_900.jpg?resize=200%2C133&amp;ssl=1 200w\" sizes=\"auto, (max-width: 890px) 100vw, 890px\" \/><\/a><\/p>\n","protected":false},"excerpt":{"rendered":"<p>Ein sommerlicher Samstag steht an, es ist Ende Juli im Dachauer Moos. Wie kann man die Jahreszeit am besten fotografisch ausnutzen und spannende Motive suchen und finden?<\/p>\n","protected":false},"author":1,"featured_media":25752,"comment_status":"open","ping_status":"closed","sticky":false,"template":"","format":"standard","meta":{"wpupg_custom_link":[],"wpupg_custom_link_behaviour":["default"],"wpupg_custom_link_nofollow":["default"],"wpupg_custom_image":[],"wpupg_custom_image_id":[],"jetpack_post_was_ever_published":false,"footnotes":""},"categories":[2523,8],"tags":[464,603,95,775,197,639],"class_list":["post-25766","post","type-post","status-publish","format-standard","has-post-thumbnail","hentry","category-dachauer-moos","category-news","tag-amper","tag-auwald","tag-dachau","tag-dachauer-moos","tag-sommer","tag-wasser"],"jetpack_featured_media_url":"https:\/\/i0.wp.com\/deltaimage.de\/wp\/wp-content\/uploads\/IMG_9888_1200.jpg?fit=1200%2C450&ssl=1","jetpack-related-posts":[{"id":25738,"url":"https:\/\/deltaimage.de\/wp\/?p=25738","url_meta":{"origin":25766,"position":0},"title":"Sommer im Dachauer Moos &#8211; die Amper Auen in G\u00fcnding bei Dachau","author":"EschbacP","date":"26. Juli 2020","format":false,"excerpt":"Das Dachauer Moos ist entgegen der landl\u00e4ufigen Meinung (auch bei mir selbst vorherrschend) keine \u00f6de und unstrukturierte Landschaft - einfach und eben. Ganz im Gegenteil - man muss nur sehen lernen und wollen.\u00a0Im Dachauer Moos treffen viele unterschiedliche Landschaftsformen zusammen und bedingen sich auch gegenseitig. Dieses Zusammentreffen bringt eine sehr\u2026","rel":"","context":"In &quot;Dachauer Land&quot;","block_context":{"text":"Dachauer Land","link":"https:\/\/deltaimage.de\/wp\/?cat=3010"},"img":{"alt_text":"","src":"https:\/\/i0.wp.com\/deltaimage.de\/wp\/wp-content\/uploads\/IMG_9889_1200.jpg?fit=1200%2C450&ssl=1&resize=350%2C200","width":350,"height":200,"srcset":"https:\/\/i0.wp.com\/deltaimage.de\/wp\/wp-content\/uploads\/IMG_9889_1200.jpg?fit=1200%2C450&ssl=1&resize=350%2C200 1x, https:\/\/i0.wp.com\/deltaimage.de\/wp\/wp-content\/uploads\/IMG_9889_1200.jpg?fit=1200%2C450&ssl=1&resize=525%2C300 1.5x, https:\/\/i0.wp.com\/deltaimage.de\/wp\/wp-content\/uploads\/IMG_9889_1200.jpg?fit=1200%2C450&ssl=1&resize=700%2C400 2x, https:\/\/i0.wp.com\/deltaimage.de\/wp\/wp-content\/uploads\/IMG_9889_1200.jpg?fit=1200%2C450&ssl=1&resize=1050%2C600 3x"},"classes":[]},{"id":42259,"url":"https:\/\/deltaimage.de\/wp\/?p=42259","url_meta":{"origin":25766,"position":1},"title":"Die Urgewalt des Wassers am Amper-Wehr im Moos","author":"EschbacP","date":"19. Dezember 2023","format":false,"excerpt":"Die letzten Wochen brachten sehr viel Schnee in Oberbayern, nicht nur im Hochgebirge, sondern auch im Flachland - wie das Dachauer Moos. Darauf hin regnete es Tage lang. Die Schneeschmelze bringt Hochwasser in allen gro\u00dfen und kleinen Fl\u00fcssen in Bayern. An der Amper bei G\u00fcnding, im Dachauer Moos, kommen die\u2026","rel":"","context":"In &quot;Dachauer Land&quot;","block_context":{"text":"Dachauer Land","link":"https:\/\/deltaimage.de\/wp\/?cat=3010"},"img":{"alt_text":"","src":"https:\/\/i0.wp.com\/deltaimage.de\/wp\/wp-content\/uploads\/IMG_2867_1200.jpg?fit=1200%2C450&ssl=1&resize=350%2C200","width":350,"height":200,"srcset":"https:\/\/i0.wp.com\/deltaimage.de\/wp\/wp-content\/uploads\/IMG_2867_1200.jpg?fit=1200%2C450&ssl=1&resize=350%2C200 1x, https:\/\/i0.wp.com\/deltaimage.de\/wp\/wp-content\/uploads\/IMG_2867_1200.jpg?fit=1200%2C450&ssl=1&resize=525%2C300 1.5x, https:\/\/i0.wp.com\/deltaimage.de\/wp\/wp-content\/uploads\/IMG_2867_1200.jpg?fit=1200%2C450&ssl=1&resize=700%2C400 2x, https:\/\/i0.wp.com\/deltaimage.de\/wp\/wp-content\/uploads\/IMG_2867_1200.jpg?fit=1200%2C450&ssl=1&resize=1050%2C600 3x"},"classes":[]},{"id":54206,"url":"https:\/\/deltaimage.de\/wp\/?p=54206","url_meta":{"origin":25766,"position":2},"title":"Die stoische Dynamik der Wasseramsel am Amperwehr","author":"EschbacP","date":"29. M\u00e4rz 2026","format":false,"excerpt":"Der Fr\u00fchling kommt im Dachauer Moos mit ganz typischen Fr\u00fchlingsanzeigern. Die aufmerksame BeobachterIn oder FotografIn kennt viele dieser \u00fcber viele Jahre hinweg erlebte Erfahrung im Jahreskreis: Das Singen der Singv\u00f6gel in Wald und Flur. Der typische Gesang der Feldlerchen in den Feldern und Ackerfl\u00e4chen. Die Farbakzente der Fr\u00fchbl\u00fcher im Schatten\u2026","rel":"","context":"In &quot;Dachauer Land&quot;","block_context":{"text":"Dachauer Land","link":"https:\/\/deltaimage.de\/wp\/?cat=3010"},"img":{"alt_text":"","src":"https:\/\/i0.wp.com\/deltaimage.de\/wp\/wp-content\/uploads\/PED47984_1200.jpg?fit=1200%2C450&ssl=1&resize=350%2C200","width":350,"height":200,"srcset":"https:\/\/i0.wp.com\/deltaimage.de\/wp\/wp-content\/uploads\/PED47984_1200.jpg?fit=1200%2C450&ssl=1&resize=350%2C200 1x, https:\/\/i0.wp.com\/deltaimage.de\/wp\/wp-content\/uploads\/PED47984_1200.jpg?fit=1200%2C450&ssl=1&resize=525%2C300 1.5x, https:\/\/i0.wp.com\/deltaimage.de\/wp\/wp-content\/uploads\/PED47984_1200.jpg?fit=1200%2C450&ssl=1&resize=700%2C400 2x, https:\/\/i0.wp.com\/deltaimage.de\/wp\/wp-content\/uploads\/PED47984_1200.jpg?fit=1200%2C450&ssl=1&resize=1050%2C600 3x"},"classes":[]},{"id":40220,"url":"https:\/\/deltaimage.de\/wp\/?p=40220","url_meta":{"origin":25766,"position":3},"title":"Wasser im Sommer &#8211; dynamisches Wasser &#8211; wie Sie es kaum gesehen haben","author":"EschbacP","date":"4. Juni 2023","format":false,"excerpt":"Die gro\u00dfe M\u00fcnchener Schotterebene wird durch die oberbayerischen Fl\u00fcsse Isar Amper W\u00fcrm von allen Niederschl\u00e4gen entw\u00e4ssert. Alle Niederschl\u00e4ge kommen fr\u00fcher oder sp\u00e4ter in diesen Fl\u00fcssen an und m\u00fcnden in die Isar. Weiter flie\u00dft das Wasser \u00fcber die Donau in das Schwarze Meer. Im Dachauer Moos und im Amper Auwald ist\u2026","rel":"","context":"In &quot;Dachauer Land&quot;","block_context":{"text":"Dachauer Land","link":"https:\/\/deltaimage.de\/wp\/?cat=3010"},"img":{"alt_text":"","src":"https:\/\/i0.wp.com\/deltaimage.de\/wp\/wp-content\/uploads\/PE1D9571_1200.jpg?fit=1200%2C450&ssl=1&resize=350%2C200","width":350,"height":200,"srcset":"https:\/\/i0.wp.com\/deltaimage.de\/wp\/wp-content\/uploads\/PE1D9571_1200.jpg?fit=1200%2C450&ssl=1&resize=350%2C200 1x, https:\/\/i0.wp.com\/deltaimage.de\/wp\/wp-content\/uploads\/PE1D9571_1200.jpg?fit=1200%2C450&ssl=1&resize=525%2C300 1.5x, https:\/\/i0.wp.com\/deltaimage.de\/wp\/wp-content\/uploads\/PE1D9571_1200.jpg?fit=1200%2C450&ssl=1&resize=700%2C400 2x, https:\/\/i0.wp.com\/deltaimage.de\/wp\/wp-content\/uploads\/PE1D9571_1200.jpg?fit=1200%2C450&ssl=1&resize=1050%2C600 3x"},"classes":[]},{"id":27386,"url":"https:\/\/deltaimage.de\/wp\/?p=27386","url_meta":{"origin":25766,"position":4},"title":"Der Winter 2021 konnte kurzzeitig auch richtiger Winter sein","author":"EschbacP","date":"3. M\u00e4rz 2021","format":false,"excerpt":"Die letzte Woche im Januar und die ersten Wochen im Februar bedeuten im Dachauer Moos immer die k\u00e4ltesten Tage im Jahr. Ein Hochdruckgebiet \u00fcber England und ein Tiefdruckgebiet \u00fcber dem Mittelmeerraum bedingt eine kontinentale Luftstr\u00f6mung aus Osteuropa nach S\u00fcddeutschland mit trockener und extrem kalter Polarluft. Das bleibt \u00fcber l\u00e4ngere Zeit\u2026","rel":"","context":"In &quot;Dachauer Land&quot;","block_context":{"text":"Dachauer Land","link":"https:\/\/deltaimage.de\/wp\/?cat=3010"},"img":{"alt_text":"","src":"https:\/\/i0.wp.com\/deltaimage.de\/wp\/wp-content\/uploads\/IMG_6328_1200.jpg?fit=1200%2C450&ssl=1&resize=350%2C200","width":350,"height":200,"srcset":"https:\/\/i0.wp.com\/deltaimage.de\/wp\/wp-content\/uploads\/IMG_6328_1200.jpg?fit=1200%2C450&ssl=1&resize=350%2C200 1x, https:\/\/i0.wp.com\/deltaimage.de\/wp\/wp-content\/uploads\/IMG_6328_1200.jpg?fit=1200%2C450&ssl=1&resize=525%2C300 1.5x, https:\/\/i0.wp.com\/deltaimage.de\/wp\/wp-content\/uploads\/IMG_6328_1200.jpg?fit=1200%2C450&ssl=1&resize=700%2C400 2x, https:\/\/i0.wp.com\/deltaimage.de\/wp\/wp-content\/uploads\/IMG_6328_1200.jpg?fit=1200%2C450&ssl=1&resize=1050%2C600 3x"},"classes":[]},{"id":30524,"url":"https:\/\/deltaimage.de\/wp\/?p=30524","url_meta":{"origin":25766,"position":5},"title":"Herbst in Dachau \u2013 ein Spaziergang an Amper und M\u00fchlbach","author":"EschbacP","date":"10. November 2021","format":false,"excerpt":"Ein strahlender Herbsttag in Dachau, die Natur zeigt sich auch in der Stadt in den sch\u00f6nsten Farben, die B\u00e4ume leuchten mit den goldenen Bl\u00e4ttern den Beginn der dunklen Jahresh\u00e4lfte endg\u00fcltig ein. Nochmal ein H\u00f6hepunkt im Jahreskreis \u2013 zumindest optisch und fotografisch gesehen. \u00a0 \u00a0 Fr\u00fcher w\u00e4ren wir bei diesem Wetter\u2026","rel":"","context":"In &quot;Dachauer Land&quot;","block_context":{"text":"Dachauer Land","link":"https:\/\/deltaimage.de\/wp\/?cat=3010"},"img":{"alt_text":"","src":"https:\/\/i0.wp.com\/deltaimage.de\/wp\/wp-content\/uploads\/IMG_2425_1200.jpg?fit=1200%2C450&ssl=1&resize=350%2C200","width":350,"height":200,"srcset":"https:\/\/i0.wp.com\/deltaimage.de\/wp\/wp-content\/uploads\/IMG_2425_1200.jpg?fit=1200%2C450&ssl=1&resize=350%2C200 1x, https:\/\/i0.wp.com\/deltaimage.de\/wp\/wp-content\/uploads\/IMG_2425_1200.jpg?fit=1200%2C450&ssl=1&resize=525%2C300 1.5x, https:\/\/i0.wp.com\/deltaimage.de\/wp\/wp-content\/uploads\/IMG_2425_1200.jpg?fit=1200%2C450&ssl=1&resize=700%2C400 2x, https:\/\/i0.wp.com\/deltaimage.de\/wp\/wp-content\/uploads\/IMG_2425_1200.jpg?fit=1200%2C450&ssl=1&resize=1050%2C600 3x"},"classes":[]}],"jetpack_sharing_enabled":true,"_links":{"self":[{"href":"https:\/\/deltaimage.de\/wp\/index.php?rest_route=\/wp\/v2\/posts\/25766","targetHints":{"allow":["GET"]}}],"collection":[{"href":"https:\/\/deltaimage.de\/wp\/index.php?rest_route=\/wp\/v2\/posts"}],"about":[{"href":"https:\/\/deltaimage.de\/wp\/index.php?rest_route=\/wp\/v2\/types\/post"}],"author":[{"embeddable":true,"href":"https:\/\/deltaimage.de\/wp\/index.php?rest_route=\/wp\/v2\/users\/1"}],"replies":[{"embeddable":true,"href":"https:\/\/deltaimage.de\/wp\/index.php?rest_route=%2Fwp%2Fv2%2Fcomments&post=25766"}],"version-history":[{"count":13,"href":"https:\/\/deltaimage.de\/wp\/index.php?rest_route=\/wp\/v2\/posts\/25766\/revisions"}],"predecessor-version":[{"id":51139,"href":"https:\/\/deltaimage.de\/wp\/index.php?rest_route=\/wp\/v2\/posts\/25766\/revisions\/51139"}],"wp:featuredmedia":[{"embeddable":true,"href":"https:\/\/deltaimage.de\/wp\/index.php?rest_route=\/wp\/v2\/media\/25752"}],"wp:attachment":[{"href":"https:\/\/deltaimage.de\/wp\/index.php?rest_route=%2Fwp%2Fv2%2Fmedia&parent=25766"}],"wp:term":[{"taxonomy":"category","embeddable":true,"href":"https:\/\/deltaimage.de\/wp\/index.php?rest_route=%2Fwp%2Fv2%2Fcategories&post=25766"},{"taxonomy":"post_tag","embeddable":true,"href":"https:\/\/deltaimage.de\/wp\/index.php?rest_route=%2Fwp%2Fv2%2Ftags&post=25766"}],"curies":[{"name":"wp","href":"https:\/\/api.w.org\/{rel}","templated":true}]}}