{"id":25784,"date":"2020-08-02T13:05:06","date_gmt":"2020-08-02T12:05:06","guid":{"rendered":"https:\/\/deltaimage.de\/wp\/?p=25784"},"modified":"2025-08-18T20:42:06","modified_gmt":"2025-08-18T18:42:06","slug":"mainhattan-an-der-isar-tilt-shift-am-highlight-tower-in-schwabing","status":"publish","type":"post","link":"https:\/\/deltaimage.de\/wp\/?p=25784","title":{"rendered":"Mainhattan an der Isar &#8211; Tilt-Shift am Highlight Tower in Schwabing"},"content":{"rendered":"<p>Metropolen bieten ein reiches Spektrum an fotografischen Motiven und M\u00f6glichkeiten.<\/p>\n<blockquote>\n<pre>\"Einfach raus gehen und fotografieren!\"<\/pre>\n<\/blockquote>\n<p>Ende Juli zieht es mich an einem Sommertag zu einem der bekanntesten Hochh\u00e4user in <strong>M\u00fcnchen<\/strong> &#8211; dem Highlight Tower in <strong>Schwabing<\/strong>, am Ende der A9.<\/p>\n<p><a href=\"https:\/\/i0.wp.com\/deltaimage.de\/wp\/wp-content\/uploads\/PE5D0006_900.jpg?ssl=1\"><img data-recalc-dims=\"1\" loading=\"lazy\" decoding=\"async\" data-attachment-id=\"25786\" data-permalink=\"https:\/\/deltaimage.de\/wp\/?attachment_id=25786#main\" data-orig-file=\"https:\/\/i0.wp.com\/deltaimage.de\/wp\/wp-content\/uploads\/PE5D0006_900.jpg?fit=890%2C593&amp;ssl=1\" data-orig-size=\"890,593\" data-comments-opened=\"1\" data-image-meta=\"{&quot;aperture&quot;:&quot;9&quot;,&quot;credit&quot;:&quot;Paul Eschbach&quot;,&quot;camera&quot;:&quot;Canon EOS 5DS R&quot;,&quot;caption&quot;:&quot;&quot;,&quot;created_timestamp&quot;:&quot;1596024472&quot;,&quot;copyright&quot;:&quot;DELTA IMAGE&quot;,&quot;focal_length&quot;:&quot;24&quot;,&quot;iso&quot;:&quot;200&quot;,&quot;shutter_speed&quot;:&quot;0.0025&quot;,&quot;title&quot;:&quot;&quot;,&quot;orientation&quot;:&quot;0&quot;}\" data-image-title=\"PE5D0006_900\" data-image-description=\"\" data-image-caption=\"\" data-large-file=\"https:\/\/i0.wp.com\/deltaimage.de\/wp\/wp-content\/uploads\/PE5D0006_900.jpg?fit=890%2C593&amp;ssl=1\" class=\"aligncenter size-full wp-image-25786\" src=\"https:\/\/i0.wp.com\/deltaimage.de\/wp\/wp-content\/uploads\/PE5D0006_900.jpg?resize=890%2C593&#038;ssl=1\" alt=\"PED\" width=\"890\" height=\"593\" srcset=\"https:\/\/i0.wp.com\/deltaimage.de\/wp\/wp-content\/uploads\/PE5D0006_900.jpg?w=890&amp;ssl=1 890w, https:\/\/i0.wp.com\/deltaimage.de\/wp\/wp-content\/uploads\/PE5D0006_900.jpg?resize=300%2C200&amp;ssl=1 300w, https:\/\/i0.wp.com\/deltaimage.de\/wp\/wp-content\/uploads\/PE5D0006_900.jpg?resize=600%2C400&amp;ssl=1 600w, https:\/\/i0.wp.com\/deltaimage.de\/wp\/wp-content\/uploads\/PE5D0006_900.jpg?resize=675%2C450&amp;ssl=1 675w, https:\/\/i0.wp.com\/deltaimage.de\/wp\/wp-content\/uploads\/PE5D0006_900.jpg?resize=200%2C133&amp;ssl=1 200w\" sizes=\"auto, (max-width: 890px) 100vw, 890px\" \/><\/a><\/p>\n<p><!--more--><\/p>\n<p>&nbsp;<\/p>\n<h2>Fotostreifzug mit dem Tilt-Shift Objektiv &#8211; sonst nichts<\/h2>\n<p>Einfaches Fotogep\u00e4ck erm\u00f6glicht eine unbeschwerte Fotografie und nichts lenkt von dem eigentlichen Fotoziel ab. Mit dem Tilt-Shift Objektiv dieses Hochhaus mit 126 m H\u00f6he aus dem Jahr 2004 mit seinen 33 Etagen als Fotomotiv umzusetzen.<\/p>\n<p><a href=\"https:\/\/i0.wp.com\/deltaimage.de\/wp\/wp-content\/uploads\/PE5D9977_900.jpg?ssl=1\"><img data-recalc-dims=\"1\" loading=\"lazy\" decoding=\"async\" data-attachment-id=\"25790\" data-permalink=\"https:\/\/deltaimage.de\/wp\/?attachment_id=25790#main\" data-orig-file=\"https:\/\/i0.wp.com\/deltaimage.de\/wp\/wp-content\/uploads\/PE5D9977_900.jpg?fit=890%2C593&amp;ssl=1\" data-orig-size=\"890,593\" data-comments-opened=\"1\" data-image-meta=\"{&quot;aperture&quot;:&quot;8&quot;,&quot;credit&quot;:&quot;Paul Eschbach&quot;,&quot;camera&quot;:&quot;Canon EOS 5DS R&quot;,&quot;caption&quot;:&quot;&quot;,&quot;created_timestamp&quot;:&quot;1596023015&quot;,&quot;copyright&quot;:&quot;DELTA IMAGE&quot;,&quot;focal_length&quot;:&quot;24&quot;,&quot;iso&quot;:&quot;200&quot;,&quot;shutter_speed&quot;:&quot;0.0015625&quot;,&quot;title&quot;:&quot;&quot;,&quot;orientation&quot;:&quot;0&quot;}\" data-image-title=\"PE5D9977_900\" data-image-description=\"\" data-image-caption=\"\" data-large-file=\"https:\/\/i0.wp.com\/deltaimage.de\/wp\/wp-content\/uploads\/PE5D9977_900.jpg?fit=890%2C593&amp;ssl=1\" class=\"aligncenter size-staylogo wp-image-25790\" src=\"https:\/\/i0.wp.com\/deltaimage.de\/wp\/wp-content\/uploads\/PE5D9977_900.jpg?resize=890%2C593&#038;ssl=1\" alt=\"PED\" width=\"890\" height=\"593\" srcset=\"https:\/\/i0.wp.com\/deltaimage.de\/wp\/wp-content\/uploads\/PE5D9977_900.jpg?w=890&amp;ssl=1 890w, https:\/\/i0.wp.com\/deltaimage.de\/wp\/wp-content\/uploads\/PE5D9977_900.jpg?resize=300%2C200&amp;ssl=1 300w, https:\/\/i0.wp.com\/deltaimage.de\/wp\/wp-content\/uploads\/PE5D9977_900.jpg?resize=600%2C400&amp;ssl=1 600w, https:\/\/i0.wp.com\/deltaimage.de\/wp\/wp-content\/uploads\/PE5D9977_900.jpg?resize=675%2C450&amp;ssl=1 675w, https:\/\/i0.wp.com\/deltaimage.de\/wp\/wp-content\/uploads\/PE5D9977_900.jpg?resize=200%2C133&amp;ssl=1 200w\" sizes=\"auto, (max-width: 890px) 100vw, 890px\" \/><\/a><\/p>\n<p>Das Canon TS-E 24 mm f\/3,5 L hat schon bei so vielen Motiven ganz hervorragende Dienste geleistet. Auch wenn es eines der \u00e4ltesten Objektive von Canon ist und in der analogen \u00c4ra gebaut wurde, leistet das Objektiv auch heute noch an den hochaufl\u00f6senden Sensoren wunderbare Ergebnisse.<\/p>\n<p><a href=\"https:\/\/i0.wp.com\/deltaimage.de\/wp\/wp-content\/uploads\/PE5D9971_900.jpg?ssl=1\"><img data-recalc-dims=\"1\" loading=\"lazy\" decoding=\"async\" data-attachment-id=\"25789\" data-permalink=\"https:\/\/deltaimage.de\/wp\/?attachment_id=25789#main\" data-orig-file=\"https:\/\/i0.wp.com\/deltaimage.de\/wp\/wp-content\/uploads\/PE5D9971_900.jpg?fit=593%2C890&amp;ssl=1\" data-orig-size=\"593,890\" data-comments-opened=\"1\" data-image-meta=\"{&quot;aperture&quot;:&quot;8&quot;,&quot;credit&quot;:&quot;Paul Eschbach&quot;,&quot;camera&quot;:&quot;Canon EOS 5DS R&quot;,&quot;caption&quot;:&quot;&quot;,&quot;created_timestamp&quot;:&quot;1596022671&quot;,&quot;copyright&quot;:&quot;DELTA IMAGE&quot;,&quot;focal_length&quot;:&quot;24&quot;,&quot;iso&quot;:&quot;200&quot;,&quot;shutter_speed&quot;:&quot;0.00625&quot;,&quot;title&quot;:&quot;&quot;,&quot;orientation&quot;:&quot;0&quot;}\" data-image-title=\"PE5D9971_900\" data-image-description=\"\" data-image-caption=\"\" data-large-file=\"https:\/\/i0.wp.com\/deltaimage.de\/wp\/wp-content\/uploads\/PE5D9971_900.jpg?fit=593%2C890&amp;ssl=1\" class=\"aligncenter size-staylogo wp-image-25789\" src=\"https:\/\/i0.wp.com\/deltaimage.de\/wp\/wp-content\/uploads\/PE5D9971_900.jpg?resize=593%2C890&#038;ssl=1\" alt=\"PED\" width=\"593\" height=\"890\" srcset=\"https:\/\/i0.wp.com\/deltaimage.de\/wp\/wp-content\/uploads\/PE5D9971_900.jpg?w=593&amp;ssl=1 593w, https:\/\/i0.wp.com\/deltaimage.de\/wp\/wp-content\/uploads\/PE5D9971_900.jpg?resize=133%2C200&amp;ssl=1 133w, https:\/\/i0.wp.com\/deltaimage.de\/wp\/wp-content\/uploads\/PE5D9971_900.jpg?resize=400%2C600&amp;ssl=1 400w, https:\/\/i0.wp.com\/deltaimage.de\/wp\/wp-content\/uploads\/PE5D9971_900.jpg?resize=395%2C593&amp;ssl=1 395w, https:\/\/i0.wp.com\/deltaimage.de\/wp\/wp-content\/uploads\/PE5D9971_900.jpg?resize=300%2C450&amp;ssl=1 300w, https:\/\/i0.wp.com\/deltaimage.de\/wp\/wp-content\/uploads\/PE5D9971_900.jpg?resize=267%2C400&amp;ssl=1 267w\" sizes=\"auto, (max-width: 593px) 100vw, 593px\" \/><\/a><\/p>\n<p>Eine Canon EOS, ein TS Objektiv &#8211; mehr wird nicht ben\u00f6tigt, um schnell und effektiv diese au\u00dfergew\u00f6hnlichen Motive umsetzen zu k\u00f6nnen.<\/p>\n<p>&nbsp;<\/p>\n<h2>Perspektivenkorrektur mit dem TS-Objektiv<\/h2>\n<p>Hochh\u00e4user kann man selbstverst\u00e4ndlich mit allen Objektiven fotografieren. Tilt-Shift Objektive (TS-Objektiv) bietet sich ganz besonders an. Mit der spezifischen Shiftfunktion k\u00f6nnen die extrem hohen Motive auch aus der N\u00e4he sehr gut fotografiert werden. Je weiter das Objektiv zum Fotografieren nach oben gekippt wird (um noch alles aufs Bild zu bekommen), desto st\u00e4rker ver\u00e4ndert sich die Perspektive auf dem sp\u00e4teren Bild.<\/p>\n<p><a href=\"https:\/\/i0.wp.com\/deltaimage.de\/wp\/wp-content\/uploads\/PE5D9994_900.jpg?ssl=1\"><img data-recalc-dims=\"1\" loading=\"lazy\" decoding=\"async\" data-attachment-id=\"25788\" data-permalink=\"https:\/\/deltaimage.de\/wp\/?attachment_id=25788#main\" data-orig-file=\"https:\/\/i0.wp.com\/deltaimage.de\/wp\/wp-content\/uploads\/PE5D9994_900.jpg?fit=890%2C593&amp;ssl=1\" data-orig-size=\"890,593\" data-comments-opened=\"1\" data-image-meta=\"{&quot;aperture&quot;:&quot;8&quot;,&quot;credit&quot;:&quot;Paul Eschbach&quot;,&quot;camera&quot;:&quot;Canon EOS 5DS R&quot;,&quot;caption&quot;:&quot;&quot;,&quot;created_timestamp&quot;:&quot;1596024123&quot;,&quot;copyright&quot;:&quot;DELTA IMAGE&quot;,&quot;focal_length&quot;:&quot;24&quot;,&quot;iso&quot;:&quot;200&quot;,&quot;shutter_speed&quot;:&quot;0.003125&quot;,&quot;title&quot;:&quot;&quot;,&quot;orientation&quot;:&quot;0&quot;}\" data-image-title=\"PE5D9994_900\" data-image-description=\"\" data-image-caption=\"\" data-large-file=\"https:\/\/i0.wp.com\/deltaimage.de\/wp\/wp-content\/uploads\/PE5D9994_900.jpg?fit=890%2C593&amp;ssl=1\" class=\"aligncenter size-staylogo wp-image-25788\" src=\"https:\/\/i0.wp.com\/deltaimage.de\/wp\/wp-content\/uploads\/PE5D9994_900.jpg?resize=890%2C593&#038;ssl=1\" alt=\"PED\" width=\"890\" height=\"593\" srcset=\"https:\/\/i0.wp.com\/deltaimage.de\/wp\/wp-content\/uploads\/PE5D9994_900.jpg?w=890&amp;ssl=1 890w, https:\/\/i0.wp.com\/deltaimage.de\/wp\/wp-content\/uploads\/PE5D9994_900.jpg?resize=300%2C200&amp;ssl=1 300w, https:\/\/i0.wp.com\/deltaimage.de\/wp\/wp-content\/uploads\/PE5D9994_900.jpg?resize=600%2C400&amp;ssl=1 600w, https:\/\/i0.wp.com\/deltaimage.de\/wp\/wp-content\/uploads\/PE5D9994_900.jpg?resize=675%2C450&amp;ssl=1 675w, https:\/\/i0.wp.com\/deltaimage.de\/wp\/wp-content\/uploads\/PE5D9994_900.jpg?resize=200%2C133&amp;ssl=1 200w\" sizes=\"auto, (max-width: 890px) 100vw, 890px\" \/><\/a><\/p>\n<p>Die hohen Bauwerke scheinen im Bild sichtbar nach hinten umzukippen und verj\u00fcngen sich nach oben \u00fcberdeutlich.<\/p>\n<div id=\"attachment_16053\" style=\"width: 910px\" class=\"wp-caption aligncenter\"><a href=\"https:\/\/i0.wp.com\/deltaimage.de\/wp\/wp-content\/uploads\/TS_3_900.jpg?ssl=1\"><img data-recalc-dims=\"1\" loading=\"lazy\" decoding=\"async\" aria-describedby=\"caption-attachment-16053\" data-attachment-id=\"16053\" data-permalink=\"https:\/\/deltaimage.de\/wp\/?attachment_id=16053#main\" data-orig-file=\"https:\/\/i0.wp.com\/deltaimage.de\/wp\/wp-content\/uploads\/TS_3_900.jpg?fit=900%2C505&amp;ssl=1\" data-orig-size=\"900,505\" data-comments-opened=\"1\" data-image-meta=\"{&quot;aperture&quot;:&quot;2.4&quot;,&quot;credit&quot;:&quot;&quot;,&quot;camera&quot;:&quot;Lumia 550&quot;,&quot;caption&quot;:&quot;&quot;,&quot;created_timestamp&quot;:&quot;1508680704&quot;,&quot;copyright&quot;:&quot;&quot;,&quot;focal_length&quot;:&quot;0&quot;,&quot;iso&quot;:&quot;100&quot;,&quot;shutter_speed&quot;:&quot;0.005245&quot;,&quot;title&quot;:&quot;&quot;,&quot;orientation&quot;:&quot;1&quot;}\" data-image-title=\"TS_3_900\" data-image-description=\"\" data-image-caption=\"&lt;p&gt;Canon TS-E 24mm f\/3.5 L in Arbeitsstellung Tilt mit nach unten geschwenkter Optik &lt;\/p&gt;\n\" data-large-file=\"https:\/\/i0.wp.com\/deltaimage.de\/wp\/wp-content\/uploads\/TS_3_900.jpg?fit=890%2C499&amp;ssl=1\" class=\"size-full wp-image-16053\" src=\"https:\/\/i0.wp.com\/deltaimage.de\/wp\/wp-content\/uploads\/TS_3_900.jpg?resize=890%2C499&#038;ssl=1\" alt=\"TS\" width=\"890\" height=\"499\" srcset=\"https:\/\/i0.wp.com\/deltaimage.de\/wp\/wp-content\/uploads\/TS_3_900.jpg?w=900&amp;ssl=1 900w, https:\/\/i0.wp.com\/deltaimage.de\/wp\/wp-content\/uploads\/TS_3_900.jpg?resize=200%2C112&amp;ssl=1 200w, https:\/\/i0.wp.com\/deltaimage.de\/wp\/wp-content\/uploads\/TS_3_900.jpg?resize=300%2C168&amp;ssl=1 300w, https:\/\/i0.wp.com\/deltaimage.de\/wp\/wp-content\/uploads\/TS_3_900.jpg?resize=890%2C499&amp;ssl=1 890w, https:\/\/i0.wp.com\/deltaimage.de\/wp\/wp-content\/uploads\/TS_3_900.jpg?resize=802%2C450&amp;ssl=1 802w, https:\/\/i0.wp.com\/deltaimage.de\/wp\/wp-content\/uploads\/TS_3_900.jpg?resize=713%2C400&amp;ssl=1 713w\" sizes=\"auto, (max-width: 890px) 100vw, 890px\" \/><\/a><p id=\"caption-attachment-16053\" class=\"wp-caption-text\">Canon TS-E 24mm f\/3.5 L in Arbeitsstellung Tilt mit nach unten geschwenkter Optik<\/p><\/div>\n<h2><\/h2>\n<h2>Das TS-Objektiv macht eine korrigierte Fotografie einfach<\/h2>\n<p>Auch ein TS-Objektiv hat seine technischen Grenzen, innerhalb derer ein hohes Bauwerk so fotografiert werden, dass die Perspektive erhalten bleibt.<\/p>\n<p><a href=\"https:\/\/i0.wp.com\/deltaimage.de\/wp\/wp-content\/uploads\/PE5D9998_900.jpg?ssl=1\"><img data-recalc-dims=\"1\" loading=\"lazy\" decoding=\"async\" data-attachment-id=\"25787\" data-permalink=\"https:\/\/deltaimage.de\/wp\/?attachment_id=25787#main\" data-orig-file=\"https:\/\/i0.wp.com\/deltaimage.de\/wp\/wp-content\/uploads\/PE5D9998_900.jpg?fit=890%2C593&amp;ssl=1\" data-orig-size=\"890,593\" data-comments-opened=\"1\" data-image-meta=\"{&quot;aperture&quot;:&quot;9&quot;,&quot;credit&quot;:&quot;Paul Eschbach&quot;,&quot;camera&quot;:&quot;Canon EOS 5DS R&quot;,&quot;caption&quot;:&quot;&quot;,&quot;created_timestamp&quot;:&quot;1596024296&quot;,&quot;copyright&quot;:&quot;DELTA IMAGE&quot;,&quot;focal_length&quot;:&quot;24&quot;,&quot;iso&quot;:&quot;200&quot;,&quot;shutter_speed&quot;:&quot;0.004&quot;,&quot;title&quot;:&quot;&quot;,&quot;orientation&quot;:&quot;0&quot;}\" data-image-title=\"PE5D9998_900\" data-image-description=\"\" data-image-caption=\"\" data-large-file=\"https:\/\/i0.wp.com\/deltaimage.de\/wp\/wp-content\/uploads\/PE5D9998_900.jpg?fit=890%2C593&amp;ssl=1\" class=\"aligncenter size-staylogo wp-image-25787\" src=\"https:\/\/i0.wp.com\/deltaimage.de\/wp\/wp-content\/uploads\/PE5D9998_900.jpg?resize=890%2C593&#038;ssl=1\" alt=\"PED\" width=\"890\" height=\"593\" srcset=\"https:\/\/i0.wp.com\/deltaimage.de\/wp\/wp-content\/uploads\/PE5D9998_900.jpg?w=890&amp;ssl=1 890w, https:\/\/i0.wp.com\/deltaimage.de\/wp\/wp-content\/uploads\/PE5D9998_900.jpg?resize=300%2C200&amp;ssl=1 300w, https:\/\/i0.wp.com\/deltaimage.de\/wp\/wp-content\/uploads\/PE5D9998_900.jpg?resize=600%2C400&amp;ssl=1 600w, https:\/\/i0.wp.com\/deltaimage.de\/wp\/wp-content\/uploads\/PE5D9998_900.jpg?resize=675%2C450&amp;ssl=1 675w, https:\/\/i0.wp.com\/deltaimage.de\/wp\/wp-content\/uploads\/PE5D9998_900.jpg?resize=200%2C133&amp;ssl=1 200w\" sizes=\"auto, (max-width: 890px) 100vw, 890px\" \/><\/a><\/p>\n<p>Alles bleibt aufrecht im Bild stehen und das Bauwerk mit 126 Metern H\u00f6he f\u00e4llt nicht nach hinten \u00fcber. Das Fotografieren folgt ein paar bauartbedingten Regeln und dann l\u00e4uft alles einfach und geschmeidig ab.<\/p>\n<blockquote>\n<pre>Alle senkrechte Linien bleiben im Bild auch Senkrecht und stehen deutlich sichtbar \r\nim Bild als parallele Linien stehen. Unverkennbar ein perspektivisch korrigiertes Bild.<\/pre>\n<\/blockquote>\n<p><a href=\"https:\/\/i0.wp.com\/deltaimage.de\/wp\/wp-content\/uploads\/PE5D0065_900.jpg?ssl=1\"><img data-recalc-dims=\"1\" loading=\"lazy\" decoding=\"async\" data-attachment-id=\"25793\" data-permalink=\"https:\/\/deltaimage.de\/wp\/?attachment_id=25793#main\" data-orig-file=\"https:\/\/i0.wp.com\/deltaimage.de\/wp\/wp-content\/uploads\/PE5D0065_900.jpg?fit=890%2C593&amp;ssl=1\" data-orig-size=\"890,593\" data-comments-opened=\"1\" data-image-meta=\"{&quot;aperture&quot;:&quot;9&quot;,&quot;credit&quot;:&quot;Paul Eschbach&quot;,&quot;camera&quot;:&quot;Canon EOS 5DS R&quot;,&quot;caption&quot;:&quot;&quot;,&quot;created_timestamp&quot;:&quot;1596028415&quot;,&quot;copyright&quot;:&quot;DELTA IMAGE&quot;,&quot;focal_length&quot;:&quot;24&quot;,&quot;iso&quot;:&quot;200&quot;,&quot;shutter_speed&quot;:&quot;0.0025&quot;,&quot;title&quot;:&quot;&quot;,&quot;orientation&quot;:&quot;0&quot;}\" data-image-title=\"PE5D0065_900\" data-image-description=\"\" data-image-caption=\"\" data-large-file=\"https:\/\/i0.wp.com\/deltaimage.de\/wp\/wp-content\/uploads\/PE5D0065_900.jpg?fit=890%2C593&amp;ssl=1\" class=\"aligncenter size-full wp-image-25793\" src=\"https:\/\/i0.wp.com\/deltaimage.de\/wp\/wp-content\/uploads\/PE5D0065_900.jpg?resize=890%2C593&#038;ssl=1\" alt=\"PED\" width=\"890\" height=\"593\" srcset=\"https:\/\/i0.wp.com\/deltaimage.de\/wp\/wp-content\/uploads\/PE5D0065_900.jpg?w=890&amp;ssl=1 890w, https:\/\/i0.wp.com\/deltaimage.de\/wp\/wp-content\/uploads\/PE5D0065_900.jpg?resize=300%2C200&amp;ssl=1 300w, https:\/\/i0.wp.com\/deltaimage.de\/wp\/wp-content\/uploads\/PE5D0065_900.jpg?resize=600%2C400&amp;ssl=1 600w, https:\/\/i0.wp.com\/deltaimage.de\/wp\/wp-content\/uploads\/PE5D0065_900.jpg?resize=675%2C450&amp;ssl=1 675w, https:\/\/i0.wp.com\/deltaimage.de\/wp\/wp-content\/uploads\/PE5D0065_900.jpg?resize=200%2C133&amp;ssl=1 200w\" sizes=\"auto, (max-width: 890px) 100vw, 890px\" \/><\/a><\/p>\n<p>Auch solche Motive werden mit einer Shift Entzerrung in der optischen Wirkung beeindruckender als ohne.<\/p>\n<p>&nbsp;<\/p>\n<h2>Das kann man doch aber auch nachtr\u00e4glich in der Bildbearbeitung korrigieren<\/h2>\n<p>Ja, das ist m\u00f6glich. In der Technik ist aber nichts umsonst. Die nachtr\u00e4gliche Korrektur in der Bildbearbeitung geht enorm zu Lasten der verf\u00fcgbaren Bilddaten und letztlich der Bildsch\u00e4rfe. Mit dem TS-Objektiv wird die volle Aufl\u00f6sung des Sensors erhalten und bildet eine hervorragende Grundlage f\u00fcr eine abschlie\u00dfende Feinkorrektur in der Bildbearbeitung.<\/p>\n<p><a href=\"https:\/\/i0.wp.com\/deltaimage.de\/wp\/wp-content\/uploads\/PE5D0058_900.jpg?ssl=1\"><img data-recalc-dims=\"1\" loading=\"lazy\" decoding=\"async\" data-attachment-id=\"25795\" data-permalink=\"https:\/\/deltaimage.de\/wp\/?attachment_id=25795#main\" data-orig-file=\"https:\/\/i0.wp.com\/deltaimage.de\/wp\/wp-content\/uploads\/PE5D0058_900.jpg?fit=890%2C593&amp;ssl=1\" data-orig-size=\"890,593\" data-comments-opened=\"1\" data-image-meta=\"{&quot;aperture&quot;:&quot;9&quot;,&quot;credit&quot;:&quot;Paul Eschbach&quot;,&quot;camera&quot;:&quot;Canon EOS 5DS R&quot;,&quot;caption&quot;:&quot;&quot;,&quot;created_timestamp&quot;:&quot;1596027428&quot;,&quot;copyright&quot;:&quot;DELTA IMAGE&quot;,&quot;focal_length&quot;:&quot;24&quot;,&quot;iso&quot;:&quot;200&quot;,&quot;shutter_speed&quot;:&quot;0.0025&quot;,&quot;title&quot;:&quot;&quot;,&quot;orientation&quot;:&quot;0&quot;}\" data-image-title=\"PE5D0058_900\" data-image-description=\"\" data-image-caption=\"\" data-large-file=\"https:\/\/i0.wp.com\/deltaimage.de\/wp\/wp-content\/uploads\/PE5D0058_900.jpg?fit=890%2C593&amp;ssl=1\" class=\"aligncenter size-staylogo wp-image-25795\" src=\"https:\/\/i0.wp.com\/deltaimage.de\/wp\/wp-content\/uploads\/PE5D0058_900.jpg?resize=890%2C593&#038;ssl=1\" alt=\"PED\" width=\"890\" height=\"593\" srcset=\"https:\/\/i0.wp.com\/deltaimage.de\/wp\/wp-content\/uploads\/PE5D0058_900.jpg?w=890&amp;ssl=1 890w, https:\/\/i0.wp.com\/deltaimage.de\/wp\/wp-content\/uploads\/PE5D0058_900.jpg?resize=300%2C200&amp;ssl=1 300w, https:\/\/i0.wp.com\/deltaimage.de\/wp\/wp-content\/uploads\/PE5D0058_900.jpg?resize=600%2C400&amp;ssl=1 600w, https:\/\/i0.wp.com\/deltaimage.de\/wp\/wp-content\/uploads\/PE5D0058_900.jpg?resize=675%2C450&amp;ssl=1 675w, https:\/\/i0.wp.com\/deltaimage.de\/wp\/wp-content\/uploads\/PE5D0058_900.jpg?resize=200%2C133&amp;ssl=1 200w\" sizes=\"auto, (max-width: 890px) 100vw, 890px\" \/><\/a><\/p>\n<p>Eine Shiftaufnahme (mit einem TS-Objektiv) erh\u00e4lt die volle Sensoraufl\u00f6sung, w\u00e4hrend einer Ausschnittsvergr\u00f6\u00dferung dabei 3\/4 der Bilddaten verliert. F\u00fcr die nachtr\u00e4gliche Korrektur in der Bildbearbeitung muss zum Korrigieren gen\u00fcgend freie Motivfl\u00e4che vorhanden sein, um eine Perspektivenkorrektur anwenden zu k\u00f6nnen.<\/p>\n<blockquote>\n<pre>\"Ich fotografiere gerne so, dass ich am Monitor schon sehen kann - das Motiv hat sehr gut funktioniert.\r\nEine finale Feinbehandlung in der Bildbearbeitung verfeinert die Aufnahme noch weiter.\"\r\nPaul Eschbach<\/pre>\n<\/blockquote>\n<p>Mit optischen Mitteln zu korrigieren ist einfach, schnell und erspart unz\u00e4hlige Stunden hinter dem Computer, und das in voller Sensoraufl\u00f6sung.<\/p>\n<p>&nbsp;<\/p>\n<h2>Geb\u00e4ude und Berge behalten die H\u00f6he bei der TS-Fotografie<\/h2>\n<p>Ein ganz trivialer Effekt tritt bei der TS-Fotografie zu Tage. Hohe Motive wie Bauwerke oder auch die Berge erhalten die eigentliche H\u00f6he im Verh\u00e4ltnis zur Breite. Beim Kippen der Kamera wird die eigentliche H\u00f6he gestaucht und die Motive wirken bei weitem nicht so imposant als bei der Aufnahme.<\/p>\n<p><a href=\"https:\/\/i0.wp.com\/deltaimage.de\/wp\/wp-content\/uploads\/PE5D0057_900.jpg?ssl=1\"><img data-recalc-dims=\"1\" loading=\"lazy\" decoding=\"async\" data-attachment-id=\"25796\" data-permalink=\"https:\/\/deltaimage.de\/wp\/?attachment_id=25796#main\" data-orig-file=\"https:\/\/i0.wp.com\/deltaimage.de\/wp\/wp-content\/uploads\/PE5D0057_900.jpg?fit=593%2C890&amp;ssl=1\" data-orig-size=\"593,890\" data-comments-opened=\"1\" data-image-meta=\"{&quot;aperture&quot;:&quot;9&quot;,&quot;credit&quot;:&quot;Paul Eschbach&quot;,&quot;camera&quot;:&quot;Canon EOS 5DS R&quot;,&quot;caption&quot;:&quot;&quot;,&quot;created_timestamp&quot;:&quot;1596027406&quot;,&quot;copyright&quot;:&quot;DELTA IMAGE&quot;,&quot;focal_length&quot;:&quot;24&quot;,&quot;iso&quot;:&quot;200&quot;,&quot;shutter_speed&quot;:&quot;0.002&quot;,&quot;title&quot;:&quot;&quot;,&quot;orientation&quot;:&quot;0&quot;}\" data-image-title=\"PE5D0057_900\" data-image-description=\"\" data-image-caption=\"\" data-large-file=\"https:\/\/i0.wp.com\/deltaimage.de\/wp\/wp-content\/uploads\/PE5D0057_900.jpg?fit=593%2C890&amp;ssl=1\" class=\"aligncenter size-staylogo wp-image-25796\" src=\"https:\/\/i0.wp.com\/deltaimage.de\/wp\/wp-content\/uploads\/PE5D0057_900.jpg?resize=593%2C890&#038;ssl=1\" alt=\"PED\" width=\"593\" height=\"890\" srcset=\"https:\/\/i0.wp.com\/deltaimage.de\/wp\/wp-content\/uploads\/PE5D0057_900.jpg?w=593&amp;ssl=1 593w, https:\/\/i0.wp.com\/deltaimage.de\/wp\/wp-content\/uploads\/PE5D0057_900.jpg?resize=133%2C200&amp;ssl=1 133w, https:\/\/i0.wp.com\/deltaimage.de\/wp\/wp-content\/uploads\/PE5D0057_900.jpg?resize=400%2C600&amp;ssl=1 400w, https:\/\/i0.wp.com\/deltaimage.de\/wp\/wp-content\/uploads\/PE5D0057_900.jpg?resize=395%2C593&amp;ssl=1 395w, https:\/\/i0.wp.com\/deltaimage.de\/wp\/wp-content\/uploads\/PE5D0057_900.jpg?resize=300%2C450&amp;ssl=1 300w, https:\/\/i0.wp.com\/deltaimage.de\/wp\/wp-content\/uploads\/PE5D0057_900.jpg?resize=267%2C400&amp;ssl=1 267w\" sizes=\"auto, (max-width: 593px) 100vw, 593px\" \/><\/a><\/p>\n<p>Mit dem ausgerichteten TS-Objektiv bleibt der Kamerasensor senkrecht und damit planparallel mit dem eigentlichen Motiv. Der gekippte Sensor staucht die vertikale Ausdehnung mehr oder weniger sichtbar.<\/p>\n<p><a href=\"https:\/\/i0.wp.com\/deltaimage.de\/wp\/wp-content\/uploads\/PE5D0063_900.jpg?ssl=1\"><img data-recalc-dims=\"1\" loading=\"lazy\" decoding=\"async\" data-attachment-id=\"25794\" data-permalink=\"https:\/\/deltaimage.de\/wp\/?attachment_id=25794#main\" data-orig-file=\"https:\/\/i0.wp.com\/deltaimage.de\/wp\/wp-content\/uploads\/PE5D0063_900.jpg?fit=890%2C593&amp;ssl=1\" data-orig-size=\"890,593\" data-comments-opened=\"1\" data-image-meta=\"{&quot;aperture&quot;:&quot;9&quot;,&quot;credit&quot;:&quot;Paul Eschbach&quot;,&quot;camera&quot;:&quot;Canon EOS 5DS R&quot;,&quot;caption&quot;:&quot;&quot;,&quot;created_timestamp&quot;:&quot;1596027608&quot;,&quot;copyright&quot;:&quot;DELTA IMAGE&quot;,&quot;focal_length&quot;:&quot;24&quot;,&quot;iso&quot;:&quot;200&quot;,&quot;shutter_speed&quot;:&quot;0.0025&quot;,&quot;title&quot;:&quot;&quot;,&quot;orientation&quot;:&quot;0&quot;}\" data-image-title=\"PE5D0063_900\" data-image-description=\"\" data-image-caption=\"\" data-large-file=\"https:\/\/i0.wp.com\/deltaimage.de\/wp\/wp-content\/uploads\/PE5D0063_900.jpg?fit=890%2C593&amp;ssl=1\" class=\"aligncenter size-staylogo wp-image-25794\" src=\"https:\/\/i0.wp.com\/deltaimage.de\/wp\/wp-content\/uploads\/PE5D0063_900.jpg?resize=890%2C593&#038;ssl=1\" alt=\"PED\" width=\"890\" height=\"593\" srcset=\"https:\/\/i0.wp.com\/deltaimage.de\/wp\/wp-content\/uploads\/PE5D0063_900.jpg?w=890&amp;ssl=1 890w, https:\/\/i0.wp.com\/deltaimage.de\/wp\/wp-content\/uploads\/PE5D0063_900.jpg?resize=300%2C200&amp;ssl=1 300w, https:\/\/i0.wp.com\/deltaimage.de\/wp\/wp-content\/uploads\/PE5D0063_900.jpg?resize=600%2C400&amp;ssl=1 600w, https:\/\/i0.wp.com\/deltaimage.de\/wp\/wp-content\/uploads\/PE5D0063_900.jpg?resize=675%2C450&amp;ssl=1 675w, https:\/\/i0.wp.com\/deltaimage.de\/wp\/wp-content\/uploads\/PE5D0063_900.jpg?resize=200%2C133&amp;ssl=1 200w\" sizes=\"auto, (max-width: 890px) 100vw, 890px\" \/><\/a><\/p>\n","protected":false},"excerpt":{"rendered":"<p>Metropolen bieten ein reiches Spektrum an fotografischen Motiven und M\u00f6glichkeiten. &#8222;Einfach raus gehen und fotografieren!&#8220; Ende Juli zieht es mich an einem Sommertag zu einem der bekanntesten Hochh\u00e4user in M\u00fcnchen [&hellip;]<\/p>\n","protected":false},"author":1,"featured_media":25791,"comment_status":"open","ping_status":"closed","sticky":false,"template":"","format":"standard","meta":{"wpupg_custom_link":[],"wpupg_custom_link_behaviour":["default"],"wpupg_custom_link_nofollow":["default"],"wpupg_custom_image":[],"wpupg_custom_image_id":[],"jetpack_post_was_ever_published":false,"footnotes":""},"categories":[3010,848,8],"tags":[87,2837,199,846,197,1780,2205],"class_list":["post-25784","post","type-post","status-publish","format-standard","has-post-thumbnail","hentry","category-dachauer-land","category-fotografie","category-news","tag-fotografie","tag-hochhaus","tag-muenchen","tag-schwabing","tag-sommer","tag-tilt-shift","tag-tilt-shift-objektiv"],"jetpack_featured_media_url":"https:\/\/i0.wp.com\/deltaimage.de\/wp\/wp-content\/uploads\/PE5D0027_1200.jpg?fit=1200%2C450&ssl=1","jetpack-related-posts":[{"id":19307,"url":"https:\/\/deltaimage.de\/wp\/?p=19307","url_meta":{"origin":25784,"position":0},"title":"Tilt-Shift Fotografie in barocker  Zisterzienserkirche F\u00fcrstenfeld","author":"EschbacP","date":"11. Juli 2018","format":false,"excerpt":"Barocke Architektur und Kunst will die Verbindung zum Himmelteich herstellen. Die weltlichen und geistlichen und geistlichen Geb\u00e4ude strahlen dies durch eine strenge Symmetrie aus. Da passen keine st\u00fcrzenden Linien, oder zulaufende Geb\u00e4udeachse dazu. Shift Objektive sind ideal f\u00fcr Architekturaufnahmen Bedecktes und helles Au\u00dfenlicht ist ideal f\u00fcr die lebendige Gestaltung einer\u2026","rel":"","context":"In &quot;News Blog&quot;","block_context":{"text":"News Blog","link":"https:\/\/deltaimage.de\/wp\/?cat=8"},"img":{"alt_text":"","src":"https:\/\/i0.wp.com\/deltaimage.de\/wp\/wp-content\/uploads\/PE1S0219-Pano_1200.jpg?fit=1200%2C450&ssl=1&resize=350%2C200","width":350,"height":200,"srcset":"https:\/\/i0.wp.com\/deltaimage.de\/wp\/wp-content\/uploads\/PE1S0219-Pano_1200.jpg?fit=1200%2C450&ssl=1&resize=350%2C200 1x, https:\/\/i0.wp.com\/deltaimage.de\/wp\/wp-content\/uploads\/PE1S0219-Pano_1200.jpg?fit=1200%2C450&ssl=1&resize=525%2C300 1.5x, https:\/\/i0.wp.com\/deltaimage.de\/wp\/wp-content\/uploads\/PE1S0219-Pano_1200.jpg?fit=1200%2C450&ssl=1&resize=700%2C400 2x, https:\/\/i0.wp.com\/deltaimage.de\/wp\/wp-content\/uploads\/PE1S0219-Pano_1200.jpg?fit=1200%2C450&ssl=1&resize=1050%2C600 3x"},"classes":[]},{"id":16715,"url":"https:\/\/deltaimage.de\/wp\/?p=16715","url_meta":{"origin":25784,"position":1},"title":"Ein neues Radlhaus am Bahnhof soll ein spannendes Fotomotiv sein? Wir sagen Ja!","author":"EschbacP","date":"16. November 2017","format":"gallery","excerpt":"... und was f\u00fcr ein Motiv! Nur ein neues Radlhaus am Bahnhof Dachau. Architektonisch f\u00fcr Dachau schon ein \u00e4u\u00dferst positiver Entwurf und im k\u00fcnstlichen Licht der Leuchtstoff-Beleuchtung ein fotografisches Highlight in der blauen Stunden. \u00a0 Ein quaderf\u00f6rmiger Bauk\u00f6rper mit luftiger Holzverlattung steht auf schlanken St\u00fctzen und einer sch\u00f6n gestalteten Treppe\u2026","rel":"","context":"In &quot;News Blog&quot;","block_context":{"text":"News Blog","link":"https:\/\/deltaimage.de\/wp\/?cat=8"},"img":{"alt_text":"","src":"https:\/\/i0.wp.com\/deltaimage.de\/wp\/wp-content\/uploads\/PE1S0093_1200-2.jpg?fit=1200%2C450&ssl=1&resize=350%2C200","width":350,"height":200,"srcset":"https:\/\/i0.wp.com\/deltaimage.de\/wp\/wp-content\/uploads\/PE1S0093_1200-2.jpg?fit=1200%2C450&ssl=1&resize=350%2C200 1x, https:\/\/i0.wp.com\/deltaimage.de\/wp\/wp-content\/uploads\/PE1S0093_1200-2.jpg?fit=1200%2C450&ssl=1&resize=525%2C300 1.5x, https:\/\/i0.wp.com\/deltaimage.de\/wp\/wp-content\/uploads\/PE1S0093_1200-2.jpg?fit=1200%2C450&ssl=1&resize=700%2C400 2x, https:\/\/i0.wp.com\/deltaimage.de\/wp\/wp-content\/uploads\/PE1S0093_1200-2.jpg?fit=1200%2C450&ssl=1&resize=1050%2C600 3x"},"classes":[]},{"id":27365,"url":"https:\/\/deltaimage.de\/wp\/?p=27365","url_meta":{"origin":25784,"position":2},"title":"Der Fr\u00fchling kommt: M\u00fcnchen und das Olympia Gel\u00e4nde","author":"EschbacP","date":"2. M\u00e4rz 2021","format":false,"excerpt":"W\u00e4hrend der Auflagen in der Corona Pandemie sollen wir uns alle auf wichtige und notwendige Wege im \u00f6ffentlichen Bereich beschr\u00e4nken. Die Buchhaltung unserer Firma sitzt in Schwabing und M\u00fcnchen - so f\u00fchrt mich der Gesch\u00e4ftsbetrieb wieder von Dachau nach M\u00fcnchen. Ich lasse das Auto am \u00e4u\u00dferen Stadtrand von M\u00fcnchen stehen\u2026","rel":"","context":"In &quot;News Blog&quot;","block_context":{"text":"News Blog","link":"https:\/\/deltaimage.de\/wp\/?cat=8"},"img":{"alt_text":"","src":"https:\/\/i0.wp.com\/deltaimage.de\/wp\/wp-content\/uploads\/PE5D0694_1200.jpg?fit=1200%2C450&ssl=1&resize=350%2C200","width":350,"height":200,"srcset":"https:\/\/i0.wp.com\/deltaimage.de\/wp\/wp-content\/uploads\/PE5D0694_1200.jpg?fit=1200%2C450&ssl=1&resize=350%2C200 1x, https:\/\/i0.wp.com\/deltaimage.de\/wp\/wp-content\/uploads\/PE5D0694_1200.jpg?fit=1200%2C450&ssl=1&resize=525%2C300 1.5x, https:\/\/i0.wp.com\/deltaimage.de\/wp\/wp-content\/uploads\/PE5D0694_1200.jpg?fit=1200%2C450&ssl=1&resize=700%2C400 2x, https:\/\/i0.wp.com\/deltaimage.de\/wp\/wp-content\/uploads\/PE5D0694_1200.jpg?fit=1200%2C450&ssl=1&resize=1050%2C600 3x"},"classes":[]},{"id":40525,"url":"https:\/\/deltaimage.de\/wp\/?p=40525","url_meta":{"origin":25784,"position":3},"title":"Mit einem fotografischen Experiment unterwegs \u2013 BAYERWALDTEAM","author":"EschbacP","date":"2. August 2023","format":false,"excerpt":"Einige Tage eine Fotoreise zu unternehmen, ist auch sehr oft eine sehr gute M\u00f6glichkeit, ein besonderes fotografisches Experiment zu versuchen und die Ergebnisse dann auch zu bewerten. Nur so entwickelt sich die FotografIn auch weiter, aus Erfahrung und eigener Anschauung. Das generelle fotografische Thema dieser Fotoreise in den Bayerischen Wald\u2026","rel":"","context":"In &quot;BAYERWALDTEAM&quot;","block_context":{"text":"BAYERWALDTEAM","link":"https:\/\/deltaimage.de\/wp\/?cat=861"},"img":{"alt_text":"","src":"https:\/\/i0.wp.com\/deltaimage.de\/wp\/wp-content\/uploads\/PE5D7283_1200-1.jpg?fit=1200%2C450&ssl=1&resize=350%2C200","width":350,"height":200,"srcset":"https:\/\/i0.wp.com\/deltaimage.de\/wp\/wp-content\/uploads\/PE5D7283_1200-1.jpg?fit=1200%2C450&ssl=1&resize=350%2C200 1x, https:\/\/i0.wp.com\/deltaimage.de\/wp\/wp-content\/uploads\/PE5D7283_1200-1.jpg?fit=1200%2C450&ssl=1&resize=525%2C300 1.5x, https:\/\/i0.wp.com\/deltaimage.de\/wp\/wp-content\/uploads\/PE5D7283_1200-1.jpg?fit=1200%2C450&ssl=1&resize=700%2C400 2x, https:\/\/i0.wp.com\/deltaimage.de\/wp\/wp-content\/uploads\/PE5D7283_1200-1.jpg?fit=1200%2C450&ssl=1&resize=1050%2C600 3x"},"classes":[]},{"id":40435,"url":"https:\/\/deltaimage.de\/wp\/?p=40435","url_meta":{"origin":25784,"position":4},"title":"Mit einen fotografischen Experiment unterwegs \u2013 BAYERWALDTEAM","author":"EschbacP","date":"21. Juli 2023","format":false,"excerpt":"Einige Tage eine Fotoreise zu unternehmen ist auch sehr oft eine nicht minder gute M\u00f6glichkeit, ein besonderes fotografisches Experiment zu versuchen und die Ergebnisse dann auch zu bewerten. Nur so entwickelt sich die FotografIn auch weiter, aus Erfahrung und eigener Anschauung. Das generelle fotografische Thema dieser Fotoreise in den Bayerischen\u2026","rel":"","context":"In &quot;BAYERWALDTEAM&quot;","block_context":{"text":"BAYERWALDTEAM","link":"https:\/\/deltaimage.de\/wp\/?cat=861"},"img":{"alt_text":"","src":"https:\/\/i0.wp.com\/deltaimage.de\/wp\/wp-content\/uploads\/PE5D7283_1200.jpg?fit=1200%2C450&ssl=1&resize=350%2C200","width":350,"height":200,"srcset":"https:\/\/i0.wp.com\/deltaimage.de\/wp\/wp-content\/uploads\/PE5D7283_1200.jpg?fit=1200%2C450&ssl=1&resize=350%2C200 1x, https:\/\/i0.wp.com\/deltaimage.de\/wp\/wp-content\/uploads\/PE5D7283_1200.jpg?fit=1200%2C450&ssl=1&resize=525%2C300 1.5x, https:\/\/i0.wp.com\/deltaimage.de\/wp\/wp-content\/uploads\/PE5D7283_1200.jpg?fit=1200%2C450&ssl=1&resize=700%2C400 2x, https:\/\/i0.wp.com\/deltaimage.de\/wp\/wp-content\/uploads\/PE5D7283_1200.jpg?fit=1200%2C450&ssl=1&resize=1050%2C600 3x"},"classes":[]},{"id":29593,"url":"https:\/\/deltaimage.de\/wp\/?p=29593","url_meta":{"origin":25784,"position":5},"title":"Naturfototage: Workshop Architektur und Technik &#8211; Motivbereich Durcheinander","author":"EschbacP","date":"3. August 2021","format":false,"excerpt":"Im Veranstaltungsprogramm der F\u00fcrstenfeldbrucker Naturfototage waren wir mit einem ganz neuen Workshop \"Architektur und Technik\" mit Paul Eschbach vertreten und f\u00fchrten den ausverkauften Workshop mit allen TeilnehmerInnen in unmittelbarer N\u00e4he zum Forum F\u00fcrstenfeldbruck an die sch\u00f6nsten Fotopl\u00e4tze f\u00fcr Architektur und Technik. Die Umgebung des Forums kann hier wahrlich mit einmaligen\u2026","rel":"","context":"In &quot;Fotografie&quot;","block_context":{"text":"Fotografie","link":"https:\/\/deltaimage.de\/wp\/?cat=848"},"img":{"alt_text":"","src":"https:\/\/i0.wp.com\/deltaimage.de\/wp\/wp-content\/uploads\/PE5D1881_1200.jpg?fit=1200%2C450&ssl=1&resize=350%2C200","width":350,"height":200,"srcset":"https:\/\/i0.wp.com\/deltaimage.de\/wp\/wp-content\/uploads\/PE5D1881_1200.jpg?fit=1200%2C450&ssl=1&resize=350%2C200 1x, https:\/\/i0.wp.com\/deltaimage.de\/wp\/wp-content\/uploads\/PE5D1881_1200.jpg?fit=1200%2C450&ssl=1&resize=525%2C300 1.5x, https:\/\/i0.wp.com\/deltaimage.de\/wp\/wp-content\/uploads\/PE5D1881_1200.jpg?fit=1200%2C450&ssl=1&resize=700%2C400 2x, https:\/\/i0.wp.com\/deltaimage.de\/wp\/wp-content\/uploads\/PE5D1881_1200.jpg?fit=1200%2C450&ssl=1&resize=1050%2C600 3x"},"classes":[]}],"jetpack_sharing_enabled":true,"_links":{"self":[{"href":"https:\/\/deltaimage.de\/wp\/index.php?rest_route=\/wp\/v2\/posts\/25784","targetHints":{"allow":["GET"]}}],"collection":[{"href":"https:\/\/deltaimage.de\/wp\/index.php?rest_route=\/wp\/v2\/posts"}],"about":[{"href":"https:\/\/deltaimage.de\/wp\/index.php?rest_route=\/wp\/v2\/types\/post"}],"author":[{"embeddable":true,"href":"https:\/\/deltaimage.de\/wp\/index.php?rest_route=\/wp\/v2\/users\/1"}],"replies":[{"embeddable":true,"href":"https:\/\/deltaimage.de\/wp\/index.php?rest_route=%2Fwp%2Fv2%2Fcomments&post=25784"}],"version-history":[{"count":8,"href":"https:\/\/deltaimage.de\/wp\/index.php?rest_route=\/wp\/v2\/posts\/25784\/revisions"}],"predecessor-version":[{"id":51136,"href":"https:\/\/deltaimage.de\/wp\/index.php?rest_route=\/wp\/v2\/posts\/25784\/revisions\/51136"}],"wp:featuredmedia":[{"embeddable":true,"href":"https:\/\/deltaimage.de\/wp\/index.php?rest_route=\/wp\/v2\/media\/25791"}],"wp:attachment":[{"href":"https:\/\/deltaimage.de\/wp\/index.php?rest_route=%2Fwp%2Fv2%2Fmedia&parent=25784"}],"wp:term":[{"taxonomy":"category","embeddable":true,"href":"https:\/\/deltaimage.de\/wp\/index.php?rest_route=%2Fwp%2Fv2%2Fcategories&post=25784"},{"taxonomy":"post_tag","embeddable":true,"href":"https:\/\/deltaimage.de\/wp\/index.php?rest_route=%2Fwp%2Fv2%2Ftags&post=25784"}],"curies":[{"name":"wp","href":"https:\/\/api.w.org\/{rel}","templated":true}]}}