{"id":26513,"date":"2020-12-24T09:17:00","date_gmt":"2020-12-24T08:17:00","guid":{"rendered":"https:\/\/deltaimage.de\/wp\/?p=26513"},"modified":"2025-08-18T21:08:10","modified_gmt":"2025-08-18T19:08:10","slug":"sueddeutsche-zeitung-kanalsystem-aus-der-vogelperspektive-von-paul-eschbach-2","status":"publish","type":"post","link":"https:\/\/deltaimage.de\/wp\/?p=26513","title":{"rendered":"S\u00fcddeutsche Zeitung: Kanalsystem aus der Vogelperspektive von Paul Eschbach"},"content":{"rendered":"<p>&nbsp;<\/p>\n<p><a href=\"https:\/\/i0.wp.com\/deltaimage.de\/wp\/wp-content\/uploads\/Logo_SZ-1.jpg?ssl=1\"><img data-recalc-dims=\"1\" loading=\"lazy\" decoding=\"async\" class=\"aligncenter wp-image-26373 size-thumbnail\" src=\"https:\/\/i0.wp.com\/deltaimage.de\/wp\/wp-content\/uploads\/Logo_SZ-1-300x74.jpg?resize=300%2C74&#038;ssl=1\" alt=\"Logo SZ\" width=\"300\" height=\"74\" \/><\/a><\/p>\n<p>S\u00fcddeutsche Zeitung berichtet im Zeitungsteil ebenso \u00fcber unser neues Buch \u00fcber das <strong>Dachau-Schlei\u00dfheimer-Kanalsystem aus dem 17. und 18. Jahrhundert<\/strong>.<a href=\"https:\/\/i0.wp.com\/deltaimage.de\/wp\/wp-content\/uploads\/SZ-Beitrag-Kanalsystem-Buch.jpg?ssl=1\"><img data-recalc-dims=\"1\" loading=\"lazy\" decoding=\"async\" data-attachment-id=\"26514\" data-permalink=\"https:\/\/deltaimage.de\/wp\/?attachment_id=26514#main\" data-orig-file=\"https:\/\/i0.wp.com\/deltaimage.de\/wp\/wp-content\/uploads\/SZ-Beitrag-Kanalsystem-Buch.jpg?fit=545%2C900&amp;ssl=1\" data-orig-size=\"545,900\" data-comments-opened=\"1\" data-image-meta=\"{&quot;aperture&quot;:&quot;0&quot;,&quot;credit&quot;:&quot;&quot;,&quot;camera&quot;:&quot;&quot;,&quot;caption&quot;:&quot;&quot;,&quot;created_timestamp&quot;:&quot;0&quot;,&quot;copyright&quot;:&quot;&quot;,&quot;focal_length&quot;:&quot;0&quot;,&quot;iso&quot;:&quot;0&quot;,&quot;shutter_speed&quot;:&quot;0&quot;,&quot;title&quot;:&quot;&quot;,&quot;orientation&quot;:&quot;1&quot;}\" data-image-title=\"SZ Beitrag Kanalsystem Buch\" data-image-description=\"\" data-image-caption=\"\" data-large-file=\"https:\/\/i0.wp.com\/deltaimage.de\/wp\/wp-content\/uploads\/SZ-Beitrag-Kanalsystem-Buch.jpg?fit=545%2C900&amp;ssl=1\" class=\"size-full wp-image-26514 alignright\" src=\"https:\/\/i0.wp.com\/deltaimage.de\/wp\/wp-content\/uploads\/SZ-Beitrag-Kanalsystem-Buch.jpg?resize=545%2C900&#038;ssl=1\" alt=\"SZ Beitrag Kanalsystem Buch\" width=\"545\" height=\"900\" srcset=\"https:\/\/i0.wp.com\/deltaimage.de\/wp\/wp-content\/uploads\/SZ-Beitrag-Kanalsystem-Buch.jpg?w=545&amp;ssl=1 545w, https:\/\/i0.wp.com\/deltaimage.de\/wp\/wp-content\/uploads\/SZ-Beitrag-Kanalsystem-Buch.jpg?resize=121%2C200&amp;ssl=1 121w, https:\/\/i0.wp.com\/deltaimage.de\/wp\/wp-content\/uploads\/SZ-Beitrag-Kanalsystem-Buch.jpg?resize=363%2C600&amp;ssl=1 363w, https:\/\/i0.wp.com\/deltaimage.de\/wp\/wp-content\/uploads\/SZ-Beitrag-Kanalsystem-Buch.jpg?resize=359%2C593&amp;ssl=1 359w, https:\/\/i0.wp.com\/deltaimage.de\/wp\/wp-content\/uploads\/SZ-Beitrag-Kanalsystem-Buch.jpg?resize=273%2C450&amp;ssl=1 273w, https:\/\/i0.wp.com\/deltaimage.de\/wp\/wp-content\/uploads\/SZ-Beitrag-Kanalsystem-Buch.jpg?resize=242%2C400&amp;ssl=1 242w\" sizes=\"auto, (max-width: 545px) 100vw, 545px\" \/><\/a><\/p>\n<blockquote><p>Bis zum 19. Jahrhundert ern\u00e4hrte das Dachauer Moos die Menschen eher schlecht als recht. Nur eines hatte die Gegend gen\u00fcgend und im \u00dcberfluss &#8211; Wasser, Feuchtigkeit und Nebel. Heute wird dieses Gebiet im Norden von M\u00fcnchen immer noch durch eine technologische Meisterleistung aus dem ausgehenden 16. und 17. Jahrhundert geziert: das Schlei\u00dfheimer Kanalsystem, dessen Pracht man am hier abgebildeten Schlei\u00dfheimer Schloss heute noch erahnen kann. Ein neues, im Eigenverlag &#8222;Delta Image&#8220; erschienenes Buch zu 19,12 Euro von Paul Eschbach zeigt die Dimensionen dieses Projekts aus der Vogelperspektive mit unz\u00e4hligen Luftaufnahmen. Eine Ansicht, die selbst der Kurf\u00fcrst oder K\u00f6nig niemals genie\u00dfen konnte &#8211; alles musste in der Fantasie dem g\u00f6ttlichen Plan gehorchen. Das B\u00fcchlein umfasst 120 Seiten mit 117 Farbbildern und Grafiken sowie Schilderungen zum Bau und zur Geschichte dieses Kanalsystems, was in Europa nichts vergleichbares wiederfindet. Anhand der vielen Beschreibungen und Karten werden 30 Objekte auf der Schotterebene ausf\u00fchrlich beschrieben, was zum selber Erkunden geradezu\u00a0animiert.<\/p>\n<p>&nbsp;<\/p>\n<p><a href=\"https:\/\/i0.wp.com\/deltaimage.de\/wp\/wp-content\/uploads\/Logo_SZ-1.jpg?ssl=1\"><img data-recalc-dims=\"1\" decoding=\"async\" class=\"aligncenter size-full wp-image-26373\" src=\"https:\/\/i0.wp.com\/deltaimage.de\/wp\/wp-content\/uploads\/Logo_SZ-1.jpg?w=250&#038;ssl=1\" alt=\"Logo SZ\"   \/><\/a>Link zum Originalbeitrag auf <strong><a href=\"https:\/\/www.sueddeutsche.de\/muenchen\/dachau\/dachau-kanalsystem-aus-der-vogelperspektive-1.5149767\">www.sueddeutsche.de<\/a><\/strong><\/p><\/blockquote>\n<p>&nbsp;<\/p>\n<p>&nbsp;<\/p>\n","protected":false},"excerpt":{"rendered":"<p>&nbsp; S\u00fcddeutsche Zeitung berichtet im Zeitungsteil ebenso \u00fcber unser neues Buch \u00fcber das Dachau-Schlei\u00dfheimer-Kanalsystem aus dem 17. und 18. Jahrhundert. Bis zum 19. Jahrhundert ern\u00e4hrte das Dachauer Moos die Menschen [&hellip;]<\/p>\n","protected":false},"author":1,"featured_media":0,"comment_status":"open","ping_status":"closed","sticky":false,"template":"","format":"standard","meta":{"wpupg_custom_link":[],"wpupg_custom_link_behaviour":["default"],"wpupg_custom_link_nofollow":["default"],"wpupg_custom_image":[],"wpupg_custom_image_id":[],"jetpack_post_was_ever_published":false,"footnotes":""},"categories":[1189,2523,8],"tags":[2889,464,95,775,795,2843,2819,199,72,67,231,213],"class_list":["post-26513","post","type-post","status-publish","format-standard","hentry","category-buch","category-dachauer-moos","category-news","tag-17-jahrhundert","tag-amper","tag-dachau","tag-dachauer-moos","tag-isar","tag-kanalsystem","tag-karlsfeld","tag-muenchen","tag-oberschleissheim","tag-paul-eschbach","tag-schleissheim","tag-wuerm"],"jetpack_featured_media_url":"","jetpack-related-posts":[{"id":26375,"url":"https:\/\/deltaimage.de\/wp\/?p=26375","url_meta":{"origin":26513,"position":0},"title":"S\u00fcddeutsche Zeitung: Kanalsystem aus der Vogelperspektive von Paul Eschbach","author":"EschbacP","date":"18. Dezember 2020","format":false,"excerpt":"Die S\u00fcddeutsche Zeitung berichtet in einer Ausgabe \u00fcber das neue Buch \u00fcber das Dachau \u2013 Schlei\u00dfheimer Kanalsystem aus dem 17. Jahrhundert von Paul Eschbach. Bis zum 19. Jahrhundert ern\u00e4hrte das Dachauer Moos die Menschen eher schlecht als recht. Nur eines hatte die Gegend gen\u00fcgend und im \u00dcberfluss - Wasser, Feuchtigkeit\u2026","rel":"","context":"In &quot;Buch&quot;","block_context":{"text":"Buch","link":"https:\/\/deltaimage.de\/wp\/?cat=1189"},"img":{"alt_text":"","src":"https:\/\/i0.wp.com\/deltaimage.de\/wp\/wp-content\/uploads\/Logo_Sueddeutsche-Zeitung.JPG.png?fit=1200%2C449&ssl=1&resize=350%2C200","width":350,"height":200,"srcset":"https:\/\/i0.wp.com\/deltaimage.de\/wp\/wp-content\/uploads\/Logo_Sueddeutsche-Zeitung.JPG.png?fit=1200%2C449&ssl=1&resize=350%2C200 1x, https:\/\/i0.wp.com\/deltaimage.de\/wp\/wp-content\/uploads\/Logo_Sueddeutsche-Zeitung.JPG.png?fit=1200%2C449&ssl=1&resize=525%2C300 1.5x, https:\/\/i0.wp.com\/deltaimage.de\/wp\/wp-content\/uploads\/Logo_Sueddeutsche-Zeitung.JPG.png?fit=1200%2C449&ssl=1&resize=700%2C400 2x, https:\/\/i0.wp.com\/deltaimage.de\/wp\/wp-content\/uploads\/Logo_Sueddeutsche-Zeitung.JPG.png?fit=1200%2C449&ssl=1&resize=1050%2C600 3x"},"classes":[]},{"id":27050,"url":"https:\/\/deltaimage.de\/wp\/?p=27050","url_meta":{"origin":26513,"position":1},"title":"Dachauer Nachrichten \/ M\u00fcnchener Merkur: Buch \u00fcber Kanalsystem von Paul Eschbach","author":"EschbacP","date":"28. Dezember 2020","format":false,"excerpt":"\u00a0 Die Dachauer Nachrichten \/ M\u00fcnchener Merkur berichtet im Zeitungsteil \u00fcber unser neues Buch \u00fcber das Dachau-Schlei\u00dfheimer-Kanalsystem aus dem 17. und 18. Jahrhundert. Buch \u00fcber Kanalsystem Nach drei B\u00fcchern \u00fcber die Luftfahrtgeschichte des Flugplatzes Schlei\u00dfheim - dem \u00e4ltesten Flugplatz in Bayern - hat der Autor Paul Eschbach nun das Buch\u2026","rel":"","context":"In &quot;Buch&quot;","block_context":{"text":"Buch","link":"https:\/\/deltaimage.de\/wp\/?cat=1189"},"img":{"alt_text":"","src":"https:\/\/i0.wp.com\/deltaimage.de\/wp\/wp-content\/uploads\/Logo_Dachauer-Nachrichten.jpg?fit=1200%2C200&ssl=1&resize=350%2C200","width":350,"height":200,"srcset":"https:\/\/i0.wp.com\/deltaimage.de\/wp\/wp-content\/uploads\/Logo_Dachauer-Nachrichten.jpg?fit=1200%2C200&ssl=1&resize=350%2C200 1x, https:\/\/i0.wp.com\/deltaimage.de\/wp\/wp-content\/uploads\/Logo_Dachauer-Nachrichten.jpg?fit=1200%2C200&ssl=1&resize=525%2C300 1.5x, https:\/\/i0.wp.com\/deltaimage.de\/wp\/wp-content\/uploads\/Logo_Dachauer-Nachrichten.jpg?fit=1200%2C200&ssl=1&resize=700%2C400 2x, https:\/\/i0.wp.com\/deltaimage.de\/wp\/wp-content\/uploads\/Logo_Dachauer-Nachrichten.jpg?fit=1200%2C200&ssl=1&resize=1050%2C600 3x"},"classes":[]},{"id":37491,"url":"https:\/\/deltaimage.de\/wp\/?p=37491","url_meta":{"origin":26513,"position":2},"title":"Mit der Gondel von der Residenz nach Schloss Schlei\u00dfheim &#8211; Vortrag von Paul Eschbach","author":"EschbacP","date":"28. Oktober 2022","format":false,"excerpt":"\u00dcber 30 Besucher folgten der Einladung des lokalen Agenda21 - NATUR zu einer virtuellen Wanderung am Dachau-Schlei\u00dfheimer Kanalsystem ins B\u00fcrgerzentrum Oberschlei\u00dfheim. @Arnold Tallavania Auf der Schotterebene n\u00f6rdlich von M\u00fcnchen ist aus dem 16.\/17. Jahrhundert eines der fl\u00e4chenm\u00e4\u00dfig gr\u00f6\u00dften Bauwerke der Barockzeit in Bayern erhalten geblieben und ist bis zum heutigen\u2026","rel":"","context":"In &quot;Dachauer Land&quot;","block_context":{"text":"Dachauer Land","link":"https:\/\/deltaimage.de\/wp\/?cat=3010"},"img":{"alt_text":"","src":"https:\/\/i0.wp.com\/deltaimage.de\/wp\/wp-content\/uploads\/PE1D5382_1200.jpg?fit=1200%2C450&ssl=1&resize=350%2C200","width":350,"height":200,"srcset":"https:\/\/i0.wp.com\/deltaimage.de\/wp\/wp-content\/uploads\/PE1D5382_1200.jpg?fit=1200%2C450&ssl=1&resize=350%2C200 1x, https:\/\/i0.wp.com\/deltaimage.de\/wp\/wp-content\/uploads\/PE1D5382_1200.jpg?fit=1200%2C450&ssl=1&resize=525%2C300 1.5x, https:\/\/i0.wp.com\/deltaimage.de\/wp\/wp-content\/uploads\/PE1D5382_1200.jpg?fit=1200%2C450&ssl=1&resize=700%2C400 2x, https:\/\/i0.wp.com\/deltaimage.de\/wp\/wp-content\/uploads\/PE1D5382_1200.jpg?fit=1200%2C450&ssl=1&resize=1050%2C600 3x"},"classes":[]},{"id":27184,"url":"https:\/\/deltaimage.de\/wp\/?p=27184","url_meta":{"origin":26513,"position":3},"title":"Lohhofer Anzeiger berichtet \u00fcber unser Buch zum Kanalsystem","author":"EschbacP","date":"9. Januar 2021","format":false,"excerpt":"Der Lohhofer Anzeiger nimmt sich unserem neuen Buch \u00fcber das Kanalsystem und berichtet in der letzten Ausgabe. \u00a0 Lesestoff f\u00fcr die \"Freitage\" in Schlei\u00dfheim Lesestoff \u00fcber die \u201eFrei-tage\u201c ohne Trubel und Action ist dieses Jahr wertvoller denn je. Passend zum Jahreswechsel ist ein weiteres Buch in der Buchreihe \u00fcber Dachau\u2026","rel":"","context":"In &quot;Buch&quot;","block_context":{"text":"Buch","link":"https:\/\/deltaimage.de\/wp\/?cat=1189"},"img":{"alt_text":"","src":"https:\/\/i0.wp.com\/deltaimage.de\/wp\/wp-content\/uploads\/IMG_5619_1200.jpg?fit=1200%2C450&ssl=1&resize=350%2C200","width":350,"height":200,"srcset":"https:\/\/i0.wp.com\/deltaimage.de\/wp\/wp-content\/uploads\/IMG_5619_1200.jpg?fit=1200%2C450&ssl=1&resize=350%2C200 1x, https:\/\/i0.wp.com\/deltaimage.de\/wp\/wp-content\/uploads\/IMG_5619_1200.jpg?fit=1200%2C450&ssl=1&resize=525%2C300 1.5x, https:\/\/i0.wp.com\/deltaimage.de\/wp\/wp-content\/uploads\/IMG_5619_1200.jpg?fit=1200%2C450&ssl=1&resize=700%2C400 2x, https:\/\/i0.wp.com\/deltaimage.de\/wp\/wp-content\/uploads\/IMG_5619_1200.jpg?fit=1200%2C450&ssl=1&resize=1050%2C600 3x"},"classes":[]},{"id":47567,"url":"https:\/\/deltaimage.de\/wp\/?p=47567","url_meta":{"origin":26513,"position":4},"title":"Buch-Neuvorstellung &#8211; Dachauer Moos: Schwarzh\u00f6lzl, Krenmoos &#038; Regatta-Anlage von Paul Eschbach","author":"EschbacP","date":"22. Januar 2025","format":false,"excerpt":"Buch-Neuvorstellung: FOTO-BILDBAND zum Schwarzh\u00f6lzl und Krenmoos DELTA IMAGE - Eigenverlag stellt einen neuen FOTO-BILDBAND\u00a0zum Dachauer Moos vor. Der Foto-Bildband zum Schwarzh\u00f6lzl und Krenmoos vom Dachauer Fotografen Paul Eschbach sucht im zweiten Band der FOTO-BILDBAND-Reihe wieder nach den Sch\u00f6nheiten in der Natur- und Kulturlandschaft. Das gr\u00f6\u00dfte Naturschutzgebiet (NSG) im Landkreis Dachau\u2026","rel":"","context":"In &quot;Buch&quot;","block_context":{"text":"Buch","link":"https:\/\/deltaimage.de\/wp\/?cat=1189"},"img":{"alt_text":"","src":"https:\/\/i0.wp.com\/deltaimage.de\/wp\/wp-content\/uploads\/Plakat_Schwarzhoelzl_1200.jpg?fit=1198%2C450&ssl=1&resize=350%2C200","width":350,"height":200,"srcset":"https:\/\/i0.wp.com\/deltaimage.de\/wp\/wp-content\/uploads\/Plakat_Schwarzhoelzl_1200.jpg?fit=1198%2C450&ssl=1&resize=350%2C200 1x, https:\/\/i0.wp.com\/deltaimage.de\/wp\/wp-content\/uploads\/Plakat_Schwarzhoelzl_1200.jpg?fit=1198%2C450&ssl=1&resize=525%2C300 1.5x, https:\/\/i0.wp.com\/deltaimage.de\/wp\/wp-content\/uploads\/Plakat_Schwarzhoelzl_1200.jpg?fit=1198%2C450&ssl=1&resize=700%2C400 2x, https:\/\/i0.wp.com\/deltaimage.de\/wp\/wp-content\/uploads\/Plakat_Schwarzhoelzl_1200.jpg?fit=1198%2C450&ssl=1&resize=1050%2C600 3x"},"classes":[]},{"id":44871,"url":"https:\/\/deltaimage.de\/wp\/?p=44871","url_meta":{"origin":26513,"position":5},"title":"S\u00fcddeutsche Zeitung: Momentaufnahmen der verletzlichen Natur","author":"EschbacP","date":"19. September 2024","format":false,"excerpt":"Beitrag von Renate Zauscher der S\u00fcddeutschen Zeitung vom 20.9.2024 zur Pressevorstellung des neuen Buchs \u00fcber die zweitgr\u00f6\u00dfte Niedermoor-Landschaft in Bayern Maisacher Moos im Landkreis Dachau (Palsweiser Moos) und im Landkreis F\u00fcrstenfeldbruck (Fu\u00dfbergmoos) von Paul Eschbach. URL: www.sz.de\/lux.JmowbeozsSWsTqrCHRvXdp Copyright: S\u00fcddeutsche Zeitung Digitale Medien GmbH \/ S\u00fcddeutsche Zeitung GmbH Quelle: SZ","rel":"","context":"In &quot;Buch&quot;","block_context":{"text":"Buch","link":"https:\/\/deltaimage.de\/wp\/?cat=1189"},"img":{"alt_text":"","src":"https:\/\/i0.wp.com\/deltaimage.de\/wp\/wp-content\/uploads\/IMG_9143_450.jpg?resize=350%2C200&ssl=1","width":350,"height":200},"classes":[]}],"jetpack_sharing_enabled":true,"_links":{"self":[{"href":"https:\/\/deltaimage.de\/wp\/index.php?rest_route=\/wp\/v2\/posts\/26513","targetHints":{"allow":["GET"]}}],"collection":[{"href":"https:\/\/deltaimage.de\/wp\/index.php?rest_route=\/wp\/v2\/posts"}],"about":[{"href":"https:\/\/deltaimage.de\/wp\/index.php?rest_route=\/wp\/v2\/types\/post"}],"author":[{"embeddable":true,"href":"https:\/\/deltaimage.de\/wp\/index.php?rest_route=\/wp\/v2\/users\/1"}],"replies":[{"embeddable":true,"href":"https:\/\/deltaimage.de\/wp\/index.php?rest_route=%2Fwp%2Fv2%2Fcomments&post=26513"}],"version-history":[{"count":10,"href":"https:\/\/deltaimage.de\/wp\/index.php?rest_route=\/wp\/v2\/posts\/26513\/revisions"}],"predecessor-version":[{"id":51163,"href":"https:\/\/deltaimage.de\/wp\/index.php?rest_route=\/wp\/v2\/posts\/26513\/revisions\/51163"}],"wp:attachment":[{"href":"https:\/\/deltaimage.de\/wp\/index.php?rest_route=%2Fwp%2Fv2%2Fmedia&parent=26513"}],"wp:term":[{"taxonomy":"category","embeddable":true,"href":"https:\/\/deltaimage.de\/wp\/index.php?rest_route=%2Fwp%2Fv2%2Fcategories&post=26513"},{"taxonomy":"post_tag","embeddable":true,"href":"https:\/\/deltaimage.de\/wp\/index.php?rest_route=%2Fwp%2Fv2%2Ftags&post=26513"}],"curies":[{"name":"wp","href":"https:\/\/api.w.org\/{rel}","templated":true}]}}