{"id":27203,"date":"2021-01-10T20:32:35","date_gmt":"2021-01-10T19:32:35","guid":{"rendered":"https:\/\/bayerwaldteam.eu\/?p=2910"},"modified":"2021-08-23T18:52:27","modified_gmt":"2021-08-23T17:52:27","slug":"mit-dem-br-zum-brotjacklriegl-im-bayerischen-wald","status":"publish","type":"post","link":"https:\/\/deltaimage.de\/wp\/?p=27203","title":{"rendered":"Mit dem BR zum Brotjacklriegel im Bayerischen Wald"},"content":{"rendered":"<p>Der BR zeigt heute Abend und dann in der Mediathek einen sehenswerten Bericht \u00fcber den Brotjacklriegel im Bayerischen Wald.<\/p>\n<p><img loading=\"lazy\" decoding=\"async\" class=\"aligncenter size-full wp-image-2911\" src=\"https:\/\/i2.wp.com\/bayerwaldteam.eu\/wp-content\/uploads\/2021\/01\/featuredinage_BR_Brotjacklriegl.jpg?resize=920%2C517&amp;ssl=1\" sizes=\"auto, (max-width: 920px) 100vw, 920px\" srcset=\"https:\/\/i2.wp.com\/bayerwaldteam.eu\/wp-content\/uploads\/2021\/01\/featuredinage_BR_Brotjacklriegl.jpg?w=1300&amp;ssl=1 1300w, https:\/\/i2.wp.com\/bayerwaldteam.eu\/wp-content\/uploads\/2021\/01\/featuredinage_BR_Brotjacklriegl.jpg?resize=300%2C168&amp;ssl=1 300w, https:\/\/i2.wp.com\/bayerwaldteam.eu\/wp-content\/uploads\/2021\/01\/featuredinage_BR_Brotjacklriegl.jpg?resize=1024%2C575&amp;ssl=1 1024w, https:\/\/i2.wp.com\/bayerwaldteam.eu\/wp-content\/uploads\/2021\/01\/featuredinage_BR_Brotjacklriegl.jpg?resize=768%2C431&amp;ssl=1 768w, https:\/\/i2.wp.com\/bayerwaldteam.eu\/wp-content\/uploads\/2021\/01\/featuredinage_BR_Brotjacklriegl.jpg?resize=712%2C400&amp;ssl=1 712w\" alt=\"\" width=\"920\" height=\"517\" data-attachment-id=\"2911\" data-permalink=\"https:\/\/bayerwaldteam.eu\/2021\/01\/10\/mit-dem-br-zum-brotjacklriegl-im-bayerischen-wald\/featuredinage_br_brotjacklriegl\/#main\" data-orig-file=\"https:\/\/i2.wp.com\/bayerwaldteam.eu\/wp-content\/uploads\/2021\/01\/featuredinage_BR_Brotjacklriegl.jpg?fit=1300%2C730&amp;ssl=1\" data-orig-size=\"1300,730\" data-comments-opened=\"1\" data-image-meta=\"{&quot;aperture&quot;:&quot;0&quot;,&quot;credit&quot;:&quot;Paul Eschbach&quot;,&quot;camera&quot;:&quot;&quot;,&quot;caption&quot;:&quot;&quot;,&quot;created_timestamp&quot;:&quot;1610310484&quot;,&quot;copyright&quot;:&quot;&quot;,&quot;focal_length&quot;:&quot;0&quot;,&quot;iso&quot;:&quot;0&quot;,&quot;shutter_speed&quot;:&quot;0&quot;,&quot;title&quot;:&quot;&quot;,&quot;orientation&quot;:&quot;0&quot;}\" data-image-title=\"featuredinage_BR_Brotjacklriegl\" data-image-description=\"\" data-medium-file=\"https:\/\/i2.wp.com\/bayerwaldteam.eu\/wp-content\/uploads\/2021\/01\/featuredinage_BR_Brotjacklriegl.jpg?fit=300%2C168&amp;ssl=1\" data-large-file=\"https:\/\/i2.wp.com\/bayerwaldteam.eu\/wp-content\/uploads\/2021\/01\/featuredinage_BR_Brotjacklriegl.jpg?fit=920%2C517&amp;ssl=1\" data-recalc-dims=\"1\" \/><\/p>\n<h2><\/h2>\n<p><!--more--><\/p>\n<h2>Mit dem spannenden Titel des Films \u2013 Brotjacklriegel<\/h2>\n<blockquote>\n<pre>... denn da Woidler red ned viel.<\/pre>\n<\/blockquote>\n<p>Des muss reichen als Titel \u2026<\/p>\n<p>Der BR zum Filmbeitrag:<br \/>\n<em>\u201eKommt man aus der Donauebene, ist der Brotjacklriegel der erste h\u00f6here Berg im Bayerischen Wald. Die Menschen, die hier leben, sind lange und strenge Winter gew\u00f6hnt, und wenn die Winter milder werden, m\u00fcssen sich Skiliftbetreiber, Gastwirte und auch Waldbesitzer darauf einstellen.<\/em><\/p>\n<p>Der Legende nach verdankt der Berg seinen Namen einem B\u00e4cker, dem Brot-Jackl, der sich einst im Drei\u00dfigj\u00e4hrigen Krieg in einer H\u00f6hle vor den Schweden versteckte. Ungef\u00e4hr an der Stelle, an der heute der Aussichtsturm steht. Bei klarer Sicht kann man von hier die gesamte Alpenkette sehen. Weit \u00fcber 200 Kilometer reicht Fernblick. Turmwirt Ingo M\u00fcller betreibt nicht nur die kleine Gaststube im alten Aussichtsturm, sondern er sammelt und restauriert alte Jukeboxen. Eine davon steht auch im Turmst\u00fcberl.<br \/>\nJosef Altmann hat den Steinberglift in den 1980er-Jahren von seinem Vater \u00fcbernommen und seither viel Geld in Beschneiungsanlagen und das dazugeh\u00f6rige Wirtshaus investiert. Im Winter besch\u00e4ftigt er bis zu 30 Mitarbeiter und auch die ganze Familie hilft in der Stoabergh\u00fcttn mit. Wenn kein Schnee kommt und es zu warm zum Beschneien ist, wird es schwierig f\u00fcr den Familienbetrieb.<br \/>\nAuch Landwirt und Holzbesitzer Christian Drasch sp\u00fcrt die Folgen des milden Winters. Der Borkenk\u00e4fer hat sich in seinem Waldgrundst\u00fcck breitgemacht. Jetzt muss er zahlreiche Fichten schlagen. Neue wird er nicht mehr pflanzen, weil er nicht an eine Zukunft der Fichte im Bayerischen Wald glaubt. Er setzt auf Tannen an den H\u00e4ngen des Brotjacklriegel.\u201c<\/p>\n<div id=\"jp-relatedposts\" class=\"jp-relatedposts\"><\/div>\n","protected":false},"excerpt":{"rendered":"<p>Der BR zeigt heute Abend und dann in der Mediathek einen sehenswerten Bericht \u00fcber den Brotjacklriegel im Bayerischen Wald.<\/p>\n","protected":false},"author":1,"featured_media":27204,"comment_status":"closed","ping_status":"closed","sticky":false,"template":"","format":"standard","meta":{"wpupg_custom_link":[],"wpupg_custom_link_behaviour":["default"],"wpupg_custom_link_nofollow":[],"wpupg_custom_image":[],"wpupg_custom_image_id":[],"jetpack_post_was_ever_published":false,"footnotes":""},"categories":[861,8],"tags":[2911,595,594,839,2912,1981,2529],"class_list":["post-27203","post","type-post","status-publish","format-standard","has-post-thumbnail","hentry","category-bayerwaldteam","category-news","tag-allgemein","tag-bayerischer-wald","tag-bayerwaldteam","tag-br","tag-brotjacklriegl","tag-news-blog","tag-www-bayerwaldteam-eu"],"jetpack_featured_media_url":"https:\/\/i0.wp.com\/deltaimage.de\/wp\/wp-content\/uploads\/mit-dem-br-zum-brotjacklriegl-im-bayerischen-wald.jpg?fit=920%2C517&ssl=1","jetpack-related-posts":[{"id":21051,"url":"https:\/\/deltaimage.de\/wp\/?p=21051","url_meta":{"origin":27203,"position":0},"title":"BAYERWALDTEAM \u2013 Winter im Bayerischen Wald","author":"EschbacP","date":"30. Januar 2019","format":false,"excerpt":"Die Wolfensteiner Ohe hat sich eine wildromantische Schlucht von Freyung bis Ringelai im Bayerischen Wald \u00fcber die Jahrtausende in den Schiefer geschliffen. F\u00fcr den Naturwanderer und Fotografen ist die Buchberger Leite ein Kleinod in der Naturlandschaft. Am Ende der Schlucht f\u00fchrt ein kurzer Stollen durch den Berg und schafft den\u2026","rel":"","context":"In &quot;BAYERWALDTEAM&quot;","block_context":{"text":"BAYERWALDTEAM","link":"https:\/\/deltaimage.de\/wp\/?cat=861"},"img":{"alt_text":"","src":"https:\/\/i0.wp.com\/deltaimage.de\/wp\/wp-content\/uploads\/PE1S0102_1200-2.jpg?fit=1200%2C450&ssl=1&resize=350%2C200","width":350,"height":200,"srcset":"https:\/\/i0.wp.com\/deltaimage.de\/wp\/wp-content\/uploads\/PE1S0102_1200-2.jpg?fit=1200%2C450&ssl=1&resize=350%2C200 1x, https:\/\/i0.wp.com\/deltaimage.de\/wp\/wp-content\/uploads\/PE1S0102_1200-2.jpg?fit=1200%2C450&ssl=1&resize=525%2C300 1.5x, https:\/\/i0.wp.com\/deltaimage.de\/wp\/wp-content\/uploads\/PE1S0102_1200-2.jpg?fit=1200%2C450&ssl=1&resize=700%2C400 2x, https:\/\/i0.wp.com\/deltaimage.de\/wp\/wp-content\/uploads\/PE1S0102_1200-2.jpg?fit=1200%2C450&ssl=1&resize=1050%2C600 3x"},"classes":[]},{"id":20097,"url":"https:\/\/deltaimage.de\/wp\/?p=20097","url_meta":{"origin":27203,"position":1},"title":"Der Jahreskreis im Bayerischen Wald \u2013 Kalender 2009 vom BAYERWALDTEAM","author":"EschbacP","date":"25. August 2018","format":false,"excerpt":"Der Jahreskreis im Bayerischen Wald begleitet die Menschen im Woid das ganze Jahr hindurch. Im Jahr 2009 war dies auch nicht nur so dahin gesagt. Der SSL Verlag brachte eine Kalenderproduktion mit Bildern vom BAYERWALDTEAM \u2013 Huber Bauer-Falkner f\u00fcr das ganze Jahr. Der Kalender d\u00fcrfte inzwischen von den W\u00e4nden der\u2026","rel":"","context":"In &quot;BAYERWALDTEAM&quot;","block_context":{"text":"BAYERWALDTEAM","link":"https:\/\/deltaimage.de\/wp\/?cat=861"},"img":{"alt_text":"","src":"https:\/\/i0.wp.com\/deltaimage.de\/wp\/wp-content\/uploads\/der-jahreskreis-im-bayerischen-wald-kalender-2009-vom-bayerwaldteam.jpg?fit=425%2C600&ssl=1&resize=350%2C200","width":350,"height":200},"classes":[]},{"id":29834,"url":"https:\/\/deltaimage.de\/wp\/?p=29834","url_meta":{"origin":27203,"position":2},"title":"Zum Aufw\u00e4rmen der fotografischen Finger &#8211; ein Sonnenuntergang in B\u00fcchlberg","author":"EschbacP","date":"20. August 2021","format":false,"excerpt":"Nach 18 Monaten - nicht-bayerischer-Wald-fotografieren, m\u00fcssen auch wir im BAYERWALDTEAM wieder ganz langsam ans fotografieren zwischen Donau und B\u00f6hmen gew\u00f6hnen. Das soll heute Abend auf dem neuen Aussichtsturm in B\u00fcchlberg geschehen. Ein standesgem\u00e4\u00dfer Rund- und Fernblick f\u00fcr das BAYERWALDTEAM . Passt! \u00a0 140 Stufen sind es bis zur obersten Plattform\u2026","rel":"","context":"In &quot;BAYERWALDTEAM&quot;","block_context":{"text":"BAYERWALDTEAM","link":"https:\/\/deltaimage.de\/wp\/?cat=861"},"img":{"alt_text":"","src":"https:\/\/i0.wp.com\/deltaimage.de\/wp\/wp-content\/uploads\/PE5D2221_1200.jpg?fit=1200%2C450&ssl=1&resize=350%2C200","width":350,"height":200,"srcset":"https:\/\/i0.wp.com\/deltaimage.de\/wp\/wp-content\/uploads\/PE5D2221_1200.jpg?fit=1200%2C450&ssl=1&resize=350%2C200 1x, https:\/\/i0.wp.com\/deltaimage.de\/wp\/wp-content\/uploads\/PE5D2221_1200.jpg?fit=1200%2C450&ssl=1&resize=525%2C300 1.5x, https:\/\/i0.wp.com\/deltaimage.de\/wp\/wp-content\/uploads\/PE5D2221_1200.jpg?fit=1200%2C450&ssl=1&resize=700%2C400 2x, https:\/\/i0.wp.com\/deltaimage.de\/wp\/wp-content\/uploads\/PE5D2221_1200.jpg?fit=1200%2C450&ssl=1&resize=1050%2C600 3x"},"classes":[]},{"id":21035,"url":"https:\/\/deltaimage.de\/wp\/?p=21035","url_meta":{"origin":27203,"position":3},"title":"BAYERWALDTEAM &#8211; Fotoeins\u00e4tze im Bayerischen Wald","author":"EschbacP","date":"30. Januar 2019","format":false,"excerpt":"Fotografie im Winter im Bayerischen Wald - alle Jahre wieder ein geliebtes Einsatzgebiet im BAYERWALDTEAM. \u00a0 Winter und Schnee - da muss der Fotograf auch zur Schneeschippe greifen \u00dcber Nacht kommt Schnee - viel Schnee. Der Bayerische Wald ist fr\u00fch morgens ein Winter-Wunderland und der Tag hat pl\u00f6tzlich andere Priorit\u00e4ten.\u2026","rel":"","context":"In &quot;BAYERWALDTEAM&quot;","block_context":{"text":"BAYERWALDTEAM","link":"https:\/\/deltaimage.de\/wp\/?cat=861"},"img":{"alt_text":"","src":"https:\/\/i0.wp.com\/deltaimage.de\/wp\/wp-content\/uploads\/PE1S0081_1200-1.jpg?fit=1200%2C450&ssl=1&resize=350%2C200","width":350,"height":200,"srcset":"https:\/\/i0.wp.com\/deltaimage.de\/wp\/wp-content\/uploads\/PE1S0081_1200-1.jpg?fit=1200%2C450&ssl=1&resize=350%2C200 1x, https:\/\/i0.wp.com\/deltaimage.de\/wp\/wp-content\/uploads\/PE1S0081_1200-1.jpg?fit=1200%2C450&ssl=1&resize=525%2C300 1.5x, https:\/\/i0.wp.com\/deltaimage.de\/wp\/wp-content\/uploads\/PE1S0081_1200-1.jpg?fit=1200%2C450&ssl=1&resize=700%2C400 2x, https:\/\/i0.wp.com\/deltaimage.de\/wp\/wp-content\/uploads\/PE1S0081_1200-1.jpg?fit=1200%2C450&ssl=1&resize=1050%2C600 3x"},"classes":[]},{"id":35055,"url":"https:\/\/deltaimage.de\/wp\/?p=35055","url_meta":{"origin":27203,"position":4},"title":"BAYERWALDTEAM &#8211; Hubert Bauer-Falkner unterwegs im Bayerischen Wald","author":"EschbacP","date":"13. Juli 2022","format":false,"excerpt":"Wieder einmal ein langes Wochenende gemeinsam im Bayerischen Wald unterwegs - im Juli sind die Tage meist hei\u00df - \u00fcber 30 \u00b0C. Da ist das Fotografieren in der Landschaft nicht einfach. Wir haben uns ein verl\u00e4ngertes Wochenende ausgesucht, an dem der Himmel viel bew\u00f6lkter ist. Daf\u00fcr fiel die Temperatur am\u2026","rel":"","context":"In &quot;BAYERWALDTEAM&quot;","block_context":{"text":"BAYERWALDTEAM","link":"https:\/\/deltaimage.de\/wp\/?cat=861"},"img":{"alt_text":"","src":"https:\/\/i0.wp.com\/deltaimage.de\/wp\/wp-content\/uploads\/PE1S1924_1200.jpg?fit=1200%2C450&ssl=1&resize=350%2C200","width":350,"height":200,"srcset":"https:\/\/i0.wp.com\/deltaimage.de\/wp\/wp-content\/uploads\/PE1S1924_1200.jpg?fit=1200%2C450&ssl=1&resize=350%2C200 1x, https:\/\/i0.wp.com\/deltaimage.de\/wp\/wp-content\/uploads\/PE1S1924_1200.jpg?fit=1200%2C450&ssl=1&resize=525%2C300 1.5x, https:\/\/i0.wp.com\/deltaimage.de\/wp\/wp-content\/uploads\/PE1S1924_1200.jpg?fit=1200%2C450&ssl=1&resize=700%2C400 2x, https:\/\/i0.wp.com\/deltaimage.de\/wp\/wp-content\/uploads\/PE1S1924_1200.jpg?fit=1200%2C450&ssl=1&resize=1050%2C600 3x"},"classes":[]},{"id":29795,"url":"https:\/\/deltaimage.de\/wp\/?p=29795","url_meta":{"origin":27203,"position":5},"title":"Paul Eschbach \u2013 wieder auf Fotostreifz\u00fcgen im Bayerischen Wald unterwegs \u2013 BAYERWALDTEAM","author":"EschbacP","date":"17. August 2021","format":false,"excerpt":"Sechs Tage im Bayerischen Wald auf Fotostreitzug im BAYERWALDTEAM versprechen wieder viele spannende Motive und noch sch\u00f6nere Erlebnisse f\u00fcr das BAYERWALDTEAM. \u00a0 Bayerischer Pl\u00f6ckenstein auf der Grenze Bayern und B\u00f6hmen am Dreisesselberg Der Dreisesselberg ist immer eine imposante Wanderung auf dem Grenzkamm entlang zwischen Bayern und B\u00f6hmen. Nach beiden Seiten\u2026","rel":"","context":"In &quot;BAYERWALDTEAM&quot;","block_context":{"text":"BAYERWALDTEAM","link":"https:\/\/deltaimage.de\/wp\/?cat=861"},"img":{"alt_text":"","src":"https:\/\/i0.wp.com\/deltaimage.de\/wp\/wp-content\/uploads\/AK3I9785_1200.jpg?fit=1200%2C450&ssl=1&resize=350%2C200","width":350,"height":200,"srcset":"https:\/\/i0.wp.com\/deltaimage.de\/wp\/wp-content\/uploads\/AK3I9785_1200.jpg?fit=1200%2C450&ssl=1&resize=350%2C200 1x, https:\/\/i0.wp.com\/deltaimage.de\/wp\/wp-content\/uploads\/AK3I9785_1200.jpg?fit=1200%2C450&ssl=1&resize=525%2C300 1.5x, https:\/\/i0.wp.com\/deltaimage.de\/wp\/wp-content\/uploads\/AK3I9785_1200.jpg?fit=1200%2C450&ssl=1&resize=700%2C400 2x, https:\/\/i0.wp.com\/deltaimage.de\/wp\/wp-content\/uploads\/AK3I9785_1200.jpg?fit=1200%2C450&ssl=1&resize=1050%2C600 3x"},"classes":[]}],"jetpack_sharing_enabled":true,"_links":{"self":[{"href":"https:\/\/deltaimage.de\/wp\/index.php?rest_route=\/wp\/v2\/posts\/27203","targetHints":{"allow":["GET"]}}],"collection":[{"href":"https:\/\/deltaimage.de\/wp\/index.php?rest_route=\/wp\/v2\/posts"}],"about":[{"href":"https:\/\/deltaimage.de\/wp\/index.php?rest_route=\/wp\/v2\/types\/post"}],"author":[{"embeddable":true,"href":"https:\/\/deltaimage.de\/wp\/index.php?rest_route=\/wp\/v2\/users\/1"}],"replies":[{"embeddable":true,"href":"https:\/\/deltaimage.de\/wp\/index.php?rest_route=%2Fwp%2Fv2%2Fcomments&post=27203"}],"version-history":[{"count":4,"href":"https:\/\/deltaimage.de\/wp\/index.php?rest_route=\/wp\/v2\/posts\/27203\/revisions"}],"predecessor-version":[{"id":29972,"href":"https:\/\/deltaimage.de\/wp\/index.php?rest_route=\/wp\/v2\/posts\/27203\/revisions\/29972"}],"wp:featuredmedia":[{"embeddable":true,"href":"https:\/\/deltaimage.de\/wp\/index.php?rest_route=\/wp\/v2\/media\/27204"}],"wp:attachment":[{"href":"https:\/\/deltaimage.de\/wp\/index.php?rest_route=%2Fwp%2Fv2%2Fmedia&parent=27203"}],"wp:term":[{"taxonomy":"category","embeddable":true,"href":"https:\/\/deltaimage.de\/wp\/index.php?rest_route=%2Fwp%2Fv2%2Fcategories&post=27203"},{"taxonomy":"post_tag","embeddable":true,"href":"https:\/\/deltaimage.de\/wp\/index.php?rest_route=%2Fwp%2Fv2%2Ftags&post=27203"}],"curies":[{"name":"wp","href":"https:\/\/api.w.org\/{rel}","templated":true}]}}