{"id":27245,"date":"2021-01-20T14:27:35","date_gmt":"2021-01-20T13:27:35","guid":{"rendered":"https:\/\/deltaimage.de\/wp\/?p=27245"},"modified":"2025-08-18T20:23:14","modified_gmt":"2025-08-18T18:23:14","slug":"schneit-es-im-bayerischen-wald-2","status":"publish","type":"post","link":"https:\/\/deltaimage.de\/wp\/?p=27245","title":{"rendered":"Schneit es im Bayerischen Wald ?"},"content":{"rendered":"<p>Aus gut unterrichteter Quelle wurde uns vom Vor-Ort-Reporter passendes Bildmaterial zugespielt.<\/p>\n<blockquote>\n<pre>Sehen Sie selbst!<\/pre>\n<\/blockquote>\n<p>&nbsp;<\/p>\n<h2>Es schneit im Bayerischen Wald!<\/h2>\n<p>Uns wird berichtet, dass zum Freimachen von Wegen schwerstes Material zum Einsatz kommt und die Manna bis sp\u00e4t in die Nacht auf\u2019m Bulldog sitzen und den Schnee wegfahren.<\/p>\n<p><img loading=\"lazy\" decoding=\"async\" class=\"aligncenter size-full wp-image-2923\" src=\"https:\/\/i1.wp.com\/bayerwaldteam.eu\/wp-content\/uploads\/2021\/01\/IMG_0691-2_900.jpg?resize=890%2C593&amp;ssl=1\" sizes=\"auto, (max-width: 890px) 100vw, 890px\" srcset=\"https:\/\/i1.wp.com\/bayerwaldteam.eu\/wp-content\/uploads\/2021\/01\/IMG_0691-2_900.jpg?w=890&amp;ssl=1 890w, https:\/\/i1.wp.com\/bayerwaldteam.eu\/wp-content\/uploads\/2021\/01\/IMG_0691-2_900.jpg?resize=300%2C200&amp;ssl=1 300w, https:\/\/i1.wp.com\/bayerwaldteam.eu\/wp-content\/uploads\/2021\/01\/IMG_0691-2_900.jpg?resize=768%2C512&amp;ssl=1 768w, https:\/\/i1.wp.com\/bayerwaldteam.eu\/wp-content\/uploads\/2021\/01\/IMG_0691-2_900.jpg?resize=600%2C400&amp;ssl=1 600w, https:\/\/i1.wp.com\/bayerwaldteam.eu\/wp-content\/uploads\/2021\/01\/IMG_0691-2_900.jpg?resize=200%2C133&amp;ssl=1 200w\" alt=\"\" width=\"890\" height=\"593\" data-attachment-id=\"2923\" data-permalink=\"https:\/\/bayerwaldteam.eu\/2021\/01\/20\/schneit-es-im-bayerischen-wald\/img_0691-2_900\/#main\" data-orig-file=\"https:\/\/i1.wp.com\/bayerwaldteam.eu\/wp-content\/uploads\/2021\/01\/IMG_0691-2_900.jpg?fit=890%2C593&amp;ssl=1\" data-orig-size=\"890,593\" data-comments-opened=\"1\" data-image-meta=\"{&quot;aperture&quot;:&quot;0&quot;,&quot;credit&quot;:&quot;&quot;,&quot;camera&quot;:&quot;&quot;,&quot;caption&quot;:&quot;&quot;,&quot;created_timestamp&quot;:&quot;0&quot;,&quot;copyright&quot;:&quot;&quot;,&quot;focal_length&quot;:&quot;0&quot;,&quot;iso&quot;:&quot;0&quot;,&quot;shutter_speed&quot;:&quot;0&quot;,&quot;title&quot;:&quot;&quot;,&quot;orientation&quot;:&quot;0&quot;}\" data-image-title=\"IMG_0691-2_900\" data-image-description=\"\" data-medium-file=\"https:\/\/i1.wp.com\/bayerwaldteam.eu\/wp-content\/uploads\/2021\/01\/IMG_0691-2_900.jpg?fit=300%2C200&amp;ssl=1\" data-large-file=\"https:\/\/i1.wp.com\/bayerwaldteam.eu\/wp-content\/uploads\/2021\/01\/IMG_0691-2_900.jpg?fit=890%2C593&amp;ssl=1\" data-recalc-dims=\"1\" \/><\/p>\n<blockquote>\n<pre>Anschlie\u00dfend haben sich die Burschen scho a ordentliche Brotzeit verdient!<\/pre>\n<\/blockquote>\n<p>Und da Traktor freut sich auch auf a ruhiges Platzl im Schupf\u2018 n.<\/p>\n","protected":false},"excerpt":{"rendered":"<p>Aus gut unterrichteter Quelle wurde uns vom Vor-Ort-Reporter passendes Bildmaterial zugespielt. Sehen Sie selbst! &nbsp; Es schneit im Bayerischen Wald! Uns wird berichtet, dass zum Freimachen von Wegen schwerstes Material [&hellip;]<\/p>\n","protected":false},"author":1,"featured_media":27243,"comment_status":"open","ping_status":"closed","sticky":false,"template":"","format":"standard","meta":{"wpupg_custom_link":[],"wpupg_custom_link_behaviour":["default"],"wpupg_custom_link_nofollow":["default"],"wpupg_custom_image":[],"wpupg_custom_image_id":[],"jetpack_post_was_ever_published":false,"footnotes":""},"categories":[861,8],"tags":[595,594,2713,1981,541,452,2529],"class_list":["post-27245","post","type-post","status-publish","format-standard","has-post-thumbnail","hentry","category-bayerwaldteam","category-news","tag-bayerischer-wald","tag-bayerwaldteam","tag-hauzenberg","tag-news-blog","tag-schnee","tag-winter","tag-www-bayerwaldteam-eu"],"jetpack_featured_media_url":"https:\/\/i0.wp.com\/deltaimage.de\/wp\/wp-content\/uploads\/IMG_0689-2_1200.jpg?fit=1200%2C450&ssl=1","jetpack-related-posts":[{"id":32507,"url":"https:\/\/deltaimage.de\/wp\/?p=32507","url_meta":{"origin":27245,"position":0},"title":"Winter im Bayerischen Wald zum Jahreswechsel","author":"EschbacP","date":"3. Januar 2022","format":false,"excerpt":"Zum Winter und vor allem auch zu Weihnachten geh\u00f6rt Schnee und K\u00e4lte. Zusammen mit Hubert gehen wir im Bayerischen Wald nachschauen, ob wir im Bayerischen Wald dazu passende Wintermotive finden k\u00f6nnen. Zum Jahreswechsel 2021 \/ 2022 wollen wir den Blick in den winterlichen Bayerischen Wald richten. Der Winter ist da,\u2026","rel":"","context":"In &quot;BAYERWALDTEAM&quot;","block_context":{"text":"BAYERWALDTEAM","link":"https:\/\/deltaimage.de\/wp\/?cat=861"},"img":{"alt_text":"","src":"https:\/\/i0.wp.com\/deltaimage.de\/wp\/wp-content\/uploads\/AK3I9873_1200.jpg?fit=1200%2C450&ssl=1&resize=350%2C200","width":350,"height":200,"srcset":"https:\/\/i0.wp.com\/deltaimage.de\/wp\/wp-content\/uploads\/AK3I9873_1200.jpg?fit=1200%2C450&ssl=1&resize=350%2C200 1x, https:\/\/i0.wp.com\/deltaimage.de\/wp\/wp-content\/uploads\/AK3I9873_1200.jpg?fit=1200%2C450&ssl=1&resize=525%2C300 1.5x, https:\/\/i0.wp.com\/deltaimage.de\/wp\/wp-content\/uploads\/AK3I9873_1200.jpg?fit=1200%2C450&ssl=1&resize=700%2C400 2x, https:\/\/i0.wp.com\/deltaimage.de\/wp\/wp-content\/uploads\/AK3I9873_1200.jpg?fit=1200%2C450&ssl=1&resize=1050%2C600 3x"},"classes":[]},{"id":21035,"url":"https:\/\/deltaimage.de\/wp\/?p=21035","url_meta":{"origin":27245,"position":1},"title":"BAYERWALDTEAM &#8211; Fotoeins\u00e4tze im Bayerischen Wald","author":"EschbacP","date":"30. Januar 2019","format":false,"excerpt":"Fotografie im Winter im Bayerischen Wald - alle Jahre wieder ein geliebtes Einsatzgebiet im BAYERWALDTEAM. \u00a0 Winter und Schnee - da muss der Fotograf auch zur Schneeschippe greifen \u00dcber Nacht kommt Schnee - viel Schnee. Der Bayerische Wald ist fr\u00fch morgens ein Winter-Wunderland und der Tag hat pl\u00f6tzlich andere Priorit\u00e4ten.\u2026","rel":"","context":"In &quot;BAYERWALDTEAM&quot;","block_context":{"text":"BAYERWALDTEAM","link":"https:\/\/deltaimage.de\/wp\/?cat=861"},"img":{"alt_text":"","src":"https:\/\/i0.wp.com\/deltaimage.de\/wp\/wp-content\/uploads\/PE1S0081_1200-1.jpg?fit=1200%2C450&ssl=1&resize=350%2C200","width":350,"height":200,"srcset":"https:\/\/i0.wp.com\/deltaimage.de\/wp\/wp-content\/uploads\/PE1S0081_1200-1.jpg?fit=1200%2C450&ssl=1&resize=350%2C200 1x, https:\/\/i0.wp.com\/deltaimage.de\/wp\/wp-content\/uploads\/PE1S0081_1200-1.jpg?fit=1200%2C450&ssl=1&resize=525%2C300 1.5x, https:\/\/i0.wp.com\/deltaimage.de\/wp\/wp-content\/uploads\/PE1S0081_1200-1.jpg?fit=1200%2C450&ssl=1&resize=700%2C400 2x, https:\/\/i0.wp.com\/deltaimage.de\/wp\/wp-content\/uploads\/PE1S0081_1200-1.jpg?fit=1200%2C450&ssl=1&resize=1050%2C600 3x"},"classes":[]},{"id":13072,"url":"https:\/\/deltaimage.de\/wp\/?p=13072","url_meta":{"origin":27245,"position":2},"title":"Die Winterspiele im Bayerischen Wald k\u00f6nnen beginnen!","author":"EschbacP","date":"4. Januar 2017","format":false,"excerpt":"Die Winterspiele mit viel Schnee und Eis und kreativer Fotografie im Bayerwaldteam\u00a0im Winter des\u00a0Bayerischen Waldes k\u00f6nnen beginnen. Das Wetter passt, der Bayerische Wald ist tief im Winter versunken und eine unendliche Motivvielfalt steht uns zur Verf\u00fcgung - man muss nur die Motive des Winters entdecken und an die oft weit\u2026","rel":"","context":"In &quot;BAYERWALDTEAM&quot;","block_context":{"text":"BAYERWALDTEAM","link":"https:\/\/deltaimage.de\/wp\/?cat=861"},"img":{"alt_text":"","src":"https:\/\/i0.wp.com\/deltaimage.de\/wp\/wp-content\/uploads\/PE1S1684_1200.jpg?fit=1200%2C450&ssl=1&resize=350%2C200","width":350,"height":200,"srcset":"https:\/\/i0.wp.com\/deltaimage.de\/wp\/wp-content\/uploads\/PE1S1684_1200.jpg?fit=1200%2C450&ssl=1&resize=350%2C200 1x, https:\/\/i0.wp.com\/deltaimage.de\/wp\/wp-content\/uploads\/PE1S1684_1200.jpg?fit=1200%2C450&ssl=1&resize=525%2C300 1.5x, https:\/\/i0.wp.com\/deltaimage.de\/wp\/wp-content\/uploads\/PE1S1684_1200.jpg?fit=1200%2C450&ssl=1&resize=700%2C400 2x, https:\/\/i0.wp.com\/deltaimage.de\/wp\/wp-content\/uploads\/PE1S1684_1200.jpg?fit=1200%2C450&ssl=1&resize=1050%2C600 3x"},"classes":[]},{"id":13127,"url":"https:\/\/deltaimage.de\/wp\/?p=13127","url_meta":{"origin":27245,"position":3},"title":"Vom Bayerischen Wald ins Dachstein Gebirge &#8211; nur einen Augenblick entfernt","author":"EschbacP","date":"7. Januar 2017","format":false,"excerpt":"Am Tag f\u00fcnf der Winterspiele im Bayerischen Wald stand eigentlich erneut der Gro\u00dfe Arber als K\u00f6nig des Bayerischen Waldes auf dem Programm. Das Fotoprogramm wird in der Landschaftsfotografie sehr oft durch das Licht, das Wetter oder die Stimmung in der Landschaft geschrieben. Die Landschaft ist von Schnee und Eis \u00fcberzogen\u2026","rel":"","context":"In &quot;BAYERWALDTEAM&quot;","block_context":{"text":"BAYERWALDTEAM","link":"https:\/\/deltaimage.de\/wp\/?cat=861"},"img":{"alt_text":"","src":"https:\/\/i0.wp.com\/deltaimage.de\/wp\/wp-content\/uploads\/PE1S1667_1200.jpg?fit=1200%2C450&ssl=1&resize=350%2C200","width":350,"height":200,"srcset":"https:\/\/i0.wp.com\/deltaimage.de\/wp\/wp-content\/uploads\/PE1S1667_1200.jpg?fit=1200%2C450&ssl=1&resize=350%2C200 1x, https:\/\/i0.wp.com\/deltaimage.de\/wp\/wp-content\/uploads\/PE1S1667_1200.jpg?fit=1200%2C450&ssl=1&resize=525%2C300 1.5x, https:\/\/i0.wp.com\/deltaimage.de\/wp\/wp-content\/uploads\/PE1S1667_1200.jpg?fit=1200%2C450&ssl=1&resize=700%2C400 2x, https:\/\/i0.wp.com\/deltaimage.de\/wp\/wp-content\/uploads\/PE1S1667_1200.jpg?fit=1200%2C450&ssl=1&resize=1050%2C600 3x"},"classes":[]},{"id":20097,"url":"https:\/\/deltaimage.de\/wp\/?p=20097","url_meta":{"origin":27245,"position":4},"title":"Der Jahreskreis im Bayerischen Wald \u2013 Kalender 2009 vom BAYERWALDTEAM","author":"EschbacP","date":"25. August 2018","format":false,"excerpt":"Der Jahreskreis im Bayerischen Wald begleitet die Menschen im Woid das ganze Jahr hindurch. Im Jahr 2009 war dies auch nicht nur so dahin gesagt. Der SSL Verlag brachte eine Kalenderproduktion mit Bildern vom BAYERWALDTEAM \u2013 Huber Bauer-Falkner f\u00fcr das ganze Jahr. Der Kalender d\u00fcrfte inzwischen von den W\u00e4nden der\u2026","rel":"","context":"In &quot;BAYERWALDTEAM&quot;","block_context":{"text":"BAYERWALDTEAM","link":"https:\/\/deltaimage.de\/wp\/?cat=861"},"img":{"alt_text":"","src":"https:\/\/i0.wp.com\/deltaimage.de\/wp\/wp-content\/uploads\/der-jahreskreis-im-bayerischen-wald-kalender-2009-vom-bayerwaldteam.jpg?fit=425%2C600&ssl=1&resize=350%2C200","width":350,"height":200},"classes":[]},{"id":38821,"url":"https:\/\/deltaimage.de\/wp\/?p=38821","url_meta":{"origin":27245,"position":5},"title":"Paul (BAYERWALDTEAM) in Eis und Schnee auf Bildersuche im Bayerischen Wald","author":"EschbacP","date":"14. Februar 2023","format":false,"excerpt":"Das Fotoabenteuer im winterlichen Bayerischen Wald spielt in drei Abschnitten. Wir waren viel Zeit drau\u00dfen in der Natur und Landschaft, um den auch hier nicht mehr so selbstverst\u00e4ndlichen Winter in unseren Bildern festhalten zu k\u00f6nnen. \u00a0 Foto-Abenteuer #1 am Gro\u00dfen Arber mit \u00dcbernachtung im Schutzhaus Zwei Tage und eine Nacht\u2026","rel":"","context":"In &quot;BAYERWALDTEAM&quot;","block_context":{"text":"BAYERWALDTEAM","link":"https:\/\/deltaimage.de\/wp\/?cat=861"},"img":{"alt_text":"","src":"https:\/\/i0.wp.com\/deltaimage.de\/wp\/wp-content\/uploads\/AK3I0654_1200.jpg?fit=1200%2C450&ssl=1&resize=350%2C200","width":350,"height":200,"srcset":"https:\/\/i0.wp.com\/deltaimage.de\/wp\/wp-content\/uploads\/AK3I0654_1200.jpg?fit=1200%2C450&ssl=1&resize=350%2C200 1x, https:\/\/i0.wp.com\/deltaimage.de\/wp\/wp-content\/uploads\/AK3I0654_1200.jpg?fit=1200%2C450&ssl=1&resize=525%2C300 1.5x, https:\/\/i0.wp.com\/deltaimage.de\/wp\/wp-content\/uploads\/AK3I0654_1200.jpg?fit=1200%2C450&ssl=1&resize=700%2C400 2x, https:\/\/i0.wp.com\/deltaimage.de\/wp\/wp-content\/uploads\/AK3I0654_1200.jpg?fit=1200%2C450&ssl=1&resize=1050%2C600 3x"},"classes":[]}],"jetpack_sharing_enabled":true,"_links":{"self":[{"href":"https:\/\/deltaimage.de\/wp\/index.php?rest_route=\/wp\/v2\/posts\/27245","targetHints":{"allow":["GET"]}}],"collection":[{"href":"https:\/\/deltaimage.de\/wp\/index.php?rest_route=\/wp\/v2\/posts"}],"about":[{"href":"https:\/\/deltaimage.de\/wp\/index.php?rest_route=\/wp\/v2\/types\/post"}],"author":[{"embeddable":true,"href":"https:\/\/deltaimage.de\/wp\/index.php?rest_route=\/wp\/v2\/users\/1"}],"replies":[{"embeddable":true,"href":"https:\/\/deltaimage.de\/wp\/index.php?rest_route=%2Fwp%2Fv2%2Fcomments&post=27245"}],"version-history":[{"count":3,"href":"https:\/\/deltaimage.de\/wp\/index.php?rest_route=\/wp\/v2\/posts\/27245\/revisions"}],"predecessor-version":[{"id":51124,"href":"https:\/\/deltaimage.de\/wp\/index.php?rest_route=\/wp\/v2\/posts\/27245\/revisions\/51124"}],"wp:featuredmedia":[{"embeddable":true,"href":"https:\/\/deltaimage.de\/wp\/index.php?rest_route=\/wp\/v2\/media\/27243"}],"wp:attachment":[{"href":"https:\/\/deltaimage.de\/wp\/index.php?rest_route=%2Fwp%2Fv2%2Fmedia&parent=27245"}],"wp:term":[{"taxonomy":"category","embeddable":true,"href":"https:\/\/deltaimage.de\/wp\/index.php?rest_route=%2Fwp%2Fv2%2Fcategories&post=27245"},{"taxonomy":"post_tag","embeddable":true,"href":"https:\/\/deltaimage.de\/wp\/index.php?rest_route=%2Fwp%2Fv2%2Ftags&post=27245"}],"curies":[{"name":"wp","href":"https:\/\/api.w.org\/{rel}","templated":true}]}}