{"id":27259,"date":"2021-01-23T17:24:21","date_gmt":"2021-01-23T16:24:21","guid":{"rendered":"https:\/\/deltaimage.de\/wp\/?p=27259"},"modified":"2025-08-18T20:22:01","modified_gmt":"2025-08-18T18:22:01","slug":"das-dachauer-moos-in-wort-und-bild","status":"publish","type":"post","link":"https:\/\/deltaimage.de\/wp\/?p=27259","title":{"rendered":"Das Dachauer Moos in Wort und Bild"},"content":{"rendered":"<p>Das liebgewonnene Dachauer Moos bekommt wieder ein herrlich ausgef\u00fchrtes Buch mit 242 Seiten Umfang.<\/p>\n<h2><a href=\"https:\/\/i0.wp.com\/deltaimage.de\/wp\/wp-content\/uploads\/IMG_6255_900.jpg?ssl=1\"><img data-recalc-dims=\"1\" loading=\"lazy\" decoding=\"async\" data-attachment-id=\"27266\" data-permalink=\"https:\/\/deltaimage.de\/wp\/?attachment_id=27266#main\" data-orig-file=\"https:\/\/i0.wp.com\/deltaimage.de\/wp\/wp-content\/uploads\/IMG_6255_900.jpg?fit=745%2C890&amp;ssl=1\" data-orig-size=\"745,890\" data-comments-opened=\"1\" data-image-meta=\"{&quot;aperture&quot;:&quot;13&quot;,&quot;credit&quot;:&quot;PAUL ESCHBACH&quot;,&quot;camera&quot;:&quot;Canon EOS 80D&quot;,&quot;caption&quot;:&quot;&quot;,&quot;created_timestamp&quot;:&quot;1611249882&quot;,&quot;copyright&quot;:&quot;Paul Eschbach @ DELTA IMAGE&quot;,&quot;focal_length&quot;:&quot;38&quot;,&quot;iso&quot;:&quot;200&quot;,&quot;shutter_speed&quot;:&quot;0.008&quot;,&quot;title&quot;:&quot;&quot;,&quot;orientation&quot;:&quot;0&quot;}\" data-image-title=\"IMG_6255_900\" data-image-description=\"\" data-image-caption=\"\" data-large-file=\"https:\/\/i0.wp.com\/deltaimage.de\/wp\/wp-content\/uploads\/IMG_6255_900.jpg?fit=745%2C890&amp;ssl=1\" class=\"aligncenter size-full wp-image-27266\" src=\"https:\/\/i0.wp.com\/deltaimage.de\/wp\/wp-content\/uploads\/IMG_6255_900.jpg?resize=745%2C890&#038;ssl=1\" alt=\"IMG\" width=\"745\" height=\"890\" srcset=\"https:\/\/i0.wp.com\/deltaimage.de\/wp\/wp-content\/uploads\/IMG_6255_900.jpg?w=745&amp;ssl=1 745w, https:\/\/i0.wp.com\/deltaimage.de\/wp\/wp-content\/uploads\/IMG_6255_900.jpg?resize=502%2C600&amp;ssl=1 502w, https:\/\/i0.wp.com\/deltaimage.de\/wp\/wp-content\/uploads\/IMG_6255_900.jpg?resize=167%2C200&amp;ssl=1 167w, https:\/\/i0.wp.com\/deltaimage.de\/wp\/wp-content\/uploads\/IMG_6255_900.jpg?resize=496%2C593&amp;ssl=1 496w, https:\/\/i0.wp.com\/deltaimage.de\/wp\/wp-content\/uploads\/IMG_6255_900.jpg?resize=377%2C450&amp;ssl=1 377w, https:\/\/i0.wp.com\/deltaimage.de\/wp\/wp-content\/uploads\/IMG_6255_900.jpg?resize=335%2C400&amp;ssl=1 335w\" sizes=\"auto, (max-width: 745px) 100vw, 745px\" \/><\/a><\/h2>\n<h2><\/h2>\n<p><!--more--><\/p>\n<h2>Der Dachauer Moos Verein e.V. wurde 25 Jahre alt &#8211; Jubil\u00e4umsbuch<\/h2>\n<p>Die Verbandsmitglieder im Dachauer Moos Verein e.V. haben alle zusammen ein ganz herrliches Buch \u00fcber diese Natur- und Kulturlandschaft umgesetzt. Das Buch ist voll mit historischen und aktuellen Fotos &#8211; ja sogar sehr viele Luftbilder, was mich ganz besonders freut.<\/p>\n<p><a href=\"https:\/\/i0.wp.com\/deltaimage.de\/wp\/wp-content\/uploads\/IMG_6257_900.jpg?ssl=1\"><img data-recalc-dims=\"1\" loading=\"lazy\" decoding=\"async\" data-attachment-id=\"27265\" data-permalink=\"https:\/\/deltaimage.de\/wp\/?attachment_id=27265#main\" data-orig-file=\"https:\/\/i0.wp.com\/deltaimage.de\/wp\/wp-content\/uploads\/IMG_6257_900.jpg?fit=890%2C453&amp;ssl=1\" data-orig-size=\"890,453\" data-comments-opened=\"1\" data-image-meta=\"{&quot;aperture&quot;:&quot;13&quot;,&quot;credit&quot;:&quot;PAUL ESCHBACH&quot;,&quot;camera&quot;:&quot;Canon EOS 80D&quot;,&quot;caption&quot;:&quot;&quot;,&quot;created_timestamp&quot;:&quot;1611249971&quot;,&quot;copyright&quot;:&quot;Paul Eschbach @ DELTA IMAGE&quot;,&quot;focal_length&quot;:&quot;43&quot;,&quot;iso&quot;:&quot;200&quot;,&quot;shutter_speed&quot;:&quot;0.008&quot;,&quot;title&quot;:&quot;&quot;,&quot;orientation&quot;:&quot;0&quot;}\" data-image-title=\"IMG_6257_900\" data-image-description=\"\" data-image-caption=\"\" data-large-file=\"https:\/\/i0.wp.com\/deltaimage.de\/wp\/wp-content\/uploads\/IMG_6257_900.jpg?fit=890%2C453&amp;ssl=1\" class=\"aligncenter size-full wp-image-27265\" src=\"https:\/\/i0.wp.com\/deltaimage.de\/wp\/wp-content\/uploads\/IMG_6257_900.jpg?resize=890%2C453&#038;ssl=1\" alt=\"IMG\" width=\"890\" height=\"453\" srcset=\"https:\/\/i0.wp.com\/deltaimage.de\/wp\/wp-content\/uploads\/IMG_6257_900.jpg?w=890&amp;ssl=1 890w, https:\/\/i0.wp.com\/deltaimage.de\/wp\/wp-content\/uploads\/IMG_6257_900.jpg?resize=300%2C153&amp;ssl=1 300w, https:\/\/i0.wp.com\/deltaimage.de\/wp\/wp-content\/uploads\/IMG_6257_900.jpg?resize=884%2C450&amp;ssl=1 884w, https:\/\/i0.wp.com\/deltaimage.de\/wp\/wp-content\/uploads\/IMG_6257_900.jpg?resize=786%2C400&amp;ssl=1 786w\" sizes=\"auto, (max-width: 890px) 100vw, 890px\" \/><\/a><\/p>\n<p>Ich wei\u00df gar nicht wo ich beginnen soll zum Lesen und Studieren. So viele sch\u00f6nen Texte. Und dann wieder ganz hervorragende Fotos, und weiter geht es &#8230;<\/p>\n<p><a href=\"https:\/\/i0.wp.com\/deltaimage.de\/wp\/wp-content\/uploads\/IMG_6263_900.jpg?ssl=1\"><img data-recalc-dims=\"1\" loading=\"lazy\" decoding=\"async\" data-attachment-id=\"27260\" data-permalink=\"https:\/\/deltaimage.de\/wp\/?attachment_id=27260#main\" data-orig-file=\"https:\/\/i0.wp.com\/deltaimage.de\/wp\/wp-content\/uploads\/IMG_6263_900.jpg?fit=890%2C588&amp;ssl=1\" data-orig-size=\"890,588\" data-comments-opened=\"1\" data-image-meta=\"{&quot;aperture&quot;:&quot;13&quot;,&quot;credit&quot;:&quot;PAUL ESCHBACH&quot;,&quot;camera&quot;:&quot;Canon EOS 80D&quot;,&quot;caption&quot;:&quot;&quot;,&quot;created_timestamp&quot;:&quot;1611250142&quot;,&quot;copyright&quot;:&quot;Paul Eschbach @ DELTA IMAGE&quot;,&quot;focal_length&quot;:&quot;55&quot;,&quot;iso&quot;:&quot;200&quot;,&quot;shutter_speed&quot;:&quot;0.008&quot;,&quot;title&quot;:&quot;&quot;,&quot;orientation&quot;:&quot;0&quot;}\" data-image-title=\"IMG_6263_900\" data-image-description=\"\" data-image-caption=\"\" data-large-file=\"https:\/\/i0.wp.com\/deltaimage.de\/wp\/wp-content\/uploads\/IMG_6263_900.jpg?fit=890%2C588&amp;ssl=1\" class=\"aligncenter size-full wp-image-27260\" src=\"https:\/\/i0.wp.com\/deltaimage.de\/wp\/wp-content\/uploads\/IMG_6263_900.jpg?resize=890%2C588&#038;ssl=1\" alt=\"IMG\" width=\"890\" height=\"588\" srcset=\"https:\/\/i0.wp.com\/deltaimage.de\/wp\/wp-content\/uploads\/IMG_6263_900.jpg?w=890&amp;ssl=1 890w, https:\/\/i0.wp.com\/deltaimage.de\/wp\/wp-content\/uploads\/IMG_6263_900.jpg?resize=300%2C198&amp;ssl=1 300w, https:\/\/i0.wp.com\/deltaimage.de\/wp\/wp-content\/uploads\/IMG_6263_900.jpg?resize=681%2C450&amp;ssl=1 681w, https:\/\/i0.wp.com\/deltaimage.de\/wp\/wp-content\/uploads\/IMG_6263_900.jpg?resize=605%2C400&amp;ssl=1 605w, https:\/\/i0.wp.com\/deltaimage.de\/wp\/wp-content\/uploads\/IMG_6263_900.jpg?resize=200%2C133&amp;ssl=1 200w\" sizes=\"auto, (max-width: 890px) 100vw, 890px\" \/><\/a><\/p>\n<p>&nbsp;<\/p>\n<h2>Das Buch ist nicht verk\u00e4uflich und ist nicht im Handel verf\u00fcgbar<\/h2>\n<p>Die Mitglieder des Dachauer Moos Verein e.V.\u00a0 bekommen die B\u00fccher \u00fcber den Mitgliedsbeitrag und verwenden es im Rahmen der gemeindlichen Aufgaben an verdiente B\u00fcrger um die Gemeinde und das Dachauer Moos.<\/p>\n<p><a href=\"https:\/\/i0.wp.com\/deltaimage.de\/wp\/wp-content\/uploads\/IMG_6258_900.jpg?ssl=1\"><img data-recalc-dims=\"1\" loading=\"lazy\" decoding=\"async\" data-attachment-id=\"27264\" data-permalink=\"https:\/\/deltaimage.de\/wp\/?attachment_id=27264#main\" data-orig-file=\"https:\/\/i0.wp.com\/deltaimage.de\/wp\/wp-content\/uploads\/IMG_6258_900.jpg?fit=890%2C453&amp;ssl=1\" data-orig-size=\"890,453\" data-comments-opened=\"1\" data-image-meta=\"{&quot;aperture&quot;:&quot;13&quot;,&quot;credit&quot;:&quot;PAUL ESCHBACH&quot;,&quot;camera&quot;:&quot;Canon EOS 80D&quot;,&quot;caption&quot;:&quot;&quot;,&quot;created_timestamp&quot;:&quot;1611250014&quot;,&quot;copyright&quot;:&quot;Paul Eschbach @ DELTA IMAGE&quot;,&quot;focal_length&quot;:&quot;43&quot;,&quot;iso&quot;:&quot;200&quot;,&quot;shutter_speed&quot;:&quot;0.008&quot;,&quot;title&quot;:&quot;&quot;,&quot;orientation&quot;:&quot;0&quot;}\" data-image-title=\"IMG_6258_900\" data-image-description=\"\" data-image-caption=\"\" data-large-file=\"https:\/\/i0.wp.com\/deltaimage.de\/wp\/wp-content\/uploads\/IMG_6258_900.jpg?fit=890%2C453&amp;ssl=1\" class=\"aligncenter size-full wp-image-27264\" src=\"https:\/\/i0.wp.com\/deltaimage.de\/wp\/wp-content\/uploads\/IMG_6258_900.jpg?resize=890%2C453&#038;ssl=1\" alt=\"IMG\" width=\"890\" height=\"453\" srcset=\"https:\/\/i0.wp.com\/deltaimage.de\/wp\/wp-content\/uploads\/IMG_6258_900.jpg?w=890&amp;ssl=1 890w, https:\/\/i0.wp.com\/deltaimage.de\/wp\/wp-content\/uploads\/IMG_6258_900.jpg?resize=300%2C153&amp;ssl=1 300w, https:\/\/i0.wp.com\/deltaimage.de\/wp\/wp-content\/uploads\/IMG_6258_900.jpg?resize=884%2C450&amp;ssl=1 884w, https:\/\/i0.wp.com\/deltaimage.de\/wp\/wp-content\/uploads\/IMG_6258_900.jpg?resize=786%2C400&amp;ssl=1 786w\" sizes=\"auto, (max-width: 890px) 100vw, 890px\" \/><\/a><\/p>\n<h2>Nein &#8211; das Buch ist nicht von DELTA IMAGE<\/h2>\n<p>Aber wir sind nicht ganz unschuldig an diesem Buch, zumindest an dessen Initialidee dazu waren wir im Jahr 2018 beteiligt.<\/p>\n<p><a href=\"https:\/\/i0.wp.com\/deltaimage.de\/wp\/wp-content\/uploads\/IMG_6259_900.jpg?ssl=1\"><img data-recalc-dims=\"1\" loading=\"lazy\" decoding=\"async\" data-attachment-id=\"27263\" data-permalink=\"https:\/\/deltaimage.de\/wp\/?attachment_id=27263#main\" data-orig-file=\"https:\/\/i0.wp.com\/deltaimage.de\/wp\/wp-content\/uploads\/IMG_6259_900.jpg?fit=890%2C453&amp;ssl=1\" data-orig-size=\"890,453\" data-comments-opened=\"1\" data-image-meta=\"{&quot;aperture&quot;:&quot;13&quot;,&quot;credit&quot;:&quot;PAUL ESCHBACH&quot;,&quot;camera&quot;:&quot;Canon EOS 80D&quot;,&quot;caption&quot;:&quot;&quot;,&quot;created_timestamp&quot;:&quot;1611250044&quot;,&quot;copyright&quot;:&quot;Paul Eschbach @ DELTA IMAGE&quot;,&quot;focal_length&quot;:&quot;43&quot;,&quot;iso&quot;:&quot;200&quot;,&quot;shutter_speed&quot;:&quot;0.008&quot;,&quot;title&quot;:&quot;&quot;,&quot;orientation&quot;:&quot;0&quot;}\" data-image-title=\"IMG_6259_900\" data-image-description=\"\" data-image-caption=\"\" data-large-file=\"https:\/\/i0.wp.com\/deltaimage.de\/wp\/wp-content\/uploads\/IMG_6259_900.jpg?fit=890%2C453&amp;ssl=1\" class=\"aligncenter size-full wp-image-27263\" src=\"https:\/\/i0.wp.com\/deltaimage.de\/wp\/wp-content\/uploads\/IMG_6259_900.jpg?resize=890%2C453&#038;ssl=1\" alt=\"IMG\" width=\"890\" height=\"453\" srcset=\"https:\/\/i0.wp.com\/deltaimage.de\/wp\/wp-content\/uploads\/IMG_6259_900.jpg?w=890&amp;ssl=1 890w, https:\/\/i0.wp.com\/deltaimage.de\/wp\/wp-content\/uploads\/IMG_6259_900.jpg?resize=300%2C153&amp;ssl=1 300w, https:\/\/i0.wp.com\/deltaimage.de\/wp\/wp-content\/uploads\/IMG_6259_900.jpg?resize=884%2C450&amp;ssl=1 884w, https:\/\/i0.wp.com\/deltaimage.de\/wp\/wp-content\/uploads\/IMG_6259_900.jpg?resize=786%2C400&amp;ssl=1 786w\" sizes=\"auto, (max-width: 890px) 100vw, 890px\" \/><\/a><\/p>\n<p>Herzlichen Gl\u00fcckwunsch lieber Dachauer Moos Verein e.V. zu diesem neuen &#8222;Schm\u00f6ker&#8220;.<\/p>\n","protected":false},"excerpt":{"rendered":"<p>Das liebgewonnene Dachauer Moos bekommt wieder ein herrlich ausgef\u00fchrtes Buch mit 242 Seiten Umfang.<\/p>\n","protected":false},"author":1,"featured_media":27262,"comment_status":"open","ping_status":"closed","sticky":false,"template":"","format":"standard","meta":{"wpupg_custom_link":[],"wpupg_custom_link_behaviour":["default"],"wpupg_custom_link_nofollow":["default"],"wpupg_custom_image":[],"wpupg_custom_image_id":[],"jetpack_post_was_ever_published":false,"footnotes":""},"categories":[3010,2523,8],"tags":[1574,487,775,2925,2924,89,959,1177],"class_list":["post-27259","post","type-post","status-publish","format-standard","has-post-thumbnail","hentry","category-dachauer-land","category-dachauer-moos","category-news","tag-25-jahre","tag-buch","tag-dachauer-moos","tag-dachauer-moos-verein","tag-kulturlandschaft","tag-landschaft","tag-moos","tag-naturlandschaft"],"jetpack_featured_media_url":"https:\/\/i0.wp.com\/deltaimage.de\/wp\/wp-content\/uploads\/IMG_6260_1200.jpg?fit=1200%2C450&ssl=1","jetpack-related-posts":[{"id":48830,"url":"https:\/\/deltaimage.de\/wp\/?p=48830","url_meta":{"origin":27259,"position":0},"title":"Am Sonntag im Wasserturm: Geschichte der Glonn und des Dachauer Mooses in Themenvortr\u00e4gen","author":"EschbacP","date":"12. April 2025","format":false,"excerpt":"Die Fest- und Foto-Ausstellung l\u00e4uft nun schon seit dem 21. M\u00e4rz 2025 im Dachauer Wasserturm und man glaubt es kaum, auch am vierten Wochenende ist der Turm trotz des sch\u00f6nen Fr\u00fchlingswetters den ganzen Tag \u00fcber voll. Andauernd f\u00fchre ich Besuchergruppen durch die drei Stockwerke der Ausstellung. Das \u00fcberrascht so manchen\u2026","rel":"","context":"In &quot;Dachauer Land&quot;","block_context":{"text":"Dachauer Land","link":"https:\/\/deltaimage.de\/wp\/?cat=3010"},"img":{"alt_text":"","src":"https:\/\/i0.wp.com\/deltaimage.de\/wp\/wp-content\/uploads\/IMG_20250307_095011_1200.jpg?fit=1200%2C450&ssl=1&resize=350%2C200","width":350,"height":200,"srcset":"https:\/\/i0.wp.com\/deltaimage.de\/wp\/wp-content\/uploads\/IMG_20250307_095011_1200.jpg?fit=1200%2C450&ssl=1&resize=350%2C200 1x, https:\/\/i0.wp.com\/deltaimage.de\/wp\/wp-content\/uploads\/IMG_20250307_095011_1200.jpg?fit=1200%2C450&ssl=1&resize=525%2C300 1.5x, https:\/\/i0.wp.com\/deltaimage.de\/wp\/wp-content\/uploads\/IMG_20250307_095011_1200.jpg?fit=1200%2C450&ssl=1&resize=700%2C400 2x, https:\/\/i0.wp.com\/deltaimage.de\/wp\/wp-content\/uploads\/IMG_20250307_095011_1200.jpg?fit=1200%2C450&ssl=1&resize=1050%2C600 3x"},"classes":[]},{"id":43845,"url":"https:\/\/deltaimage.de\/wp\/?p=43845","url_meta":{"origin":27259,"position":1},"title":"Neues Buch zum Maisacher Moos von Paul Eschbach im Schaufenster","author":"EschbacP","date":"13. September 2024","format":false,"excerpt":"Seit heute ist das neue Buch zum Maisacher Moos (Palsweiser Moos & Fu\u00dfbergmoos) auch im Schaufenster in der Gesch\u00e4ftsstelle des BUND Naturschutz in Bayern e.V. - Kreisgruppe Dachau in der Martin-Huber-Stra\u00dfe 20 in Dachau ausgestellt. Interessierte k\u00f6nnen einen Blick in das Buch werfen. Die Mitarbeiterin Stefanie Rudloff dekoriert noch die\u2026","rel":"","context":"In &quot;Buch&quot;","block_context":{"text":"Buch","link":"https:\/\/deltaimage.de\/wp\/?cat=1189"},"img":{"alt_text":"","src":"https:\/\/i0.wp.com\/deltaimage.de\/wp\/wp-content\/uploads\/1726221346857_1200.jpg?fit=1200%2C450&ssl=1&resize=350%2C200","width":350,"height":200,"srcset":"https:\/\/i0.wp.com\/deltaimage.de\/wp\/wp-content\/uploads\/1726221346857_1200.jpg?fit=1200%2C450&ssl=1&resize=350%2C200 1x, https:\/\/i0.wp.com\/deltaimage.de\/wp\/wp-content\/uploads\/1726221346857_1200.jpg?fit=1200%2C450&ssl=1&resize=525%2C300 1.5x, https:\/\/i0.wp.com\/deltaimage.de\/wp\/wp-content\/uploads\/1726221346857_1200.jpg?fit=1200%2C450&ssl=1&resize=700%2C400 2x, https:\/\/i0.wp.com\/deltaimage.de\/wp\/wp-content\/uploads\/1726221346857_1200.jpg?fit=1200%2C450&ssl=1&resize=1050%2C600 3x"},"classes":[]},{"id":45879,"url":"https:\/\/deltaimage.de\/wp\/?p=45879","url_meta":{"origin":27259,"position":2},"title":"Lohhofer Anzeiger: Neues Buch &#8222;Dachauer Moos&#8220; &#8211; Die Niedermoorlandschaft im Wechsel der Jahreszeiten","author":"EschbacP","date":"5. Oktober 2024","format":false,"excerpt":"Lohhofer Anzeiger: Neues Buch \"Dachauer Moos\" - Die Niedermoorlandschaft im Wechsel der Jahreszeiten \u00a0 Die Niedermoorlandschaft im Wechsel der Jahreszeiten neues Buch \"Dachauer Moos\" Im Dachauer Moos wandelt sich die Niedermoorlandschaft \u00fcber die letzten Jahre durch viele vernetzende Ma\u00dfnahmen im Natur- und Umweltschutz zu einer immer\u00a0 wertvolleren Naturlandschaft. Die Wiedervern\u00e4ssung\u2026","rel":"","context":"In &quot;Buch&quot;","block_context":{"text":"Buch","link":"https:\/\/deltaimage.de\/wp\/?cat=1189"},"img":{"alt_text":"","src":"https:\/\/i0.wp.com\/deltaimage.de\/wp\/wp-content\/uploads\/logo_Lohofer-Anzeiger_950-300x58.jpg?resize=350%2C200&ssl=1","width":350,"height":200},"classes":[]},{"id":48874,"url":"https:\/\/deltaimage.de\/wp\/?p=48874","url_meta":{"origin":27259,"position":3},"title":"Themenvortrag Veranstaltungsb\u00fchne: Robert Rossa zur Entwicklung des Niedermoores im Dachauer Moos","author":"EschbacP","date":"14. April 2025","format":false,"excerpt":"Auf der Veranstaltungsb\u00fchne im Dachauer Wasserturm w\u00fcnschte ich mir lebendige Vortr\u00e4ge \u00fcber Themen der Natur, die eine Beziehung zum Dachauer Moos haben. Nicht nur statische Bilder, Infotafeln und Roll-Ups sollen die Fest- und Foto-Ausstellung ausmachen, sondern im besonderen lebendige Bilder und die Diskussionen zwischen den BesucherInnen \u00fcber Natur-relevante Themen. Dazu\u2026","rel":"","context":"In &quot;Dachauer Land&quot;","block_context":{"text":"Dachauer Land","link":"https:\/\/deltaimage.de\/wp\/?cat=3010"},"img":{"alt_text":"","src":"https:\/\/i0.wp.com\/deltaimage.de\/wp\/wp-content\/uploads\/IMG_20250413_183116_1200.jpg?fit=1200%2C450&ssl=1&resize=350%2C200","width":350,"height":200,"srcset":"https:\/\/i0.wp.com\/deltaimage.de\/wp\/wp-content\/uploads\/IMG_20250413_183116_1200.jpg?fit=1200%2C450&ssl=1&resize=350%2C200 1x, https:\/\/i0.wp.com\/deltaimage.de\/wp\/wp-content\/uploads\/IMG_20250413_183116_1200.jpg?fit=1200%2C450&ssl=1&resize=525%2C300 1.5x, https:\/\/i0.wp.com\/deltaimage.de\/wp\/wp-content\/uploads\/IMG_20250413_183116_1200.jpg?fit=1200%2C450&ssl=1&resize=700%2C400 2x, https:\/\/i0.wp.com\/deltaimage.de\/wp\/wp-content\/uploads\/IMG_20250413_183116_1200.jpg?fit=1200%2C450&ssl=1&resize=1050%2C600 3x"},"classes":[]},{"id":53730,"url":"https:\/\/deltaimage.de\/wp\/?p=53730","url_meta":{"origin":27259,"position":4},"title":"Kunst, Kultur und Natur in Erdweg am Sonntag 8.2.2026","author":"EschbacP","date":"30. Januar 2026","format":false,"excerpt":"Am Sonntag 8.2.2026 ist in Erdweg einiges interessantes los: Ein Monat sp\u00e4ter sind bereits Kommunal- und Landtags-Wahlen in Bayern und bis dahin gibt es wohl kaum noch ein anderes Thema in der \u00d6ffentlichkeit. Gerade noch rechtzeitig davor beginnen wir zusammen mit dem 1. B\u00fcrgermeister von Erdweg Christian Blatt und der\u2026","rel":"","context":"In &quot;Buch&quot;","block_context":{"text":"Buch","link":"https:\/\/deltaimage.de\/wp\/?cat=1189"},"img":{"alt_text":"","src":"https:\/\/i0.wp.com\/deltaimage.de\/wp\/wp-content\/uploads\/IMG_5943_1200.jpg?fit=1200%2C450&ssl=1&resize=350%2C200","width":350,"height":200,"srcset":"https:\/\/i0.wp.com\/deltaimage.de\/wp\/wp-content\/uploads\/IMG_5943_1200.jpg?fit=1200%2C450&ssl=1&resize=350%2C200 1x, https:\/\/i0.wp.com\/deltaimage.de\/wp\/wp-content\/uploads\/IMG_5943_1200.jpg?fit=1200%2C450&ssl=1&resize=525%2C300 1.5x, https:\/\/i0.wp.com\/deltaimage.de\/wp\/wp-content\/uploads\/IMG_5943_1200.jpg?fit=1200%2C450&ssl=1&resize=700%2C400 2x, https:\/\/i0.wp.com\/deltaimage.de\/wp\/wp-content\/uploads\/IMG_5943_1200.jpg?fit=1200%2C450&ssl=1&resize=1050%2C600 3x"},"classes":[]},{"id":44191,"url":"https:\/\/deltaimage.de\/wp\/?p=44191","url_meta":{"origin":27259,"position":5},"title":"Dachauer Nachrichten: Das Dachauer Moos in Wort und Bild","author":"EschbacP","date":"16. September 2024","format":false,"excerpt":"Am 12. September 2024 kam die Journalistin Simone Wester zur Pressevorstellung des neuen Buches \u00fcber das Maisacher Moos vom Dachauer Fotografen Paul Eschbach und hat ihre Eindr\u00fccke in diesem Zeitungsbeitrag zusammengefasst. Zusammen mit dem BUND Naturschutz in Bayern e.V. - Kreisgruppe Dachau und dem Kreisvorsitzenden Dr. Roderich Zauscher haben wir\u2026","rel":"","context":"In &quot;Buch&quot;","block_context":{"text":"Buch","link":"https:\/\/deltaimage.de\/wp\/?cat=1189"},"img":{"alt_text":"","src":"https:\/\/i0.wp.com\/deltaimage.de\/wp\/wp-content\/uploads\/Logo_Dachauer-Nachrichten.jpg?fit=1200%2C200&ssl=1&resize=350%2C200","width":350,"height":200,"srcset":"https:\/\/i0.wp.com\/deltaimage.de\/wp\/wp-content\/uploads\/Logo_Dachauer-Nachrichten.jpg?fit=1200%2C200&ssl=1&resize=350%2C200 1x, https:\/\/i0.wp.com\/deltaimage.de\/wp\/wp-content\/uploads\/Logo_Dachauer-Nachrichten.jpg?fit=1200%2C200&ssl=1&resize=525%2C300 1.5x, https:\/\/i0.wp.com\/deltaimage.de\/wp\/wp-content\/uploads\/Logo_Dachauer-Nachrichten.jpg?fit=1200%2C200&ssl=1&resize=700%2C400 2x, https:\/\/i0.wp.com\/deltaimage.de\/wp\/wp-content\/uploads\/Logo_Dachauer-Nachrichten.jpg?fit=1200%2C200&ssl=1&resize=1050%2C600 3x"},"classes":[]}],"jetpack_sharing_enabled":true,"_links":{"self":[{"href":"https:\/\/deltaimage.de\/wp\/index.php?rest_route=\/wp\/v2\/posts\/27259","targetHints":{"allow":["GET"]}}],"collection":[{"href":"https:\/\/deltaimage.de\/wp\/index.php?rest_route=\/wp\/v2\/posts"}],"about":[{"href":"https:\/\/deltaimage.de\/wp\/index.php?rest_route=\/wp\/v2\/types\/post"}],"author":[{"embeddable":true,"href":"https:\/\/deltaimage.de\/wp\/index.php?rest_route=\/wp\/v2\/users\/1"}],"replies":[{"embeddable":true,"href":"https:\/\/deltaimage.de\/wp\/index.php?rest_route=%2Fwp%2Fv2%2Fcomments&post=27259"}],"version-history":[{"count":9,"href":"https:\/\/deltaimage.de\/wp\/index.php?rest_route=\/wp\/v2\/posts\/27259\/revisions"}],"predecessor-version":[{"id":51123,"href":"https:\/\/deltaimage.de\/wp\/index.php?rest_route=\/wp\/v2\/posts\/27259\/revisions\/51123"}],"wp:featuredmedia":[{"embeddable":true,"href":"https:\/\/deltaimage.de\/wp\/index.php?rest_route=\/wp\/v2\/media\/27262"}],"wp:attachment":[{"href":"https:\/\/deltaimage.de\/wp\/index.php?rest_route=%2Fwp%2Fv2%2Fmedia&parent=27259"}],"wp:term":[{"taxonomy":"category","embeddable":true,"href":"https:\/\/deltaimage.de\/wp\/index.php?rest_route=%2Fwp%2Fv2%2Fcategories&post=27259"},{"taxonomy":"post_tag","embeddable":true,"href":"https:\/\/deltaimage.de\/wp\/index.php?rest_route=%2Fwp%2Fv2%2Ftags&post=27259"}],"curies":[{"name":"wp","href":"https:\/\/api.w.org\/{rel}","templated":true}]}}