{"id":27510,"date":"2021-04-03T16:12:16","date_gmt":"2021-04-03T15:12:16","guid":{"rendered":"https:\/\/deltaimage.de\/wp\/?p=27510"},"modified":"2025-08-18T20:11:59","modified_gmt":"2025-08-18T18:11:59","slug":"250-jahre-carl-ernst-graf-von-gravenreuth","status":"publish","type":"post","link":"https:\/\/deltaimage.de\/wp\/?p=27510","title":{"rendered":"250 Jahre Carl Ernst Graf von Gravenreuth"},"content":{"rendered":"<p>Am letzten Wochenende &#8211; 28. M\u00e4rz f\u00fchrte ein Fotoausflug nach <strong>Schloss Affing<\/strong> &#8211; und das nicht ohne Grund. Im Kalender steht der Geburtstag von <strong>Graf Carl Ernst von Gravenreuth<\/strong>, dessen Lebensgeschichte mich in den letzten 2 Jahren als Fotograf f\u00fcr ein opulentes Buch als historische Abhandlung als Biografie sehr oft nach <strong>Affing<\/strong> gef\u00fchrt hatte. Der <strong>Baron Carl Ernst von Gravenreuth<\/strong> ist der Begr\u00fcnder der Gravenreuths auf <strong>Schloss Affing<\/strong>, die nachfolgenden Gravenreuths haben diesen wundersch\u00f6nen Schlossbesitz ihm zu verdanken.<\/p>\n<p>Auch wenn das Feiern in den Pandemiezeiten schwerf\u00e4llt, war es mir doch ein Bed\u00fcrfnis am 28. M\u00e4rz selbst <strong>Schloss Affing<\/strong> zu besuchen.<\/p>\n<p>&nbsp;<\/p>\n<p><img data-recalc-dims=\"1\" loading=\"lazy\" decoding=\"async\" data-attachment-id=\"27515\" data-permalink=\"https:\/\/deltaimage.de\/wp\/?attachment_id=27515#main\" data-orig-file=\"https:\/\/i0.wp.com\/deltaimage.de\/wp\/wp-content\/uploads\/IMG_6607_900.jpg?fit=890%2C593&amp;ssl=1\" data-orig-size=\"890,593\" data-comments-opened=\"1\" data-image-meta=\"{&quot;aperture&quot;:&quot;5&quot;,&quot;credit&quot;:&quot;PAUL ESCHBACH&quot;,&quot;camera&quot;:&quot;Canon EOS 80D&quot;,&quot;caption&quot;:&quot;&quot;,&quot;created_timestamp&quot;:&quot;1616931940&quot;,&quot;copyright&quot;:&quot;Paul Eschbach @ DELTA IMAGE&quot;,&quot;focal_length&quot;:&quot;17&quot;,&quot;iso&quot;:&quot;200&quot;,&quot;shutter_speed&quot;:&quot;0.0005&quot;,&quot;title&quot;:&quot;&quot;,&quot;orientation&quot;:&quot;0&quot;}\" data-image-title=\"IMG_6607_900\" data-image-description=\"\" data-image-caption=\"\" data-large-file=\"https:\/\/i0.wp.com\/deltaimage.de\/wp\/wp-content\/uploads\/IMG_6607_900.jpg?fit=890%2C593&amp;ssl=1\" class=\"aligncenter size-full wp-image-27515\" src=\"https:\/\/i0.wp.com\/deltaimage.de\/wp\/wp-content\/uploads\/IMG_6607_900.jpg?resize=890%2C593&#038;ssl=1\" alt=\"IMG\" width=\"890\" height=\"593\" srcset=\"https:\/\/i0.wp.com\/deltaimage.de\/wp\/wp-content\/uploads\/IMG_6607_900.jpg?w=890&amp;ssl=1 890w, https:\/\/i0.wp.com\/deltaimage.de\/wp\/wp-content\/uploads\/IMG_6607_900.jpg?resize=300%2C200&amp;ssl=1 300w, https:\/\/i0.wp.com\/deltaimage.de\/wp\/wp-content\/uploads\/IMG_6607_900.jpg?resize=675%2C450&amp;ssl=1 675w, https:\/\/i0.wp.com\/deltaimage.de\/wp\/wp-content\/uploads\/IMG_6607_900.jpg?resize=600%2C400&amp;ssl=1 600w, https:\/\/i0.wp.com\/deltaimage.de\/wp\/wp-content\/uploads\/IMG_6607_900.jpg?resize=200%2C133&amp;ssl=1 200w\" sizes=\"auto, (max-width: 890px) 100vw, 890px\" \/><\/p>\n<p>&nbsp;<\/p>\n<h2>250. Geburtstag des Grafen Carl Ernst von Gravenreuth<\/h2>\n<p><img data-recalc-dims=\"1\" loading=\"lazy\" decoding=\"async\" data-attachment-id=\"27511\" data-permalink=\"https:\/\/deltaimage.de\/wp\/?attachment_id=27511#main\" data-orig-file=\"https:\/\/i0.wp.com\/deltaimage.de\/wp\/wp-content\/uploads\/PE1S0505_900.jpg?fit=673%2C890&amp;ssl=1\" data-orig-size=\"673,890\" data-comments-opened=\"1\" data-image-meta=\"{&quot;aperture&quot;:&quot;13&quot;,&quot;credit&quot;:&quot;Paul Eschbach&quot;,&quot;camera&quot;:&quot;Canon EOS-1Ds Mark III&quot;,&quot;caption&quot;:&quot;&quot;,&quot;created_timestamp&quot;:&quot;1548432599&quot;,&quot;copyright&quot;:&quot;&quot;,&quot;focal_length&quot;:&quot;100&quot;,&quot;iso&quot;:&quot;100&quot;,&quot;shutter_speed&quot;:&quot;6&quot;,&quot;title&quot;:&quot;&quot;,&quot;orientation&quot;:&quot;0&quot;}\" data-image-title=\"PE1S0505_900\" data-image-description=\"\" data-image-caption=\"\" data-large-file=\"https:\/\/i0.wp.com\/deltaimage.de\/wp\/wp-content\/uploads\/PE1S0505_900.jpg?fit=673%2C890&amp;ssl=1\" class=\"wp-image-27511 size-medium alignright\" src=\"https:\/\/i0.wp.com\/deltaimage.de\/wp\/wp-content\/uploads\/PE1S0505_900.jpg?resize=454%2C600&#038;ssl=1\" alt=\"PES\" width=\"454\" height=\"600\" srcset=\"https:\/\/i0.wp.com\/deltaimage.de\/wp\/wp-content\/uploads\/PE1S0505_900.jpg?resize=454%2C600&amp;ssl=1 454w, https:\/\/i0.wp.com\/deltaimage.de\/wp\/wp-content\/uploads\/PE1S0505_900.jpg?resize=151%2C200&amp;ssl=1 151w, https:\/\/i0.wp.com\/deltaimage.de\/wp\/wp-content\/uploads\/PE1S0505_900.jpg?resize=448%2C593&amp;ssl=1 448w, https:\/\/i0.wp.com\/deltaimage.de\/wp\/wp-content\/uploads\/PE1S0505_900.jpg?resize=340%2C450&amp;ssl=1 340w, https:\/\/i0.wp.com\/deltaimage.de\/wp\/wp-content\/uploads\/PE1S0505_900.jpg?resize=302%2C400&amp;ssl=1 302w, https:\/\/i0.wp.com\/deltaimage.de\/wp\/wp-content\/uploads\/PE1S0505_900.jpg?w=673&amp;ssl=1 673w\" sizes=\"auto, (max-width: 454px) 100vw, 454px\" \/><\/p>\n<p>Im Jahr 1771 kommt der kleine Carl Ernst im lothringischen Stenay zur Welt, in eine Zeit hinein voller Umw\u00e4lzungen in Europa und vieles vom alten Europa wird f\u00fcr immer vergehen. Das Schicksal meint es mit Carl Ernst gut, und er kann die Wirren in Europa \u00fcber lange Zeit zu seinem eigenen Vorteil nutzen und eine steile Karriere in der bayerischen Verwaltung machen. In anderen Zeitepoche w\u00e4re wohl nicht so ein strahlender Politiker und Diplomat aus ihm geworden.<\/p>\n<p>Die Kadettenschule besucht er zusammen mit Napoleon Bonaparte, dies bringt ihm herausragende Stellungen am Herzogshof in Zweibr\u00fccken der Wittelsbacher und mit der \u00dcbernahme der Churf\u00fcrstenw\u00fcrde durch Churf\u00fcrst Max IV. Josef kommt auch Baron Carl Ernst an den Bayerischen Hof nach M\u00fcnchen.<\/p>\n<p>Als Diplomat am Wiener Hof lenkt er ganz entscheidend die Geschicke Bayern im Zusammenspiel mit Napoleon Bonaparte und organisiert ganz wesentlich im Br\u00fcnner Vertrag die K\u00f6nigsw\u00fcrde und Gebietsgewinne f\u00fcr die Wittelsbacher mit dem Zerfall des Heiligen R\u00f6mischen Reiches Deutscher Nation im beginnenden 19. Jahrhundert.<\/p>\n<p>Als bayerischer Gesandter im Generalstab Napoleon Bonaparte hat der Baron Carl Ernst den H\u00f6hepunkt seiner politischen Karriere gehabt.<\/p>\n<p>Als Generalkommissars der Provinz Schwaben in Augsburg und des Oberdonaukreises in Ulm machte sich Carl Ernst im Schwaben sehr verdient und gr\u00fcndete Neu-Ulm.<\/p>\n<p>Mit dem Lehen Affing (1816) wurde der Kosmopolit mit seiner Familie auf Schloss Affing sesshaft.<\/p>\n<ul>\n<li>1820 erster Ehrenb\u00fcrger Augsburgs<\/li>\n<li>1825 Erhebung in den erblichen Grafenstand<\/li>\n<\/ul>\n<p>Graf Carl Ernst von Gravenreuth starb 1826 in Augsburg im Alter von 55 Jahren &#8211; ein Leben voller Ver\u00e4nderungen und Herausforderungen. F\u00fcr Bayern hat der Graf sehr viel Gutes und Herausragendes geleistet und war mit den bekanntesten Pers\u00f6nlichkeiten dieses Zeitalters in enger Verbindung.<\/p>\n<p>&nbsp;<\/p>\n<h2>Graf Carl Ernst von Gravenreuth\u00a0 55 Jahre lang ein Getriebener der Zeitepoche<\/h2>\n<p><img data-recalc-dims=\"1\" loading=\"lazy\" decoding=\"async\" data-attachment-id=\"27514\" data-permalink=\"https:\/\/deltaimage.de\/wp\/?attachment_id=27514#main\" data-orig-file=\"https:\/\/i0.wp.com\/deltaimage.de\/wp\/wp-content\/uploads\/IMG_6632_900.jpg?fit=890%2C612&amp;ssl=1\" data-orig-size=\"890,612\" data-comments-opened=\"1\" data-image-meta=\"{&quot;aperture&quot;:&quot;5&quot;,&quot;credit&quot;:&quot;PAUL ESCHBACH&quot;,&quot;camera&quot;:&quot;Canon EOS 80D&quot;,&quot;caption&quot;:&quot;&quot;,&quot;created_timestamp&quot;:&quot;1616932141&quot;,&quot;copyright&quot;:&quot;Paul Eschbach @ DELTA IMAGE&quot;,&quot;focal_length&quot;:&quot;17&quot;,&quot;iso&quot;:&quot;200&quot;,&quot;shutter_speed&quot;:&quot;0.0005&quot;,&quot;title&quot;:&quot;&quot;,&quot;orientation&quot;:&quot;0&quot;}\" data-image-title=\"IMG_6632_900\" data-image-description=\"\" data-image-caption=\"\" data-large-file=\"https:\/\/i0.wp.com\/deltaimage.de\/wp\/wp-content\/uploads\/IMG_6632_900.jpg?fit=890%2C612&amp;ssl=1\" class=\"aligncenter size-full wp-image-27514\" src=\"https:\/\/i0.wp.com\/deltaimage.de\/wp\/wp-content\/uploads\/IMG_6632_900.jpg?resize=890%2C612&#038;ssl=1\" alt=\"IMG\" width=\"890\" height=\"612\" srcset=\"https:\/\/i0.wp.com\/deltaimage.de\/wp\/wp-content\/uploads\/IMG_6632_900.jpg?w=890&amp;ssl=1 890w, https:\/\/i0.wp.com\/deltaimage.de\/wp\/wp-content\/uploads\/IMG_6632_900.jpg?resize=873%2C600&amp;ssl=1 873w, https:\/\/i0.wp.com\/deltaimage.de\/wp\/wp-content\/uploads\/IMG_6632_900.jpg?resize=291%2C200&amp;ssl=1 291w, https:\/\/i0.wp.com\/deltaimage.de\/wp\/wp-content\/uploads\/IMG_6632_900.jpg?resize=862%2C593&amp;ssl=1 862w, https:\/\/i0.wp.com\/deltaimage.de\/wp\/wp-content\/uploads\/IMG_6632_900.jpg?resize=654%2C450&amp;ssl=1 654w, https:\/\/i0.wp.com\/deltaimage.de\/wp\/wp-content\/uploads\/IMG_6632_900.jpg?resize=582%2C400&amp;ssl=1 582w\" sizes=\"auto, (max-width: 890px) 100vw, 890px\" \/><\/p>\n<p>Zum 250. Geburtstag wird ein sehr umfangreiches Buch zu seinem Leben und Wirken erscheinen. Der bekannte Historiker und Experte f\u00fcr die bayerische Geschichte in der napoleonischen Zeit <strong>Dr. Marcus Junkelmann<\/strong> hat sich sehr intensiv mit dem Grafen besch\u00e4ftigt und w\u00fcrdigt sein Leben und sein Wirken in allen Facetten. Eine sehr umfangreiche Quellenrecherche im Familienarchiv und vielen anderen privaten und \u00f6ffentlichen Archiven bringt viele bislang unbekannte Aspekte seines Lebens zu Tage.<\/p>\n<blockquote>\n<pre>Ich freue mich schon das Buch endlich in den H\u00e4nden halten zu d\u00fcrfen.<\/pre>\n<\/blockquote>\n<p>F\u00fcr diese Biografie durfte ich die vollst\u00e4ndige Archivfotografie im Familienarchiv der Familie Gravenreuth und die Fotografie an vielen wichtigen Orten aus der Biografie anfertigen. So kenne ich mich inzwischen auch recht gut in der Familie von Gravenreuth aus &#8211; ein ganz wunderbarer Zugang zur bayerischen und damit europ\u00e4ischen Zeitgeschichte aus dem Blickwinkel eines fr\u00e4nkischen Adelsgeschlechtes aus Frankreich, am Bayerischen Hofe.<\/p>\n<div class=\"su-image-carousel  su-image-carousel-has-spacing su-image-carousel-crop su-image-carousel-crop-4-3 su-image-carousel-has-outline su-image-carousel-adaptive su-image-carousel-slides-style-default su-image-carousel-controls-style-dark su-image-carousel-align-none\" style=\"\" data-flickity-options='{\"groupCells\":true,\"cellSelector\":\".su-image-carousel-item\",\"adaptiveHeight\":false,\"cellAlign\":\"left\",\"prevNextButtons\":true,\"pageDots\":true,\"autoPlay\":5000,\"imagesLoaded\":true,\"contain\":true,\"selectedAttraction\":0.025,\"friction\":0.28}' id=\"su_image_carousel_69f30f1f051c9\"><div class=\"su-image-carousel-item\"><div class=\"su-image-carousel-item-content\"><img loading=\"lazy\" decoding=\"async\" width=\"890\" height=\"465\" src=\"https:\/\/i0.wp.com\/deltaimage.de\/wp\/wp-content\/uploads\/PE1S0044-Pano_900.jpg?fit=890%2C465&amp;ssl=1\" class=\"\" alt=\"\" srcset=\"https:\/\/i0.wp.com\/deltaimage.de\/wp\/wp-content\/uploads\/PE1S0044-Pano_900.jpg?w=890&amp;ssl=1 890w, https:\/\/i0.wp.com\/deltaimage.de\/wp\/wp-content\/uploads\/PE1S0044-Pano_900.jpg?resize=200%2C104&amp;ssl=1 200w, https:\/\/i0.wp.com\/deltaimage.de\/wp\/wp-content\/uploads\/PE1S0044-Pano_900.jpg?resize=300%2C157&amp;ssl=1 300w, https:\/\/i0.wp.com\/deltaimage.de\/wp\/wp-content\/uploads\/PE1S0044-Pano_900.jpg?resize=861%2C450&amp;ssl=1 861w, https:\/\/i0.wp.com\/deltaimage.de\/wp\/wp-content\/uploads\/PE1S0044-Pano_900.jpg?resize=766%2C400&amp;ssl=1 766w\" sizes=\"auto, (max-width: 890px) 100vw, 890px\" data-attachment-id=\"23631\" data-permalink=\"https:\/\/deltaimage.de\/wp\/?attachment_id=23631\" data-orig-file=\"https:\/\/i0.wp.com\/deltaimage.de\/wp\/wp-content\/uploads\/PE1S0044-Pano_900.jpg?fit=890%2C465&amp;ssl=1\" data-orig-size=\"890,465\" data-comments-opened=\"0\" data-image-meta=\"{&quot;aperture&quot;:&quot;8&quot;,&quot;credit&quot;:&quot;Paul Eschbach&quot;,&quot;camera&quot;:&quot;Canon EOS-1Ds Mark III&quot;,&quot;caption&quot;:&quot;&quot;,&quot;created_timestamp&quot;:&quot;1555757875&quot;,&quot;copyright&quot;:&quot;&quot;,&quot;focal_length&quot;:&quot;24&quot;,&quot;iso&quot;:&quot;200&quot;,&quot;shutter_speed&quot;:&quot;0.0015625&quot;,&quot;title&quot;:&quot;&quot;,&quot;orientation&quot;:&quot;0&quot;}\" data-image-title=\"PE1S0044-Pano_900\" data-image-description=\"\" data-image-caption=\"\" data-large-file=\"https:\/\/i0.wp.com\/deltaimage.de\/wp\/wp-content\/uploads\/PE1S0044-Pano_900.jpg?fit=890%2C465&amp;ssl=1\" \/><\/div><\/div><div class=\"su-image-carousel-item\"><div class=\"su-image-carousel-item-content\"><img loading=\"lazy\" decoding=\"async\" width=\"890\" height=\"334\" src=\"https:\/\/i0.wp.com\/deltaimage.de\/wp\/wp-content\/uploads\/PE1S0023_1200-1.jpg?fit=890%2C334&amp;ssl=1\" class=\"\" alt=\"\" srcset=\"https:\/\/i0.wp.com\/deltaimage.de\/wp\/wp-content\/uploads\/PE1S0023_1200-1.jpg?w=1200&amp;ssl=1 1200w, https:\/\/i0.wp.com\/deltaimage.de\/wp\/wp-content\/uploads\/PE1S0023_1200-1.jpg?resize=200%2C75&amp;ssl=1 200w, https:\/\/i0.wp.com\/deltaimage.de\/wp\/wp-content\/uploads\/PE1S0023_1200-1.jpg?resize=300%2C113&amp;ssl=1 300w, https:\/\/i0.wp.com\/deltaimage.de\/wp\/wp-content\/uploads\/PE1S0023_1200-1.jpg?resize=890%2C334&amp;ssl=1 890w, https:\/\/i0.wp.com\/deltaimage.de\/wp\/wp-content\/uploads\/PE1S0023_1200-1.jpg?resize=1067%2C400&amp;ssl=1 1067w\" sizes=\"auto, (max-width: 890px) 100vw, 890px\" data-attachment-id=\"23598\" data-permalink=\"https:\/\/deltaimage.de\/wp\/?attachment_id=23598\" data-orig-file=\"https:\/\/i0.wp.com\/deltaimage.de\/wp\/wp-content\/uploads\/PE1S0023_1200-1.jpg?fit=1200%2C450&amp;ssl=1\" data-orig-size=\"1200,450\" data-comments-opened=\"0\" data-image-meta=\"{&quot;aperture&quot;:&quot;8&quot;,&quot;credit&quot;:&quot;Paul Eschbach&quot;,&quot;camera&quot;:&quot;Canon EOS-1Ds Mark III&quot;,&quot;caption&quot;:&quot;&quot;,&quot;created_timestamp&quot;:&quot;1555755449&quot;,&quot;copyright&quot;:&quot;&quot;,&quot;focal_length&quot;:&quot;365&quot;,&quot;iso&quot;:&quot;200&quot;,&quot;shutter_speed&quot;:&quot;0.00125&quot;,&quot;title&quot;:&quot;&quot;,&quot;orientation&quot;:&quot;0&quot;}\" data-image-title=\"PE1S0023_1200\" data-image-description=\"\" data-image-caption=\"\" data-large-file=\"https:\/\/i0.wp.com\/deltaimage.de\/wp\/wp-content\/uploads\/PE1S0023_1200-1.jpg?fit=890%2C334&amp;ssl=1\" \/><\/div><\/div><div class=\"su-image-carousel-item\"><div class=\"su-image-carousel-item-content\"><img loading=\"lazy\" decoding=\"async\" width=\"890\" height=\"464\" src=\"https:\/\/i0.wp.com\/deltaimage.de\/wp\/wp-content\/uploads\/PE1S0044-Pano_1200.jpg?fit=890%2C464&amp;ssl=1\" class=\"\" alt=\"\" srcset=\"https:\/\/i0.wp.com\/deltaimage.de\/wp\/wp-content\/uploads\/PE1S0044-Pano_1200.jpg?w=1200&amp;ssl=1 1200w, https:\/\/i0.wp.com\/deltaimage.de\/wp\/wp-content\/uploads\/PE1S0044-Pano_1200.jpg?resize=200%2C104&amp;ssl=1 200w, https:\/\/i0.wp.com\/deltaimage.de\/wp\/wp-content\/uploads\/PE1S0044-Pano_1200.jpg?resize=300%2C157&amp;ssl=1 300w, https:\/\/i0.wp.com\/deltaimage.de\/wp\/wp-content\/uploads\/PE1S0044-Pano_1200.jpg?resize=890%2C464&amp;ssl=1 890w, https:\/\/i0.wp.com\/deltaimage.de\/wp\/wp-content\/uploads\/PE1S0044-Pano_1200.jpg?resize=863%2C450&amp;ssl=1 863w, https:\/\/i0.wp.com\/deltaimage.de\/wp\/wp-content\/uploads\/PE1S0044-Pano_1200.jpg?resize=767%2C400&amp;ssl=1 767w\" sizes=\"auto, (max-width: 890px) 100vw, 890px\" data-attachment-id=\"23637\" data-permalink=\"https:\/\/deltaimage.de\/wp\/?attachment_id=23637\" data-orig-file=\"https:\/\/i0.wp.com\/deltaimage.de\/wp\/wp-content\/uploads\/PE1S0044-Pano_1200.jpg?fit=1200%2C626&amp;ssl=1\" data-orig-size=\"1200,626\" data-comments-opened=\"0\" data-image-meta=\"{&quot;aperture&quot;:&quot;8&quot;,&quot;credit&quot;:&quot;Paul Eschbach&quot;,&quot;camera&quot;:&quot;Canon EOS-1Ds Mark III&quot;,&quot;caption&quot;:&quot;&quot;,&quot;created_timestamp&quot;:&quot;1555757875&quot;,&quot;copyright&quot;:&quot;&quot;,&quot;focal_length&quot;:&quot;24&quot;,&quot;iso&quot;:&quot;200&quot;,&quot;shutter_speed&quot;:&quot;0.0015625&quot;,&quot;title&quot;:&quot;&quot;,&quot;orientation&quot;:&quot;0&quot;}\" data-image-title=\"PE1S0044-Pano_1200\" data-image-description=\"\" data-image-caption=\"\" data-large-file=\"https:\/\/i0.wp.com\/deltaimage.de\/wp\/wp-content\/uploads\/PE1S0044-Pano_1200.jpg?fit=890%2C464&amp;ssl=1\" \/><\/div><\/div><div class=\"su-image-carousel-item\"><div class=\"su-image-carousel-item-content\"><img loading=\"lazy\" decoding=\"async\" width=\"890\" height=\"593\" src=\"https:\/\/i0.wp.com\/deltaimage.de\/wp\/wp-content\/uploads\/PE1S0091_900-1.jpg?fit=890%2C593&amp;ssl=1\" class=\"\" alt=\"\" srcset=\"https:\/\/i0.wp.com\/deltaimage.de\/wp\/wp-content\/uploads\/PE1S0091_900-1.jpg?w=890&amp;ssl=1 890w, https:\/\/i0.wp.com\/deltaimage.de\/wp\/wp-content\/uploads\/PE1S0091_900-1.jpg?resize=200%2C133&amp;ssl=1 200w, https:\/\/i0.wp.com\/deltaimage.de\/wp\/wp-content\/uploads\/PE1S0091_900-1.jpg?resize=300%2C200&amp;ssl=1 300w, https:\/\/i0.wp.com\/deltaimage.de\/wp\/wp-content\/uploads\/PE1S0091_900-1.jpg?resize=675%2C450&amp;ssl=1 675w, https:\/\/i0.wp.com\/deltaimage.de\/wp\/wp-content\/uploads\/PE1S0091_900-1.jpg?resize=600%2C400&amp;ssl=1 600w\" sizes=\"auto, (max-width: 890px) 100vw, 890px\" data-attachment-id=\"23665\" data-permalink=\"https:\/\/deltaimage.de\/wp\/?attachment_id=23665#main\" data-orig-file=\"https:\/\/i0.wp.com\/deltaimage.de\/wp\/wp-content\/uploads\/PE1S0091_900-1.jpg?fit=890%2C593&amp;ssl=1\" data-orig-size=\"890,593\" data-comments-opened=\"0\" data-image-meta=\"{&quot;aperture&quot;:&quot;3.5&quot;,&quot;credit&quot;:&quot;Paul Eschbach&quot;,&quot;camera&quot;:&quot;Canon EOS-1Ds Mark III&quot;,&quot;caption&quot;:&quot;&quot;,&quot;created_timestamp&quot;:&quot;1576256357&quot;,&quot;copyright&quot;:&quot;&quot;,&quot;focal_length&quot;:&quot;24&quot;,&quot;iso&quot;:&quot;3200&quot;,&quot;shutter_speed&quot;:&quot;0.05&quot;,&quot;title&quot;:&quot;&quot;,&quot;orientation&quot;:&quot;0&quot;}\" data-image-title=\"PE1S0091_900\" data-image-description=\"\" data-image-caption=\"\" data-large-file=\"https:\/\/i0.wp.com\/deltaimage.de\/wp\/wp-content\/uploads\/PE1S0091_900-1.jpg?fit=890%2C593&amp;ssl=1\" \/><\/div><\/div><div class=\"su-image-carousel-item\"><div class=\"su-image-carousel-item-content\"><img loading=\"lazy\" decoding=\"async\" width=\"890\" height=\"593\" src=\"https:\/\/i0.wp.com\/deltaimage.de\/wp\/wp-content\/uploads\/PE1S0086_900-1.jpg?fit=890%2C593&amp;ssl=1\" class=\"\" alt=\"\" srcset=\"https:\/\/i0.wp.com\/deltaimage.de\/wp\/wp-content\/uploads\/PE1S0086_900-1.jpg?w=890&amp;ssl=1 890w, https:\/\/i0.wp.com\/deltaimage.de\/wp\/wp-content\/uploads\/PE1S0086_900-1.jpg?resize=200%2C133&amp;ssl=1 200w, https:\/\/i0.wp.com\/deltaimage.de\/wp\/wp-content\/uploads\/PE1S0086_900-1.jpg?resize=300%2C200&amp;ssl=1 300w, https:\/\/i0.wp.com\/deltaimage.de\/wp\/wp-content\/uploads\/PE1S0086_900-1.jpg?resize=675%2C450&amp;ssl=1 675w, https:\/\/i0.wp.com\/deltaimage.de\/wp\/wp-content\/uploads\/PE1S0086_900-1.jpg?resize=600%2C400&amp;ssl=1 600w\" sizes=\"auto, (max-width: 890px) 100vw, 890px\" data-attachment-id=\"23681\" data-permalink=\"https:\/\/deltaimage.de\/wp\/?attachment_id=23681#main\" data-orig-file=\"https:\/\/i0.wp.com\/deltaimage.de\/wp\/wp-content\/uploads\/PE1S0086_900-1.jpg?fit=890%2C593&amp;ssl=1\" data-orig-size=\"890,593\" data-comments-opened=\"0\" data-image-meta=\"{&quot;aperture&quot;:&quot;1.6&quot;,&quot;credit&quot;:&quot;Paul Eschbach&quot;,&quot;camera&quot;:&quot;Canon EOS-1Ds Mark III&quot;,&quot;caption&quot;:&quot;&quot;,&quot;created_timestamp&quot;:&quot;1576256204&quot;,&quot;copyright&quot;:&quot;&quot;,&quot;focal_length&quot;:&quot;50&quot;,&quot;iso&quot;:&quot;1600&quot;,&quot;shutter_speed&quot;:&quot;0.005&quot;,&quot;title&quot;:&quot;&quot;,&quot;orientation&quot;:&quot;0&quot;}\" data-image-title=\"PE1S0086_900\" data-image-description=\"\" data-image-caption=\"\" data-large-file=\"https:\/\/i0.wp.com\/deltaimage.de\/wp\/wp-content\/uploads\/PE1S0086_900-1.jpg?fit=890%2C593&amp;ssl=1\" \/><\/div><\/div><div class=\"su-image-carousel-item\"><div class=\"su-image-carousel-item-content\"><img loading=\"lazy\" decoding=\"async\" width=\"890\" height=\"593\" src=\"https:\/\/i0.wp.com\/deltaimage.de\/wp\/wp-content\/uploads\/PE1S0104_900-1.jpg?fit=890%2C593&amp;ssl=1\" class=\"\" alt=\"\" srcset=\"https:\/\/i0.wp.com\/deltaimage.de\/wp\/wp-content\/uploads\/PE1S0104_900-1.jpg?w=890&amp;ssl=1 890w, https:\/\/i0.wp.com\/deltaimage.de\/wp\/wp-content\/uploads\/PE1S0104_900-1.jpg?resize=200%2C133&amp;ssl=1 200w, https:\/\/i0.wp.com\/deltaimage.de\/wp\/wp-content\/uploads\/PE1S0104_900-1.jpg?resize=300%2C200&amp;ssl=1 300w, https:\/\/i0.wp.com\/deltaimage.de\/wp\/wp-content\/uploads\/PE1S0104_900-1.jpg?resize=675%2C450&amp;ssl=1 675w, https:\/\/i0.wp.com\/deltaimage.de\/wp\/wp-content\/uploads\/PE1S0104_900-1.jpg?resize=600%2C400&amp;ssl=1 600w\" sizes=\"auto, (max-width: 890px) 100vw, 890px\" data-attachment-id=\"23680\" data-permalink=\"https:\/\/deltaimage.de\/wp\/?attachment_id=23680#main\" data-orig-file=\"https:\/\/i0.wp.com\/deltaimage.de\/wp\/wp-content\/uploads\/PE1S0104_900-1.jpg?fit=890%2C593&amp;ssl=1\" data-orig-size=\"890,593\" data-comments-opened=\"0\" data-image-meta=\"{&quot;aperture&quot;:&quot;4&quot;,&quot;credit&quot;:&quot;Paul Eschbach&quot;,&quot;camera&quot;:&quot;Canon EOS-1Ds Mark III&quot;,&quot;caption&quot;:&quot;&quot;,&quot;created_timestamp&quot;:&quot;1576256718&quot;,&quot;copyright&quot;:&quot;&quot;,&quot;focal_length&quot;:&quot;24&quot;,&quot;iso&quot;:&quot;1600&quot;,&quot;shutter_speed&quot;:&quot;0.1&quot;,&quot;title&quot;:&quot;&quot;,&quot;orientation&quot;:&quot;0&quot;}\" data-image-title=\"PE1S0104_900\" data-image-description=\"\" data-image-caption=\"\" data-large-file=\"https:\/\/i0.wp.com\/deltaimage.de\/wp\/wp-content\/uploads\/PE1S0104_900-1.jpg?fit=890%2C593&amp;ssl=1\" \/><\/div><\/div><div class=\"su-image-carousel-item\"><div class=\"su-image-carousel-item-content\"><img loading=\"lazy\" decoding=\"async\" width=\"890\" height=\"593\" src=\"https:\/\/i0.wp.com\/deltaimage.de\/wp\/wp-content\/uploads\/PE1S0118_900-3.jpg?fit=890%2C593&amp;ssl=1\" class=\"\" alt=\"\" srcset=\"https:\/\/i0.wp.com\/deltaimage.de\/wp\/wp-content\/uploads\/PE1S0118_900-3.jpg?w=890&amp;ssl=1 890w, https:\/\/i0.wp.com\/deltaimage.de\/wp\/wp-content\/uploads\/PE1S0118_900-3.jpg?resize=200%2C133&amp;ssl=1 200w, https:\/\/i0.wp.com\/deltaimage.de\/wp\/wp-content\/uploads\/PE1S0118_900-3.jpg?resize=300%2C200&amp;ssl=1 300w, https:\/\/i0.wp.com\/deltaimage.de\/wp\/wp-content\/uploads\/PE1S0118_900-3.jpg?resize=675%2C450&amp;ssl=1 675w, https:\/\/i0.wp.com\/deltaimage.de\/wp\/wp-content\/uploads\/PE1S0118_900-3.jpg?resize=600%2C400&amp;ssl=1 600w\" sizes=\"auto, (max-width: 890px) 100vw, 890px\" data-attachment-id=\"23678\" data-permalink=\"https:\/\/deltaimage.de\/wp\/?attachment_id=23678#main\" data-orig-file=\"https:\/\/i0.wp.com\/deltaimage.de\/wp\/wp-content\/uploads\/PE1S0118_900-3.jpg?fit=890%2C593&amp;ssl=1\" data-orig-size=\"890,593\" data-comments-opened=\"0\" data-image-meta=\"{&quot;aperture&quot;:&quot;1.6&quot;,&quot;credit&quot;:&quot;Paul Eschbach&quot;,&quot;camera&quot;:&quot;Canon EOS-1Ds Mark III&quot;,&quot;caption&quot;:&quot;&quot;,&quot;created_timestamp&quot;:&quot;1576257158&quot;,&quot;copyright&quot;:&quot;&quot;,&quot;focal_length&quot;:&quot;50&quot;,&quot;iso&quot;:&quot;1600&quot;,&quot;shutter_speed&quot;:&quot;0.125&quot;,&quot;title&quot;:&quot;&quot;,&quot;orientation&quot;:&quot;0&quot;}\" data-image-title=\"PE1S0118_900\" data-image-description=\"\" data-image-caption=\"\" data-large-file=\"https:\/\/i0.wp.com\/deltaimage.de\/wp\/wp-content\/uploads\/PE1S0118_900-3.jpg?fit=890%2C593&amp;ssl=1\" \/><\/div><\/div><div class=\"su-image-carousel-item\"><div class=\"su-image-carousel-item-content\"><img loading=\"lazy\" decoding=\"async\" width=\"593\" height=\"890\" src=\"https:\/\/i0.wp.com\/deltaimage.de\/wp\/wp-content\/uploads\/PE1S0067_900-4.jpg?fit=593%2C890&amp;ssl=1\" class=\"\" alt=\"\" srcset=\"https:\/\/i0.wp.com\/deltaimage.de\/wp\/wp-content\/uploads\/PE1S0067_900-4.jpg?w=593&amp;ssl=1 593w, https:\/\/i0.wp.com\/deltaimage.de\/wp\/wp-content\/uploads\/PE1S0067_900-4.jpg?resize=133%2C200&amp;ssl=1 133w, https:\/\/i0.wp.com\/deltaimage.de\/wp\/wp-content\/uploads\/PE1S0067_900-4.jpg?resize=200%2C300&amp;ssl=1 200w, https:\/\/i0.wp.com\/deltaimage.de\/wp\/wp-content\/uploads\/PE1S0067_900-4.jpg?resize=395%2C593&amp;ssl=1 395w, https:\/\/i0.wp.com\/deltaimage.de\/wp\/wp-content\/uploads\/PE1S0067_900-4.jpg?resize=300%2C450&amp;ssl=1 300w, https:\/\/i0.wp.com\/deltaimage.de\/wp\/wp-content\/uploads\/PE1S0067_900-4.jpg?resize=267%2C400&amp;ssl=1 267w\" sizes=\"auto, (max-width: 593px) 100vw, 593px\" data-attachment-id=\"23670\" data-permalink=\"https:\/\/deltaimage.de\/wp\/?attachment_id=23670#main\" data-orig-file=\"https:\/\/i0.wp.com\/deltaimage.de\/wp\/wp-content\/uploads\/PE1S0067_900-4.jpg?fit=593%2C890&amp;ssl=1\" data-orig-size=\"593,890\" data-comments-opened=\"0\" data-image-meta=\"{&quot;aperture&quot;:&quot;1.6&quot;,&quot;credit&quot;:&quot;Paul Eschbach&quot;,&quot;camera&quot;:&quot;Canon EOS-1Ds Mark III&quot;,&quot;caption&quot;:&quot;&quot;,&quot;created_timestamp&quot;:&quot;1576255918&quot;,&quot;copyright&quot;:&quot;&quot;,&quot;focal_length&quot;:&quot;50&quot;,&quot;iso&quot;:&quot;800&quot;,&quot;shutter_speed&quot;:&quot;0.01&quot;,&quot;title&quot;:&quot;&quot;,&quot;orientation&quot;:&quot;0&quot;}\" data-image-title=\"PE1S0067_900\" data-image-description=\"\" data-image-caption=\"\" data-large-file=\"https:\/\/i0.wp.com\/deltaimage.de\/wp\/wp-content\/uploads\/PE1S0067_900-4.jpg?fit=593%2C890&amp;ssl=1\" \/><\/div><\/div><div class=\"su-image-carousel-item\"><div class=\"su-image-carousel-item-content\"><img loading=\"lazy\" decoding=\"async\" width=\"890\" height=\"593\" src=\"https:\/\/i0.wp.com\/deltaimage.de\/wp\/wp-content\/uploads\/PE1S0076_900-3.jpg?fit=890%2C593&amp;ssl=1\" class=\"\" alt=\"\" srcset=\"https:\/\/i0.wp.com\/deltaimage.de\/wp\/wp-content\/uploads\/PE1S0076_900-3.jpg?w=890&amp;ssl=1 890w, https:\/\/i0.wp.com\/deltaimage.de\/wp\/wp-content\/uploads\/PE1S0076_900-3.jpg?resize=200%2C133&amp;ssl=1 200w, https:\/\/i0.wp.com\/deltaimage.de\/wp\/wp-content\/uploads\/PE1S0076_900-3.jpg?resize=300%2C200&amp;ssl=1 300w, https:\/\/i0.wp.com\/deltaimage.de\/wp\/wp-content\/uploads\/PE1S0076_900-3.jpg?resize=675%2C450&amp;ssl=1 675w, https:\/\/i0.wp.com\/deltaimage.de\/wp\/wp-content\/uploads\/PE1S0076_900-3.jpg?resize=600%2C400&amp;ssl=1 600w\" sizes=\"auto, (max-width: 890px) 100vw, 890px\" data-attachment-id=\"23669\" data-permalink=\"https:\/\/deltaimage.de\/wp\/?attachment_id=23669#main\" data-orig-file=\"https:\/\/i0.wp.com\/deltaimage.de\/wp\/wp-content\/uploads\/PE1S0076_900-3.jpg?fit=890%2C593&amp;ssl=1\" data-orig-size=\"890,593\" data-comments-opened=\"0\" data-image-meta=\"{&quot;aperture&quot;:&quot;1.8&quot;,&quot;credit&quot;:&quot;Paul Eschbach&quot;,&quot;camera&quot;:&quot;Canon EOS-1Ds Mark III&quot;,&quot;caption&quot;:&quot;&quot;,&quot;created_timestamp&quot;:&quot;1576256084&quot;,&quot;copyright&quot;:&quot;&quot;,&quot;focal_length&quot;:&quot;50&quot;,&quot;iso&quot;:&quot;1600&quot;,&quot;shutter_speed&quot;:&quot;0.008&quot;,&quot;title&quot;:&quot;&quot;,&quot;orientation&quot;:&quot;0&quot;}\" data-image-title=\"PE1S0076_900\" data-image-description=\"\" data-image-caption=\"\" data-large-file=\"https:\/\/i0.wp.com\/deltaimage.de\/wp\/wp-content\/uploads\/PE1S0076_900-3.jpg?fit=890%2C593&amp;ssl=1\" \/><\/div><\/div><\/div><script id=\"su_image_carousel_69f30f1f051c9_script\">if(window.SUImageCarousel){setTimeout(function() {window.SUImageCarousel.initGallery(document.getElementById(\"su_image_carousel_69f30f1f051c9\"))}, 0);}var su_image_carousel_69f30f1f051c9_script=document.getElementById(\"su_image_carousel_69f30f1f051c9_script\");if(su_image_carousel_69f30f1f051c9_script){su_image_carousel_69f30f1f051c9_script.parentNode.removeChild(su_image_carousel_69f30f1f051c9_script);}<\/script>\n","protected":false},"excerpt":{"rendered":"<p>Am letzten Wochenende &#8211; 28. M\u00e4rz f\u00fchrte ein Fotoausflug nach Schloss Affing &#8211; und das nicht ohne Grund. Im Kalender steht der Geburtstag von Graf Carl Ernst von Gravenreuth, dessen [&hellip;]<\/p>\n","protected":false},"author":1,"featured_media":23598,"comment_status":"open","ping_status":"closed","sticky":false,"template":"","format":"standard","meta":{"wpupg_custom_link":[],"wpupg_custom_link_behaviour":["default"],"wpupg_custom_link_nofollow":["default"],"wpupg_custom_image":[],"wpupg_custom_image_id":[],"jetpack_post_was_ever_published":false,"footnotes":""},"categories":[1189,3831,8],"tags":[2707,422,2971,289,2960,2377,2970,2972,2650,2973],"class_list":["post-27510","post","type-post","status-publish","format-standard","has-post-thumbnail","hentry","category-buch","category-geschichte-als-fest-dr-marcus-junkelmann","category-news","tag-affing","tag-augsburg","tag-baron","tag-bayern","tag-carl-ernst-von-gravenreuth","tag-dr-marcus-junkelmann","tag-graf","tag-napoleon-bonaparte","tag-schloss-affing","tag-wittelsbach"],"jetpack_featured_media_url":"https:\/\/i0.wp.com\/deltaimage.de\/wp\/wp-content\/uploads\/PE1S0023_1200-1.jpg?fit=1200%2C450&ssl=1","jetpack-related-posts":[{"id":28414,"url":"https:\/\/deltaimage.de\/wp\/?p=28414","url_meta":{"origin":27510,"position":0},"title":"Forschung zu Carl Ernst von Gravenreuth in Affing &#8211; Dr. Marcus Junkelmann","author":"EschbacP","date":"18. Mai 2021","format":false,"excerpt":"Dr. Marcus Junkelmann \u00fcber sein Buchprojekt \u00fcber den Grafen Carl Ernst von Gravenreuth \"Nicht viele schaffen es, sich gegen dominante m\u00e4chtige Herrscher zu stellen. Carl Ernst von Gravenreuth aus Affing hat jedoch genau das getan. Anfang des 19. Jahrhunderts hat er in einer entscheidenden Situation Napoleon die Stirn geboten, und\u2026","rel":"","context":"In &quot;Geschichte als Fest - Dr. Marcus Junkelmann&quot;","block_context":{"text":"Geschichte als Fest - Dr. Marcus Junkelmann","link":"https:\/\/deltaimage.de\/wp\/?cat=3831"},"img":{"alt_text":"","src":"https:\/\/i0.wp.com\/deltaimage.de\/wp\/wp-content\/uploads\/atv_Junkelmann_Affing_03_1200.jpg?fit=1199%2C451&ssl=1&resize=350%2C200","width":350,"height":200,"srcset":"https:\/\/i0.wp.com\/deltaimage.de\/wp\/wp-content\/uploads\/atv_Junkelmann_Affing_03_1200.jpg?fit=1199%2C451&ssl=1&resize=350%2C200 1x, https:\/\/i0.wp.com\/deltaimage.de\/wp\/wp-content\/uploads\/atv_Junkelmann_Affing_03_1200.jpg?fit=1199%2C451&ssl=1&resize=525%2C300 1.5x, https:\/\/i0.wp.com\/deltaimage.de\/wp\/wp-content\/uploads\/atv_Junkelmann_Affing_03_1200.jpg?fit=1199%2C451&ssl=1&resize=700%2C400 2x, https:\/\/i0.wp.com\/deltaimage.de\/wp\/wp-content\/uploads\/atv_Junkelmann_Affing_03_1200.jpg?fit=1199%2C451&ssl=1&resize=1050%2C600 3x"},"classes":[]},{"id":43073,"url":"https:\/\/deltaimage.de\/wp\/?p=43073","url_meta":{"origin":27510,"position":1},"title":"Dr. Junkelmann pr\u00e4sentiert Carl Ernst von Gravenreuth im Schloss Affing","author":"EschbacP","date":"4. Juli 2024","format":false,"excerpt":"Das Schloss Affing ist einer der spannendsten Schaupl\u00e4tze im Leben und Wirken des bayerischen Diplomaten und Verwaltungsadministrators Graf Carl Ernst von Gravenreuth zu Beginn des 19. Jahrhunderts. Der Historiker und Experimentalarch\u00e4ologe Dr. Marcus Junkelmann hat eine umfassende und fesselnde Biografie des Lebens und Wirkens des Gravenreuth verfasst. Im Schloss Affing\u2026","rel":"","context":"In &quot;Geschichte als Fest - Dr. Marcus Junkelmann&quot;","block_context":{"text":"Geschichte als Fest - Dr. Marcus Junkelmann","link":"https:\/\/deltaimage.de\/wp\/?cat=3831"},"img":{"alt_text":"","src":"https:\/\/i0.wp.com\/deltaimage.de\/wp\/wp-content\/uploads\/1718903195612_1200.jpg?fit=1200%2C450&ssl=1&resize=350%2C200","width":350,"height":200,"srcset":"https:\/\/i0.wp.com\/deltaimage.de\/wp\/wp-content\/uploads\/1718903195612_1200.jpg?fit=1200%2C450&ssl=1&resize=350%2C200 1x, https:\/\/i0.wp.com\/deltaimage.de\/wp\/wp-content\/uploads\/1718903195612_1200.jpg?fit=1200%2C450&ssl=1&resize=525%2C300 1.5x, https:\/\/i0.wp.com\/deltaimage.de\/wp\/wp-content\/uploads\/1718903195612_1200.jpg?fit=1200%2C450&ssl=1&resize=700%2C400 2x, https:\/\/i0.wp.com\/deltaimage.de\/wp\/wp-content\/uploads\/1718903195612_1200.jpg?fit=1200%2C450&ssl=1&resize=1050%2C600 3x"},"classes":[]},{"id":41613,"url":"https:\/\/deltaimage.de\/wp\/?p=41613","url_meta":{"origin":27510,"position":2},"title":"&#8222;Carl Ernst von Gravenreuth und sein Wirken f\u00fcr Affing&#8220; &#8211; Buchbesprechung mit Baron Gravenreuth und Dr. Junkelmann im B\u00fccherst\u00fcberl Affing","author":"EschbacP","date":"28. September 2023","format":false,"excerpt":"Im Jahr 1816 erwarb der hoch angesehene Diplomat und Regierungspr\u00e4sident des bayerischen Oberdonaukreises das Schloss Affing und brachte die Weltgeschichte Europas in die schw\u00e4bische Gemeinde zwischen Augsburg und Aichach. In der Folge kamen wichtige Vertreter des europ\u00e4ischen Hochadels und der neuen und modernen Verwaltung in Bayern regelm\u00e4\u00dfig nach Affing. Pfarrheim\u2026","rel":"","context":"In &quot;Buch&quot;","block_context":{"text":"Buch","link":"https:\/\/deltaimage.de\/wp\/?cat=1189"},"img":{"alt_text":"","src":"https:\/\/i0.wp.com\/deltaimage.de\/wp\/wp-content\/uploads\/IMG_3558_1200-1.jpg?fit=920%2C383&ssl=1&resize=350%2C200","width":350,"height":200,"srcset":"https:\/\/i0.wp.com\/deltaimage.de\/wp\/wp-content\/uploads\/IMG_3558_1200-1.jpg?fit=920%2C383&ssl=1&resize=350%2C200 1x, https:\/\/i0.wp.com\/deltaimage.de\/wp\/wp-content\/uploads\/IMG_3558_1200-1.jpg?fit=920%2C383&ssl=1&resize=525%2C300 1.5x, https:\/\/i0.wp.com\/deltaimage.de\/wp\/wp-content\/uploads\/IMG_3558_1200-1.jpg?fit=920%2C383&ssl=1&resize=700%2C400 2x"},"classes":[]},{"id":27468,"url":"https:\/\/deltaimage.de\/wp\/?p=27468","url_meta":{"origin":27510,"position":3},"title":"Eine Fr\u00fchlingstour: A-A-A-A (Altom\u00fcnster &#8211; Aichach &#8211; Affing &#8211; Arzbach)","author":"EschbacP","date":"30. M\u00e4rz 2021","format":false,"excerpt":"Eigentlich ganz einfach. Aus Dachau heraus f\u00fchrt die erste Fr\u00fchlingstour in die N\u00e4he - auf der Suche nach Fr\u00fchlings-Fotomotiven im nahen Umfeld von Dachau. Eine Fahrt mit dem Motorrad, unter dem Helm ist den Pandemiezeiten wohl eine der sichersten Fortbewegungsarten. A - Altom\u00fcnster - der erste Halt und eine kleine\u2026","rel":"","context":"In &quot;Dachauer Land&quot;","block_context":{"text":"Dachauer Land","link":"https:\/\/deltaimage.de\/wp\/?cat=3010"},"img":{"alt_text":"","src":"https:\/\/i0.wp.com\/deltaimage.de\/wp\/wp-content\/uploads\/IMG_6774_1200.jpg?fit=1200%2C450&ssl=1&resize=350%2C200","width":350,"height":200,"srcset":"https:\/\/i0.wp.com\/deltaimage.de\/wp\/wp-content\/uploads\/IMG_6774_1200.jpg?fit=1200%2C450&ssl=1&resize=350%2C200 1x, https:\/\/i0.wp.com\/deltaimage.de\/wp\/wp-content\/uploads\/IMG_6774_1200.jpg?fit=1200%2C450&ssl=1&resize=525%2C300 1.5x, https:\/\/i0.wp.com\/deltaimage.de\/wp\/wp-content\/uploads\/IMG_6774_1200.jpg?fit=1200%2C450&ssl=1&resize=700%2C400 2x, https:\/\/i0.wp.com\/deltaimage.de\/wp\/wp-content\/uploads\/IMG_6774_1200.jpg?fit=1200%2C450&ssl=1&resize=1050%2C600 3x"},"classes":[]},{"id":34076,"url":"https:\/\/deltaimage.de\/wp\/?p=34076","url_meta":{"origin":27510,"position":4},"title":"Graf Carl Ernst von Gravenreuth &#8211; Buchvorstellung in Neu-Ulm &#8211; &#8222;Sie allein k\u00f6nnen Bayern retten&#8220;","author":"EschbacP","date":"11. Mai 2022","format":false,"excerpt":"Der Graf Carl Ernst von Gravenreuth - General Kommiss\u00e4r der Provinz Schwaben kam am 9. Mai 2022 nach Neu-Ulm in Form einer Buchpr\u00e4sentation und wurde in der Musikschule in der Gartenstra\u00dfe pr\u00e4sentiert. Ulrich Seitz hat in seinem Wirken als Stadtrat in Neu-Ulm und als Vorstand des Historischen Vereins e.V. sich\u2026","rel":"","context":"In &quot;Buch&quot;","block_context":{"text":"Buch","link":"https:\/\/deltaimage.de\/wp\/?cat=1189"},"img":{"alt_text":"","src":"https:\/\/i0.wp.com\/deltaimage.de\/wp\/wp-content\/uploads\/PE1S0323_1200.jpg?fit=1200%2C450&ssl=1&resize=350%2C200","width":350,"height":200,"srcset":"https:\/\/i0.wp.com\/deltaimage.de\/wp\/wp-content\/uploads\/PE1S0323_1200.jpg?fit=1200%2C450&ssl=1&resize=350%2C200 1x, https:\/\/i0.wp.com\/deltaimage.de\/wp\/wp-content\/uploads\/PE1S0323_1200.jpg?fit=1200%2C450&ssl=1&resize=525%2C300 1.5x, https:\/\/i0.wp.com\/deltaimage.de\/wp\/wp-content\/uploads\/PE1S0323_1200.jpg?fit=1200%2C450&ssl=1&resize=700%2C400 2x, https:\/\/i0.wp.com\/deltaimage.de\/wp\/wp-content\/uploads\/PE1S0323_1200.jpg?fit=1200%2C450&ssl=1&resize=1050%2C600 3x"},"classes":[]},{"id":33720,"url":"https:\/\/deltaimage.de\/wp\/?p=33720","url_meta":{"origin":27510,"position":5},"title":"&#8222;Sie alleine k\u00f6nnen Bayern retten!&#8220; &#8211; er ist da &#8211; Carl Ernst von Gravenreuth","author":"EschbacP","date":"15. April 2022","format":false,"excerpt":"Nach vieler Jahre Arbeit ist er nun da! Carl Ernst von Gravenreuth - eine Karriere zwischen Napoleon und Montgelas erschienen im Friedrich Pustet Verlag Regensburg ist inzwischen im Buchhandel und Online verf\u00fcgbar. Ich halte eines der ersten Exemplare in den H\u00e4nden und beginne in der 200-j\u00e4hrigen Geschichte mit der Franz\u00f6sischen\u2026","rel":"","context":"In &quot;Buch&quot;","block_context":{"text":"Buch","link":"https:\/\/deltaimage.de\/wp\/?cat=1189"},"img":{"alt_text":"","src":"https:\/\/i0.wp.com\/deltaimage.de\/wp\/wp-content\/uploads\/IMG_3558_1200.jpg?fit=1200%2C450&ssl=1&resize=350%2C200","width":350,"height":200,"srcset":"https:\/\/i0.wp.com\/deltaimage.de\/wp\/wp-content\/uploads\/IMG_3558_1200.jpg?fit=1200%2C450&ssl=1&resize=350%2C200 1x, https:\/\/i0.wp.com\/deltaimage.de\/wp\/wp-content\/uploads\/IMG_3558_1200.jpg?fit=1200%2C450&ssl=1&resize=525%2C300 1.5x, https:\/\/i0.wp.com\/deltaimage.de\/wp\/wp-content\/uploads\/IMG_3558_1200.jpg?fit=1200%2C450&ssl=1&resize=700%2C400 2x, https:\/\/i0.wp.com\/deltaimage.de\/wp\/wp-content\/uploads\/IMG_3558_1200.jpg?fit=1200%2C450&ssl=1&resize=1050%2C600 3x"},"classes":[]}],"jetpack_sharing_enabled":true,"_links":{"self":[{"href":"https:\/\/deltaimage.de\/wp\/index.php?rest_route=\/wp\/v2\/posts\/27510","targetHints":{"allow":["GET"]}}],"collection":[{"href":"https:\/\/deltaimage.de\/wp\/index.php?rest_route=\/wp\/v2\/posts"}],"about":[{"href":"https:\/\/deltaimage.de\/wp\/index.php?rest_route=\/wp\/v2\/types\/post"}],"author":[{"embeddable":true,"href":"https:\/\/deltaimage.de\/wp\/index.php?rest_route=\/wp\/v2\/users\/1"}],"replies":[{"embeddable":true,"href":"https:\/\/deltaimage.de\/wp\/index.php?rest_route=%2Fwp%2Fv2%2Fcomments&post=27510"}],"version-history":[{"count":9,"href":"https:\/\/deltaimage.de\/wp\/index.php?rest_route=\/wp\/v2\/posts\/27510\/revisions"}],"predecessor-version":[{"id":51114,"href":"https:\/\/deltaimage.de\/wp\/index.php?rest_route=\/wp\/v2\/posts\/27510\/revisions\/51114"}],"wp:featuredmedia":[{"embeddable":true,"href":"https:\/\/deltaimage.de\/wp\/index.php?rest_route=\/wp\/v2\/media\/23598"}],"wp:attachment":[{"href":"https:\/\/deltaimage.de\/wp\/index.php?rest_route=%2Fwp%2Fv2%2Fmedia&parent=27510"}],"wp:term":[{"taxonomy":"category","embeddable":true,"href":"https:\/\/deltaimage.de\/wp\/index.php?rest_route=%2Fwp%2Fv2%2Fcategories&post=27510"},{"taxonomy":"post_tag","embeddable":true,"href":"https:\/\/deltaimage.de\/wp\/index.php?rest_route=%2Fwp%2Fv2%2Ftags&post=27510"}],"curies":[{"name":"wp","href":"https:\/\/api.w.org\/{rel}","templated":true}]}}