{"id":27549,"date":"2021-04-04T21:04:58","date_gmt":"2021-04-04T20:04:58","guid":{"rendered":"https:\/\/deltaimage.de\/wp\/?p=27549"},"modified":"2025-08-18T21:20:40","modified_gmt":"2025-08-18T19:20:40","slug":"osterbrunnen-im-dachauer-land-zwischen-ilm-glonn-und-amper-an-ostern-kloster-altomuenster","status":"publish","type":"post","link":"https:\/\/deltaimage.de\/wp\/?p=27549","title":{"rendered":"Osterbrunnen im Dachauer Land zwischen Ilm, Glonn und Amper an Ostern &#8211; Kloster Altom\u00fcnster"},"content":{"rendered":"<p>Eine Landschaft, ein Kulturraum besteht nicht nur aus Bauwerken und historischen Ereignissen. Kultur wird in vielf\u00e4ltiger Art und Weise gebildet und \u00f6ffentlich zur Schau gestellt. Manchmal ganz pomp\u00f6s, wie Silvester oder die Fronleichnam-Prozession. Manchmal aber auch ganz unscheinbar, ohne viel Aufheben. Dieses Brauchtum ist doch um so mehr identit\u00e4tsstiftend und wird gemein mit dem Begriff Heimat assoziiert.<\/p>\n<p><!--more--><\/p>\n<p>So auch das Brauchtum der Osterbrunnen im <strong>Dachauer Land<\/strong> zwischen <strong>Ilm<\/strong>, <strong>Glonn<\/strong> und der <strong>Amper<\/strong>.<\/p>\n<p><img data-recalc-dims=\"1\" loading=\"lazy\" decoding=\"async\" data-attachment-id=\"27538\" data-permalink=\"https:\/\/deltaimage.de\/wp\/?attachment_id=27538#main\" data-orig-file=\"https:\/\/i0.wp.com\/deltaimage.de\/wp\/wp-content\/uploads\/IMG_6921_900.jpg?fit=890%2C593&amp;ssl=1\" data-orig-size=\"890,593\" data-comments-opened=\"1\" data-image-meta=\"{&quot;aperture&quot;:&quot;2.8&quot;,&quot;credit&quot;:&quot;PAUL ESCHBACH&quot;,&quot;camera&quot;:&quot;Canon EOS 80D&quot;,&quot;caption&quot;:&quot;&quot;,&quot;created_timestamp&quot;:&quot;1617544290&quot;,&quot;copyright&quot;:&quot;Paul Eschbach @ DELTA IMAGE&quot;,&quot;focal_length&quot;:&quot;51&quot;,&quot;iso&quot;:&quot;200&quot;,&quot;shutter_speed&quot;:&quot;0.00015625&quot;,&quot;title&quot;:&quot;&quot;,&quot;orientation&quot;:&quot;0&quot;}\" data-image-title=\"IMG_6921_900\" data-image-description=\"\" data-image-caption=\"\" data-large-file=\"https:\/\/i0.wp.com\/deltaimage.de\/wp\/wp-content\/uploads\/IMG_6921_900.jpg?fit=890%2C593&amp;ssl=1\" class=\"aligncenter size-full wp-image-27538\" src=\"https:\/\/i0.wp.com\/deltaimage.de\/wp\/wp-content\/uploads\/IMG_6921_900.jpg?resize=890%2C593&#038;ssl=1\" alt=\"IMG\" width=\"890\" height=\"593\" srcset=\"https:\/\/i0.wp.com\/deltaimage.de\/wp\/wp-content\/uploads\/IMG_6921_900.jpg?w=890&amp;ssl=1 890w, https:\/\/i0.wp.com\/deltaimage.de\/wp\/wp-content\/uploads\/IMG_6921_900.jpg?resize=300%2C200&amp;ssl=1 300w, https:\/\/i0.wp.com\/deltaimage.de\/wp\/wp-content\/uploads\/IMG_6921_900.jpg?resize=675%2C450&amp;ssl=1 675w, https:\/\/i0.wp.com\/deltaimage.de\/wp\/wp-content\/uploads\/IMG_6921_900.jpg?resize=600%2C400&amp;ssl=1 600w, https:\/\/i0.wp.com\/deltaimage.de\/wp\/wp-content\/uploads\/IMG_6921_900.jpg?resize=200%2C133&amp;ssl=1 200w\" sizes=\"auto, (max-width: 890px) 100vw, 890px\" \/><\/p>\n<h2>Osterbrunnen mit Osterkrone in den Osterwochen<\/h2>\n<p>Das Brauchtum stammt wohl aus Franken und der Fr\u00e4nkischen Schweiz und hat sich als Brauchtum bis heute erhalten. In der Zeit ab Palmsonntag, werden in der Karwoche vor Ostern \u00f6ffentliche Dorfbrunnen mit bemalten <strong>Ostereiern<\/strong> gr\u00fcnem Blattwerk als <b>Osterbrunnen<\/b> geschm\u00fcckt. Inzwischen hat sich dieses Brauchtum in weiten Teilen Deutschlands verbreitet.<\/p>\n<p>Das Osterfest ist mit der Auferstehung und mit dem Osterhasen und dem Lamm ein Fest in Verbindung mit der Fruchtbarkeit. In der Landwirtschaft beginnt der Jahreskreis des Bauern &#8211; so dass es nicht weit her ist, dass das frische Wasser des Brunnens genauso wie die Eier Fruchtbarkeitsbedeutung haben.<\/p>\n<p>Egal wie das Brauchtum entstanden ist, ist es in der schnelllebigen Welt umso sch\u00f6ne so ein farbenfrohes Gebilde der Osterkrone im \u00f6ffentlichen Raum betrachten zu k\u00f6nnen.<\/p>\n<h2>Osterbrunnen im Dachauer Land im Jahr 2021<\/h2>\n<p>Heuer war es ein besonderes Erlebnis in den Schwierigkeiten der Pandemie, die Zeit zu nutzen und \u00fcber die Ostertage sich diese Kunstwerke b\u00e4uerlichen Brauchtums und eines Sinnbildes der d\u00f6rflichen Zusammenarbeit wieder sehen zu k\u00f6nnen &#8211; das gibt auch Hoffnung f\u00fcr das, was uns noch bevorsteht.<\/p>\n<p>In 2021 waren es vor allem die D\u00f6rfer\/St\u00e4dte<\/p>\n<ul>\n<li><a href=\"https:\/\/deltaimage.de\/wp\/?p=27523\"><strong>Lauterbach<\/strong><\/a><\/li>\n<li><a href=\"https:\/\/deltaimage.de\/wp\/?p=27549\"><strong>Altom\u00fcnster<\/strong><\/a><\/li>\n<li><a href=\"https:\/\/deltaimage.de\/wp\/?p=27550\"><strong>Hilgertshausen<\/strong><\/a><\/li>\n<li><a href=\"https:\/\/deltaimage.de\/wp\/?p=27551\"><strong>Kleinberghofen<\/strong><\/a><\/li>\n<li><a href=\"https:\/\/deltaimage.de\/wp\/?p=27552\"><strong>Schwabhausen<\/strong><\/a><\/li>\n<\/ul>\n<p>die ich mit einem Osterbrunnen gefunden habe. Andere D\u00f6rfer als vor zwei Jahren sind mit dabei.<\/p>\n<h2>Osterkrone in Altom\u00fcnster<\/h2>\n<p><img data-recalc-dims=\"1\" loading=\"lazy\" decoding=\"async\" data-attachment-id=\"27535\" data-permalink=\"https:\/\/deltaimage.de\/wp\/?attachment_id=27535#main\" data-orig-file=\"https:\/\/i0.wp.com\/deltaimage.de\/wp\/wp-content\/uploads\/IMG_6877_900-1.jpg?fit=890%2C593&amp;ssl=1\" data-orig-size=\"890,593\" data-comments-opened=\"1\" data-image-meta=\"{&quot;aperture&quot;:&quot;9&quot;,&quot;credit&quot;:&quot;PAUL ESCHBACH&quot;,&quot;camera&quot;:&quot;Canon EOS 80D&quot;,&quot;caption&quot;:&quot;&quot;,&quot;created_timestamp&quot;:&quot;1617537056&quot;,&quot;copyright&quot;:&quot;Paul Eschbach @ DELTA IMAGE&quot;,&quot;focal_length&quot;:&quot;51&quot;,&quot;iso&quot;:&quot;200&quot;,&quot;shutter_speed&quot;:&quot;0.002&quot;,&quot;title&quot;:&quot;&quot;,&quot;orientation&quot;:&quot;0&quot;}\" data-image-title=\"IMG_6877_900\" data-image-description=\"\" data-image-caption=\"\" data-large-file=\"https:\/\/i0.wp.com\/deltaimage.de\/wp\/wp-content\/uploads\/IMG_6877_900-1.jpg?fit=890%2C593&amp;ssl=1\" class=\"aligncenter size-full wp-image-27535\" src=\"https:\/\/i0.wp.com\/deltaimage.de\/wp\/wp-content\/uploads\/IMG_6877_900-1.jpg?resize=890%2C593&#038;ssl=1\" alt=\"IMG\" width=\"890\" height=\"593\" srcset=\"https:\/\/i0.wp.com\/deltaimage.de\/wp\/wp-content\/uploads\/IMG_6877_900-1.jpg?w=890&amp;ssl=1 890w, https:\/\/i0.wp.com\/deltaimage.de\/wp\/wp-content\/uploads\/IMG_6877_900-1.jpg?resize=300%2C200&amp;ssl=1 300w, https:\/\/i0.wp.com\/deltaimage.de\/wp\/wp-content\/uploads\/IMG_6877_900-1.jpg?resize=675%2C450&amp;ssl=1 675w, https:\/\/i0.wp.com\/deltaimage.de\/wp\/wp-content\/uploads\/IMG_6877_900-1.jpg?resize=600%2C400&amp;ssl=1 600w, https:\/\/i0.wp.com\/deltaimage.de\/wp\/wp-content\/uploads\/IMG_6877_900-1.jpg?resize=200%2C133&amp;ssl=1 200w\" sizes=\"auto, (max-width: 890px) 100vw, 890px\" \/><\/p>\n<p>Das Brigittinnenkloster ist inzwischen aufgel\u00f6st, die Klosterkirche ist eine der pr\u00e4chtigsten im <strong>Dachauer Land<\/strong> und zeigt sich auch gerne weithin sichtbar \u00fcber den H\u00fcgeln und Feldern. Der Fr\u00fchling ist dieses Jahr an Ostern schon sichtbar.<\/p>\n<p><img data-recalc-dims=\"1\" loading=\"lazy\" decoding=\"async\" data-attachment-id=\"27532\" data-permalink=\"https:\/\/deltaimage.de\/wp\/?attachment_id=27532#main\" data-orig-file=\"https:\/\/i0.wp.com\/deltaimage.de\/wp\/wp-content\/uploads\/IMG_6865_900.jpg?fit=890%2C593&amp;ssl=1\" data-orig-size=\"890,593\" data-comments-opened=\"1\" data-image-meta=\"{&quot;aperture&quot;:&quot;2.8&quot;,&quot;credit&quot;:&quot;PAUL ESCHBACH&quot;,&quot;camera&quot;:&quot;Canon EOS 80D&quot;,&quot;caption&quot;:&quot;&quot;,&quot;created_timestamp&quot;:&quot;1617536367&quot;,&quot;copyright&quot;:&quot;Paul Eschbach @ DELTA IMAGE&quot;,&quot;focal_length&quot;:&quot;17&quot;,&quot;iso&quot;:&quot;200&quot;,&quot;shutter_speed&quot;:&quot;0.0003125&quot;,&quot;title&quot;:&quot;&quot;,&quot;orientation&quot;:&quot;0&quot;}\" data-image-title=\"IMG_6865_900\" data-image-description=\"\" data-image-caption=\"\" data-large-file=\"https:\/\/i0.wp.com\/deltaimage.de\/wp\/wp-content\/uploads\/IMG_6865_900.jpg?fit=890%2C593&amp;ssl=1\" class=\"aligncenter size-full wp-image-27532\" src=\"https:\/\/i0.wp.com\/deltaimage.de\/wp\/wp-content\/uploads\/IMG_6865_900.jpg?resize=890%2C593&#038;ssl=1\" alt=\"IMG\" width=\"890\" height=\"593\" srcset=\"https:\/\/i0.wp.com\/deltaimage.de\/wp\/wp-content\/uploads\/IMG_6865_900.jpg?w=890&amp;ssl=1 890w, https:\/\/i0.wp.com\/deltaimage.de\/wp\/wp-content\/uploads\/IMG_6865_900.jpg?resize=300%2C200&amp;ssl=1 300w, https:\/\/i0.wp.com\/deltaimage.de\/wp\/wp-content\/uploads\/IMG_6865_900.jpg?resize=675%2C450&amp;ssl=1 675w, https:\/\/i0.wp.com\/deltaimage.de\/wp\/wp-content\/uploads\/IMG_6865_900.jpg?resize=600%2C400&amp;ssl=1 600w, https:\/\/i0.wp.com\/deltaimage.de\/wp\/wp-content\/uploads\/IMG_6865_900.jpg?resize=200%2C133&amp;ssl=1 200w\" sizes=\"auto, (max-width: 890px) 100vw, 890px\" \/><\/p>\n<p>Der Osterbrunnen hat einen sch\u00f6nen Platz bekommen &#8211; und hat gen\u00fcgend Platz um auch wirken zu k\u00f6nnen, und nicht komplett von Autos zugestellt zu sein. Sehr sch\u00f6n.<\/p>\n<p><img data-recalc-dims=\"1\" loading=\"lazy\" decoding=\"async\" data-attachment-id=\"27533\" data-permalink=\"https:\/\/deltaimage.de\/wp\/?attachment_id=27533#main\" data-orig-file=\"https:\/\/i0.wp.com\/deltaimage.de\/wp\/wp-content\/uploads\/IMG_6868_900.jpg?fit=593%2C890&amp;ssl=1\" data-orig-size=\"593,890\" data-comments-opened=\"1\" data-image-meta=\"{&quot;aperture&quot;:&quot;5&quot;,&quot;credit&quot;:&quot;PAUL ESCHBACH&quot;,&quot;camera&quot;:&quot;Canon EOS 80D&quot;,&quot;caption&quot;:&quot;&quot;,&quot;created_timestamp&quot;:&quot;1617536495&quot;,&quot;copyright&quot;:&quot;Paul Eschbach @ DELTA IMAGE&quot;,&quot;focal_length&quot;:&quot;17&quot;,&quot;iso&quot;:&quot;200&quot;,&quot;shutter_speed&quot;:&quot;0.000625&quot;,&quot;title&quot;:&quot;&quot;,&quot;orientation&quot;:&quot;0&quot;}\" data-image-title=\"IMG_6868_900\" data-image-description=\"\" data-image-caption=\"\" data-large-file=\"https:\/\/i0.wp.com\/deltaimage.de\/wp\/wp-content\/uploads\/IMG_6868_900.jpg?fit=593%2C890&amp;ssl=1\" class=\"aligncenter size-full wp-image-27533\" src=\"https:\/\/i0.wp.com\/deltaimage.de\/wp\/wp-content\/uploads\/IMG_6868_900.jpg?resize=593%2C890&#038;ssl=1\" alt=\"IMG\" width=\"593\" height=\"890\" srcset=\"https:\/\/i0.wp.com\/deltaimage.de\/wp\/wp-content\/uploads\/IMG_6868_900.jpg?w=593&amp;ssl=1 593w, https:\/\/i0.wp.com\/deltaimage.de\/wp\/wp-content\/uploads\/IMG_6868_900.jpg?resize=400%2C600&amp;ssl=1 400w, https:\/\/i0.wp.com\/deltaimage.de\/wp\/wp-content\/uploads\/IMG_6868_900.jpg?resize=133%2C200&amp;ssl=1 133w, https:\/\/i0.wp.com\/deltaimage.de\/wp\/wp-content\/uploads\/IMG_6868_900.jpg?resize=395%2C593&amp;ssl=1 395w, https:\/\/i0.wp.com\/deltaimage.de\/wp\/wp-content\/uploads\/IMG_6868_900.jpg?resize=300%2C450&amp;ssl=1 300w, https:\/\/i0.wp.com\/deltaimage.de\/wp\/wp-content\/uploads\/IMG_6868_900.jpg?resize=267%2C400&amp;ssl=1 267w\" sizes=\"auto, (max-width: 593px) 100vw, 593px\" \/><\/p>\n<p>Vom Osterbrunnen geht der Blick steil nach oben zum Kirchturm der Klosterkirche &#8211; ein sehr sch\u00f6nes Ensemble in <strong>Altom\u00fcnster<\/strong>.<\/p>\n<p><img data-recalc-dims=\"1\" loading=\"lazy\" decoding=\"async\" data-attachment-id=\"27534\" data-permalink=\"https:\/\/deltaimage.de\/wp\/?attachment_id=27534#main\" data-orig-file=\"https:\/\/i0.wp.com\/deltaimage.de\/wp\/wp-content\/uploads\/IMG_6869_900.jpg?fit=890%2C593&amp;ssl=1\" data-orig-size=\"890,593\" data-comments-opened=\"1\" data-image-meta=\"{&quot;aperture&quot;:&quot;2.8&quot;,&quot;credit&quot;:&quot;PAUL ESCHBACH&quot;,&quot;camera&quot;:&quot;Canon EOS 80D&quot;,&quot;caption&quot;:&quot;&quot;,&quot;created_timestamp&quot;:&quot;1617536522&quot;,&quot;copyright&quot;:&quot;Paul Eschbach @ DELTA IMAGE&quot;,&quot;focal_length&quot;:&quot;23&quot;,&quot;iso&quot;:&quot;200&quot;,&quot;shutter_speed&quot;:&quot;0.00025&quot;,&quot;title&quot;:&quot;&quot;,&quot;orientation&quot;:&quot;0&quot;}\" data-image-title=\"IMG_6869_900\" data-image-description=\"\" data-image-caption=\"\" data-large-file=\"https:\/\/i0.wp.com\/deltaimage.de\/wp\/wp-content\/uploads\/IMG_6869_900.jpg?fit=890%2C593&amp;ssl=1\" class=\"aligncenter size-full wp-image-27534\" src=\"https:\/\/i0.wp.com\/deltaimage.de\/wp\/wp-content\/uploads\/IMG_6869_900.jpg?resize=890%2C593&#038;ssl=1\" alt=\"IMG\" width=\"890\" height=\"593\" srcset=\"https:\/\/i0.wp.com\/deltaimage.de\/wp\/wp-content\/uploads\/IMG_6869_900.jpg?w=890&amp;ssl=1 890w, https:\/\/i0.wp.com\/deltaimage.de\/wp\/wp-content\/uploads\/IMG_6869_900.jpg?resize=300%2C200&amp;ssl=1 300w, https:\/\/i0.wp.com\/deltaimage.de\/wp\/wp-content\/uploads\/IMG_6869_900.jpg?resize=675%2C450&amp;ssl=1 675w, https:\/\/i0.wp.com\/deltaimage.de\/wp\/wp-content\/uploads\/IMG_6869_900.jpg?resize=600%2C400&amp;ssl=1 600w, https:\/\/i0.wp.com\/deltaimage.de\/wp\/wp-content\/uploads\/IMG_6869_900.jpg?resize=200%2C133&amp;ssl=1 200w\" sizes=\"auto, (max-width: 890px) 100vw, 890px\" \/><\/p>\n<p>Eine der sch\u00f6nsten Osterkronen steht in Altom\u00fcnster wohl auch brauchtumsm\u00e4\u00dfig mit der Quelle des hl. Alto in Verbindung.<\/p>\n","protected":false},"excerpt":{"rendered":"<p>Eine Landschaft, ein Kulturraum besteht nicht nur aus Bauwerken und historischen Ereignissen. Kultur wird in vielf\u00e4ltiger Art und Weise gebildet und \u00f6ffentlich zur Schau gestellt. Manchmal ganz pomp\u00f6s, wie Silvester [&hellip;]<\/p>\n","protected":false},"author":1,"featured_media":27558,"comment_status":"open","ping_status":"closed","sticky":false,"template":"","format":"standard","meta":{"wpupg_custom_link":[],"wpupg_custom_link_behaviour":["default"],"wpupg_custom_link_nofollow":["default"],"wpupg_custom_image":[],"wpupg_custom_image_id":[],"jetpack_post_was_ever_published":false,"footnotes":""},"categories":[3010,2523,8],"tags":[527,464,511,530,114,2826,2975,2977,2969,543,2974,955,2978,2976],"class_list":["post-27549","post","type-post","status-publish","format-standard","has-post-thumbnail","hentry","category-dachauer-land","category-dachauer-moos","category-news","tag-altomuenster","tag-amper","tag-brauchtum","tag-dachauer-land","tag-fruehling","tag-glonn","tag-hilgertshausen","tag-ilm","tag-karwoche","tag-kleinberghofen","tag-lauterbach","tag-ostern","tag-palmsonntag","tag-schwabhausen"],"jetpack_featured_media_url":"https:\/\/i0.wp.com\/deltaimage.de\/wp\/wp-content\/uploads\/IMG_6877_1200.jpg?fit=1200%2C450&ssl=1","jetpack-related-posts":[{"id":27551,"url":"https:\/\/deltaimage.de\/wp\/?p=27551","url_meta":{"origin":27549,"position":0},"title":"Osterbrunnen im Dachauer Land zwischen Ilm, Glonn und Amper an Ostern &#8211; Kleinberghofen \u00fcber den Zeitlbach","author":"EschbacP","date":"4. April 2021","format":false,"excerpt":"Eine Landschaft, ein Kulturraum besteht nicht nur aus Bauwerken und historischen Ereignissen. Kultur wird in vielf\u00e4ltiger Art und Weise gebildet und \u00f6ffentlich zur Schau gestellt. Manchmal ganz pomp\u00f6s wie Silvester oder die Fronleichnam-Prozession. Manchmal aber auch ganz unscheinbar, ohne viel Aufheben. Dieses Brauchtum ist doch um so mehr identit\u00e4tsstiftend und\u2026","rel":"","context":"In &quot;Dachauer Land&quot;","block_context":{"text":"Dachauer Land","link":"https:\/\/deltaimage.de\/wp\/?cat=3010"},"img":{"alt_text":"","src":"https:\/\/i0.wp.com\/deltaimage.de\/wp\/wp-content\/uploads\/IMG_6919_1200.jpg?fit=1200%2C450&ssl=1&resize=350%2C200","width":350,"height":200,"srcset":"https:\/\/i0.wp.com\/deltaimage.de\/wp\/wp-content\/uploads\/IMG_6919_1200.jpg?fit=1200%2C450&ssl=1&resize=350%2C200 1x, https:\/\/i0.wp.com\/deltaimage.de\/wp\/wp-content\/uploads\/IMG_6919_1200.jpg?fit=1200%2C450&ssl=1&resize=525%2C300 1.5x, https:\/\/i0.wp.com\/deltaimage.de\/wp\/wp-content\/uploads\/IMG_6919_1200.jpg?fit=1200%2C450&ssl=1&resize=700%2C400 2x, https:\/\/i0.wp.com\/deltaimage.de\/wp\/wp-content\/uploads\/IMG_6919_1200.jpg?fit=1200%2C450&ssl=1&resize=1050%2C600 3x"},"classes":[]},{"id":27523,"url":"https:\/\/deltaimage.de\/wp\/?p=27523","url_meta":{"origin":27549,"position":1},"title":"Osterbrunnen im Dachauer Land zwischen Ilm, Glonn und Amper an Ostern &#8211; am Schloss Lauterbach","author":"EschbacP","date":"4. April 2021","format":false,"excerpt":"Eine Landschaft, ein Kulturraum besteht nicht nur aus Bauwerken und historischen Ereignissen. Kultur wird in vielf\u00e4ltiger Art und Weise gebildet und \u00f6ffentlich zur Schau gestellt. Manchmal ganz pomp\u00f6s, wie Silvester oder die Fronleichnam-Prozession. Manchmal aber auch ganz unscheinbar, ohne viel Aufheben. Dieses Brauchtum ist doch um so mehr identit\u00e4tsstiftend und\u2026","rel":"","context":"In &quot;Dachauer Land&quot;","block_context":{"text":"Dachauer Land","link":"https:\/\/deltaimage.de\/wp\/?cat=3010"},"img":{"alt_text":"","src":"https:\/\/i0.wp.com\/deltaimage.de\/wp\/wp-content\/uploads\/IMG_6847_1200.jpg?fit=1200%2C450&ssl=1&resize=350%2C200","width":350,"height":200,"srcset":"https:\/\/i0.wp.com\/deltaimage.de\/wp\/wp-content\/uploads\/IMG_6847_1200.jpg?fit=1200%2C450&ssl=1&resize=350%2C200 1x, https:\/\/i0.wp.com\/deltaimage.de\/wp\/wp-content\/uploads\/IMG_6847_1200.jpg?fit=1200%2C450&ssl=1&resize=525%2C300 1.5x, https:\/\/i0.wp.com\/deltaimage.de\/wp\/wp-content\/uploads\/IMG_6847_1200.jpg?fit=1200%2C450&ssl=1&resize=700%2C400 2x, https:\/\/i0.wp.com\/deltaimage.de\/wp\/wp-content\/uploads\/IMG_6847_1200.jpg?fit=1200%2C450&ssl=1&resize=1050%2C600 3x"},"classes":[]},{"id":27550,"url":"https:\/\/deltaimage.de\/wp\/?p=27550","url_meta":{"origin":27549,"position":2},"title":"Osterbrunnen im Dachauer Land zwischen Ilm, Glonn und Amper an Ostern &#8211; Hilgertshausen","author":"EschbacP","date":"4. April 2021","format":false,"excerpt":"Eine Landschaft, ein Kulturraum besteht nicht nur aus Bauwerken und historischen Ereignissen. Kultur wird in vielf\u00e4ltiger Art und Weise gebildet und \u00f6ffentlich zur Schau gestellt. Manchmal ganz pomp\u00f6s wie Silvester oder die Fronleichnam-Prozession. Manchmal aber auch ganz unscheinbar, ohne viel Aufheben. Dieses Brauchtum ist doch um so mehr identit\u00e4tsstiftend und\u2026","rel":"","context":"In &quot;Dachauer Moos&quot;","block_context":{"text":"Dachauer Moos","link":"https:\/\/deltaimage.de\/wp\/?cat=2523"},"img":{"alt_text":"","src":"https:\/\/i0.wp.com\/deltaimage.de\/wp\/wp-content\/uploads\/IMG_6881_1200.jpg?fit=1200%2C450&ssl=1&resize=350%2C200","width":350,"height":200,"srcset":"https:\/\/i0.wp.com\/deltaimage.de\/wp\/wp-content\/uploads\/IMG_6881_1200.jpg?fit=1200%2C450&ssl=1&resize=350%2C200 1x, https:\/\/i0.wp.com\/deltaimage.de\/wp\/wp-content\/uploads\/IMG_6881_1200.jpg?fit=1200%2C450&ssl=1&resize=525%2C300 1.5x, https:\/\/i0.wp.com\/deltaimage.de\/wp\/wp-content\/uploads\/IMG_6881_1200.jpg?fit=1200%2C450&ssl=1&resize=700%2C400 2x, https:\/\/i0.wp.com\/deltaimage.de\/wp\/wp-content\/uploads\/IMG_6881_1200.jpg?fit=1200%2C450&ssl=1&resize=1050%2C600 3x"},"classes":[]},{"id":27552,"url":"https:\/\/deltaimage.de\/wp\/?p=27552","url_meta":{"origin":27549,"position":3},"title":"Osterbrunnen im Dachauer Land zwischen Ilm, Glonn und Amper an Ostern &#8211; Schwabhausen","author":"EschbacP","date":"4. April 2021","format":false,"excerpt":"Eine Landschaft, ein Kulturraum besteht nicht nur aus Bauwerken und historischen Ereignissen. Kultur wird in vielf\u00e4ltiger Art und Weise gebildet und \u00f6ffentlich zur Schau gestellt. Manchmal ganz pomp\u00f6s wie Silvester oder die Fronleichnam-Prozession. Manchmal aber auch ganz unscheinbar, ohne viel Aufheben. Dieses Brauchtum ist doch um so mehr identit\u00e4tsstiftend und\u2026","rel":"","context":"In &quot;Dachauer Land&quot;","block_context":{"text":"Dachauer Land","link":"https:\/\/deltaimage.de\/wp\/?cat=3010"},"img":{"alt_text":"","src":"https:\/\/i0.wp.com\/deltaimage.de\/wp\/wp-content\/uploads\/IMG_6927_1200.jpg?fit=1200%2C450&ssl=1&resize=350%2C200","width":350,"height":200,"srcset":"https:\/\/i0.wp.com\/deltaimage.de\/wp\/wp-content\/uploads\/IMG_6927_1200.jpg?fit=1200%2C450&ssl=1&resize=350%2C200 1x, https:\/\/i0.wp.com\/deltaimage.de\/wp\/wp-content\/uploads\/IMG_6927_1200.jpg?fit=1200%2C450&ssl=1&resize=525%2C300 1.5x, https:\/\/i0.wp.com\/deltaimage.de\/wp\/wp-content\/uploads\/IMG_6927_1200.jpg?fit=1200%2C450&ssl=1&resize=700%2C400 2x, https:\/\/i0.wp.com\/deltaimage.de\/wp\/wp-content\/uploads\/IMG_6927_1200.jpg?fit=1200%2C450&ssl=1&resize=1050%2C600 3x"},"classes":[]},{"id":21590,"url":"https:\/\/deltaimage.de\/wp\/?p=21590","url_meta":{"origin":27549,"position":4},"title":"Dachauer Land und die liebevolle Ostertradition","author":"EschbacP","date":"2. Mai 2019","format":false,"excerpt":"Alle Kinder lieben Ostern, die versteckten Ostereier, Geschenke und meist schon sch\u00f6nes Wetter - dazu Schulferien. Einfach perfekt. \u00a0 In vielen Gemeinden im Dachauer Land werden die bunten Ostereier ganz \u00f6ffentlich am Dorfbrunnen \"versteckt\" und zu kunstvollen Gebilden zusammengef\u00fchrt. Grund genug f\u00fcr die Fotografen, uns das aus der N\u00e4he anzusehen.\u2026","rel":"","context":"In &quot;News Blog&quot;","block_context":{"text":"News Blog","link":"https:\/\/deltaimage.de\/wp\/?cat=8"},"img":{"alt_text":"","src":"https:\/\/i0.wp.com\/deltaimage.de\/wp\/wp-content\/uploads\/PE1S0555_1200.jpg?fit=1200%2C450&ssl=1&resize=350%2C200","width":350,"height":200,"srcset":"https:\/\/i0.wp.com\/deltaimage.de\/wp\/wp-content\/uploads\/PE1S0555_1200.jpg?fit=1200%2C450&ssl=1&resize=350%2C200 1x, https:\/\/i0.wp.com\/deltaimage.de\/wp\/wp-content\/uploads\/PE1S0555_1200.jpg?fit=1200%2C450&ssl=1&resize=525%2C300 1.5x, https:\/\/i0.wp.com\/deltaimage.de\/wp\/wp-content\/uploads\/PE1S0555_1200.jpg?fit=1200%2C450&ssl=1&resize=700%2C400 2x, https:\/\/i0.wp.com\/deltaimage.de\/wp\/wp-content\/uploads\/PE1S0555_1200.jpg?fit=1200%2C450&ssl=1&resize=1050%2C600 3x"},"classes":[]},{"id":42821,"url":"https:\/\/deltaimage.de\/wp\/?p=42821","url_meta":{"origin":27549,"position":5},"title":"Wasserbrunnen &#8211; Eier &#8211; Ostern; Osterbrunnen im Landkreis Dachau","author":"EschbacP","date":"31. M\u00e4rz 2024","format":false,"excerpt":"Die Osterferien fallen mal wieder mit Ostern zusammen! Vom Palmsonntag, die kommenden zwei Wochen ist die Osterzeit mitbestimmend im Leben und im Brauchtum der Christenheit, die h\u00f6chsten Feiertage im Christenjahr stehen an. Aus diesem Anlass, werden in vielen Regionen, eine ganz besondere Form des Brauchtums gepflegt, darum soll es heute\u2026","rel":"","context":"In &quot;Dachauer Land&quot;","block_context":{"text":"Dachauer Land","link":"https:\/\/deltaimage.de\/wp\/?cat=3010"},"img":{"alt_text":"","src":"https:\/\/i0.wp.com\/deltaimage.de\/wp\/wp-content\/uploads\/PE1X3835_1200.jpg?fit=1200%2C450&ssl=1&resize=350%2C200","width":350,"height":200,"srcset":"https:\/\/i0.wp.com\/deltaimage.de\/wp\/wp-content\/uploads\/PE1X3835_1200.jpg?fit=1200%2C450&ssl=1&resize=350%2C200 1x, https:\/\/i0.wp.com\/deltaimage.de\/wp\/wp-content\/uploads\/PE1X3835_1200.jpg?fit=1200%2C450&ssl=1&resize=525%2C300 1.5x, https:\/\/i0.wp.com\/deltaimage.de\/wp\/wp-content\/uploads\/PE1X3835_1200.jpg?fit=1200%2C450&ssl=1&resize=700%2C400 2x, https:\/\/i0.wp.com\/deltaimage.de\/wp\/wp-content\/uploads\/PE1X3835_1200.jpg?fit=1200%2C450&ssl=1&resize=1050%2C600 3x"},"classes":[]}],"jetpack_sharing_enabled":true,"_links":{"self":[{"href":"https:\/\/deltaimage.de\/wp\/index.php?rest_route=\/wp\/v2\/posts\/27549","targetHints":{"allow":["GET"]}}],"collection":[{"href":"https:\/\/deltaimage.de\/wp\/index.php?rest_route=\/wp\/v2\/posts"}],"about":[{"href":"https:\/\/deltaimage.de\/wp\/index.php?rest_route=\/wp\/v2\/types\/post"}],"author":[{"embeddable":true,"href":"https:\/\/deltaimage.de\/wp\/index.php?rest_route=\/wp\/v2\/users\/1"}],"replies":[{"embeddable":true,"href":"https:\/\/deltaimage.de\/wp\/index.php?rest_route=%2Fwp%2Fv2%2Fcomments&post=27549"}],"version-history":[{"count":7,"href":"https:\/\/deltaimage.de\/wp\/index.php?rest_route=\/wp\/v2\/posts\/27549\/revisions"}],"predecessor-version":[{"id":51172,"href":"https:\/\/deltaimage.de\/wp\/index.php?rest_route=\/wp\/v2\/posts\/27549\/revisions\/51172"}],"wp:featuredmedia":[{"embeddable":true,"href":"https:\/\/deltaimage.de\/wp\/index.php?rest_route=\/wp\/v2\/media\/27558"}],"wp:attachment":[{"href":"https:\/\/deltaimage.de\/wp\/index.php?rest_route=%2Fwp%2Fv2%2Fmedia&parent=27549"}],"wp:term":[{"taxonomy":"category","embeddable":true,"href":"https:\/\/deltaimage.de\/wp\/index.php?rest_route=%2Fwp%2Fv2%2Fcategories&post=27549"},{"taxonomy":"post_tag","embeddable":true,"href":"https:\/\/deltaimage.de\/wp\/index.php?rest_route=%2Fwp%2Fv2%2Ftags&post=27549"}],"curies":[{"name":"wp","href":"https:\/\/api.w.org\/{rel}","templated":true}]}}