{"id":28321,"date":"2021-05-17T09:20:27","date_gmt":"2021-05-17T08:20:27","guid":{"rendered":"https:\/\/deltaimage.de\/wp\/?p=28321"},"modified":"2025-08-18T21:30:22","modified_gmt":"2025-08-18T19:30:22","slug":"ein-bunter-gefiederter-freund-leistet-gesellschaft","status":"publish","type":"post","link":"https:\/\/deltaimage.de\/wp\/?p=28321","title":{"rendered":"Ein bunter gefiederter Freund leistet Gesellschaft"},"content":{"rendered":"<p>Manchmal passieren die sch\u00f6nsten Dinge ganz unverhofft und unerwartet.<\/p>\n<p>Ein kleiner Sonntagsspaziergang im Fr\u00fchling an der Amper verspricht immer wieder Sonne und kurzen Regen &#8211; daf\u00fcr sch\u00f6ne dramatische Wolkenstimmungen \u00fcber dem Dachauer Moos. Eigentlich wunderbare Voraussetzungen f\u00fcr ein sch\u00f6nes Foto.<\/p>\n<p>&nbsp;<\/p>\n<h2>Unweit des Dammweges versorgt sich ein Buntspecht mit Proteinen<\/h2>\n<p><img data-recalc-dims=\"1\" loading=\"lazy\" decoding=\"async\" data-attachment-id=\"28323\" data-permalink=\"https:\/\/deltaimage.de\/wp\/?attachment_id=28323#main\" data-orig-file=\"https:\/\/i0.wp.com\/deltaimage.de\/wp\/wp-content\/uploads\/PE1S0012_900-2.jpg?fit=890%2C593&amp;ssl=1\" data-orig-size=\"890,593\" data-comments-opened=\"1\" data-image-meta=\"{&quot;aperture&quot;:&quot;2.8&quot;,&quot;credit&quot;:&quot;Paul Eschbach&quot;,&quot;camera&quot;:&quot;Canon EOS-1Ds Mark III&quot;,&quot;caption&quot;:&quot;&quot;,&quot;created_timestamp&quot;:&quot;1621175291&quot;,&quot;copyright&quot;:&quot;&quot;,&quot;focal_length&quot;:&quot;100&quot;,&quot;iso&quot;:&quot;200&quot;,&quot;shutter_speed&quot;:&quot;0.00125&quot;,&quot;title&quot;:&quot;&quot;,&quot;orientation&quot;:&quot;0&quot;}\" data-image-title=\"PE1S0012_900\" data-image-description=\"\" data-image-caption=\"\" data-large-file=\"https:\/\/i0.wp.com\/deltaimage.de\/wp\/wp-content\/uploads\/PE1S0012_900-2.jpg?fit=890%2C593&amp;ssl=1\" class=\"aligncenter size-full wp-image-28323\" src=\"https:\/\/i0.wp.com\/deltaimage.de\/wp\/wp-content\/uploads\/PE1S0012_900-2.jpg?resize=890%2C593&#038;ssl=1\" alt=\"\" width=\"890\" height=\"593\" srcset=\"https:\/\/i0.wp.com\/deltaimage.de\/wp\/wp-content\/uploads\/PE1S0012_900-2.jpg?w=890&amp;ssl=1 890w, https:\/\/i0.wp.com\/deltaimage.de\/wp\/wp-content\/uploads\/PE1S0012_900-2.jpg?resize=300%2C200&amp;ssl=1 300w, https:\/\/i0.wp.com\/deltaimage.de\/wp\/wp-content\/uploads\/PE1S0012_900-2.jpg?resize=675%2C450&amp;ssl=1 675w, https:\/\/i0.wp.com\/deltaimage.de\/wp\/wp-content\/uploads\/PE1S0012_900-2.jpg?resize=600%2C400&amp;ssl=1 600w, https:\/\/i0.wp.com\/deltaimage.de\/wp\/wp-content\/uploads\/PE1S0012_900-2.jpg?resize=200%2C133&amp;ssl=1 200w\" sizes=\"auto, (max-width: 890px) 100vw, 890px\" \/><\/p>\n<p>Ein Buntspecht Weibchen <em>(Dendrocopos major)<\/em>, ohne roten Fleck am Hinterkopf.<!--more--><\/p>\n<p>Es rentiert sich immer, aufmerksam durch die Natur zu gehen und die Augen und Ohren in alle Richtungen zu streuen. Auch &#8211; oder gerade dann &#8211; wenn man eigentlich die falsche Fotoausr\u00fcstung \u00fcber der Schulter h\u00e4ngen hat.<\/p>\n<p>Ein Buntspecht sitzt an einem nahen Baum und versorgt sich gen\u00fcsslich mit frischen Proteinen am Baum und peckt wie wild an der Baumrinde herum.<\/p>\n<p>&nbsp;<\/p>\n<h2>Nur ein 100 mm f\/2.0 Objektiv am Vollformat mit dabei<\/h2>\n<blockquote>\n<pre>Oh-jeh!<\/pre>\n<\/blockquote>\n<p>Ein, zwei Schritte noch n\u00e4her hin und dann aus dem etwas machen, was sich in der Situation bietet. &#8222;H\u00e4tte&#8220; und &#8222;k\u00f6nnte&#8220; macht jetzt keine besseren Fotos. Das 100er ist viel zu kurz f\u00fcr den kleinen Buntspecht.<\/p>\n<blockquote>\n<pre>Hoffentlich trampeln jetzt keine anderen Wanderer lauthals einfach durch die Gegend \r\nund st\u00f6ren den Buntspecht - Gl\u00fcck gehabt!<\/pre>\n<\/blockquote>\n<p>Eine andere Frau nimmt sich ebenso die Zeit, erkennt die Situation und bleibt auch stehen und beobachtet den Buntspecht. Andere Spazierg\u00e4nger bleiben lautstark in die wichtigen Gespr\u00e4che vertieft und schenken dem kleinen gefiederten Freund keinerlei Aufmerksamkeit &#8211; eigentlich sehr schade.<\/p>\n<p>Jetzt alles richtig machen und ein m\u00f6glichst scharfes Bild mit nach Hause bringen, auf dem der Buntspecht klar und scharf abgebildet ist &#8211; dann vergr\u00f6\u00dfern wir entsprechend.<\/p>\n<p><img data-recalc-dims=\"1\" loading=\"lazy\" decoding=\"async\" data-attachment-id=\"28325\" data-permalink=\"https:\/\/deltaimage.de\/wp\/?attachment_id=28325#main\" data-orig-file=\"https:\/\/i0.wp.com\/deltaimage.de\/wp\/wp-content\/uploads\/PE1S0018_900-2.jpg?fit=890%2C593&amp;ssl=1\" data-orig-size=\"890,593\" data-comments-opened=\"1\" data-image-meta=\"{&quot;aperture&quot;:&quot;3.5&quot;,&quot;credit&quot;:&quot;Paul Eschbach&quot;,&quot;camera&quot;:&quot;Canon EOS-1Ds Mark III&quot;,&quot;caption&quot;:&quot;&quot;,&quot;created_timestamp&quot;:&quot;1621175351&quot;,&quot;copyright&quot;:&quot;&quot;,&quot;focal_length&quot;:&quot;100&quot;,&quot;iso&quot;:&quot;200&quot;,&quot;shutter_speed&quot;:&quot;0.0015625&quot;,&quot;title&quot;:&quot;&quot;,&quot;orientation&quot;:&quot;0&quot;}\" data-image-title=\"PE1S0018_900\" data-image-description=\"\" data-image-caption=\"\" data-large-file=\"https:\/\/i0.wp.com\/deltaimage.de\/wp\/wp-content\/uploads\/PE1S0018_900-2.jpg?fit=890%2C593&amp;ssl=1\" class=\"aligncenter size-full wp-image-28325\" src=\"https:\/\/i0.wp.com\/deltaimage.de\/wp\/wp-content\/uploads\/PE1S0018_900-2.jpg?resize=890%2C593&#038;ssl=1\" alt=\"\" width=\"890\" height=\"593\" srcset=\"https:\/\/i0.wp.com\/deltaimage.de\/wp\/wp-content\/uploads\/PE1S0018_900-2.jpg?w=890&amp;ssl=1 890w, https:\/\/i0.wp.com\/deltaimage.de\/wp\/wp-content\/uploads\/PE1S0018_900-2.jpg?resize=300%2C200&amp;ssl=1 300w, https:\/\/i0.wp.com\/deltaimage.de\/wp\/wp-content\/uploads\/PE1S0018_900-2.jpg?resize=675%2C450&amp;ssl=1 675w, https:\/\/i0.wp.com\/deltaimage.de\/wp\/wp-content\/uploads\/PE1S0018_900-2.jpg?resize=600%2C400&amp;ssl=1 600w, https:\/\/i0.wp.com\/deltaimage.de\/wp\/wp-content\/uploads\/PE1S0018_900-2.jpg?resize=200%2C133&amp;ssl=1 200w\" sizes=\"auto, (max-width: 890px) 100vw, 890px\" \/><\/p>\n<p>Pick, pick, pick. Dann fliegt er auf und das Motiv k\u00f6nnte jetzt schon wieder vorbei sein. Auf dem nahen Baumstumpf ist ein Festmahl an frischen Proteinen f\u00fcr den Buntspecht angerichtet und es scheint ein Festmahl zu sein. Jetzt nochmal kurz zur\u00fcck an den leckeren Baumstamm (auf der anderen Seite).<\/p>\n<p>Ein paar Minuten aus dem Leben des Buntspechtes mit ihm geteilt.<br \/>\nDank Dir f\u00fcr diesen tollen Eindruck und die sch\u00f6nen Fotos.<\/p>\n<p>Der Tag ist im Kasten und der Ausflug bei wechselhaftem Wetter hat sich auch dadurch mehr als rentiert.<\/p>\n<blockquote>\n<pre>Dank Dir mein kleiner Freund!<\/pre>\n<\/blockquote>\n","protected":false},"excerpt":{"rendered":"<p>Manchmal passieren die sch\u00f6nsten Dinge ganz unverhofft und unerwartet. Ein kleiner Sonntagsspaziergang im Fr\u00fchling an der Amper verspricht immer wieder Sonne und kurzen Regen &#8211; daf\u00fcr sch\u00f6ne dramatische Wolkenstimmungen \u00fcber [&hellip;]<\/p>\n","protected":false},"author":1,"featured_media":28322,"comment_status":"open","ping_status":"closed","sticky":false,"template":"","format":"standard","meta":{"wpupg_custom_link":[],"wpupg_custom_link_behaviour":["default"],"wpupg_custom_link_nofollow":["default"],"wpupg_custom_image":[],"wpupg_custom_image_id":[],"jetpack_post_was_ever_published":false,"footnotes":""},"categories":[3010,2523,8],"tags":[464,2997,775,114],"class_list":["post-28321","post","type-post","status-publish","format-standard","has-post-thumbnail","hentry","category-dachauer-land","category-dachauer-moos","category-news","tag-amper","tag-buntspecht","tag-dachauer-moos","tag-fruehling"],"jetpack_featured_media_url":"https:\/\/i0.wp.com\/deltaimage.de\/wp\/wp-content\/uploads\/PE1S0016_1200.jpg?fit=1200%2C450&ssl=1","jetpack-related-posts":[{"id":33065,"url":"https:\/\/deltaimage.de\/wp\/?p=33065","url_meta":{"origin":28321,"position":0},"title":"V\u00f6gel in den Amperauen beobachten und fotografieren","author":"EschbacP","date":"26. Februar 2022","format":false,"excerpt":"Es wird von Tag zu Tag immer w\u00e4rmer, die Sonne steht h\u00f6her, es wird heller. In der Natur kommt ebenso das aktive Leben zur\u00fcck, der Fr\u00fchling steht vor der T\u00fcr und es gibt vieles zu tun: ein Revier sichern, eine gro\u00dfe Show abziehen, einen Platz f\u00fcr das Nest suchen, das\u2026","rel":"","context":"In &quot;Dachauer Land&quot;","block_context":{"text":"Dachauer Land","link":"https:\/\/deltaimage.de\/wp\/?cat=3010"},"img":{"alt_text":"","src":"https:\/\/i0.wp.com\/deltaimage.de\/wp\/wp-content\/uploads\/PE1S0065_1200.jpg?fit=1200%2C450&ssl=1&resize=350%2C200","width":350,"height":200,"srcset":"https:\/\/i0.wp.com\/deltaimage.de\/wp\/wp-content\/uploads\/PE1S0065_1200.jpg?fit=1200%2C450&ssl=1&resize=350%2C200 1x, https:\/\/i0.wp.com\/deltaimage.de\/wp\/wp-content\/uploads\/PE1S0065_1200.jpg?fit=1200%2C450&ssl=1&resize=525%2C300 1.5x, https:\/\/i0.wp.com\/deltaimage.de\/wp\/wp-content\/uploads\/PE1S0065_1200.jpg?fit=1200%2C450&ssl=1&resize=700%2C400 2x, https:\/\/i0.wp.com\/deltaimage.de\/wp\/wp-content\/uploads\/PE1S0065_1200.jpg?fit=1200%2C450&ssl=1&resize=1050%2C600 3x"},"classes":[]},{"id":30522,"url":"https:\/\/deltaimage.de\/wp\/?p=30522","url_meta":{"origin":28321,"position":1},"title":"Fotografischer Herbstausflug ins Dachauer Moos","author":"EschbacP","date":"10. November 2021","format":false,"excerpt":"Der Herbst ist f\u00fcr Fotografen und Naturliebhaber eine ganz besondere Jahreszeit und die wichtigste Zeit zum Fotografieren. Ein Ausflug ins Dachauer Moos liegt bei uns in Dachau direkt vor der Haust\u00fcre und bietet in dieser Jahreszeit so ganz unterschiedliche Motive dem Fotografen als im Rest des Jahres. \u00a0 \u00a0 Hunderte\u2026","rel":"","context":"In &quot;Dachauer Land&quot;","block_context":{"text":"Dachauer Land","link":"https:\/\/deltaimage.de\/wp\/?cat=3010"},"img":{"alt_text":"","src":"https:\/\/i0.wp.com\/deltaimage.de\/wp\/wp-content\/uploads\/PE1S0028_1200.jpg?fit=1200%2C450&ssl=1&resize=350%2C200","width":350,"height":200,"srcset":"https:\/\/i0.wp.com\/deltaimage.de\/wp\/wp-content\/uploads\/PE1S0028_1200.jpg?fit=1200%2C450&ssl=1&resize=350%2C200 1x, https:\/\/i0.wp.com\/deltaimage.de\/wp\/wp-content\/uploads\/PE1S0028_1200.jpg?fit=1200%2C450&ssl=1&resize=525%2C300 1.5x, https:\/\/i0.wp.com\/deltaimage.de\/wp\/wp-content\/uploads\/PE1S0028_1200.jpg?fit=1200%2C450&ssl=1&resize=700%2C400 2x, https:\/\/i0.wp.com\/deltaimage.de\/wp\/wp-content\/uploads\/PE1S0028_1200.jpg?fit=1200%2C450&ssl=1&resize=1050%2C600 3x"},"classes":[]},{"id":41768,"url":"https:\/\/deltaimage.de\/wp\/?p=41768","url_meta":{"origin":28321,"position":2},"title":"Der Buntspecht pr\u00fcft schon einmal einen Nestplatz im Fr\u00fchling","author":"EschbacP","date":"30. Oktober 2023","format":false,"excerpt":"Bei mir zu Hause steht vor dem Haus ein alter Boskop Apfelbaum als Wetterschutz f\u00fcr das Haus seit mindestens 90 Jahren. Im Sommer spendet der gro\u00dfgewachsene Apfelbaum herrlichen Schatten f\u00fcr das Haus und im Fr\u00fchling erfreut er uns mit seiner wei\u00dfen Bl\u00fctenpracht. Dies ist auch f\u00fcr die Bienen und die\u2026","rel":"","context":"In &quot;Dachauer Land&quot;","block_context":{"text":"Dachauer Land","link":"https:\/\/deltaimage.de\/wp\/?cat=3010"},"img":{"alt_text":"","src":"https:\/\/i0.wp.com\/deltaimage.de\/wp\/wp-content\/uploads\/PE5D7954_1200.jpg?fit=1200%2C450&ssl=1&resize=350%2C200","width":350,"height":200,"srcset":"https:\/\/i0.wp.com\/deltaimage.de\/wp\/wp-content\/uploads\/PE5D7954_1200.jpg?fit=1200%2C450&ssl=1&resize=350%2C200 1x, https:\/\/i0.wp.com\/deltaimage.de\/wp\/wp-content\/uploads\/PE5D7954_1200.jpg?fit=1200%2C450&ssl=1&resize=525%2C300 1.5x, https:\/\/i0.wp.com\/deltaimage.de\/wp\/wp-content\/uploads\/PE5D7954_1200.jpg?fit=1200%2C450&ssl=1&resize=700%2C400 2x, https:\/\/i0.wp.com\/deltaimage.de\/wp\/wp-content\/uploads\/PE5D7954_1200.jpg?fit=1200%2C450&ssl=1&resize=1050%2C600 3x"},"classes":[]},{"id":41350,"url":"https:\/\/deltaimage.de\/wp\/?p=41350","url_meta":{"origin":28321,"position":3},"title":"Der Buntspecht kommt zu mir ins B\u00fcro &#8211; beinahe","author":"EschbacP","date":"14. September 2023","format":false,"excerpt":"Wenn der Buntspecht zu mir ins B\u00fcro kommt und nicht ich zum Buntspecht in den Wald gehen muss! Ja, das ist schon praktisch als Naturfotograf. Der Buntspecht kommt ja nur, wenn vor dem B\u00fcro f\u00fcr ihn passende B\u00e4ume - bei mir ist es ein alter Boskop-Apfelbaum. Die Rinde ist knorrig,\u2026","rel":"","context":"In &quot;Dachauer Land&quot;","block_context":{"text":"Dachauer Land","link":"https:\/\/deltaimage.de\/wp\/?cat=3010"},"img":{"alt_text":"","src":"https:\/\/i0.wp.com\/deltaimage.de\/wp\/wp-content\/uploads\/PE5D7582_1200.jpg?fit=1200%2C450&ssl=1&resize=350%2C200","width":350,"height":200,"srcset":"https:\/\/i0.wp.com\/deltaimage.de\/wp\/wp-content\/uploads\/PE5D7582_1200.jpg?fit=1200%2C450&ssl=1&resize=350%2C200 1x, https:\/\/i0.wp.com\/deltaimage.de\/wp\/wp-content\/uploads\/PE5D7582_1200.jpg?fit=1200%2C450&ssl=1&resize=525%2C300 1.5x, https:\/\/i0.wp.com\/deltaimage.de\/wp\/wp-content\/uploads\/PE5D7582_1200.jpg?fit=1200%2C450&ssl=1&resize=700%2C400 2x, https:\/\/i0.wp.com\/deltaimage.de\/wp\/wp-content\/uploads\/PE5D7582_1200.jpg?fit=1200%2C450&ssl=1&resize=1050%2C600 3x"},"classes":[]},{"id":36957,"url":"https:\/\/deltaimage.de\/wp\/?p=36957","url_meta":{"origin":28321,"position":4},"title":"Herbstbeginn im Palsweiser Moos &#8211; ein Fototag voller \u00dcberraschungen","author":"EschbacP","date":"30. September 2022","format":false,"excerpt":"F\u00fcr mich ist das Dachauer Moos inzwischen voll mit den sch\u00f6nsten Fotomotiven das ganze Jahr hindurch. Nicht weit von Zuhause entfernt liegen die Motive in Reichweite zu Fu\u00df, mit dem Fahrrad oder nur eine kurze Fahrt. Perfekte Bedingungen, um ganzj\u00e4hrig immer wieder nach fotografischen Motiven im Dachauer Moos zu suchen.\u2026","rel":"","context":"In &quot;Dachauer Land&quot;","block_context":{"text":"Dachauer Land","link":"https:\/\/deltaimage.de\/wp\/?cat=3010"},"img":{"alt_text":"","src":"https:\/\/i0.wp.com\/deltaimage.de\/wp\/wp-content\/uploads\/IMG_8684_1200.jpg?fit=1200%2C450&ssl=1&resize=350%2C200","width":350,"height":200,"srcset":"https:\/\/i0.wp.com\/deltaimage.de\/wp\/wp-content\/uploads\/IMG_8684_1200.jpg?fit=1200%2C450&ssl=1&resize=350%2C200 1x, https:\/\/i0.wp.com\/deltaimage.de\/wp\/wp-content\/uploads\/IMG_8684_1200.jpg?fit=1200%2C450&ssl=1&resize=525%2C300 1.5x, https:\/\/i0.wp.com\/deltaimage.de\/wp\/wp-content\/uploads\/IMG_8684_1200.jpg?fit=1200%2C450&ssl=1&resize=700%2C400 2x, https:\/\/i0.wp.com\/deltaimage.de\/wp\/wp-content\/uploads\/IMG_8684_1200.jpg?fit=1200%2C450&ssl=1&resize=1050%2C600 3x"},"classes":[]},{"id":33622,"url":"https:\/\/deltaimage.de\/wp\/?p=33622","url_meta":{"origin":28321,"position":5},"title":"Das beste fotografische Hilfsmittel ist ausreichend Geduld","author":"EschbacP","date":"9. April 2022","format":false,"excerpt":"Ein kleiner Stadtpark an der Amper in F\u00fcrstenfeldbruck, an einem Fr\u00fchlingstag - da macht ein vertrautes Klopfen auf sich aufmerksam. \u00a0 Ein herrlicher Buntspecht bereitet sich auf den Fr\u00fchling vor Das Klopfen kommt hoch oben vom Baum in dem kleinen Stadtpark. Unter gehen die Spazierg\u00e4nger des Weges, der Buntspecht f\u00fchlt\u2026","rel":"","context":"In &quot;News Blog&quot;","block_context":{"text":"News Blog","link":"https:\/\/deltaimage.de\/wp\/?cat=8"},"img":{"alt_text":"","src":"https:\/\/i0.wp.com\/deltaimage.de\/wp\/wp-content\/uploads\/IMG_6926_1200.jpg?fit=1200%2C450&ssl=1&resize=350%2C200","width":350,"height":200,"srcset":"https:\/\/i0.wp.com\/deltaimage.de\/wp\/wp-content\/uploads\/IMG_6926_1200.jpg?fit=1200%2C450&ssl=1&resize=350%2C200 1x, https:\/\/i0.wp.com\/deltaimage.de\/wp\/wp-content\/uploads\/IMG_6926_1200.jpg?fit=1200%2C450&ssl=1&resize=525%2C300 1.5x, https:\/\/i0.wp.com\/deltaimage.de\/wp\/wp-content\/uploads\/IMG_6926_1200.jpg?fit=1200%2C450&ssl=1&resize=700%2C400 2x, https:\/\/i0.wp.com\/deltaimage.de\/wp\/wp-content\/uploads\/IMG_6926_1200.jpg?fit=1200%2C450&ssl=1&resize=1050%2C600 3x"},"classes":[]}],"jetpack_sharing_enabled":true,"_links":{"self":[{"href":"https:\/\/deltaimage.de\/wp\/index.php?rest_route=\/wp\/v2\/posts\/28321","targetHints":{"allow":["GET"]}}],"collection":[{"href":"https:\/\/deltaimage.de\/wp\/index.php?rest_route=\/wp\/v2\/posts"}],"about":[{"href":"https:\/\/deltaimage.de\/wp\/index.php?rest_route=\/wp\/v2\/types\/post"}],"author":[{"embeddable":true,"href":"https:\/\/deltaimage.de\/wp\/index.php?rest_route=\/wp\/v2\/users\/1"}],"replies":[{"embeddable":true,"href":"https:\/\/deltaimage.de\/wp\/index.php?rest_route=%2Fwp%2Fv2%2Fcomments&post=28321"}],"version-history":[{"count":6,"href":"https:\/\/deltaimage.de\/wp\/index.php?rest_route=\/wp\/v2\/posts\/28321\/revisions"}],"predecessor-version":[{"id":51181,"href":"https:\/\/deltaimage.de\/wp\/index.php?rest_route=\/wp\/v2\/posts\/28321\/revisions\/51181"}],"wp:featuredmedia":[{"embeddable":true,"href":"https:\/\/deltaimage.de\/wp\/index.php?rest_route=\/wp\/v2\/media\/28322"}],"wp:attachment":[{"href":"https:\/\/deltaimage.de\/wp\/index.php?rest_route=%2Fwp%2Fv2%2Fmedia&parent=28321"}],"wp:term":[{"taxonomy":"category","embeddable":true,"href":"https:\/\/deltaimage.de\/wp\/index.php?rest_route=%2Fwp%2Fv2%2Fcategories&post=28321"},{"taxonomy":"post_tag","embeddable":true,"href":"https:\/\/deltaimage.de\/wp\/index.php?rest_route=%2Fwp%2Fv2%2Ftags&post=28321"}],"curies":[{"name":"wp","href":"https:\/\/api.w.org\/{rel}","templated":true}]}}