{"id":28337,"date":"2021-05-17T09:31:53","date_gmt":"2021-05-17T08:31:53","guid":{"rendered":"https:\/\/deltaimage.de\/wp\/?p=28337"},"modified":"2025-08-18T21:31:16","modified_gmt":"2025-08-18T19:31:16","slug":"mitterndorf-an-einem-fruehlingstag","status":"publish","type":"post","link":"https:\/\/deltaimage.de\/wp\/?p=28337","title":{"rendered":"Mitterndorf an einem Fr\u00fchlingstag"},"content":{"rendered":"<p>Die sch\u00f6nen Fotomotive liegen oft so nah.<\/p>\n<p>Wie oft hat schon der <strong>Dachauer Fotograf Paul Sessner<\/strong> die Kirche von <strong>Mitterndorf<\/strong> in <strong>Dachau<\/strong> am Rande des <strong>Dachauer Mooses<\/strong> fotografiert und ver\u00f6ffentlicht. Das Motiv ist doch eigentlich durch.<\/p>\n<blockquote>\n<pre>Eben nicht.<\/pre>\n<\/blockquote>\n<p><img data-recalc-dims=\"1\" loading=\"lazy\" decoding=\"async\" data-attachment-id=\"28327\" data-permalink=\"https:\/\/deltaimage.de\/wp\/?attachment_id=28327#main\" data-orig-file=\"https:\/\/i0.wp.com\/deltaimage.de\/wp\/wp-content\/uploads\/PE1S0007_900-2.jpg?fit=593%2C890&amp;ssl=1\" data-orig-size=\"593,890\" data-comments-opened=\"1\" data-image-meta=\"{&quot;aperture&quot;:&quot;2&quot;,&quot;credit&quot;:&quot;Paul Eschbach&quot;,&quot;camera&quot;:&quot;Canon EOS-1Ds Mark III&quot;,&quot;caption&quot;:&quot;&quot;,&quot;created_timestamp&quot;:&quot;1621173370&quot;,&quot;copyright&quot;:&quot;&quot;,&quot;focal_length&quot;:&quot;100&quot;,&quot;iso&quot;:&quot;200&quot;,&quot;shutter_speed&quot;:&quot;0.00015625&quot;,&quot;title&quot;:&quot;&quot;,&quot;orientation&quot;:&quot;0&quot;}\" data-image-title=\"PE1S0007_900\" data-image-description=\"\" data-image-caption=\"\" data-large-file=\"https:\/\/i0.wp.com\/deltaimage.de\/wp\/wp-content\/uploads\/PE1S0007_900-2.jpg?fit=593%2C890&amp;ssl=1\" class=\"aligncenter size-full wp-image-28327\" src=\"https:\/\/i0.wp.com\/deltaimage.de\/wp\/wp-content\/uploads\/PE1S0007_900-2.jpg?resize=593%2C890&#038;ssl=1\" alt=\"\" width=\"593\" height=\"890\" srcset=\"https:\/\/i0.wp.com\/deltaimage.de\/wp\/wp-content\/uploads\/PE1S0007_900-2.jpg?w=593&amp;ssl=1 593w, https:\/\/i0.wp.com\/deltaimage.de\/wp\/wp-content\/uploads\/PE1S0007_900-2.jpg?resize=400%2C600&amp;ssl=1 400w, https:\/\/i0.wp.com\/deltaimage.de\/wp\/wp-content\/uploads\/PE1S0007_900-2.jpg?resize=133%2C200&amp;ssl=1 133w, https:\/\/i0.wp.com\/deltaimage.de\/wp\/wp-content\/uploads\/PE1S0007_900-2.jpg?resize=395%2C593&amp;ssl=1 395w, https:\/\/i0.wp.com\/deltaimage.de\/wp\/wp-content\/uploads\/PE1S0007_900-2.jpg?resize=300%2C450&amp;ssl=1 300w, https:\/\/i0.wp.com\/deltaimage.de\/wp\/wp-content\/uploads\/PE1S0007_900-2.jpg?resize=267%2C400&amp;ssl=1 267w\" sizes=\"auto, (max-width: 593px) 100vw, 593px\" \/><\/p>\n<p><!--more--><\/p>\n<p>&nbsp;<\/p>\n<h2>Alles ist im Fluss und ver\u00e4ndert die Motive st\u00e4ndig<\/h2>\n<p>&#8230; und das ist auch gut so. Hier die Fr\u00fchlingswiese &#8211; da das weiche Licht mit den kr\u00e4ftigen Farben und dort das passende Objektiv mit dabei, um den Vordergrund in traumhafte Unsch\u00e4rfe laufen zu lassen. Das Auge des Betrachters wird ganz von alleine auf das Hauptmotiv gelenkt &#8211; die Kirche von <strong>Mitterndorf<\/strong> mit dem Pfarramt als Ensemble.<\/p>\n<p><img data-recalc-dims=\"1\" loading=\"lazy\" decoding=\"async\" data-attachment-id=\"28332\" data-permalink=\"https:\/\/deltaimage.de\/wp\/?attachment_id=28332#main\" data-orig-file=\"https:\/\/i0.wp.com\/deltaimage.de\/wp\/wp-content\/uploads\/PE1S0003_900-1.jpg?fit=890%2C593&amp;ssl=1\" data-orig-size=\"890,593\" data-comments-opened=\"1\" data-image-meta=\"{&quot;aperture&quot;:&quot;2&quot;,&quot;credit&quot;:&quot;Paul Eschbach&quot;,&quot;camera&quot;:&quot;Canon EOS-1Ds Mark III&quot;,&quot;caption&quot;:&quot;&quot;,&quot;created_timestamp&quot;:&quot;1621173224&quot;,&quot;copyright&quot;:&quot;&quot;,&quot;focal_length&quot;:&quot;100&quot;,&quot;iso&quot;:&quot;200&quot;,&quot;shutter_speed&quot;:&quot;0.00025&quot;,&quot;title&quot;:&quot;&quot;,&quot;orientation&quot;:&quot;0&quot;}\" data-image-title=\"PE1S0003_900\" data-image-description=\"\" data-image-caption=\"\" data-large-file=\"https:\/\/i0.wp.com\/deltaimage.de\/wp\/wp-content\/uploads\/PE1S0003_900-1.jpg?fit=890%2C593&amp;ssl=1\" class=\"aligncenter size-full wp-image-28332\" src=\"https:\/\/i0.wp.com\/deltaimage.de\/wp\/wp-content\/uploads\/PE1S0003_900-1.jpg?resize=890%2C593&#038;ssl=1\" alt=\"\" width=\"890\" height=\"593\" srcset=\"https:\/\/i0.wp.com\/deltaimage.de\/wp\/wp-content\/uploads\/PE1S0003_900-1.jpg?w=890&amp;ssl=1 890w, https:\/\/i0.wp.com\/deltaimage.de\/wp\/wp-content\/uploads\/PE1S0003_900-1.jpg?resize=300%2C200&amp;ssl=1 300w, https:\/\/i0.wp.com\/deltaimage.de\/wp\/wp-content\/uploads\/PE1S0003_900-1.jpg?resize=675%2C450&amp;ssl=1 675w, https:\/\/i0.wp.com\/deltaimage.de\/wp\/wp-content\/uploads\/PE1S0003_900-1.jpg?resize=600%2C400&amp;ssl=1 600w, https:\/\/i0.wp.com\/deltaimage.de\/wp\/wp-content\/uploads\/PE1S0003_900-1.jpg?resize=200%2C133&amp;ssl=1 200w\" sizes=\"auto, (max-width: 890px) 100vw, 890px\" \/><\/p>\n<p>Zwischen den tiefen Wolken ergibt sich eine Situation, in welche die Fr\u00fchlingswiese mit dem L\u00f6wenzahn ganz besonders sch\u00f6n leuchtet.<\/p>\n<blockquote>\n<pre>Klick. Klick.<\/pre>\n<\/blockquote>\n<p>Zu solche einem Foto muss man nicht weit reisen. Dazu gen\u00fcgt ein fotografisches Auge und etwas innere Ruhe, um diese Motive auch zu sehen und zu erkennen. Wie leicht w\u00e4re ich doch den bequemeren Dammweg an der <strong>Amper<\/strong> entlang gelaufen, anstelle der Umweg \u00fcber die sch\u00f6ne Wiese vor <strong>Mitterndorf<\/strong> doch noch zu versuchen.<\/p>\n","protected":false},"excerpt":{"rendered":"<p>Die sch\u00f6nen Fotomotive liegen oft so nah. Wie oft hat schon der Dachauer Fotograf Paul Sessner die Kirche von Mitterndorf in Dachau am Rande des Dachauer Mooses fotografiert und ver\u00f6ffentlicht. [&hellip;]<\/p>\n","protected":false},"author":1,"featured_media":28333,"comment_status":"open","ping_status":"closed","sticky":false,"template":"","format":"standard","meta":{"wpupg_custom_link":[],"wpupg_custom_link_behaviour":["default"],"wpupg_custom_link_nofollow":["default"],"wpupg_custom_image":[],"wpupg_custom_image_id":[],"jetpack_post_was_ever_published":false,"footnotes":""},"categories":[3010,2523,8],"tags":[775,114,2998],"class_list":["post-28337","post","type-post","status-publish","format-standard","has-post-thumbnail","hentry","category-dachauer-land","category-dachauer-moos","category-news","tag-dachauer-moos","tag-fruehling","tag-mitterndorf"],"jetpack_featured_media_url":"https:\/\/i0.wp.com\/deltaimage.de\/wp\/wp-content\/uploads\/PE1S0003_1200-3.jpg?fit=1200%2C450&ssl=1","jetpack-related-posts":[{"id":38429,"url":"https:\/\/deltaimage.de\/wp\/?p=38429","url_meta":{"origin":28337,"position":0},"title":"Schnee im Dachauer Moos vor Weihnachten","author":"EschbacP","date":"31. Dezember 2022","format":false,"excerpt":"Bis eine Woche vor Weihnachten hatte es mit dem Schnee noch geklappt. Dann schmolz der wei\u00dfe aber rapide in den Tagen vor Weihnachten dahin. Schauen wir uns das Dachauer Moos im Winterkleid, unter Schnee und Eis, genauer an. Die B\u00e4ume und B\u00fcsche in den W\u00e4ldern der Amper Auen sind \u00fcber\u2026","rel":"","context":"In &quot;Dachauer Land&quot;","block_context":{"text":"Dachauer Land","link":"https:\/\/deltaimage.de\/wp\/?cat=3010"},"img":{"alt_text":"","src":"https:\/\/i0.wp.com\/deltaimage.de\/wp\/wp-content\/uploads\/PE1S1734_1200.jpg?fit=1200%2C450&ssl=1&resize=350%2C200","width":350,"height":200,"srcset":"https:\/\/i0.wp.com\/deltaimage.de\/wp\/wp-content\/uploads\/PE1S1734_1200.jpg?fit=1200%2C450&ssl=1&resize=350%2C200 1x, https:\/\/i0.wp.com\/deltaimage.de\/wp\/wp-content\/uploads\/PE1S1734_1200.jpg?fit=1200%2C450&ssl=1&resize=525%2C300 1.5x, https:\/\/i0.wp.com\/deltaimage.de\/wp\/wp-content\/uploads\/PE1S1734_1200.jpg?fit=1200%2C450&ssl=1&resize=700%2C400 2x, https:\/\/i0.wp.com\/deltaimage.de\/wp\/wp-content\/uploads\/PE1S1734_1200.jpg?fit=1200%2C450&ssl=1&resize=1050%2C600 3x"},"classes":[]},{"id":38436,"url":"https:\/\/deltaimage.de\/wp\/?p=38436","url_meta":{"origin":28337,"position":1},"title":"Schnee und Eis im Dachauer Moos","author":"EschbacP","date":"31. Dezember 2022","format":false,"excerpt":"Wenige Minuten nach einem herrlichen Sonnenuntergang im Dachauer Moos zeigt sich die blaue Stunde \u00fcber dem Eis und Schnee im Himmelreich. Das kalte Licht nach Sonnenuntergang wird von den wei\u00dfen Fl\u00e4chen reflektiert und f\u00fcllt die Schatten der Objekte mit einem herrlich kalten Licht. Dies verst\u00e4rkt den Eindruck von Schnee und\u2026","rel":"","context":"In &quot;Dachauer Land&quot;","block_context":{"text":"Dachauer Land","link":"https:\/\/deltaimage.de\/wp\/?cat=3010"},"img":{"alt_text":"","src":"https:\/\/i0.wp.com\/deltaimage.de\/wp\/wp-content\/uploads\/PE1S1851_1200.jpg?fit=1200%2C450&ssl=1&resize=350%2C200","width":350,"height":200,"srcset":"https:\/\/i0.wp.com\/deltaimage.de\/wp\/wp-content\/uploads\/PE1S1851_1200.jpg?fit=1200%2C450&ssl=1&resize=350%2C200 1x, https:\/\/i0.wp.com\/deltaimage.de\/wp\/wp-content\/uploads\/PE1S1851_1200.jpg?fit=1200%2C450&ssl=1&resize=525%2C300 1.5x, https:\/\/i0.wp.com\/deltaimage.de\/wp\/wp-content\/uploads\/PE1S1851_1200.jpg?fit=1200%2C450&ssl=1&resize=700%2C400 2x, https:\/\/i0.wp.com\/deltaimage.de\/wp\/wp-content\/uploads\/PE1S1851_1200.jpg?fit=1200%2C450&ssl=1&resize=1050%2C600 3x"},"classes":[]},{"id":52927,"url":"https:\/\/deltaimage.de\/wp\/?p=52927","url_meta":{"origin":28337,"position":2},"title":"In einem Land &#8211; weit weit weg, Ende Oktober im Sp\u00e4t-Herbst!","author":"EschbacP","date":"8. November 2025","format":false,"excerpt":"Die Natur- und Landschaftsfotografie bietet eine unendliche Vielfalt an Bildmotiven, Genres und Lichtstimmungen. F\u00fcr mich entstehen die liebsten Bildmotive immer noch vor der eigenen Haust\u00fcre, manchmal geplant und auch manchmal einfach durch die jeweilige Situation \u00fcberrascht zu werden. Landschaftsfotografie bedeutet, mit offenen fotografischen Augen durch die Landschaft zu ziehen. An\u2026","rel":"","context":"In &quot;Dachauer Land&quot;","block_context":{"text":"Dachauer Land","link":"https:\/\/deltaimage.de\/wp\/?cat=3010"},"img":{"alt_text":"","src":"https:\/\/i0.wp.com\/deltaimage.de\/wp\/wp-content\/uploads\/PED45065_1200.jpg?fit=1200%2C450&ssl=1&resize=350%2C200","width":350,"height":200,"srcset":"https:\/\/i0.wp.com\/deltaimage.de\/wp\/wp-content\/uploads\/PED45065_1200.jpg?fit=1200%2C450&ssl=1&resize=350%2C200 1x, https:\/\/i0.wp.com\/deltaimage.de\/wp\/wp-content\/uploads\/PED45065_1200.jpg?fit=1200%2C450&ssl=1&resize=525%2C300 1.5x, https:\/\/i0.wp.com\/deltaimage.de\/wp\/wp-content\/uploads\/PED45065_1200.jpg?fit=1200%2C450&ssl=1&resize=700%2C400 2x, https:\/\/i0.wp.com\/deltaimage.de\/wp\/wp-content\/uploads\/PED45065_1200.jpg?fit=1200%2C450&ssl=1&resize=1050%2C600 3x"},"classes":[]},{"id":52894,"url":"https:\/\/deltaimage.de\/wp\/?p=52894","url_meta":{"origin":28337,"position":3},"title":"(Super-) Vollmond \u00fcber der Amper im Dachauer Moos","author":"EschbacP","date":"5. November 2025","format":false,"excerpt":"Mit offenen Augen durch die Landschaft zu ziehen, ist einer der sch\u00f6nsten Nebent\u00e4tigkeiten in der Natur- und Landschaftsfotografie. So auch heute Abend im Dachauer Moos, gegen 16.45 Uhr - etwa noch 15 Minuten bis zum Sonnenuntergang. Ich war auf dem Weg f\u00fcr dies und das! Ich komme gerade \u00fcber die\u2026","rel":"","context":"In &quot;Dachauer Land&quot;","block_context":{"text":"Dachauer Land","link":"https:\/\/deltaimage.de\/wp\/?cat=3010"},"img":{"alt_text":"","src":"https:\/\/i0.wp.com\/deltaimage.de\/wp\/wp-content\/uploads\/PE1S0063_1200.jpg?fit=1200%2C450&ssl=1&resize=350%2C200","width":350,"height":200,"srcset":"https:\/\/i0.wp.com\/deltaimage.de\/wp\/wp-content\/uploads\/PE1S0063_1200.jpg?fit=1200%2C450&ssl=1&resize=350%2C200 1x, https:\/\/i0.wp.com\/deltaimage.de\/wp\/wp-content\/uploads\/PE1S0063_1200.jpg?fit=1200%2C450&ssl=1&resize=525%2C300 1.5x, https:\/\/i0.wp.com\/deltaimage.de\/wp\/wp-content\/uploads\/PE1S0063_1200.jpg?fit=1200%2C450&ssl=1&resize=700%2C400 2x, https:\/\/i0.wp.com\/deltaimage.de\/wp\/wp-content\/uploads\/PE1S0063_1200.jpg?fit=1200%2C450&ssl=1&resize=1050%2C600 3x"},"classes":[]},{"id":46910,"url":"https:\/\/deltaimage.de\/wp\/?p=46910","url_meta":{"origin":28337,"position":4},"title":"Adventsmarkt in Bergkirchen im Dachauer Land","author":"EschbacP","date":"2. Dezember 2024","format":false,"excerpt":"\u00dcberall finden in den vier Wochen vor dem Heiligen Abend, in allen St\u00e4dten, Gemeinden und Ortschaften Christkindl- und Adventsm\u00e4rkte statt. Eine Zeit zur Ruhe und Besinnlichkeit in der selbst und von der Gesellschaft auferlegten Hektik und dem Zwang zum Konsum. Mancherorts geht die Besinnlichkeit auch gleich \u00fcber f\u00fcnf Wochen, von\u2026","rel":"","context":"In &quot;Dachauer Land&quot;","block_context":{"text":"Dachauer Land","link":"https:\/\/deltaimage.de\/wp\/?cat=3010"},"img":{"alt_text":"","src":"https:\/\/i0.wp.com\/deltaimage.de\/wp\/wp-content\/uploads\/PE1X9414_1200.jpg?fit=1200%2C450&ssl=1&resize=350%2C200","width":350,"height":200,"srcset":"https:\/\/i0.wp.com\/deltaimage.de\/wp\/wp-content\/uploads\/PE1X9414_1200.jpg?fit=1200%2C450&ssl=1&resize=350%2C200 1x, https:\/\/i0.wp.com\/deltaimage.de\/wp\/wp-content\/uploads\/PE1X9414_1200.jpg?fit=1200%2C450&ssl=1&resize=525%2C300 1.5x, https:\/\/i0.wp.com\/deltaimage.de\/wp\/wp-content\/uploads\/PE1X9414_1200.jpg?fit=1200%2C450&ssl=1&resize=700%2C400 2x, https:\/\/i0.wp.com\/deltaimage.de\/wp\/wp-content\/uploads\/PE1X9414_1200.jpg?fit=1200%2C450&ssl=1&resize=1050%2C600 3x"},"classes":[]},{"id":52961,"url":"https:\/\/deltaimage.de\/wp\/?p=52961","url_meta":{"origin":28337,"position":5},"title":"Dachauer Land &#8211; vor den gro\u00dfen Bergen im Herbst","author":"EschbacP","date":"8. November 2025","format":false,"excerpt":"Das Terti\u00e4r-H\u00fcgelland liegt um viele Meter h\u00f6her als die weite und ebene Landschaft des Dachauer Mooses. So streift der Blick von den ersten H\u00f6henr\u00fccken ohne Hindernisse weit hinaus in die Ebene nach S\u00fcden hin. Die Blicke der BetrachterInnen werden erst gebremst von den m\u00e4chtigen Bergen des Alpenhauptlammes. Weit im Westen\u2026","rel":"","context":"In &quot;Dachauer Land&quot;","block_context":{"text":"Dachauer Land","link":"https:\/\/deltaimage.de\/wp\/?cat=3010"},"img":{"alt_text":"","src":"https:\/\/i0.wp.com\/deltaimage.de\/wp\/wp-content\/uploads\/PED45007_1200.jpg?fit=1200%2C450&ssl=1&resize=350%2C200","width":350,"height":200,"srcset":"https:\/\/i0.wp.com\/deltaimage.de\/wp\/wp-content\/uploads\/PED45007_1200.jpg?fit=1200%2C450&ssl=1&resize=350%2C200 1x, https:\/\/i0.wp.com\/deltaimage.de\/wp\/wp-content\/uploads\/PED45007_1200.jpg?fit=1200%2C450&ssl=1&resize=525%2C300 1.5x, https:\/\/i0.wp.com\/deltaimage.de\/wp\/wp-content\/uploads\/PED45007_1200.jpg?fit=1200%2C450&ssl=1&resize=700%2C400 2x, https:\/\/i0.wp.com\/deltaimage.de\/wp\/wp-content\/uploads\/PED45007_1200.jpg?fit=1200%2C450&ssl=1&resize=1050%2C600 3x"},"classes":[]}],"jetpack_sharing_enabled":true,"_links":{"self":[{"href":"https:\/\/deltaimage.de\/wp\/index.php?rest_route=\/wp\/v2\/posts\/28337","targetHints":{"allow":["GET"]}}],"collection":[{"href":"https:\/\/deltaimage.de\/wp\/index.php?rest_route=\/wp\/v2\/posts"}],"about":[{"href":"https:\/\/deltaimage.de\/wp\/index.php?rest_route=\/wp\/v2\/types\/post"}],"author":[{"embeddable":true,"href":"https:\/\/deltaimage.de\/wp\/index.php?rest_route=\/wp\/v2\/users\/1"}],"replies":[{"embeddable":true,"href":"https:\/\/deltaimage.de\/wp\/index.php?rest_route=%2Fwp%2Fv2%2Fcomments&post=28337"}],"version-history":[{"count":4,"href":"https:\/\/deltaimage.de\/wp\/index.php?rest_route=\/wp\/v2\/posts\/28337\/revisions"}],"predecessor-version":[{"id":51183,"href":"https:\/\/deltaimage.de\/wp\/index.php?rest_route=\/wp\/v2\/posts\/28337\/revisions\/51183"}],"wp:featuredmedia":[{"embeddable":true,"href":"https:\/\/deltaimage.de\/wp\/index.php?rest_route=\/wp\/v2\/media\/28333"}],"wp:attachment":[{"href":"https:\/\/deltaimage.de\/wp\/index.php?rest_route=%2Fwp%2Fv2%2Fmedia&parent=28337"}],"wp:term":[{"taxonomy":"category","embeddable":true,"href":"https:\/\/deltaimage.de\/wp\/index.php?rest_route=%2Fwp%2Fv2%2Fcategories&post=28337"},{"taxonomy":"post_tag","embeddable":true,"href":"https:\/\/deltaimage.de\/wp\/index.php?rest_route=%2Fwp%2Fv2%2Ftags&post=28337"}],"curies":[{"name":"wp","href":"https:\/\/api.w.org\/{rel}","templated":true}]}}