{"id":29219,"date":"2021-06-29T18:51:44","date_gmt":"2021-06-29T17:51:44","guid":{"rendered":"https:\/\/deltaimage.de\/wp\/?p=29219"},"modified":"2025-08-18T21:45:29","modified_gmt":"2025-08-18T19:45:29","slug":"16-monate-keine-gemeinsame-fotowanderung-mehr-unternommen-bayerwaldteam-im-hoch-und-niedermoor-unterwegs","status":"publish","type":"post","link":"https:\/\/deltaimage.de\/wp\/?p=29219","title":{"rendered":"16 Monate keine gemeinsame Fotowanderung mehr unternommen &#8211; BAYERWALDTEAM im Hoch- und Niedermoor unterwegs"},"content":{"rendered":"<p>Das lief so ganz anders als wir das geplant hatten.<\/p>\n<p>&nbsp;<\/p>\n<p>Im Januar 2020 waren wir noch als <strong>BAYERWALDTEAM<\/strong> zusammen im <strong>Bayerischen Wald<\/strong> unterwegs und hatten viel Zeit in der Landschaft und der Natur im Grenzgebirge verbracht. Eigentlich wollten wir in 2020 viele Tage auf den Wanderh\u00fctten im Grenzkamm von Bayern zu B\u00f6hmen zubringen und in der Natur auf \u00fcber 1000 m die Landschaft, die Natur, das Licht und auch die Sterne fotografieren und dabei tief entspannen.<\/p>\n<p>Ebenso war es unser Plan, endlich gemeinsame Tage in der goldenen <strong>Stadt Prag<\/strong> zu verbringen. Von <strong>M\u00fcnchen<\/strong> aus inzwischen entschleunigt mit der Bahn zu erreichen und dann nur noch zu Fu\u00df unterwegs zu sein. Erleben, Fotografieren, gut Essen und ab und zu ein b\u00f6hmisches Bier.<\/p>\n<p><img data-recalc-dims=\"1\" loading=\"lazy\" decoding=\"async\" data-attachment-id=\"29216\" data-permalink=\"https:\/\/deltaimage.de\/wp\/?attachment_id=29216#main\" data-orig-file=\"https:\/\/i0.wp.com\/deltaimage.de\/wp\/wp-content\/uploads\/AK3I8098_900.jpg?fit=890%2C593&amp;ssl=1\" data-orig-size=\"890,593\" data-comments-opened=\"0\" data-image-meta=\"{&quot;aperture&quot;:&quot;4&quot;,&quot;credit&quot;:&quot;LEMMERHIRT - FOTOGRAFIE&quot;,&quot;camera&quot;:&quot;Canon EOS-1D X Mark II&quot;,&quot;caption&quot;:&quot;&quot;,&quot;created_timestamp&quot;:&quot;1624711487&quot;,&quot;copyright&quot;:&quot;&quot;,&quot;focal_length&quot;:&quot;24&quot;,&quot;iso&quot;:&quot;160&quot;,&quot;shutter_speed&quot;:&quot;0.005&quot;,&quot;title&quot;:&quot;&quot;,&quot;orientation&quot;:&quot;0&quot;}\" data-image-title=\"AK3I8098_900\" data-image-description=\"\" data-image-caption=\"\" data-large-file=\"https:\/\/i0.wp.com\/deltaimage.de\/wp\/wp-content\/uploads\/AK3I8098_900.jpg?fit=890%2C593&amp;ssl=1\" class=\"aligncenter size-full wp-image-29216\" src=\"https:\/\/i0.wp.com\/deltaimage.de\/wp\/wp-content\/uploads\/AK3I8098_900.jpg?resize=890%2C593&#038;ssl=1\" alt=\"\" width=\"890\" height=\"593\" srcset=\"https:\/\/i0.wp.com\/deltaimage.de\/wp\/wp-content\/uploads\/AK3I8098_900.jpg?w=890&amp;ssl=1 890w, https:\/\/i0.wp.com\/deltaimage.de\/wp\/wp-content\/uploads\/AK3I8098_900.jpg?resize=300%2C200&amp;ssl=1 300w, https:\/\/i0.wp.com\/deltaimage.de\/wp\/wp-content\/uploads\/AK3I8098_900.jpg?resize=675%2C450&amp;ssl=1 675w, https:\/\/i0.wp.com\/deltaimage.de\/wp\/wp-content\/uploads\/AK3I8098_900.jpg?resize=600%2C400&amp;ssl=1 600w, https:\/\/i0.wp.com\/deltaimage.de\/wp\/wp-content\/uploads\/AK3I8098_900.jpg?resize=200%2C133&amp;ssl=1 200w\" sizes=\"auto, (max-width: 890px) 100vw, 890px\" \/><\/p>\n<p>Wie, Wer, Wo?<\/p>\n<blockquote>\n<pre>Das erz\u00e4hlen wir gleich.<\/pre>\n<\/blockquote>\n<p><!--more--><\/p>\n<h2><\/h2>\n<h2>Ach wie sch\u00f6n war doch der Plan f\u00fcr das Jahr 2020<\/h2>\n<p>Dass es dann ganz anders kam, wei\u00df wohl jeder. Die Pandemie Covid-19 hat alle Pl\u00e4ne zunichtegemacht.<\/p>\n<blockquote>\n<pre>Sp\u00e4ter ...\r\nSp\u00e4ter ...\r\nOder gar nicht.<\/pre>\n<\/blockquote>\n<p>Jetzt im Juni 2021 sind es 16 Monate her, seit dem letzten Zusammentreffen als <strong>BAYERWALDTEAM<\/strong> und auch das war so nicht geplant.<\/p>\n<p>Hubert kam aus unterschiedlichen Gr\u00fcnden in <strong>Dachau<\/strong> vorbei und verbrachte drei Tage, drei Tage als <strong>BAYERWALDTEAM<\/strong> wieder ausgelassen durch die Landschaft und die Natur zu streifen und zu fotografieren und zu quatschen \u00fcber Gott und die Welt.<\/p>\n<blockquote>\n<pre>Ach wie tut das Gut.<\/pre>\n<\/blockquote>\n<p>&nbsp;<\/p>\n<h2>Drei Tage in einem komplett anderen Themengebiet als Grenzkamm, Granit und Wald<\/h2>\n<p>Ich kann hier in der Umgebung von <strong>Dachau<\/strong> keinen <strong>Bayerischen Wald<\/strong> herzaubern.<\/p>\n<blockquote>\n<pre>Es galt doch diese drei Tage mindestens interessant zu gestalten und gen\u00fcgend fotografische \r\nErlebnisse auf den Tisch zu bringen.\r\nDas sollte mir auch wohl in au\u00dfergew\u00f6hnlicher Art gelingen.<\/pre>\n<\/blockquote>\n<p>In der Tat gab es keinen Fels oder Granit. Daf\u00fcr stand die Erlebniswelt des <strong>Nieder- und Hochmoores<\/strong> auf dem Programm. Das <strong>Dachauer Moos<\/strong> ist dazu schon eine sehr gute Ausgangsbasis, angereichert wurde es durch nahe gelegenen <strong>Moos<\/strong>&#8211; und <strong>Moor<\/strong> Biotope im <strong>F\u00fcrstenfeldbrucker Land<\/strong>. Alles nicht weit und praktisch vor der Haust\u00fcre.<\/p>\n<p><img data-recalc-dims=\"1\" loading=\"lazy\" decoding=\"async\" data-attachment-id=\"29214\" data-permalink=\"https:\/\/deltaimage.de\/wp\/?attachment_id=29214#main\" data-orig-file=\"https:\/\/i0.wp.com\/deltaimage.de\/wp\/wp-content\/uploads\/AK3I8100_900.jpg?fit=890%2C593&amp;ssl=1\" data-orig-size=\"890,593\" data-comments-opened=\"0\" data-image-meta=\"{&quot;aperture&quot;:&quot;4&quot;,&quot;credit&quot;:&quot;LEMMERHIRT - FOTOGRAFIE&quot;,&quot;camera&quot;:&quot;Canon EOS-1D X Mark II&quot;,&quot;caption&quot;:&quot;&quot;,&quot;created_timestamp&quot;:&quot;1624711554&quot;,&quot;copyright&quot;:&quot;&quot;,&quot;focal_length&quot;:&quot;24&quot;,&quot;iso&quot;:&quot;125&quot;,&quot;shutter_speed&quot;:&quot;0.005&quot;,&quot;title&quot;:&quot;&quot;,&quot;orientation&quot;:&quot;0&quot;}\" data-image-title=\"AK3I8100_900\" data-image-description=\"\" data-image-caption=\"&lt;p&gt;Paul Eschbach und Bubert Bauer-Falkner im Hochmoor Hapelmoor im Sommer.&lt;\/p&gt;\n\" data-large-file=\"https:\/\/i0.wp.com\/deltaimage.de\/wp\/wp-content\/uploads\/AK3I8100_900.jpg?fit=890%2C593&amp;ssl=1\" class=\"aligncenter size-full wp-image-29214\" src=\"https:\/\/i0.wp.com\/deltaimage.de\/wp\/wp-content\/uploads\/AK3I8100_900.jpg?resize=890%2C593&#038;ssl=1\" alt=\"\" width=\"890\" height=\"593\" srcset=\"https:\/\/i0.wp.com\/deltaimage.de\/wp\/wp-content\/uploads\/AK3I8100_900.jpg?w=890&amp;ssl=1 890w, https:\/\/i0.wp.com\/deltaimage.de\/wp\/wp-content\/uploads\/AK3I8100_900.jpg?resize=300%2C200&amp;ssl=1 300w, https:\/\/i0.wp.com\/deltaimage.de\/wp\/wp-content\/uploads\/AK3I8100_900.jpg?resize=675%2C450&amp;ssl=1 675w, https:\/\/i0.wp.com\/deltaimage.de\/wp\/wp-content\/uploads\/AK3I8100_900.jpg?resize=600%2C400&amp;ssl=1 600w, https:\/\/i0.wp.com\/deltaimage.de\/wp\/wp-content\/uploads\/AK3I8100_900.jpg?resize=200%2C133&amp;ssl=1 200w\" sizes=\"auto, (max-width: 890px) 100vw, 890px\" \/><\/p>\n<blockquote>\n<pre>Was gibt es denn da zu sehen?<\/pre>\n<\/blockquote>\n<p>Von der unbelebten Natur, hinein in das pralle Leben im <strong>Moos<\/strong> und <strong>Moor<\/strong>. Die Natur, die Landschaft und deren Flora und Fauna geben auch f\u00fcr die anspruchsvollsten Fotografen ein Eldorado an Motiven, Motivgebieten und Fototechniken zum Besten.<\/p>\n<p>&nbsp;<\/p>\n<h2>Niedermoor &#8211; das bayerische Moos<\/h2>\n<p>Aus der Entfernung mag das Moos ja eine langweilige und unspektakul\u00e4re Landschaft sein. Beim n\u00e4heren Betrachten und bei der tieferen Besch\u00e4ftigung mit diesem Landschaftsraum im Norden der <strong>M\u00fcnchener Schotterebene<\/strong> ergeben sich Tage f\u00fcllende Fotostreifz\u00fcge &#8211; von Fr\u00fch bis Sp\u00e4t.<\/p>\n<p>Das Leben im <strong>Moos<\/strong> l\u00e4uft nach anderen Regeln ab als in anderen Landschaftsformen. Das <strong>Moos<\/strong> ist ein wichtiger Wasserspeicher und h\u00e4lt sehr viel CO\u2082 aus der Atmosph\u00e4re zur\u00fcck &#8211; das kommt uns allen zugute.<\/p>\n<p>&nbsp;<\/p>\n<h2>Hochmoor &#8211; die tiefgr\u00fcndige Landschaft<\/h2>\n<p>Das <strong>Hochmoor<\/strong> ist vollkommen anders entstanden und wir k\u00f6nnen uns gl\u00fccklich sch\u00e4tzen, dass im Haspelmoor noch ein gro\u00dfer Rest des <strong>Moores<\/strong> hier erhalten geblieben ist und nun unserer Generation (als Fotografen) und Naturliebhabern auch noch offen zum Begehen und zum Fotografieren steht. Dabei kennt der <strong>Bayerwaldler<\/strong> die <strong>Moore<\/strong> nur zu gut aus dem B<strong>ayerischen Wald<\/strong> &#8211; dort in den entlegenen <strong>Hochlagen<\/strong> am <strong>Grenzkamm<\/strong>.<\/p>\n<p>Wir erkunden das <strong>Haspelmoor<\/strong> bei <strong>Hattenhofen<\/strong> und <strong>Hubert<\/strong> lernt Schritt f\u00fcr Schritt diese Form der <strong>Naturfotografie<\/strong> der kleinen Details einer sehr langsam sich entwickelnden Flora und Fauna zu sch\u00e4tzen.<\/p>\n<blockquote>\n<pre>Begleiten Sie uns in den folgenden Beitr\u00e4gen in die Zauberwelt des Nieder- und Hochmoores \r\nim Umkreis von Dachau und F\u00fcrstenfeldbruck. Eine sehr abwechslungsreiche Flora und Fauna \r\nlassen f\u00fcr drei Tage den bayerischen Wald fast vergessen.<\/pre>\n<\/blockquote>\n","protected":false},"excerpt":{"rendered":"<p>Das lief so ganz anders als wir das geplant hatten. &nbsp; Im Januar 2020 waren wir noch als BAYERWALDTEAM zusammen im Bayerischen Wald unterwegs und hatten viel Zeit in der [&hellip;]<\/p>\n","protected":false},"author":1,"featured_media":29215,"comment_status":"closed","ping_status":"closed","sticky":false,"template":"","format":"standard","meta":{"wpupg_custom_link":[],"wpupg_custom_link_behaviour":["default"],"wpupg_custom_link_nofollow":["default"],"wpupg_custom_image":[],"wpupg_custom_image_id":[],"jetpack_post_was_ever_published":false,"footnotes":""},"categories":[861,3010,2523,8],"tags":[594,1457,685,3045,2532,3042,2159,1892,88,67],"class_list":["post-29219","post","type-post","status-publish","format-standard","has-post-thumbnail","hentry","category-bayerwaldteam","category-dachauer-land","category-dachauer-moos","category-news","tag-bayerwaldteam","tag-biotop","tag-erlebnis","tag-fotografie-erleben","tag-gemeinsam","tag-haspelmoor","tag-hochmoor","tag-hubert-bauer-falkner","tag-natur","tag-paul-eschbach"],"jetpack_featured_media_url":"https:\/\/i0.wp.com\/deltaimage.de\/wp\/wp-content\/uploads\/AK3I8100_1200.jpg?fit=1200%2C450&ssl=1","jetpack-related-posts":[{"id":29190,"url":"https:\/\/deltaimage.de\/wp\/?p=29190","url_meta":{"origin":29219,"position":0},"title":"BAYERWALDTEAM im Dachauer Moos &#8211; ungewohnt aber umso spannender","author":"EschbacP","date":"29. Juni 2021","format":false,"excerpt":"Drei Tage in einer ungewohnten Natur- und Kulturlandschaft in Dachau und F\u00fcrstenfeldbruck als Natur- und Landschaftsfotograf bringt gen\u00fcgend positive \u00dcberraschungen f\u00fcr Hubert im BAYERWALDTEAM mit sich. Bedingt durch die Auswirkungen der Pandemie fehlt etwas die fotografische \u00dcbung. Ein anderer Naturraum bringt auch anderer Flora und Fauna und damit neue fotografische\u2026","rel":"","context":"In &quot;BAYERWALDTEAM&quot;","block_context":{"text":"BAYERWALDTEAM","link":"https:\/\/deltaimage.de\/wp\/?cat=861"},"img":{"alt_text":"","src":"https:\/\/i0.wp.com\/deltaimage.de\/wp\/wp-content\/uploads\/IMG_9314_1200.jpg?fit=1200%2C450&ssl=1&resize=350%2C200","width":350,"height":200,"srcset":"https:\/\/i0.wp.com\/deltaimage.de\/wp\/wp-content\/uploads\/IMG_9314_1200.jpg?fit=1200%2C450&ssl=1&resize=350%2C200 1x, https:\/\/i0.wp.com\/deltaimage.de\/wp\/wp-content\/uploads\/IMG_9314_1200.jpg?fit=1200%2C450&ssl=1&resize=525%2C300 1.5x, https:\/\/i0.wp.com\/deltaimage.de\/wp\/wp-content\/uploads\/IMG_9314_1200.jpg?fit=1200%2C450&ssl=1&resize=700%2C400 2x, https:\/\/i0.wp.com\/deltaimage.de\/wp\/wp-content\/uploads\/IMG_9314_1200.jpg?fit=1200%2C450&ssl=1&resize=1050%2C600 3x"},"classes":[]},{"id":18935,"url":"https:\/\/deltaimage.de\/wp\/?p=18935","url_meta":{"origin":29219,"position":1},"title":"Abseits der Nationalparkstra\u00dfe im Bayerischen Wald &#8211; Gro\u00dfer Filz","author":"EschbacP","date":"21. Juni 2018","format":false,"excerpt":"Sommerzeit ist im Waldgebirge auch oft Zeit f\u00fcr Gewitter. seit Tagen h\u00e4ngt das Gewitter\u00a0 mit hohen Cumulonimbus Wolken \u00fcber dem Grenzkamm des Bayerischen Waldes. Wir m\u00f6chten sehr gerne die paar freien Tage nutzen, um wieder einmal auf einer Bergh\u00fctte zu \u00fcbernachten. Das ferne Grollen unter den hoch aufragenden Wolken den\u2026","rel":"","context":"In &quot;BAYERWALDTEAM&quot;","block_context":{"text":"BAYERWALDTEAM","link":"https:\/\/deltaimage.de\/wp\/?cat=861"},"img":{"alt_text":"","src":"https:\/\/i0.wp.com\/deltaimage.de\/wp\/wp-content\/uploads\/PE1S0137_1200.jpg?fit=1200%2C450&ssl=1&resize=350%2C200","width":350,"height":200,"srcset":"https:\/\/i0.wp.com\/deltaimage.de\/wp\/wp-content\/uploads\/PE1S0137_1200.jpg?fit=1200%2C450&ssl=1&resize=350%2C200 1x, https:\/\/i0.wp.com\/deltaimage.de\/wp\/wp-content\/uploads\/PE1S0137_1200.jpg?fit=1200%2C450&ssl=1&resize=525%2C300 1.5x, https:\/\/i0.wp.com\/deltaimage.de\/wp\/wp-content\/uploads\/PE1S0137_1200.jpg?fit=1200%2C450&ssl=1&resize=700%2C400 2x, https:\/\/i0.wp.com\/deltaimage.de\/wp\/wp-content\/uploads\/PE1S0137_1200.jpg?fit=1200%2C450&ssl=1&resize=1050%2C600 3x"},"classes":[]},{"id":29819,"url":"https:\/\/deltaimage.de\/wp\/?p=29819","url_meta":{"origin":29219,"position":2},"title":"BAYERWALDTEAM \u2013 Durchschreitung des H\u00f6llbachs im Bayerischen Wald","author":"EschbacP","date":"18. August 2021","format":false,"excerpt":"Fotografieren in der m\u00e4chtigen Natur ist nicht immer einfach und der Fotograf erlebt die Landschaft noch viel hautnaher als der Betrachter der Bilder hinterher. So auch bei unserem Fotoeinsatz am Falkenstein im H\u00f6llbach-Ggspreng, einer wildromantischen Klamm an der S\u00fcd-Ost-Flanke des Falkensteins im Bayerischen Wald. M\u00e4chtige Natur unmittelbar vor dem Objektiv\u2026","rel":"","context":"In &quot;BAYERWALDTEAM&quot;","block_context":{"text":"BAYERWALDTEAM","link":"https:\/\/deltaimage.de\/wp\/?cat=861"},"img":{"alt_text":"","src":"https:\/\/i0.wp.com\/deltaimage.de\/wp\/wp-content\/uploads\/bayerwaldteam-durchschreitung-des-hoellbachs-im-bayerischen-wald.jpg?fit=890%2C593&ssl=1&resize=350%2C200","width":350,"height":200,"srcset":"https:\/\/i0.wp.com\/deltaimage.de\/wp\/wp-content\/uploads\/bayerwaldteam-durchschreitung-des-hoellbachs-im-bayerischen-wald.jpg?fit=890%2C593&ssl=1&resize=350%2C200 1x, https:\/\/i0.wp.com\/deltaimage.de\/wp\/wp-content\/uploads\/bayerwaldteam-durchschreitung-des-hoellbachs-im-bayerischen-wald.jpg?fit=890%2C593&ssl=1&resize=525%2C300 1.5x, https:\/\/i0.wp.com\/deltaimage.de\/wp\/wp-content\/uploads\/bayerwaldteam-durchschreitung-des-hoellbachs-im-bayerischen-wald.jpg?fit=890%2C593&ssl=1&resize=700%2C400 2x"},"classes":[]},{"id":29229,"url":"https:\/\/deltaimage.de\/wp\/?p=29229","url_meta":{"origin":29219,"position":3},"title":"BAYERWALDTEAM im Dachauer Moos zum Fotografieren unterwegs","author":"EschbacP","date":"29. Juni 2021","format":false,"excerpt":"Es funktioniert immer wieder aufs Neue. Ein eigentlich triviales Motiv kann die Aufmerksamkeit des Fotografen vollst\u00e4ndig auf sich ziehen und f\u00fcr Stunden begeistern. An einem weiteren Tag verschl\u00e4gt es uns in das Dachauer Moos zu einigen Pl\u00e4tzen, die man als Fotograf \u00fcber Jahre hinweg sich erarbeitet hatte. \u00a0 BAYERWALDTEAM im\u2026","rel":"","context":"In &quot;BAYERWALDTEAM&quot;","block_context":{"text":"BAYERWALDTEAM","link":"https:\/\/deltaimage.de\/wp\/?cat=861"},"img":{"alt_text":"","src":"https:\/\/i0.wp.com\/deltaimage.de\/wp\/wp-content\/uploads\/IMG_9740_1200.jpg?fit=1200%2C450&ssl=1&resize=350%2C200","width":350,"height":200,"srcset":"https:\/\/i0.wp.com\/deltaimage.de\/wp\/wp-content\/uploads\/IMG_9740_1200.jpg?fit=1200%2C450&ssl=1&resize=350%2C200 1x, https:\/\/i0.wp.com\/deltaimage.de\/wp\/wp-content\/uploads\/IMG_9740_1200.jpg?fit=1200%2C450&ssl=1&resize=525%2C300 1.5x, https:\/\/i0.wp.com\/deltaimage.de\/wp\/wp-content\/uploads\/IMG_9740_1200.jpg?fit=1200%2C450&ssl=1&resize=700%2C400 2x, https:\/\/i0.wp.com\/deltaimage.de\/wp\/wp-content\/uploads\/IMG_9740_1200.jpg?fit=1200%2C450&ssl=1&resize=1050%2C600 3x"},"classes":[]},{"id":17226,"url":"https:\/\/deltaimage.de\/wp\/?p=17226","url_meta":{"origin":29219,"position":4},"title":"Bayerwaldteam im Winter am bayrisch-b\u00f6hmischen Grenzkamm unterwegs","author":"EschbacP","date":"9. Januar 2018","format":false,"excerpt":"Zu allen Jahreszeiten, im Winter, im Fr\u00fchling und auch im Sommer ist das Bayerwaldteam beiderseits des Grenzkamms in Bayern und B\u00f6hmen fotografisch unterwegs. Auch im Herbst hat man uns schon auf den Hochschachten des Bayerischen Waldes und auf den Gipfeln des Mittelgebirges angetroffen. Wenn die Fotografie zur lebenslangen Leidenschaft geworden\u2026","rel":"","context":"In &quot;BAYERWALDTEAM&quot;","block_context":{"text":"BAYERWALDTEAM","link":"https:\/\/deltaimage.de\/wp\/?cat=861"},"img":{"alt_text":"","src":"https:\/\/i0.wp.com\/deltaimage.de\/wp\/wp-content\/uploads\/PE1S0352_1200.jpg?fit=1200%2C450&ssl=1&resize=350%2C200","width":350,"height":200,"srcset":"https:\/\/i0.wp.com\/deltaimage.de\/wp\/wp-content\/uploads\/PE1S0352_1200.jpg?fit=1200%2C450&ssl=1&resize=350%2C200 1x, https:\/\/i0.wp.com\/deltaimage.de\/wp\/wp-content\/uploads\/PE1S0352_1200.jpg?fit=1200%2C450&ssl=1&resize=525%2C300 1.5x, https:\/\/i0.wp.com\/deltaimage.de\/wp\/wp-content\/uploads\/PE1S0352_1200.jpg?fit=1200%2C450&ssl=1&resize=700%2C400 2x, https:\/\/i0.wp.com\/deltaimage.de\/wp\/wp-content\/uploads\/PE1S0352_1200.jpg?fit=1200%2C450&ssl=1&resize=1050%2C600 3x"},"classes":[]},{"id":23950,"url":"https:\/\/deltaimage.de\/wp\/?p=23950","url_meta":{"origin":29219,"position":5},"title":"BAYERWALDTEAM im Winterurlaub auf Foto-Streifzug","author":"EschbacP","date":"4. Januar 2020","format":false,"excerpt":"Ach wie sch\u00f6n. Ein paar Tage frei und im Team zusammen durch den Bayerischen Wald als Fotografen zu streifen. Der Wetterbericht hat das Wort Schnee ganz aus der t\u00e4glichen Vorhersage gestrichen. Kein Schnee, kein eigentlicher Winter in Sicht. Weder am Heiligen Abend, noch an Silvester. Inversionswetterlage \u00fcber Ober- und Niederbayern\u2026","rel":"","context":"In &quot;BAYERWALDTEAM&quot;","block_context":{"text":"BAYERWALDTEAM","link":"https:\/\/deltaimage.de\/wp\/?cat=861"},"img":{"alt_text":"","src":"https:\/\/i0.wp.com\/deltaimage.de\/wp\/wp-content\/uploads\/IMG_5341_1200.jpg?fit=1200%2C450&ssl=1&resize=350%2C200","width":350,"height":200,"srcset":"https:\/\/i0.wp.com\/deltaimage.de\/wp\/wp-content\/uploads\/IMG_5341_1200.jpg?fit=1200%2C450&ssl=1&resize=350%2C200 1x, https:\/\/i0.wp.com\/deltaimage.de\/wp\/wp-content\/uploads\/IMG_5341_1200.jpg?fit=1200%2C450&ssl=1&resize=525%2C300 1.5x, https:\/\/i0.wp.com\/deltaimage.de\/wp\/wp-content\/uploads\/IMG_5341_1200.jpg?fit=1200%2C450&ssl=1&resize=700%2C400 2x, https:\/\/i0.wp.com\/deltaimage.de\/wp\/wp-content\/uploads\/IMG_5341_1200.jpg?fit=1200%2C450&ssl=1&resize=1050%2C600 3x"},"classes":[]}],"jetpack_sharing_enabled":true,"_links":{"self":[{"href":"https:\/\/deltaimage.de\/wp\/index.php?rest_route=\/wp\/v2\/posts\/29219","targetHints":{"allow":["GET"]}}],"collection":[{"href":"https:\/\/deltaimage.de\/wp\/index.php?rest_route=\/wp\/v2\/posts"}],"about":[{"href":"https:\/\/deltaimage.de\/wp\/index.php?rest_route=\/wp\/v2\/types\/post"}],"author":[{"embeddable":true,"href":"https:\/\/deltaimage.de\/wp\/index.php?rest_route=\/wp\/v2\/users\/1"}],"replies":[{"embeddable":true,"href":"https:\/\/deltaimage.de\/wp\/index.php?rest_route=%2Fwp%2Fv2%2Fcomments&post=29219"}],"version-history":[{"count":8,"href":"https:\/\/deltaimage.de\/wp\/index.php?rest_route=\/wp\/v2\/posts\/29219\/revisions"}],"predecessor-version":[{"id":51194,"href":"https:\/\/deltaimage.de\/wp\/index.php?rest_route=\/wp\/v2\/posts\/29219\/revisions\/51194"}],"wp:featuredmedia":[{"embeddable":true,"href":"https:\/\/deltaimage.de\/wp\/index.php?rest_route=\/wp\/v2\/media\/29215"}],"wp:attachment":[{"href":"https:\/\/deltaimage.de\/wp\/index.php?rest_route=%2Fwp%2Fv2%2Fmedia&parent=29219"}],"wp:term":[{"taxonomy":"category","embeddable":true,"href":"https:\/\/deltaimage.de\/wp\/index.php?rest_route=%2Fwp%2Fv2%2Fcategories&post=29219"},{"taxonomy":"post_tag","embeddable":true,"href":"https:\/\/deltaimage.de\/wp\/index.php?rest_route=%2Fwp%2Fv2%2Ftags&post=29219"}],"curies":[{"name":"wp","href":"https:\/\/api.w.org\/{rel}","templated":true}]}}