{"id":29352,"date":"2021-07-19T18:52:59","date_gmt":"2021-07-19T17:52:59","guid":{"rendered":"https:\/\/deltaimage.de\/wp\/?p=29352"},"modified":"2021-07-19T19:10:12","modified_gmt":"2021-07-19T18:10:12","slug":"fuerstenfeld-aus-der-perspektive-einer-drohne-uas","status":"publish","type":"post","link":"https:\/\/deltaimage.de\/wp\/?p=29352","title":{"rendered":"Naturfototage F\u00fcrstenfeld aus der Perspektive eines Adlers"},"content":{"rendered":"<p>Der Adler in F\u00fcrstenfeld kann das auch das sicher noch viel besser. Wir gehen mit einer Drohne\/UAS in dien Luftraum \u00fcber dem Forum F\u00fcrstenfeld auf Foto-Tour und schauen uns am fr\u00fchen Morgen eines Naturfototages das Gel\u00e4nde etwas genauer an.<\/p>\n<p><img data-recalc-dims=\"1\" loading=\"lazy\" decoding=\"async\" data-attachment-id=\"22435\" data-permalink=\"https:\/\/deltaimage.de\/wp\/?attachment_id=22435#main\" data-orig-file=\"https:\/\/i0.wp.com\/deltaimage.de\/wp\/wp-content\/uploads\/YUN00108_900.jpg?fit=890%2C593&amp;ssl=1\" data-orig-size=\"890,593\" data-comments-opened=\"0\" data-image-meta=\"{&quot;aperture&quot;:&quot;0&quot;,&quot;credit&quot;:&quot;&quot;,&quot;camera&quot;:&quot;CGO3 1.9.01(E)&quot;,&quot;caption&quot;:&quot;&quot;,&quot;created_timestamp&quot;:&quot;1566659883&quot;,&quot;copyright&quot;:&quot;&quot;,&quot;focal_length&quot;:&quot;0&quot;,&quot;iso&quot;:&quot;0&quot;,&quot;shutter_speed&quot;:&quot;0&quot;,&quot;title&quot;:&quot;&quot;,&quot;orientation&quot;:&quot;0&quot;}\" data-image-title=\"YUN00108_900\" data-image-description=\"\" data-image-caption=\"\" data-large-file=\"https:\/\/i0.wp.com\/deltaimage.de\/wp\/wp-content\/uploads\/YUN00108_900.jpg?fit=890%2C593&amp;ssl=1\" class=\"aligncenter size-full wp-image-22435\" src=\"https:\/\/i0.wp.com\/deltaimage.de\/wp\/wp-content\/uploads\/YUN00108_900.jpg?resize=890%2C593&#038;ssl=1\" alt=\"\" width=\"890\" height=\"593\" srcset=\"https:\/\/i0.wp.com\/deltaimage.de\/wp\/wp-content\/uploads\/YUN00108_900.jpg?w=890&amp;ssl=1 890w, https:\/\/i0.wp.com\/deltaimage.de\/wp\/wp-content\/uploads\/YUN00108_900.jpg?resize=200%2C133&amp;ssl=1 200w, https:\/\/i0.wp.com\/deltaimage.de\/wp\/wp-content\/uploads\/YUN00108_900.jpg?resize=300%2C200&amp;ssl=1 300w, https:\/\/i0.wp.com\/deltaimage.de\/wp\/wp-content\/uploads\/YUN00108_900.jpg?resize=675%2C450&amp;ssl=1 675w, https:\/\/i0.wp.com\/deltaimage.de\/wp\/wp-content\/uploads\/YUN00108_900.jpg?resize=600%2C400&amp;ssl=1 600w\" sizes=\"auto, (max-width: 890px) 100vw, 890px\" \/><\/p>\n<p><!--more--><\/p>\n<h2><\/h2>\n<h2>Wie mag aber der Blick der fliegenden Greifv\u00f6gel auf die Naturfototage in F\u00fcrstenfeldbruck sein<\/h2>\n<blockquote>\n<pre>Schauen wir es uns einfach an - kommen Sie mit.<\/pre>\n<\/blockquote>\n<p>Die Greifv\u00f6gel werden 2021 auf den Naturfototagen nicht fliegen d\u00fcrfen. Unser Fotograf und Drohnenexperte Paul Eschbach nimmt uns mit, in die luftigen H\u00f6hen des Veranstaltungsgel\u00e4ndes und schaut mit uns auf die Veranstaltung hinab.<\/p>\n<p><iframe loading=\"lazy\" src=\"https:\/\/deltaimage.de\/wp\/wp-content\/uploads\/YUN00175-Panorama.htmm\" width=\"1200\" height=\"450\" frameborder=\"0\"><span data-mce-type=\"bookmark\" style=\"display: inline-block; width: 0px; overflow: hidden; line-height: 0;\" class=\"mce_SELRES_start\">\ufeff<\/span><\/iframe><\/p>\n<blockquote>\n<pre>Fotografiert mit einem YUNEEC Q500 4k mit dem systemeigenen Kamerasystem CGO2 mit 12 MP Aufl\u00f6sung\r\n im Fotomodus. Zum Panoramabild zusammengef\u00fcgt mit PT GUI und f\u00fcr die Webseite aufbereitet.\r\n\r\n<\/pre>\n<\/blockquote>\n","protected":false},"excerpt":{"rendered":"<p>Der Adler in F\u00fcrstenfeld kann das auch das sicher noch viel besser. Wir gehen mit einer Drohne\/UAS in dien Luftraum \u00fcber dem Forum F\u00fcrstenfeld auf Foto-Tour und schauen uns am [&hellip;]<\/p>\n","protected":false},"author":1,"featured_media":13937,"comment_status":"closed","ping_status":"closed","sticky":false,"template":"","format":"standard","meta":{"wpupg_custom_link":[],"wpupg_custom_link_behaviour":["default"],"wpupg_custom_link_nofollow":[],"wpupg_custom_image":[],"wpupg_custom_image_id":[],"jetpack_post_was_ever_published":false,"footnotes":""},"categories":[1492,8],"tags":[105,2116,27,980,67,1927],"class_list":["post-29352","post","type-post","status-publish","format-standard","has-post-thumbnail","hentry","category-naturfototage-fuerstenfeld","category-news","tag-drohne","tag-forum-fuerstenfeld","tag-furstenfeldbruck","tag-naturfototage","tag-paul-eschbach","tag-uas"],"jetpack_featured_media_url":"https:\/\/i0.wp.com\/deltaimage.de\/wp\/wp-content\/uploads\/DSC8574_1200.jpg?fit=1200%2C450&ssl=1","jetpack-related-posts":[{"id":18507,"url":"https:\/\/deltaimage.de\/wp\/?p=18507","url_meta":{"origin":29352,"position":0},"title":"Uiiihh! Auf der Titelseite einer Zeitung &#8230;","author":"EschbacP","date":"14. Mai 2018","format":false,"excerpt":".. ja nicht ganz vorne - aber immerhin auf der Regionalausgabe F\u00fcrstenfeldbruck. Fotos Pirchmoser@Foto Sessner GmbH \u00a0 S\u00fcddeutsche Zeitung Regionalteil F\u00fcrstenfeldbruck und Paul Eschbach Ein Anfang ist gemacht. Naturfototage F\u00fcrstenfeld und die \"fliegende Kamera\" Das Thema Multicopter & Drohne scheint sehr interessant zu sein. Die S\u00fcddeutsche Zeitung berichtet in der\u2026","rel":"","context":"In &quot;Naturfototage F\u00fcrstenfeld&quot;","block_context":{"text":"Naturfototage F\u00fcrstenfeld","link":"https:\/\/deltaimage.de\/wp\/?cat=1492"},"img":{"alt_text":"SZ_FFB_Naturfototage 2018","src":"https:\/\/i0.wp.com\/deltaimage.de\/wp\/wp-content\/uploads\/SZ_FFB_Naturfototage-2018.jpg?resize=350%2C200","width":350,"height":200,"srcset":"https:\/\/i0.wp.com\/deltaimage.de\/wp\/wp-content\/uploads\/SZ_FFB_Naturfototage-2018.jpg?resize=350%2C200 1x, https:\/\/i0.wp.com\/deltaimage.de\/wp\/wp-content\/uploads\/SZ_FFB_Naturfototage-2018.jpg?resize=525%2C300 1.5x, https:\/\/i0.wp.com\/deltaimage.de\/wp\/wp-content\/uploads\/SZ_FFB_Naturfototage-2018.jpg?resize=700%2C400 2x, https:\/\/i0.wp.com\/deltaimage.de\/wp\/wp-content\/uploads\/SZ_FFB_Naturfototage-2018.jpg?resize=1050%2C600 3x"},"classes":[]},{"id":54319,"url":"https:\/\/deltaimage.de\/wp\/?p=54319","url_meta":{"origin":29352,"position":1},"title":"Demn\u00e4chst: 28. Naturfototage F\u00fcrstenfeld bei M\u00fcnchen: 24. &#8211; 26. April 2026","author":"EschbacP","date":"19. April 2026","format":false,"excerpt":"Am kommenden Freitag beginnen an drei aufeinanderfolgenden Tagen die \u00e4u\u00dferst beliebten und ebenso erfolgreichen Naturfototage F\u00fcrstenfeld, in F\u00fcrstenfeldbruck bei M\u00fcnchen. Die Gesamtveranstaltung findet im Forum F\u00fcrstenfeldbruck statt, dem zu einer Veranstaltungsfl\u00e4che umgebauten ehemaligen Klosterareal mit einer der sch\u00f6nsten Barockkirchen in S\u00fcddeutschland. Mehr Informationen: www.fuerstenfelder-naturfototage.com \u00a0 28. Internationale Naturfototage F\u00fcrstenfeld Freitag,\u2026","rel":"","context":"In &quot;Fotografie&quot;","block_context":{"text":"Fotografie","link":"https:\/\/deltaimage.de\/wp\/?cat=848"},"img":{"alt_text":"","src":"https:\/\/i0.wp.com\/deltaimage.de\/wp\/wp-content\/uploads\/PED45897_1200.jpg?fit=1200%2C450&ssl=1&resize=350%2C200","width":350,"height":200,"srcset":"https:\/\/i0.wp.com\/deltaimage.de\/wp\/wp-content\/uploads\/PED45897_1200.jpg?fit=1200%2C450&ssl=1&resize=350%2C200 1x, https:\/\/i0.wp.com\/deltaimage.de\/wp\/wp-content\/uploads\/PED45897_1200.jpg?fit=1200%2C450&ssl=1&resize=525%2C300 1.5x, https:\/\/i0.wp.com\/deltaimage.de\/wp\/wp-content\/uploads\/PED45897_1200.jpg?fit=1200%2C450&ssl=1&resize=700%2C400 2x, https:\/\/i0.wp.com\/deltaimage.de\/wp\/wp-content\/uploads\/PED45897_1200.jpg?fit=1200%2C450&ssl=1&resize=1050%2C600 3x"},"classes":[]},{"id":22427,"url":"https:\/\/deltaimage.de\/wp\/?p=22427","url_meta":{"origin":29352,"position":2},"title":"Multicopter \/ Drohnen Vorf\u00fchrung auf den Naturfototagen F\u00fcrstenfeld","author":"EschbacP","date":"26. August 2019","format":false,"excerpt":"Naturfotografie und der Einsatz von Multicopter \/ Drohnen \/ UAV geh\u00f6ren heute schon zum Standardequipment der Naturfotografen. Daher sind wir als UAV DACH e.V. - Verband f\u00fcr unbemannte Luftfahrt auch hier und engagieren uns mit einer eigenen UAV \/ Drohnen Kategorie bei den Glanzlichtern der Naturfotografie (GdN). Seit 4 Jahren\u2026","rel":"","context":"In &quot;Fotografie&quot;","block_context":{"text":"Fotografie","link":"https:\/\/deltaimage.de\/wp\/?cat=848"},"img":{"alt_text":"","src":"https:\/\/i0.wp.com\/deltaimage.de\/wp\/wp-content\/uploads\/YUN00068-Pano_1200.jpg?fit=1200%2C531&ssl=1&resize=350%2C200","width":350,"height":200,"srcset":"https:\/\/i0.wp.com\/deltaimage.de\/wp\/wp-content\/uploads\/YUN00068-Pano_1200.jpg?fit=1200%2C531&ssl=1&resize=350%2C200 1x, https:\/\/i0.wp.com\/deltaimage.de\/wp\/wp-content\/uploads\/YUN00068-Pano_1200.jpg?fit=1200%2C531&ssl=1&resize=525%2C300 1.5x, https:\/\/i0.wp.com\/deltaimage.de\/wp\/wp-content\/uploads\/YUN00068-Pano_1200.jpg?fit=1200%2C531&ssl=1&resize=700%2C400 2x, https:\/\/i0.wp.com\/deltaimage.de\/wp\/wp-content\/uploads\/YUN00068-Pano_1200.jpg?fit=1200%2C531&ssl=1&resize=1050%2C600 3x"},"classes":[]},{"id":42866,"url":"https:\/\/deltaimage.de\/wp\/?p=42866","url_meta":{"origin":29352,"position":3},"title":"Naturfototage in F\u00fcrstenfeldbruck 2024 &#8211; Paul Eschbach vor Ort","author":"EschbacP","date":"13. April 2024","format":false,"excerpt":"Die gr\u00f6\u00dfte Fotoveranstaltung in S\u00fcddeutschland, die Naturfototage F\u00fcrstenfeldbruck, findet am kommenden Wochenende Freitag 19. bis Sonntag 21. April 2024 statt.\u00a0www.glanzlichter.com.\u00a0Die Naturfototage auf dem Freigel\u00e4nde und in der Tenne ist mit freiem Eintritt. Das d\u00fcrfte in ganz Deutschland einmalig sein. Europas gr\u00f6\u00dfter Naturfotowettbewerb Am Freitag, den 19.4. werden um 18.00 Uhr\u2026","rel":"","context":"In &quot;Naturfotografie&quot;","block_context":{"text":"Naturfotografie","link":"https:\/\/deltaimage.de\/wp\/?cat=3217"},"img":{"alt_text":"","src":"https:\/\/i0.wp.com\/deltaimage.de\/wp\/wp-content\/uploads\/PE1S0527_1200.jpg?fit=1200%2C450&ssl=1&resize=350%2C200","width":350,"height":200,"srcset":"https:\/\/i0.wp.com\/deltaimage.de\/wp\/wp-content\/uploads\/PE1S0527_1200.jpg?fit=1200%2C450&ssl=1&resize=350%2C200 1x, https:\/\/i0.wp.com\/deltaimage.de\/wp\/wp-content\/uploads\/PE1S0527_1200.jpg?fit=1200%2C450&ssl=1&resize=525%2C300 1.5x, https:\/\/i0.wp.com\/deltaimage.de\/wp\/wp-content\/uploads\/PE1S0527_1200.jpg?fit=1200%2C450&ssl=1&resize=700%2C400 2x, https:\/\/i0.wp.com\/deltaimage.de\/wp\/wp-content\/uploads\/PE1S0527_1200.jpg?fit=1200%2C450&ssl=1&resize=1050%2C600 3x"},"classes":[]},{"id":47100,"url":"https:\/\/deltaimage.de\/wp\/?p=47100","url_meta":{"origin":29352,"position":4},"title":"DMFV e.V. als neuer Sponsor der Glanzlichter der Naturfotografie &#8211; &#8222;Aerial Views of Nature&#8220; 2025 in F\u00fcrstenfeld","author":"EschbacP","date":"12. Dezember 2024","format":false,"excerpt":"Bonn\/F\u00fcrstenfeldbruck: Neuer Sponsor der Wettbewerbskategorie \"Aerial Views of Nature\" bei Europas gr\u00f6\u00dftem Naturfotografie-Wettbewerb wird Deutschlands gr\u00f6\u00dfter Verband f\u00fcr Modellflug DMFV e.V. mit Sitz in Bonn. Der Deutsche Modellflieger Verband e. V. (DMFV) tritt damit die erfolgreiche Nachfolge des bisherigen Unterst\u00fctzers UAV DACH e.V. aus Berlin an. \u00a0 Zum Hintergrund: Glanzlichter\u2026","rel":"","context":"In &quot;Multicopter \/ UAV&quot;","block_context":{"text":"Multicopter \/ UAV","link":"https:\/\/deltaimage.de\/wp\/?cat=849"},"img":{"alt_text":"","src":"https:\/\/i0.wp.com\/deltaimage.de\/wp\/wp-content\/uploads\/PE1S0527_1200.jpg?fit=1200%2C450&ssl=1&resize=350%2C200","width":350,"height":200,"srcset":"https:\/\/i0.wp.com\/deltaimage.de\/wp\/wp-content\/uploads\/PE1S0527_1200.jpg?fit=1200%2C450&ssl=1&resize=350%2C200 1x, https:\/\/i0.wp.com\/deltaimage.de\/wp\/wp-content\/uploads\/PE1S0527_1200.jpg?fit=1200%2C450&ssl=1&resize=525%2C300 1.5x, https:\/\/i0.wp.com\/deltaimage.de\/wp\/wp-content\/uploads\/PE1S0527_1200.jpg?fit=1200%2C450&ssl=1&resize=700%2C400 2x, https:\/\/i0.wp.com\/deltaimage.de\/wp\/wp-content\/uploads\/PE1S0527_1200.jpg?fit=1200%2C450&ssl=1&resize=1050%2C600 3x"},"classes":[]},{"id":25130,"url":"https:\/\/deltaimage.de\/wp\/?p=25130","url_meta":{"origin":29352,"position":5},"title":"23. Naturfototage in F\u00fcrstenfeld im Jahr 2020 &#8211; die Workshops werden nachgeholt","author":"EschbacP","date":"19. Mai 2020","format":false,"excerpt":"Die Naturfototage F\u00fcrstenfeld sind in diesem Jahr 2020 ausgefallen - sehr schade, daf\u00fcr aber die richtige und vor allem eine fr\u00fchzeitige Entscheidung von Udo H\u00f6cke und Mara Fuhrmann. Wir alle haben uns auf das beste Naturfotoevent hier im S\u00fcden der Republik gefreut, ich selbst bin seit dem Jahr 2000 ein\u2026","rel":"","context":"In &quot;Naturfototage F\u00fcrstenfeld&quot;","block_context":{"text":"Naturfototage F\u00fcrstenfeld","link":"https:\/\/deltaimage.de\/wp\/?cat=1492"},"img":{"alt_text":"","src":"https:\/\/i0.wp.com\/deltaimage.de\/wp\/wp-content\/uploads\/WP_20190818_14_44_58_Pro_1200.jpg?fit=1200%2C450&ssl=1&resize=350%2C200","width":350,"height":200,"srcset":"https:\/\/i0.wp.com\/deltaimage.de\/wp\/wp-content\/uploads\/WP_20190818_14_44_58_Pro_1200.jpg?fit=1200%2C450&ssl=1&resize=350%2C200 1x, https:\/\/i0.wp.com\/deltaimage.de\/wp\/wp-content\/uploads\/WP_20190818_14_44_58_Pro_1200.jpg?fit=1200%2C450&ssl=1&resize=525%2C300 1.5x, https:\/\/i0.wp.com\/deltaimage.de\/wp\/wp-content\/uploads\/WP_20190818_14_44_58_Pro_1200.jpg?fit=1200%2C450&ssl=1&resize=700%2C400 2x, https:\/\/i0.wp.com\/deltaimage.de\/wp\/wp-content\/uploads\/WP_20190818_14_44_58_Pro_1200.jpg?fit=1200%2C450&ssl=1&resize=1050%2C600 3x"},"classes":[]}],"jetpack_sharing_enabled":true,"_links":{"self":[{"href":"https:\/\/deltaimage.de\/wp\/index.php?rest_route=\/wp\/v2\/posts\/29352","targetHints":{"allow":["GET"]}}],"collection":[{"href":"https:\/\/deltaimage.de\/wp\/index.php?rest_route=\/wp\/v2\/posts"}],"about":[{"href":"https:\/\/deltaimage.de\/wp\/index.php?rest_route=\/wp\/v2\/types\/post"}],"author":[{"embeddable":true,"href":"https:\/\/deltaimage.de\/wp\/index.php?rest_route=\/wp\/v2\/users\/1"}],"replies":[{"embeddable":true,"href":"https:\/\/deltaimage.de\/wp\/index.php?rest_route=%2Fwp%2Fv2%2Fcomments&post=29352"}],"version-history":[{"count":6,"href":"https:\/\/deltaimage.de\/wp\/index.php?rest_route=\/wp\/v2\/posts\/29352\/revisions"}],"predecessor-version":[{"id":29405,"href":"https:\/\/deltaimage.de\/wp\/index.php?rest_route=\/wp\/v2\/posts\/29352\/revisions\/29405"}],"wp:featuredmedia":[{"embeddable":true,"href":"https:\/\/deltaimage.de\/wp\/index.php?rest_route=\/wp\/v2\/media\/13937"}],"wp:attachment":[{"href":"https:\/\/deltaimage.de\/wp\/index.php?rest_route=%2Fwp%2Fv2%2Fmedia&parent=29352"}],"wp:term":[{"taxonomy":"category","embeddable":true,"href":"https:\/\/deltaimage.de\/wp\/index.php?rest_route=%2Fwp%2Fv2%2Fcategories&post=29352"},{"taxonomy":"post_tag","embeddable":true,"href":"https:\/\/deltaimage.de\/wp\/index.php?rest_route=%2Fwp%2Fv2%2Ftags&post=29352"}],"curies":[{"name":"wp","href":"https:\/\/api.w.org\/{rel}","templated":true}]}}