{"id":29512,"date":"2021-07-28T19:25:09","date_gmt":"2021-07-28T18:25:09","guid":{"rendered":"https:\/\/deltaimage.de\/wp\/?p=29512"},"modified":"2021-07-29T17:30:47","modified_gmt":"2021-07-29T16:30:47","slug":"workshop-architektur-und-technik-mit-paul-eschbach-30-juli-2021-fuerstenfeldbruck","status":"publish","type":"post","link":"https:\/\/deltaimage.de\/wp\/?p=29512","title":{"rendered":"Workshop: Architektur und Technik mit Paul Eschbach (30. Juli 2021) F\u00fcrstenfeldbruck"},"content":{"rendered":"<p>Bis jetzt ist f\u00fcr die meisten TeilnehmerInnen die konkreten Inhalte und Fotoziele in dem <a href=\"https:\/\/deltaimage.de\/wp\/?portfolio=naturfototage-fuerstenfeld-fotowalk-fuerstenfeld-architektur-und-technik\"><strong>Workshop Architektur und Technik mit Paul Eschbach<\/strong> <\/a>noch etwas ungewiss. Das soll auch so bleiben, ein bisschen m\u00f6chte ich doch \u00fcber Bilder verraten.<\/p>\n<blockquote>\n<pre>\"Zwei <a href=\"https:\/\/www.glanzlichter.com\/template\/index.cfm\/fuseaction\/executeMenuID\/uuidMenu\/CABB95C0-155D-00B4-66A6CC6003FB81D7\">Karten sind noch f\u00fcr den Workshop<\/a> verf\u00fcgbar!\"<\/pre>\n<\/blockquote>\n<p>Heute war ich vor Ort und habe einige Foto-Locations mit den <strong><a href=\"https:\/\/www.stadtwerke-ffb.de\/\">Stadtwerken F\u00fcrstenfeldbruck<\/a><\/strong> abgestimmt. Ganz herzlichen Dank an die Kollegen der Stadtwerke FFB.<\/p>\n<p><img data-recalc-dims=\"1\" loading=\"lazy\" decoding=\"async\" data-attachment-id=\"29516\" data-permalink=\"https:\/\/deltaimage.de\/wp\/?attachment_id=29516#main\" data-orig-file=\"https:\/\/i0.wp.com\/deltaimage.de\/wp\/wp-content\/uploads\/WP_20210728_11_10_44_Pro_900.jpg?fit=890%2C668&amp;ssl=1\" data-orig-size=\"890,668\" data-comments-opened=\"0\" data-image-meta=\"{&quot;aperture&quot;:&quot;1.9&quot;,&quot;credit&quot;:&quot;&quot;,&quot;camera&quot;:&quot;Lumia 950&quot;,&quot;caption&quot;:&quot;&quot;,&quot;created_timestamp&quot;:&quot;1627470644&quot;,&quot;copyright&quot;:&quot;&quot;,&quot;focal_length&quot;:&quot;0&quot;,&quot;iso&quot;:&quot;50&quot;,&quot;shutter_speed&quot;:&quot;0.0090909090909091&quot;,&quot;title&quot;:&quot;&quot;,&quot;orientation&quot;:&quot;0&quot;}\" data-image-title=\"WP_20210728_11_10_44_Pro_900\" data-image-description=\"\" data-image-caption=\"\" data-large-file=\"https:\/\/i0.wp.com\/deltaimage.de\/wp\/wp-content\/uploads\/WP_20210728_11_10_44_Pro_900.jpg?fit=890%2C668&amp;ssl=1\" class=\"aligncenter size-full wp-image-29516\" src=\"https:\/\/i0.wp.com\/deltaimage.de\/wp\/wp-content\/uploads\/WP_20210728_11_10_44_Pro_900.jpg?resize=890%2C668&#038;ssl=1\" alt=\"\" width=\"890\" height=\"668\" srcset=\"https:\/\/i0.wp.com\/deltaimage.de\/wp\/wp-content\/uploads\/WP_20210728_11_10_44_Pro_900.jpg?w=890&amp;ssl=1 890w, https:\/\/i0.wp.com\/deltaimage.de\/wp\/wp-content\/uploads\/WP_20210728_11_10_44_Pro_900.jpg?resize=799%2C600&amp;ssl=1 799w, https:\/\/i0.wp.com\/deltaimage.de\/wp\/wp-content\/uploads\/WP_20210728_11_10_44_Pro_900.jpg?resize=266%2C200&amp;ssl=1 266w, https:\/\/i0.wp.com\/deltaimage.de\/wp\/wp-content\/uploads\/WP_20210728_11_10_44_Pro_900.jpg?resize=790%2C593&amp;ssl=1 790w, https:\/\/i0.wp.com\/deltaimage.de\/wp\/wp-content\/uploads\/WP_20210728_11_10_44_Pro_900.jpg?resize=600%2C450&amp;ssl=1 600w, https:\/\/i0.wp.com\/deltaimage.de\/wp\/wp-content\/uploads\/WP_20210728_11_10_44_Pro_900.jpg?resize=533%2C400&amp;ssl=1 533w\" sizes=\"auto, (max-width: 890px) 100vw, 890px\" \/><\/p>\n<p><!--more--><\/p>\n<p>Das Wetter war in F\u00fcrstenfeldbruck, so wie wir uns das f\u00fcr die vier Tage im Forum F\u00fcrstenfeldbruck nicht w\u00fcnschen.<\/p>\n<p>&nbsp;<\/p>\n<h2>Regen &#8211; nur den ganzen Tag lang<\/h2>\n<p>Alles was schon heruntergekommen ist, kommt nicht mehr.<\/p>\n<p>Nun die beste Zeit, um die Orte selbst zu besichtigen und den Zeitplan abzustimmen. Alles ist sehr sch\u00f6n vorbereitet und das wird f\u00fcr alle TeilnehmerInnen sicherlich ein ganz gro\u00dfartiger Tag in der Fotografie werden. Lassen Sie sich nun etwas inspirieren durch ein paar Smartphone-Fotos von heute. Da werden wir \u00fcberall als Gruppe hinkommen und uns ausf\u00fchrlich mit der Fotografie besch\u00e4ftigen. Das die Technikbegeisterten am Freitag nicht zu kurz kommen werden, das versteht sich schon ganz von alleine.<\/p>\n<p><img data-recalc-dims=\"1\" loading=\"lazy\" decoding=\"async\" data-attachment-id=\"29524\" data-permalink=\"https:\/\/deltaimage.de\/wp\/?attachment_id=29524#main\" data-orig-file=\"https:\/\/i0.wp.com\/deltaimage.de\/wp\/wp-content\/uploads\/WP_20210727_16_01_40_Pro_900.jpg?fit=641%2C890&amp;ssl=1\" data-orig-size=\"641,890\" data-comments-opened=\"0\" data-image-meta=\"{&quot;aperture&quot;:&quot;1.9&quot;,&quot;credit&quot;:&quot;&quot;,&quot;camera&quot;:&quot;Lumia 950&quot;,&quot;caption&quot;:&quot;&quot;,&quot;created_timestamp&quot;:&quot;1627401700&quot;,&quot;copyright&quot;:&quot;&quot;,&quot;focal_length&quot;:&quot;0&quot;,&quot;iso&quot;:&quot;64&quot;,&quot;shutter_speed&quot;:&quot;0.01&quot;,&quot;title&quot;:&quot;&quot;,&quot;orientation&quot;:&quot;0&quot;}\" data-image-title=\"WP_20210727_16_01_40_Pro_900\" data-image-description=\"\" data-image-caption=\"\" data-large-file=\"https:\/\/i0.wp.com\/deltaimage.de\/wp\/wp-content\/uploads\/WP_20210727_16_01_40_Pro_900.jpg?fit=641%2C890&amp;ssl=1\" class=\"aligncenter size-full wp-image-29524\" src=\"https:\/\/i0.wp.com\/deltaimage.de\/wp\/wp-content\/uploads\/WP_20210727_16_01_40_Pro_900.jpg?resize=641%2C890&#038;ssl=1\" alt=\"\" width=\"641\" height=\"890\" srcset=\"https:\/\/i0.wp.com\/deltaimage.de\/wp\/wp-content\/uploads\/WP_20210727_16_01_40_Pro_900.jpg?w=641&amp;ssl=1 641w, https:\/\/i0.wp.com\/deltaimage.de\/wp\/wp-content\/uploads\/WP_20210727_16_01_40_Pro_900.jpg?resize=432%2C600&amp;ssl=1 432w, https:\/\/i0.wp.com\/deltaimage.de\/wp\/wp-content\/uploads\/WP_20210727_16_01_40_Pro_900.jpg?resize=144%2C200&amp;ssl=1 144w, https:\/\/i0.wp.com\/deltaimage.de\/wp\/wp-content\/uploads\/WP_20210727_16_01_40_Pro_900.jpg?resize=427%2C593&amp;ssl=1 427w, https:\/\/i0.wp.com\/deltaimage.de\/wp\/wp-content\/uploads\/WP_20210727_16_01_40_Pro_900.jpg?resize=324%2C450&amp;ssl=1 324w, https:\/\/i0.wp.com\/deltaimage.de\/wp\/wp-content\/uploads\/WP_20210727_16_01_40_Pro_900.jpg?resize=288%2C400&amp;ssl=1 288w\" sizes=\"auto, (max-width: 641px) 100vw, 641px\" \/><\/p>\n<blockquote>\n<pre>Dann halt die kleinen Motive am Wegesrand!<\/pre>\n<\/blockquote>\n<p>&nbsp;<\/p>\n<h2>Eine Br\u00fccke und ein Bach<\/h2>\n<p>Alle Motive sind fu\u00dfl\u00e4ufig vom Forum F\u00fcrstenfeld entfernt, so dass wir die maximale Zeit mit der Fotografie verbringen und in keinen Bussen oder Autos sitzen werden. Drau\u00dfen in der Gegend auf dem Gel\u00e4nde des Klosters F\u00fcrstenfeld und in den Amper Auen.<\/p>\n<p>Wer h\u00e4tte das gedacht, dass da so viele sch\u00f6ne Fotomotive auf die aufmerksame FotografIn lauern.<\/p>\n<blockquote>\n<pre>Kommen Sie mit mir mit!<\/pre>\n<\/blockquote>\n<p>&nbsp;<\/p>\n<p><img data-recalc-dims=\"1\" loading=\"lazy\" decoding=\"async\" data-attachment-id=\"29514\" data-permalink=\"https:\/\/deltaimage.de\/wp\/?attachment_id=29514#main\" data-orig-file=\"https:\/\/i0.wp.com\/deltaimage.de\/wp\/wp-content\/uploads\/WP_20210727_15_48_06_Pro_900.jpg?fit=890%2C668&amp;ssl=1\" data-orig-size=\"890,668\" data-comments-opened=\"0\" data-image-meta=\"{&quot;aperture&quot;:&quot;1.9&quot;,&quot;credit&quot;:&quot;&quot;,&quot;camera&quot;:&quot;Lumia 950&quot;,&quot;caption&quot;:&quot;&quot;,&quot;created_timestamp&quot;:&quot;1627400886&quot;,&quot;copyright&quot;:&quot;&quot;,&quot;focal_length&quot;:&quot;0&quot;,&quot;iso&quot;:&quot;50&quot;,&quot;shutter_speed&quot;:&quot;0.005&quot;,&quot;title&quot;:&quot;&quot;,&quot;orientation&quot;:&quot;0&quot;}\" data-image-title=\"WP_20210727_15_48_06_Pro_900\" data-image-description=\"\" data-image-caption=\"\" data-large-file=\"https:\/\/i0.wp.com\/deltaimage.de\/wp\/wp-content\/uploads\/WP_20210727_15_48_06_Pro_900.jpg?fit=890%2C668&amp;ssl=1\" class=\"aligncenter size-full wp-image-29514\" src=\"https:\/\/i0.wp.com\/deltaimage.de\/wp\/wp-content\/uploads\/WP_20210727_15_48_06_Pro_900.jpg?resize=890%2C668&#038;ssl=1\" alt=\"\" width=\"890\" height=\"668\" srcset=\"https:\/\/i0.wp.com\/deltaimage.de\/wp\/wp-content\/uploads\/WP_20210727_15_48_06_Pro_900.jpg?w=890&amp;ssl=1 890w, https:\/\/i0.wp.com\/deltaimage.de\/wp\/wp-content\/uploads\/WP_20210727_15_48_06_Pro_900.jpg?resize=799%2C600&amp;ssl=1 799w, https:\/\/i0.wp.com\/deltaimage.de\/wp\/wp-content\/uploads\/WP_20210727_15_48_06_Pro_900.jpg?resize=266%2C200&amp;ssl=1 266w, https:\/\/i0.wp.com\/deltaimage.de\/wp\/wp-content\/uploads\/WP_20210727_15_48_06_Pro_900.jpg?resize=790%2C593&amp;ssl=1 790w, https:\/\/i0.wp.com\/deltaimage.de\/wp\/wp-content\/uploads\/WP_20210727_15_48_06_Pro_900.jpg?resize=600%2C450&amp;ssl=1 600w, https:\/\/i0.wp.com\/deltaimage.de\/wp\/wp-content\/uploads\/WP_20210727_15_48_06_Pro_900.jpg?resize=533%2C400&amp;ssl=1 533w\" sizes=\"auto, (max-width: 890px) 100vw, 890px\" \/><\/p>\n<p>Eine Br\u00fccke \u00fcber einem Bach, dazu Lichter und Schatten und schon beginnt die Arbeit des Fotografien. Was kann man aus solche einem Motiv alles machen, wie kann ich meine eigene Sichtweise in dieses Motiv und dessen Umsetzung einbringen.<\/p>\n<p>&nbsp;<\/p>\n<h2>Ein irgendwas mit einem See davor und einem Himmel dahinter<\/h2>\n<p>Solch ein Fotomotiv gilt es zu entdecken und es sich zu erarbeiten. Aus jeder Richtung eine andere Sicht, ein anderer Eindruck.<\/p>\n<p><img data-recalc-dims=\"1\" loading=\"lazy\" decoding=\"async\" data-attachment-id=\"29515\" data-permalink=\"https:\/\/deltaimage.de\/wp\/?attachment_id=29515#main\" data-orig-file=\"https:\/\/i0.wp.com\/deltaimage.de\/wp\/wp-content\/uploads\/WP_20210727_15_43_57_Rich_900.jpg?fit=668%2C890&amp;ssl=1\" data-orig-size=\"668,890\" data-comments-opened=\"0\" data-image-meta=\"{&quot;aperture&quot;:&quot;1.9&quot;,&quot;credit&quot;:&quot;&quot;,&quot;camera&quot;:&quot;Lumia 950&quot;,&quot;caption&quot;:&quot;&quot;,&quot;created_timestamp&quot;:&quot;1627400637&quot;,&quot;copyright&quot;:&quot;&quot;,&quot;focal_length&quot;:&quot;0&quot;,&quot;iso&quot;:&quot;50&quot;,&quot;shutter_speed&quot;:&quot;0.00071428571428571&quot;,&quot;title&quot;:&quot;&quot;,&quot;orientation&quot;:&quot;0&quot;}\" data-image-title=\"WP_20210727_15_43_57_Rich_900\" data-image-description=\"\" data-image-caption=\"\" data-large-file=\"https:\/\/i0.wp.com\/deltaimage.de\/wp\/wp-content\/uploads\/WP_20210727_15_43_57_Rich_900.jpg?fit=668%2C890&amp;ssl=1\" class=\"aligncenter size-full wp-image-29515\" src=\"https:\/\/i0.wp.com\/deltaimage.de\/wp\/wp-content\/uploads\/WP_20210727_15_43_57_Rich_900.jpg?resize=668%2C890&#038;ssl=1\" alt=\"\" width=\"668\" height=\"890\" srcset=\"https:\/\/i0.wp.com\/deltaimage.de\/wp\/wp-content\/uploads\/WP_20210727_15_43_57_Rich_900.jpg?w=668&amp;ssl=1 668w, https:\/\/i0.wp.com\/deltaimage.de\/wp\/wp-content\/uploads\/WP_20210727_15_43_57_Rich_900.jpg?resize=450%2C600&amp;ssl=1 450w, https:\/\/i0.wp.com\/deltaimage.de\/wp\/wp-content\/uploads\/WP_20210727_15_43_57_Rich_900.jpg?resize=150%2C200&amp;ssl=1 150w, https:\/\/i0.wp.com\/deltaimage.de\/wp\/wp-content\/uploads\/WP_20210727_15_43_57_Rich_900.jpg?resize=445%2C593&amp;ssl=1 445w, https:\/\/i0.wp.com\/deltaimage.de\/wp\/wp-content\/uploads\/WP_20210727_15_43_57_Rich_900.jpg?resize=338%2C450&amp;ssl=1 338w, https:\/\/i0.wp.com\/deltaimage.de\/wp\/wp-content\/uploads\/WP_20210727_15_43_57_Rich_900.jpg?resize=300%2C400&amp;ssl=1 300w\" sizes=\"auto, (max-width: 668px) 100vw, 668px\" \/><\/p>\n<p>&nbsp;<\/p>\n<h2>Etwas Rundes mit ein paar Zeigern &#8211; was, wie, wo?<\/h2>\n<p>Da freue ich mich schon ganz besonders selbst drauf (ich war ja heute schon da). Hat das etwas mit Fotografie zu tun &#8211; wir und die TeilnehmerInnen werden es sehen und Ihre fotografischen Aufgaben dann umsetzen. Was tut man nicht alles f\u00fcr ein einzigartiges Fotomotiv.<\/p>\n<blockquote>\n<pre>Ja genau. Nach F\u00fcrstenfeldbruck auf den Workshop mit Paul Eschbach gehen.<\/pre>\n<\/blockquote>\n<p>&nbsp;<\/p>\n<p><img data-recalc-dims=\"1\" loading=\"lazy\" decoding=\"async\" data-attachment-id=\"29517\" data-permalink=\"https:\/\/deltaimage.de\/wp\/?attachment_id=29517#main\" data-orig-file=\"https:\/\/i0.wp.com\/deltaimage.de\/wp\/wp-content\/uploads\/WP_20210728_09_05_36_Rich_1200.jpg?fit=1200%2C450&amp;ssl=1\" data-orig-size=\"1200,450\" data-comments-opened=\"0\" data-image-meta=\"{&quot;aperture&quot;:&quot;1.9&quot;,&quot;credit&quot;:&quot;&quot;,&quot;camera&quot;:&quot;Lumia 950&quot;,&quot;caption&quot;:&quot;&quot;,&quot;created_timestamp&quot;:&quot;1627463136&quot;,&quot;copyright&quot;:&quot;&quot;,&quot;focal_length&quot;:&quot;0&quot;,&quot;iso&quot;:&quot;250&quot;,&quot;shutter_speed&quot;:&quot;0.05&quot;,&quot;title&quot;:&quot;&quot;,&quot;orientation&quot;:&quot;0&quot;}\" data-image-title=\"WP_20210728_09_05_36_Rich_1200\" data-image-description=\"\" data-image-caption=\"\" data-large-file=\"https:\/\/i0.wp.com\/deltaimage.de\/wp\/wp-content\/uploads\/WP_20210728_09_05_36_Rich_1200.jpg?fit=890%2C334&amp;ssl=1\" class=\"aligncenter size-full wp-image-29517\" src=\"https:\/\/i0.wp.com\/deltaimage.de\/wp\/wp-content\/uploads\/WP_20210728_09_05_36_Rich_1200.jpg?resize=890%2C334&#038;ssl=1\" alt=\"\" width=\"890\" height=\"334\" srcset=\"https:\/\/i0.wp.com\/deltaimage.de\/wp\/wp-content\/uploads\/WP_20210728_09_05_36_Rich_1200.jpg?w=1200&amp;ssl=1 1200w, https:\/\/i0.wp.com\/deltaimage.de\/wp\/wp-content\/uploads\/WP_20210728_09_05_36_Rich_1200.jpg?resize=900%2C338&amp;ssl=1 900w, https:\/\/i0.wp.com\/deltaimage.de\/wp\/wp-content\/uploads\/WP_20210728_09_05_36_Rich_1200.jpg?resize=300%2C113&amp;ssl=1 300w, https:\/\/i0.wp.com\/deltaimage.de\/wp\/wp-content\/uploads\/WP_20210728_09_05_36_Rich_1200.jpg?resize=890%2C334&amp;ssl=1 890w, https:\/\/i0.wp.com\/deltaimage.de\/wp\/wp-content\/uploads\/WP_20210728_09_05_36_Rich_1200.jpg?resize=1067%2C400&amp;ssl=1 1067w\" sizes=\"auto, (max-width: 890px) 100vw, 890px\" \/><\/p>\n<p>&nbsp;<\/p>\n<h2>Ganz leicht lassen wir die Katze aus dem Sack<\/h2>\n<p>Der Workshop hei\u00dft nicht ohne Grund &#8222;<em>Technik<\/em>&#8220; &#8211; dann muss auch etwas Technik mit dabei sein.<\/p>\n<p><img data-recalc-dims=\"1\" loading=\"lazy\" decoding=\"async\" data-attachment-id=\"29518\" data-permalink=\"https:\/\/deltaimage.de\/wp\/?attachment_id=29518#main\" data-orig-file=\"https:\/\/i0.wp.com\/deltaimage.de\/wp\/wp-content\/uploads\/WP_20210728_09_40_09_Rich_900.jpg?fit=890%2C668&amp;ssl=1\" data-orig-size=\"890,668\" data-comments-opened=\"0\" data-image-meta=\"{&quot;aperture&quot;:&quot;1.9&quot;,&quot;credit&quot;:&quot;&quot;,&quot;camera&quot;:&quot;Lumia 950&quot;,&quot;caption&quot;:&quot;&quot;,&quot;created_timestamp&quot;:&quot;1627465209&quot;,&quot;copyright&quot;:&quot;&quot;,&quot;focal_length&quot;:&quot;0&quot;,&quot;iso&quot;:&quot;64&quot;,&quot;shutter_speed&quot;:&quot;0.01&quot;,&quot;title&quot;:&quot;&quot;,&quot;orientation&quot;:&quot;0&quot;}\" data-image-title=\"WP_20210728_09_40_09_Rich_900\" data-image-description=\"\" data-image-caption=\"\" data-large-file=\"https:\/\/i0.wp.com\/deltaimage.de\/wp\/wp-content\/uploads\/WP_20210728_09_40_09_Rich_900.jpg?fit=890%2C668&amp;ssl=1\" class=\"aligncenter size-full wp-image-29518\" src=\"https:\/\/i0.wp.com\/deltaimage.de\/wp\/wp-content\/uploads\/WP_20210728_09_40_09_Rich_900.jpg?resize=890%2C668&#038;ssl=1\" alt=\"\" width=\"890\" height=\"668\" srcset=\"https:\/\/i0.wp.com\/deltaimage.de\/wp\/wp-content\/uploads\/WP_20210728_09_40_09_Rich_900.jpg?w=890&amp;ssl=1 890w, https:\/\/i0.wp.com\/deltaimage.de\/wp\/wp-content\/uploads\/WP_20210728_09_40_09_Rich_900.jpg?resize=799%2C600&amp;ssl=1 799w, https:\/\/i0.wp.com\/deltaimage.de\/wp\/wp-content\/uploads\/WP_20210728_09_40_09_Rich_900.jpg?resize=266%2C200&amp;ssl=1 266w, https:\/\/i0.wp.com\/deltaimage.de\/wp\/wp-content\/uploads\/WP_20210728_09_40_09_Rich_900.jpg?resize=790%2C593&amp;ssl=1 790w, https:\/\/i0.wp.com\/deltaimage.de\/wp\/wp-content\/uploads\/WP_20210728_09_40_09_Rich_900.jpg?resize=600%2C450&amp;ssl=1 600w, https:\/\/i0.wp.com\/deltaimage.de\/wp\/wp-content\/uploads\/WP_20210728_09_40_09_Rich_900.jpg?resize=533%2C400&amp;ssl=1 533w\" sizes=\"auto, (max-width: 890px) 100vw, 890px\" \/><\/p>\n<p>Ich w\u00fcrde mich wundern, wenn mehrere TeilnehmerInnen vorher schon mal an solch einem Ort gewesen sind &#8211; wir werden sehen. Freuen Sie sich auf einen ganz herrlichen Tag im Klosterumfeld von F\u00fcrstenfeldbruck,<\/p>\n","protected":false},"excerpt":{"rendered":"<p>Bis jetzt ist f\u00fcr die meisten TeilnehmerInnen die konkreten Inhalte und Fotoziele in dem Workshop Architektur und Technik mit Paul Eschbach noch etwas ungewiss. Das soll auch so bleiben, ein [&hellip;]<\/p>\n","protected":false},"author":1,"featured_media":29517,"comment_status":"closed","ping_status":"closed","sticky":false,"template":"","format":"standard","meta":{"wpupg_custom_link":[],"wpupg_custom_link_behaviour":["default"],"wpupg_custom_link_nofollow":[],"wpupg_custom_image":[],"wpupg_custom_image_id":[],"jetpack_post_was_ever_published":false,"footnotes":""},"categories":[848,1492,8],"tags":[759,27,2130,67,818,833],"class_list":["post-29512","post","type-post","status-publish","format-standard","has-post-thumbnail","hentry","category-fotografie","category-naturfototage-fuerstenfeld","category-news","tag-architektur","tag-furstenfeldbruck","tag-kloster-fuerstenfeld","tag-paul-eschbach","tag-technik","tag-workshop"],"jetpack_featured_media_url":"https:\/\/i0.wp.com\/deltaimage.de\/wp\/wp-content\/uploads\/WP_20210728_09_05_36_Rich_1200.jpg?fit=1200%2C450&ssl=1","jetpack-related-posts":[{"id":29312,"url":"https:\/\/deltaimage.de\/wp\/?p=29312","url_meta":{"origin":29512,"position":0},"title":"Die Stadtwerke F\u00fcrstenfeldbruck unterst\u00fctzen den Workshop &#8222;Architektur und Technik&#8220; von Paul Eschbach","author":"EschbacP","date":"17. Juli 2021","format":false,"excerpt":"Die Vorbereitungen laufen beim Veranstalter projekt natur & fotografie auf Hochtouren, die Aussteller bereiten die Materialien letztmalig vor und die Workshop Leiter stimmen die Workshopinhalte und den Ablauf mit allen Beteiligten ab. Ich stimme die Inhalte zu dem Workshop \"Architektur & Technik\" mit den Partnern im Umfeld des Klosters F\u00fcrstenfeldbruck\u2026","rel":"","context":"In &quot;Kameratechnik&quot;","block_context":{"text":"Kameratechnik","link":"https:\/\/deltaimage.de\/wp\/?cat=610"},"img":{"alt_text":"","src":"https:\/\/i0.wp.com\/deltaimage.de\/wp\/wp-content\/uploads\/PE1S0903_1200.jpg?fit=1200%2C450&ssl=1&resize=350%2C200","width":350,"height":200,"srcset":"https:\/\/i0.wp.com\/deltaimage.de\/wp\/wp-content\/uploads\/PE1S0903_1200.jpg?fit=1200%2C450&ssl=1&resize=350%2C200 1x, https:\/\/i0.wp.com\/deltaimage.de\/wp\/wp-content\/uploads\/PE1S0903_1200.jpg?fit=1200%2C450&ssl=1&resize=525%2C300 1.5x, https:\/\/i0.wp.com\/deltaimage.de\/wp\/wp-content\/uploads\/PE1S0903_1200.jpg?fit=1200%2C450&ssl=1&resize=700%2C400 2x, https:\/\/i0.wp.com\/deltaimage.de\/wp\/wp-content\/uploads\/PE1S0903_1200.jpg?fit=1200%2C450&ssl=1&resize=1050%2C600 3x"},"classes":[]},{"id":30394,"url":"https:\/\/deltaimage.de\/wp\/?p=30394","url_meta":{"origin":29512,"position":1},"title":"Naturfototage F\u00fcrstenfeldbruck 2022 &#8211; Paul Eschbach wieder mit zwei beliebten Workshops dabei","author":"EschbacP","date":"16. Oktober 2021","format":false,"excerpt":"Im Veranstaltungsprogramm der 24. F\u00fcrstenfeldbrucker Naturfototage 2022 ist DELTA IMAGE mit Paul Eschbach wieder mit zwei \u00e4u\u00dferst beliebten Workshops dabei. Wir freuen uns riesig auf den Kontakt mit den vielen Fotobegeisterten in unseren Workshops und auf den Naturfototagen. \u00a0 Die Workshops bei den Naturfototagen F\u00fcrstenfeldbruck 2022 2020 haben wir die\u2026","rel":"","context":"In &quot;Naturfototage F\u00fcrstenfeld&quot;","block_context":{"text":"Naturfototage F\u00fcrstenfeld","link":"https:\/\/deltaimage.de\/wp\/?cat=1492"},"img":{"alt_text":"","src":"https:\/\/i0.wp.com\/deltaimage.de\/wp\/wp-content\/uploads\/PE5D1902_1200.jpg?fit=1200%2C450&ssl=1&resize=350%2C200","width":350,"height":200,"srcset":"https:\/\/i0.wp.com\/deltaimage.de\/wp\/wp-content\/uploads\/PE5D1902_1200.jpg?fit=1200%2C450&ssl=1&resize=350%2C200 1x, https:\/\/i0.wp.com\/deltaimage.de\/wp\/wp-content\/uploads\/PE5D1902_1200.jpg?fit=1200%2C450&ssl=1&resize=525%2C300 1.5x, https:\/\/i0.wp.com\/deltaimage.de\/wp\/wp-content\/uploads\/PE5D1902_1200.jpg?fit=1200%2C450&ssl=1&resize=700%2C400 2x, https:\/\/i0.wp.com\/deltaimage.de\/wp\/wp-content\/uploads\/PE5D1902_1200.jpg?fit=1200%2C450&ssl=1&resize=1050%2C600 3x"},"classes":[]},{"id":39165,"url":"https:\/\/deltaimage.de\/wp\/?p=39165","url_meta":{"origin":29512,"position":2},"title":"Stadtwerke F\u00fcrstenfeldbruck \u00f6ffnen f\u00fcr uns das Wasserkraftwerk","author":"EschbacP","date":"24. Februar 2023","format":false,"excerpt":"Naturfototage F\u00fcstenfeldbruck 2023 - Workshops Der regionale Energieversorger Stadtwerke F\u00fcrstenfeldbruck unterst\u00fctzt unseren Workshop \u201eArchitektur und Technik\u201c nun schon im dritten Jahr hintereinander. Damit kann ich die TeilnehmerInnen am Freitag 14.4.2023 wieder in das fu\u00dfl\u00e4ufig an der nahen Amper gelegene Wasserkraftwerk \u201eAuf der L\u00e4nde\u201c f\u00fchren. Das ist eines der Highlights des\u2026","rel":"","context":"In &quot;Naturfototage F\u00fcrstenfeld&quot;","block_context":{"text":"Naturfototage F\u00fcrstenfeld","link":"https:\/\/deltaimage.de\/wp\/?cat=1492"},"img":{"alt_text":"","src":"https:\/\/i0.wp.com\/deltaimage.de\/wp\/wp-content\/uploads\/PE5D2989_1200.jpg?fit=1200%2C450&ssl=1&resize=350%2C200","width":350,"height":200,"srcset":"https:\/\/i0.wp.com\/deltaimage.de\/wp\/wp-content\/uploads\/PE5D2989_1200.jpg?fit=1200%2C450&ssl=1&resize=350%2C200 1x, https:\/\/i0.wp.com\/deltaimage.de\/wp\/wp-content\/uploads\/PE5D2989_1200.jpg?fit=1200%2C450&ssl=1&resize=525%2C300 1.5x, https:\/\/i0.wp.com\/deltaimage.de\/wp\/wp-content\/uploads\/PE5D2989_1200.jpg?fit=1200%2C450&ssl=1&resize=700%2C400 2x, https:\/\/i0.wp.com\/deltaimage.de\/wp\/wp-content\/uploads\/PE5D2989_1200.jpg?fit=1200%2C450&ssl=1&resize=1050%2C600 3x"},"classes":[]},{"id":29585,"url":"https:\/\/deltaimage.de\/wp\/?p=29585","url_meta":{"origin":29512,"position":3},"title":"Naturfototage: Workshop Architektur und Technik &#8211; Motivbereich Wasserkrafttechnik im Museum","author":"EschbacP","date":"3. August 2021","format":false,"excerpt":"Im Veranstaltungsprogramm der F\u00fcrstenfeldbrucker Naturfototage waren wir mit einem ganz neuen Workshop \"Architektur und Technik\" mit Paul Eschbach vertreten und f\u00fchrten den ausverkauften Workshop mit allen TeilnehmerInnen in unmittelbarer N\u00e4he zum Forum F\u00fcrstenfeldbruck an die sch\u00f6nsten Fotopl\u00e4tze f\u00fcr Architektur und Technik. Die Umgebung des Forums kann hier wahrlich mit einmaligen\u2026","rel":"","context":"In &quot;Fotografie&quot;","block_context":{"text":"Fotografie","link":"https:\/\/deltaimage.de\/wp\/?cat=848"},"img":{"alt_text":"","src":"https:\/\/i0.wp.com\/deltaimage.de\/wp\/wp-content\/uploads\/PE5D1836_1200.jpg?fit=1200%2C450&ssl=1&resize=350%2C200","width":350,"height":200,"srcset":"https:\/\/i0.wp.com\/deltaimage.de\/wp\/wp-content\/uploads\/PE5D1836_1200.jpg?fit=1200%2C450&ssl=1&resize=350%2C200 1x, https:\/\/i0.wp.com\/deltaimage.de\/wp\/wp-content\/uploads\/PE5D1836_1200.jpg?fit=1200%2C450&ssl=1&resize=525%2C300 1.5x, https:\/\/i0.wp.com\/deltaimage.de\/wp\/wp-content\/uploads\/PE5D1836_1200.jpg?fit=1200%2C450&ssl=1&resize=700%2C400 2x, https:\/\/i0.wp.com\/deltaimage.de\/wp\/wp-content\/uploads\/PE5D1836_1200.jpg?fit=1200%2C450&ssl=1&resize=1050%2C600 3x"},"classes":[]},{"id":29593,"url":"https:\/\/deltaimage.de\/wp\/?p=29593","url_meta":{"origin":29512,"position":4},"title":"Naturfototage: Workshop Architektur und Technik &#8211; Motivbereich Durcheinander","author":"EschbacP","date":"3. August 2021","format":false,"excerpt":"Im Veranstaltungsprogramm der F\u00fcrstenfeldbrucker Naturfototage waren wir mit einem ganz neuen Workshop \"Architektur und Technik\" mit Paul Eschbach vertreten und f\u00fchrten den ausverkauften Workshop mit allen TeilnehmerInnen in unmittelbarer N\u00e4he zum Forum F\u00fcrstenfeldbruck an die sch\u00f6nsten Fotopl\u00e4tze f\u00fcr Architektur und Technik. Die Umgebung des Forums kann hier wahrlich mit einmaligen\u2026","rel":"","context":"In &quot;Fotografie&quot;","block_context":{"text":"Fotografie","link":"https:\/\/deltaimage.de\/wp\/?cat=848"},"img":{"alt_text":"","src":"https:\/\/i0.wp.com\/deltaimage.de\/wp\/wp-content\/uploads\/PE5D1881_1200.jpg?fit=1200%2C450&ssl=1&resize=350%2C200","width":350,"height":200,"srcset":"https:\/\/i0.wp.com\/deltaimage.de\/wp\/wp-content\/uploads\/PE5D1881_1200.jpg?fit=1200%2C450&ssl=1&resize=350%2C200 1x, https:\/\/i0.wp.com\/deltaimage.de\/wp\/wp-content\/uploads\/PE5D1881_1200.jpg?fit=1200%2C450&ssl=1&resize=525%2C300 1.5x, https:\/\/i0.wp.com\/deltaimage.de\/wp\/wp-content\/uploads\/PE5D1881_1200.jpg?fit=1200%2C450&ssl=1&resize=700%2C400 2x, https:\/\/i0.wp.com\/deltaimage.de\/wp\/wp-content\/uploads\/PE5D1881_1200.jpg?fit=1200%2C450&ssl=1&resize=1050%2C600 3x"},"classes":[]},{"id":29590,"url":"https:\/\/deltaimage.de\/wp\/?p=29590","url_meta":{"origin":29512,"position":5},"title":"Naturfototage: Workshop Architektur und Technik &#8211; Motivbereich Barockkirche","author":"EschbacP","date":"3. August 2021","format":false,"excerpt":"Im Veranstaltungsprogramm der F\u00fcrstenfeldbrucker Naturfototage waren wir mit einem ganz neuen Workshop \"Architektur und Technik\" mit Paul Eschbach vertreten und f\u00fchrten den ausverkauften Workshop mit allen TeilnehmerInnen in unmittelbarer N\u00e4he zum Forum F\u00fcrstenfeldbruck an die sch\u00f6nsten Fotopl\u00e4tze f\u00fcr Architektur und Technik. Die Umgebung des Forums kann hier wahrlich mit einmaligen\u2026","rel":"","context":"In &quot;Fotografie&quot;","block_context":{"text":"Fotografie","link":"https:\/\/deltaimage.de\/wp\/?cat=848"},"img":{"alt_text":"","src":"https:\/\/i0.wp.com\/deltaimage.de\/wp\/wp-content\/uploads\/PE5D1902_1200.jpg?fit=1200%2C450&ssl=1&resize=350%2C200","width":350,"height":200,"srcset":"https:\/\/i0.wp.com\/deltaimage.de\/wp\/wp-content\/uploads\/PE5D1902_1200.jpg?fit=1200%2C450&ssl=1&resize=350%2C200 1x, https:\/\/i0.wp.com\/deltaimage.de\/wp\/wp-content\/uploads\/PE5D1902_1200.jpg?fit=1200%2C450&ssl=1&resize=525%2C300 1.5x, https:\/\/i0.wp.com\/deltaimage.de\/wp\/wp-content\/uploads\/PE5D1902_1200.jpg?fit=1200%2C450&ssl=1&resize=700%2C400 2x, https:\/\/i0.wp.com\/deltaimage.de\/wp\/wp-content\/uploads\/PE5D1902_1200.jpg?fit=1200%2C450&ssl=1&resize=1050%2C600 3x"},"classes":[]}],"jetpack_sharing_enabled":true,"_links":{"self":[{"href":"https:\/\/deltaimage.de\/wp\/index.php?rest_route=\/wp\/v2\/posts\/29512","targetHints":{"allow":["GET"]}}],"collection":[{"href":"https:\/\/deltaimage.de\/wp\/index.php?rest_route=\/wp\/v2\/posts"}],"about":[{"href":"https:\/\/deltaimage.de\/wp\/index.php?rest_route=\/wp\/v2\/types\/post"}],"author":[{"embeddable":true,"href":"https:\/\/deltaimage.de\/wp\/index.php?rest_route=\/wp\/v2\/users\/1"}],"replies":[{"embeddable":true,"href":"https:\/\/deltaimage.de\/wp\/index.php?rest_route=%2Fwp%2Fv2%2Fcomments&post=29512"}],"version-history":[{"count":5,"href":"https:\/\/deltaimage.de\/wp\/index.php?rest_route=\/wp\/v2\/posts\/29512\/revisions"}],"predecessor-version":[{"id":29526,"href":"https:\/\/deltaimage.de\/wp\/index.php?rest_route=\/wp\/v2\/posts\/29512\/revisions\/29526"}],"wp:featuredmedia":[{"embeddable":true,"href":"https:\/\/deltaimage.de\/wp\/index.php?rest_route=\/wp\/v2\/media\/29517"}],"wp:attachment":[{"href":"https:\/\/deltaimage.de\/wp\/index.php?rest_route=%2Fwp%2Fv2%2Fmedia&parent=29512"}],"wp:term":[{"taxonomy":"category","embeddable":true,"href":"https:\/\/deltaimage.de\/wp\/index.php?rest_route=%2Fwp%2Fv2%2Fcategories&post=29512"},{"taxonomy":"post_tag","embeddable":true,"href":"https:\/\/deltaimage.de\/wp\/index.php?rest_route=%2Fwp%2Fv2%2Ftags&post=29512"}],"curies":[{"name":"wp","href":"https:\/\/api.w.org\/{rel}","templated":true}]}}