{"id":29590,"date":"2021-08-03T16:41:00","date_gmt":"2021-08-03T15:41:00","guid":{"rendered":"https:\/\/deltaimage.de\/wp\/?p=29590"},"modified":"2021-08-03T19:37:00","modified_gmt":"2021-08-03T18:37:00","slug":"naturfototage-workshop-architektur-und-technik-motivbereich-barockkirche","status":"publish","type":"post","link":"https:\/\/deltaimage.de\/wp\/?p=29590","title":{"rendered":"Naturfototage: Workshop Architektur und Technik &#8211; Motivbereich Barockkirche"},"content":{"rendered":"<p>Im Veranstaltungsprogramm der F\u00fcrstenfeldbrucker Naturfototage waren wir mit einem ganz neuen Workshop &#8222;Architektur und Technik&#8220; mit Paul Eschbach vertreten und f\u00fchrten den ausverkauften Workshop mit allen TeilnehmerInnen in unmittelbarer N\u00e4he zum Forum F\u00fcrstenfeldbruck an die sch\u00f6nsten Fotopl\u00e4tze f\u00fcr Architektur und Technik. Die Umgebung des Forums kann hier wahrlich mit einmaligen Fotomotiven aufwarten.<\/p>\n<p><img data-recalc-dims=\"1\" loading=\"lazy\" decoding=\"async\" class=\"aligncenter size-full wp-image-22223\" src=\"https:\/\/i0.wp.com\/deltaimage.de\/wp\/wp-content\/uploads\/Glanzlichter_F%C3%BCrstenfeld.jpg?resize=248%2C172&#038;ssl=1\" alt=\"\" width=\"248\" height=\"172\" \/><\/p>\n<h2>Den Workshop habe ich thematisch in vier Bereiche eingeteilt<\/h2>\n<div class=\"su-row\"><div class=\"su-column su-column-size-1-4\"><div class=\"su-column-inner su-u-clearfix su-u-trim\">\n<p><img data-recalc-dims=\"1\" loading=\"lazy\" decoding=\"async\" data-attachment-id=\"29633\" data-permalink=\"https:\/\/deltaimage.de\/wp\/?attachment_id=29633#main\" data-orig-file=\"https:\/\/i0.wp.com\/deltaimage.de\/wp\/wp-content\/uploads\/PE5D1705_900.jpg?fit=890%2C593&amp;ssl=1\" data-orig-size=\"890,593\" data-comments-opened=\"0\" data-image-meta=\"{&quot;aperture&quot;:&quot;4&quot;,&quot;credit&quot;:&quot;Paul Eschbach&quot;,&quot;camera&quot;:&quot;Canon EOS 5DS R&quot;,&quot;caption&quot;:&quot;&quot;,&quot;created_timestamp&quot;:&quot;1627642463&quot;,&quot;copyright&quot;:&quot;DELTA IMAGE&quot;,&quot;focal_length&quot;:&quot;16&quot;,&quot;iso&quot;:&quot;800&quot;,&quot;shutter_speed&quot;:&quot;0.0004&quot;,&quot;title&quot;:&quot;&quot;,&quot;orientation&quot;:&quot;0&quot;}\" data-image-title=\"PE5D1705_900\" data-image-description=\"\" data-image-caption=\"\" data-large-file=\"https:\/\/i0.wp.com\/deltaimage.de\/wp\/wp-content\/uploads\/PE5D1705_900.jpg?fit=890%2C593&amp;ssl=1\" class=\"aligncenter size-full wp-image-29633\" src=\"https:\/\/i0.wp.com\/deltaimage.de\/wp\/wp-content\/uploads\/PE5D1705_900.jpg?resize=890%2C593&#038;ssl=1\" alt=\"\" width=\"890\" height=\"593\" srcset=\"https:\/\/i0.wp.com\/deltaimage.de\/wp\/wp-content\/uploads\/PE5D1705_900.jpg?w=890&amp;ssl=1 890w, https:\/\/i0.wp.com\/deltaimage.de\/wp\/wp-content\/uploads\/PE5D1705_900.jpg?resize=300%2C200&amp;ssl=1 300w, https:\/\/i0.wp.com\/deltaimage.de\/wp\/wp-content\/uploads\/PE5D1705_900.jpg?resize=675%2C450&amp;ssl=1 675w, https:\/\/i0.wp.com\/deltaimage.de\/wp\/wp-content\/uploads\/PE5D1705_900.jpg?resize=600%2C400&amp;ssl=1 600w, https:\/\/i0.wp.com\/deltaimage.de\/wp\/wp-content\/uploads\/PE5D1705_900.jpg?resize=200%2C133&amp;ssl=1 200w\" sizes=\"auto, (max-width: 890px) 100vw, 890px\" \/><\/p>\n<h2><a href=\"https:\/\/deltaimage.de\/wp\/?p=29642\"><strong>Wasserkraftwerk Oberm\u00fchle (1949)<\/strong><\/a><\/h2>\n<\/div><\/div> <div class=\"su-column su-column-size-1-4\"><div class=\"su-column-inner su-u-clearfix su-u-trim\">\n<p><img data-recalc-dims=\"1\" loading=\"lazy\" decoding=\"async\" data-attachment-id=\"29618\" data-permalink=\"https:\/\/deltaimage.de\/wp\/?attachment_id=29618#main\" data-orig-file=\"https:\/\/i0.wp.com\/deltaimage.de\/wp\/wp-content\/uploads\/PE5D1822_900.jpg?fit=890%2C593&amp;ssl=1\" data-orig-size=\"890,593\" data-comments-opened=\"0\" data-image-meta=\"{&quot;aperture&quot;:&quot;1.8&quot;,&quot;credit&quot;:&quot;Paul Eschbach&quot;,&quot;camera&quot;:&quot;Canon EOS 5DS R&quot;,&quot;caption&quot;:&quot;&quot;,&quot;created_timestamp&quot;:&quot;1627647291&quot;,&quot;copyright&quot;:&quot;DELTA IMAGE&quot;,&quot;focal_length&quot;:&quot;50&quot;,&quot;iso&quot;:&quot;800&quot;,&quot;shutter_speed&quot;:&quot;0.003125&quot;,&quot;title&quot;:&quot;&quot;,&quot;orientation&quot;:&quot;0&quot;}\" data-image-title=\"PE5D1822_900\" data-image-description=\"\" data-image-caption=\"\" data-large-file=\"https:\/\/i0.wp.com\/deltaimage.de\/wp\/wp-content\/uploads\/PE5D1822_900.jpg?fit=890%2C593&amp;ssl=1\" class=\"aligncenter size-full wp-image-29618\" src=\"https:\/\/i0.wp.com\/deltaimage.de\/wp\/wp-content\/uploads\/PE5D1822_900.jpg?resize=890%2C593&#038;ssl=1\" alt=\"\" width=\"890\" height=\"593\" srcset=\"https:\/\/i0.wp.com\/deltaimage.de\/wp\/wp-content\/uploads\/PE5D1822_900.jpg?w=890&amp;ssl=1 890w, https:\/\/i0.wp.com\/deltaimage.de\/wp\/wp-content\/uploads\/PE5D1822_900.jpg?resize=300%2C200&amp;ssl=1 300w, https:\/\/i0.wp.com\/deltaimage.de\/wp\/wp-content\/uploads\/PE5D1822_900.jpg?resize=675%2C450&amp;ssl=1 675w, https:\/\/i0.wp.com\/deltaimage.de\/wp\/wp-content\/uploads\/PE5D1822_900.jpg?resize=600%2C400&amp;ssl=1 600w, https:\/\/i0.wp.com\/deltaimage.de\/wp\/wp-content\/uploads\/PE5D1822_900.jpg?resize=200%2C133&amp;ssl=1 200w\" sizes=\"auto, (max-width: 890px) 100vw, 890px\" \/><\/p>\n<h2><a href=\"https:\/\/deltaimage.de\/wp\/?p=29585\"><strong>Wasserkraftwerk-Museum (1924)<\/strong><\/a><\/h2>\n<\/div><\/div> <div class=\"su-column su-column-size-1-4\"><div class=\"su-column-inner su-u-clearfix su-u-trim\">\n<p><img data-recalc-dims=\"1\" loading=\"lazy\" decoding=\"async\" data-attachment-id=\"29605\" data-permalink=\"https:\/\/deltaimage.de\/wp\/?attachment_id=29605#main\" data-orig-file=\"https:\/\/i0.wp.com\/deltaimage.de\/wp\/wp-content\/uploads\/PE5D1873_900.jpg?fit=890%2C593&amp;ssl=1\" data-orig-size=\"890,593\" data-comments-opened=\"0\" data-image-meta=\"{&quot;aperture&quot;:&quot;7.1&quot;,&quot;credit&quot;:&quot;Paul Eschbach&quot;,&quot;camera&quot;:&quot;Canon EOS 5DS R&quot;,&quot;caption&quot;:&quot;&quot;,&quot;created_timestamp&quot;:&quot;1627655732&quot;,&quot;copyright&quot;:&quot;DELTA IMAGE&quot;,&quot;focal_length&quot;:&quot;24&quot;,&quot;iso&quot;:&quot;200&quot;,&quot;shutter_speed&quot;:&quot;0.0004&quot;,&quot;title&quot;:&quot;&quot;,&quot;orientation&quot;:&quot;0&quot;}\" data-image-title=\"PE5D1873_900\" data-image-description=\"\" data-image-caption=\"\" data-large-file=\"https:\/\/i0.wp.com\/deltaimage.de\/wp\/wp-content\/uploads\/PE5D1873_900.jpg?fit=890%2C593&amp;ssl=1\" class=\"aligncenter size-full wp-image-29605\" src=\"https:\/\/i0.wp.com\/deltaimage.de\/wp\/wp-content\/uploads\/PE5D1873_900.jpg?resize=890%2C593&#038;ssl=1\" alt=\"\" width=\"890\" height=\"593\" srcset=\"https:\/\/i0.wp.com\/deltaimage.de\/wp\/wp-content\/uploads\/PE5D1873_900.jpg?w=890&amp;ssl=1 890w, https:\/\/i0.wp.com\/deltaimage.de\/wp\/wp-content\/uploads\/PE5D1873_900.jpg?resize=300%2C200&amp;ssl=1 300w, https:\/\/i0.wp.com\/deltaimage.de\/wp\/wp-content\/uploads\/PE5D1873_900.jpg?resize=675%2C450&amp;ssl=1 675w, https:\/\/i0.wp.com\/deltaimage.de\/wp\/wp-content\/uploads\/PE5D1873_900.jpg?resize=600%2C400&amp;ssl=1 600w, https:\/\/i0.wp.com\/deltaimage.de\/wp\/wp-content\/uploads\/PE5D1873_900.jpg?resize=200%2C133&amp;ssl=1 200w\" sizes=\"auto, (max-width: 890px) 100vw, 890px\" \/><\/p>\n<h2><a href=\"https:\/\/deltaimage.de\/wp\/?p=29593\"><strong>Aum\u00fchle - das perfekte Durcheinander<\/strong><\/a><\/h2>\n<\/div><\/div> <div class=\"su-column su-column-size-1-4\"><div class=\"su-column-inner su-u-clearfix su-u-trim\">\n<p><img data-recalc-dims=\"1\" loading=\"lazy\" decoding=\"async\" data-attachment-id=\"29601\" data-permalink=\"https:\/\/deltaimage.de\/wp\/?attachment_id=29601#main\" data-orig-file=\"https:\/\/i0.wp.com\/deltaimage.de\/wp\/wp-content\/uploads\/PE5D1896_900.jpg?fit=890%2C593&amp;ssl=1\" data-orig-size=\"890,593\" data-comments-opened=\"0\" data-image-meta=\"{&quot;aperture&quot;:&quot;4.5&quot;,&quot;credit&quot;:&quot;Paul Eschbach&quot;,&quot;camera&quot;:&quot;Canon EOS 5DS R&quot;,&quot;caption&quot;:&quot;&quot;,&quot;created_timestamp&quot;:&quot;1627662064&quot;,&quot;copyright&quot;:&quot;DELTA IMAGE&quot;,&quot;focal_length&quot;:&quot;24&quot;,&quot;iso&quot;:&quot;800&quot;,&quot;shutter_speed&quot;:&quot;0.02&quot;,&quot;title&quot;:&quot;&quot;,&quot;orientation&quot;:&quot;0&quot;}\" data-image-title=\"PE5D1896_900\" data-image-description=\"\" data-image-caption=\"&lt;p&gt;Perspektivkorrektur mit Shift-Objektiv&lt;\/p&gt;\n\" data-large-file=\"https:\/\/i0.wp.com\/deltaimage.de\/wp\/wp-content\/uploads\/PE5D1896_900.jpg?fit=890%2C593&amp;ssl=1\" class=\"aligncenter size-full wp-image-29601\" src=\"https:\/\/i0.wp.com\/deltaimage.de\/wp\/wp-content\/uploads\/PE5D1896_900.jpg?resize=890%2C593&#038;ssl=1\" alt=\"\" width=\"890\" height=\"593\" srcset=\"https:\/\/i0.wp.com\/deltaimage.de\/wp\/wp-content\/uploads\/PE5D1896_900.jpg?w=890&amp;ssl=1 890w, https:\/\/i0.wp.com\/deltaimage.de\/wp\/wp-content\/uploads\/PE5D1896_900.jpg?resize=300%2C200&amp;ssl=1 300w, https:\/\/i0.wp.com\/deltaimage.de\/wp\/wp-content\/uploads\/PE5D1896_900.jpg?resize=675%2C450&amp;ssl=1 675w, https:\/\/i0.wp.com\/deltaimage.de\/wp\/wp-content\/uploads\/PE5D1896_900.jpg?resize=600%2C400&amp;ssl=1 600w, https:\/\/i0.wp.com\/deltaimage.de\/wp\/wp-content\/uploads\/PE5D1896_900.jpg?resize=200%2C133&amp;ssl=1 200w\" sizes=\"auto, (max-width: 890px) 100vw, 890px\" \/><\/p>\n<h2><a href=\"https:\/\/deltaimage.de\/wp\/?p=29590\"><strong>Barocke Klosterkirche<\/strong><\/a><\/h2>\n<\/div><\/div> <\/div>\n<p>&nbsp;<\/p>\n<h2>Freitag 15:00 Uhr. Der Workshop zehrt an den Kr\u00e4ften &#8211; jetzt geht zum H\u00f6hepunkt als Fotograf<\/h2>\n<p>In einer barocken Kirche in Bayern waren wohl schon die meisten FotografInnen. Thema des Workshops war nicht das \u00fcbliche Bild einer Barockkirche, sondern die Suche nach dem anderen Bild, das nicht schon tausendfach wiedergegeben wurde und eine viel pers\u00f6nlichere Bildersprache f\u00fcr die FotografIn in einer Reportage oder einer Multimediashow erm\u00f6glicht.<\/p>\n<p>&#8222;Ich frage mich dabei immer, was ist die \u00fcbliche Sicht aller Besucher von der Kirche&#8220;.<br \/>\nPaul Eschbach<\/p>\n<p>Diese Sicht vergesse ich gleich aus meiner Portfolio, da dies ja kaum noch jemanden beeindrucken kann. Ich suche eine andere Ausdrucksform, die oft eigentlich auch nicht schwerer ist.<\/p>\n<p>&nbsp;<\/p>\n<h2>Wie sieht das normale Bild einer Barockkirche aus<\/h2>\n<blockquote>\n<pre>Aha!<\/pre>\n<\/blockquote>\n<p><img data-recalc-dims=\"1\" loading=\"lazy\" decoding=\"async\" data-attachment-id=\"29600\" data-permalink=\"https:\/\/deltaimage.de\/wp\/?attachment_id=29600#main\" data-orig-file=\"https:\/\/i0.wp.com\/deltaimage.de\/wp\/wp-content\/uploads\/PE5D1897_900.jpg?fit=890%2C593&amp;ssl=1\" data-orig-size=\"890,593\" data-comments-opened=\"0\" data-image-meta=\"{&quot;aperture&quot;:&quot;4.5&quot;,&quot;credit&quot;:&quot;Paul Eschbach&quot;,&quot;camera&quot;:&quot;Canon EOS 5DS R&quot;,&quot;caption&quot;:&quot;&quot;,&quot;created_timestamp&quot;:&quot;1627662124&quot;,&quot;copyright&quot;:&quot;DELTA IMAGE&quot;,&quot;focal_length&quot;:&quot;24&quot;,&quot;iso&quot;:&quot;800&quot;,&quot;shutter_speed&quot;:&quot;0.016666666666667&quot;,&quot;title&quot;:&quot;&quot;,&quot;orientation&quot;:&quot;0&quot;}\" data-image-title=\"PE5D1897_900\" data-image-description=\"\" data-image-caption=\"&lt;p&gt;Zentralperspektive ohne Shift-Objektiv&lt;\/p&gt;\n\" data-large-file=\"https:\/\/i0.wp.com\/deltaimage.de\/wp\/wp-content\/uploads\/PE5D1897_900.jpg?fit=890%2C593&amp;ssl=1\" class=\"aligncenter size-full wp-image-29600\" src=\"https:\/\/i0.wp.com\/deltaimage.de\/wp\/wp-content\/uploads\/PE5D1897_900.jpg?resize=890%2C593&#038;ssl=1\" alt=\"\" width=\"890\" height=\"593\" srcset=\"https:\/\/i0.wp.com\/deltaimage.de\/wp\/wp-content\/uploads\/PE5D1897_900.jpg?w=890&amp;ssl=1 890w, https:\/\/i0.wp.com\/deltaimage.de\/wp\/wp-content\/uploads\/PE5D1897_900.jpg?resize=300%2C200&amp;ssl=1 300w, https:\/\/i0.wp.com\/deltaimage.de\/wp\/wp-content\/uploads\/PE5D1897_900.jpg?resize=675%2C450&amp;ssl=1 675w, https:\/\/i0.wp.com\/deltaimage.de\/wp\/wp-content\/uploads\/PE5D1897_900.jpg?resize=600%2C400&amp;ssl=1 600w, https:\/\/i0.wp.com\/deltaimage.de\/wp\/wp-content\/uploads\/PE5D1897_900.jpg?resize=200%2C133&amp;ssl=1 200w\" sizes=\"auto, (max-width: 890px) 100vw, 890px\" \/><\/p>\n<p>St\u00fcrzende Linien im ganzen Bild, das Fotomotiv tagt nach oben und es folgt das kippen der optischen Achse. Unmittelbar beginnen alle geraden Linien nach hinten zu kippen.<\/p>\n<blockquote>\n<pre>\u00dcblich - aber auch deswegen nicht gut!<\/pre>\n<\/blockquote>\n<p>Als FotografIn suchen wir doch st\u00e4ndig neue Ausdrucksformen und neue Bereicherungen in der Fotografie. Und dann folgt ein neues Stativ oder ein neues Kamerageh\u00e4use und es \u00e4ndert sich an den Bildern fast nichts.<\/p>\n<blockquote>\n<pre>Probieren wir es einmal mit einem Tilt-Shift-Objektiv aus - die Suche nach dem anderen Bild.<\/pre>\n<\/blockquote>\n<p>F\u00fcr wahr, verwende ich sehr gerne auf meinen Fotostreifz\u00fcgen durch M\u00fcnchen und anderen St\u00e4dten nur noch das TS-E 24mm f\/3.5 L von Canon. Sicherlich nicht das beste Objekt auf der Welt, mir leistet es aber ganz hervorragende Dienste. Mit leichtestem Gep\u00e4ck streife ich durch die Architektur auf der Suche nach den anderen Fotos mit weitgehend korrigierter Architektur.<\/p>\n<p>Sehen wir doch selbst, was Freihand alles so m\u00f6glich ist. Mit einem Stativ und gen\u00fcgend Zeit geht da noch mehr Korrektion &#8211; darum soll es aber im Workshop gar nicht gehen. Aus der Hand, aus dem Moment, aus der Intuition heraus die anderen Bilder machen &#8211; das ist unser Ziel.<\/p>\n<p><img data-recalc-dims=\"1\" loading=\"lazy\" decoding=\"async\" data-attachment-id=\"29601\" data-permalink=\"https:\/\/deltaimage.de\/wp\/?attachment_id=29601#main\" data-orig-file=\"https:\/\/i0.wp.com\/deltaimage.de\/wp\/wp-content\/uploads\/PE5D1896_900.jpg?fit=890%2C593&amp;ssl=1\" data-orig-size=\"890,593\" data-comments-opened=\"0\" data-image-meta=\"{&quot;aperture&quot;:&quot;4.5&quot;,&quot;credit&quot;:&quot;Paul Eschbach&quot;,&quot;camera&quot;:&quot;Canon EOS 5DS R&quot;,&quot;caption&quot;:&quot;&quot;,&quot;created_timestamp&quot;:&quot;1627662064&quot;,&quot;copyright&quot;:&quot;DELTA IMAGE&quot;,&quot;focal_length&quot;:&quot;24&quot;,&quot;iso&quot;:&quot;800&quot;,&quot;shutter_speed&quot;:&quot;0.02&quot;,&quot;title&quot;:&quot;&quot;,&quot;orientation&quot;:&quot;0&quot;}\" data-image-title=\"PE5D1896_900\" data-image-description=\"\" data-image-caption=\"&lt;p&gt;Perspektivkorrektur mit Shift-Objektiv&lt;\/p&gt;\n\" data-large-file=\"https:\/\/i0.wp.com\/deltaimage.de\/wp\/wp-content\/uploads\/PE5D1896_900.jpg?fit=890%2C593&amp;ssl=1\" class=\"aligncenter size-full wp-image-29601\" src=\"https:\/\/i0.wp.com\/deltaimage.de\/wp\/wp-content\/uploads\/PE5D1896_900.jpg?resize=890%2C593&#038;ssl=1\" alt=\"\" width=\"890\" height=\"593\" srcset=\"https:\/\/i0.wp.com\/deltaimage.de\/wp\/wp-content\/uploads\/PE5D1896_900.jpg?w=890&amp;ssl=1 890w, https:\/\/i0.wp.com\/deltaimage.de\/wp\/wp-content\/uploads\/PE5D1896_900.jpg?resize=300%2C200&amp;ssl=1 300w, https:\/\/i0.wp.com\/deltaimage.de\/wp\/wp-content\/uploads\/PE5D1896_900.jpg?resize=675%2C450&amp;ssl=1 675w, https:\/\/i0.wp.com\/deltaimage.de\/wp\/wp-content\/uploads\/PE5D1896_900.jpg?resize=600%2C400&amp;ssl=1 600w, https:\/\/i0.wp.com\/deltaimage.de\/wp\/wp-content\/uploads\/PE5D1896_900.jpg?resize=200%2C133&amp;ssl=1 200w\" sizes=\"auto, (max-width: 890px) 100vw, 890px\" \/><\/p>\n<p>Das selbe Motiv, nun mit dem TS-E 24mm f\/3.5 L nach dem Suchereindruck ausgerichtet und korrigiert. Sieht doch gleich ganz anders aus.<\/p>\n\n\t\t<style type=\"text\/css\">\n\t\t\t#gallery-1 {\n\t\t\t\tmargin: auto;\n\t\t\t}\n\t\t\t#gallery-1 .gallery-item {\n\t\t\t\tfloat: left;\n\t\t\t\tmargin-top: 10px;\n\t\t\t\ttext-align: center;\n\t\t\t\twidth: 33%;\n\t\t\t}\n\t\t\t#gallery-1 img {\n\t\t\t\tborder: 2px solid #cfcfcf;\n\t\t\t}\n\t\t\t#gallery-1 .gallery-caption {\n\t\t\t\tmargin-left: 0;\n\t\t\t}\n\t\t\t\/* see gallery_shortcode() in wp-includes\/media.php *\/\n\t\t<\/style>\n\t\t<div data-carousel-extra='{&quot;blog_id&quot;:1,&quot;permalink&quot;:&quot;https:\/\/deltaimage.de\/wp\/?p=29590&quot;}' id='gallery-1' class='gallery galleryid-29590 gallery-columns-3 gallery-size-thumbnail'><dl class='gallery-item'>\n\t\t\t<dt class='gallery-icon landscape'>\n\t\t\t\t<a href='https:\/\/deltaimage.de\/wp\/?attachment_id=29601#main'><img loading=\"lazy\" decoding=\"async\" width=\"300\" height=\"200\" src=\"https:\/\/i0.wp.com\/deltaimage.de\/wp\/wp-content\/uploads\/PE5D1896_900.jpg?fit=300%2C200&amp;ssl=1\" class=\"attachment-thumbnail size-thumbnail\" alt=\"\" aria-describedby=\"gallery-1-29601\" srcset=\"https:\/\/i0.wp.com\/deltaimage.de\/wp\/wp-content\/uploads\/PE5D1896_900.jpg?w=890&amp;ssl=1 890w, https:\/\/i0.wp.com\/deltaimage.de\/wp\/wp-content\/uploads\/PE5D1896_900.jpg?resize=300%2C200&amp;ssl=1 300w, https:\/\/i0.wp.com\/deltaimage.de\/wp\/wp-content\/uploads\/PE5D1896_900.jpg?resize=675%2C450&amp;ssl=1 675w, https:\/\/i0.wp.com\/deltaimage.de\/wp\/wp-content\/uploads\/PE5D1896_900.jpg?resize=600%2C400&amp;ssl=1 600w, https:\/\/i0.wp.com\/deltaimage.de\/wp\/wp-content\/uploads\/PE5D1896_900.jpg?resize=200%2C133&amp;ssl=1 200w\" sizes=\"auto, (max-width: 300px) 100vw, 300px\" data-attachment-id=\"29601\" data-permalink=\"https:\/\/deltaimage.de\/wp\/?attachment_id=29601#main\" data-orig-file=\"https:\/\/i0.wp.com\/deltaimage.de\/wp\/wp-content\/uploads\/PE5D1896_900.jpg?fit=890%2C593&amp;ssl=1\" data-orig-size=\"890,593\" data-comments-opened=\"0\" data-image-meta=\"{&quot;aperture&quot;:&quot;4.5&quot;,&quot;credit&quot;:&quot;Paul Eschbach&quot;,&quot;camera&quot;:&quot;Canon EOS 5DS R&quot;,&quot;caption&quot;:&quot;&quot;,&quot;created_timestamp&quot;:&quot;1627662064&quot;,&quot;copyright&quot;:&quot;DELTA IMAGE&quot;,&quot;focal_length&quot;:&quot;24&quot;,&quot;iso&quot;:&quot;800&quot;,&quot;shutter_speed&quot;:&quot;0.02&quot;,&quot;title&quot;:&quot;&quot;,&quot;orientation&quot;:&quot;0&quot;}\" data-image-title=\"PE5D1896_900\" data-image-description=\"\" data-image-caption=\"&lt;p&gt;Perspektivkorrektur mit Shift-Objektiv&lt;\/p&gt;\n\" data-large-file=\"https:\/\/i0.wp.com\/deltaimage.de\/wp\/wp-content\/uploads\/PE5D1896_900.jpg?fit=890%2C593&amp;ssl=1\" \/><\/a>\n\t\t\t<\/dt>\n\t\t\t\t<dd class='wp-caption-text gallery-caption' id='gallery-1-29601'>\n\t\t\t\tPerspektivkorrektur mit Shift-Objektiv\n\t\t\t\t<\/dd><\/dl><dl class='gallery-item'>\n\t\t\t<dt class='gallery-icon landscape'>\n\t\t\t\t<a href='https:\/\/deltaimage.de\/wp\/?attachment_id=29600#main'><img loading=\"lazy\" decoding=\"async\" width=\"300\" height=\"200\" src=\"https:\/\/i0.wp.com\/deltaimage.de\/wp\/wp-content\/uploads\/PE5D1897_900.jpg?fit=300%2C200&amp;ssl=1\" class=\"attachment-thumbnail size-thumbnail\" alt=\"\" aria-describedby=\"gallery-1-29600\" srcset=\"https:\/\/i0.wp.com\/deltaimage.de\/wp\/wp-content\/uploads\/PE5D1897_900.jpg?w=890&amp;ssl=1 890w, https:\/\/i0.wp.com\/deltaimage.de\/wp\/wp-content\/uploads\/PE5D1897_900.jpg?resize=300%2C200&amp;ssl=1 300w, https:\/\/i0.wp.com\/deltaimage.de\/wp\/wp-content\/uploads\/PE5D1897_900.jpg?resize=675%2C450&amp;ssl=1 675w, https:\/\/i0.wp.com\/deltaimage.de\/wp\/wp-content\/uploads\/PE5D1897_900.jpg?resize=600%2C400&amp;ssl=1 600w, https:\/\/i0.wp.com\/deltaimage.de\/wp\/wp-content\/uploads\/PE5D1897_900.jpg?resize=200%2C133&amp;ssl=1 200w\" sizes=\"auto, (max-width: 300px) 100vw, 300px\" data-attachment-id=\"29600\" data-permalink=\"https:\/\/deltaimage.de\/wp\/?attachment_id=29600#main\" data-orig-file=\"https:\/\/i0.wp.com\/deltaimage.de\/wp\/wp-content\/uploads\/PE5D1897_900.jpg?fit=890%2C593&amp;ssl=1\" data-orig-size=\"890,593\" data-comments-opened=\"0\" data-image-meta=\"{&quot;aperture&quot;:&quot;4.5&quot;,&quot;credit&quot;:&quot;Paul Eschbach&quot;,&quot;camera&quot;:&quot;Canon EOS 5DS R&quot;,&quot;caption&quot;:&quot;&quot;,&quot;created_timestamp&quot;:&quot;1627662124&quot;,&quot;copyright&quot;:&quot;DELTA IMAGE&quot;,&quot;focal_length&quot;:&quot;24&quot;,&quot;iso&quot;:&quot;800&quot;,&quot;shutter_speed&quot;:&quot;0.016666666666667&quot;,&quot;title&quot;:&quot;&quot;,&quot;orientation&quot;:&quot;0&quot;}\" data-image-title=\"PE5D1897_900\" data-image-description=\"\" data-image-caption=\"&lt;p&gt;Zentralperspektive ohne Shift-Objektiv&lt;\/p&gt;\n\" data-large-file=\"https:\/\/i0.wp.com\/deltaimage.de\/wp\/wp-content\/uploads\/PE5D1897_900.jpg?fit=890%2C593&amp;ssl=1\" \/><\/a>\n\t\t\t<\/dt>\n\t\t\t\t<dd class='wp-caption-text gallery-caption' id='gallery-1-29600'>\n\t\t\t\tZentralperspektive ohne Shift-Objektiv\n\t\t\t\t<\/dd><\/dl>\n\t\t\t<br style='clear: both' \/>\n\t\t<\/div>\n\n<h2><\/h2>\n<h2>Das Bild einer Kirche mit anderen Augen &#8211; sprich Objektiven &#8211; sehen<\/h2>\n<p>Eine barocke Kirche hat eigentlich alles und davon auch noch viel zu viel. Mit einem Weitwinkel-Objektiv werden auch alle Details erfasst &#8211; gnadenlos.<\/p>\n<blockquote>\n<pre>Die Bilder haben meist viel zu viel Details und verwirren meist nur.\r\nF\u00fcr einen Eindruck in einem Bild braucht es weniger Details, nicht mehr.<\/pre>\n<\/blockquote>\n<p>Das geht fotografisch ganz einfach mit einem der g\u00fcnstigsten und leistungsf\u00e4higsten Objektiven. Die Normalobjektive leisten enorm gute Abbildungsleistungen mit 50 mm Brennweite und einer \u00d6ffnung von 1.4 oder 1.7\/1.8 und kosten dabei auch neu nur knapp \u00fcber 100 \u20ac. Diese leichten, g\u00fcnstigen und leistungsf\u00e4higen Objektive habe ich (fast) immer mit dabei. Gerade in dieser Situation sind sie nahezu unbezahlbar.<\/p>\n<p><img data-recalc-dims=\"1\" loading=\"lazy\" decoding=\"async\" data-attachment-id=\"29599\" data-permalink=\"https:\/\/deltaimage.de\/wp\/?attachment_id=29599#main\" data-orig-file=\"https:\/\/i0.wp.com\/deltaimage.de\/wp\/wp-content\/uploads\/PE5D1899_900.jpg?fit=593%2C890&amp;ssl=1\" data-orig-size=\"593,890\" data-comments-opened=\"0\" data-image-meta=\"{&quot;aperture&quot;:&quot;1.4&quot;,&quot;credit&quot;:&quot;Paul Eschbach&quot;,&quot;camera&quot;:&quot;Canon EOS 5DS R&quot;,&quot;caption&quot;:&quot;&quot;,&quot;created_timestamp&quot;:&quot;1627662625&quot;,&quot;copyright&quot;:&quot;DELTA IMAGE&quot;,&quot;focal_length&quot;:&quot;50&quot;,&quot;iso&quot;:&quot;200&quot;,&quot;shutter_speed&quot;:&quot;0.004&quot;,&quot;title&quot;:&quot;&quot;,&quot;orientation&quot;:&quot;0&quot;}\" data-image-title=\"PE5D1899_900\" data-image-description=\"\" data-image-caption=\"\" data-large-file=\"https:\/\/i0.wp.com\/deltaimage.de\/wp\/wp-content\/uploads\/PE5D1899_900.jpg?fit=593%2C890&amp;ssl=1\" class=\"aligncenter size-full wp-image-29599\" src=\"https:\/\/i0.wp.com\/deltaimage.de\/wp\/wp-content\/uploads\/PE5D1899_900.jpg?resize=593%2C890&#038;ssl=1\" alt=\"\" width=\"593\" height=\"890\" srcset=\"https:\/\/i0.wp.com\/deltaimage.de\/wp\/wp-content\/uploads\/PE5D1899_900.jpg?w=593&amp;ssl=1 593w, https:\/\/i0.wp.com\/deltaimage.de\/wp\/wp-content\/uploads\/PE5D1899_900.jpg?resize=400%2C600&amp;ssl=1 400w, https:\/\/i0.wp.com\/deltaimage.de\/wp\/wp-content\/uploads\/PE5D1899_900.jpg?resize=133%2C200&amp;ssl=1 133w, https:\/\/i0.wp.com\/deltaimage.de\/wp\/wp-content\/uploads\/PE5D1899_900.jpg?resize=395%2C593&amp;ssl=1 395w, https:\/\/i0.wp.com\/deltaimage.de\/wp\/wp-content\/uploads\/PE5D1899_900.jpg?resize=300%2C450&amp;ssl=1 300w, https:\/\/i0.wp.com\/deltaimage.de\/wp\/wp-content\/uploads\/PE5D1899_900.jpg?resize=267%2C400&amp;ssl=1 267w\" sizes=\"auto, (max-width: 593px) 100vw, 593px\" \/><\/p>\n<p>Der Altarbereich l\u00f6st sich bei Blende 1.4 schon sichtbar vom unruhigen Hintergrund und pr\u00e4sentiert die barocke Sicht der Baumeister auf die Kirche viel eindrucksvoller als die Gesamt\u00fcbersicht. Im Kirchenraum finden wir auch noch weitere sch\u00f6ne und gleichzeitig wichtige Details, die wir nicht in der schieren Masse an Details untergehen lassen wollen. Die \u00fcberlebensgro\u00dfen Abbilder der beiden Gr\u00fcnder des Klosters F\u00fcrstenfeld stehen wohl besser f\u00fcr ein Bild des Klosters als viele andere Motive.<\/p>\n<p><img data-recalc-dims=\"1\" loading=\"lazy\" decoding=\"async\" data-attachment-id=\"29598\" data-permalink=\"https:\/\/deltaimage.de\/wp\/?attachment_id=29598#main\" data-orig-file=\"https:\/\/i0.wp.com\/deltaimage.de\/wp\/wp-content\/uploads\/PE5D1900_900.jpg?fit=890%2C593&amp;ssl=1\" data-orig-size=\"890,593\" data-comments-opened=\"0\" data-image-meta=\"{&quot;aperture&quot;:&quot;1.4&quot;,&quot;credit&quot;:&quot;Paul Eschbach&quot;,&quot;camera&quot;:&quot;Canon EOS 5DS R&quot;,&quot;caption&quot;:&quot;&quot;,&quot;created_timestamp&quot;:&quot;1627662763&quot;,&quot;copyright&quot;:&quot;DELTA IMAGE&quot;,&quot;focal_length&quot;:&quot;50&quot;,&quot;iso&quot;:&quot;200&quot;,&quot;shutter_speed&quot;:&quot;0.00625&quot;,&quot;title&quot;:&quot;&quot;,&quot;orientation&quot;:&quot;0&quot;}\" data-image-title=\"PE5D1900_900\" data-image-description=\"\" data-image-caption=\"\" data-large-file=\"https:\/\/i0.wp.com\/deltaimage.de\/wp\/wp-content\/uploads\/PE5D1900_900.jpg?fit=890%2C593&amp;ssl=1\" class=\"aligncenter size-full wp-image-29598\" src=\"https:\/\/i0.wp.com\/deltaimage.de\/wp\/wp-content\/uploads\/PE5D1900_900.jpg?resize=890%2C593&#038;ssl=1\" alt=\"\" width=\"890\" height=\"593\" srcset=\"https:\/\/i0.wp.com\/deltaimage.de\/wp\/wp-content\/uploads\/PE5D1900_900.jpg?w=890&amp;ssl=1 890w, https:\/\/i0.wp.com\/deltaimage.de\/wp\/wp-content\/uploads\/PE5D1900_900.jpg?resize=300%2C200&amp;ssl=1 300w, https:\/\/i0.wp.com\/deltaimage.de\/wp\/wp-content\/uploads\/PE5D1900_900.jpg?resize=675%2C450&amp;ssl=1 675w, https:\/\/i0.wp.com\/deltaimage.de\/wp\/wp-content\/uploads\/PE5D1900_900.jpg?resize=600%2C400&amp;ssl=1 600w, https:\/\/i0.wp.com\/deltaimage.de\/wp\/wp-content\/uploads\/PE5D1900_900.jpg?resize=200%2C133&amp;ssl=1 200w\" sizes=\"auto, (max-width: 890px) 100vw, 890px\" \/><\/p>\n<p>Die Apsis und der Altar sind bereits bei Blende 1.4 schon wieder so unscharf, dass sich der Kaiser sich klar davon abhebt, aber im Kontext noch sichtbar bleibt. Auch der Herzog als Stifter des Klosters auf der anderen Seite zeigt sich klar abgehoben im Altarraum.<\/p>\n<p><img data-recalc-dims=\"1\" loading=\"lazy\" decoding=\"async\" data-attachment-id=\"29597\" data-permalink=\"https:\/\/deltaimage.de\/wp\/?attachment_id=29597#main\" data-orig-file=\"https:\/\/i0.wp.com\/deltaimage.de\/wp\/wp-content\/uploads\/PE5D1901_900.jpg?fit=890%2C593&amp;ssl=1\" data-orig-size=\"890,593\" data-comments-opened=\"0\" data-image-meta=\"{&quot;aperture&quot;:&quot;1.4&quot;,&quot;credit&quot;:&quot;Paul Eschbach&quot;,&quot;camera&quot;:&quot;Canon EOS 5DS R&quot;,&quot;caption&quot;:&quot;&quot;,&quot;created_timestamp&quot;:&quot;1627662800&quot;,&quot;copyright&quot;:&quot;DELTA IMAGE&quot;,&quot;focal_length&quot;:&quot;50&quot;,&quot;iso&quot;:&quot;200&quot;,&quot;shutter_speed&quot;:&quot;0.008&quot;,&quot;title&quot;:&quot;&quot;,&quot;orientation&quot;:&quot;0&quot;}\" data-image-title=\"PE5D1901_900\" data-image-description=\"\" data-image-caption=\"\" data-large-file=\"https:\/\/i0.wp.com\/deltaimage.de\/wp\/wp-content\/uploads\/PE5D1901_900.jpg?fit=890%2C593&amp;ssl=1\" class=\"aligncenter size-full wp-image-29597\" src=\"https:\/\/i0.wp.com\/deltaimage.de\/wp\/wp-content\/uploads\/PE5D1901_900.jpg?resize=890%2C593&#038;ssl=1\" alt=\"\" width=\"890\" height=\"593\" srcset=\"https:\/\/i0.wp.com\/deltaimage.de\/wp\/wp-content\/uploads\/PE5D1901_900.jpg?w=890&amp;ssl=1 890w, https:\/\/i0.wp.com\/deltaimage.de\/wp\/wp-content\/uploads\/PE5D1901_900.jpg?resize=300%2C200&amp;ssl=1 300w, https:\/\/i0.wp.com\/deltaimage.de\/wp\/wp-content\/uploads\/PE5D1901_900.jpg?resize=675%2C450&amp;ssl=1 675w, https:\/\/i0.wp.com\/deltaimage.de\/wp\/wp-content\/uploads\/PE5D1901_900.jpg?resize=600%2C400&amp;ssl=1 600w, https:\/\/i0.wp.com\/deltaimage.de\/wp\/wp-content\/uploads\/PE5D1901_900.jpg?resize=200%2C133&amp;ssl=1 200w\" sizes=\"auto, (max-width: 890px) 100vw, 890px\" \/><\/p>\n<p>&nbsp;<\/p>\n<p>Dann geben wir den Emotionen noch etwas Raum und zeigen ein leicht \u00fcbersehbares Detail auf dem Altar &#8211; ein Engelchen vor der Unsch\u00e4rfe der Apsis ist nun ein Bild und ein Motiv und beschreibt f\u00fcr den Betrachter die Klosterkirche.<\/p>\n<p><img data-recalc-dims=\"1\" loading=\"lazy\" decoding=\"async\" data-attachment-id=\"29596\" data-permalink=\"https:\/\/deltaimage.de\/wp\/?attachment_id=29596#main\" data-orig-file=\"https:\/\/i0.wp.com\/deltaimage.de\/wp\/wp-content\/uploads\/PE5D1902_900.jpg?fit=593%2C890&amp;ssl=1\" data-orig-size=\"593,890\" data-comments-opened=\"0\" data-image-meta=\"{&quot;aperture&quot;:&quot;1.4&quot;,&quot;credit&quot;:&quot;Paul Eschbach&quot;,&quot;camera&quot;:&quot;Canon EOS 5DS R&quot;,&quot;caption&quot;:&quot;&quot;,&quot;created_timestamp&quot;:&quot;1627662931&quot;,&quot;copyright&quot;:&quot;DELTA IMAGE&quot;,&quot;focal_length&quot;:&quot;50&quot;,&quot;iso&quot;:&quot;200&quot;,&quot;shutter_speed&quot;:&quot;0.01&quot;,&quot;title&quot;:&quot;&quot;,&quot;orientation&quot;:&quot;0&quot;}\" data-image-title=\"PE5D1902_900\" data-image-description=\"\" data-image-caption=\"\" data-large-file=\"https:\/\/i0.wp.com\/deltaimage.de\/wp\/wp-content\/uploads\/PE5D1902_900.jpg?fit=593%2C890&amp;ssl=1\" class=\"aligncenter size-full wp-image-29596\" src=\"https:\/\/i0.wp.com\/deltaimage.de\/wp\/wp-content\/uploads\/PE5D1902_900.jpg?resize=593%2C890&#038;ssl=1\" alt=\"\" width=\"593\" height=\"890\" srcset=\"https:\/\/i0.wp.com\/deltaimage.de\/wp\/wp-content\/uploads\/PE5D1902_900.jpg?w=593&amp;ssl=1 593w, https:\/\/i0.wp.com\/deltaimage.de\/wp\/wp-content\/uploads\/PE5D1902_900.jpg?resize=400%2C600&amp;ssl=1 400w, https:\/\/i0.wp.com\/deltaimage.de\/wp\/wp-content\/uploads\/PE5D1902_900.jpg?resize=133%2C200&amp;ssl=1 133w, https:\/\/i0.wp.com\/deltaimage.de\/wp\/wp-content\/uploads\/PE5D1902_900.jpg?resize=395%2C593&amp;ssl=1 395w, https:\/\/i0.wp.com\/deltaimage.de\/wp\/wp-content\/uploads\/PE5D1902_900.jpg?resize=300%2C450&amp;ssl=1 300w, https:\/\/i0.wp.com\/deltaimage.de\/wp\/wp-content\/uploads\/PE5D1902_900.jpg?resize=267%2C400&amp;ssl=1 267w\" sizes=\"auto, (max-width: 593px) 100vw, 593px\" \/><\/p>\n<p>Wie, was und warum &#8211; das erz\u00e4hlen wir im April 2022 wieder bei einem Workshop auf den 24. F\u00fcrstenfeldbrucker Naturfototagen mit Paul Eschbach.<\/p>\n","protected":false},"excerpt":{"rendered":"<p>Im Veranstaltungsprogramm der F\u00fcrstenfeldbrucker Naturfototage waren wir mit einem ganz neuen Workshop &#8222;Architektur und Technik&#8220; mit Paul Eschbach vertreten und f\u00fchrten den ausverkauften Workshop mit allen TeilnehmerInnen in unmittelbarer N\u00e4he [&hellip;]<\/p>\n","protected":false},"author":1,"featured_media":29587,"comment_status":"closed","ping_status":"closed","sticky":false,"template":"","format":"standard","meta":{"wpupg_custom_link":[],"wpupg_custom_link_behaviour":["default"],"wpupg_custom_link_nofollow":[],"wpupg_custom_image":[],"wpupg_custom_image_id":[],"jetpack_post_was_ever_published":false,"footnotes":""},"categories":[848,1492,8],"tags":[3049,3062,1659,27,1531,644,2130,980,833],"class_list":["post-29590","post","type-post","status-publish","format-standard","has-post-thumbnail","hentry","category-fotografie","category-naturfototage-fuerstenfeld","category-news","tag-23-fuerstenfeldbrucke-naturfototage","tag-architektur-und-technik","tag-barock","tag-furstenfeldbruck","tag-kirche","tag-kloster","tag-kloster-fuerstenfeld","tag-naturfototage","tag-workshop"],"jetpack_featured_media_url":"https:\/\/i0.wp.com\/deltaimage.de\/wp\/wp-content\/uploads\/PE5D1902_1200.jpg?fit=1200%2C450&ssl=1","jetpack-related-posts":[{"id":29593,"url":"https:\/\/deltaimage.de\/wp\/?p=29593","url_meta":{"origin":29590,"position":0},"title":"Naturfototage: Workshop Architektur und Technik &#8211; Motivbereich Durcheinander","author":"EschbacP","date":"3. August 2021","format":false,"excerpt":"Im Veranstaltungsprogramm der F\u00fcrstenfeldbrucker Naturfototage waren wir mit einem ganz neuen Workshop \"Architektur und Technik\" mit Paul Eschbach vertreten und f\u00fchrten den ausverkauften Workshop mit allen TeilnehmerInnen in unmittelbarer N\u00e4he zum Forum F\u00fcrstenfeldbruck an die sch\u00f6nsten Fotopl\u00e4tze f\u00fcr Architektur und Technik. Die Umgebung des Forums kann hier wahrlich mit einmaligen\u2026","rel":"","context":"In &quot;Fotografie&quot;","block_context":{"text":"Fotografie","link":"https:\/\/deltaimage.de\/wp\/?cat=848"},"img":{"alt_text":"","src":"https:\/\/i0.wp.com\/deltaimage.de\/wp\/wp-content\/uploads\/PE5D1881_1200.jpg?fit=1200%2C450&ssl=1&resize=350%2C200","width":350,"height":200,"srcset":"https:\/\/i0.wp.com\/deltaimage.de\/wp\/wp-content\/uploads\/PE5D1881_1200.jpg?fit=1200%2C450&ssl=1&resize=350%2C200 1x, https:\/\/i0.wp.com\/deltaimage.de\/wp\/wp-content\/uploads\/PE5D1881_1200.jpg?fit=1200%2C450&ssl=1&resize=525%2C300 1.5x, https:\/\/i0.wp.com\/deltaimage.de\/wp\/wp-content\/uploads\/PE5D1881_1200.jpg?fit=1200%2C450&ssl=1&resize=700%2C400 2x, https:\/\/i0.wp.com\/deltaimage.de\/wp\/wp-content\/uploads\/PE5D1881_1200.jpg?fit=1200%2C450&ssl=1&resize=1050%2C600 3x"},"classes":[]},{"id":29585,"url":"https:\/\/deltaimage.de\/wp\/?p=29585","url_meta":{"origin":29590,"position":1},"title":"Naturfototage: Workshop Architektur und Technik &#8211; Motivbereich Wasserkrafttechnik im Museum","author":"EschbacP","date":"3. August 2021","format":false,"excerpt":"Im Veranstaltungsprogramm der F\u00fcrstenfeldbrucker Naturfototage waren wir mit einem ganz neuen Workshop \"Architektur und Technik\" mit Paul Eschbach vertreten und f\u00fchrten den ausverkauften Workshop mit allen TeilnehmerInnen in unmittelbarer N\u00e4he zum Forum F\u00fcrstenfeldbruck an die sch\u00f6nsten Fotopl\u00e4tze f\u00fcr Architektur und Technik. Die Umgebung des Forums kann hier wahrlich mit einmaligen\u2026","rel":"","context":"In &quot;Fotografie&quot;","block_context":{"text":"Fotografie","link":"https:\/\/deltaimage.de\/wp\/?cat=848"},"img":{"alt_text":"","src":"https:\/\/i0.wp.com\/deltaimage.de\/wp\/wp-content\/uploads\/PE5D1836_1200.jpg?fit=1200%2C450&ssl=1&resize=350%2C200","width":350,"height":200,"srcset":"https:\/\/i0.wp.com\/deltaimage.de\/wp\/wp-content\/uploads\/PE5D1836_1200.jpg?fit=1200%2C450&ssl=1&resize=350%2C200 1x, https:\/\/i0.wp.com\/deltaimage.de\/wp\/wp-content\/uploads\/PE5D1836_1200.jpg?fit=1200%2C450&ssl=1&resize=525%2C300 1.5x, https:\/\/i0.wp.com\/deltaimage.de\/wp\/wp-content\/uploads\/PE5D1836_1200.jpg?fit=1200%2C450&ssl=1&resize=700%2C400 2x, https:\/\/i0.wp.com\/deltaimage.de\/wp\/wp-content\/uploads\/PE5D1836_1200.jpg?fit=1200%2C450&ssl=1&resize=1050%2C600 3x"},"classes":[]},{"id":29642,"url":"https:\/\/deltaimage.de\/wp\/?p=29642","url_meta":{"origin":29590,"position":2},"title":"Naturfototage: Workshop Architektur und Technik &#8211; Motivbereich moderne Wasserkrafttechnik","author":"EschbacP","date":"3. August 2021","format":false,"excerpt":"Im Veranstaltungsprogramm der F\u00fcrstenfeldbrucker Naturfototage waren wir mit einem ganz neuen Workshop \"Architektur und Technik\" mit Paul Eschbach vertreten und f\u00fchrten den ausverkauften Workshop mit allen TeilnehmerInnen in unmittelbarer N\u00e4he zum Forum F\u00fcrstenfeldbruck an die sch\u00f6nsten Fotopl\u00e4tze f\u00fcr Architektur und Technik. Die Umgebung des Forums kann hier wahrlich mit einmaligen\u2026","rel":"","context":"In &quot;Fotografie&quot;","block_context":{"text":"Fotografie","link":"https:\/\/deltaimage.de\/wp\/?cat=848"},"img":{"alt_text":"","src":"https:\/\/i0.wp.com\/deltaimage.de\/wp\/wp-content\/uploads\/PE5D1695_1200.jpg?fit=1200%2C450&ssl=1&resize=350%2C200","width":350,"height":200,"srcset":"https:\/\/i0.wp.com\/deltaimage.de\/wp\/wp-content\/uploads\/PE5D1695_1200.jpg?fit=1200%2C450&ssl=1&resize=350%2C200 1x, https:\/\/i0.wp.com\/deltaimage.de\/wp\/wp-content\/uploads\/PE5D1695_1200.jpg?fit=1200%2C450&ssl=1&resize=525%2C300 1.5x, https:\/\/i0.wp.com\/deltaimage.de\/wp\/wp-content\/uploads\/PE5D1695_1200.jpg?fit=1200%2C450&ssl=1&resize=700%2C400 2x, https:\/\/i0.wp.com\/deltaimage.de\/wp\/wp-content\/uploads\/PE5D1695_1200.jpg?fit=1200%2C450&ssl=1&resize=1050%2C600 3x"},"classes":[]},{"id":30394,"url":"https:\/\/deltaimage.de\/wp\/?p=30394","url_meta":{"origin":29590,"position":3},"title":"Naturfototage F\u00fcrstenfeldbruck 2022 &#8211; Paul Eschbach wieder mit zwei beliebten Workshops dabei","author":"EschbacP","date":"16. Oktober 2021","format":false,"excerpt":"Im Veranstaltungsprogramm der 24. F\u00fcrstenfeldbrucker Naturfototage 2022 ist DELTA IMAGE mit Paul Eschbach wieder mit zwei \u00e4u\u00dferst beliebten Workshops dabei. Wir freuen uns riesig auf den Kontakt mit den vielen Fotobegeisterten in unseren Workshops und auf den Naturfototagen. \u00a0 Die Workshops bei den Naturfototagen F\u00fcrstenfeldbruck 2022 2020 haben wir die\u2026","rel":"","context":"In &quot;Naturfototage F\u00fcrstenfeld&quot;","block_context":{"text":"Naturfototage F\u00fcrstenfeld","link":"https:\/\/deltaimage.de\/wp\/?cat=1492"},"img":{"alt_text":"","src":"https:\/\/i0.wp.com\/deltaimage.de\/wp\/wp-content\/uploads\/PE5D1902_1200.jpg?fit=1200%2C450&ssl=1&resize=350%2C200","width":350,"height":200,"srcset":"https:\/\/i0.wp.com\/deltaimage.de\/wp\/wp-content\/uploads\/PE5D1902_1200.jpg?fit=1200%2C450&ssl=1&resize=350%2C200 1x, https:\/\/i0.wp.com\/deltaimage.de\/wp\/wp-content\/uploads\/PE5D1902_1200.jpg?fit=1200%2C450&ssl=1&resize=525%2C300 1.5x, https:\/\/i0.wp.com\/deltaimage.de\/wp\/wp-content\/uploads\/PE5D1902_1200.jpg?fit=1200%2C450&ssl=1&resize=700%2C400 2x, https:\/\/i0.wp.com\/deltaimage.de\/wp\/wp-content\/uploads\/PE5D1902_1200.jpg?fit=1200%2C450&ssl=1&resize=1050%2C600 3x"},"classes":[]},{"id":29312,"url":"https:\/\/deltaimage.de\/wp\/?p=29312","url_meta":{"origin":29590,"position":4},"title":"Die Stadtwerke F\u00fcrstenfeldbruck unterst\u00fctzen den Workshop &#8222;Architektur und Technik&#8220; von Paul Eschbach","author":"EschbacP","date":"17. Juli 2021","format":false,"excerpt":"Die Vorbereitungen laufen beim Veranstalter projekt natur & fotografie auf Hochtouren, die Aussteller bereiten die Materialien letztmalig vor und die Workshop Leiter stimmen die Workshopinhalte und den Ablauf mit allen Beteiligten ab. Ich stimme die Inhalte zu dem Workshop \"Architektur & Technik\" mit den Partnern im Umfeld des Klosters F\u00fcrstenfeldbruck\u2026","rel":"","context":"In &quot;Kameratechnik&quot;","block_context":{"text":"Kameratechnik","link":"https:\/\/deltaimage.de\/wp\/?cat=610"},"img":{"alt_text":"","src":"https:\/\/i0.wp.com\/deltaimage.de\/wp\/wp-content\/uploads\/PE1S0903_1200.jpg?fit=1200%2C450&ssl=1&resize=350%2C200","width":350,"height":200,"srcset":"https:\/\/i0.wp.com\/deltaimage.de\/wp\/wp-content\/uploads\/PE1S0903_1200.jpg?fit=1200%2C450&ssl=1&resize=350%2C200 1x, https:\/\/i0.wp.com\/deltaimage.de\/wp\/wp-content\/uploads\/PE1S0903_1200.jpg?fit=1200%2C450&ssl=1&resize=525%2C300 1.5x, https:\/\/i0.wp.com\/deltaimage.de\/wp\/wp-content\/uploads\/PE1S0903_1200.jpg?fit=1200%2C450&ssl=1&resize=700%2C400 2x, https:\/\/i0.wp.com\/deltaimage.de\/wp\/wp-content\/uploads\/PE1S0903_1200.jpg?fit=1200%2C450&ssl=1&resize=1050%2C600 3x"},"classes":[]},{"id":25130,"url":"https:\/\/deltaimage.de\/wp\/?p=25130","url_meta":{"origin":29590,"position":5},"title":"23. Naturfototage in F\u00fcrstenfeld im Jahr 2020 &#8211; die Workshops werden nachgeholt","author":"EschbacP","date":"19. Mai 2020","format":false,"excerpt":"Die Naturfototage F\u00fcrstenfeld sind in diesem Jahr 2020 ausgefallen - sehr schade, daf\u00fcr aber die richtige und vor allem eine fr\u00fchzeitige Entscheidung von Udo H\u00f6cke und Mara Fuhrmann. Wir alle haben uns auf das beste Naturfotoevent hier im S\u00fcden der Republik gefreut, ich selbst bin seit dem Jahr 2000 ein\u2026","rel":"","context":"In &quot;Naturfototage F\u00fcrstenfeld&quot;","block_context":{"text":"Naturfototage F\u00fcrstenfeld","link":"https:\/\/deltaimage.de\/wp\/?cat=1492"},"img":{"alt_text":"","src":"https:\/\/i0.wp.com\/deltaimage.de\/wp\/wp-content\/uploads\/WP_20190818_14_44_58_Pro_1200.jpg?fit=1200%2C450&ssl=1&resize=350%2C200","width":350,"height":200,"srcset":"https:\/\/i0.wp.com\/deltaimage.de\/wp\/wp-content\/uploads\/WP_20190818_14_44_58_Pro_1200.jpg?fit=1200%2C450&ssl=1&resize=350%2C200 1x, https:\/\/i0.wp.com\/deltaimage.de\/wp\/wp-content\/uploads\/WP_20190818_14_44_58_Pro_1200.jpg?fit=1200%2C450&ssl=1&resize=525%2C300 1.5x, https:\/\/i0.wp.com\/deltaimage.de\/wp\/wp-content\/uploads\/WP_20190818_14_44_58_Pro_1200.jpg?fit=1200%2C450&ssl=1&resize=700%2C400 2x, https:\/\/i0.wp.com\/deltaimage.de\/wp\/wp-content\/uploads\/WP_20190818_14_44_58_Pro_1200.jpg?fit=1200%2C450&ssl=1&resize=1050%2C600 3x"},"classes":[]}],"jetpack_sharing_enabled":true,"_links":{"self":[{"href":"https:\/\/deltaimage.de\/wp\/index.php?rest_route=\/wp\/v2\/posts\/29590","targetHints":{"allow":["GET"]}}],"collection":[{"href":"https:\/\/deltaimage.de\/wp\/index.php?rest_route=\/wp\/v2\/posts"}],"about":[{"href":"https:\/\/deltaimage.de\/wp\/index.php?rest_route=\/wp\/v2\/types\/post"}],"author":[{"embeddable":true,"href":"https:\/\/deltaimage.de\/wp\/index.php?rest_route=\/wp\/v2\/users\/1"}],"replies":[{"embeddable":true,"href":"https:\/\/deltaimage.de\/wp\/index.php?rest_route=%2Fwp%2Fv2%2Fcomments&post=29590"}],"version-history":[{"count":4,"href":"https:\/\/deltaimage.de\/wp\/index.php?rest_route=\/wp\/v2\/posts\/29590\/revisions"}],"predecessor-version":[{"id":29673,"href":"https:\/\/deltaimage.de\/wp\/index.php?rest_route=\/wp\/v2\/posts\/29590\/revisions\/29673"}],"wp:featuredmedia":[{"embeddable":true,"href":"https:\/\/deltaimage.de\/wp\/index.php?rest_route=\/wp\/v2\/media\/29587"}],"wp:attachment":[{"href":"https:\/\/deltaimage.de\/wp\/index.php?rest_route=%2Fwp%2Fv2%2Fmedia&parent=29590"}],"wp:term":[{"taxonomy":"category","embeddable":true,"href":"https:\/\/deltaimage.de\/wp\/index.php?rest_route=%2Fwp%2Fv2%2Fcategories&post=29590"},{"taxonomy":"post_tag","embeddable":true,"href":"https:\/\/deltaimage.de\/wp\/index.php?rest_route=%2Fwp%2Fv2%2Ftags&post=29590"}],"curies":[{"name":"wp","href":"https:\/\/api.w.org\/{rel}","templated":true}]}}