{"id":29786,"date":"2021-08-17T08:20:50","date_gmt":"2021-08-17T07:20:50","guid":{"rendered":"https:\/\/deltaimage.de\/wp\/?p=29786"},"modified":"2025-08-18T21:56:56","modified_gmt":"2025-08-18T19:56:56","slug":"sternenfotografie-im-nationalpark-bayerischer-wald-waehrend-der-perseiden-im-august-2","status":"publish","type":"post","link":"https:\/\/deltaimage.de\/wp\/?p=29786","title":{"rendered":"Sternenfotografie im Nationalpark Bayerischer Wald w\u00e4hrend der Perseiden im August"},"content":{"rendered":"<p>In der zweiten Woche im August 2021 standen viele Bedingungen auf Gr\u00fcn:<\/p>\n<ul>\n<li>Das Wetter war f\u00fcr 6-7 Tage sehr gut und vor allem ohne Regen und Wolken<\/li>\n<li>Urlaub war m\u00f6glich<\/li>\n<li>Pandemiebedingungen erm\u00f6glichte ein gefahrloses Projekt<\/li>\n<li>Der Mond war am 8. August auf Neumond und versprach relativ dunkle Sternenn\u00e4chte mit einer sehr guten Sichtbarkeit<\/li>\n<li>Am 12. August ist der H\u00f6hepunkt der Perseiden mit einem Maximum an Sternschnuppen zu erwarten<\/li>\n<\/ul>\n<p><img data-recalc-dims=\"1\" loading=\"lazy\" decoding=\"async\" class=\"aligncenter size-full wp-image-3834\" src=\"https:\/\/i0.wp.com\/bayerwaldteam.eu\/wp-content\/uploads\/2021\/08\/PE1S0617_900.jpg?resize=593%2C890&#038;ssl=1\" alt=\"\" width=\"593\" height=\"890\" \/><\/p>\n<p>Also auf und los in den <strong>Bayerischen Wald<\/strong> auf der Suche nach Sternenfotos. Weit abseits der \u00fcblichen Lichtquelle im <strong>Nationalpark Bayerischer Wald<\/strong> und im <strong>Dreisesselgebiet<\/strong> beginnen unsere aktuellen Aufnahmen der Nacht, der Sterne und der Milchstra\u00dfe. Wir werden sehen, was dabei herauskommt.<\/p>\n<p><img data-recalc-dims=\"1\" loading=\"lazy\" decoding=\"async\" class=\"aligncenter size-full wp-image-3841\" src=\"https:\/\/i0.wp.com\/bayerwaldteam.eu\/wp-content\/uploads\/2021\/08\/PE5D2305_900-1.jpg?resize=890%2C593&#038;ssl=1\" alt=\"\" width=\"890\" height=\"593\" \/><\/p>\n<p><!--more--><\/p>\n<h2>Sternenfotos am Gipfelkreuz am Hochstein<\/h2>\n<p>Die Nacht ist warm und dunkel hier an der \u00f6stlichsten Ecke von Deutschland. Es geht nicht mehr viel weiter und dann kommt das <strong>Dreil\u00e4ndereck<\/strong>. Hier liegt weit und breit nur Wald und einige wenige Ortschaften. Deswegen ist die Horizontlinie auch in der ganzen Nacht hell und st\u00f6rt den Eindruck des Sternenhimmels ein wenig.<\/p>\n<p><img data-recalc-dims=\"1\" loading=\"lazy\" decoding=\"async\" class=\"aligncenter size-full wp-image-3840\" src=\"https:\/\/i0.wp.com\/bayerwaldteam.eu\/wp-content\/uploads\/2021\/08\/PE5D2284_900-1.jpg?resize=593%2C890&#038;ssl=1\" alt=\"\" width=\"593\" height=\"890\" \/><\/p>\n<p>Auf dem <strong>Hochstein<\/strong> steht das Gipfelkreuz als schwarzer Schatten vor dem Sternenhimmel in dieser klaren Augustnacht. Nur wenige Wolken ziehen durch, es bleibt eine wundersch\u00f6ne Sternennacht &#8211; ganz still, nur etwas Wind und f\u00fcr die Jahreszeit typisch angenehm warm.<\/p>\n<p>&nbsp;<\/p>\n<h2>Die Milchstra\u00dfe und einzelne Sternbilder sind klar zu erkennen<\/h2>\n<p>F\u00fcr den &#8222;<strong>Sternenneuling<\/strong>&#8220; <strong>Hubert<\/strong> ist es ein \u00fcberw\u00e4ltigender Eindruck, die Abermillionen Sterne und die Milchstra\u00dfe mit blo\u00dfem Auge sehen zu k\u00f6nnen.<\/p>\n<p><img data-recalc-dims=\"1\" loading=\"lazy\" decoding=\"async\" class=\"aligncenter size-full wp-image-3839\" src=\"https:\/\/i0.wp.com\/bayerwaldteam.eu\/wp-content\/uploads\/2021\/08\/PE5D2277_900-1.jpg?resize=890%2C593&#038;ssl=1\" alt=\"\" width=\"890\" height=\"593\" \/><\/p>\n<p>&nbsp;<\/p>\n<h2>Eine herrliche Szene und so k\u00f6nnen wir uns auch selbst fotografieren<\/h2>\n<p>Die n\u00e4chtliche Szenerie ist nun ausgiebig fotografiert, so k\u00f6nnen wir uns auch etwas gegenseitig fotografieren und ganz besondere Motive schaffen.<\/p>\n<p><img data-recalc-dims=\"1\" loading=\"lazy\" decoding=\"async\" class=\"aligncenter size-full wp-image-3780\" src=\"https:\/\/i0.wp.com\/bayerwaldteam.eu\/wp-content\/uploads\/2021\/08\/PE5D2294_900-1.jpg?resize=890%2C593&#038;ssl=1\" alt=\"\" width=\"890\" height=\"593\" \/><\/p>\n<p>&nbsp;<\/p>\n<p>Am <strong>Hochstein<\/strong> steht ein <strong>Fotograf<\/strong> mit seinem Stativ und fotografiert die n\u00e4chtliche Szene mit dem Sternenhimmel im Hintergrund.<\/p>\n<p><img data-recalc-dims=\"1\" loading=\"lazy\" decoding=\"async\" class=\"aligncenter size-full wp-image-3767\" src=\"https:\/\/i0.wp.com\/bayerwaldteam.eu\/wp-content\/uploads\/2021\/08\/PE5D2293_900.jpg?resize=890%2C593&#038;ssl=1\" alt=\"\" width=\"890\" height=\"593\" \/><\/p>\n<p>An den kommenden Tagen werden wir dies auf dem Falkenstein weiter fortsetzen und den Sternenhimmel im <strong>Nationalpark Bayerischen Wald<\/strong> fotografieren gehen.<\/p>\n","protected":false},"excerpt":{"rendered":"<p>In der zweiten Woche im August 2021 standen viele Bedingungen auf Gr\u00fcn: Das Wetter war f\u00fcr 6-7 Tage sehr gut und vor allem ohne Regen und Wolken Urlaub war m\u00f6glich [&hellip;]<\/p>\n","protected":false},"author":1,"featured_media":29787,"comment_status":"closed","ping_status":"closed","sticky":false,"template":"","format":"standard","meta":{"wpupg_custom_link":[],"wpupg_custom_link_behaviour":["default"],"wpupg_custom_link_nofollow":["default"],"wpupg_custom_image":[],"wpupg_custom_image_id":[],"jetpack_post_was_ever_published":false,"footnotes":""},"categories":[861,8],"tags":[595,594,3067,197,2204],"class_list":["post-29786","post","type-post","status-publish","format-standard","has-post-thumbnail","hentry","category-bayerwaldteam","category-news","tag-bayerischer-wald","tag-bayerwaldteam","tag-perseiden","tag-sommer","tag-sternenhimmel"],"jetpack_featured_media_url":"https:\/\/i0.wp.com\/deltaimage.de\/wp\/wp-content\/uploads\/PE5D2293_1200.jpg?fit=1200%2C450&ssl=1","jetpack-related-posts":[{"id":21154,"url":"https:\/\/deltaimage.de\/wp\/?p=21154","url_meta":{"origin":29786,"position":0},"title":"Naturpark Bayerischer Wald e.V. im historischen Bahnhof in Bayerisch Eisenstein","author":"EschbacP","date":"1. M\u00e4rz 2019","format":false,"excerpt":"Eigentlich m\u00fcsste ich es ja besser wissen! Schlie\u00dflich bin ich seit 1994 Mitglied im Naturpark Bayerischer Wald e.V. Paul Eschbach Der Naturpark Bayerischer Wald erstreckt sich von der Bayerisch-B\u00f6hmischen Grenze bis ins Donautal hinab und grenzt an den Nationalpark Bayerischer Wald und den Nationalpark B\u00f6hmerwald auf tschechischer Seite. Ein riesiger\u2026","rel":"","context":"In &quot;BAYERWALDTEAM&quot;","block_context":{"text":"BAYERWALDTEAM","link":"https:\/\/deltaimage.de\/wp\/?cat=861"},"img":{"alt_text":"","src":"https:\/\/i0.wp.com\/deltaimage.de\/wp\/wp-content\/uploads\/IMG_5451_1200.jpg?fit=1200%2C450&ssl=1&resize=350%2C200","width":350,"height":200,"srcset":"https:\/\/i0.wp.com\/deltaimage.de\/wp\/wp-content\/uploads\/IMG_5451_1200.jpg?fit=1200%2C450&ssl=1&resize=350%2C200 1x, https:\/\/i0.wp.com\/deltaimage.de\/wp\/wp-content\/uploads\/IMG_5451_1200.jpg?fit=1200%2C450&ssl=1&resize=525%2C300 1.5x, https:\/\/i0.wp.com\/deltaimage.de\/wp\/wp-content\/uploads\/IMG_5451_1200.jpg?fit=1200%2C450&ssl=1&resize=700%2C400 2x, https:\/\/i0.wp.com\/deltaimage.de\/wp\/wp-content\/uploads\/IMG_5451_1200.jpg?fit=1200%2C450&ssl=1&resize=1050%2C600 3x"},"classes":[]},{"id":30112,"url":"https:\/\/deltaimage.de\/wp\/?p=30112","url_meta":{"origin":29786,"position":1},"title":"Einige Tage am Gro\u00dfen Falkenstein mit herrlichen Sternenfotos \u00fcber dem Nationalpark Bayerischer Wald","author":"EschbacP","date":"15. September 2021","format":false,"excerpt":"Im Bayerischen Wald tut sich etwas - etwas ganz Besonderes. Die Landschaft der beiden Nationalparke, dem Nationalpark Bayerischer Wald auf bayerischer Seite und der Nationalpark \u0160umava auf b\u00f6hmischer Seite ist ein gro\u00dfes und grenz\u00fcberschreitendes Wald und Naturgebiet. In vielen Regionen in Deutschland gibt es in den letzten Jahren verschiedene Initiativen,\u2026","rel":"","context":"In &quot;BAYERWALDTEAM&quot;","block_context":{"text":"BAYERWALDTEAM","link":"https:\/\/deltaimage.de\/wp\/?cat=861"},"img":{"alt_text":"","src":"https:\/\/i0.wp.com\/deltaimage.de\/wp\/wp-content\/uploads\/PE1S0174_1200.jpg?fit=1200%2C450&ssl=1&resize=350%2C200","width":350,"height":200,"srcset":"https:\/\/i0.wp.com\/deltaimage.de\/wp\/wp-content\/uploads\/PE1S0174_1200.jpg?fit=1200%2C450&ssl=1&resize=350%2C200 1x, https:\/\/i0.wp.com\/deltaimage.de\/wp\/wp-content\/uploads\/PE1S0174_1200.jpg?fit=1200%2C450&ssl=1&resize=525%2C300 1.5x, https:\/\/i0.wp.com\/deltaimage.de\/wp\/wp-content\/uploads\/PE1S0174_1200.jpg?fit=1200%2C450&ssl=1&resize=700%2C400 2x, https:\/\/i0.wp.com\/deltaimage.de\/wp\/wp-content\/uploads\/PE1S0174_1200.jpg?fit=1200%2C450&ssl=1&resize=1050%2C600 3x"},"classes":[]},{"id":19346,"url":"https:\/\/deltaimage.de\/wp\/?p=19346","url_meta":{"origin":29786,"position":2},"title":"Sternenhimmel, Milchstra\u00dfe und die Monde des Jupiter im Nationalpark Bayerischer Wald","author":"EschbacP","date":"10. Juli 2018","format":false,"excerpt":"Im Sommer ist es eigentlich immer sch\u00f6n im Bayerischen Wald. In allen anderen Jahreszeiten ist es ebenso herrlich im Woid \u2013 da kann man eigentlich keine Unterschiede machen. Es gibt aber Lichtstimmungen, die sind schon ganz besonders und pr\u00e4gen sich \u00fcber die vielen Jahre auch ins Ged\u00e4chtnis ein. Eine Nacht\u2026","rel":"","context":"In &quot;BAYERWALDTEAM&quot;","block_context":{"text":"BAYERWALDTEAM","link":"https:\/\/deltaimage.de\/wp\/?cat=861"},"img":{"alt_text":"","src":"https:\/\/i0.wp.com\/deltaimage.de\/wp\/wp-content\/uploads\/PE1S0162_1200.jpg?fit=1200%2C450&ssl=1&resize=350%2C200","width":350,"height":200,"srcset":"https:\/\/i0.wp.com\/deltaimage.de\/wp\/wp-content\/uploads\/PE1S0162_1200.jpg?fit=1200%2C450&ssl=1&resize=350%2C200 1x, https:\/\/i0.wp.com\/deltaimage.de\/wp\/wp-content\/uploads\/PE1S0162_1200.jpg?fit=1200%2C450&ssl=1&resize=525%2C300 1.5x, https:\/\/i0.wp.com\/deltaimage.de\/wp\/wp-content\/uploads\/PE1S0162_1200.jpg?fit=1200%2C450&ssl=1&resize=700%2C400 2x, https:\/\/i0.wp.com\/deltaimage.de\/wp\/wp-content\/uploads\/PE1S0162_1200.jpg?fit=1200%2C450&ssl=1&resize=1050%2C600 3x"},"classes":[]},{"id":34540,"url":"https:\/\/deltaimage.de\/wp\/?p=34540","url_meta":{"origin":29786,"position":3},"title":"H\u00f6llbachgspreng am Gro\u00dfen Falkenstein im Bayerischen Wald","author":"EschbacP","date":"1. Juni 2022","format":false,"excerpt":"Der Gro\u00dfe Falkenstein im Nationalpark Bayerischer Wald ist eine nasse Welt in einer steilen Klamm an der S\u00fcdflanke und wird vom Gro\u00dfen H\u00f6llbach durchflossen. Die Gel\u00e4ndemulde entstand in der letzten Eiszeit und f\u00fchrt einen Gro\u00dfteil der Niederschl\u00e4ge auf dem Gro\u00dfe Falkenstein oberirdisch durch diese eingeschnittene Schlucht \u00fcber haushohe Felsstufen ins\u2026","rel":"","context":"In &quot;BAYERWALDTEAM&quot;","block_context":{"text":"BAYERWALDTEAM","link":"https:\/\/deltaimage.de\/wp\/?cat=861"},"img":{"alt_text":"","src":"https:\/\/i0.wp.com\/deltaimage.de\/wp\/wp-content\/uploads\/PE1S0805_1200.jpg?fit=1200%2C450&ssl=1&resize=350%2C200","width":350,"height":200,"srcset":"https:\/\/i0.wp.com\/deltaimage.de\/wp\/wp-content\/uploads\/PE1S0805_1200.jpg?fit=1200%2C450&ssl=1&resize=350%2C200 1x, https:\/\/i0.wp.com\/deltaimage.de\/wp\/wp-content\/uploads\/PE1S0805_1200.jpg?fit=1200%2C450&ssl=1&resize=525%2C300 1.5x, https:\/\/i0.wp.com\/deltaimage.de\/wp\/wp-content\/uploads\/PE1S0805_1200.jpg?fit=1200%2C450&ssl=1&resize=700%2C400 2x, https:\/\/i0.wp.com\/deltaimage.de\/wp\/wp-content\/uploads\/PE1S0805_1200.jpg?fit=1200%2C450&ssl=1&resize=1050%2C600 3x"},"classes":[]},{"id":34503,"url":"https:\/\/deltaimage.de\/wp\/?p=34503","url_meta":{"origin":29786,"position":4},"title":"Rauschende Wasser am Gro\u00dfen Falkenstein im Bayerischen Wald","author":"EschbacP","date":"3. Juni 2022","format":false,"excerpt":"Der Nationalpark Bayerischer Wald ist dieses Jahr 50 Jahre alt geworden und war der erste Nationalpark in Deutschland. Die unendlichen W\u00e4lder, das Mittelgebirge um den Gro\u00dfer Arber und den Grenzkamm entlang der alten Grenze zwischen Bayern und B\u00f6hmen ist ein Ort des Schutzes f\u00fcr die Natur im Hochwald. Im Nationalpark\u2026","rel":"","context":"In &quot;BAYERWALDTEAM&quot;","block_context":{"text":"BAYERWALDTEAM","link":"https:\/\/deltaimage.de\/wp\/?cat=861"},"img":{"alt_text":"","src":"https:\/\/i0.wp.com\/deltaimage.de\/wp\/wp-content\/uploads\/PE1S0362_1200.jpg?fit=1200%2C450&ssl=1&resize=350%2C200","width":350,"height":200,"srcset":"https:\/\/i0.wp.com\/deltaimage.de\/wp\/wp-content\/uploads\/PE1S0362_1200.jpg?fit=1200%2C450&ssl=1&resize=350%2C200 1x, https:\/\/i0.wp.com\/deltaimage.de\/wp\/wp-content\/uploads\/PE1S0362_1200.jpg?fit=1200%2C450&ssl=1&resize=525%2C300 1.5x, https:\/\/i0.wp.com\/deltaimage.de\/wp\/wp-content\/uploads\/PE1S0362_1200.jpg?fit=1200%2C450&ssl=1&resize=700%2C400 2x, https:\/\/i0.wp.com\/deltaimage.de\/wp\/wp-content\/uploads\/PE1S0362_1200.jpg?fit=1200%2C450&ssl=1&resize=1050%2C600 3x"},"classes":[]},{"id":19136,"url":"https:\/\/deltaimage.de\/wp\/?p=19136","url_meta":{"origin":29786,"position":5},"title":"Fernsicht vom Haidel zum Waldschmidthaus am Gro\u00dfen Rachel im Bayerischen Wald","author":"EschbacP","date":"21. Juni 2018","format":false,"excerpt":"Auf der Wanderkarte im 1:25.000 Ma\u00dfstab ist es nur eine kurze Strecke. Auf dem Aussichtsturm am Haidel stehend, erblicken wir an der Horizontlinie die Silhouette des Gro\u00dfen Rachel mit unseren passenden Fotoobjektiven. Der zweith\u00f6chste Gipfel des Bayerischen Waldes mit 1453 m ist nur 3 m niedriger als der K\u00f6nig des\u2026","rel":"","context":"In &quot;BAYERWALDTEAM&quot;","block_context":{"text":"BAYERWALDTEAM","link":"https:\/\/deltaimage.de\/wp\/?cat=861"},"img":{"alt_text":"BAYERWALDTEAM neu","src":"https:\/\/i0.wp.com\/deltaimage.de\/wp\/wp-content\/uploads\/BAYERWALDTEAM_neu.jpg?resize=350%2C200","width":350,"height":200},"classes":[]}],"jetpack_sharing_enabled":true,"_links":{"self":[{"href":"https:\/\/deltaimage.de\/wp\/index.php?rest_route=\/wp\/v2\/posts\/29786","targetHints":{"allow":["GET"]}}],"collection":[{"href":"https:\/\/deltaimage.de\/wp\/index.php?rest_route=\/wp\/v2\/posts"}],"about":[{"href":"https:\/\/deltaimage.de\/wp\/index.php?rest_route=\/wp\/v2\/types\/post"}],"author":[{"embeddable":true,"href":"https:\/\/deltaimage.de\/wp\/index.php?rest_route=\/wp\/v2\/users\/1"}],"replies":[{"embeddable":true,"href":"https:\/\/deltaimage.de\/wp\/index.php?rest_route=%2Fwp%2Fv2%2Fcomments&post=29786"}],"version-history":[{"count":6,"href":"https:\/\/deltaimage.de\/wp\/index.php?rest_route=\/wp\/v2\/posts\/29786\/revisions"}],"predecessor-version":[{"id":51202,"href":"https:\/\/deltaimage.de\/wp\/index.php?rest_route=\/wp\/v2\/posts\/29786\/revisions\/51202"}],"wp:featuredmedia":[{"embeddable":true,"href":"https:\/\/deltaimage.de\/wp\/index.php?rest_route=\/wp\/v2\/media\/29787"}],"wp:attachment":[{"href":"https:\/\/deltaimage.de\/wp\/index.php?rest_route=%2Fwp%2Fv2%2Fmedia&parent=29786"}],"wp:term":[{"taxonomy":"category","embeddable":true,"href":"https:\/\/deltaimage.de\/wp\/index.php?rest_route=%2Fwp%2Fv2%2Fcategories&post=29786"},{"taxonomy":"post_tag","embeddable":true,"href":"https:\/\/deltaimage.de\/wp\/index.php?rest_route=%2Fwp%2Fv2%2Ftags&post=29786"}],"curies":[{"name":"wp","href":"https:\/\/api.w.org\/{rel}","templated":true}]}}