{"id":29792,"date":"2021-08-17T08:22:40","date_gmt":"2021-08-17T07:22:40","guid":{"rendered":"https:\/\/deltaimage.de\/wp\/?p=29792"},"modified":"2025-08-19T22:40:22","modified_gmt":"2025-08-19T20:40:22","slug":"hubert-bauer-falkner-wieder-auf-fotostreifzuegen-im-bayerischen-wald-unterwegs-bayerwaldteam-2","status":"publish","type":"post","link":"https:\/\/deltaimage.de\/wp\/?p=29792","title":{"rendered":"Hubert Bauer-Falkner \u2013 wieder auf Fotostreifz\u00fcgen im Bayerischen Wald unterwegs \u2013 BAYERWALDTEAM"},"content":{"rendered":"<p>Ein strammes Fotoprogramm liegt wieder an und entsprechend viele Fotomotive werden gespannt auf uns warten. Wir werden sechs Tage lang durch Fjorde an der Erlau streifen, genauso wie \u00fcber die H\u00f6henz\u00fcge des Grenzkamms zwischen <strong>Bayern<\/strong> und <strong>B\u00f6hmen<\/strong>. Wenn der Tag nicht reicht, dann nehmen wir halt die nach noch mit dazu, wir werden uns auch der Sternenfotografie im <strong>Nationalpark Bayerischer Wald<\/strong> ausf\u00fchrlich widmen.<\/p>\n<p><img loading=\"lazy\" decoding=\"async\" class=\"aligncenter size-full wp-image-3775\" src=\"https:\/\/i2.wp.com\/bayerwaldteam.eu\/wp-content\/uploads\/2021\/08\/PE1S0009_900.jpg?resize=890%2C593&amp;ssl=1\" sizes=\"auto, (max-width: 890px) 100vw, 890px\" srcset=\"https:\/\/i2.wp.com\/bayerwaldteam.eu\/wp-content\/uploads\/2021\/08\/PE1S0009_900.jpg?w=890&amp;ssl=1 890w, https:\/\/i2.wp.com\/bayerwaldteam.eu\/wp-content\/uploads\/2021\/08\/PE1S0009_900.jpg?resize=300%2C200&amp;ssl=1 300w, https:\/\/i2.wp.com\/bayerwaldteam.eu\/wp-content\/uploads\/2021\/08\/PE1S0009_900.jpg?resize=768%2C512&amp;ssl=1 768w, https:\/\/i2.wp.com\/bayerwaldteam.eu\/wp-content\/uploads\/2021\/08\/PE1S0009_900.jpg?resize=600%2C400&amp;ssl=1 600w, https:\/\/i2.wp.com\/bayerwaldteam.eu\/wp-content\/uploads\/2021\/08\/PE1S0009_900.jpg?resize=200%2C133&amp;ssl=1 200w\" alt=\"\" width=\"890\" height=\"593\" data-attachment-id=\"3775\" data-permalink=\"https:\/\/bayerwaldteam.eu\/2021\/08\/16\/hubert-bauer-falkner-wieder-auf-fotostreifzuegen-im-bayerischen-wald-unterwegs-bayerwaldteam\/pe1s0009_900-3\/#main\" data-orig-file=\"https:\/\/i2.wp.com\/bayerwaldteam.eu\/wp-content\/uploads\/2021\/08\/PE1S0009_900.jpg?fit=890%2C593&amp;ssl=1\" data-orig-size=\"890,593\" data-comments-opened=\"1\" data-image-meta=\"{&quot;aperture&quot;:&quot;6.3&quot;,&quot;credit&quot;:&quot;Paul Eschbach&quot;,&quot;camera&quot;:&quot;Canon EOS-1Ds Mark III&quot;,&quot;caption&quot;:&quot;&quot;,&quot;created_timestamp&quot;:&quot;1628616261&quot;,&quot;copyright&quot;:&quot;&quot;,&quot;focal_length&quot;:&quot;73&quot;,&quot;iso&quot;:&quot;200&quot;,&quot;shutter_speed&quot;:&quot;0.0015625&quot;,&quot;title&quot;:&quot;&quot;,&quot;orientation&quot;:&quot;0&quot;}\" data-image-title=\"PE1S0009_900\" data-image-description=\"\" data-medium-file=\"https:\/\/i2.wp.com\/bayerwaldteam.eu\/wp-content\/uploads\/2021\/08\/PE1S0009_900.jpg?fit=300%2C200&amp;ssl=1\" data-large-file=\"https:\/\/i2.wp.com\/bayerwaldteam.eu\/wp-content\/uploads\/2021\/08\/PE1S0009_900.jpg?fit=890%2C593&amp;ssl=1\" data-recalc-dims=\"1\" \/><\/p>\n<p><!--more--><\/p>\n<h2><\/h2>\n<h2>Fjordlandschaft am Erlau Stausee<\/h2>\n<p>Aus dem letzten Winter 2019 ist uns das Motiv schon l\u00e4ngst bekannt \u2013 nun im Sommer den Zauber des Lichtes hier festhalten.<\/p>\n<p><img loading=\"lazy\" decoding=\"async\" class=\"aligncenter size-full wp-image-3772\" src=\"https:\/\/i2.wp.com\/bayerwaldteam.eu\/wp-content\/uploads\/2021\/08\/PE1S0043_900.jpg?resize=593%2C890&amp;ssl=1\" sizes=\"auto, (max-width: 593px) 100vw, 593px\" srcset=\"https:\/\/i2.wp.com\/bayerwaldteam.eu\/wp-content\/uploads\/2021\/08\/PE1S0043_900.jpg?w=593&amp;ssl=1 593w, https:\/\/i2.wp.com\/bayerwaldteam.eu\/wp-content\/uploads\/2021\/08\/PE1S0043_900.jpg?resize=200%2C300&amp;ssl=1 200w, https:\/\/i2.wp.com\/bayerwaldteam.eu\/wp-content\/uploads\/2021\/08\/PE1S0043_900.jpg?resize=267%2C400&amp;ssl=1 267w\" alt=\"\" width=\"593\" height=\"890\" data-attachment-id=\"3772\" data-permalink=\"https:\/\/bayerwaldteam.eu\/2021\/08\/16\/hubert-bauer-falkner-wieder-auf-fotostreifzuegen-im-bayerischen-wald-unterwegs-bayerwaldteam\/pe1s0043_900-3\/#main\" data-orig-file=\"https:\/\/i2.wp.com\/bayerwaldteam.eu\/wp-content\/uploads\/2021\/08\/PE1S0043_900.jpg?fit=593%2C890&amp;ssl=1\" data-orig-size=\"593,890\" data-comments-opened=\"1\" data-image-meta=\"{&quot;aperture&quot;:&quot;5.6&quot;,&quot;credit&quot;:&quot;Paul Eschbach&quot;,&quot;camera&quot;:&quot;Canon EOS-1Ds Mark III&quot;,&quot;caption&quot;:&quot;&quot;,&quot;created_timestamp&quot;:&quot;1628617307&quot;,&quot;copyright&quot;:&quot;&quot;,&quot;focal_length&quot;:&quot;400&quot;,&quot;iso&quot;:&quot;200&quot;,&quot;shutter_speed&quot;:&quot;0.002&quot;,&quot;title&quot;:&quot;&quot;,&quot;orientation&quot;:&quot;0&quot;}\" data-image-title=\"PE1S0043_900\" data-image-description=\"\" data-medium-file=\"https:\/\/i2.wp.com\/bayerwaldteam.eu\/wp-content\/uploads\/2021\/08\/PE1S0043_900.jpg?fit=200%2C300&amp;ssl=1\" data-large-file=\"https:\/\/i2.wp.com\/bayerwaldteam.eu\/wp-content\/uploads\/2021\/08\/PE1S0043_900.jpg?fit=593%2C890&amp;ssl=1\" data-recalc-dims=\"1\" \/><\/p>\n<p>\u00dcber die Staumauer des Wasserkraftwerkes verl\u00e4uft ein gekennzeichneter Wanderweg und so ist diese doch so vertraute Technik auch sicher begehbar \u2013 ein Garant f\u00fcr viele tolle Fotomotive bei der jetzt schon tief stehenden Sonne.<\/p>\n<p><img loading=\"lazy\" decoding=\"async\" class=\"aligncenter size-full wp-image-3771\" src=\"https:\/\/i0.wp.com\/bayerwaldteam.eu\/wp-content\/uploads\/2021\/08\/PE1S0032_900.jpg?resize=593%2C890&amp;ssl=1\" sizes=\"auto, (max-width: 593px) 100vw, 593px\" srcset=\"https:\/\/i0.wp.com\/bayerwaldteam.eu\/wp-content\/uploads\/2021\/08\/PE1S0032_900.jpg?w=593&amp;ssl=1 593w, https:\/\/i0.wp.com\/bayerwaldteam.eu\/wp-content\/uploads\/2021\/08\/PE1S0032_900.jpg?resize=200%2C300&amp;ssl=1 200w, https:\/\/i0.wp.com\/bayerwaldteam.eu\/wp-content\/uploads\/2021\/08\/PE1S0032_900.jpg?resize=267%2C400&amp;ssl=1 267w\" alt=\"\" width=\"593\" height=\"890\" data-attachment-id=\"3771\" data-permalink=\"https:\/\/bayerwaldteam.eu\/2021\/08\/16\/hubert-bauer-falkner-wieder-auf-fotostreifzuegen-im-bayerischen-wald-unterwegs-bayerwaldteam\/pe1s0032_900-2\/#main\" data-orig-file=\"https:\/\/i0.wp.com\/bayerwaldteam.eu\/wp-content\/uploads\/2021\/08\/PE1S0032_900.jpg?fit=593%2C890&amp;ssl=1\" data-orig-size=\"593,890\" data-comments-opened=\"1\" data-image-meta=\"{&quot;aperture&quot;:&quot;5.6&quot;,&quot;credit&quot;:&quot;Paul Eschbach&quot;,&quot;camera&quot;:&quot;Canon EOS-1Ds Mark III&quot;,&quot;caption&quot;:&quot;&quot;,&quot;created_timestamp&quot;:&quot;1628617006&quot;,&quot;copyright&quot;:&quot;&quot;,&quot;focal_length&quot;:&quot;400&quot;,&quot;iso&quot;:&quot;200&quot;,&quot;shutter_speed&quot;:&quot;0.005&quot;,&quot;title&quot;:&quot;&quot;,&quot;orientation&quot;:&quot;0&quot;}\" data-image-title=\"PE1S0032_900\" data-image-description=\"\" data-medium-file=\"https:\/\/i0.wp.com\/bayerwaldteam.eu\/wp-content\/uploads\/2021\/08\/PE1S0032_900.jpg?fit=200%2C300&amp;ssl=1\" data-large-file=\"https:\/\/i0.wp.com\/bayerwaldteam.eu\/wp-content\/uploads\/2021\/08\/PE1S0032_900.jpg?fit=593%2C890&amp;ssl=1\" data-recalc-dims=\"1\" \/><\/p>\n<blockquote>\n<pre>Ein fl\u00fcchtiger Moment und ein neues Teamfoto sind eingefangen.<\/pre>\n<\/blockquote>\n<p>Ach ja, das geht auch von der anderen Seite des Stausees aus. Man braucht nur eine l\u00e4ngere Brennweite und schon passt alles bei dem herrlichen Licht an diesem Augusttag.<\/p>\n<p><img loading=\"lazy\" decoding=\"async\" class=\"aligncenter size-full wp-image-3773\" src=\"https:\/\/i1.wp.com\/bayerwaldteam.eu\/wp-content\/uploads\/2021\/08\/PE1S0041_900.jpg?resize=890%2C593&amp;ssl=1\" sizes=\"auto, (max-width: 890px) 100vw, 890px\" srcset=\"https:\/\/i1.wp.com\/bayerwaldteam.eu\/wp-content\/uploads\/2021\/08\/PE1S0041_900.jpg?w=890&amp;ssl=1 890w, https:\/\/i1.wp.com\/bayerwaldteam.eu\/wp-content\/uploads\/2021\/08\/PE1S0041_900.jpg?resize=300%2C200&amp;ssl=1 300w, https:\/\/i1.wp.com\/bayerwaldteam.eu\/wp-content\/uploads\/2021\/08\/PE1S0041_900.jpg?resize=768%2C512&amp;ssl=1 768w, https:\/\/i1.wp.com\/bayerwaldteam.eu\/wp-content\/uploads\/2021\/08\/PE1S0041_900.jpg?resize=600%2C400&amp;ssl=1 600w, https:\/\/i1.wp.com\/bayerwaldteam.eu\/wp-content\/uploads\/2021\/08\/PE1S0041_900.jpg?resize=200%2C133&amp;ssl=1 200w\" alt=\"\" width=\"890\" height=\"593\" data-attachment-id=\"3773\" data-permalink=\"https:\/\/bayerwaldteam.eu\/2021\/08\/16\/hubert-bauer-falkner-wieder-auf-fotostreifzuegen-im-bayerischen-wald-unterwegs-bayerwaldteam\/pe1s0041_900-3\/#main\" data-orig-file=\"https:\/\/i1.wp.com\/bayerwaldteam.eu\/wp-content\/uploads\/2021\/08\/PE1S0041_900.jpg?fit=890%2C593&amp;ssl=1\" data-orig-size=\"890,593\" data-comments-opened=\"1\" data-image-meta=\"{&quot;aperture&quot;:&quot;5.6&quot;,&quot;credit&quot;:&quot;Paul Eschbach&quot;,&quot;camera&quot;:&quot;Canon EOS-1Ds Mark III&quot;,&quot;caption&quot;:&quot;&quot;,&quot;created_timestamp&quot;:&quot;1628617256&quot;,&quot;copyright&quot;:&quot;&quot;,&quot;focal_length&quot;:&quot;400&quot;,&quot;iso&quot;:&quot;200&quot;,&quot;shutter_speed&quot;:&quot;0.0025&quot;,&quot;title&quot;:&quot;&quot;,&quot;orientation&quot;:&quot;0&quot;}\" data-image-title=\"PE1S0041_900\" data-image-description=\"\" data-medium-file=\"https:\/\/i1.wp.com\/bayerwaldteam.eu\/wp-content\/uploads\/2021\/08\/PE1S0041_900.jpg?fit=300%2C200&amp;ssl=1\" data-large-file=\"https:\/\/i1.wp.com\/bayerwaldteam.eu\/wp-content\/uploads\/2021\/08\/PE1S0041_900.jpg?fit=890%2C593&amp;ssl=1\" data-recalc-dims=\"1\" \/><\/p>\n<p>Dann kommt auch noch eine Gro\u00dflibelle dahergeflogen und <strong>Paul Eschbach<\/strong> verf\u00e4llt wieder in alte Verhaltensmuster aus dem <strong>Dachauer Moos<\/strong>. Das ist ja nicht weiter schlimm und <strong>Hubert<\/strong> muss es gleich nachmachen und kommt auch auf einige sehenswerte Fotos der Erlauer Libellen.<\/p>\n<p><img loading=\"lazy\" decoding=\"async\" class=\"aligncenter size-full wp-image-3774\" src=\"https:\/\/i1.wp.com\/bayerwaldteam.eu\/wp-content\/uploads\/2021\/08\/PE1S0019_900.jpg?resize=890%2C593&amp;ssl=1\" sizes=\"auto, (max-width: 890px) 100vw, 890px\" srcset=\"https:\/\/i1.wp.com\/bayerwaldteam.eu\/wp-content\/uploads\/2021\/08\/PE1S0019_900.jpg?w=890&amp;ssl=1 890w, https:\/\/i1.wp.com\/bayerwaldteam.eu\/wp-content\/uploads\/2021\/08\/PE1S0019_900.jpg?resize=300%2C200&amp;ssl=1 300w, https:\/\/i1.wp.com\/bayerwaldteam.eu\/wp-content\/uploads\/2021\/08\/PE1S0019_900.jpg?resize=768%2C512&amp;ssl=1 768w, https:\/\/i1.wp.com\/bayerwaldteam.eu\/wp-content\/uploads\/2021\/08\/PE1S0019_900.jpg?resize=600%2C400&amp;ssl=1 600w, https:\/\/i1.wp.com\/bayerwaldteam.eu\/wp-content\/uploads\/2021\/08\/PE1S0019_900.jpg?resize=200%2C133&amp;ssl=1 200w\" alt=\"\" width=\"890\" height=\"593\" data-attachment-id=\"3774\" data-permalink=\"https:\/\/bayerwaldteam.eu\/2021\/08\/16\/hubert-bauer-falkner-wieder-auf-fotostreifzuegen-im-bayerischen-wald-unterwegs-bayerwaldteam\/pe1s0019_900\/#main\" data-orig-file=\"https:\/\/i1.wp.com\/bayerwaldteam.eu\/wp-content\/uploads\/2021\/08\/PE1S0019_900.jpg?fit=890%2C593&amp;ssl=1\" data-orig-size=\"890,593\" data-comments-opened=\"1\" data-image-meta=\"{&quot;aperture&quot;:&quot;5.6&quot;,&quot;credit&quot;:&quot;Paul Eschbach&quot;,&quot;camera&quot;:&quot;Canon EOS-1Ds Mark III&quot;,&quot;caption&quot;:&quot;&quot;,&quot;created_timestamp&quot;:&quot;1628616404&quot;,&quot;copyright&quot;:&quot;&quot;,&quot;focal_length&quot;:&quot;24&quot;,&quot;iso&quot;:&quot;200&quot;,&quot;shutter_speed&quot;:&quot;0.0025&quot;,&quot;title&quot;:&quot;&quot;,&quot;orientation&quot;:&quot;0&quot;}\" data-image-title=\"PE1S0019_900\" data-image-description=\"\" data-medium-file=\"https:\/\/i1.wp.com\/bayerwaldteam.eu\/wp-content\/uploads\/2021\/08\/PE1S0019_900.jpg?fit=300%2C200&amp;ssl=1\" data-large-file=\"https:\/\/i1.wp.com\/bayerwaldteam.eu\/wp-content\/uploads\/2021\/08\/PE1S0019_900.jpg?fit=890%2C593&amp;ssl=1\" data-recalc-dims=\"1\" \/><\/p>\n<h2><\/h2>\n<h2>Grenzkamm zwischen Bayern und B\u00f6hmen am Dreisessel<\/h2>\n<p>Ob der F\u00fclle der Fotomotive muss sich der Fotograf schon ziemlich fokussieren, um zu seinen Motiven zu kommen. Auf jeden Fall schweifen die Blicke weit \u00fcber die Landschaft hier am <strong>Dreil\u00e4ndereck<\/strong>.<\/p>\n<p><img loading=\"lazy\" decoding=\"async\" class=\"aligncenter size-full wp-image-3776\" src=\"https:\/\/i0.wp.com\/bayerwaldteam.eu\/wp-content\/uploads\/2021\/08\/PE1S0447_900.jpg?resize=593%2C890&amp;ssl=1\" sizes=\"auto, (max-width: 593px) 100vw, 593px\" srcset=\"https:\/\/i0.wp.com\/bayerwaldteam.eu\/wp-content\/uploads\/2021\/08\/PE1S0447_900.jpg?w=593&amp;ssl=1 593w, https:\/\/i0.wp.com\/bayerwaldteam.eu\/wp-content\/uploads\/2021\/08\/PE1S0447_900.jpg?resize=200%2C300&amp;ssl=1 200w, https:\/\/i0.wp.com\/bayerwaldteam.eu\/wp-content\/uploads\/2021\/08\/PE1S0447_900.jpg?resize=267%2C400&amp;ssl=1 267w\" alt=\"\" width=\"593\" height=\"890\" data-attachment-id=\"3776\" data-permalink=\"https:\/\/bayerwaldteam.eu\/2021\/08\/16\/hubert-bauer-falkner-wieder-auf-fotostreifzuegen-im-bayerischen-wald-unterwegs-bayerwaldteam\/pe1s0447_900-2\/#main\" data-orig-file=\"https:\/\/i0.wp.com\/bayerwaldteam.eu\/wp-content\/uploads\/2021\/08\/PE1S0447_900.jpg?fit=593%2C890&amp;ssl=1\" data-orig-size=\"593,890\" data-comments-opened=\"1\" data-image-meta=\"{&quot;aperture&quot;:&quot;1.4&quot;,&quot;credit&quot;:&quot;Paul Eschbach&quot;,&quot;camera&quot;:&quot;Canon EOS-1Ds Mark III&quot;,&quot;caption&quot;:&quot;&quot;,&quot;created_timestamp&quot;:&quot;1628688675&quot;,&quot;copyright&quot;:&quot;&quot;,&quot;focal_length&quot;:&quot;50&quot;,&quot;iso&quot;:&quot;200&quot;,&quot;shutter_speed&quot;:&quot;0.000125&quot;,&quot;title&quot;:&quot;&quot;,&quot;orientation&quot;:&quot;0&quot;}\" data-image-title=\"PE1S0447_900\" data-image-description=\"\" data-medium-file=\"https:\/\/i0.wp.com\/bayerwaldteam.eu\/wp-content\/uploads\/2021\/08\/PE1S0447_900.jpg?fit=200%2C300&amp;ssl=1\" data-large-file=\"https:\/\/i0.wp.com\/bayerwaldteam.eu\/wp-content\/uploads\/2021\/08\/PE1S0447_900.jpg?fit=593%2C890&amp;ssl=1\" data-recalc-dims=\"1\" \/><\/p>\n<p>Zwischendurch ergeben sich immer wieder sch\u00f6ne Eigenmotive im <strong>BAYERWALDTEAM<\/strong>.<\/p>\n<p><img loading=\"lazy\" decoding=\"async\" class=\"aligncenter size-full wp-image-3766\" src=\"https:\/\/i1.wp.com\/bayerwaldteam.eu\/wp-content\/uploads\/2021\/08\/PE1S1022_900.jpg?resize=890%2C593&amp;ssl=1\" sizes=\"auto, (max-width: 890px) 100vw, 890px\" srcset=\"https:\/\/i1.wp.com\/bayerwaldteam.eu\/wp-content\/uploads\/2021\/08\/PE1S1022_900.jpg?w=890&amp;ssl=1 890w, https:\/\/i1.wp.com\/bayerwaldteam.eu\/wp-content\/uploads\/2021\/08\/PE1S1022_900.jpg?resize=300%2C200&amp;ssl=1 300w, https:\/\/i1.wp.com\/bayerwaldteam.eu\/wp-content\/uploads\/2021\/08\/PE1S1022_900.jpg?resize=768%2C512&amp;ssl=1 768w, https:\/\/i1.wp.com\/bayerwaldteam.eu\/wp-content\/uploads\/2021\/08\/PE1S1022_900.jpg?resize=600%2C400&amp;ssl=1 600w, https:\/\/i1.wp.com\/bayerwaldteam.eu\/wp-content\/uploads\/2021\/08\/PE1S1022_900.jpg?resize=200%2C133&amp;ssl=1 200w\" alt=\"\" width=\"890\" height=\"593\" data-attachment-id=\"3766\" data-permalink=\"https:\/\/bayerwaldteam.eu\/2021\/08\/16\/hubert-bauer-falkner-wieder-auf-fotostreifzuegen-im-bayerischen-wald-unterwegs-bayerwaldteam\/pe1s1022_900\/#main\" data-orig-file=\"https:\/\/i1.wp.com\/bayerwaldteam.eu\/wp-content\/uploads\/2021\/08\/PE1S1022_900.jpg?fit=890%2C593&amp;ssl=1\" data-orig-size=\"890,593\" data-comments-opened=\"1\" data-image-meta=\"{&quot;aperture&quot;:&quot;8&quot;,&quot;credit&quot;:&quot;Paul Eschbach&quot;,&quot;camera&quot;:&quot;Canon EOS-1Ds Mark III&quot;,&quot;caption&quot;:&quot;&quot;,&quot;created_timestamp&quot;:&quot;1628935731&quot;,&quot;copyright&quot;:&quot;&quot;,&quot;focal_length&quot;:&quot;400&quot;,&quot;iso&quot;:&quot;200&quot;,&quot;shutter_speed&quot;:&quot;0.00625&quot;,&quot;title&quot;:&quot;&quot;,&quot;orientation&quot;:&quot;0&quot;}\" data-image-title=\"PE1S1022_900\" data-image-description=\"\" data-medium-file=\"https:\/\/i1.wp.com\/bayerwaldteam.eu\/wp-content\/uploads\/2021\/08\/PE1S1022_900.jpg?fit=300%2C200&amp;ssl=1\" data-large-file=\"https:\/\/i1.wp.com\/bayerwaldteam.eu\/wp-content\/uploads\/2021\/08\/PE1S1022_900.jpg?fit=890%2C593&amp;ssl=1\" data-recalc-dims=\"1\" \/><\/p>\n<h2><\/h2>\n<h2>Falkenstein und das BAYERWALDTEAM<\/h2>\n<p>Vier Tage auf dem <strong>Falkenstein<\/strong>, so gibt es gen\u00fcgend Gelegenheiten f\u00fcr eigene Teamfotos in der Naturlandschaft.<\/p>\n<p><img loading=\"lazy\" decoding=\"async\" class=\"aligncenter size-full wp-image-3769\" src=\"https:\/\/i2.wp.com\/bayerwaldteam.eu\/wp-content\/uploads\/2021\/08\/PE1S0411_900.jpg?resize=890%2C593&amp;ssl=1\" sizes=\"auto, (max-width: 890px) 100vw, 890px\" srcset=\"https:\/\/i2.wp.com\/bayerwaldteam.eu\/wp-content\/uploads\/2021\/08\/PE1S0411_900.jpg?w=890&amp;ssl=1 890w, https:\/\/i2.wp.com\/bayerwaldteam.eu\/wp-content\/uploads\/2021\/08\/PE1S0411_900.jpg?resize=300%2C200&amp;ssl=1 300w, https:\/\/i2.wp.com\/bayerwaldteam.eu\/wp-content\/uploads\/2021\/08\/PE1S0411_900.jpg?resize=768%2C512&amp;ssl=1 768w, https:\/\/i2.wp.com\/bayerwaldteam.eu\/wp-content\/uploads\/2021\/08\/PE1S0411_900.jpg?resize=600%2C400&amp;ssl=1 600w, https:\/\/i2.wp.com\/bayerwaldteam.eu\/wp-content\/uploads\/2021\/08\/PE1S0411_900.jpg?resize=200%2C133&amp;ssl=1 200w\" alt=\"\" width=\"890\" height=\"593\" data-attachment-id=\"3769\" data-permalink=\"https:\/\/bayerwaldteam.eu\/2021\/08\/16\/hubert-bauer-falkner-wieder-auf-fotostreifzuegen-im-bayerischen-wald-unterwegs-bayerwaldteam\/pe1s0411_900\/#main\" data-orig-file=\"https:\/\/i2.wp.com\/bayerwaldteam.eu\/wp-content\/uploads\/2021\/08\/PE1S0411_900.jpg?fit=890%2C593&amp;ssl=1\" data-orig-size=\"890,593\" data-comments-opened=\"1\" data-image-meta=\"{&quot;aperture&quot;:&quot;2.8&quot;,&quot;credit&quot;:&quot;Paul Eschbach&quot;,&quot;camera&quot;:&quot;Canon EOS-1Ds Mark III&quot;,&quot;caption&quot;:&quot;&quot;,&quot;created_timestamp&quot;:&quot;1628684113&quot;,&quot;copyright&quot;:&quot;&quot;,&quot;focal_length&quot;:&quot;35&quot;,&quot;iso&quot;:&quot;200&quot;,&quot;shutter_speed&quot;:&quot;0.0002&quot;,&quot;title&quot;:&quot;&quot;,&quot;orientation&quot;:&quot;0&quot;}\" data-image-title=\"PE1S0411_900\" data-image-description=\"\" data-medium-file=\"https:\/\/i2.wp.com\/bayerwaldteam.eu\/wp-content\/uploads\/2021\/08\/PE1S0411_900.jpg?fit=300%2C200&amp;ssl=1\" data-large-file=\"https:\/\/i2.wp.com\/bayerwaldteam.eu\/wp-content\/uploads\/2021\/08\/PE1S0411_900.jpg?fit=890%2C593&amp;ssl=1\" data-recalc-dims=\"1\" \/><\/p>\n<p><img loading=\"lazy\" decoding=\"async\" class=\"aligncenter size-full wp-image-3770\" src=\"https:\/\/i2.wp.com\/bayerwaldteam.eu\/wp-content\/uploads\/2021\/08\/PE1S0101_900.jpg?resize=890%2C593&amp;ssl=1\" sizes=\"auto, (max-width: 890px) 100vw, 890px\" srcset=\"https:\/\/i2.wp.com\/bayerwaldteam.eu\/wp-content\/uploads\/2021\/08\/PE1S0101_900.jpg?w=890&amp;ssl=1 890w, https:\/\/i2.wp.com\/bayerwaldteam.eu\/wp-content\/uploads\/2021\/08\/PE1S0101_900.jpg?resize=300%2C200&amp;ssl=1 300w, https:\/\/i2.wp.com\/bayerwaldteam.eu\/wp-content\/uploads\/2021\/08\/PE1S0101_900.jpg?resize=768%2C512&amp;ssl=1 768w, https:\/\/i2.wp.com\/bayerwaldteam.eu\/wp-content\/uploads\/2021\/08\/PE1S0101_900.jpg?resize=600%2C400&amp;ssl=1 600w, https:\/\/i2.wp.com\/bayerwaldteam.eu\/wp-content\/uploads\/2021\/08\/PE1S0101_900.jpg?resize=200%2C133&amp;ssl=1 200w\" alt=\"\" width=\"890\" height=\"593\" data-attachment-id=\"3770\" data-permalink=\"https:\/\/bayerwaldteam.eu\/2021\/08\/16\/hubert-bauer-falkner-wieder-auf-fotostreifzuegen-im-bayerischen-wald-unterwegs-bayerwaldteam\/pe1s0101_900\/#main\" data-orig-file=\"https:\/\/i2.wp.com\/bayerwaldteam.eu\/wp-content\/uploads\/2021\/08\/PE1S0101_900.jpg?fit=890%2C593&amp;ssl=1\" data-orig-size=\"890,593\" data-comments-opened=\"1\" data-image-meta=\"{&quot;aperture&quot;:&quot;5.6&quot;,&quot;credit&quot;:&quot;Paul Eschbach&quot;,&quot;camera&quot;:&quot;Canon EOS-1Ds Mark III&quot;,&quot;caption&quot;:&quot;&quot;,&quot;created_timestamp&quot;:&quot;1628619326&quot;,&quot;copyright&quot;:&quot;&quot;,&quot;focal_length&quot;:&quot;285&quot;,&quot;iso&quot;:&quot;800&quot;,&quot;shutter_speed&quot;:&quot;0.02&quot;,&quot;title&quot;:&quot;&quot;,&quot;orientation&quot;:&quot;0&quot;}\" data-image-title=\"PE1S0101_900\" data-image-description=\"\" data-medium-file=\"https:\/\/i2.wp.com\/bayerwaldteam.eu\/wp-content\/uploads\/2021\/08\/PE1S0101_900.jpg?fit=300%2C200&amp;ssl=1\" data-large-file=\"https:\/\/i2.wp.com\/bayerwaldteam.eu\/wp-content\/uploads\/2021\/08\/PE1S0101_900.jpg?fit=890%2C593&amp;ssl=1\" data-recalc-dims=\"1\" \/><\/p>\n<div id=\"jp-relatedposts\" class=\"jp-relatedposts\"><\/div>\n","protected":false},"excerpt":{"rendered":"<p>Ein strammes Fotoprogramm liegt wieder an und entsprechend viele Fotomotive werden gespannt auf uns warten. Wir werden sechs Tage lang durch Fjorde an der Erlau streifen, genauso wie \u00fcber die [&hellip;]<\/p>\n","protected":false},"author":1,"featured_media":29788,"comment_status":"closed","ping_status":"closed","sticky":false,"template":"","format":"standard","meta":{"wpupg_custom_link":[],"wpupg_custom_link_behaviour":["default"],"wpupg_custom_link_nofollow":["default"],"wpupg_custom_image":[],"wpupg_custom_image_id":[],"jetpack_post_was_ever_published":false,"footnotes":""},"categories":[861,8],"tags":[595,594,884,3068,1246,3069,1892,197],"class_list":["post-29792","post","type-post","status-publish","format-standard","has-post-thumbnail","hentry","category-bayerwaldteam","category-news","tag-bayerischer-wald","tag-bayerwaldteam","tag-dreisessel","tag-erlau-stausee","tag-falkenstein","tag-grosser-falkenstein","tag-hubert-bauer-falkner","tag-sommer"],"jetpack_featured_media_url":"https:\/\/i0.wp.com\/deltaimage.de\/wp\/wp-content\/uploads\/PE1S1022_1200.jpg?fit=1200%2C450&ssl=1","jetpack-related-posts":[{"id":29795,"url":"https:\/\/deltaimage.de\/wp\/?p=29795","url_meta":{"origin":29792,"position":0},"title":"Paul Eschbach \u2013 wieder auf Fotostreifz\u00fcgen im Bayerischen Wald unterwegs \u2013 BAYERWALDTEAM","author":"EschbacP","date":"17. August 2021","format":false,"excerpt":"Sechs Tage im Bayerischen Wald auf Fotostreitzug im BAYERWALDTEAM versprechen wieder viele spannende Motive und noch sch\u00f6nere Erlebnisse f\u00fcr das BAYERWALDTEAM. \u00a0 Bayerischer Pl\u00f6ckenstein auf der Grenze Bayern und B\u00f6hmen am Dreisesselberg Der Dreisesselberg ist immer eine imposante Wanderung auf dem Grenzkamm entlang zwischen Bayern und B\u00f6hmen. Nach beiden Seiten\u2026","rel":"","context":"In &quot;BAYERWALDTEAM&quot;","block_context":{"text":"BAYERWALDTEAM","link":"https:\/\/deltaimage.de\/wp\/?cat=861"},"img":{"alt_text":"","src":"https:\/\/i0.wp.com\/deltaimage.de\/wp\/wp-content\/uploads\/AK3I9785_1200.jpg?fit=1200%2C450&ssl=1&resize=350%2C200","width":350,"height":200,"srcset":"https:\/\/i0.wp.com\/deltaimage.de\/wp\/wp-content\/uploads\/AK3I9785_1200.jpg?fit=1200%2C450&ssl=1&resize=350%2C200 1x, https:\/\/i0.wp.com\/deltaimage.de\/wp\/wp-content\/uploads\/AK3I9785_1200.jpg?fit=1200%2C450&ssl=1&resize=525%2C300 1.5x, https:\/\/i0.wp.com\/deltaimage.de\/wp\/wp-content\/uploads\/AK3I9785_1200.jpg?fit=1200%2C450&ssl=1&resize=700%2C400 2x, https:\/\/i0.wp.com\/deltaimage.de\/wp\/wp-content\/uploads\/AK3I9785_1200.jpg?fit=1200%2C450&ssl=1&resize=1050%2C600 3x"},"classes":[]},{"id":30190,"url":"https:\/\/deltaimage.de\/wp\/?p=30190","url_meta":{"origin":29792,"position":1},"title":"Paul Eschbach \u2013 wieder auf Fotostreifz\u00fcgen im Bayerischen Wald unterwegs \u2013 BAYERWALDTEAM","author":"EschbacP","date":"16. August 2021","format":false,"excerpt":"Sechs Tage im Bayerischen Wald auf Fotostreitzug im BAYERWALDTEAM versprechen wieder viele spannende Motive und noch sch\u00f6nere Erlebnisse f\u00fcr das BAYERWALDTEAM. \u00a0 Bayerischer Pl\u00f6ckenstein auf der Grenze Bayern und B\u00f6hmen am Dreisesselberg Der Dreisesselberg ist immer eine imposante Wanderung auf dem Grenzkamm entlang zwischen Bayern und B\u00f6hmen. Nach beiden Seiten\u2026","rel":"","context":"In &quot;BAYERWALDTEAM&quot;","block_context":{"text":"BAYERWALDTEAM","link":"https:\/\/deltaimage.de\/wp\/?cat=861"},"img":{"alt_text":"","src":"https:\/\/i0.wp.com\/deltaimage.de\/wp\/wp-content\/uploads\/paul-eschbach-wieder-auf-fotostreifzuegen-im-bayerischen-wald-unterwegs-bayerwaldteam.jpg?fit=890%2C593&ssl=1&resize=350%2C200","width":350,"height":200,"srcset":"https:\/\/i0.wp.com\/deltaimage.de\/wp\/wp-content\/uploads\/paul-eschbach-wieder-auf-fotostreifzuegen-im-bayerischen-wald-unterwegs-bayerwaldteam.jpg?fit=890%2C593&ssl=1&resize=350%2C200 1x, https:\/\/i0.wp.com\/deltaimage.de\/wp\/wp-content\/uploads\/paul-eschbach-wieder-auf-fotostreifzuegen-im-bayerischen-wald-unterwegs-bayerwaldteam.jpg?fit=890%2C593&ssl=1&resize=525%2C300 1.5x, https:\/\/i0.wp.com\/deltaimage.de\/wp\/wp-content\/uploads\/paul-eschbach-wieder-auf-fotostreifzuegen-im-bayerischen-wald-unterwegs-bayerwaldteam.jpg?fit=890%2C593&ssl=1&resize=700%2C400 2x"},"classes":[]},{"id":23950,"url":"https:\/\/deltaimage.de\/wp\/?p=23950","url_meta":{"origin":29792,"position":2},"title":"BAYERWALDTEAM im Winterurlaub auf Foto-Streifzug","author":"EschbacP","date":"4. Januar 2020","format":false,"excerpt":"Ach wie sch\u00f6n. Ein paar Tage frei und im Team zusammen durch den Bayerischen Wald als Fotografen zu streifen. Der Wetterbericht hat das Wort Schnee ganz aus der t\u00e4glichen Vorhersage gestrichen. Kein Schnee, kein eigentlicher Winter in Sicht. Weder am Heiligen Abend, noch an Silvester. Inversionswetterlage \u00fcber Ober- und Niederbayern\u2026","rel":"","context":"In &quot;BAYERWALDTEAM&quot;","block_context":{"text":"BAYERWALDTEAM","link":"https:\/\/deltaimage.de\/wp\/?cat=861"},"img":{"alt_text":"","src":"https:\/\/i0.wp.com\/deltaimage.de\/wp\/wp-content\/uploads\/IMG_5341_1200.jpg?fit=1200%2C450&ssl=1&resize=350%2C200","width":350,"height":200,"srcset":"https:\/\/i0.wp.com\/deltaimage.de\/wp\/wp-content\/uploads\/IMG_5341_1200.jpg?fit=1200%2C450&ssl=1&resize=350%2C200 1x, https:\/\/i0.wp.com\/deltaimage.de\/wp\/wp-content\/uploads\/IMG_5341_1200.jpg?fit=1200%2C450&ssl=1&resize=525%2C300 1.5x, https:\/\/i0.wp.com\/deltaimage.de\/wp\/wp-content\/uploads\/IMG_5341_1200.jpg?fit=1200%2C450&ssl=1&resize=700%2C400 2x, https:\/\/i0.wp.com\/deltaimage.de\/wp\/wp-content\/uploads\/IMG_5341_1200.jpg?fit=1200%2C450&ssl=1&resize=1050%2C600 3x"},"classes":[]},{"id":29819,"url":"https:\/\/deltaimage.de\/wp\/?p=29819","url_meta":{"origin":29792,"position":3},"title":"BAYERWALDTEAM \u2013 Durchschreitung des H\u00f6llbachs im Bayerischen Wald","author":"EschbacP","date":"18. August 2021","format":false,"excerpt":"Fotografieren in der m\u00e4chtigen Natur ist nicht immer einfach und der Fotograf erlebt die Landschaft noch viel hautnaher als der Betrachter der Bilder hinterher. So auch bei unserem Fotoeinsatz am Falkenstein im H\u00f6llbach-Ggspreng, einer wildromantischen Klamm an der S\u00fcd-Ost-Flanke des Falkensteins im Bayerischen Wald. M\u00e4chtige Natur unmittelbar vor dem Objektiv\u2026","rel":"","context":"In &quot;BAYERWALDTEAM&quot;","block_context":{"text":"BAYERWALDTEAM","link":"https:\/\/deltaimage.de\/wp\/?cat=861"},"img":{"alt_text":"","src":"https:\/\/i0.wp.com\/deltaimage.de\/wp\/wp-content\/uploads\/bayerwaldteam-durchschreitung-des-hoellbachs-im-bayerischen-wald.jpg?fit=890%2C593&ssl=1&resize=350%2C200","width":350,"height":200,"srcset":"https:\/\/i0.wp.com\/deltaimage.de\/wp\/wp-content\/uploads\/bayerwaldteam-durchschreitung-des-hoellbachs-im-bayerischen-wald.jpg?fit=890%2C593&ssl=1&resize=350%2C200 1x, https:\/\/i0.wp.com\/deltaimage.de\/wp\/wp-content\/uploads\/bayerwaldteam-durchschreitung-des-hoellbachs-im-bayerischen-wald.jpg?fit=890%2C593&ssl=1&resize=525%2C300 1.5x, https:\/\/i0.wp.com\/deltaimage.de\/wp\/wp-content\/uploads\/bayerwaldteam-durchschreitung-des-hoellbachs-im-bayerischen-wald.jpg?fit=890%2C593&ssl=1&resize=700%2C400 2x"},"classes":[]},{"id":20097,"url":"https:\/\/deltaimage.de\/wp\/?p=20097","url_meta":{"origin":29792,"position":4},"title":"Der Jahreskreis im Bayerischen Wald \u2013 Kalender 2009 vom BAYERWALDTEAM","author":"EschbacP","date":"25. August 2018","format":false,"excerpt":"Der Jahreskreis im Bayerischen Wald begleitet die Menschen im Woid das ganze Jahr hindurch. Im Jahr 2009 war dies auch nicht nur so dahin gesagt. Der SSL Verlag brachte eine Kalenderproduktion mit Bildern vom BAYERWALDTEAM \u2013 Huber Bauer-Falkner f\u00fcr das ganze Jahr. Der Kalender d\u00fcrfte inzwischen von den W\u00e4nden der\u2026","rel":"","context":"In &quot;BAYERWALDTEAM&quot;","block_context":{"text":"BAYERWALDTEAM","link":"https:\/\/deltaimage.de\/wp\/?cat=861"},"img":{"alt_text":"","src":"https:\/\/i0.wp.com\/deltaimage.de\/wp\/wp-content\/uploads\/der-jahreskreis-im-bayerischen-wald-kalender-2009-vom-bayerwaldteam.jpg?fit=425%2C600&ssl=1&resize=350%2C200","width":350,"height":200},"classes":[]},{"id":7074,"url":"https:\/\/deltaimage.de\/wp\/?p=7074","url_meta":{"origin":29792,"position":5},"title":"Meine erste Fotoausstellung in Zwiesel 1994","author":"EschbacP","date":"26. Februar 2015","format":false,"excerpt":"BAYERWALDTEAM - Diashows \u00fcber Bayerischer Wald und B\u00f6hmerwald Heute bin ich nach langer Zeit \u00fcber die Webseite meines fr\u00fcheren Partners Hubert Bauer-Falkner gesto\u00dfen und viele sch\u00f6ne Fotos aus gemeinsamen Streifz\u00fcgen durch den Bayerischen Wald und B\u00f6hmerwald wieder gesehen - das freut mich sehr. In den analogen Zeiten eines relativ niedrig\u2026","rel":"","context":"In &quot;Ausstellung \/ Sonderausstellung&quot;","block_context":{"text":"Ausstellung \/ Sonderausstellung","link":"https:\/\/deltaimage.de\/wp\/?cat=860"},"img":{"alt_text":"","src":"https:\/\/i0.wp.com\/deltaimage.de\/wp\/wp-content\/uploads\/Fotoaustellung01_1200_.jpg?fit=1200%2C778&ssl=1&resize=350%2C200","width":350,"height":200,"srcset":"https:\/\/i0.wp.com\/deltaimage.de\/wp\/wp-content\/uploads\/Fotoaustellung01_1200_.jpg?fit=1200%2C778&ssl=1&resize=350%2C200 1x, https:\/\/i0.wp.com\/deltaimage.de\/wp\/wp-content\/uploads\/Fotoaustellung01_1200_.jpg?fit=1200%2C778&ssl=1&resize=525%2C300 1.5x, https:\/\/i0.wp.com\/deltaimage.de\/wp\/wp-content\/uploads\/Fotoaustellung01_1200_.jpg?fit=1200%2C778&ssl=1&resize=700%2C400 2x, https:\/\/i0.wp.com\/deltaimage.de\/wp\/wp-content\/uploads\/Fotoaustellung01_1200_.jpg?fit=1200%2C778&ssl=1&resize=1050%2C600 3x"},"classes":[]}],"jetpack_sharing_enabled":true,"_links":{"self":[{"href":"https:\/\/deltaimage.de\/wp\/index.php?rest_route=\/wp\/v2\/posts\/29792","targetHints":{"allow":["GET"]}}],"collection":[{"href":"https:\/\/deltaimage.de\/wp\/index.php?rest_route=\/wp\/v2\/posts"}],"about":[{"href":"https:\/\/deltaimage.de\/wp\/index.php?rest_route=\/wp\/v2\/types\/post"}],"author":[{"embeddable":true,"href":"https:\/\/deltaimage.de\/wp\/index.php?rest_route=\/wp\/v2\/users\/1"}],"replies":[{"embeddable":true,"href":"https:\/\/deltaimage.de\/wp\/index.php?rest_route=%2Fwp%2Fv2%2Fcomments&post=29792"}],"version-history":[{"count":6,"href":"https:\/\/deltaimage.de\/wp\/index.php?rest_route=\/wp\/v2\/posts\/29792\/revisions"}],"predecessor-version":[{"id":51334,"href":"https:\/\/deltaimage.de\/wp\/index.php?rest_route=\/wp\/v2\/posts\/29792\/revisions\/51334"}],"wp:featuredmedia":[{"embeddable":true,"href":"https:\/\/deltaimage.de\/wp\/index.php?rest_route=\/wp\/v2\/media\/29788"}],"wp:attachment":[{"href":"https:\/\/deltaimage.de\/wp\/index.php?rest_route=%2Fwp%2Fv2%2Fmedia&parent=29792"}],"wp:term":[{"taxonomy":"category","embeddable":true,"href":"https:\/\/deltaimage.de\/wp\/index.php?rest_route=%2Fwp%2Fv2%2Fcategories&post=29792"},{"taxonomy":"post_tag","embeddable":true,"href":"https:\/\/deltaimage.de\/wp\/index.php?rest_route=%2Fwp%2Fv2%2Ftags&post=29792"}],"curies":[{"name":"wp","href":"https:\/\/api.w.org\/{rel}","templated":true}]}}