{"id":29798,"date":"2021-08-17T08:25:40","date_gmt":"2021-08-17T07:25:40","guid":{"rendered":"https:\/\/deltaimage.de\/wp\/?p=29798"},"modified":"2025-08-19T22:45:40","modified_gmt":"2025-08-19T20:45:40","slug":"bayerwaldteam-fotografiert-wieder-im-bayerischen-wald-2","status":"publish","type":"post","link":"https:\/\/deltaimage.de\/wp\/?p=29798","title":{"rendered":"BAYERWALDTEAM fotografiert wieder im Bayerischen Wald"},"content":{"rendered":"<p><img data-recalc-dims=\"1\" loading=\"lazy\" decoding=\"async\" data-attachment-id=\"10582\" data-permalink=\"https:\/\/deltaimage.de\/wp\/?attachment_id=10582#main\" data-orig-file=\"https:\/\/i0.wp.com\/deltaimage.de\/wp\/wp-content\/uploads\/BAYERWALDTEAM_neu.jpg?fit=1546%2C1085&amp;ssl=1\" data-orig-size=\"1546,1085\" data-comments-opened=\"0\" data-image-meta=\"{&quot;aperture&quot;:&quot;0&quot;,&quot;credit&quot;:&quot;&quot;,&quot;camera&quot;:&quot;&quot;,&quot;caption&quot;:&quot;&quot;,&quot;created_timestamp&quot;:&quot;0&quot;,&quot;copyright&quot;:&quot;&quot;,&quot;focal_length&quot;:&quot;0&quot;,&quot;iso&quot;:&quot;0&quot;,&quot;shutter_speed&quot;:&quot;0&quot;,&quot;title&quot;:&quot;&quot;,&quot;orientation&quot;:&quot;0&quot;}\" data-image-title=\"BAYERWALDTEAM_neu\" data-image-description=\"\" data-image-caption=\"\" data-large-file=\"https:\/\/i0.wp.com\/deltaimage.de\/wp\/wp-content\/uploads\/BAYERWALDTEAM_neu.jpg?fit=890%2C625&amp;ssl=1\" class=\"wp-image-10582 alignright\" src=\"https:\/\/i0.wp.com\/deltaimage.de\/wp\/wp-content\/uploads\/BAYERWALDTEAM_neu.jpg?resize=143%2C89\" alt=\"BAYERWALDTEAM neu\" width=\"143\" height=\"89\" \/><br \/>\nEine Woche im August 2021 \u2013 da passt alles zusammen und dann \u201e<em>mias ma naus in Woid<\/em>\u201c zum Fotografieren in der Landschaft zwischen Donau und B\u00f6hmen. Die massiven Einschr\u00e4nkungen durch die Pandemie hatten die Pl\u00e4ne in 2020 und bis jetzt immer wieder durchkreuzt. Jetzt passt es. Die Rahmenbedingungen passen und das Wetter ist f\u00fcr 6-7 Tage hervorragend, mit viel Sonne im Bayerischen Wald \u2013 so wird geplant und gleich in die richtige Tat umgesetzt.<\/p>\n<p><img loading=\"lazy\" decoding=\"async\" class=\"aligncenter size-full wp-image-3666\" src=\"https:\/\/i1.wp.com\/bayerwaldteam.eu\/wp-content\/uploads\/2021\/08\/PE1S1495_900.jpg?resize=890%2C593&amp;ssl=1\" sizes=\"auto, (max-width: 890px) 100vw, 890px\" srcset=\"https:\/\/i1.wp.com\/bayerwaldteam.eu\/wp-content\/uploads\/2021\/08\/PE1S1495_900.jpg?w=890&amp;ssl=1 890w, https:\/\/i1.wp.com\/bayerwaldteam.eu\/wp-content\/uploads\/2021\/08\/PE1S1495_900.jpg?resize=300%2C200&amp;ssl=1 300w, https:\/\/i1.wp.com\/bayerwaldteam.eu\/wp-content\/uploads\/2021\/08\/PE1S1495_900.jpg?resize=768%2C512&amp;ssl=1 768w, https:\/\/i1.wp.com\/bayerwaldteam.eu\/wp-content\/uploads\/2021\/08\/PE1S1495_900.jpg?resize=600%2C400&amp;ssl=1 600w, https:\/\/i1.wp.com\/bayerwaldteam.eu\/wp-content\/uploads\/2021\/08\/PE1S1495_900.jpg?resize=200%2C133&amp;ssl=1 200w\" alt=\"\" width=\"890\" height=\"593\" data-attachment-id=\"3666\" data-permalink=\"https:\/\/bayerwaldteam.eu\/2021\/08\/16\/bayerwaldteam-fotografiert-wieder-im-bayerischen-wald\/pe1s1495_900\/#main\" data-orig-file=\"https:\/\/i1.wp.com\/bayerwaldteam.eu\/wp-content\/uploads\/2021\/08\/PE1S1495_900.jpg?fit=890%2C593&amp;ssl=1\" data-orig-size=\"890,593\" data-comments-opened=\"1\" data-image-meta=\"{&quot;aperture&quot;:&quot;5&quot;,&quot;credit&quot;:&quot;Paul Eschbach&quot;,&quot;camera&quot;:&quot;Canon EOS-1Ds Mark III&quot;,&quot;caption&quot;:&quot;&quot;,&quot;created_timestamp&quot;:&quot;1629024064&quot;,&quot;copyright&quot;:&quot;&quot;,&quot;focal_length&quot;:&quot;22&quot;,&quot;iso&quot;:&quot;200&quot;,&quot;shutter_speed&quot;:&quot;0.033333333333333&quot;,&quot;title&quot;:&quot;&quot;,&quot;orientation&quot;:&quot;0&quot;}\" data-image-title=\"PE1S1495_900\" data-image-description=\"\" data-medium-file=\"https:\/\/i1.wp.com\/bayerwaldteam.eu\/wp-content\/uploads\/2021\/08\/PE1S1495_900.jpg?fit=300%2C200&amp;ssl=1\" data-large-file=\"https:\/\/i1.wp.com\/bayerwaldteam.eu\/wp-content\/uploads\/2021\/08\/PE1S1495_900.jpg?fit=890%2C593&amp;ssl=1\" data-recalc-dims=\"1\" \/><\/p>\n<p><!--more--><\/p>\n<h2><\/h2>\n<h2>Vier Tage \u00dcbernachtung auf dem neuen Schutzhaus auf dem gro\u00dfen Falkenstein<\/h2>\n<p>W\u00e4hrend Bayern wieder unter einer Hitze schwitzt, herrschen hier in 1.315 m auf dem Gipfel des Zwieseler Hausbergs angenehme Temperaturen und machen den Kurzurlaub zum wahren Vergn\u00fcgen f\u00fcr das <strong>BAYERWALDTEAM<\/strong>. Von 2019 ab wurde das alte Schutzhaus des <strong>Bayerischen Waldvereins<\/strong> auf dem gro\u00dfen Falkenstein vollkommen neu gebaut und steht jetzt im neuen Glanz mit hohem Komfort f\u00fcr die G\u00e4ste zur Verf\u00fcgung. Alles gute Gr\u00fcnde, dem neuen Schutzhaus einen ersten Besuch mit \u00dcbernachtung abzustatten.<\/p>\n<p><img loading=\"lazy\" decoding=\"async\" class=\"aligncenter size-full wp-image-3704\" src=\"https:\/\/i0.wp.com\/bayerwaldteam.eu\/wp-content\/uploads\/2021\/08\/PE1S0556_900.jpg?resize=890%2C593&amp;ssl=1\" sizes=\"auto, (max-width: 890px) 100vw, 890px\" srcset=\"https:\/\/i0.wp.com\/bayerwaldteam.eu\/wp-content\/uploads\/2021\/08\/PE1S0556_900.jpg?w=890&amp;ssl=1 890w, https:\/\/i0.wp.com\/bayerwaldteam.eu\/wp-content\/uploads\/2021\/08\/PE1S0556_900.jpg?resize=300%2C200&amp;ssl=1 300w, https:\/\/i0.wp.com\/bayerwaldteam.eu\/wp-content\/uploads\/2021\/08\/PE1S0556_900.jpg?resize=768%2C512&amp;ssl=1 768w, https:\/\/i0.wp.com\/bayerwaldteam.eu\/wp-content\/uploads\/2021\/08\/PE1S0556_900.jpg?resize=600%2C400&amp;ssl=1 600w, https:\/\/i0.wp.com\/bayerwaldteam.eu\/wp-content\/uploads\/2021\/08\/PE1S0556_900.jpg?resize=200%2C133&amp;ssl=1 200w\" alt=\"\" width=\"890\" height=\"593\" data-attachment-id=\"3704\" data-permalink=\"https:\/\/bayerwaldteam.eu\/2021\/08\/16\/bayerwaldteam-fotografiert-wieder-im-bayerischen-wald\/pe1s0556_900\/#main\" data-orig-file=\"https:\/\/i0.wp.com\/bayerwaldteam.eu\/wp-content\/uploads\/2021\/08\/PE1S0556_900.jpg?fit=890%2C593&amp;ssl=1\" data-orig-size=\"890,593\" data-comments-opened=\"1\" data-image-meta=\"{&quot;aperture&quot;:&quot;2.8&quot;,&quot;credit&quot;:&quot;Paul Eschbach&quot;,&quot;camera&quot;:&quot;Canon EOS-1Ds Mark III&quot;,&quot;caption&quot;:&quot;&quot;,&quot;created_timestamp&quot;:&quot;1628795348&quot;,&quot;copyright&quot;:&quot;&quot;,&quot;focal_length&quot;:&quot;16&quot;,&quot;iso&quot;:&quot;200&quot;,&quot;shutter_speed&quot;:&quot;0.003125&quot;,&quot;title&quot;:&quot;&quot;,&quot;orientation&quot;:&quot;0&quot;}\" data-image-title=\"PE1S0556_900\" data-image-description=\"\" data-medium-file=\"https:\/\/i0.wp.com\/bayerwaldteam.eu\/wp-content\/uploads\/2021\/08\/PE1S0556_900.jpg?fit=300%2C200&amp;ssl=1\" data-large-file=\"https:\/\/i0.wp.com\/bayerwaldteam.eu\/wp-content\/uploads\/2021\/08\/PE1S0556_900.jpg?fit=890%2C593&amp;ssl=1\" data-recalc-dims=\"1\" \/><\/p>\n<p>Gleich am ersten Tag galt es, die K\u00fcche zu testen. Wie schmecken denn die Wiener Schnitzel mit Kartoffelsalat. Alles ganz wunderbar, f\u00fcr den m\u00fcden Wanderer genauso wie f\u00fcr den eifrigen Fotografen.<\/p>\n<p><img loading=\"lazy\" decoding=\"async\" class=\"aligncenter size-full wp-image-3670\" src=\"https:\/\/i2.wp.com\/bayerwaldteam.eu\/wp-content\/uploads\/2021\/08\/PE1S1321_900.jpg?resize=593%2C890&amp;ssl=1\" sizes=\"auto, (max-width: 593px) 100vw, 593px\" srcset=\"https:\/\/i2.wp.com\/bayerwaldteam.eu\/wp-content\/uploads\/2021\/08\/PE1S1321_900.jpg?w=593&amp;ssl=1 593w, https:\/\/i2.wp.com\/bayerwaldteam.eu\/wp-content\/uploads\/2021\/08\/PE1S1321_900.jpg?resize=200%2C300&amp;ssl=1 200w, https:\/\/i2.wp.com\/bayerwaldteam.eu\/wp-content\/uploads\/2021\/08\/PE1S1321_900.jpg?resize=267%2C400&amp;ssl=1 267w\" alt=\"\" width=\"593\" height=\"890\" data-attachment-id=\"3670\" data-permalink=\"https:\/\/bayerwaldteam.eu\/2021\/08\/16\/bayerwaldteam-fotografiert-wieder-im-bayerischen-wald\/pe1s1321_900\/#main\" data-orig-file=\"https:\/\/i2.wp.com\/bayerwaldteam.eu\/wp-content\/uploads\/2021\/08\/PE1S1321_900.jpg?fit=593%2C890&amp;ssl=1\" data-orig-size=\"593,890\" data-comments-opened=\"1\" data-image-meta=\"{&quot;aperture&quot;:&quot;8&quot;,&quot;credit&quot;:&quot;Paul Eschbach&quot;,&quot;camera&quot;:&quot;Canon EOS-1Ds Mark III&quot;,&quot;caption&quot;:&quot;&quot;,&quot;created_timestamp&quot;:&quot;1628956433&quot;,&quot;copyright&quot;:&quot;&quot;,&quot;focal_length&quot;:&quot;32&quot;,&quot;iso&quot;:&quot;200&quot;,&quot;shutter_speed&quot;:&quot;0.01&quot;,&quot;title&quot;:&quot;&quot;,&quot;orientation&quot;:&quot;0&quot;}\" data-image-title=\"PE1S1321_900\" data-image-description=\"\" data-medium-file=\"https:\/\/i2.wp.com\/bayerwaldteam.eu\/wp-content\/uploads\/2021\/08\/PE1S1321_900.jpg?fit=200%2C300&amp;ssl=1\" data-large-file=\"https:\/\/i2.wp.com\/bayerwaldteam.eu\/wp-content\/uploads\/2021\/08\/PE1S1321_900.jpg?fit=593%2C890&amp;ssl=1\" data-recalc-dims=\"1\" \/><\/p>\n<p>Knoblauchbrot Suppe und Pfannkuchensuppe \u2013 auch die Suppen sind ganz vorz\u00fcglich und schmecken in der H\u00f6henlage noch umso besser.<\/p>\n<h2><\/h2>\n<h2>Doch es geht auch um das Fotografieren im Bayerischen Wald<\/h2>\n<p>Nach langer Zeit brechen wir vom Schutzhaus auf zum eigentlich ganz nahen H\u00f6llbach Gspreng \u2013 einer wildromantischen Schlucht mit dem wild \u00fcber Kaskaden fallenden H\u00f6llbach an der S\u00fcdflanke des <strong>Gro\u00dfen Falkensteins<\/strong>. Oft waren wir schon hier, aber meist auf dem Durchweg zum Gipfel.<\/p>\n<blockquote>\n<pre>Weiter - weiter, wir m\u00fcssen weiter!<\/pre>\n<\/blockquote>\n<p>Jetzt haben wir Zeit und Mu\u00dfe und das ist beim Fotografieren mit am wichtigsten.<\/p>\n<p><img loading=\"lazy\" decoding=\"async\" class=\"aligncenter size-full wp-image-3752\" src=\"https:\/\/i0.wp.com\/bayerwaldteam.eu\/wp-content\/uploads\/2021\/08\/PE1S0741_900.jpg?resize=593%2C890&amp;ssl=1\" sizes=\"auto, (max-width: 593px) 100vw, 593px\" srcset=\"https:\/\/i0.wp.com\/bayerwaldteam.eu\/wp-content\/uploads\/2021\/08\/PE1S0741_900.jpg?w=593&amp;ssl=1 593w, https:\/\/i0.wp.com\/bayerwaldteam.eu\/wp-content\/uploads\/2021\/08\/PE1S0741_900.jpg?resize=200%2C300&amp;ssl=1 200w, https:\/\/i0.wp.com\/bayerwaldteam.eu\/wp-content\/uploads\/2021\/08\/PE1S0741_900.jpg?resize=267%2C400&amp;ssl=1 267w\" alt=\"\" width=\"593\" height=\"890\" data-attachment-id=\"3752\" data-permalink=\"https:\/\/bayerwaldteam.eu\/2021\/08\/16\/bayerwaldteam-fotografiert-wieder-im-bayerischen-wald\/pe1s0741_900\/#main\" data-orig-file=\"https:\/\/i0.wp.com\/bayerwaldteam.eu\/wp-content\/uploads\/2021\/08\/PE1S0741_900.jpg?fit=593%2C890&amp;ssl=1\" data-orig-size=\"593,890\" data-comments-opened=\"1\" data-image-meta=\"{&quot;aperture&quot;:&quot;5&quot;,&quot;credit&quot;:&quot;Paul Eschbach&quot;,&quot;camera&quot;:&quot;Canon EOS-1Ds Mark III&quot;,&quot;caption&quot;:&quot;&quot;,&quot;created_timestamp&quot;:&quot;1628853631&quot;,&quot;copyright&quot;:&quot;&quot;,&quot;focal_length&quot;:&quot;40&quot;,&quot;iso&quot;:&quot;200&quot;,&quot;shutter_speed&quot;:&quot;0.0125&quot;,&quot;title&quot;:&quot;&quot;,&quot;orientation&quot;:&quot;0&quot;}\" data-image-title=\"PE1S0741_900\" data-image-description=\"\" data-medium-file=\"https:\/\/i0.wp.com\/bayerwaldteam.eu\/wp-content\/uploads\/2021\/08\/PE1S0741_900.jpg?fit=200%2C300&amp;ssl=1\" data-large-file=\"https:\/\/i0.wp.com\/bayerwaldteam.eu\/wp-content\/uploads\/2021\/08\/PE1S0741_900.jpg?fit=593%2C890&amp;ssl=1\" data-recalc-dims=\"1\" \/><\/p>\n<p>Auch den kleinen Motiven kann man sich jetzt ausf\u00fchrlich widmen. In der Schlucht des H\u00f6llbachs bleibt der Tag angenehm k\u00fchl \u2013 welch eine ideale Kombination f\u00fcr einen Berg-wandernden Fotografen.<\/p>\n<p>&nbsp;<\/p>\n<h2>Abends am Gipfel bereiten wir uns f\u00fcr die Astro-Fotografie des Sternenhimmels vor<\/h2>\n<p>Der Nationalpark ist ein guter Standort f\u00fcr die Astro-Fotografie. Die Lichter der Nacht von Zwiesel erhellen den Himmel trotzdem noch mehr als uns lieb ist.<\/p>\n<p><img loading=\"lazy\" decoding=\"async\" class=\"aligncenter size-full wp-image-3753\" src=\"https:\/\/i0.wp.com\/bayerwaldteam.eu\/wp-content\/uploads\/2021\/08\/PE1S0955_900.jpg?resize=593%2C890&amp;ssl=1\" sizes=\"auto, (max-width: 593px) 100vw, 593px\" srcset=\"https:\/\/i0.wp.com\/bayerwaldteam.eu\/wp-content\/uploads\/2021\/08\/PE1S0955_900.jpg?w=593&amp;ssl=1 593w, https:\/\/i0.wp.com\/bayerwaldteam.eu\/wp-content\/uploads\/2021\/08\/PE1S0955_900.jpg?resize=200%2C300&amp;ssl=1 200w, https:\/\/i0.wp.com\/bayerwaldteam.eu\/wp-content\/uploads\/2021\/08\/PE1S0955_900.jpg?resize=267%2C400&amp;ssl=1 267w\" alt=\"\" width=\"593\" height=\"890\" data-attachment-id=\"3753\" data-permalink=\"https:\/\/bayerwaldteam.eu\/2021\/08\/16\/bayerwaldteam-fotografiert-wieder-im-bayerischen-wald\/pe1s0955_900\/#main\" data-orig-file=\"https:\/\/i0.wp.com\/bayerwaldteam.eu\/wp-content\/uploads\/2021\/08\/PE1S0955_900.jpg?fit=593%2C890&amp;ssl=1\" data-orig-size=\"593,890\" data-comments-opened=\"1\" data-image-meta=\"{&quot;aperture&quot;:&quot;4.5&quot;,&quot;credit&quot;:&quot;Paul Eschbach&quot;,&quot;camera&quot;:&quot;Canon EOS-1Ds Mark III&quot;,&quot;caption&quot;:&quot;&quot;,&quot;created_timestamp&quot;:&quot;1628887444&quot;,&quot;copyright&quot;:&quot;&quot;,&quot;focal_length&quot;:&quot;23&quot;,&quot;iso&quot;:&quot;200&quot;,&quot;shutter_speed&quot;:&quot;0.25&quot;,&quot;title&quot;:&quot;&quot;,&quot;orientation&quot;:&quot;0&quot;}\" data-image-title=\"PE1S0955_900\" data-image-description=\"\" data-medium-file=\"https:\/\/i0.wp.com\/bayerwaldteam.eu\/wp-content\/uploads\/2021\/08\/PE1S0955_900.jpg?fit=200%2C300&amp;ssl=1\" data-large-file=\"https:\/\/i0.wp.com\/bayerwaldteam.eu\/wp-content\/uploads\/2021\/08\/PE1S0955_900.jpg?fit=593%2C890&amp;ssl=1\" data-recalc-dims=\"1\" \/><\/p>\n<p>F\u00fcr uns auch ziemlich ungew\u00f6hnlich und damit teilweise neu im fotografischen Spektrum ist die Fotografie des Sternenhimmels hier in 1.315 m H\u00f6he.<\/p>\n<div class=\"su-gmap su-u-responsive-media-yes\"><iframe loading=\"lazy\" width=\"900\" height=\"400\" src=\"\/\/maps.google.com\/maps?q=Gro%C3%9Fer%20Falkenstein&amp;output=embed\" title=\"Gro\u00dfer Falkenstein im Bayerischen Wald\"><\/iframe><\/div>\n<div id=\"jp-relatedposts\" class=\"jp-relatedposts\"><\/div>\n","protected":false},"excerpt":{"rendered":"<p>Eine Woche im August 2021 \u2013 da passt alles zusammen und dann \u201emias ma naus in Woid\u201c zum Fotografieren in der Landschaft zwischen Donau und B\u00f6hmen. Die massiven Einschr\u00e4nkungen durch [&hellip;]<\/p>\n","protected":false},"author":1,"featured_media":29790,"comment_status":"closed","ping_status":"closed","sticky":false,"template":"","format":"standard","meta":{"wpupg_custom_link":[],"wpupg_custom_link_behaviour":["default"],"wpupg_custom_link_nofollow":["default"],"wpupg_custom_image":[],"wpupg_custom_image_id":[],"jetpack_post_was_ever_published":false,"footnotes":""},"categories":[861,8],"tags":[594,3069,1892,67],"class_list":["post-29798","post","type-post","status-publish","format-standard","has-post-thumbnail","hentry","category-bayerwaldteam","category-news","tag-bayerwaldteam","tag-grosser-falkenstein","tag-hubert-bauer-falkner","tag-paul-eschbach"],"jetpack_featured_media_url":"https:\/\/i0.wp.com\/deltaimage.de\/wp\/wp-content\/uploads\/PE1S0749_1200.jpg?fit=1200%2C450&ssl=1","jetpack-related-posts":[{"id":29834,"url":"https:\/\/deltaimage.de\/wp\/?p=29834","url_meta":{"origin":29798,"position":0},"title":"Zum Aufw\u00e4rmen der fotografischen Finger &#8211; ein Sonnenuntergang in B\u00fcchlberg","author":"EschbacP","date":"20. August 2021","format":false,"excerpt":"Nach 18 Monaten - nicht-bayerischer-Wald-fotografieren, m\u00fcssen auch wir im BAYERWALDTEAM wieder ganz langsam ans fotografieren zwischen Donau und B\u00f6hmen gew\u00f6hnen. Das soll heute Abend auf dem neuen Aussichtsturm in B\u00fcchlberg geschehen. Ein standesgem\u00e4\u00dfer Rund- und Fernblick f\u00fcr das BAYERWALDTEAM . Passt! \u00a0 140 Stufen sind es bis zur obersten Plattform\u2026","rel":"","context":"In &quot;BAYERWALDTEAM&quot;","block_context":{"text":"BAYERWALDTEAM","link":"https:\/\/deltaimage.de\/wp\/?cat=861"},"img":{"alt_text":"","src":"https:\/\/i0.wp.com\/deltaimage.de\/wp\/wp-content\/uploads\/PE5D2221_1200.jpg?fit=1200%2C450&ssl=1&resize=350%2C200","width":350,"height":200,"srcset":"https:\/\/i0.wp.com\/deltaimage.de\/wp\/wp-content\/uploads\/PE5D2221_1200.jpg?fit=1200%2C450&ssl=1&resize=350%2C200 1x, https:\/\/i0.wp.com\/deltaimage.de\/wp\/wp-content\/uploads\/PE5D2221_1200.jpg?fit=1200%2C450&ssl=1&resize=525%2C300 1.5x, https:\/\/i0.wp.com\/deltaimage.de\/wp\/wp-content\/uploads\/PE5D2221_1200.jpg?fit=1200%2C450&ssl=1&resize=700%2C400 2x, https:\/\/i0.wp.com\/deltaimage.de\/wp\/wp-content\/uploads\/PE5D2221_1200.jpg?fit=1200%2C450&ssl=1&resize=1050%2C600 3x"},"classes":[]},{"id":29795,"url":"https:\/\/deltaimage.de\/wp\/?p=29795","url_meta":{"origin":29798,"position":1},"title":"Paul Eschbach \u2013 wieder auf Fotostreifz\u00fcgen im Bayerischen Wald unterwegs \u2013 BAYERWALDTEAM","author":"EschbacP","date":"17. August 2021","format":false,"excerpt":"Sechs Tage im Bayerischen Wald auf Fotostreitzug im BAYERWALDTEAM versprechen wieder viele spannende Motive und noch sch\u00f6nere Erlebnisse f\u00fcr das BAYERWALDTEAM. \u00a0 Bayerischer Pl\u00f6ckenstein auf der Grenze Bayern und B\u00f6hmen am Dreisesselberg Der Dreisesselberg ist immer eine imposante Wanderung auf dem Grenzkamm entlang zwischen Bayern und B\u00f6hmen. Nach beiden Seiten\u2026","rel":"","context":"In &quot;BAYERWALDTEAM&quot;","block_context":{"text":"BAYERWALDTEAM","link":"https:\/\/deltaimage.de\/wp\/?cat=861"},"img":{"alt_text":"","src":"https:\/\/i0.wp.com\/deltaimage.de\/wp\/wp-content\/uploads\/AK3I9785_1200.jpg?fit=1200%2C450&ssl=1&resize=350%2C200","width":350,"height":200,"srcset":"https:\/\/i0.wp.com\/deltaimage.de\/wp\/wp-content\/uploads\/AK3I9785_1200.jpg?fit=1200%2C450&ssl=1&resize=350%2C200 1x, https:\/\/i0.wp.com\/deltaimage.de\/wp\/wp-content\/uploads\/AK3I9785_1200.jpg?fit=1200%2C450&ssl=1&resize=525%2C300 1.5x, https:\/\/i0.wp.com\/deltaimage.de\/wp\/wp-content\/uploads\/AK3I9785_1200.jpg?fit=1200%2C450&ssl=1&resize=700%2C400 2x, https:\/\/i0.wp.com\/deltaimage.de\/wp\/wp-content\/uploads\/AK3I9785_1200.jpg?fit=1200%2C450&ssl=1&resize=1050%2C600 3x"},"classes":[]},{"id":20097,"url":"https:\/\/deltaimage.de\/wp\/?p=20097","url_meta":{"origin":29798,"position":2},"title":"Der Jahreskreis im Bayerischen Wald \u2013 Kalender 2009 vom BAYERWALDTEAM","author":"EschbacP","date":"25. August 2018","format":false,"excerpt":"Der Jahreskreis im Bayerischen Wald begleitet die Menschen im Woid das ganze Jahr hindurch. Im Jahr 2009 war dies auch nicht nur so dahin gesagt. Der SSL Verlag brachte eine Kalenderproduktion mit Bildern vom BAYERWALDTEAM \u2013 Huber Bauer-Falkner f\u00fcr das ganze Jahr. Der Kalender d\u00fcrfte inzwischen von den W\u00e4nden der\u2026","rel":"","context":"In &quot;BAYERWALDTEAM&quot;","block_context":{"text":"BAYERWALDTEAM","link":"https:\/\/deltaimage.de\/wp\/?cat=861"},"img":{"alt_text":"","src":"https:\/\/i0.wp.com\/deltaimage.de\/wp\/wp-content\/uploads\/der-jahreskreis-im-bayerischen-wald-kalender-2009-vom-bayerwaldteam.jpg?fit=425%2C600&ssl=1&resize=350%2C200","width":350,"height":200},"classes":[]},{"id":30190,"url":"https:\/\/deltaimage.de\/wp\/?p=30190","url_meta":{"origin":29798,"position":3},"title":"Paul Eschbach \u2013 wieder auf Fotostreifz\u00fcgen im Bayerischen Wald unterwegs \u2013 BAYERWALDTEAM","author":"EschbacP","date":"16. August 2021","format":false,"excerpt":"Sechs Tage im Bayerischen Wald auf Fotostreitzug im BAYERWALDTEAM versprechen wieder viele spannende Motive und noch sch\u00f6nere Erlebnisse f\u00fcr das BAYERWALDTEAM. \u00a0 Bayerischer Pl\u00f6ckenstein auf der Grenze Bayern und B\u00f6hmen am Dreisesselberg Der Dreisesselberg ist immer eine imposante Wanderung auf dem Grenzkamm entlang zwischen Bayern und B\u00f6hmen. Nach beiden Seiten\u2026","rel":"","context":"In &quot;BAYERWALDTEAM&quot;","block_context":{"text":"BAYERWALDTEAM","link":"https:\/\/deltaimage.de\/wp\/?cat=861"},"img":{"alt_text":"","src":"https:\/\/i0.wp.com\/deltaimage.de\/wp\/wp-content\/uploads\/paul-eschbach-wieder-auf-fotostreifzuegen-im-bayerischen-wald-unterwegs-bayerwaldteam.jpg?fit=890%2C593&ssl=1&resize=350%2C200","width":350,"height":200,"srcset":"https:\/\/i0.wp.com\/deltaimage.de\/wp\/wp-content\/uploads\/paul-eschbach-wieder-auf-fotostreifzuegen-im-bayerischen-wald-unterwegs-bayerwaldteam.jpg?fit=890%2C593&ssl=1&resize=350%2C200 1x, https:\/\/i0.wp.com\/deltaimage.de\/wp\/wp-content\/uploads\/paul-eschbach-wieder-auf-fotostreifzuegen-im-bayerischen-wald-unterwegs-bayerwaldteam.jpg?fit=890%2C593&ssl=1&resize=525%2C300 1.5x, https:\/\/i0.wp.com\/deltaimage.de\/wp\/wp-content\/uploads\/paul-eschbach-wieder-auf-fotostreifzuegen-im-bayerischen-wald-unterwegs-bayerwaldteam.jpg?fit=890%2C593&ssl=1&resize=700%2C400 2x"},"classes":[]},{"id":29792,"url":"https:\/\/deltaimage.de\/wp\/?p=29792","url_meta":{"origin":29798,"position":4},"title":"Hubert Bauer-Falkner \u2013 wieder auf Fotostreifz\u00fcgen im Bayerischen Wald unterwegs \u2013 BAYERWALDTEAM","author":"EschbacP","date":"17. August 2021","format":false,"excerpt":"Ein strammes Fotoprogramm liegt wieder an und entsprechend viele Fotomotive werden gespannt auf uns warten. Wir werden sechs Tage lang durch Fjorde an der Erlau streifen, genauso wie \u00fcber die H\u00f6henz\u00fcge des Grenzkamms zwischen Bayern und B\u00f6hmen. Wenn der Tag nicht reicht, dann nehmen wir halt die nach noch mit\u2026","rel":"","context":"In &quot;BAYERWALDTEAM&quot;","block_context":{"text":"BAYERWALDTEAM","link":"https:\/\/deltaimage.de\/wp\/?cat=861"},"img":{"alt_text":"","src":"https:\/\/i0.wp.com\/deltaimage.de\/wp\/wp-content\/uploads\/PE1S1022_1200.jpg?fit=1200%2C450&ssl=1&resize=350%2C200","width":350,"height":200,"srcset":"https:\/\/i0.wp.com\/deltaimage.de\/wp\/wp-content\/uploads\/PE1S1022_1200.jpg?fit=1200%2C450&ssl=1&resize=350%2C200 1x, https:\/\/i0.wp.com\/deltaimage.de\/wp\/wp-content\/uploads\/PE1S1022_1200.jpg?fit=1200%2C450&ssl=1&resize=525%2C300 1.5x, https:\/\/i0.wp.com\/deltaimage.de\/wp\/wp-content\/uploads\/PE1S1022_1200.jpg?fit=1200%2C450&ssl=1&resize=700%2C400 2x, https:\/\/i0.wp.com\/deltaimage.de\/wp\/wp-content\/uploads\/PE1S1022_1200.jpg?fit=1200%2C450&ssl=1&resize=1050%2C600 3x"},"classes":[]},{"id":21035,"url":"https:\/\/deltaimage.de\/wp\/?p=21035","url_meta":{"origin":29798,"position":5},"title":"BAYERWALDTEAM &#8211; Fotoeins\u00e4tze im Bayerischen Wald","author":"EschbacP","date":"30. Januar 2019","format":false,"excerpt":"Fotografie im Winter im Bayerischen Wald - alle Jahre wieder ein geliebtes Einsatzgebiet im BAYERWALDTEAM. \u00a0 Winter und Schnee - da muss der Fotograf auch zur Schneeschippe greifen \u00dcber Nacht kommt Schnee - viel Schnee. Der Bayerische Wald ist fr\u00fch morgens ein Winter-Wunderland und der Tag hat pl\u00f6tzlich andere Priorit\u00e4ten.\u2026","rel":"","context":"In &quot;BAYERWALDTEAM&quot;","block_context":{"text":"BAYERWALDTEAM","link":"https:\/\/deltaimage.de\/wp\/?cat=861"},"img":{"alt_text":"","src":"https:\/\/i0.wp.com\/deltaimage.de\/wp\/wp-content\/uploads\/PE1S0081_1200-1.jpg?fit=1200%2C450&ssl=1&resize=350%2C200","width":350,"height":200,"srcset":"https:\/\/i0.wp.com\/deltaimage.de\/wp\/wp-content\/uploads\/PE1S0081_1200-1.jpg?fit=1200%2C450&ssl=1&resize=350%2C200 1x, https:\/\/i0.wp.com\/deltaimage.de\/wp\/wp-content\/uploads\/PE1S0081_1200-1.jpg?fit=1200%2C450&ssl=1&resize=525%2C300 1.5x, https:\/\/i0.wp.com\/deltaimage.de\/wp\/wp-content\/uploads\/PE1S0081_1200-1.jpg?fit=1200%2C450&ssl=1&resize=700%2C400 2x, https:\/\/i0.wp.com\/deltaimage.de\/wp\/wp-content\/uploads\/PE1S0081_1200-1.jpg?fit=1200%2C450&ssl=1&resize=1050%2C600 3x"},"classes":[]}],"jetpack_sharing_enabled":true,"_links":{"self":[{"href":"https:\/\/deltaimage.de\/wp\/index.php?rest_route=\/wp\/v2\/posts\/29798","targetHints":{"allow":["GET"]}}],"collection":[{"href":"https:\/\/deltaimage.de\/wp\/index.php?rest_route=\/wp\/v2\/posts"}],"about":[{"href":"https:\/\/deltaimage.de\/wp\/index.php?rest_route=\/wp\/v2\/types\/post"}],"author":[{"embeddable":true,"href":"https:\/\/deltaimage.de\/wp\/index.php?rest_route=\/wp\/v2\/users\/1"}],"replies":[{"embeddable":true,"href":"https:\/\/deltaimage.de\/wp\/index.php?rest_route=%2Fwp%2Fv2%2Fcomments&post=29798"}],"version-history":[{"count":4,"href":"https:\/\/deltaimage.de\/wp\/index.php?rest_route=\/wp\/v2\/posts\/29798\/revisions"}],"predecessor-version":[{"id":51339,"href":"https:\/\/deltaimage.de\/wp\/index.php?rest_route=\/wp\/v2\/posts\/29798\/revisions\/51339"}],"wp:featuredmedia":[{"embeddable":true,"href":"https:\/\/deltaimage.de\/wp\/index.php?rest_route=\/wp\/v2\/media\/29790"}],"wp:attachment":[{"href":"https:\/\/deltaimage.de\/wp\/index.php?rest_route=%2Fwp%2Fv2%2Fmedia&parent=29798"}],"wp:term":[{"taxonomy":"category","embeddable":true,"href":"https:\/\/deltaimage.de\/wp\/index.php?rest_route=%2Fwp%2Fv2%2Fcategories&post=29798"},{"taxonomy":"post_tag","embeddable":true,"href":"https:\/\/deltaimage.de\/wp\/index.php?rest_route=%2Fwp%2Fv2%2Ftags&post=29798"}],"curies":[{"name":"wp","href":"https:\/\/api.w.org\/{rel}","templated":true}]}}