{"id":29851,"date":"2021-08-22T20:21:07","date_gmt":"2021-08-22T19:21:07","guid":{"rendered":"https:\/\/bayerwaldteam.eu\/?p=3922"},"modified":"2025-08-19T22:52:10","modified_gmt":"2025-08-19T20:52:10","slug":"huberts-neue-schaesn-sein-neuer-fahrbarer-untersatz","status":"publish","type":"post","link":"https:\/\/deltaimage.de\/wp\/?p=29851","title":{"rendered":"Huberts neue Sch\u00e4sn \u2013 sein neuer fahrbarer Untersatz"},"content":{"rendered":"<p><img data-recalc-dims=\"1\" loading=\"lazy\" decoding=\"async\" data-attachment-id=\"10582\" data-permalink=\"https:\/\/deltaimage.de\/wp\/?attachment_id=10582#main\" data-orig-file=\"https:\/\/i0.wp.com\/deltaimage.de\/wp\/wp-content\/uploads\/BAYERWALDTEAM_neu.jpg?fit=1546%2C1085&amp;ssl=1\" data-orig-size=\"1546,1085\" data-comments-opened=\"0\" data-image-meta=\"{&quot;aperture&quot;:&quot;0&quot;,&quot;credit&quot;:&quot;&quot;,&quot;camera&quot;:&quot;&quot;,&quot;caption&quot;:&quot;&quot;,&quot;created_timestamp&quot;:&quot;0&quot;,&quot;copyright&quot;:&quot;&quot;,&quot;focal_length&quot;:&quot;0&quot;,&quot;iso&quot;:&quot;0&quot;,&quot;shutter_speed&quot;:&quot;0&quot;,&quot;title&quot;:&quot;&quot;,&quot;orientation&quot;:&quot;0&quot;}\" data-image-title=\"BAYERWALDTEAM_neu\" data-image-description=\"\" data-image-caption=\"\" data-large-file=\"https:\/\/i0.wp.com\/deltaimage.de\/wp\/wp-content\/uploads\/BAYERWALDTEAM_neu.jpg?fit=890%2C625&amp;ssl=1\" class=\"wp-image-10582 alignright\" src=\"https:\/\/i0.wp.com\/deltaimage.de\/wp\/wp-content\/uploads\/BAYERWALDTEAM_neu.jpg?resize=143%2C89\" alt=\"BAYERWALDTEAM neu\" width=\"143\" height=\"89\" \/>Manchmal ist das gute und bew\u00e4hrte doch nicht mehr das Ma\u00df aller Dinge und es muss sich etwas ver\u00e4ndern \u2013 hoffentlich zum Guten und zum Besseren.<\/p>\n<p>Mit Autos kann das auch so sein. Ach wie gut war doch \u00fcber viele Jahre die F-Klasse aus dem Hause FORD, als fahrbarer Untersatz f\u00fcr <strong><a href=\"https:\/\/bayerwaldteam.eu\/bayerwaldteam\/hubert-bauer-falkner\/\">Hubert<\/a><\/strong>.<\/p>\n<ul>\n<li>B\u00e4ume aus dem Wald ziehen<\/li>\n<li>ganze Steer Holz nach Hause fahren<\/li>\n<li>im Winter die einsamen Wege im Bayerischen Wald zuverl\u00e4ssig erklimmen<\/li>\n<li>gen\u00fcgend Stauraum f\u00fcr das Mountainbike und die Fotoausr\u00fcstung und alles andere auch.<\/li>\n<\/ul>\n<p>Gut, hier und da mal fehlte eine Achse nach einem Unfall, ging hier und dort etwas nicht. Aber angekommen, ja angekommen ist Hubert damit eigentlich meistens.<\/p>\n<p>&nbsp;<\/p>\n<h2>Die F-Klasse aus dem Jahr 2018 am Dreisessel im harten Wintereinsatz<\/h2>\n<p>Ach, was war die F-Klasse sch\u00f6n langsam unterwegs. <strong><a href=\"https:\/\/bayerwaldteam.eu\/bayerwaldteam\/hubert-bauer-falkner\/\">Hubert<\/a><\/strong> konnte das Auto ganz besonders langsam fahren. Gerade im Winter. Eiskalt gefroren, die Fotografen steigen ins Auto ein, Minus 10 Grad drau\u00dfen. Ach wie langsam lie\u00df sich die F-Klasse im Schubbetrieb den Berg hinunterrollen, sodass der Motor ja nicht auf Betriebstemperatur kommt \u2013 w\u00fcrde ja nur unn\u00f6tig W\u00e4rme in die Heizung abgeben k\u00f6nnen.<\/p>\n<blockquote>\n<pre>Egal \u2013 dann halt nicht.<\/pre>\n<\/blockquote>\n<p><img loading=\"lazy\" decoding=\"async\" class=\"aligncenter size-full wp-image-3923\" src=\"https:\/\/i2.wp.com\/bayerwaldteam.eu\/wp-content\/uploads\/2021\/08\/PE1S0780_900.jpg?resize=890%2C593&amp;ssl=1\" sizes=\"auto, (max-width: 890px) 100vw, 890px\" srcset=\"https:\/\/i2.wp.com\/bayerwaldteam.eu\/wp-content\/uploads\/2021\/08\/PE1S0780_900.jpg?w=890&amp;ssl=1 890w, https:\/\/i2.wp.com\/bayerwaldteam.eu\/wp-content\/uploads\/2021\/08\/PE1S0780_900.jpg?resize=300%2C200&amp;ssl=1 300w, https:\/\/i2.wp.com\/bayerwaldteam.eu\/wp-content\/uploads\/2021\/08\/PE1S0780_900.jpg?resize=768%2C512&amp;ssl=1 768w, https:\/\/i2.wp.com\/bayerwaldteam.eu\/wp-content\/uploads\/2021\/08\/PE1S0780_900.jpg?resize=600%2C400&amp;ssl=1 600w, https:\/\/i2.wp.com\/bayerwaldteam.eu\/wp-content\/uploads\/2021\/08\/PE1S0780_900.jpg?resize=200%2C133&amp;ssl=1 200w\" alt=\"\" width=\"890\" height=\"593\" data-attachment-id=\"3923\" data-permalink=\"https:\/\/bayerwaldteam.eu\/2021\/08\/22\/huberts-neue-schaesn-sein-neuer-fahrbarer-untersatz\/pe1s0780_900\/#main\" data-orig-file=\"https:\/\/i2.wp.com\/bayerwaldteam.eu\/wp-content\/uploads\/2021\/08\/PE1S0780_900.jpg?fit=890%2C593&amp;ssl=1\" data-orig-size=\"890,593\" data-comments-opened=\"1\" data-image-meta=\"{&quot;aperture&quot;:&quot;2.8&quot;,&quot;credit&quot;:&quot;Paul Eschbach&quot;,&quot;camera&quot;:&quot;Canon EOS-1Ds Mark III&quot;,&quot;caption&quot;:&quot;&quot;,&quot;created_timestamp&quot;:&quot;1527971519&quot;,&quot;copyright&quot;:&quot;&quot;,&quot;focal_length&quot;:&quot;16&quot;,&quot;iso&quot;:&quot;3200&quot;,&quot;shutter_speed&quot;:&quot;0.05&quot;,&quot;title&quot;:&quot;&quot;,&quot;orientation&quot;:&quot;0&quot;}\" data-image-title=\"PE1S0780_900\" data-image-description=\"\" data-medium-file=\"https:\/\/i2.wp.com\/bayerwaldteam.eu\/wp-content\/uploads\/2021\/08\/PE1S0780_900.jpg?fit=300%2C200&amp;ssl=1\" data-large-file=\"https:\/\/i2.wp.com\/bayerwaldteam.eu\/wp-content\/uploads\/2021\/08\/PE1S0780_900.jpg?fit=890%2C593&amp;ssl=1\" data-recalc-dims=\"1\" \/><\/p>\n<p><!--more--><\/p>\n<p><span id=\"more-3922\"><\/span>Ja, die F-Klasse ist wohl Geschichte \u2013 jetzt kommt etwas ganz anderes ins Haus. Deutlich weniger Komfort. Alles automatisiert \u2013 auch die Heizung. Ob wir damit sicher durch den Winter kommen.<\/p>\n<blockquote>\n<pre>Ciao alter FORD Fiesta Baujahr irgendwann.<\/pre>\n<\/blockquote>\n<p>Angeblich verliert die F-Klasse bei Hochgeschwindigkeitsfahrten mit 120 km\/h auf der Autobahn verschiedene Verkleidungsteile im Fahrtwind \u2013 das macht ihn nur leichter.<\/p>\n<p>&nbsp;<\/p>\n<h2>Der Neue muss sich erst noch die Meriten verdienen \u2013 irgend so a Mercedes<\/h2>\n<p><img loading=\"lazy\" decoding=\"async\" class=\"aligncenter size-full wp-image-3924\" src=\"https:\/\/i2.wp.com\/bayerwaldteam.eu\/wp-content\/uploads\/2021\/08\/AK3I9078_900.jpg?resize=890%2C593&amp;ssl=1\" sizes=\"auto, (max-width: 890px) 100vw, 890px\" srcset=\"https:\/\/i2.wp.com\/bayerwaldteam.eu\/wp-content\/uploads\/2021\/08\/AK3I9078_900.jpg?w=890&amp;ssl=1 890w, https:\/\/i2.wp.com\/bayerwaldteam.eu\/wp-content\/uploads\/2021\/08\/AK3I9078_900.jpg?resize=300%2C200&amp;ssl=1 300w, https:\/\/i2.wp.com\/bayerwaldteam.eu\/wp-content\/uploads\/2021\/08\/AK3I9078_900.jpg?resize=768%2C512&amp;ssl=1 768w, https:\/\/i2.wp.com\/bayerwaldteam.eu\/wp-content\/uploads\/2021\/08\/AK3I9078_900.jpg?resize=600%2C400&amp;ssl=1 600w, https:\/\/i2.wp.com\/bayerwaldteam.eu\/wp-content\/uploads\/2021\/08\/AK3I9078_900.jpg?resize=200%2C133&amp;ssl=1 200w\" alt=\"\" width=\"890\" height=\"593\" data-attachment-id=\"3924\" data-permalink=\"https:\/\/bayerwaldteam.eu\/2021\/08\/22\/huberts-neue-schaesn-sein-neuer-fahrbarer-untersatz\/ak3i9078_900\/#main\" data-orig-file=\"https:\/\/i2.wp.com\/bayerwaldteam.eu\/wp-content\/uploads\/2021\/08\/AK3I9078_900.jpg?fit=890%2C593&amp;ssl=1\" data-orig-size=\"890,593\" data-comments-opened=\"1\" data-image-meta=\"{&quot;aperture&quot;:&quot;5&quot;,&quot;credit&quot;:&quot;LEMMERHIRT - FOTOGRAFIE&quot;,&quot;camera&quot;:&quot;Canon EOS-1D X Mark II&quot;,&quot;caption&quot;:&quot;&quot;,&quot;created_timestamp&quot;:&quot;1628708187&quot;,&quot;copyright&quot;:&quot;&quot;,&quot;focal_length&quot;:&quot;30&quot;,&quot;iso&quot;:&quot;200&quot;,&quot;shutter_speed&quot;:&quot;0.016666666666667&quot;,&quot;title&quot;:&quot;&quot;,&quot;orientation&quot;:&quot;0&quot;}\" data-image-title=\"AK3I9078_900\" data-image-description=\"\" data-medium-file=\"https:\/\/i2.wp.com\/bayerwaldteam.eu\/wp-content\/uploads\/2021\/08\/AK3I9078_900.jpg?fit=300%2C200&amp;ssl=1\" data-large-file=\"https:\/\/i2.wp.com\/bayerwaldteam.eu\/wp-content\/uploads\/2021\/08\/AK3I9078_900.jpg?fit=890%2C593&amp;ssl=1\" data-recalc-dims=\"1\" \/><\/p>\n<p>Gut, da geht wohl etwas mehr hinein. Gleichzeitig f\u00e4llt es schwerer, sich f\u00fcr die richtige Ausr\u00fcstung des Tages zu entscheiden. Dann geht halt alles mit. Die Objektive sind deutlich gr\u00f6\u00dfer geworden und das Auto muss schlie\u00dflich in dem Graphitgraumetallic farblich zum Grau der Gitzostative aus Italien passen.<\/p>\n<blockquote>\n<pre>Die Farbe passt. Checked<\/pre>\n<\/blockquote>\n<h2><\/h2>\n<h2>Paul als Fotomodell f\u00fcr das BAYERWALDTEAM<\/h2>\n<p>F\u00fcr ein Produktfoto muss auch immer ein passend gekleideter Protagonist mit auf\u2019s Foto. Bitte sehr, das macht <strong><a href=\"https:\/\/bayerwaldteam.eu\/bayerwaldteam\/paul-eschbach\/\">Paul<\/a> <\/strong>doch gerne.<\/p>\n<p><img loading=\"lazy\" decoding=\"async\" class=\"aligncenter size-full wp-image-3926\" src=\"https:\/\/i0.wp.com\/bayerwaldteam.eu\/wp-content\/uploads\/2021\/08\/AK3I9081_900.jpg?resize=890%2C593&amp;ssl=1\" sizes=\"auto, (max-width: 890px) 100vw, 890px\" srcset=\"https:\/\/i0.wp.com\/bayerwaldteam.eu\/wp-content\/uploads\/2021\/08\/AK3I9081_900.jpg?w=890&amp;ssl=1 890w, https:\/\/i0.wp.com\/bayerwaldteam.eu\/wp-content\/uploads\/2021\/08\/AK3I9081_900.jpg?resize=300%2C200&amp;ssl=1 300w, https:\/\/i0.wp.com\/bayerwaldteam.eu\/wp-content\/uploads\/2021\/08\/AK3I9081_900.jpg?resize=768%2C512&amp;ssl=1 768w, https:\/\/i0.wp.com\/bayerwaldteam.eu\/wp-content\/uploads\/2021\/08\/AK3I9081_900.jpg?resize=600%2C400&amp;ssl=1 600w, https:\/\/i0.wp.com\/bayerwaldteam.eu\/wp-content\/uploads\/2021\/08\/AK3I9081_900.jpg?resize=200%2C133&amp;ssl=1 200w\" alt=\"\" width=\"890\" height=\"593\" data-attachment-id=\"3926\" data-permalink=\"https:\/\/bayerwaldteam.eu\/2021\/08\/22\/huberts-neue-schaesn-sein-neuer-fahrbarer-untersatz\/ak3i9081_900\/#main\" data-orig-file=\"https:\/\/i0.wp.com\/bayerwaldteam.eu\/wp-content\/uploads\/2021\/08\/AK3I9081_900.jpg?fit=890%2C593&amp;ssl=1\" data-orig-size=\"890,593\" data-comments-opened=\"1\" data-image-meta=\"{&quot;aperture&quot;:&quot;5&quot;,&quot;credit&quot;:&quot;LEMMERHIRT - FOTOGRAFIE&quot;,&quot;camera&quot;:&quot;Canon EOS-1D X Mark II&quot;,&quot;caption&quot;:&quot;&quot;,&quot;created_timestamp&quot;:&quot;1628708269&quot;,&quot;copyright&quot;:&quot;&quot;,&quot;focal_length&quot;:&quot;35&quot;,&quot;iso&quot;:&quot;200&quot;,&quot;shutter_speed&quot;:&quot;0.01&quot;,&quot;title&quot;:&quot;&quot;,&quot;orientation&quot;:&quot;0&quot;}\" data-image-title=\"AK3I9081_900\" data-image-description=\"\" data-medium-file=\"https:\/\/i0.wp.com\/bayerwaldteam.eu\/wp-content\/uploads\/2021\/08\/AK3I9081_900.jpg?fit=300%2C200&amp;ssl=1\" data-large-file=\"https:\/\/i0.wp.com\/bayerwaldteam.eu\/wp-content\/uploads\/2021\/08\/AK3I9081_900.jpg?fit=890%2C593&amp;ssl=1\" data-recalc-dims=\"1\" \/><\/p>\n<p>Dann bin ich doch mal auf den n\u00e4chsten Winter gespannt, wie es dann werden wird. Vielleicht vermissen wir dann den alten FORD F-Klasse.<\/p>\n<blockquote>\n<pre>Wir werden sehen und berichten.<\/pre>\n<\/blockquote>\n","protected":false},"excerpt":{"rendered":"<p>Manchmal ist das gute und bew\u00e4hrte doch nicht mehr das Ma\u00df aller Dinge und es muss sich etwas ver\u00e4ndern \u2013 hoffentlich zum Guten und zum Besseren. Mit Autos kann das [&hellip;]<\/p>\n","protected":false},"author":1,"featured_media":29934,"comment_status":"closed","ping_status":"closed","sticky":false,"template":"","format":"standard","meta":{"wpupg_custom_link":[],"wpupg_custom_link_behaviour":["default"],"wpupg_custom_link_nofollow":["default"],"wpupg_custom_image":[],"wpupg_custom_image_id":[],"jetpack_post_was_ever_published":false,"footnotes":""},"categories":[861,8],"tags":[595,594,1981,2529],"class_list":["post-29851","post","type-post","status-publish","format-standard","has-post-thumbnail","hentry","category-bayerwaldteam","category-news","tag-bayerischer-wald","tag-bayerwaldteam","tag-news-blog","tag-www-bayerwaldteam-eu"],"jetpack_featured_media_url":"https:\/\/i0.wp.com\/deltaimage.de\/wp\/wp-content\/uploads\/AK3I9080_1200.jpg?fit=1200%2C450&ssl=1","jetpack-related-posts":[{"id":29219,"url":"https:\/\/deltaimage.de\/wp\/?p=29219","url_meta":{"origin":29851,"position":0},"title":"16 Monate keine gemeinsame Fotowanderung mehr unternommen &#8211; BAYERWALDTEAM im Hoch- und Niedermoor unterwegs","author":"EschbacP","date":"29. Juni 2021","format":false,"excerpt":"Das lief so ganz anders als wir das geplant hatten. \u00a0 Im Januar 2020 waren wir noch als BAYERWALDTEAM zusammen im Bayerischen Wald unterwegs und hatten viel Zeit in der Landschaft und der Natur im Grenzgebirge verbracht. Eigentlich wollten wir in 2020 viele Tage auf den Wanderh\u00fctten im Grenzkamm von\u2026","rel":"","context":"In &quot;BAYERWALDTEAM&quot;","block_context":{"text":"BAYERWALDTEAM","link":"https:\/\/deltaimage.de\/wp\/?cat=861"},"img":{"alt_text":"","src":"https:\/\/i0.wp.com\/deltaimage.de\/wp\/wp-content\/uploads\/AK3I8100_1200.jpg?fit=1200%2C450&ssl=1&resize=350%2C200","width":350,"height":200,"srcset":"https:\/\/i0.wp.com\/deltaimage.de\/wp\/wp-content\/uploads\/AK3I8100_1200.jpg?fit=1200%2C450&ssl=1&resize=350%2C200 1x, https:\/\/i0.wp.com\/deltaimage.de\/wp\/wp-content\/uploads\/AK3I8100_1200.jpg?fit=1200%2C450&ssl=1&resize=525%2C300 1.5x, https:\/\/i0.wp.com\/deltaimage.de\/wp\/wp-content\/uploads\/AK3I8100_1200.jpg?fit=1200%2C450&ssl=1&resize=700%2C400 2x, https:\/\/i0.wp.com\/deltaimage.de\/wp\/wp-content\/uploads\/AK3I8100_1200.jpg?fit=1200%2C450&ssl=1&resize=1050%2C600 3x"},"classes":[]},{"id":30741,"url":"https:\/\/deltaimage.de\/wp\/?p=30741","url_meta":{"origin":29851,"position":1},"title":"Im Woid kommt der Winter &#8211; auch beim Sch\u00e4sn Hubi in Wotzdorf","author":"EschbacP","date":"28. November 2021","format":false,"excerpt":"Der Herbst war dieses Jahr sehr sch\u00f6n ausgepr\u00e4gt, mit pr\u00e4chtigen Fotom\u00f6glichkeiten vom Ende September bis Mitte November hindurch. Wir senden hier einen aktuellen Bericht aus der BAYERWALDTEAM Au\u00dfenstelle Wotzdorf im Bayerischen Wald. Nur mit gr\u00f6\u00dften M\u00fchen war das Redaktionsteam in Wotzdorf in der Lage, sich einen \u00dcberblick \u00fcber die Winterlage\u2026","rel":"","context":"In &quot;BAYERWALDTEAM&quot;","block_context":{"text":"BAYERWALDTEAM","link":"https:\/\/deltaimage.de\/wp\/?cat=861"},"img":{"alt_text":"","src":"https:\/\/i0.wp.com\/deltaimage.de\/wp\/wp-content\/uploads\/IMG_1289_1200.jpg?fit=1200%2C450&ssl=1&resize=350%2C200","width":350,"height":200,"srcset":"https:\/\/i0.wp.com\/deltaimage.de\/wp\/wp-content\/uploads\/IMG_1289_1200.jpg?fit=1200%2C450&ssl=1&resize=350%2C200 1x, https:\/\/i0.wp.com\/deltaimage.de\/wp\/wp-content\/uploads\/IMG_1289_1200.jpg?fit=1200%2C450&ssl=1&resize=525%2C300 1.5x, https:\/\/i0.wp.com\/deltaimage.de\/wp\/wp-content\/uploads\/IMG_1289_1200.jpg?fit=1200%2C450&ssl=1&resize=700%2C400 2x, https:\/\/i0.wp.com\/deltaimage.de\/wp\/wp-content\/uploads\/IMG_1289_1200.jpg?fit=1200%2C450&ssl=1&resize=1050%2C600 3x"},"classes":[]},{"id":29795,"url":"https:\/\/deltaimage.de\/wp\/?p=29795","url_meta":{"origin":29851,"position":2},"title":"Paul Eschbach \u2013 wieder auf Fotostreifz\u00fcgen im Bayerischen Wald unterwegs \u2013 BAYERWALDTEAM","author":"EschbacP","date":"17. August 2021","format":false,"excerpt":"Sechs Tage im Bayerischen Wald auf Fotostreitzug im BAYERWALDTEAM versprechen wieder viele spannende Motive und noch sch\u00f6nere Erlebnisse f\u00fcr das BAYERWALDTEAM. \u00a0 Bayerischer Pl\u00f6ckenstein auf der Grenze Bayern und B\u00f6hmen am Dreisesselberg Der Dreisesselberg ist immer eine imposante Wanderung auf dem Grenzkamm entlang zwischen Bayern und B\u00f6hmen. Nach beiden Seiten\u2026","rel":"","context":"In &quot;BAYERWALDTEAM&quot;","block_context":{"text":"BAYERWALDTEAM","link":"https:\/\/deltaimage.de\/wp\/?cat=861"},"img":{"alt_text":"","src":"https:\/\/i0.wp.com\/deltaimage.de\/wp\/wp-content\/uploads\/AK3I9785_1200.jpg?fit=1200%2C450&ssl=1&resize=350%2C200","width":350,"height":200,"srcset":"https:\/\/i0.wp.com\/deltaimage.de\/wp\/wp-content\/uploads\/AK3I9785_1200.jpg?fit=1200%2C450&ssl=1&resize=350%2C200 1x, https:\/\/i0.wp.com\/deltaimage.de\/wp\/wp-content\/uploads\/AK3I9785_1200.jpg?fit=1200%2C450&ssl=1&resize=525%2C300 1.5x, https:\/\/i0.wp.com\/deltaimage.de\/wp\/wp-content\/uploads\/AK3I9785_1200.jpg?fit=1200%2C450&ssl=1&resize=700%2C400 2x, https:\/\/i0.wp.com\/deltaimage.de\/wp\/wp-content\/uploads\/AK3I9785_1200.jpg?fit=1200%2C450&ssl=1&resize=1050%2C600 3x"},"classes":[]},{"id":19884,"url":"https:\/\/deltaimage.de\/wp\/?p=19884","url_meta":{"origin":29851,"position":3},"title":"Da \u201eHolz-Hubi\u201c bei der Arbeit f\u00fcr ein warmes Zuhause im Bayerischen Wald","author":"EschbacP","date":"10. Januar 2018","format":false,"excerpt":"W\u00e4rme und Geborgenheit in den kalten Wintertagen ist ein urmenschliches Bed\u00fcrfnis und die Woidler kennen dies mit den langen und harten Wintern noch umso mehr. Dort wo viel Wald ist, dient das Holz auch ganz nat\u00fcrlich zum Heizen in den Wohnungen und so manch ein Woidler geht selber in den\u2026","rel":"","context":"In &quot;BAYERWALDTEAM&quot;","block_context":{"text":"BAYERWALDTEAM","link":"https:\/\/deltaimage.de\/wp\/?cat=861"},"img":{"alt_text":"","src":"https:\/\/i0.wp.com\/deltaimage.de\/wp\/wp-content\/uploads\/da-holz-hubi-bei-der-arbeit-fuer-ein-warmes-zuhause-im-bayerischen-wald.jpg?fit=890%2C593&ssl=1&resize=350%2C200","width":350,"height":200,"srcset":"https:\/\/i0.wp.com\/deltaimage.de\/wp\/wp-content\/uploads\/da-holz-hubi-bei-der-arbeit-fuer-ein-warmes-zuhause-im-bayerischen-wald.jpg?fit=890%2C593&ssl=1&resize=350%2C200 1x, https:\/\/i0.wp.com\/deltaimage.de\/wp\/wp-content\/uploads\/da-holz-hubi-bei-der-arbeit-fuer-ein-warmes-zuhause-im-bayerischen-wald.jpg?fit=890%2C593&ssl=1&resize=525%2C300 1.5x, https:\/\/i0.wp.com\/deltaimage.de\/wp\/wp-content\/uploads\/da-holz-hubi-bei-der-arbeit-fuer-ein-warmes-zuhause-im-bayerischen-wald.jpg?fit=890%2C593&ssl=1&resize=700%2C400 2x"},"classes":[]},{"id":35055,"url":"https:\/\/deltaimage.de\/wp\/?p=35055","url_meta":{"origin":29851,"position":4},"title":"BAYERWALDTEAM &#8211; Hubert Bauer-Falkner unterwegs im Bayerischen Wald","author":"EschbacP","date":"13. Juli 2022","format":false,"excerpt":"Wieder einmal ein langes Wochenende gemeinsam im Bayerischen Wald unterwegs - im Juli sind die Tage meist hei\u00df - \u00fcber 30 \u00b0C. Da ist das Fotografieren in der Landschaft nicht einfach. Wir haben uns ein verl\u00e4ngertes Wochenende ausgesucht, an dem der Himmel viel bew\u00f6lkter ist. Daf\u00fcr fiel die Temperatur am\u2026","rel":"","context":"In &quot;BAYERWALDTEAM&quot;","block_context":{"text":"BAYERWALDTEAM","link":"https:\/\/deltaimage.de\/wp\/?cat=861"},"img":{"alt_text":"","src":"https:\/\/i0.wp.com\/deltaimage.de\/wp\/wp-content\/uploads\/PE1S1924_1200.jpg?fit=1200%2C450&ssl=1&resize=350%2C200","width":350,"height":200,"srcset":"https:\/\/i0.wp.com\/deltaimage.de\/wp\/wp-content\/uploads\/PE1S1924_1200.jpg?fit=1200%2C450&ssl=1&resize=350%2C200 1x, https:\/\/i0.wp.com\/deltaimage.de\/wp\/wp-content\/uploads\/PE1S1924_1200.jpg?fit=1200%2C450&ssl=1&resize=525%2C300 1.5x, https:\/\/i0.wp.com\/deltaimage.de\/wp\/wp-content\/uploads\/PE1S1924_1200.jpg?fit=1200%2C450&ssl=1&resize=700%2C400 2x, https:\/\/i0.wp.com\/deltaimage.de\/wp\/wp-content\/uploads\/PE1S1924_1200.jpg?fit=1200%2C450&ssl=1&resize=1050%2C600 3x"},"classes":[]},{"id":29792,"url":"https:\/\/deltaimage.de\/wp\/?p=29792","url_meta":{"origin":29851,"position":5},"title":"Hubert Bauer-Falkner \u2013 wieder auf Fotostreifz\u00fcgen im Bayerischen Wald unterwegs \u2013 BAYERWALDTEAM","author":"EschbacP","date":"17. August 2021","format":false,"excerpt":"Ein strammes Fotoprogramm liegt wieder an und entsprechend viele Fotomotive werden gespannt auf uns warten. Wir werden sechs Tage lang durch Fjorde an der Erlau streifen, genauso wie \u00fcber die H\u00f6henz\u00fcge des Grenzkamms zwischen Bayern und B\u00f6hmen. Wenn der Tag nicht reicht, dann nehmen wir halt die nach noch mit\u2026","rel":"","context":"In &quot;BAYERWALDTEAM&quot;","block_context":{"text":"BAYERWALDTEAM","link":"https:\/\/deltaimage.de\/wp\/?cat=861"},"img":{"alt_text":"","src":"https:\/\/i0.wp.com\/deltaimage.de\/wp\/wp-content\/uploads\/PE1S1022_1200.jpg?fit=1200%2C450&ssl=1&resize=350%2C200","width":350,"height":200,"srcset":"https:\/\/i0.wp.com\/deltaimage.de\/wp\/wp-content\/uploads\/PE1S1022_1200.jpg?fit=1200%2C450&ssl=1&resize=350%2C200 1x, https:\/\/i0.wp.com\/deltaimage.de\/wp\/wp-content\/uploads\/PE1S1022_1200.jpg?fit=1200%2C450&ssl=1&resize=525%2C300 1.5x, https:\/\/i0.wp.com\/deltaimage.de\/wp\/wp-content\/uploads\/PE1S1022_1200.jpg?fit=1200%2C450&ssl=1&resize=700%2C400 2x, https:\/\/i0.wp.com\/deltaimage.de\/wp\/wp-content\/uploads\/PE1S1022_1200.jpg?fit=1200%2C450&ssl=1&resize=1050%2C600 3x"},"classes":[]}],"jetpack_sharing_enabled":true,"_links":{"self":[{"href":"https:\/\/deltaimage.de\/wp\/index.php?rest_route=\/wp\/v2\/posts\/29851","targetHints":{"allow":["GET"]}}],"collection":[{"href":"https:\/\/deltaimage.de\/wp\/index.php?rest_route=\/wp\/v2\/posts"}],"about":[{"href":"https:\/\/deltaimage.de\/wp\/index.php?rest_route=\/wp\/v2\/types\/post"}],"author":[{"embeddable":true,"href":"https:\/\/deltaimage.de\/wp\/index.php?rest_route=\/wp\/v2\/users\/1"}],"replies":[{"embeddable":true,"href":"https:\/\/deltaimage.de\/wp\/index.php?rest_route=%2Fwp%2Fv2%2Fcomments&post=29851"}],"version-history":[{"count":8,"href":"https:\/\/deltaimage.de\/wp\/index.php?rest_route=\/wp\/v2\/posts\/29851\/revisions"}],"predecessor-version":[{"id":51347,"href":"https:\/\/deltaimage.de\/wp\/index.php?rest_route=\/wp\/v2\/posts\/29851\/revisions\/51347"}],"wp:featuredmedia":[{"embeddable":true,"href":"https:\/\/deltaimage.de\/wp\/index.php?rest_route=\/wp\/v2\/media\/29934"}],"wp:attachment":[{"href":"https:\/\/deltaimage.de\/wp\/index.php?rest_route=%2Fwp%2Fv2%2Fmedia&parent=29851"}],"wp:term":[{"taxonomy":"category","embeddable":true,"href":"https:\/\/deltaimage.de\/wp\/index.php?rest_route=%2Fwp%2Fv2%2Fcategories&post=29851"},{"taxonomy":"post_tag","embeddable":true,"href":"https:\/\/deltaimage.de\/wp\/index.php?rest_route=%2Fwp%2Fv2%2Ftags&post=29851"}],"curies":[{"name":"wp","href":"https:\/\/api.w.org\/{rel}","templated":true}]}}