{"id":29853,"date":"2021-08-22T19:50:24","date_gmt":"2021-08-22T18:50:24","guid":{"rendered":"https:\/\/bayerwaldteam.eu\/?p=3910"},"modified":"2025-08-19T22:51:12","modified_gmt":"2025-08-19T20:51:12","slug":"blaugruene-mosaikjungfer-an-der-kreuzbachklause-im-bayerischen-wald","status":"publish","type":"post","link":"https:\/\/deltaimage.de\/wp\/?p=29853","title":{"rendered":"Blaugr\u00fcne Mosaikjungfer an der Kreuzbachklause im Bayerischen Wald"},"content":{"rendered":"<p><img data-recalc-dims=\"1\" loading=\"lazy\" decoding=\"async\" data-attachment-id=\"10582\" data-permalink=\"https:\/\/deltaimage.de\/wp\/?attachment_id=10582#main\" data-orig-file=\"https:\/\/i0.wp.com\/deltaimage.de\/wp\/wp-content\/uploads\/BAYERWALDTEAM_neu.jpg?fit=1546%2C1085&amp;ssl=1\" data-orig-size=\"1546,1085\" data-comments-opened=\"0\" data-image-meta=\"{&quot;aperture&quot;:&quot;0&quot;,&quot;credit&quot;:&quot;&quot;,&quot;camera&quot;:&quot;&quot;,&quot;caption&quot;:&quot;&quot;,&quot;created_timestamp&quot;:&quot;0&quot;,&quot;copyright&quot;:&quot;&quot;,&quot;focal_length&quot;:&quot;0&quot;,&quot;iso&quot;:&quot;0&quot;,&quot;shutter_speed&quot;:&quot;0&quot;,&quot;title&quot;:&quot;&quot;,&quot;orientation&quot;:&quot;0&quot;}\" data-image-title=\"BAYERWALDTEAM_neu\" data-image-description=\"\" data-image-caption=\"\" data-large-file=\"https:\/\/i0.wp.com\/deltaimage.de\/wp\/wp-content\/uploads\/BAYERWALDTEAM_neu.jpg?fit=890%2C625&amp;ssl=1\" class=\"wp-image-10582 alignright\" src=\"https:\/\/i0.wp.com\/deltaimage.de\/wp\/wp-content\/uploads\/BAYERWALDTEAM_neu.jpg?resize=143%2C89\" alt=\"BAYERWALDTEAM neu\" width=\"143\" height=\"89\" \/>Manche Fotomotive kommen doch einfach v\u00f6llig \u00fcberraschend auf den Fotografen zu und dann hei\u00dft es schnell die Situation umsetzen und aus der Gelegenheit im Fotomotiv ein packendes Foto umzusetzen. So neulich im Bayerischen Wald an der Kreuzbachklause, einem idyllischen Schwellteich am Fu\u00dfe des Dreisesselmassivs, fr\u00fcher f\u00fcr die Holztrift \u00fcber die europ\u00e4ische Wasserscheide gen\u00fctzt.<\/p>\n<p>Zusammen mit <a href=\"https:\/\/bayerwaldteam.eu\/bayerwaldteam\/hubert-bauer-falkner\/\"><strong>Hubert<\/strong> <\/a>war das <a href=\"https:\/\/bayerwaldteam.eu\/bayerwaldteam\/\"><strong>BAYERWALDTEAM<\/strong> <\/a>eigentlich auf dem Weg zum Gipfel des Dreisessels zum sommerlichen Fotoeinsatz.<\/p>\n<blockquote>\n<pre>Die Kreuzbachklause - an der sind wir bisher schon tausendmal vorbeigefahren.\r\nLass uns hier einen Halt machen und sie uns ansehen.<\/pre>\n<\/blockquote>\n<p><img loading=\"lazy\" decoding=\"async\" class=\"aligncenter size-full wp-image-3917\" src=\"https:\/\/i0.wp.com\/bayerwaldteam.eu\/wp-content\/uploads\/2021\/08\/PE1S0265_900.jpg?resize=890%2C593&amp;ssl=1\" sizes=\"auto, (max-width: 890px) 100vw, 890px\" srcset=\"https:\/\/i0.wp.com\/bayerwaldteam.eu\/wp-content\/uploads\/2021\/08\/PE1S0265_900.jpg?w=890&amp;ssl=1 890w, https:\/\/i0.wp.com\/bayerwaldteam.eu\/wp-content\/uploads\/2021\/08\/PE1S0265_900.jpg?resize=300%2C200&amp;ssl=1 300w, https:\/\/i0.wp.com\/bayerwaldteam.eu\/wp-content\/uploads\/2021\/08\/PE1S0265_900.jpg?resize=768%2C512&amp;ssl=1 768w, https:\/\/i0.wp.com\/bayerwaldteam.eu\/wp-content\/uploads\/2021\/08\/PE1S0265_900.jpg?resize=600%2C400&amp;ssl=1 600w, https:\/\/i0.wp.com\/bayerwaldteam.eu\/wp-content\/uploads\/2021\/08\/PE1S0265_900.jpg?resize=200%2C133&amp;ssl=1 200w\" alt=\"\" width=\"890\" height=\"593\" data-attachment-id=\"3917\" data-permalink=\"https:\/\/bayerwaldteam.eu\/2021\/08\/22\/blaugruene-mosaikjungfer-an-der-kreuzbachklause-im-bayerischen-wald\/pe1s0265_900-2\/#main\" data-orig-file=\"https:\/\/i0.wp.com\/bayerwaldteam.eu\/wp-content\/uploads\/2021\/08\/PE1S0265_900.jpg?fit=890%2C593&amp;ssl=1\" data-orig-size=\"890,593\" data-comments-opened=\"1\" data-image-meta=\"{&quot;aperture&quot;:&quot;5.6&quot;,&quot;credit&quot;:&quot;Paul Eschbach&quot;,&quot;camera&quot;:&quot;Canon EOS-1Ds Mark III&quot;,&quot;caption&quot;:&quot;&quot;,&quot;created_timestamp&quot;:&quot;1628680287&quot;,&quot;copyright&quot;:&quot;&quot;,&quot;focal_length&quot;:&quot;350&quot;,&quot;iso&quot;:&quot;400&quot;,&quot;shutter_speed&quot;:&quot;0.00125&quot;,&quot;title&quot;:&quot;&quot;,&quot;orientation&quot;:&quot;0&quot;}\" data-image-title=\"PE1S0265_900\" data-image-description=\"\" data-medium-file=\"https:\/\/i0.wp.com\/bayerwaldteam.eu\/wp-content\/uploads\/2021\/08\/PE1S0265_900.jpg?fit=300%2C200&amp;ssl=1\" data-large-file=\"https:\/\/i0.wp.com\/bayerwaldteam.eu\/wp-content\/uploads\/2021\/08\/PE1S0265_900.jpg?fit=890%2C593&amp;ssl=1\" data-recalc-dims=\"1\" \/><\/p>\n<p><!--more--><\/p>\n<h2><\/h2>\n<h2>Blaugr\u00fcne Mosaikjungfer im Flug fotografieren<\/h2>\n<p>Die\u00a0<strong>Blaugr\u00fcne Mosaikjungfer<\/strong> ist eine Gro\u00dflibelle und ist damit deutlich gr\u00f6\u00dfer als eine <strong>Kleinlibelle<\/strong> und ruhen sich im Flug daher kaum aus. Die <strong>Gro\u00dflibellen<\/strong> ziehen in einem regelm\u00e4\u00dfigen Muster \u00fcber das Jagdgebiet und fangen andere Insekten im Flug und verschaffen sich damit die notwendige Energie f\u00fcr den anstrengenden Flug.<\/p>\n<p><img loading=\"lazy\" decoding=\"async\" class=\"aligncenter size-full wp-image-3918\" src=\"https:\/\/i0.wp.com\/bayerwaldteam.eu\/wp-content\/uploads\/2021\/08\/PE1S0350_900.jpg?resize=890%2C593&amp;ssl=1\" sizes=\"auto, (max-width: 890px) 100vw, 890px\" srcset=\"https:\/\/i0.wp.com\/bayerwaldteam.eu\/wp-content\/uploads\/2021\/08\/PE1S0350_900.jpg?w=890&amp;ssl=1 890w, https:\/\/i0.wp.com\/bayerwaldteam.eu\/wp-content\/uploads\/2021\/08\/PE1S0350_900.jpg?resize=300%2C200&amp;ssl=1 300w, https:\/\/i0.wp.com\/bayerwaldteam.eu\/wp-content\/uploads\/2021\/08\/PE1S0350_900.jpg?resize=768%2C512&amp;ssl=1 768w, https:\/\/i0.wp.com\/bayerwaldteam.eu\/wp-content\/uploads\/2021\/08\/PE1S0350_900.jpg?resize=600%2C400&amp;ssl=1 600w, https:\/\/i0.wp.com\/bayerwaldteam.eu\/wp-content\/uploads\/2021\/08\/PE1S0350_900.jpg?resize=200%2C133&amp;ssl=1 200w\" alt=\"\" width=\"890\" height=\"593\" data-attachment-id=\"3918\" data-permalink=\"https:\/\/bayerwaldteam.eu\/2021\/08\/22\/blaugruene-mosaikjungfer-an-der-kreuzbachklause-im-bayerischen-wald\/pe1s0350_900\/#main\" data-orig-file=\"https:\/\/i0.wp.com\/bayerwaldteam.eu\/wp-content\/uploads\/2021\/08\/PE1S0350_900.jpg?fit=890%2C593&amp;ssl=1\" data-orig-size=\"890,593\" data-comments-opened=\"1\" data-image-meta=\"{&quot;aperture&quot;:&quot;5.6&quot;,&quot;credit&quot;:&quot;Paul Eschbach&quot;,&quot;camera&quot;:&quot;Canon EOS-1Ds Mark III&quot;,&quot;caption&quot;:&quot;&quot;,&quot;created_timestamp&quot;:&quot;1628680597&quot;,&quot;copyright&quot;:&quot;&quot;,&quot;focal_length&quot;:&quot;390&quot;,&quot;iso&quot;:&quot;400&quot;,&quot;shutter_speed&quot;:&quot;0.00125&quot;,&quot;title&quot;:&quot;&quot;,&quot;orientation&quot;:&quot;0&quot;}\" data-image-title=\"PE1S0350_900\" data-image-description=\"\" data-medium-file=\"https:\/\/i0.wp.com\/bayerwaldteam.eu\/wp-content\/uploads\/2021\/08\/PE1S0350_900.jpg?fit=300%2C200&amp;ssl=1\" data-large-file=\"https:\/\/i0.wp.com\/bayerwaldteam.eu\/wp-content\/uploads\/2021\/08\/PE1S0350_900.jpg?fit=890%2C593&amp;ssl=1\" data-recalc-dims=\"1\" \/><\/p>\n<p>Hier an der schattigen <strong>Kreuzbachklause<\/strong> findet die <strong>Mosaikjungfer<\/strong> den Lebensraum, den sie wohl sucht. Wasser, Schatten, Sonne und viele anderen Insekten als Nahrung.<\/p>\n<p><img loading=\"lazy\" decoding=\"async\" class=\"aligncenter size-full wp-image-3919\" src=\"https:\/\/i1.wp.com\/bayerwaldteam.eu\/wp-content\/uploads\/2021\/08\/PE1S0397_900.jpg?resize=890%2C593&amp;ssl=1\" sizes=\"auto, (max-width: 890px) 100vw, 890px\" srcset=\"https:\/\/i1.wp.com\/bayerwaldteam.eu\/wp-content\/uploads\/2021\/08\/PE1S0397_900.jpg?w=890&amp;ssl=1 890w, https:\/\/i1.wp.com\/bayerwaldteam.eu\/wp-content\/uploads\/2021\/08\/PE1S0397_900.jpg?resize=300%2C200&amp;ssl=1 300w, https:\/\/i1.wp.com\/bayerwaldteam.eu\/wp-content\/uploads\/2021\/08\/PE1S0397_900.jpg?resize=768%2C512&amp;ssl=1 768w, https:\/\/i1.wp.com\/bayerwaldteam.eu\/wp-content\/uploads\/2021\/08\/PE1S0397_900.jpg?resize=600%2C400&amp;ssl=1 600w, https:\/\/i1.wp.com\/bayerwaldteam.eu\/wp-content\/uploads\/2021\/08\/PE1S0397_900.jpg?resize=200%2C133&amp;ssl=1 200w\" alt=\"\" width=\"890\" height=\"593\" data-attachment-id=\"3919\" data-permalink=\"https:\/\/bayerwaldteam.eu\/2021\/08\/22\/blaugruene-mosaikjungfer-an-der-kreuzbachklause-im-bayerischen-wald\/pe1s0397_900-2\/#main\" data-orig-file=\"https:\/\/i1.wp.com\/bayerwaldteam.eu\/wp-content\/uploads\/2021\/08\/PE1S0397_900.jpg?fit=890%2C593&amp;ssl=1\" data-orig-size=\"890,593\" data-comments-opened=\"1\" data-image-meta=\"{&quot;aperture&quot;:&quot;5.6&quot;,&quot;credit&quot;:&quot;Paul Eschbach&quot;,&quot;camera&quot;:&quot;Canon EOS-1Ds Mark III&quot;,&quot;caption&quot;:&quot;&quot;,&quot;created_timestamp&quot;:&quot;1628680931&quot;,&quot;copyright&quot;:&quot;&quot;,&quot;focal_length&quot;:&quot;285&quot;,&quot;iso&quot;:&quot;400&quot;,&quot;shutter_speed&quot;:&quot;0.0015625&quot;,&quot;title&quot;:&quot;&quot;,&quot;orientation&quot;:&quot;0&quot;}\" data-image-title=\"PE1S0397_900\" data-image-description=\"\" data-medium-file=\"https:\/\/i1.wp.com\/bayerwaldteam.eu\/wp-content\/uploads\/2021\/08\/PE1S0397_900.jpg?fit=300%2C200&amp;ssl=1\" data-large-file=\"https:\/\/i1.wp.com\/bayerwaldteam.eu\/wp-content\/uploads\/2021\/08\/PE1S0397_900.jpg?fit=890%2C593&amp;ssl=1\" data-recalc-dims=\"1\" \/><\/p>\n<p>Die <strong>Gro\u00dflibellen<\/strong> sind damit um ein Vielfaches schwieriger zu fotografieren als die Kleinlibellen, die sich immer wieder auf einen Ast oder ein Gras absetzen und so gezielt in ein Foto umgesetzt werden k\u00f6nnen.<\/p>\n<p>&nbsp;<\/p>\n<h2>Fotojagd mit einem 100 \u2013 400 mm Objektiv<\/h2>\n<p>Dann wollen wir doch mal sehen, wie wir die <strong>Blaugr\u00fcne<\/strong> <strong>Mosaikjungfer<\/strong> fotografisch einfangen k\u00f6nnen.<\/p>\n<p><img loading=\"lazy\" decoding=\"async\" class=\"aligncenter size-full wp-image-3920\" src=\"https:\/\/i0.wp.com\/bayerwaldteam.eu\/wp-content\/uploads\/2021\/08\/PE1S0310_900.jpg?resize=890%2C593&amp;ssl=1\" sizes=\"auto, (max-width: 890px) 100vw, 890px\" srcset=\"https:\/\/i0.wp.com\/bayerwaldteam.eu\/wp-content\/uploads\/2021\/08\/PE1S0310_900.jpg?w=890&amp;ssl=1 890w, https:\/\/i0.wp.com\/bayerwaldteam.eu\/wp-content\/uploads\/2021\/08\/PE1S0310_900.jpg?resize=300%2C200&amp;ssl=1 300w, https:\/\/i0.wp.com\/bayerwaldteam.eu\/wp-content\/uploads\/2021\/08\/PE1S0310_900.jpg?resize=768%2C512&amp;ssl=1 768w, https:\/\/i0.wp.com\/bayerwaldteam.eu\/wp-content\/uploads\/2021\/08\/PE1S0310_900.jpg?resize=600%2C400&amp;ssl=1 600w, https:\/\/i0.wp.com\/bayerwaldteam.eu\/wp-content\/uploads\/2021\/08\/PE1S0310_900.jpg?resize=200%2C133&amp;ssl=1 200w\" alt=\"\" width=\"890\" height=\"593\" data-attachment-id=\"3920\" data-permalink=\"https:\/\/bayerwaldteam.eu\/2021\/08\/22\/blaugruene-mosaikjungfer-an-der-kreuzbachklause-im-bayerischen-wald\/pe1s0310_900-2\/#main\" data-orig-file=\"https:\/\/i0.wp.com\/bayerwaldteam.eu\/wp-content\/uploads\/2021\/08\/PE1S0310_900.jpg?fit=890%2C593&amp;ssl=1\" data-orig-size=\"890,593\" data-comments-opened=\"1\" data-image-meta=\"{&quot;aperture&quot;:&quot;5.6&quot;,&quot;credit&quot;:&quot;Paul Eschbach&quot;,&quot;camera&quot;:&quot;Canon EOS-1Ds Mark III&quot;,&quot;caption&quot;:&quot;&quot;,&quot;created_timestamp&quot;:&quot;1628680422&quot;,&quot;copyright&quot;:&quot;&quot;,&quot;focal_length&quot;:&quot;400&quot;,&quot;iso&quot;:&quot;400&quot;,&quot;shutter_speed&quot;:&quot;0.003125&quot;,&quot;title&quot;:&quot;&quot;,&quot;orientation&quot;:&quot;0&quot;}\" data-image-title=\"PE1S0310_900\" data-image-description=\"\" data-medium-file=\"https:\/\/i0.wp.com\/bayerwaldteam.eu\/wp-content\/uploads\/2021\/08\/PE1S0310_900.jpg?fit=300%2C200&amp;ssl=1\" data-large-file=\"https:\/\/i0.wp.com\/bayerwaldteam.eu\/wp-content\/uploads\/2021\/08\/PE1S0310_900.jpg?fit=890%2C593&amp;ssl=1\" data-recalc-dims=\"1\" \/><\/p>\n<blockquote>\n<pre>Geht doch.<\/pre>\n<\/blockquote>\n<h2><\/h2>\n<h2>Wo ist die Kreuzbachklause im Bayerischen Wald<\/h2>\n<div id=\"jp-relatedposts\" class=\"jp-relatedposts\"><\/div>\n<div class=\"su-gmap su-u-responsive-media-yes\"><iframe loading=\"lazy\" width=\"900\" height=\"400\" src=\"\/\/maps.google.com\/maps?q=Kreuzbachklause&amp;output=embed\" title=\"Kreuzbachklause am Dreisessel im Bayerischen Wald\"><\/iframe><\/div>\n","protected":false},"excerpt":{"rendered":"<p>Manche Fotomotive kommen doch einfach v\u00f6llig \u00fcberraschend auf den Fotografen zu und dann hei\u00dft es schnell die Situation umsetzen und aus der Gelegenheit im Fotomotiv ein packendes Foto umzusetzen. So [&hellip;]<\/p>\n","protected":false},"author":1,"featured_media":29952,"comment_status":"closed","ping_status":"closed","sticky":false,"template":"","format":"standard","meta":{"wpupg_custom_link":[],"wpupg_custom_link_behaviour":["default"],"wpupg_custom_link_nofollow":["default"],"wpupg_custom_image":[],"wpupg_custom_image_id":[],"jetpack_post_was_ever_published":false,"footnotes":""},"categories":[861,8],"tags":[595,594,3076,884,3077,3078,1981,197,2529],"class_list":["post-29853","post","type-post","status-publish","format-standard","has-post-thumbnail","hentry","category-bayerwaldteam","category-news","tag-bayerischer-wald","tag-bayerwaldteam","tag-blaugruene-mosaikjungfer","tag-dreisessel","tag-kreuzbachklause","tag-libelle","tag-news-blog","tag-sommer","tag-www-bayerwaldteam-eu"],"jetpack_featured_media_url":"https:\/\/i0.wp.com\/deltaimage.de\/wp\/wp-content\/uploads\/PE1S0310_1200-1.jpg?fit=1200%2C450&ssl=1","jetpack-related-posts":[{"id":35055,"url":"https:\/\/deltaimage.de\/wp\/?p=35055","url_meta":{"origin":29853,"position":0},"title":"BAYERWALDTEAM &#8211; Hubert Bauer-Falkner unterwegs im Bayerischen Wald","author":"EschbacP","date":"13. Juli 2022","format":false,"excerpt":"Wieder einmal ein langes Wochenende gemeinsam im Bayerischen Wald unterwegs - im Juli sind die Tage meist hei\u00df - \u00fcber 30 \u00b0C. Da ist das Fotografieren in der Landschaft nicht einfach. Wir haben uns ein verl\u00e4ngertes Wochenende ausgesucht, an dem der Himmel viel bew\u00f6lkter ist. Daf\u00fcr fiel die Temperatur am\u2026","rel":"","context":"In &quot;BAYERWALDTEAM&quot;","block_context":{"text":"BAYERWALDTEAM","link":"https:\/\/deltaimage.de\/wp\/?cat=861"},"img":{"alt_text":"","src":"https:\/\/i0.wp.com\/deltaimage.de\/wp\/wp-content\/uploads\/PE1S1924_1200.jpg?fit=1200%2C450&ssl=1&resize=350%2C200","width":350,"height":200,"srcset":"https:\/\/i0.wp.com\/deltaimage.de\/wp\/wp-content\/uploads\/PE1S1924_1200.jpg?fit=1200%2C450&ssl=1&resize=350%2C200 1x, https:\/\/i0.wp.com\/deltaimage.de\/wp\/wp-content\/uploads\/PE1S1924_1200.jpg?fit=1200%2C450&ssl=1&resize=525%2C300 1.5x, https:\/\/i0.wp.com\/deltaimage.de\/wp\/wp-content\/uploads\/PE1S1924_1200.jpg?fit=1200%2C450&ssl=1&resize=700%2C400 2x, https:\/\/i0.wp.com\/deltaimage.de\/wp\/wp-content\/uploads\/PE1S1924_1200.jpg?fit=1200%2C450&ssl=1&resize=1050%2C600 3x"},"classes":[]},{"id":29834,"url":"https:\/\/deltaimage.de\/wp\/?p=29834","url_meta":{"origin":29853,"position":1},"title":"Zum Aufw\u00e4rmen der fotografischen Finger &#8211; ein Sonnenuntergang in B\u00fcchlberg","author":"EschbacP","date":"20. August 2021","format":false,"excerpt":"Nach 18 Monaten - nicht-bayerischer-Wald-fotografieren, m\u00fcssen auch wir im BAYERWALDTEAM wieder ganz langsam ans fotografieren zwischen Donau und B\u00f6hmen gew\u00f6hnen. Das soll heute Abend auf dem neuen Aussichtsturm in B\u00fcchlberg geschehen. Ein standesgem\u00e4\u00dfer Rund- und Fernblick f\u00fcr das BAYERWALDTEAM . Passt! \u00a0 140 Stufen sind es bis zur obersten Plattform\u2026","rel":"","context":"In &quot;BAYERWALDTEAM&quot;","block_context":{"text":"BAYERWALDTEAM","link":"https:\/\/deltaimage.de\/wp\/?cat=861"},"img":{"alt_text":"","src":"https:\/\/i0.wp.com\/deltaimage.de\/wp\/wp-content\/uploads\/PE5D2221_1200.jpg?fit=1200%2C450&ssl=1&resize=350%2C200","width":350,"height":200,"srcset":"https:\/\/i0.wp.com\/deltaimage.de\/wp\/wp-content\/uploads\/PE5D2221_1200.jpg?fit=1200%2C450&ssl=1&resize=350%2C200 1x, https:\/\/i0.wp.com\/deltaimage.de\/wp\/wp-content\/uploads\/PE5D2221_1200.jpg?fit=1200%2C450&ssl=1&resize=525%2C300 1.5x, https:\/\/i0.wp.com\/deltaimage.de\/wp\/wp-content\/uploads\/PE5D2221_1200.jpg?fit=1200%2C450&ssl=1&resize=700%2C400 2x, https:\/\/i0.wp.com\/deltaimage.de\/wp\/wp-content\/uploads\/PE5D2221_1200.jpg?fit=1200%2C450&ssl=1&resize=1050%2C600 3x"},"classes":[]},{"id":52187,"url":"https:\/\/deltaimage.de\/wp\/?p=52187","url_meta":{"origin":29853,"position":2},"title":"Sp\u00e4tsommer im Palsweiser Moos &#8211; Naturfotografie am Ende der Sommerferien","author":"EschbacP","date":"9. September 2025","format":false,"excerpt":"Der Sommer verabschiedet sich ganz langsam, der Hochsommer ist vorbei. Die Tage werden schon wieder sp\u00fcrbar k\u00fcrzer und auch k\u00fchler. Die Natur im Niedermoor bereitet sich auf den vor der T\u00fcre stehenden Herbst vor. Dies sind alles gute Gr\u00fcnde, wieder einmal in das geliebte Palsweiser Moos im Dachauer Moos auf\u2026","rel":"","context":"In &quot;Dachauer Land&quot;","block_context":{"text":"Dachauer Land","link":"https:\/\/deltaimage.de\/wp\/?cat=3010"},"img":{"alt_text":"","src":"https:\/\/i0.wp.com\/deltaimage.de\/wp\/wp-content\/uploads\/PE1S0003-Pano_1200.jpg?fit=1200%2C450&ssl=1&resize=350%2C200","width":350,"height":200,"srcset":"https:\/\/i0.wp.com\/deltaimage.de\/wp\/wp-content\/uploads\/PE1S0003-Pano_1200.jpg?fit=1200%2C450&ssl=1&resize=350%2C200 1x, https:\/\/i0.wp.com\/deltaimage.de\/wp\/wp-content\/uploads\/PE1S0003-Pano_1200.jpg?fit=1200%2C450&ssl=1&resize=525%2C300 1.5x, https:\/\/i0.wp.com\/deltaimage.de\/wp\/wp-content\/uploads\/PE1S0003-Pano_1200.jpg?fit=1200%2C450&ssl=1&resize=700%2C400 2x, https:\/\/i0.wp.com\/deltaimage.de\/wp\/wp-content\/uploads\/PE1S0003-Pano_1200.jpg?fit=1200%2C450&ssl=1&resize=1050%2C600 3x"},"classes":[]},{"id":20097,"url":"https:\/\/deltaimage.de\/wp\/?p=20097","url_meta":{"origin":29853,"position":3},"title":"Der Jahreskreis im Bayerischen Wald \u2013 Kalender 2009 vom BAYERWALDTEAM","author":"EschbacP","date":"25. August 2018","format":false,"excerpt":"Der Jahreskreis im Bayerischen Wald begleitet die Menschen im Woid das ganze Jahr hindurch. Im Jahr 2009 war dies auch nicht nur so dahin gesagt. Der SSL Verlag brachte eine Kalenderproduktion mit Bildern vom BAYERWALDTEAM \u2013 Huber Bauer-Falkner f\u00fcr das ganze Jahr. Der Kalender d\u00fcrfte inzwischen von den W\u00e4nden der\u2026","rel":"","context":"In &quot;BAYERWALDTEAM&quot;","block_context":{"text":"BAYERWALDTEAM","link":"https:\/\/deltaimage.de\/wp\/?cat=861"},"img":{"alt_text":"","src":"https:\/\/i0.wp.com\/deltaimage.de\/wp\/wp-content\/uploads\/der-jahreskreis-im-bayerischen-wald-kalender-2009-vom-bayerwaldteam.jpg?fit=425%2C600&ssl=1&resize=350%2C200","width":350,"height":200},"classes":[]},{"id":21051,"url":"https:\/\/deltaimage.de\/wp\/?p=21051","url_meta":{"origin":29853,"position":4},"title":"BAYERWALDTEAM \u2013 Winter im Bayerischen Wald","author":"EschbacP","date":"30. Januar 2019","format":false,"excerpt":"Die Wolfensteiner Ohe hat sich eine wildromantische Schlucht von Freyung bis Ringelai im Bayerischen Wald \u00fcber die Jahrtausende in den Schiefer geschliffen. F\u00fcr den Naturwanderer und Fotografen ist die Buchberger Leite ein Kleinod in der Naturlandschaft. Am Ende der Schlucht f\u00fchrt ein kurzer Stollen durch den Berg und schafft den\u2026","rel":"","context":"In &quot;BAYERWALDTEAM&quot;","block_context":{"text":"BAYERWALDTEAM","link":"https:\/\/deltaimage.de\/wp\/?cat=861"},"img":{"alt_text":"","src":"https:\/\/i0.wp.com\/deltaimage.de\/wp\/wp-content\/uploads\/PE1S0102_1200-2.jpg?fit=1200%2C450&ssl=1&resize=350%2C200","width":350,"height":200,"srcset":"https:\/\/i0.wp.com\/deltaimage.de\/wp\/wp-content\/uploads\/PE1S0102_1200-2.jpg?fit=1200%2C450&ssl=1&resize=350%2C200 1x, https:\/\/i0.wp.com\/deltaimage.de\/wp\/wp-content\/uploads\/PE1S0102_1200-2.jpg?fit=1200%2C450&ssl=1&resize=525%2C300 1.5x, https:\/\/i0.wp.com\/deltaimage.de\/wp\/wp-content\/uploads\/PE1S0102_1200-2.jpg?fit=1200%2C450&ssl=1&resize=700%2C400 2x, https:\/\/i0.wp.com\/deltaimage.de\/wp\/wp-content\/uploads\/PE1S0102_1200-2.jpg?fit=1200%2C450&ssl=1&resize=1050%2C600 3x"},"classes":[]},{"id":27245,"url":"https:\/\/deltaimage.de\/wp\/?p=27245","url_meta":{"origin":29853,"position":5},"title":"Schneit es im Bayerischen Wald ?","author":"EschbacP","date":"20. Januar 2021","format":false,"excerpt":"Aus gut unterrichteter Quelle wurde uns vom Vor-Ort-Reporter passendes Bildmaterial zugespielt. Sehen Sie selbst! \u00a0 Es schneit im Bayerischen Wald! Uns wird berichtet, dass zum Freimachen von Wegen schwerstes Material zum Einsatz kommt und die Manna bis sp\u00e4t in die Nacht auf\u2019m Bulldog sitzen und den Schnee wegfahren. Anschlie\u00dfend haben\u2026","rel":"","context":"In &quot;BAYERWALDTEAM&quot;","block_context":{"text":"BAYERWALDTEAM","link":"https:\/\/deltaimage.de\/wp\/?cat=861"},"img":{"alt_text":"","src":"https:\/\/i0.wp.com\/deltaimage.de\/wp\/wp-content\/uploads\/IMG_0689-2_1200.jpg?fit=1200%2C450&ssl=1&resize=350%2C200","width":350,"height":200,"srcset":"https:\/\/i0.wp.com\/deltaimage.de\/wp\/wp-content\/uploads\/IMG_0689-2_1200.jpg?fit=1200%2C450&ssl=1&resize=350%2C200 1x, https:\/\/i0.wp.com\/deltaimage.de\/wp\/wp-content\/uploads\/IMG_0689-2_1200.jpg?fit=1200%2C450&ssl=1&resize=525%2C300 1.5x, https:\/\/i0.wp.com\/deltaimage.de\/wp\/wp-content\/uploads\/IMG_0689-2_1200.jpg?fit=1200%2C450&ssl=1&resize=700%2C400 2x, https:\/\/i0.wp.com\/deltaimage.de\/wp\/wp-content\/uploads\/IMG_0689-2_1200.jpg?fit=1200%2C450&ssl=1&resize=1050%2C600 3x"},"classes":[]}],"jetpack_sharing_enabled":true,"_links":{"self":[{"href":"https:\/\/deltaimage.de\/wp\/index.php?rest_route=\/wp\/v2\/posts\/29853","targetHints":{"allow":["GET"]}}],"collection":[{"href":"https:\/\/deltaimage.de\/wp\/index.php?rest_route=\/wp\/v2\/posts"}],"about":[{"href":"https:\/\/deltaimage.de\/wp\/index.php?rest_route=\/wp\/v2\/types\/post"}],"author":[{"embeddable":true,"href":"https:\/\/deltaimage.de\/wp\/index.php?rest_route=\/wp\/v2\/users\/1"}],"replies":[{"embeddable":true,"href":"https:\/\/deltaimage.de\/wp\/index.php?rest_route=%2Fwp%2Fv2%2Fcomments&post=29853"}],"version-history":[{"count":3,"href":"https:\/\/deltaimage.de\/wp\/index.php?rest_route=\/wp\/v2\/posts\/29853\/revisions"}],"predecessor-version":[{"id":51346,"href":"https:\/\/deltaimage.de\/wp\/index.php?rest_route=\/wp\/v2\/posts\/29853\/revisions\/51346"}],"wp:featuredmedia":[{"embeddable":true,"href":"https:\/\/deltaimage.de\/wp\/index.php?rest_route=\/wp\/v2\/media\/29952"}],"wp:attachment":[{"href":"https:\/\/deltaimage.de\/wp\/index.php?rest_route=%2Fwp%2Fv2%2Fmedia&parent=29853"}],"wp:term":[{"taxonomy":"category","embeddable":true,"href":"https:\/\/deltaimage.de\/wp\/index.php?rest_route=%2Fwp%2Fv2%2Fcategories&post=29853"},{"taxonomy":"post_tag","embeddable":true,"href":"https:\/\/deltaimage.de\/wp\/index.php?rest_route=%2Fwp%2Fv2%2Ftags&post=29853"}],"curies":[{"name":"wp","href":"https:\/\/api.w.org\/{rel}","templated":true}]}}