{"id":30190,"date":"2021-08-16T18:11:37","date_gmt":"2021-08-16T17:11:37","guid":{"rendered":"https:\/\/bayerwaldteam.eu\/?p=3756"},"modified":"2025-08-19T22:41:31","modified_gmt":"2025-08-19T20:41:31","slug":"paul-eschbach-wieder-auf-fotostreifzuegen-im-bayerischen-wald-unterwegs-bayerwaldteam","status":"publish","type":"post","link":"https:\/\/deltaimage.de\/wp\/?p=30190","title":{"rendered":"Paul Eschbach \u2013 wieder auf Fotostreifz\u00fcgen im Bayerischen Wald unterwegs \u2013 BAYERWALDTEAM"},"content":{"rendered":"<p><img data-recalc-dims=\"1\" loading=\"lazy\" decoding=\"async\" data-attachment-id=\"10582\" data-permalink=\"https:\/\/deltaimage.de\/wp\/?attachment_id=10582#main\" data-orig-file=\"https:\/\/i0.wp.com\/deltaimage.de\/wp\/wp-content\/uploads\/BAYERWALDTEAM_neu.jpg?fit=1546%2C1085&amp;ssl=1\" data-orig-size=\"1546,1085\" data-comments-opened=\"0\" data-image-meta=\"{&quot;aperture&quot;:&quot;0&quot;,&quot;credit&quot;:&quot;&quot;,&quot;camera&quot;:&quot;&quot;,&quot;caption&quot;:&quot;&quot;,&quot;created_timestamp&quot;:&quot;0&quot;,&quot;copyright&quot;:&quot;&quot;,&quot;focal_length&quot;:&quot;0&quot;,&quot;iso&quot;:&quot;0&quot;,&quot;shutter_speed&quot;:&quot;0&quot;,&quot;title&quot;:&quot;&quot;,&quot;orientation&quot;:&quot;0&quot;}\" data-image-title=\"BAYERWALDTEAM_neu\" data-image-description=\"\" data-image-caption=\"\" data-large-file=\"https:\/\/i0.wp.com\/deltaimage.de\/wp\/wp-content\/uploads\/BAYERWALDTEAM_neu.jpg?fit=890%2C625&amp;ssl=1\" class=\"wp-image-10582 alignright\" src=\"https:\/\/i0.wp.com\/deltaimage.de\/wp\/wp-content\/uploads\/BAYERWALDTEAM_neu.jpg?resize=143%2C89\" alt=\"BAYERWALDTEAM neu\" width=\"143\" height=\"89\" \/><br \/>\nSechs Tage im Bayerischen Wald auf Fotostreitzug im <a href=\"https:\/\/bayerwaldteam.eu\/bayerwaldteam\/bayerwaldteam\/\"><strong>BAYERWALDTEAM<\/strong> <\/a>versprechen wieder viele spannende Motive und noch sch\u00f6nere Erlebnisse f\u00fcr das <a href=\"https:\/\/bayerwaldteam.eu\/bayerwaldteam\/bayerwaldteam\/\"><strong>BAYERWALDTEAM<\/strong><\/a>.<\/p>\n<p>&nbsp;<\/p>\n<h2>Bayerischer Pl\u00f6ckenstein auf der Grenze Bayern und B\u00f6hmen am Dreisesselberg<\/h2>\n<p>Der <strong>Dreisesselberg<\/strong> ist immer eine imposante Wanderung auf dem Grenzkamm entlang zwischen <strong>Bayern<\/strong> und <strong>B\u00f6hmen<\/strong>. Nach beiden Seiten \u00f6ffnet sich die Sicht auf die wundersch\u00f6ne und doch so vertraute Landschaft im <strong>Bayerischen Wald<\/strong> und <strong>B\u00f6hmerwald<\/strong>.<\/p>\n<p><img loading=\"lazy\" decoding=\"async\" class=\"aligncenter size-full wp-image-3758\" src=\"https:\/\/i1.wp.com\/bayerwaldteam.eu\/wp-content\/uploads\/2021\/08\/AK3I8997_900.jpg?resize=890%2C593&amp;ssl=1\" sizes=\"auto, (max-width: 890px) 100vw, 890px\" srcset=\"https:\/\/i1.wp.com\/bayerwaldteam.eu\/wp-content\/uploads\/2021\/08\/AK3I8997_900.jpg?w=890&amp;ssl=1 890w, https:\/\/i1.wp.com\/bayerwaldteam.eu\/wp-content\/uploads\/2021\/08\/AK3I8997_900.jpg?resize=300%2C200&amp;ssl=1 300w, https:\/\/i1.wp.com\/bayerwaldteam.eu\/wp-content\/uploads\/2021\/08\/AK3I8997_900.jpg?resize=768%2C512&amp;ssl=1 768w, https:\/\/i1.wp.com\/bayerwaldteam.eu\/wp-content\/uploads\/2021\/08\/AK3I8997_900.jpg?resize=600%2C400&amp;ssl=1 600w, https:\/\/i1.wp.com\/bayerwaldteam.eu\/wp-content\/uploads\/2021\/08\/AK3I8997_900.jpg?resize=200%2C133&amp;ssl=1 200w\" alt=\"\" width=\"890\" height=\"593\" data-attachment-id=\"3758\" data-permalink=\"https:\/\/bayerwaldteam.eu\/2021\/08\/16\/paul-eschbach-wieder-auf-fotostreifzuegen-im-bayerischen-wald-unterwegs-bayerwaldteam\/ak3i8997_900\/#main\" data-orig-file=\"https:\/\/i1.wp.com\/bayerwaldteam.eu\/wp-content\/uploads\/2021\/08\/AK3I8997_900.jpg?fit=890%2C593&amp;ssl=1\" data-orig-size=\"890,593\" data-comments-opened=\"1\" data-image-meta=\"{&quot;aperture&quot;:&quot;5&quot;,&quot;credit&quot;:&quot;LEMMERHIRT - FOTOGRAFIE&quot;,&quot;camera&quot;:&quot;Canon EOS-1D X Mark II&quot;,&quot;caption&quot;:&quot;&quot;,&quot;created_timestamp&quot;:&quot;1628689320&quot;,&quot;copyright&quot;:&quot;&quot;,&quot;focal_length&quot;:&quot;20&quot;,&quot;iso&quot;:&quot;100&quot;,&quot;shutter_speed&quot;:&quot;0.004&quot;,&quot;title&quot;:&quot;&quot;,&quot;orientation&quot;:&quot;0&quot;}\" data-image-title=\"AK3I8997_900\" data-image-description=\"\" data-image-caption=\"\" data-medium-file=\"https:\/\/i1.wp.com\/bayerwaldteam.eu\/wp-content\/uploads\/2021\/08\/AK3I8997_900.jpg?fit=300%2C200&amp;ssl=1\" data-large-file=\"https:\/\/i1.wp.com\/bayerwaldteam.eu\/wp-content\/uploads\/2021\/08\/AK3I8997_900.jpg?fit=890%2C593&amp;ssl=1\" data-recalc-dims=\"1\" \/><\/p>\n<p><a href=\"https:\/\/bayerwaldteam.eu\/bayerwaldteam\/hubert-bauer-falkner\/\"><strong>Hubert<\/strong><\/a> f\u00e4ngt die Szene wieder einmal ganz hervorragend ein, und stellt den unscheinbaren Fotografen in eine noch viel m\u00e4chtigere Landschaft hinein. Ganz wunderbar gelungen, <a href=\"https:\/\/bayerwaldteam.eu\/bayerwaldteam\/hubert-bauer-falkner\/\"><strong>Hubert<\/strong><\/a>.<\/p>\n<p><!--more--><\/p>\n<p>&nbsp;<\/p>\n<h2>Zum Eingew\u00f6hnen an den Erlau Stausee<\/h2>\n<p>Nicht weit von unserem St\u00fctzpunkt in <strong>Wotzdorf<\/strong> entfernt liegt in einer Fjord-\u00e4hnlichen Landschaft der Erlau Stausee. Im Winter 2020 war das hier eine verzauberte Landschaft wieder aus dem hohen Norden, jetzt eine sch\u00f6ne Gelegenheit zum Aufw\u00e4rmen und zum Einstimmen auf die Landschaft.<\/p>\n<p><img loading=\"lazy\" decoding=\"async\" class=\"aligncenter size-full wp-image-3759\" src=\"https:\/\/i1.wp.com\/bayerwaldteam.eu\/wp-content\/uploads\/2021\/08\/AK3I8471_900.jpg?resize=890%2C593&amp;ssl=1\" sizes=\"auto, (max-width: 890px) 100vw, 890px\" srcset=\"https:\/\/i1.wp.com\/bayerwaldteam.eu\/wp-content\/uploads\/2021\/08\/AK3I8471_900.jpg?w=890&amp;ssl=1 890w, https:\/\/i1.wp.com\/bayerwaldteam.eu\/wp-content\/uploads\/2021\/08\/AK3I8471_900.jpg?resize=300%2C200&amp;ssl=1 300w, https:\/\/i1.wp.com\/bayerwaldteam.eu\/wp-content\/uploads\/2021\/08\/AK3I8471_900.jpg?resize=768%2C512&amp;ssl=1 768w, https:\/\/i1.wp.com\/bayerwaldteam.eu\/wp-content\/uploads\/2021\/08\/AK3I8471_900.jpg?resize=600%2C400&amp;ssl=1 600w, https:\/\/i1.wp.com\/bayerwaldteam.eu\/wp-content\/uploads\/2021\/08\/AK3I8471_900.jpg?resize=200%2C133&amp;ssl=1 200w\" alt=\"\" width=\"890\" height=\"593\" data-attachment-id=\"3759\" data-permalink=\"https:\/\/bayerwaldteam.eu\/2021\/08\/16\/paul-eschbach-wieder-auf-fotostreifzuegen-im-bayerischen-wald-unterwegs-bayerwaldteam\/ak3i8471_900\/#main\" data-orig-file=\"https:\/\/i1.wp.com\/bayerwaldteam.eu\/wp-content\/uploads\/2021\/08\/AK3I8471_900.jpg?fit=890%2C593&amp;ssl=1\" data-orig-size=\"890,593\" data-comments-opened=\"1\" data-image-meta=\"{&quot;aperture&quot;:&quot;8&quot;,&quot;credit&quot;:&quot;LEMMERHIRT - FOTOGRAFIE&quot;,&quot;camera&quot;:&quot;Canon EOS-1D X Mark II&quot;,&quot;caption&quot;:&quot;&quot;,&quot;created_timestamp&quot;:&quot;1628616217&quot;,&quot;copyright&quot;:&quot;&quot;,&quot;focal_length&quot;:&quot;20&quot;,&quot;iso&quot;:&quot;100&quot;,&quot;shutter_speed&quot;:&quot;0.016666666666667&quot;,&quot;title&quot;:&quot;&quot;,&quot;orientation&quot;:&quot;0&quot;}\" data-image-title=\"AK3I8471_900\" data-image-description=\"\" data-image-caption=\"\" data-medium-file=\"https:\/\/i1.wp.com\/bayerwaldteam.eu\/wp-content\/uploads\/2021\/08\/AK3I8471_900.jpg?fit=300%2C200&amp;ssl=1\" data-large-file=\"https:\/\/i1.wp.com\/bayerwaldteam.eu\/wp-content\/uploads\/2021\/08\/AK3I8471_900.jpg?fit=890%2C593&amp;ssl=1\" data-recalc-dims=\"1\" \/><\/p>\n<h2>In der tiefen Schlucht des H\u00f6llbachs im H\u00f6llbach Gspreng am Falkenstein<\/h2>\n<p>Eine Fototour ganz nach meinem Geschmack. Vom Schutzhaus aus nur ca. 2 km entfernt liegt das wildromantische <strong>H\u00f6llbach Gspreng<\/strong>. Der H\u00f6llbach flie\u00dft \u00fcber viele Stufen, Steine und Felsen ganz wild ins Tal hinab. Ein Wanderweg f\u00fchrt durch die Schlucht und bietet den Fotografen immer wieder ganz besondere Fotomotive.<\/p>\n<p><img loading=\"lazy\" decoding=\"async\" class=\"aligncenter size-full wp-image-3760\" src=\"https:\/\/i2.wp.com\/bayerwaldteam.eu\/wp-content\/uploads\/2021\/08\/AK3I9785_900.jpg?resize=890%2C593&amp;ssl=1\" sizes=\"auto, (max-width: 890px) 100vw, 890px\" srcset=\"https:\/\/i2.wp.com\/bayerwaldteam.eu\/wp-content\/uploads\/2021\/08\/AK3I9785_900.jpg?w=890&amp;ssl=1 890w, https:\/\/i2.wp.com\/bayerwaldteam.eu\/wp-content\/uploads\/2021\/08\/AK3I9785_900.jpg?resize=300%2C200&amp;ssl=1 300w, https:\/\/i2.wp.com\/bayerwaldteam.eu\/wp-content\/uploads\/2021\/08\/AK3I9785_900.jpg?resize=768%2C512&amp;ssl=1 768w, https:\/\/i2.wp.com\/bayerwaldteam.eu\/wp-content\/uploads\/2021\/08\/AK3I9785_900.jpg?resize=600%2C400&amp;ssl=1 600w, https:\/\/i2.wp.com\/bayerwaldteam.eu\/wp-content\/uploads\/2021\/08\/AK3I9785_900.jpg?resize=200%2C133&amp;ssl=1 200w\" alt=\"\" width=\"890\" height=\"593\" data-attachment-id=\"3760\" data-permalink=\"https:\/\/bayerwaldteam.eu\/2021\/08\/16\/paul-eschbach-wieder-auf-fotostreifzuegen-im-bayerischen-wald-unterwegs-bayerwaldteam\/ak3i9785_900\/#main\" data-orig-file=\"https:\/\/i2.wp.com\/bayerwaldteam.eu\/wp-content\/uploads\/2021\/08\/AK3I9785_900.jpg?fit=890%2C593&amp;ssl=1\" data-orig-size=\"890,593\" data-comments-opened=\"1\" data-image-meta=\"{&quot;aperture&quot;:&quot;4&quot;,&quot;credit&quot;:&quot;LEMMERHIRT - FOTOGRAFIE&quot;,&quot;camera&quot;:&quot;Canon EOS-1D X Mark II&quot;,&quot;caption&quot;:&quot;&quot;,&quot;created_timestamp&quot;:&quot;1628851855&quot;,&quot;copyright&quot;:&quot;&quot;,&quot;focal_length&quot;:&quot;24&quot;,&quot;iso&quot;:&quot;200&quot;,&quot;shutter_speed&quot;:&quot;0.025&quot;,&quot;title&quot;:&quot;&quot;,&quot;orientation&quot;:&quot;0&quot;}\" data-image-title=\"AK3I9785_900\" data-image-description=\"\" data-image-caption=\"\" data-medium-file=\"https:\/\/i2.wp.com\/bayerwaldteam.eu\/wp-content\/uploads\/2021\/08\/AK3I9785_900.jpg?fit=300%2C200&amp;ssl=1\" data-large-file=\"https:\/\/i2.wp.com\/bayerwaldteam.eu\/wp-content\/uploads\/2021\/08\/AK3I9785_900.jpg?fit=890%2C593&amp;ssl=1\" data-recalc-dims=\"1\" \/><\/p>\n<p>Der <strong>Bayerische Wald<\/strong> in einem Bild vereint:<\/p>\n<ul>\n<li>Das Wasser<\/li>\n<li>Das Holz des Waldes<\/li>\n<li>Der Fels und der Stein der Berge<\/li>\n<\/ul>\n<p>&nbsp;<\/p>\n<h2>Auf dem Gipfel des kleinen Falkensteins<\/h2>\n<p>Hier gibt es mit die sch\u00f6nsten Ausblicke auf die Waldlandschaft des <strong>Falkensteins<\/strong>. Auch wenn der kleine <strong>Falkenstein<\/strong> dem gro\u00dfen Gipfel an Beliebtheit deutlich nachsteht, wir haben unseren heimlichen Favoriten gefunden.<\/p>\n<p><img loading=\"lazy\" decoding=\"async\" class=\"aligncenter size-full wp-image-3761\" src=\"https:\/\/i0.wp.com\/bayerwaldteam.eu\/wp-content\/uploads\/2021\/08\/AK3I9588_900.jpg?resize=890%2C593&amp;ssl=1\" sizes=\"auto, (max-width: 890px) 100vw, 890px\" srcset=\"https:\/\/i0.wp.com\/bayerwaldteam.eu\/wp-content\/uploads\/2021\/08\/AK3I9588_900.jpg?w=890&amp;ssl=1 890w, https:\/\/i0.wp.com\/bayerwaldteam.eu\/wp-content\/uploads\/2021\/08\/AK3I9588_900.jpg?resize=300%2C200&amp;ssl=1 300w, https:\/\/i0.wp.com\/bayerwaldteam.eu\/wp-content\/uploads\/2021\/08\/AK3I9588_900.jpg?resize=768%2C512&amp;ssl=1 768w, https:\/\/i0.wp.com\/bayerwaldteam.eu\/wp-content\/uploads\/2021\/08\/AK3I9588_900.jpg?resize=600%2C400&amp;ssl=1 600w, https:\/\/i0.wp.com\/bayerwaldteam.eu\/wp-content\/uploads\/2021\/08\/AK3I9588_900.jpg?resize=200%2C133&amp;ssl=1 200w\" alt=\"\" width=\"890\" height=\"593\" data-attachment-id=\"3761\" data-permalink=\"https:\/\/bayerwaldteam.eu\/2021\/08\/16\/paul-eschbach-wieder-auf-fotostreifzuegen-im-bayerischen-wald-unterwegs-bayerwaldteam\/ak3i9588_900\/#main\" data-orig-file=\"https:\/\/i0.wp.com\/bayerwaldteam.eu\/wp-content\/uploads\/2021\/08\/AK3I9588_900.jpg?fit=890%2C593&amp;ssl=1\" data-orig-size=\"890,593\" data-comments-opened=\"1\" data-image-meta=\"{&quot;aperture&quot;:&quot;5&quot;,&quot;credit&quot;:&quot;LEMMERHIRT - FOTOGRAFIE&quot;,&quot;camera&quot;:&quot;Canon EOS-1D X Mark II&quot;,&quot;caption&quot;:&quot;&quot;,&quot;created_timestamp&quot;:&quot;1628780104&quot;,&quot;copyright&quot;:&quot;&quot;,&quot;focal_length&quot;:&quot;30&quot;,&quot;iso&quot;:&quot;200&quot;,&quot;shutter_speed&quot;:&quot;0.004&quot;,&quot;title&quot;:&quot;&quot;,&quot;orientation&quot;:&quot;0&quot;}\" data-image-title=\"AK3I9588_900\" data-image-description=\"\" data-image-caption=\"\" data-medium-file=\"https:\/\/i0.wp.com\/bayerwaldteam.eu\/wp-content\/uploads\/2021\/08\/AK3I9588_900.jpg?fit=300%2C200&amp;ssl=1\" data-large-file=\"https:\/\/i0.wp.com\/bayerwaldteam.eu\/wp-content\/uploads\/2021\/08\/AK3I9588_900.jpg?fit=890%2C593&amp;ssl=1\" data-recalc-dims=\"1\" \/><\/p>\n<p>So wird es dem Wanderer und dem Fotografen niemals langweilig im <strong>Bayerischen Wald<\/strong>. Das n\u00e4chste Motiv ist nur ein paar Schritte weit entfernt.<\/p>\n<blockquote>\n<pre>Wollen wir es angehen?<\/pre>\n<\/blockquote>\n<p>Alle Fotos @<a href=\"https:\/\/bayerwaldteam.eu\/bayerwaldteam\/hubert-bauer-falkner\/\"><strong>Bauer-Falkner Hubert<\/strong><\/a><\/p>\n<div id=\"jp-relatedposts\" class=\"jp-relatedposts\"><\/div>\n","protected":false},"excerpt":{"rendered":"<p>Sechs Tage im Bayerischen Wald auf Fotostreitzug im BAYERWALDTEAM versprechen wieder viele spannende Motive und noch sch\u00f6nere Erlebnisse f\u00fcr das BAYERWALDTEAM. &nbsp; Bayerischer Pl\u00f6ckenstein auf der Grenze Bayern und B\u00f6hmen [&hellip;]<\/p>\n","protected":false},"author":1,"featured_media":30191,"comment_status":"closed","ping_status":"closed","sticky":false,"template":"","format":"standard","meta":{"wpupg_custom_link":[],"wpupg_custom_link_behaviour":["default"],"wpupg_custom_link_nofollow":["default"],"wpupg_custom_image":[],"wpupg_custom_image_id":[],"jetpack_post_was_ever_published":false,"footnotes":""},"categories":[861,8],"tags":[595,594,1981,67,197,2529],"class_list":["post-30190","post","type-post","status-publish","format-standard","has-post-thumbnail","hentry","category-bayerwaldteam","category-news","tag-bayerischer-wald","tag-bayerwaldteam","tag-news-blog","tag-paul-eschbach","tag-sommer","tag-www-bayerwaldteam-eu"],"jetpack_featured_media_url":"https:\/\/i0.wp.com\/deltaimage.de\/wp\/wp-content\/uploads\/paul-eschbach-wieder-auf-fotostreifzuegen-im-bayerischen-wald-unterwegs-bayerwaldteam.jpg?fit=890%2C593&ssl=1","jetpack-related-posts":[{"id":29795,"url":"https:\/\/deltaimage.de\/wp\/?p=29795","url_meta":{"origin":30190,"position":0},"title":"Paul Eschbach \u2013 wieder auf Fotostreifz\u00fcgen im Bayerischen Wald unterwegs \u2013 BAYERWALDTEAM","author":"EschbacP","date":"17. August 2021","format":false,"excerpt":"Sechs Tage im Bayerischen Wald auf Fotostreitzug im BAYERWALDTEAM versprechen wieder viele spannende Motive und noch sch\u00f6nere Erlebnisse f\u00fcr das BAYERWALDTEAM. \u00a0 Bayerischer Pl\u00f6ckenstein auf der Grenze Bayern und B\u00f6hmen am Dreisesselberg Der Dreisesselberg ist immer eine imposante Wanderung auf dem Grenzkamm entlang zwischen Bayern und B\u00f6hmen. Nach beiden Seiten\u2026","rel":"","context":"In &quot;BAYERWALDTEAM&quot;","block_context":{"text":"BAYERWALDTEAM","link":"https:\/\/deltaimage.de\/wp\/?cat=861"},"img":{"alt_text":"","src":"https:\/\/i0.wp.com\/deltaimage.de\/wp\/wp-content\/uploads\/AK3I9785_1200.jpg?fit=1200%2C450&ssl=1&resize=350%2C200","width":350,"height":200,"srcset":"https:\/\/i0.wp.com\/deltaimage.de\/wp\/wp-content\/uploads\/AK3I9785_1200.jpg?fit=1200%2C450&ssl=1&resize=350%2C200 1x, https:\/\/i0.wp.com\/deltaimage.de\/wp\/wp-content\/uploads\/AK3I9785_1200.jpg?fit=1200%2C450&ssl=1&resize=525%2C300 1.5x, https:\/\/i0.wp.com\/deltaimage.de\/wp\/wp-content\/uploads\/AK3I9785_1200.jpg?fit=1200%2C450&ssl=1&resize=700%2C400 2x, https:\/\/i0.wp.com\/deltaimage.de\/wp\/wp-content\/uploads\/AK3I9785_1200.jpg?fit=1200%2C450&ssl=1&resize=1050%2C600 3x"},"classes":[]},{"id":13092,"url":"https:\/\/deltaimage.de\/wp\/?p=13092","url_meta":{"origin":30190,"position":1},"title":"Winterspiele am Dreisessel in der blauen Stunde","author":"EschbacP","date":"4. Januar 2017","format":false,"excerpt":"Nach einer Nacht mit viel Neuschnee und \"Extrem-schneeschaufeln\" gehen die Winterspiele in den n\u00e4chsten (Foto-)Tag. Bayerischer Wald und Schnee ist eine Kombination an fotografischen M\u00f6glichkeiten, die schon fast keiner weiteren Erkl\u00e4rung bedarf. Unendliche Natur in den W\u00e4ldern und Hochw\u00e4ldern am Grenzkamm zwischen Bayern und B\u00f6hmen und dazu die Kulturlandschaft der\u2026","rel":"","context":"In &quot;BAYERWALDTEAM&quot;","block_context":{"text":"BAYERWALDTEAM","link":"https:\/\/deltaimage.de\/wp\/?cat=861"},"img":{"alt_text":"","src":"https:\/\/i0.wp.com\/deltaimage.de\/wp\/wp-content\/uploads\/PE1S1112_1200.jpg?fit=1200%2C450&ssl=1&resize=350%2C200","width":350,"height":200,"srcset":"https:\/\/i0.wp.com\/deltaimage.de\/wp\/wp-content\/uploads\/PE1S1112_1200.jpg?fit=1200%2C450&ssl=1&resize=350%2C200 1x, https:\/\/i0.wp.com\/deltaimage.de\/wp\/wp-content\/uploads\/PE1S1112_1200.jpg?fit=1200%2C450&ssl=1&resize=525%2C300 1.5x, https:\/\/i0.wp.com\/deltaimage.de\/wp\/wp-content\/uploads\/PE1S1112_1200.jpg?fit=1200%2C450&ssl=1&resize=700%2C400 2x, https:\/\/i0.wp.com\/deltaimage.de\/wp\/wp-content\/uploads\/PE1S1112_1200.jpg?fit=1200%2C450&ssl=1&resize=1050%2C600 3x"},"classes":[]},{"id":40437,"url":"https:\/\/deltaimage.de\/wp\/?p=40437","url_meta":{"origin":30190,"position":2},"title":"Am Dreisesselberg mehrere Tage fotografisch unterwegs \u2013 BAYERWALDTEAM","author":"EschbacP","date":"22. Juli 2023","format":false,"excerpt":"Seit Februar 2023 waren wir nicht mehr im Bayerischen Wald fotografisch unterwegs. Viel ist inzwischen passiert und gerade deshalb sollten wieder einmal ein paar Tage Fotografieren im Bayerischen Wald und im B\u00f6hmerwald m\u00f6glich sein. Mitte Juli zeigt das Thermometer konstant die hei\u00dfesten Tage des Jahres an (bis 39 \u00b0C), schlecht\u2026","rel":"","context":"In &quot;BAYERWALDTEAM&quot;","block_context":{"text":"BAYERWALDTEAM","link":"https:\/\/deltaimage.de\/wp\/?cat=861"},"img":{"alt_text":"","src":"https:\/\/i0.wp.com\/deltaimage.de\/wp\/wp-content\/uploads\/IMG_20230713_181428_1200.jpg?fit=1200%2C450&ssl=1&resize=350%2C200","width":350,"height":200,"srcset":"https:\/\/i0.wp.com\/deltaimage.de\/wp\/wp-content\/uploads\/IMG_20230713_181428_1200.jpg?fit=1200%2C450&ssl=1&resize=350%2C200 1x, https:\/\/i0.wp.com\/deltaimage.de\/wp\/wp-content\/uploads\/IMG_20230713_181428_1200.jpg?fit=1200%2C450&ssl=1&resize=525%2C300 1.5x, https:\/\/i0.wp.com\/deltaimage.de\/wp\/wp-content\/uploads\/IMG_20230713_181428_1200.jpg?fit=1200%2C450&ssl=1&resize=700%2C400 2x, https:\/\/i0.wp.com\/deltaimage.de\/wp\/wp-content\/uploads\/IMG_20230713_181428_1200.jpg?fit=1200%2C450&ssl=1&resize=1050%2C600 3x"},"classes":[]},{"id":29834,"url":"https:\/\/deltaimage.de\/wp\/?p=29834","url_meta":{"origin":30190,"position":3},"title":"Zum Aufw\u00e4rmen der fotografischen Finger &#8211; ein Sonnenuntergang in B\u00fcchlberg","author":"EschbacP","date":"20. August 2021","format":false,"excerpt":"Nach 18 Monaten - nicht-bayerischer-Wald-fotografieren, m\u00fcssen auch wir im BAYERWALDTEAM wieder ganz langsam ans fotografieren zwischen Donau und B\u00f6hmen gew\u00f6hnen. Das soll heute Abend auf dem neuen Aussichtsturm in B\u00fcchlberg geschehen. Ein standesgem\u00e4\u00dfer Rund- und Fernblick f\u00fcr das BAYERWALDTEAM . Passt! \u00a0 140 Stufen sind es bis zur obersten Plattform\u2026","rel":"","context":"In &quot;BAYERWALDTEAM&quot;","block_context":{"text":"BAYERWALDTEAM","link":"https:\/\/deltaimage.de\/wp\/?cat=861"},"img":{"alt_text":"","src":"https:\/\/i0.wp.com\/deltaimage.de\/wp\/wp-content\/uploads\/PE5D2221_1200.jpg?fit=1200%2C450&ssl=1&resize=350%2C200","width":350,"height":200,"srcset":"https:\/\/i0.wp.com\/deltaimage.de\/wp\/wp-content\/uploads\/PE5D2221_1200.jpg?fit=1200%2C450&ssl=1&resize=350%2C200 1x, https:\/\/i0.wp.com\/deltaimage.de\/wp\/wp-content\/uploads\/PE5D2221_1200.jpg?fit=1200%2C450&ssl=1&resize=525%2C300 1.5x, https:\/\/i0.wp.com\/deltaimage.de\/wp\/wp-content\/uploads\/PE5D2221_1200.jpg?fit=1200%2C450&ssl=1&resize=700%2C400 2x, https:\/\/i0.wp.com\/deltaimage.de\/wp\/wp-content\/uploads\/PE5D2221_1200.jpg?fit=1200%2C450&ssl=1&resize=1050%2C600 3x"},"classes":[]},{"id":27695,"url":"https:\/\/deltaimage.de\/wp\/?p=27695","url_meta":{"origin":30190,"position":4},"title":"BAYERWALDTEAM am Dreisessel \u2013 Konserve aus dem Jahr 2016","author":"EschbacP","date":"17. April 2021","format":false,"excerpt":"Momentan f\u00e4llt es sehr schwierig, aktuelle Beitr\u00e4ge zum Themenbereich BAYERISCHER WALD und B\u00d6HMERWALD zu schreiben. Wir d\u00fcrfen einfach nicht in die Region und \u00fcber die Fotografie berichten. Da bleibt dann nur noch der Griff in die Konserve und viele Bilder, die niemals ver\u00f6ffentlicht wurden, bekommen eine zweite Chance. \u00a0 Dreisessel\u2026","rel":"","context":"In &quot;BAYERWALDTEAM&quot;","block_context":{"text":"BAYERWALDTEAM","link":"https:\/\/deltaimage.de\/wp\/?cat=861"},"img":{"alt_text":"","src":"https:\/\/i0.wp.com\/deltaimage.de\/wp\/wp-content\/uploads\/2_PaulDreisesselJan2016_neu-1200.jpg?fit=1200%2C450&ssl=1&resize=350%2C200","width":350,"height":200,"srcset":"https:\/\/i0.wp.com\/deltaimage.de\/wp\/wp-content\/uploads\/2_PaulDreisesselJan2016_neu-1200.jpg?fit=1200%2C450&ssl=1&resize=350%2C200 1x, https:\/\/i0.wp.com\/deltaimage.de\/wp\/wp-content\/uploads\/2_PaulDreisesselJan2016_neu-1200.jpg?fit=1200%2C450&ssl=1&resize=525%2C300 1.5x, https:\/\/i0.wp.com\/deltaimage.de\/wp\/wp-content\/uploads\/2_PaulDreisesselJan2016_neu-1200.jpg?fit=1200%2C450&ssl=1&resize=700%2C400 2x, https:\/\/i0.wp.com\/deltaimage.de\/wp\/wp-content\/uploads\/2_PaulDreisesselJan2016_neu-1200.jpg?fit=1200%2C450&ssl=1&resize=1050%2C600 3x"},"classes":[]},{"id":13110,"url":"https:\/\/deltaimage.de\/wp\/?p=13110","url_meta":{"origin":30190,"position":5},"title":"Winterzauber im Bayerischen Wald &#8211; Wei\u00df und Blau","author":"EschbacP","date":"6. Januar 2017","format":false,"excerpt":"Zwei Tage Schneefall mit eiskaltem Eiswind reichen aus, um die schneelose Landschaft der letzten Wochen auch hier im Bayerischen Wald und im angrenzenden B\u00f6hmerwald in ein Winterm\u00e4rchen zu verwandeln. In 1312 m ist an der Grenze zwischen Bayer, B\u00f6hmen und Ober\u00f6sterreich im Bayerischen Wald und B\u00f6hmerwald der Winter f\u00fcr die\u2026","rel":"","context":"In &quot;BAYERWALDTEAM&quot;","block_context":{"text":"BAYERWALDTEAM","link":"https:\/\/deltaimage.de\/wp\/?cat=861"},"img":{"alt_text":"","src":"https:\/\/i0.wp.com\/deltaimage.de\/wp\/wp-content\/uploads\/PE1S1411_1200.jpg?fit=1200%2C450&ssl=1&resize=350%2C200","width":350,"height":200,"srcset":"https:\/\/i0.wp.com\/deltaimage.de\/wp\/wp-content\/uploads\/PE1S1411_1200.jpg?fit=1200%2C450&ssl=1&resize=350%2C200 1x, https:\/\/i0.wp.com\/deltaimage.de\/wp\/wp-content\/uploads\/PE1S1411_1200.jpg?fit=1200%2C450&ssl=1&resize=525%2C300 1.5x, https:\/\/i0.wp.com\/deltaimage.de\/wp\/wp-content\/uploads\/PE1S1411_1200.jpg?fit=1200%2C450&ssl=1&resize=700%2C400 2x, https:\/\/i0.wp.com\/deltaimage.de\/wp\/wp-content\/uploads\/PE1S1411_1200.jpg?fit=1200%2C450&ssl=1&resize=1050%2C600 3x"},"classes":[]}],"jetpack_sharing_enabled":true,"_links":{"self":[{"href":"https:\/\/deltaimage.de\/wp\/index.php?rest_route=\/wp\/v2\/posts\/30190","targetHints":{"allow":["GET"]}}],"collection":[{"href":"https:\/\/deltaimage.de\/wp\/index.php?rest_route=\/wp\/v2\/posts"}],"about":[{"href":"https:\/\/deltaimage.de\/wp\/index.php?rest_route=\/wp\/v2\/types\/post"}],"author":[{"embeddable":true,"href":"https:\/\/deltaimage.de\/wp\/index.php?rest_route=\/wp\/v2\/users\/1"}],"replies":[{"embeddable":true,"href":"https:\/\/deltaimage.de\/wp\/index.php?rest_route=%2Fwp%2Fv2%2Fcomments&post=30190"}],"version-history":[{"count":3,"href":"https:\/\/deltaimage.de\/wp\/index.php?rest_route=\/wp\/v2\/posts\/30190\/revisions"}],"predecessor-version":[{"id":51335,"href":"https:\/\/deltaimage.de\/wp\/index.php?rest_route=\/wp\/v2\/posts\/30190\/revisions\/51335"}],"wp:featuredmedia":[{"embeddable":true,"href":"https:\/\/deltaimage.de\/wp\/index.php?rest_route=\/wp\/v2\/media\/30191"}],"wp:attachment":[{"href":"https:\/\/deltaimage.de\/wp\/index.php?rest_route=%2Fwp%2Fv2%2Fmedia&parent=30190"}],"wp:term":[{"taxonomy":"category","embeddable":true,"href":"https:\/\/deltaimage.de\/wp\/index.php?rest_route=%2Fwp%2Fv2%2Fcategories&post=30190"},{"taxonomy":"post_tag","embeddable":true,"href":"https:\/\/deltaimage.de\/wp\/index.php?rest_route=%2Fwp%2Fv2%2Ftags&post=30190"}],"curies":[{"name":"wp","href":"https:\/\/api.w.org\/{rel}","templated":true}]}}