{"id":30408,"date":"2021-11-10T17:41:05","date_gmt":"2021-11-10T16:41:05","guid":{"rendered":"https:\/\/deltaimage.de\/wp\/?p=30408"},"modified":"2025-08-19T22:28:39","modified_gmt":"2025-08-19T20:28:39","slug":"mit-dr-marcus-junkelmann-im-jahr-1704-in-blenheim-unterwegs","status":"publish","type":"post","link":"https:\/\/deltaimage.de\/wp\/?p=30408","title":{"rendered":"Mit Dr. Marcus Junkelmann im Jahr 1704 in Blenheim unterwegs"},"content":{"rendered":"<p><strong>Dr. Marcus Junkelmann<\/strong> ist einer der profiliertesten Historiker in Bayern. Mit seinen experimentellen und historisch Untersuchungen zu den R\u00f6mern hat er sich einen Namen weit \u00fcber Bayern hinaus gemacht. Mit dem 18. und 19. Jahrhundert hat er eines seiner wichtigsten Bet\u00e4tigungsfelder als <strong>Historiker<\/strong> und <strong>Buchautor<\/strong> gefunden und sein Wissen in unz\u00e4hligen B\u00fcchern und Fachaufs\u00e4tzen einem breiten Publikum nahegebracht.<\/p>\n<p><img data-recalc-dims=\"1\" loading=\"lazy\" decoding=\"async\" data-attachment-id=\"30543\" data-permalink=\"https:\/\/deltaimage.de\/wp\/?attachment_id=30543#main\" data-orig-file=\"https:\/\/i0.wp.com\/deltaimage.de\/wp\/wp-content\/uploads\/PE5D2341_900.jpg?fit=890%2C593&amp;ssl=1\" data-orig-size=\"890,593\" data-comments-opened=\"0\" data-image-meta=\"{&quot;aperture&quot;:&quot;4&quot;,&quot;credit&quot;:&quot;Paul Eschbach&quot;,&quot;camera&quot;:&quot;Canon EOS 5DS R&quot;,&quot;caption&quot;:&quot;&quot;,&quot;created_timestamp&quot;:&quot;1634123932&quot;,&quot;copyright&quot;:&quot;DELTA IMAGE&quot;,&quot;focal_length&quot;:&quot;16&quot;,&quot;iso&quot;:&quot;200&quot;,&quot;shutter_speed&quot;:&quot;0.076923076923077&quot;,&quot;title&quot;:&quot;&quot;,&quot;orientation&quot;:&quot;0&quot;}\" data-image-title=\"PE5D2341_900\" data-image-description=\"\" data-image-caption=\"\" data-large-file=\"https:\/\/i0.wp.com\/deltaimage.de\/wp\/wp-content\/uploads\/PE5D2341_900.jpg?fit=890%2C593&amp;ssl=1\" class=\"aligncenter size-full wp-image-30543\" src=\"https:\/\/i0.wp.com\/deltaimage.de\/wp\/wp-content\/uploads\/PE5D2341_900.jpg?resize=890%2C593&#038;ssl=1\" alt=\"\" width=\"890\" height=\"593\" srcset=\"https:\/\/i0.wp.com\/deltaimage.de\/wp\/wp-content\/uploads\/PE5D2341_900.jpg?w=890&amp;ssl=1 890w, https:\/\/i0.wp.com\/deltaimage.de\/wp\/wp-content\/uploads\/PE5D2341_900.jpg?resize=300%2C200&amp;ssl=1 300w, https:\/\/i0.wp.com\/deltaimage.de\/wp\/wp-content\/uploads\/PE5D2341_900.jpg?resize=675%2C450&amp;ssl=1 675w, https:\/\/i0.wp.com\/deltaimage.de\/wp\/wp-content\/uploads\/PE5D2341_900.jpg?resize=600%2C400&amp;ssl=1 600w, https:\/\/i0.wp.com\/deltaimage.de\/wp\/wp-content\/uploads\/PE5D2341_900.jpg?resize=200%2C133&amp;ssl=1 200w\" sizes=\"auto, (max-width: 890px) 100vw, 890px\" \/><\/p>\n<p><!--more--><\/p>\n<h2><\/h2>\n<h2>Im Jahr 1704 war eine Schicksalsschlacht f\u00fcr den bayerischen Churf\u00fcrsten Max II Emanuel<\/h2>\n<p>Auch Bayern hat eine sehr bewegte Geschichte hinter sich und das gerade mit Max Emanuel im Spanischen Erbfolgekrieg (1704 bis 1714). Im Jahr 1704 fanden sich die bayerischen Heere mit der franz\u00f6sischen Armee und Kurk\u00f6ln in der N\u00e4he der Stadt und des Schlosses H\u00f6chst\u00e4dt a.d. Donau zusammen und k\u00e4mpften gegen die gro\u00dfe Allianz mit Prinz Eugen von Savoyen und dem Herzog von Marlborough in den Donauniederungen von H\u00f6chst\u00e4dt. Die Allianz bestand aus den Heeren von England, der kaiserlichen Armee, den vereinigten Niederlanden und Preussen.<\/p>\n<p><img data-recalc-dims=\"1\" loading=\"lazy\" decoding=\"async\" data-attachment-id=\"30540\" data-permalink=\"https:\/\/deltaimage.de\/wp\/?attachment_id=30540#main\" data-orig-file=\"https:\/\/i0.wp.com\/deltaimage.de\/wp\/wp-content\/uploads\/PE5D2327_900.jpg?fit=890%2C593&amp;ssl=1\" data-orig-size=\"890,593\" data-comments-opened=\"0\" data-image-meta=\"{&quot;aperture&quot;:&quot;2.8&quot;,&quot;credit&quot;:&quot;Paul Eschbach&quot;,&quot;camera&quot;:&quot;Canon EOS 5DS R&quot;,&quot;caption&quot;:&quot;&quot;,&quot;created_timestamp&quot;:&quot;1634123612&quot;,&quot;copyright&quot;:&quot;DELTA IMAGE&quot;,&quot;focal_length&quot;:&quot;29&quot;,&quot;iso&quot;:&quot;1600&quot;,&quot;shutter_speed&quot;:&quot;0.066666666666667&quot;,&quot;title&quot;:&quot;&quot;,&quot;orientation&quot;:&quot;0&quot;}\" data-image-title=\"PE5D2327_900\" data-image-description=\"\" data-image-caption=\"\" data-large-file=\"https:\/\/i0.wp.com\/deltaimage.de\/wp\/wp-content\/uploads\/PE5D2327_900.jpg?fit=890%2C593&amp;ssl=1\" class=\"aligncenter size-full wp-image-30540\" src=\"https:\/\/i0.wp.com\/deltaimage.de\/wp\/wp-content\/uploads\/PE5D2327_900.jpg?resize=890%2C593&#038;ssl=1\" alt=\"\" width=\"890\" height=\"593\" srcset=\"https:\/\/i0.wp.com\/deltaimage.de\/wp\/wp-content\/uploads\/PE5D2327_900.jpg?w=890&amp;ssl=1 890w, https:\/\/i0.wp.com\/deltaimage.de\/wp\/wp-content\/uploads\/PE5D2327_900.jpg?resize=300%2C200&amp;ssl=1 300w, https:\/\/i0.wp.com\/deltaimage.de\/wp\/wp-content\/uploads\/PE5D2327_900.jpg?resize=675%2C450&amp;ssl=1 675w, https:\/\/i0.wp.com\/deltaimage.de\/wp\/wp-content\/uploads\/PE5D2327_900.jpg?resize=600%2C400&amp;ssl=1 600w, https:\/\/i0.wp.com\/deltaimage.de\/wp\/wp-content\/uploads\/PE5D2327_900.jpg?resize=200%2C133&amp;ssl=1 200w\" sizes=\"auto, (max-width: 890px) 100vw, 890px\" \/><\/p>\n<p>&nbsp;<\/p>\n<p>Diese Schicksalsschlacht f\u00fcr Bayern und dem &#8222;blauen K\u00f6nig&#8220; &#8211; dem bayerischen Churf\u00fcrsten Max II Emanuel war ein vorl\u00e4ufiger Endpunkt eines milit\u00e4risch und politisch konsequent aufstrebenden Herrscherhauses von europ\u00e4ischem Format. Diese Schlacht geht in die Geschichte ein als die Schlacht von Blenheim im englischen Sprachraum, die zweite Schlacht von H\u00f6chst\u00e4dt. Die Schlacht ging f\u00fcr die bayerisch\/franz\u00f6sischen Truppen verloren. Der bayerische Wittelsbacher musste in die Reichsacht, f\u00fcr 10 Jahre in die spanischen Niederlande und sollte zeitweise auch Bayern als angestammtes Herrschaftsgebiet ganz verliehren..<\/p>\n<p>&nbsp;<\/p>\n<h2>F\u00fcr ein Buchprojekt sind wir mit Dr. Junkelmann an den Ort der Schlacht zur\u00fcckgekommen<\/h2>\n<p>Wir fahren von Donauw\u00f6rth a.d. Donau den fr\u00fcheren Aufmarschweg, von 1704, dem <strong>Dr. Junkelmann<\/strong> auch schon historisch weitgehend korrekt selbst nachgegangen \/ nachgeritten ist. Das Land ist hier absolut flach, wir befinden uns in den Auen und Altarmen der Donau im weiten und flachen Urstromtal.<\/p>\n<blockquote>\n<pre>Halt, hier. Genau da. Eine Kirche.<\/pre>\n<pre>Schon fotografiert.<\/pre>\n<\/blockquote>\n<p><img data-recalc-dims=\"1\" loading=\"lazy\" decoding=\"async\" data-attachment-id=\"30542\" data-permalink=\"https:\/\/deltaimage.de\/wp\/?attachment_id=30542#main\" data-orig-file=\"https:\/\/i0.wp.com\/deltaimage.de\/wp\/wp-content\/uploads\/PE5D2321_900.jpg?fit=890%2C593&amp;ssl=1\" data-orig-size=\"890,593\" data-comments-opened=\"0\" data-image-meta=\"{&quot;aperture&quot;:&quot;8&quot;,&quot;credit&quot;:&quot;Paul Eschbach&quot;,&quot;camera&quot;:&quot;Canon EOS 5DS R&quot;,&quot;caption&quot;:&quot;&quot;,&quot;created_timestamp&quot;:&quot;1634122667&quot;,&quot;copyright&quot;:&quot;DELTA IMAGE&quot;,&quot;focal_length&quot;:&quot;27&quot;,&quot;iso&quot;:&quot;200&quot;,&quot;shutter_speed&quot;:&quot;0.00625&quot;,&quot;title&quot;:&quot;&quot;,&quot;orientation&quot;:&quot;0&quot;}\" data-image-title=\"PE5D2321_900\" data-image-description=\"\" data-image-caption=\"\" data-large-file=\"https:\/\/i0.wp.com\/deltaimage.de\/wp\/wp-content\/uploads\/PE5D2321_900.jpg?fit=890%2C593&amp;ssl=1\" class=\"aligncenter size-full wp-image-30542\" src=\"https:\/\/i0.wp.com\/deltaimage.de\/wp\/wp-content\/uploads\/PE5D2321_900.jpg?resize=890%2C593&#038;ssl=1\" alt=\"\" width=\"890\" height=\"593\" srcset=\"https:\/\/i0.wp.com\/deltaimage.de\/wp\/wp-content\/uploads\/PE5D2321_900.jpg?w=890&amp;ssl=1 890w, https:\/\/i0.wp.com\/deltaimage.de\/wp\/wp-content\/uploads\/PE5D2321_900.jpg?resize=300%2C200&amp;ssl=1 300w, https:\/\/i0.wp.com\/deltaimage.de\/wp\/wp-content\/uploads\/PE5D2321_900.jpg?resize=675%2C450&amp;ssl=1 675w, https:\/\/i0.wp.com\/deltaimage.de\/wp\/wp-content\/uploads\/PE5D2321_900.jpg?resize=600%2C400&amp;ssl=1 600w, https:\/\/i0.wp.com\/deltaimage.de\/wp\/wp-content\/uploads\/PE5D2321_900.jpg?resize=200%2C133&amp;ssl=1 200w\" sizes=\"auto, (max-width: 890px) 100vw, 890px\" \/><\/p>\n<p>&nbsp;<\/p>\n<h2>Wenige Minuten sp\u00e4ter stehen wir in dem hochbarocken Dachstuhl der Kirche St. Peter in Tapfheim<\/h2>\n<p>Der Kirchenpfleger \u00f6ffnet uns mit unserem Ansinnen, die Kirche, ob dem historischen Kontext des Buchprojektes und f\u00fchrt uns zu einer im Westen des Kirchenschiffs gelegenen \u00d6ffnung f\u00fcr einen Lastenaufzug. Der Blick geht weit \u00fcber das unmittelbar davorliegende Schlachtfeld der zweiten Schlacht von H\u00f6chst\u00e4dt a.d. Donau.<\/p>\n<p>&nbsp;<\/p>\n<p><img data-recalc-dims=\"1\" loading=\"lazy\" decoding=\"async\" data-attachment-id=\"30538\" data-permalink=\"https:\/\/deltaimage.de\/wp\/?attachment_id=30538#main\" data-orig-file=\"https:\/\/i0.wp.com\/deltaimage.de\/wp\/wp-content\/uploads\/PE5D2337_900.jpg?fit=890%2C593&amp;ssl=1\" data-orig-size=\"890,593\" data-comments-opened=\"0\" data-image-meta=\"{&quot;aperture&quot;:&quot;4&quot;,&quot;credit&quot;:&quot;Paul Eschbach&quot;,&quot;camera&quot;:&quot;Canon EOS 5DS R&quot;,&quot;caption&quot;:&quot;&quot;,&quot;created_timestamp&quot;:&quot;1634123912&quot;,&quot;copyright&quot;:&quot;DELTA IMAGE&quot;,&quot;focal_length&quot;:&quot;16&quot;,&quot;iso&quot;:&quot;200&quot;,&quot;shutter_speed&quot;:&quot;0.04&quot;,&quot;title&quot;:&quot;&quot;,&quot;orientation&quot;:&quot;0&quot;}\" data-image-title=\"PE5D2337_900\" data-image-description=\"\" data-image-caption=\"\" data-large-file=\"https:\/\/i0.wp.com\/deltaimage.de\/wp\/wp-content\/uploads\/PE5D2337_900.jpg?fit=890%2C593&amp;ssl=1\" class=\"aligncenter size-full wp-image-30538\" src=\"https:\/\/i0.wp.com\/deltaimage.de\/wp\/wp-content\/uploads\/PE5D2337_900.jpg?resize=890%2C593&#038;ssl=1\" alt=\"\" width=\"890\" height=\"593\" srcset=\"https:\/\/i0.wp.com\/deltaimage.de\/wp\/wp-content\/uploads\/PE5D2337_900.jpg?w=890&amp;ssl=1 890w, https:\/\/i0.wp.com\/deltaimage.de\/wp\/wp-content\/uploads\/PE5D2337_900.jpg?resize=300%2C200&amp;ssl=1 300w, https:\/\/i0.wp.com\/deltaimage.de\/wp\/wp-content\/uploads\/PE5D2337_900.jpg?resize=675%2C450&amp;ssl=1 675w, https:\/\/i0.wp.com\/deltaimage.de\/wp\/wp-content\/uploads\/PE5D2337_900.jpg?resize=600%2C400&amp;ssl=1 600w, https:\/\/i0.wp.com\/deltaimage.de\/wp\/wp-content\/uploads\/PE5D2337_900.jpg?resize=200%2C133&amp;ssl=1 200w\" sizes=\"auto, (max-width: 890px) 100vw, 890px\" \/><\/p>\n<p>&nbsp;<\/p>\n<p>Dr. Junkelmann ist im Gespr\u00e4ch vertieft und zeigt in seinem Buch das Kartenmaterial und zusammen mit dem Kirchenpfleger wird das Schlachtfeld erkundet und die markanten Punkte quasi eingemessen.<\/p>\n<blockquote>\n<pre>\"Hier sind zwei Menschen in ihrem Fachgebiet. der Historiker mit dem\r\nQuellenwissen und der \u00f6rtliche Experte mit der Ortskenntnis. Welch eine Freude\r\ndiesen beiden Menschen aus unmittelbarer N\u00e4he zu beobachten.\"<\/pre>\n<\/blockquote>\n<p>&nbsp;<\/p>\n<p><img data-recalc-dims=\"1\" loading=\"lazy\" decoding=\"async\" data-attachment-id=\"30537\" data-permalink=\"https:\/\/deltaimage.de\/wp\/?attachment_id=30537#main\" data-orig-file=\"https:\/\/i0.wp.com\/deltaimage.de\/wp\/wp-content\/uploads\/PE5D2348_900.jpg?fit=890%2C593&amp;ssl=1\" data-orig-size=\"890,593\" data-comments-opened=\"0\" data-image-meta=\"{&quot;aperture&quot;:&quot;4&quot;,&quot;credit&quot;:&quot;Paul Eschbach&quot;,&quot;camera&quot;:&quot;Canon EOS 5DS R&quot;,&quot;caption&quot;:&quot;&quot;,&quot;created_timestamp&quot;:&quot;1634123994&quot;,&quot;copyright&quot;:&quot;DELTA IMAGE&quot;,&quot;focal_length&quot;:&quot;35&quot;,&quot;iso&quot;:&quot;200&quot;,&quot;shutter_speed&quot;:&quot;0.01&quot;,&quot;title&quot;:&quot;&quot;,&quot;orientation&quot;:&quot;0&quot;}\" data-image-title=\"PE5D2348_900\" data-image-description=\"\" data-image-caption=\"\" data-large-file=\"https:\/\/i0.wp.com\/deltaimage.de\/wp\/wp-content\/uploads\/PE5D2348_900.jpg?fit=890%2C593&amp;ssl=1\" class=\"aligncenter size-full wp-image-30537\" src=\"https:\/\/i0.wp.com\/deltaimage.de\/wp\/wp-content\/uploads\/PE5D2348_900.jpg?resize=890%2C593&#038;ssl=1\" alt=\"\" width=\"890\" height=\"593\" srcset=\"https:\/\/i0.wp.com\/deltaimage.de\/wp\/wp-content\/uploads\/PE5D2348_900.jpg?w=890&amp;ssl=1 890w, https:\/\/i0.wp.com\/deltaimage.de\/wp\/wp-content\/uploads\/PE5D2348_900.jpg?resize=300%2C200&amp;ssl=1 300w, https:\/\/i0.wp.com\/deltaimage.de\/wp\/wp-content\/uploads\/PE5D2348_900.jpg?resize=675%2C450&amp;ssl=1 675w, https:\/\/i0.wp.com\/deltaimage.de\/wp\/wp-content\/uploads\/PE5D2348_900.jpg?resize=600%2C400&amp;ssl=1 600w, https:\/\/i0.wp.com\/deltaimage.de\/wp\/wp-content\/uploads\/PE5D2348_900.jpg?resize=200%2C133&amp;ssl=1 200w\" sizes=\"auto, (max-width: 890px) 100vw, 890px\" \/><\/p>\n<p>&nbsp;<\/p>\n<p>Vielen Dank an den Kirchenpfleger der Kirche St. Peter in Tapfheim, f\u00fcr diesen wunderbaren Moment in dem lokalen Ereignisse in der doch facettenreichen bayerischen Geschichte und der weiteren Entwicklung in Europa im 18. Jahrhundert.<\/p>\n<p>&nbsp;<\/p>\n<h2>Dr. Marcus Junkelmann im Jahr 2004 auf dem Marsch von Sandizell nach Blenheim<\/h2>\n<p>Der experimental Historiker Dr. Marcus Junkelmann lie\u00df es sich 2004 auch nicht nehmen, den damaligen Anmarsch der Truppen von Prinz Eugen von Savoyen und dem Herzog von Marlborough von Sandizell aus bis nach Blindheim (Blenheim) selbst zu Fu\u00df und zu Pferd zu unternehmen.<\/p>\n<p>Einen Videobericht dazu finden Sie unter diesem Link <a href=\"https:\/\/www.youtube.com\/watch?v=5mBCeEPvfkQ\"><strong>&#8222;Marsch 1704&#8220;<\/strong><\/a>.<\/p>\n<p>Dieses historische Ereignis ist mit unterschiedlichen Bezeichnungen und Begriffen in Verbindung:<\/p>\n<ul>\n<li>Zweite Schlacht von H\u00f6chst\u00e4dt<\/li>\n<li>Battle of Blenheim<\/li>\n<li>Spanische Erbfolge-Krieg<\/li>\n<\/ul>\n","protected":false},"excerpt":{"rendered":"<p>Dr. Marcus Junkelmann ist einer der profiliertesten Historiker in Bayern. Mit seinen experimentellen und historisch Untersuchungen zu den R\u00f6mern hat er sich einen Namen weit \u00fcber Bayern hinaus gemacht. Mit [&hellip;]<\/p>\n","protected":false},"author":1,"featured_media":30539,"comment_status":"closed","ping_status":"closed","sticky":false,"template":"","format":"standard","meta":{"wpupg_custom_link":[],"wpupg_custom_link_behaviour":["default"],"wpupg_custom_link_nofollow":["default"],"wpupg_custom_image":[],"wpupg_custom_image_id":[],"jetpack_post_was_ever_published":false,"footnotes":""},"categories":[3831,8],"tags":[3109,613,2377,3114,3111,3112,3113,3110,3108],"class_list":["post-30408","post","type-post","status-publish","format-standard","has-post-thumbnail","hentry","category-geschichte-als-fest-dr-marcus-junkelmann","category-news","tag-blenheim","tag-donau","tag-dr-marcus-junkelmann","tag-herzog-von-marlborough","tag-hoechstaedt","tag-kurfuerst-max-ii-emanuel","tag-prinz-eugen","tag-schlacht-von-hoechstaedt","tag-tapfhelm"],"jetpack_featured_media_url":"https:\/\/i0.wp.com\/deltaimage.de\/wp\/wp-content\/uploads\/PE1S0003_1200-4.jpg?fit=1200%2C450&ssl=1","jetpack-related-posts":[{"id":49444,"url":"https:\/\/deltaimage.de\/wp\/?p=49444","url_meta":{"origin":30408,"position":0},"title":"Von den Legion\u00e4ren zu den Gladiatoren mit Dr. Marcus Junkelmann","author":"EschbacP","date":"29. Mai 2025","format":false,"excerpt":"Etwa 30 Minuten Video-Film aus dem Jahr 1985 zeigte einige Impressionen des Alpenmarsches von Dr. Marcus Junkelmann \u00bbAls Legion\u00e4r von Verona nach Augsburg\u00ab Mit ganz beeindruckenden bewegten Bildern \u2013 authentischer k\u00f6nnte es kaum inszeniert werden. Doch weit gefehlt, da kennen Sie unseren Dr. Marcus Junkelmann noch nicht gut genug: Ein\u2026","rel":"","context":"In &quot;Geschichte als Fest - Dr. Marcus Junkelmann&quot;","block_context":{"text":"Geschichte als Fest - Dr. Marcus Junkelmann","link":"https:\/\/deltaimage.de\/wp\/?cat=3831"},"img":{"alt_text":"","src":"https:\/\/i0.wp.com\/deltaimage.de\/wp\/wp-content\/uploads\/PE1S0099_1200.jpg?fit=1200%2C450&ssl=1&resize=350%2C200","width":350,"height":200,"srcset":"https:\/\/i0.wp.com\/deltaimage.de\/wp\/wp-content\/uploads\/PE1S0099_1200.jpg?fit=1200%2C450&ssl=1&resize=350%2C200 1x, https:\/\/i0.wp.com\/deltaimage.de\/wp\/wp-content\/uploads\/PE1S0099_1200.jpg?fit=1200%2C450&ssl=1&resize=525%2C300 1.5x, https:\/\/i0.wp.com\/deltaimage.de\/wp\/wp-content\/uploads\/PE1S0099_1200.jpg?fit=1200%2C450&ssl=1&resize=700%2C400 2x, https:\/\/i0.wp.com\/deltaimage.de\/wp\/wp-content\/uploads\/PE1S0099_1200.jpg?fit=1200%2C450&ssl=1&resize=1050%2C600 3x"},"classes":[]},{"id":45776,"url":"https:\/\/deltaimage.de\/wp\/?p=45776","url_meta":{"origin":30408,"position":1},"title":"Schlei\u00dfheimer Zeitung: Herzlichen Gl\u00fcckwunsch, Marcus Junkelmann!","author":"EschbacP","date":"3. Oktober 2024","format":false,"excerpt":"Herzlichen Gl\u00fcckwunsch, Dr. Marcus Silvester Junkelmann Originalbeitrag auf www.schleissheimer-zeitung.de \u00a0 Wie einer, der in Oberschlei\u00dfheim aufwuchs, Geschichte machte Geschichte wird von den Leuten manchmal als ein trockener, irgendwie uninteressanter Stoff empfunden, den man in sich in Schulzeiten mehr oder weniger freiwillig aneignen muss. Das ist ein Missverst\u00e4ndnis, denn je eher\u2026","rel":"","context":"In &quot;Geschichte als Fest - Dr. Marcus Junkelmann&quot;","block_context":{"text":"Geschichte als Fest - Dr. Marcus Junkelmann","link":"https:\/\/deltaimage.de\/wp\/?cat=3831"},"img":{"alt_text":"","src":"https:\/\/i0.wp.com\/deltaimage.de\/wp\/wp-content\/uploads\/Logo_Schleissheimer-Zeitung-e1726945612862.jpg?fit=890%2C334&ssl=1&resize=350%2C200","width":350,"height":200,"srcset":"https:\/\/i0.wp.com\/deltaimage.de\/wp\/wp-content\/uploads\/Logo_Schleissheimer-Zeitung-e1726945612862.jpg?fit=890%2C334&ssl=1&resize=350%2C200 1x, https:\/\/i0.wp.com\/deltaimage.de\/wp\/wp-content\/uploads\/Logo_Schleissheimer-Zeitung-e1726945612862.jpg?fit=890%2C334&ssl=1&resize=525%2C300 1.5x, https:\/\/i0.wp.com\/deltaimage.de\/wp\/wp-content\/uploads\/Logo_Schleissheimer-Zeitung-e1726945612862.jpg?fit=890%2C334&ssl=1&resize=700%2C400 2x"},"classes":[]},{"id":47317,"url":"https:\/\/deltaimage.de\/wp\/?p=47317","url_meta":{"origin":30408,"position":2},"title":"Ein Tag im Bayerischen Armeemuseum in Ingolstadt","author":"EschbacP","date":"9. Januar 2025","format":false,"excerpt":"Das neue Jahr bringt auch gleich wieder einen neuen Termin mit dem Historiker und Experimental-Arch\u00e4ologen Dr. Marcus Junkelmann im Fotostudio. Standesgem\u00e4\u00df l\u00e4sst Dr. Marcus Junkelmann f\u00fcr uns gleich die ganze bayerische Armee auf dem Oberwiesenfeld aufmarschieren. \u00a0 Fotografieren f\u00fcr eine neue Ver\u00f6ffentlichung F\u00fcr Dr. Marcus Junkelmann habe ich schon in\u2026","rel":"","context":"In &quot;Fotografie&quot;","block_context":{"text":"Fotografie","link":"https:\/\/deltaimage.de\/wp\/?cat=848"},"img":{"alt_text":"","src":"https:\/\/i0.wp.com\/deltaimage.de\/wp\/wp-content\/uploads\/1736431035646_1200.jpg?fit=1200%2C461&ssl=1&resize=350%2C200","width":350,"height":200,"srcset":"https:\/\/i0.wp.com\/deltaimage.de\/wp\/wp-content\/uploads\/1736431035646_1200.jpg?fit=1200%2C461&ssl=1&resize=350%2C200 1x, https:\/\/i0.wp.com\/deltaimage.de\/wp\/wp-content\/uploads\/1736431035646_1200.jpg?fit=1200%2C461&ssl=1&resize=525%2C300 1.5x, https:\/\/i0.wp.com\/deltaimage.de\/wp\/wp-content\/uploads\/1736431035646_1200.jpg?fit=1200%2C461&ssl=1&resize=700%2C400 2x, https:\/\/i0.wp.com\/deltaimage.de\/wp\/wp-content\/uploads\/1736431035646_1200.jpg?fit=1200%2C461&ssl=1&resize=1050%2C600 3x"},"classes":[]},{"id":20587,"url":"https:\/\/deltaimage.de\/wp\/?p=20587","url_meta":{"origin":30408,"position":3},"title":"Buchempfehlung zu Kurf\u00fcrst Maximilian II Emanuel &#8211; Erbauer von Schlei\u00dfheim und Nymphenburg","author":"EschbacP","date":"12. November 2018","format":false,"excerpt":"Der \"blaue K\u00f6nig\" Max II Emanuel Wenn man in Dachau lebt, aufgewachsen ist und sich mit der Gegend besch\u00e4ftigt, kommt man an dem \"blauen K\u00f6nig\" nicht umhin. Zu dominant hat der bayerische Kurf\u00fcrst der Landschaft unverwechselbar seinen Stempel aufgedr\u00fcckt. Die Schl\u00f6sser Schlei\u00dfheim und Nymphenburg sind genauso sein Werk, wie der\u2026","rel":"","context":"In &quot;Geschichte als Fest - Dr. Marcus Junkelmann&quot;","block_context":{"text":"Geschichte als Fest - Dr. Marcus Junkelmann","link":"https:\/\/deltaimage.de\/wp\/?cat=3831"},"img":{"alt_text":"","src":"https:\/\/i0.wp.com\/deltaimage.de\/wp\/wp-content\/uploads\/IMG_6163_1200.jpg?fit=1200%2C450&ssl=1&resize=350%2C200","width":350,"height":200,"srcset":"https:\/\/i0.wp.com\/deltaimage.de\/wp\/wp-content\/uploads\/IMG_6163_1200.jpg?fit=1200%2C450&ssl=1&resize=350%2C200 1x, https:\/\/i0.wp.com\/deltaimage.de\/wp\/wp-content\/uploads\/IMG_6163_1200.jpg?fit=1200%2C450&ssl=1&resize=525%2C300 1.5x, https:\/\/i0.wp.com\/deltaimage.de\/wp\/wp-content\/uploads\/IMG_6163_1200.jpg?fit=1200%2C450&ssl=1&resize=700%2C400 2x, https:\/\/i0.wp.com\/deltaimage.de\/wp\/wp-content\/uploads\/IMG_6163_1200.jpg?fit=1200%2C450&ssl=1&resize=1050%2C600 3x"},"classes":[]},{"id":28414,"url":"https:\/\/deltaimage.de\/wp\/?p=28414","url_meta":{"origin":30408,"position":4},"title":"Forschung zu Carl Ernst von Gravenreuth in Affing &#8211; Dr. Marcus Junkelmann","author":"EschbacP","date":"18. Mai 2021","format":false,"excerpt":"Dr. Marcus Junkelmann \u00fcber sein Buchprojekt \u00fcber den Grafen Carl Ernst von Gravenreuth \"Nicht viele schaffen es, sich gegen dominante m\u00e4chtige Herrscher zu stellen. Carl Ernst von Gravenreuth aus Affing hat jedoch genau das getan. Anfang des 19. Jahrhunderts hat er in einer entscheidenden Situation Napoleon die Stirn geboten, und\u2026","rel":"","context":"In &quot;Geschichte als Fest - Dr. Marcus Junkelmann&quot;","block_context":{"text":"Geschichte als Fest - Dr. Marcus Junkelmann","link":"https:\/\/deltaimage.de\/wp\/?cat=3831"},"img":{"alt_text":"","src":"https:\/\/i0.wp.com\/deltaimage.de\/wp\/wp-content\/uploads\/atv_Junkelmann_Affing_03_1200.jpg?fit=1199%2C451&ssl=1&resize=350%2C200","width":350,"height":200,"srcset":"https:\/\/i0.wp.com\/deltaimage.de\/wp\/wp-content\/uploads\/atv_Junkelmann_Affing_03_1200.jpg?fit=1199%2C451&ssl=1&resize=350%2C200 1x, https:\/\/i0.wp.com\/deltaimage.de\/wp\/wp-content\/uploads\/atv_Junkelmann_Affing_03_1200.jpg?fit=1199%2C451&ssl=1&resize=525%2C300 1.5x, https:\/\/i0.wp.com\/deltaimage.de\/wp\/wp-content\/uploads\/atv_Junkelmann_Affing_03_1200.jpg?fit=1199%2C451&ssl=1&resize=700%2C400 2x, https:\/\/i0.wp.com\/deltaimage.de\/wp\/wp-content\/uploads\/atv_Junkelmann_Affing_03_1200.jpg?fit=1199%2C451&ssl=1&resize=1050%2C600 3x"},"classes":[]},{"id":42171,"url":"https:\/\/deltaimage.de\/wp\/?p=42171","url_meta":{"origin":30408,"position":5},"title":"Pikeniere, Musketiere und K\u00fcrassiere mit Dr. Marcus Junkelmann","author":"EschbacP","date":"27. Dezember 2023","format":false,"excerpt":"Neue Buchprojekte mit Dr. Marcus Junkelmann entf\u00fchrt mich immer wieder in andere und nicht minder spannende Zeitepochen, oft in der bayerischen Geschichte. Er f\u00fchlt sich im 19. Jahrhundert genauso zu Hause, wie im 18. Jahrhundert mit der Schicksalsschlacht der Wittelsbacher 1704 in H\u00f6chst\u00e4dt. Dann waren die Wittelsbacher im Exil in\u2026","rel":"","context":"In &quot;Buch&quot;","block_context":{"text":"Buch","link":"https:\/\/deltaimage.de\/wp\/?cat=1189"},"img":{"alt_text":"","src":"https:\/\/i0.wp.com\/deltaimage.de\/wp\/wp-content\/uploads\/PE5D0295_1200.jpg?fit=1200%2C450&ssl=1&resize=350%2C200","width":350,"height":200,"srcset":"https:\/\/i0.wp.com\/deltaimage.de\/wp\/wp-content\/uploads\/PE5D0295_1200.jpg?fit=1200%2C450&ssl=1&resize=350%2C200 1x, https:\/\/i0.wp.com\/deltaimage.de\/wp\/wp-content\/uploads\/PE5D0295_1200.jpg?fit=1200%2C450&ssl=1&resize=525%2C300 1.5x, https:\/\/i0.wp.com\/deltaimage.de\/wp\/wp-content\/uploads\/PE5D0295_1200.jpg?fit=1200%2C450&ssl=1&resize=700%2C400 2x, https:\/\/i0.wp.com\/deltaimage.de\/wp\/wp-content\/uploads\/PE5D0295_1200.jpg?fit=1200%2C450&ssl=1&resize=1050%2C600 3x"},"classes":[]}],"jetpack_sharing_enabled":true,"_links":{"self":[{"href":"https:\/\/deltaimage.de\/wp\/index.php?rest_route=\/wp\/v2\/posts\/30408","targetHints":{"allow":["GET"]}}],"collection":[{"href":"https:\/\/deltaimage.de\/wp\/index.php?rest_route=\/wp\/v2\/posts"}],"about":[{"href":"https:\/\/deltaimage.de\/wp\/index.php?rest_route=\/wp\/v2\/types\/post"}],"author":[{"embeddable":true,"href":"https:\/\/deltaimage.de\/wp\/index.php?rest_route=\/wp\/v2\/users\/1"}],"replies":[{"embeddable":true,"href":"https:\/\/deltaimage.de\/wp\/index.php?rest_route=%2Fwp%2Fv2%2Fcomments&post=30408"}],"version-history":[{"count":11,"href":"https:\/\/deltaimage.de\/wp\/index.php?rest_route=\/wp\/v2\/posts\/30408\/revisions"}],"predecessor-version":[{"id":51323,"href":"https:\/\/deltaimage.de\/wp\/index.php?rest_route=\/wp\/v2\/posts\/30408\/revisions\/51323"}],"wp:featuredmedia":[{"embeddable":true,"href":"https:\/\/deltaimage.de\/wp\/index.php?rest_route=\/wp\/v2\/media\/30539"}],"wp:attachment":[{"href":"https:\/\/deltaimage.de\/wp\/index.php?rest_route=%2Fwp%2Fv2%2Fmedia&parent=30408"}],"wp:term":[{"taxonomy":"category","embeddable":true,"href":"https:\/\/deltaimage.de\/wp\/index.php?rest_route=%2Fwp%2Fv2%2Fcategories&post=30408"},{"taxonomy":"post_tag","embeddable":true,"href":"https:\/\/deltaimage.de\/wp\/index.php?rest_route=%2Fwp%2Fv2%2Ftags&post=30408"}],"curies":[{"name":"wp","href":"https:\/\/api.w.org\/{rel}","templated":true}]}}