{"id":30838,"date":"2021-11-30T20:37:43","date_gmt":"2021-11-30T19:37:43","guid":{"rendered":"https:\/\/deltaimage.de\/wp\/?p=30838"},"modified":"2025-08-19T22:16:55","modified_gmt":"2025-08-19T20:16:55","slug":"neues-buchprojekt-f-104g-starfighter-in-der-flugwerft-schleissheim","status":"publish","type":"post","link":"https:\/\/deltaimage.de\/wp\/?p=30838","title":{"rendered":"Neues Buchprojekt: F-104G &#8222;Starfighter&#8220; in der Flugwerft Schlei\u00dfheim"},"content":{"rendered":"<p>Neue Buchprojekte sind immer spannend \u00fcber alle Projektphasen des Projektes &#8211; bis hin zu den ersten Exemplaren, die man in den H\u00e4nden h\u00e4lt. Heute kam ein Versandkarton von der Druckerei und die ersten Exemplare sind da.<\/p>\n<p>&nbsp;<\/p>\n<h2>Die F-104G (21+53) in der Flugwerft Schlei\u00dfheim im ungewohnten Blickwinkel<\/h2>\n<p>Das neue Buchprojekt zeigt keine Fotografien vom Einsatz der 21+53 oder etwas \u00c4hnliches.<\/p>\n<p>Das Buch kam zustande, indem ein sehr flei\u00dfiger Mitarbeiter und 100 % F-104 Experte seine Arbeiten an der musealen Rekonstruktion des Exponates 21+53 in jedem einzelnen Schritt dokumentierte und dies mit ganz ungew\u00f6hnlichen Fotos aus dem &#8222;Innenleben&#8220; der 104 sowohl dokumentierte als auch illustrierte. Der Leser des Buches bekommt so einen tiefen fachlichen und luftfahrttechnischen Einblick in das komplizierte Innenleben der F-104 und der dazu notwendigen Arbeiten, um das Exponat wieder in einen zeitgen\u00f6ssisch korrekten Zustand zu versetzen.<\/p>\n<p><img data-recalc-dims=\"1\" loading=\"lazy\" decoding=\"async\" data-attachment-id=\"30841\" data-permalink=\"https:\/\/deltaimage.de\/wp\/?attachment_id=30841#main\" data-orig-file=\"https:\/\/i0.wp.com\/deltaimage.de\/wp\/wp-content\/uploads\/IMG_3524_900.jpg?fit=737%2C890&amp;ssl=1\" data-orig-size=\"737,890\" data-comments-opened=\"0\" data-image-meta=\"{&quot;aperture&quot;:&quot;13&quot;,&quot;credit&quot;:&quot;PAUL ESCHBACH&quot;,&quot;camera&quot;:&quot;Canon EOS Kiss X6i&quot;,&quot;caption&quot;:&quot;&quot;,&quot;created_timestamp&quot;:&quot;1638272212&quot;,&quot;copyright&quot;:&quot;(C) DELTA IMAGE&quot;,&quot;focal_length&quot;:&quot;50&quot;,&quot;iso&quot;:&quot;200&quot;,&quot;shutter_speed&quot;:&quot;0.016666666666667&quot;,&quot;title&quot;:&quot;&quot;,&quot;orientation&quot;:&quot;0&quot;}\" data-image-title=\"IMG_3524_900\" data-image-description=\"\" data-image-caption=\"\" data-large-file=\"https:\/\/i0.wp.com\/deltaimage.de\/wp\/wp-content\/uploads\/IMG_3524_900.jpg?fit=737%2C890&amp;ssl=1\" class=\"aligncenter size-full wp-image-30841\" src=\"https:\/\/i0.wp.com\/deltaimage.de\/wp\/wp-content\/uploads\/IMG_3524_900.jpg?resize=737%2C890&#038;ssl=1\" alt=\"\" width=\"737\" height=\"890\" srcset=\"https:\/\/i0.wp.com\/deltaimage.de\/wp\/wp-content\/uploads\/IMG_3524_900.jpg?w=737&amp;ssl=1 737w, https:\/\/i0.wp.com\/deltaimage.de\/wp\/wp-content\/uploads\/IMG_3524_900.jpg?resize=497%2C600&amp;ssl=1 497w, https:\/\/i0.wp.com\/deltaimage.de\/wp\/wp-content\/uploads\/IMG_3524_900.jpg?resize=166%2C200&amp;ssl=1 166w, https:\/\/i0.wp.com\/deltaimage.de\/wp\/wp-content\/uploads\/IMG_3524_900.jpg?resize=491%2C593&amp;ssl=1 491w, https:\/\/i0.wp.com\/deltaimage.de\/wp\/wp-content\/uploads\/IMG_3524_900.jpg?resize=373%2C450&amp;ssl=1 373w, https:\/\/i0.wp.com\/deltaimage.de\/wp\/wp-content\/uploads\/IMG_3524_900.jpg?resize=331%2C400&amp;ssl=1 331w\" sizes=\"auto, (max-width: 737px) 100vw, 737px\" \/><\/p>\n<p>&nbsp;<\/p>\n<p>Thomas Michel hat viel Zeit, Liebe und viel eignen Einsatz in die Realisierung dieses Projektes gesteckt &#8211; daf\u00fcr geb\u00fchrt dir lieber Thomas, der ganze Dank und unser aller Respekt. Als Besucher der Flugwerft Schlei\u00dfheim wird man nun vor dem Exponat stehen und &#8211; nat\u00fcrlich kaum eines deiner vielen Details, die nun wieder korrekt sind jemals zu Gesicht bekommen. Fast alles spielt sich unterhalb der Aluminiumverkleidung ab.<\/p>\n<p><!--more--><\/p>\n<blockquote>\n<pre>Ist das wichtig?<\/pre>\n<\/blockquote>\n<p>Ja. Es ist gut zu wissen, dass sich die Mitarbeiter der Flugwerft Schlei\u00dfheim so viel M\u00fche geben, die Exponate nicht nur irgendwie auszustellen, sondern zu korrekt als irgend m\u00f6glich. Das ist den vielen unerm\u00fcdlichen Helfern und auch den vielen Ehrenamtlichen zu verdanken.<\/p>\n<p>&nbsp;<\/p>\n<h2>Auf dem Titelbild ist doch nicht die 21+53 zu sehen<\/h2>\n<p>Das ist korrekt. Es gibt kaum verf\u00fcgbare Einsatzbilder der 21+53 aus den Einsatzjahren bei der Bundesluftwaffe. Um das Buch trotzdem ansprechend zu illustrieren, haben wir uns entschieden, die F-104G aus Erding zu zeigen. Die Fotos ziehen sich durch das Buch und zeigen eine der sch\u00f6nsten F-104G 22+91 bei einem Tag der offenen T\u00fcre im Jahr 2006 am Flugplatz Erding anl\u00e4sslich der50 Jahre Bundesluftwaffe.<\/p>\n<div id=\"attachment_30844\" style=\"width: 2570px\" class=\"wp-caption aligncenter\"><img data-recalc-dims=\"1\" loading=\"lazy\" decoding=\"async\" aria-describedby=\"caption-attachment-30844\" data-attachment-id=\"30844\" data-permalink=\"https:\/\/deltaimage.de\/wp\/?attachment_id=30844#main\" data-orig-file=\"https:\/\/i0.wp.com\/deltaimage.de\/wp\/wp-content\/uploads\/ZY5M2545-scaled.jpg?fit=2560%2C1650&amp;ssl=1\" data-orig-size=\"2560,1650\" data-comments-opened=\"0\" data-image-meta=\"{&quot;aperture&quot;:&quot;7.1&quot;,&quot;credit&quot;:&quot;Paul Eschbach&quot;,&quot;camera&quot;:&quot;Canon EOS-1Ds Mark II&quot;,&quot;caption&quot;:&quot;Digitalisiert vom Dia Dezember 2012, Original vernichtet&quot;,&quot;created_timestamp&quot;:&quot;1356873997&quot;,&quot;copyright&quot;:&quot;(c) Paul Eschbach&quot;,&quot;focal_length&quot;:&quot;100&quot;,&quot;iso&quot;:&quot;400&quot;,&quot;shutter_speed&quot;:&quot;0.066666666666667&quot;,&quot;title&quot;:&quot;ZY5M2545&quot;,&quot;orientation&quot;:&quot;0&quot;}\" data-image-title=\"ZY5M2545\" data-image-description=\"\" data-image-caption=\"&lt;p&gt;Digitalisiert vom Dia Dezember 2012, Original vernichtet&lt;\/p&gt;\n\" data-large-file=\"https:\/\/i0.wp.com\/deltaimage.de\/wp\/wp-content\/uploads\/ZY5M2545-scaled.jpg?fit=890%2C573&amp;ssl=1\" class=\"size-full wp-image-30844\" src=\"https:\/\/i0.wp.com\/deltaimage.de\/wp\/wp-content\/uploads\/ZY5M2545-scaled.jpg?resize=890%2C574&#038;ssl=1\" alt=\"\" width=\"890\" height=\"574\" srcset=\"https:\/\/i0.wp.com\/deltaimage.de\/wp\/wp-content\/uploads\/ZY5M2545-scaled.jpg?w=2560&amp;ssl=1 2560w, https:\/\/i0.wp.com\/deltaimage.de\/wp\/wp-content\/uploads\/ZY5M2545-scaled.jpg?resize=900%2C580&amp;ssl=1 900w, https:\/\/i0.wp.com\/deltaimage.de\/wp\/wp-content\/uploads\/ZY5M2545-scaled.jpg?resize=1200%2C773&amp;ssl=1 1200w, https:\/\/i0.wp.com\/deltaimage.de\/wp\/wp-content\/uploads\/ZY5M2545-scaled.jpg?resize=300%2C193&amp;ssl=1 300w, https:\/\/i0.wp.com\/deltaimage.de\/wp\/wp-content\/uploads\/ZY5M2545-scaled.jpg?resize=1536%2C990&amp;ssl=1 1536w, https:\/\/i0.wp.com\/deltaimage.de\/wp\/wp-content\/uploads\/ZY5M2545-scaled.jpg?resize=2048%2C1320&amp;ssl=1 2048w, https:\/\/i0.wp.com\/deltaimage.de\/wp\/wp-content\/uploads\/ZY5M2545-scaled.jpg?resize=890%2C574&amp;ssl=1 890w, https:\/\/i0.wp.com\/deltaimage.de\/wp\/wp-content\/uploads\/ZY5M2545-scaled.jpg?resize=698%2C450&amp;ssl=1 698w, https:\/\/i0.wp.com\/deltaimage.de\/wp\/wp-content\/uploads\/ZY5M2545-scaled.jpg?resize=621%2C400&amp;ssl=1 621w, https:\/\/i0.wp.com\/deltaimage.de\/wp\/wp-content\/uploads\/ZY5M2545-scaled.jpg?w=1780&amp;ssl=1 1780w\" sizes=\"auto, (max-width: 890px) 100vw, 890px\" \/><p id=\"caption-attachment-30844\" class=\"wp-caption-text\">Digitalisiert vom Dia Dezember 2012<\/p><\/div>\n<p>&nbsp;<\/p>\n<h2>Von der Projektdokumentation zum Projektbuch<\/h2>\n<p>Die gesammelten Fotos und Informationen sollten eigentlich fein s\u00e4uberlich ausgedruckt in der Projektakte verschwinden und sp\u00e4teren Generation von Flugzeug-Ger\u00e4temechanikern als Anhaltspunkt f\u00fcr die n\u00e4chsten Restaurierungsarbeiten dienen.<\/p>\n<p><img data-recalc-dims=\"1\" loading=\"lazy\" decoding=\"async\" data-attachment-id=\"30840\" data-permalink=\"https:\/\/deltaimage.de\/wp\/?attachment_id=30840#main\" data-orig-file=\"https:\/\/i0.wp.com\/deltaimage.de\/wp\/wp-content\/uploads\/IMG_3520_900.jpg?fit=593%2C890&amp;ssl=1\" data-orig-size=\"593,890\" data-comments-opened=\"0\" data-image-meta=\"{&quot;aperture&quot;:&quot;13&quot;,&quot;credit&quot;:&quot;PAUL ESCHBACH&quot;,&quot;camera&quot;:&quot;Canon EOS Kiss X6i&quot;,&quot;caption&quot;:&quot;&quot;,&quot;created_timestamp&quot;:&quot;1638272026&quot;,&quot;copyright&quot;:&quot;(C) DELTA IMAGE&quot;,&quot;focal_length&quot;:&quot;50&quot;,&quot;iso&quot;:&quot;200&quot;,&quot;shutter_speed&quot;:&quot;0.016666666666667&quot;,&quot;title&quot;:&quot;&quot;,&quot;orientation&quot;:&quot;0&quot;}\" data-image-title=\"IMG_3520_900\" data-image-description=\"\" data-image-caption=\"\" data-large-file=\"https:\/\/i0.wp.com\/deltaimage.de\/wp\/wp-content\/uploads\/IMG_3520_900.jpg?fit=593%2C890&amp;ssl=1\" class=\"aligncenter size-full wp-image-30840\" src=\"https:\/\/i0.wp.com\/deltaimage.de\/wp\/wp-content\/uploads\/IMG_3520_900.jpg?resize=593%2C890&#038;ssl=1\" alt=\"\" width=\"593\" height=\"890\" srcset=\"https:\/\/i0.wp.com\/deltaimage.de\/wp\/wp-content\/uploads\/IMG_3520_900.jpg?w=593&amp;ssl=1 593w, https:\/\/i0.wp.com\/deltaimage.de\/wp\/wp-content\/uploads\/IMG_3520_900.jpg?resize=400%2C600&amp;ssl=1 400w, https:\/\/i0.wp.com\/deltaimage.de\/wp\/wp-content\/uploads\/IMG_3520_900.jpg?resize=133%2C200&amp;ssl=1 133w, https:\/\/i0.wp.com\/deltaimage.de\/wp\/wp-content\/uploads\/IMG_3520_900.jpg?resize=395%2C593&amp;ssl=1 395w, https:\/\/i0.wp.com\/deltaimage.de\/wp\/wp-content\/uploads\/IMG_3520_900.jpg?resize=300%2C450&amp;ssl=1 300w, https:\/\/i0.wp.com\/deltaimage.de\/wp\/wp-content\/uploads\/IMG_3520_900.jpg?resize=267%2C400&amp;ssl=1 267w\" sizes=\"auto, (max-width: 593px) 100vw, 593px\" \/><\/p>\n<p>So kam uns (bei einem Kaffee im Museums Caf\u00e9) die Idee, diese Arbeit in Buchform zu bringen und in dem geb\u00fchrenden Format in die Dokumentation des Deutschen Museums zu geben. Als sch\u00f6nes Abfallthema steht dieses Buch nun in unserem kleinen Eigenverlag nun auch Interessierten F-104 Enthusiasten zum Kauf im <strong><a href=\"http:\/\/shop.deltaimage.de\">shop.deltaimage.de<\/a><\/strong> zur Verf\u00fcgung.<\/p>\n<p>An dem Buch werden noch ein paar Kleinigkeiten ge\u00e4ndert:<\/p>\n<ul>\n<li>Einige Daten aus dem Buch werden zur Ver\u00f6ffentlichung noch aus Datenschutzgr\u00fcnden entfernt, das wirkt sich aber nicht auf die Dokumentation des Zustands und der Restaurierung der 21+53 aus.<\/li>\n<li>Das Deckblatt wird noch an die ge\u00e4nderten Abmessungen dieser Druckerei angepasst<\/li>\n<\/ul>\n","protected":false},"excerpt":{"rendered":"<p>Neue Buchprojekte sind immer spannend \u00fcber alle Projektphasen des Projektes &#8211; bis hin zu den ersten Exemplaren, die man in den H\u00e4nden h\u00e4lt. Heute kam ein Versandkarton von der Druckerei [&hellip;]<\/p>\n","protected":false},"author":1,"featured_media":30839,"comment_status":"closed","ping_status":"closed","sticky":false,"template":"","format":"standard","meta":{"wpupg_custom_link":[],"wpupg_custom_link_behaviour":["default"],"wpupg_custom_link_nofollow":["default"],"wpupg_custom_image":[],"wpupg_custom_image_id":[],"jetpack_post_was_ever_published":false,"footnotes":""},"categories":[1189,8],"tags":[3133,71,3132,3131,204,1051],"class_list":["post-30838","post","type-post","status-publish","format-standard","has-post-thumbnail","hentry","category-buch","category-news","tag-3133","tag-deutsches-museum","tag-exponat","tag-f-104g","tag-flugwerft-schleissheim","tag-starfighter"],"jetpack_featured_media_url":"https:\/\/i0.wp.com\/deltaimage.de\/wp\/wp-content\/uploads\/IMG_3523_1200.jpg?fit=1200%2C450&ssl=1","jetpack-related-posts":[{"id":42595,"url":"https:\/\/deltaimage.de\/wp\/?p=42595","url_meta":{"origin":30838,"position":0},"title":"70 Jahre Erstflug Lockheed F-105 &#8222;Starfighter&#8220; in der Flugwerft Schlei\u00dfheim &#8211; Deutsches Museum","author":"EschbacP","date":"16. M\u00e4rz 2024","format":false,"excerpt":"Das Deutsche Museum hat in der Flugwerft Schlei\u00dfheim eine Lockheed F-104G in (fast) originalem Zustand als Ausstellungsexponat stehen. In den letzten Jahren hat sich Thomas Michel als fr\u00fcher erster Wart (Flugzeug Ger\u00e4te Mechaniker) der Bundesluftwaffe professionell um die 21+53 gek\u00fcmmert und dieses Ausstellungsexponat mit viel Engagement und Faszination, wieder in\u2026","rel":"","context":"In &quot;News Blog&quot;","block_context":{"text":"News Blog","link":"https:\/\/deltaimage.de\/wp\/?cat=8"},"img":{"alt_text":"","src":"https:\/\/i0.wp.com\/deltaimage.de\/wp\/wp-content\/uploads\/PE1S0043_1200.jpg?fit=1200%2C450&ssl=1&resize=350%2C200","width":350,"height":200,"srcset":"https:\/\/i0.wp.com\/deltaimage.de\/wp\/wp-content\/uploads\/PE1S0043_1200.jpg?fit=1200%2C450&ssl=1&resize=350%2C200 1x, https:\/\/i0.wp.com\/deltaimage.de\/wp\/wp-content\/uploads\/PE1S0043_1200.jpg?fit=1200%2C450&ssl=1&resize=525%2C300 1.5x, https:\/\/i0.wp.com\/deltaimage.de\/wp\/wp-content\/uploads\/PE1S0043_1200.jpg?fit=1200%2C450&ssl=1&resize=700%2C400 2x, https:\/\/i0.wp.com\/deltaimage.de\/wp\/wp-content\/uploads\/PE1S0043_1200.jpg?fit=1200%2C450&ssl=1&resize=1050%2C600 3x"},"classes":[]},{"id":33197,"url":"https:\/\/deltaimage.de\/wp\/?p=33197","url_meta":{"origin":30838,"position":1},"title":"F-104 &#8222;Starfighter&#8220; im Flugwerft-Shop neu eingetroffen","author":"EschbacP","date":"4. M\u00e4rz 2022","format":false,"excerpt":"Heute sind die neuen B\u00fccher zu unserem Projekt Lockheed \u201eStarfighter\u201c F-104G (21+53) im Deutschen Museum Flugwerft Schlei\u00dfheim als neue Buchlieferung eingetroffen und sind nun zum Verkauf in der Flugwerft und hier im SHOP.deltaimage.de verf\u00fcgbar. \u00a0 Ein Museums-Exponat wird in den zeitgem\u00e4\u00dfen Zustand zur\u00fcckgef\u00fchrt Das Deutsche Museum erh\u00e4lt die fliegenden Exponate\u2026","rel":"","context":"In &quot;Buch&quot;","block_context":{"text":"Buch","link":"https:\/\/deltaimage.de\/wp\/?cat=1189"},"img":{"alt_text":"","src":"https:\/\/i0.wp.com\/deltaimage.de\/wp\/wp-content\/uploads\/IMG_20220304_143041_1200.jpg?fit=1200%2C450&ssl=1&resize=350%2C200","width":350,"height":200,"srcset":"https:\/\/i0.wp.com\/deltaimage.de\/wp\/wp-content\/uploads\/IMG_20220304_143041_1200.jpg?fit=1200%2C450&ssl=1&resize=350%2C200 1x, https:\/\/i0.wp.com\/deltaimage.de\/wp\/wp-content\/uploads\/IMG_20220304_143041_1200.jpg?fit=1200%2C450&ssl=1&resize=525%2C300 1.5x, https:\/\/i0.wp.com\/deltaimage.de\/wp\/wp-content\/uploads\/IMG_20220304_143041_1200.jpg?fit=1200%2C450&ssl=1&resize=700%2C400 2x, https:\/\/i0.wp.com\/deltaimage.de\/wp\/wp-content\/uploads\/IMG_20220304_143041_1200.jpg?fit=1200%2C450&ssl=1&resize=1050%2C600 3x"},"classes":[]},{"id":30891,"url":"https:\/\/deltaimage.de\/wp\/?p=30891","url_meta":{"origin":30838,"position":2},"title":"Der Nikolaus bringt das erste eigene Buch in die Flugwerft Schlei\u00dfheim","author":"EschbacP","date":"12. Dezember 2021","format":false,"excerpt":"Der Nikolaus kommt dieses Jahr zu einem Mitarbeiter in der Flugwerft Schlei\u00dfheim und hat den Sack voller B\u00fccher. Nicht irgend welche B\u00fccher ... B\u00fccher, die man selbst gemacht hat, sind schon ein ganz besonderes Erlebnis und Ereignis - auch ganz ohne Nikolaus. Thomas Michel hat \u00fcber 5 Jahre seine Arbeit\u2026","rel":"","context":"In &quot;Buch&quot;","block_context":{"text":"Buch","link":"https:\/\/deltaimage.de\/wp\/?cat=1189"},"img":{"alt_text":"","src":"https:\/\/i0.wp.com\/deltaimage.de\/wp\/wp-content\/uploads\/IMG_20211212_124701_1_1200.jpg?fit=1200%2C450&ssl=1&resize=350%2C200","width":350,"height":200,"srcset":"https:\/\/i0.wp.com\/deltaimage.de\/wp\/wp-content\/uploads\/IMG_20211212_124701_1_1200.jpg?fit=1200%2C450&ssl=1&resize=350%2C200 1x, https:\/\/i0.wp.com\/deltaimage.de\/wp\/wp-content\/uploads\/IMG_20211212_124701_1_1200.jpg?fit=1200%2C450&ssl=1&resize=525%2C300 1.5x, https:\/\/i0.wp.com\/deltaimage.de\/wp\/wp-content\/uploads\/IMG_20211212_124701_1_1200.jpg?fit=1200%2C450&ssl=1&resize=700%2C400 2x, https:\/\/i0.wp.com\/deltaimage.de\/wp\/wp-content\/uploads\/IMG_20211212_124701_1_1200.jpg?fit=1200%2C450&ssl=1&resize=1050%2C600 3x"},"classes":[]},{"id":35597,"url":"https:\/\/deltaimage.de\/wp\/?p=35597","url_meta":{"origin":30838,"position":3},"title":"Neues Buch \u00fcber die Flugwerft Schlei\u00dfheim &#8211; Deutsches Museum","author":"EschbacP","date":"26. August 2022","format":false,"excerpt":"Auf dem Flugplatz Schlei\u00dfheim stehen die \u00e4ltesten Luftfahrtgeb\u00e4ude in Bayern - ja in Deutschland, wenn nicht sogar in Europa. Der Flugplatz liegt im Norden der Landeshauptstadt M\u00fcnchen in unmittelbarer N\u00e4he zu den k\u00f6niglichen Schl\u00f6ssern \"Neues Schloss Schlei\u00dfheim\" und \"Altes Schloss Schlei\u00dfheim\". Die heutige Flugwerft Schlei\u00dfheim im Deutschen Museum wurde als\u2026","rel":"","context":"In &quot;Buch&quot;","block_context":{"text":"Buch","link":"https:\/\/deltaimage.de\/wp\/?cat=1189"},"img":{"alt_text":"","src":"https:\/\/i0.wp.com\/deltaimage.de\/wp\/wp-content\/uploads\/ZY5M5825_1200.jpg?fit=1200%2C450&ssl=1&resize=350%2C200","width":350,"height":200,"srcset":"https:\/\/i0.wp.com\/deltaimage.de\/wp\/wp-content\/uploads\/ZY5M5825_1200.jpg?fit=1200%2C450&ssl=1&resize=350%2C200 1x, https:\/\/i0.wp.com\/deltaimage.de\/wp\/wp-content\/uploads\/ZY5M5825_1200.jpg?fit=1200%2C450&ssl=1&resize=525%2C300 1.5x, https:\/\/i0.wp.com\/deltaimage.de\/wp\/wp-content\/uploads\/ZY5M5825_1200.jpg?fit=1200%2C450&ssl=1&resize=700%2C400 2x, https:\/\/i0.wp.com\/deltaimage.de\/wp\/wp-content\/uploads\/ZY5M5825_1200.jpg?fit=1200%2C450&ssl=1&resize=1050%2C600 3x"},"classes":[]},{"id":41904,"url":"https:\/\/deltaimage.de\/wp\/?p=41904","url_meta":{"origin":30838,"position":4},"title":"Dach ist fertig &#8211; Flugwerft Schlei\u00dfheim","author":"EschbacP","date":"3. November 2023","format":false,"excerpt":"Seit M\u00e4rz 2023 war der Museumsbetrieb in der Flugwerft Schlei\u00dfheim im Deutschen Museum durch Bauarbeiten am Hallendach in der neuen Ausstellungshalle aus dem Jahr 1992 beeintr\u00e4chtigt. Jetzt finden die Arbeiten rechtzeitig vor dem Winter den Abschluss und die Ausstellung f\u00fcr Luft- und Raumfahrt kehrt schrittweise wieder zur Normalit\u00e4t zur\u00fcck. Wieder\u2026","rel":"","context":"In &quot;News Blog&quot;","block_context":{"text":"News Blog","link":"https:\/\/deltaimage.de\/wp\/?cat=8"},"img":{"alt_text":"","src":"https:\/\/i0.wp.com\/deltaimage.de\/wp\/wp-content\/uploads\/IMG_20231031_115434_1200.jpg?fit=1200%2C450&ssl=1&resize=350%2C200","width":350,"height":200,"srcset":"https:\/\/i0.wp.com\/deltaimage.de\/wp\/wp-content\/uploads\/IMG_20231031_115434_1200.jpg?fit=1200%2C450&ssl=1&resize=350%2C200 1x, https:\/\/i0.wp.com\/deltaimage.de\/wp\/wp-content\/uploads\/IMG_20231031_115434_1200.jpg?fit=1200%2C450&ssl=1&resize=525%2C300 1.5x, https:\/\/i0.wp.com\/deltaimage.de\/wp\/wp-content\/uploads\/IMG_20231031_115434_1200.jpg?fit=1200%2C450&ssl=1&resize=700%2C400 2x, https:\/\/i0.wp.com\/deltaimage.de\/wp\/wp-content\/uploads\/IMG_20231031_115434_1200.jpg?fit=1200%2C450&ssl=1&resize=1050%2C600 3x"},"classes":[]},{"id":43736,"url":"https:\/\/deltaimage.de\/wp\/?p=43736","url_meta":{"origin":30838,"position":5},"title":"Das Buch &#8222;Flugwerft&#8220; passend zur Junkers F 13 in Schlei\u00dfheim","author":"EschbacP","date":"9. September 2024","format":false,"excerpt":"Die Junkers F 13 war das erste neu konstruierte Passagierflugzeug und kombinierte damals die modernsten Luftfahrt-Technologien in ein leistungsf\u00e4higes und sicheres Flugzeug. Die Luftfahrtgesellschaften in den 20er Jahren setzten weltweit auf die Junkers F 13. Von den 314 bis 351 weltweit gebauten Junkers F 13 waren 110 Flugzeuge in Deutschland\u2026","rel":"","context":"In &quot;News Blog&quot;","block_context":{"text":"News Blog","link":"https:\/\/deltaimage.de\/wp\/?cat=8"},"img":{"alt_text":"","src":"https:\/\/i0.wp.com\/deltaimage.de\/wp\/wp-content\/uploads\/PE1S0100_1200.jpg?fit=1200%2C450&ssl=1&resize=350%2C200","width":350,"height":200,"srcset":"https:\/\/i0.wp.com\/deltaimage.de\/wp\/wp-content\/uploads\/PE1S0100_1200.jpg?fit=1200%2C450&ssl=1&resize=350%2C200 1x, https:\/\/i0.wp.com\/deltaimage.de\/wp\/wp-content\/uploads\/PE1S0100_1200.jpg?fit=1200%2C450&ssl=1&resize=525%2C300 1.5x, https:\/\/i0.wp.com\/deltaimage.de\/wp\/wp-content\/uploads\/PE1S0100_1200.jpg?fit=1200%2C450&ssl=1&resize=700%2C400 2x, https:\/\/i0.wp.com\/deltaimage.de\/wp\/wp-content\/uploads\/PE1S0100_1200.jpg?fit=1200%2C450&ssl=1&resize=1050%2C600 3x"},"classes":[]}],"jetpack_sharing_enabled":true,"_links":{"self":[{"href":"https:\/\/deltaimage.de\/wp\/index.php?rest_route=\/wp\/v2\/posts\/30838","targetHints":{"allow":["GET"]}}],"collection":[{"href":"https:\/\/deltaimage.de\/wp\/index.php?rest_route=\/wp\/v2\/posts"}],"about":[{"href":"https:\/\/deltaimage.de\/wp\/index.php?rest_route=\/wp\/v2\/types\/post"}],"author":[{"embeddable":true,"href":"https:\/\/deltaimage.de\/wp\/index.php?rest_route=\/wp\/v2\/users\/1"}],"replies":[{"embeddable":true,"href":"https:\/\/deltaimage.de\/wp\/index.php?rest_route=%2Fwp%2Fv2%2Fcomments&post=30838"}],"version-history":[{"count":5,"href":"https:\/\/deltaimage.de\/wp\/index.php?rest_route=\/wp\/v2\/posts\/30838\/revisions"}],"predecessor-version":[{"id":51306,"href":"https:\/\/deltaimage.de\/wp\/index.php?rest_route=\/wp\/v2\/posts\/30838\/revisions\/51306"}],"wp:featuredmedia":[{"embeddable":true,"href":"https:\/\/deltaimage.de\/wp\/index.php?rest_route=\/wp\/v2\/media\/30839"}],"wp:attachment":[{"href":"https:\/\/deltaimage.de\/wp\/index.php?rest_route=%2Fwp%2Fv2%2Fmedia&parent=30838"}],"wp:term":[{"taxonomy":"category","embeddable":true,"href":"https:\/\/deltaimage.de\/wp\/index.php?rest_route=%2Fwp%2Fv2%2Fcategories&post=30838"},{"taxonomy":"post_tag","embeddable":true,"href":"https:\/\/deltaimage.de\/wp\/index.php?rest_route=%2Fwp%2Fv2%2Ftags&post=30838"}],"curies":[{"name":"wp","href":"https:\/\/api.w.org\/{rel}","templated":true}]}}