{"id":32558,"date":"2022-01-07T17:09:21","date_gmt":"2022-01-07T16:09:21","guid":{"rendered":"https:\/\/deltaimage.de\/wp\/?p=32558"},"modified":"2022-01-07T17:20:36","modified_gmt":"2022-01-07T16:20:36","slug":"neues-jahr-2022-geht-mit-einem-farbspektakel-am-winterhimmel-los","status":"publish","type":"post","link":"https:\/\/deltaimage.de\/wp\/?p=32558","title":{"rendered":"Neues Jahr 2022 geht mit einem Farbspektakel am Winterhimmel los"},"content":{"rendered":"<p>Der Jahreswechsel 2021\/2022 war im Dachauer Moos ohne echten Winter, ohne echten Schnee und Eis. Vielleicht auch gerade deswegen, bieten sich viele fotografischen Motive an den l\u00e4ngsten N\u00e4chten im Jahreskreis &#8211; der Himmel bekommt am Abend noch mehr Zeit in einem besonderen Schauspiel den Tag in die Nacht verabschieden zu d\u00fcrfen.<\/p>\n<p>&nbsp;<\/p>\n<p>&nbsp;<\/p>\n<p>&nbsp;<\/p>\n<p><img data-recalc-dims=\"1\" loading=\"lazy\" decoding=\"async\" data-attachment-id=\"32562\" data-permalink=\"https:\/\/deltaimage.de\/wp\/?attachment_id=32562#main\" data-orig-file=\"https:\/\/i0.wp.com\/deltaimage.de\/wp\/wp-content\/uploads\/IMG_3283_900.jpg?fit=593%2C890&amp;ssl=1\" data-orig-size=\"593,890\" data-comments-opened=\"0\" data-image-meta=\"{&quot;aperture&quot;:&quot;4&quot;,&quot;credit&quot;:&quot;PAUL ESCHBACH&quot;,&quot;camera&quot;:&quot;Canon EOS 80D&quot;,&quot;caption&quot;:&quot;&quot;,&quot;created_timestamp&quot;:&quot;1641400511&quot;,&quot;copyright&quot;:&quot;Paul Eschbach @ DELTA IMAGE&quot;,&quot;focal_length&quot;:&quot;31&quot;,&quot;iso&quot;:&quot;100&quot;,&quot;shutter_speed&quot;:&quot;0.004&quot;,&quot;title&quot;:&quot;&quot;,&quot;orientation&quot;:&quot;0&quot;}\" data-image-title=\"IMG_3283_900\" data-image-description=\"\" data-image-caption=\"\" data-large-file=\"https:\/\/i0.wp.com\/deltaimage.de\/wp\/wp-content\/uploads\/IMG_3283_900.jpg?fit=593%2C890&amp;ssl=1\" class=\"aligncenter size-full wp-image-32562\" src=\"https:\/\/i0.wp.com\/deltaimage.de\/wp\/wp-content\/uploads\/IMG_3283_900.jpg?resize=593%2C890&#038;ssl=1\" alt=\"\" width=\"593\" height=\"890\" srcset=\"https:\/\/i0.wp.com\/deltaimage.de\/wp\/wp-content\/uploads\/IMG_3283_900.jpg?w=593&amp;ssl=1 593w, https:\/\/i0.wp.com\/deltaimage.de\/wp\/wp-content\/uploads\/IMG_3283_900.jpg?resize=400%2C600&amp;ssl=1 400w, https:\/\/i0.wp.com\/deltaimage.de\/wp\/wp-content\/uploads\/IMG_3283_900.jpg?resize=133%2C200&amp;ssl=1 133w, https:\/\/i0.wp.com\/deltaimage.de\/wp\/wp-content\/uploads\/IMG_3283_900.jpg?resize=395%2C593&amp;ssl=1 395w, https:\/\/i0.wp.com\/deltaimage.de\/wp\/wp-content\/uploads\/IMG_3283_900.jpg?resize=300%2C450&amp;ssl=1 300w, https:\/\/i0.wp.com\/deltaimage.de\/wp\/wp-content\/uploads\/IMG_3283_900.jpg?resize=267%2C400&amp;ssl=1 267w\" sizes=\"auto, (max-width: 593px) 100vw, 593px\" \/><\/p>\n<p>So auch zwischen Neujahr und Hl. Dreik\u00f6nig an einem der vielen Baggerseen im Dachauer Moos. Das Abendspektakel am Himmel gegen Westen zeichnete sich schon \u00fcber eine Stunde lang ab. F\u00fcr den Fotografen gilt es dann, rechtzeitig an einem geeigneten Fotomotiv zu sein, um in den ca. 15 Minuten das herrliche Farbspektakel selbst genie\u00dfen zu k\u00f6nnen, und dabei das eine oder andere Foto machen zu k\u00f6nnen.<\/p>\n<p><!--more--><\/p>\n<p>&nbsp;<\/p>\n<h2>F\u00f6hnwind wechselt sich mit Hochdruck ab<\/h2>\n<p>Nahezu jeden Tag gibt es eine andere meteorologische Situation \u00fcber S\u00fcddeutschland. Den einen Tag herrscht F\u00f6hnwind vor und macht den Himmel klar, dann verzaubert der zusammenbrechende F\u00f6hnwind den Himmel mit einer klaren Sicht auf die Alpen bei beginnendem Regen.<\/p>\n<p><img data-recalc-dims=\"1\" loading=\"lazy\" decoding=\"async\" data-attachment-id=\"32563\" data-permalink=\"https:\/\/deltaimage.de\/wp\/?attachment_id=32563#main\" data-orig-file=\"https:\/\/i0.wp.com\/deltaimage.de\/wp\/wp-content\/uploads\/IMG_3294_900.jpg?fit=890%2C593&amp;ssl=1\" data-orig-size=\"890,593\" data-comments-opened=\"0\" data-image-meta=\"{&quot;aperture&quot;:&quot;8&quot;,&quot;credit&quot;:&quot;PAUL ESCHBACH&quot;,&quot;camera&quot;:&quot;Canon EOS 80D&quot;,&quot;caption&quot;:&quot;&quot;,&quot;created_timestamp&quot;:&quot;1641400659&quot;,&quot;copyright&quot;:&quot;Paul Eschbach @ DELTA IMAGE&quot;,&quot;focal_length&quot;:&quot;17&quot;,&quot;iso&quot;:&quot;500&quot;,&quot;shutter_speed&quot;:&quot;0.008&quot;,&quot;title&quot;:&quot;&quot;,&quot;orientation&quot;:&quot;0&quot;}\" data-image-title=\"IMG_3294_900\" data-image-description=\"\" data-image-caption=\"\" data-large-file=\"https:\/\/i0.wp.com\/deltaimage.de\/wp\/wp-content\/uploads\/IMG_3294_900.jpg?fit=890%2C593&amp;ssl=1\" class=\"aligncenter size-full wp-image-32563\" src=\"https:\/\/i0.wp.com\/deltaimage.de\/wp\/wp-content\/uploads\/IMG_3294_900.jpg?resize=890%2C593&#038;ssl=1\" alt=\"\" width=\"890\" height=\"593\" srcset=\"https:\/\/i0.wp.com\/deltaimage.de\/wp\/wp-content\/uploads\/IMG_3294_900.jpg?w=890&amp;ssl=1 890w, https:\/\/i0.wp.com\/deltaimage.de\/wp\/wp-content\/uploads\/IMG_3294_900.jpg?resize=300%2C200&amp;ssl=1 300w, https:\/\/i0.wp.com\/deltaimage.de\/wp\/wp-content\/uploads\/IMG_3294_900.jpg?resize=675%2C450&amp;ssl=1 675w, https:\/\/i0.wp.com\/deltaimage.de\/wp\/wp-content\/uploads\/IMG_3294_900.jpg?resize=600%2C400&amp;ssl=1 600w, https:\/\/i0.wp.com\/deltaimage.de\/wp\/wp-content\/uploads\/IMG_3294_900.jpg?resize=200%2C133&amp;ssl=1 200w\" sizes=\"auto, (max-width: 890px) 100vw, 890px\" \/><\/p>\n<p>An diesem Tag war der Himmel am Nachmittag weitgehend wolkenklar und so bietet sich den Tag \u00fcber eine herrliche Sicht von Dachau auf die 90 km entfernten Alpenkette. Von Osten schiebt sich eine Wolkenschicht nach Westen bei abk\u00fchlender Luft und wird zur Projektionsfl\u00e4che der untergehenden Sonne und ihrem roten Licht am Abendhimmel.<\/p>\n<p>&nbsp;<\/p>\n<h2>Reflexionen im Wasser verdoppeln das Fotomotiv f\u00fcr den Fotografen<\/h2>\n<p>Das Wasser am stillen Baggersee ist eine \u00dcberbleibsel des reichen Kiesabbaus auf der M\u00fcnchener Schotterebene &#8211; auch f\u00fcr den Bau der Autobahnen und Fernstra\u00dfen Rund um M\u00fcnchen. Einige dieser Seen liegen noch ziemlich einsam in der Landschaft und \u00f6ffnen die Landschaft mit gro\u00dfen ruhigen Wasserfl\u00e4chen.<\/p>\n<p><img data-recalc-dims=\"1\" loading=\"lazy\" decoding=\"async\" data-attachment-id=\"32569\" data-permalink=\"https:\/\/deltaimage.de\/wp\/?attachment_id=32569#main\" data-orig-file=\"https:\/\/i0.wp.com\/deltaimage.de\/wp\/wp-content\/uploads\/IMG_3296_900.jpg?fit=593%2C890&amp;ssl=1\" data-orig-size=\"593,890\" data-comments-opened=\"0\" data-image-meta=\"{&quot;aperture&quot;:&quot;8&quot;,&quot;credit&quot;:&quot;PAUL ESCHBACH&quot;,&quot;camera&quot;:&quot;Canon EOS 80D&quot;,&quot;caption&quot;:&quot;&quot;,&quot;created_timestamp&quot;:&quot;1641400684&quot;,&quot;copyright&quot;:&quot;Paul Eschbach @ DELTA IMAGE&quot;,&quot;focal_length&quot;:&quot;17&quot;,&quot;iso&quot;:&quot;125&quot;,&quot;shutter_speed&quot;:&quot;0.008&quot;,&quot;title&quot;:&quot;&quot;,&quot;orientation&quot;:&quot;0&quot;}\" data-image-title=\"IMG_3296_900\" data-image-description=\"\" data-image-caption=\"\" data-large-file=\"https:\/\/i0.wp.com\/deltaimage.de\/wp\/wp-content\/uploads\/IMG_3296_900.jpg?fit=593%2C890&amp;ssl=1\" class=\"aligncenter size-full wp-image-32569\" src=\"https:\/\/i0.wp.com\/deltaimage.de\/wp\/wp-content\/uploads\/IMG_3296_900.jpg?resize=593%2C890&#038;ssl=1\" alt=\"\" width=\"593\" height=\"890\" srcset=\"https:\/\/i0.wp.com\/deltaimage.de\/wp\/wp-content\/uploads\/IMG_3296_900.jpg?w=593&amp;ssl=1 593w, https:\/\/i0.wp.com\/deltaimage.de\/wp\/wp-content\/uploads\/IMG_3296_900.jpg?resize=400%2C600&amp;ssl=1 400w, https:\/\/i0.wp.com\/deltaimage.de\/wp\/wp-content\/uploads\/IMG_3296_900.jpg?resize=133%2C200&amp;ssl=1 133w, https:\/\/i0.wp.com\/deltaimage.de\/wp\/wp-content\/uploads\/IMG_3296_900.jpg?resize=395%2C593&amp;ssl=1 395w, https:\/\/i0.wp.com\/deltaimage.de\/wp\/wp-content\/uploads\/IMG_3296_900.jpg?resize=300%2C450&amp;ssl=1 300w, https:\/\/i0.wp.com\/deltaimage.de\/wp\/wp-content\/uploads\/IMG_3296_900.jpg?resize=267%2C400&amp;ssl=1 267w\" sizes=\"auto, (max-width: 593px) 100vw, 593px\" \/><\/p>\n<p>Wasser ist auch immer eine Reflexionsfl\u00e4che f\u00fcr Licht und Licht haben wir bei diesem Kontrast ausdr\u00fccklich viel an dem leuchtendem Abendhimmel. Das gelbe, orange und rote Abendlicht der untergehenden Sonne beleuchtet die Wolkenfetzen von unten an und wird in der tiefblauen und dunklen Wasseroberfl\u00e4che gespiegelt. So verdoppelt sich die Motivfl\u00e4che f\u00fcr den Fotografen.<\/p>\n<p>Spiegelungen sind in der Fotografie wichtige Elemente f\u00fcr den Bildaufbau durch Wiederholung und Symmetrie.<\/p>\n<p>&nbsp;<\/p>\n<h2>Wenn man denkt es sei schon vorbei &#8211; dann geht es erst noch richtig los<\/h2>\n<p>So ein Sonnenuntergang ist immer spannend zu betrachten und vielmehr noch ihn auch zu fotografieren.<\/p>\n<p>Der Sonnenuntergang erstreckt sich im Winter \u00fcber einen Zeitraum von 15 bis 20 Minuten und verl\u00e4uft in verschiedenen Abschnitten. In den letzten 5 Minuten werden vor allem die noch vorhandenen Wolken durch die schon sehr tief hinter dem Horizont verschwundene Sonne weit im Westen beleuchtet. Die Sonnenstrahlen passieren dabei den l\u00e4ngsten Weg durch die verschiedenen Luftschichten der Atmosph\u00e4re, so dass die blauen Lichtanteile (kurze Wellenl\u00e4nge) durch Brechung und Reflexion ins Weltall abgelenkt wird. Wir sehen die verbleibende Komplement\u00e4rfarbe Rot. Rot als Farbe der untergehenden Sonne und ROT als Farbe der Wolken am Abendhimmel.<\/p>\n<p><img data-recalc-dims=\"1\" loading=\"lazy\" decoding=\"async\" data-attachment-id=\"32561\" data-permalink=\"https:\/\/deltaimage.de\/wp\/?attachment_id=32561#main\" data-orig-file=\"https:\/\/i0.wp.com\/deltaimage.de\/wp\/wp-content\/uploads\/IMG_3312_900.jpg?fit=890%2C593&amp;ssl=1\" data-orig-size=\"890,593\" data-comments-opened=\"0\" data-image-meta=\"{&quot;aperture&quot;:&quot;8&quot;,&quot;credit&quot;:&quot;PAUL ESCHBACH&quot;,&quot;camera&quot;:&quot;Canon EOS 80D&quot;,&quot;caption&quot;:&quot;&quot;,&quot;created_timestamp&quot;:&quot;1641401027&quot;,&quot;copyright&quot;:&quot;Paul Eschbach @ DELTA IMAGE&quot;,&quot;focal_length&quot;:&quot;169&quot;,&quot;iso&quot;:&quot;320&quot;,&quot;shutter_speed&quot;:&quot;0.008&quot;,&quot;title&quot;:&quot;&quot;,&quot;orientation&quot;:&quot;0&quot;}\" data-image-title=\"IMG_3312_900\" data-image-description=\"\" data-image-caption=\"\" data-large-file=\"https:\/\/i0.wp.com\/deltaimage.de\/wp\/wp-content\/uploads\/IMG_3312_900.jpg?fit=890%2C593&amp;ssl=1\" class=\"aligncenter size-full wp-image-32561\" src=\"https:\/\/i0.wp.com\/deltaimage.de\/wp\/wp-content\/uploads\/IMG_3312_900.jpg?resize=890%2C593&#038;ssl=1\" alt=\"\" width=\"890\" height=\"593\" srcset=\"https:\/\/i0.wp.com\/deltaimage.de\/wp\/wp-content\/uploads\/IMG_3312_900.jpg?w=890&amp;ssl=1 890w, https:\/\/i0.wp.com\/deltaimage.de\/wp\/wp-content\/uploads\/IMG_3312_900.jpg?resize=300%2C200&amp;ssl=1 300w, https:\/\/i0.wp.com\/deltaimage.de\/wp\/wp-content\/uploads\/IMG_3312_900.jpg?resize=675%2C450&amp;ssl=1 675w, https:\/\/i0.wp.com\/deltaimage.de\/wp\/wp-content\/uploads\/IMG_3312_900.jpg?resize=600%2C400&amp;ssl=1 600w, https:\/\/i0.wp.com\/deltaimage.de\/wp\/wp-content\/uploads\/IMG_3312_900.jpg?resize=200%2C133&amp;ssl=1 200w\" sizes=\"auto, (max-width: 890px) 100vw, 890px\" \/><\/p>\n<p>Intensiver wird man das Abendrot nicht mehr sehen k\u00f6nnen. Die letzten 5 Minuten im himmlischen Reigen am Abendhimmel sind die intensivsten. Genauso schnell wie die Erscheinung gekommen ist, ist sie dann auch vor\u00fcber. Die Sonne verschwindet hinter der Erdkr\u00fcmmung und die letzten Sonnenstrahlen erreichen gerade noch unseren Himmelsausschnitt &#8211; dann herrscht nur noch die Dunkelheit der Nacht und macht Freude auf den kommenden Tag.<\/p>\n<p>&nbsp;<\/p>\n<h2>Abendrot ringt mit dem Neumond am Abendhimmel<\/h2>\n<p>In diesem feurig-rotem Farbspektakel erscheint der Neumond am Abendhimmel und k\u00e4mpft mit der Wolkenfetzen um die Herrschaft am Himmel. Das dauert nicht lange und der Neumond setzt sich durch, bis in 15 Stunden. Dann siegt die Kraft des Sonnenaufgangs gegen die M\u00e4chte der Dunkelheit und der Nacht<\/p>\n<p><img data-recalc-dims=\"1\" loading=\"lazy\" decoding=\"async\" data-attachment-id=\"32560\" data-permalink=\"https:\/\/deltaimage.de\/wp\/?attachment_id=32560#main\" data-orig-file=\"https:\/\/i0.wp.com\/deltaimage.de\/wp\/wp-content\/uploads\/IMG_3323_900.jpg?fit=890%2C593&amp;ssl=1\" data-orig-size=\"890,593\" data-comments-opened=\"0\" data-image-meta=\"{&quot;aperture&quot;:&quot;8&quot;,&quot;credit&quot;:&quot;PAUL ESCHBACH&quot;,&quot;camera&quot;:&quot;Canon EOS 80D&quot;,&quot;caption&quot;:&quot;&quot;,&quot;created_timestamp&quot;:&quot;1641401093&quot;,&quot;copyright&quot;:&quot;Paul Eschbach @ DELTA IMAGE&quot;,&quot;focal_length&quot;:&quot;150&quot;,&quot;iso&quot;:&quot;320&quot;,&quot;shutter_speed&quot;:&quot;0.008&quot;,&quot;title&quot;:&quot;&quot;,&quot;orientation&quot;:&quot;0&quot;}\" data-image-title=\"IMG_3323_900\" data-image-description=\"\" data-image-caption=\"\" data-large-file=\"https:\/\/i0.wp.com\/deltaimage.de\/wp\/wp-content\/uploads\/IMG_3323_900.jpg?fit=890%2C593&amp;ssl=1\" class=\"aligncenter size-full wp-image-32560\" src=\"https:\/\/i0.wp.com\/deltaimage.de\/wp\/wp-content\/uploads\/IMG_3323_900.jpg?resize=890%2C593&#038;ssl=1\" alt=\"\" width=\"890\" height=\"593\" srcset=\"https:\/\/i0.wp.com\/deltaimage.de\/wp\/wp-content\/uploads\/IMG_3323_900.jpg?w=890&amp;ssl=1 890w, https:\/\/i0.wp.com\/deltaimage.de\/wp\/wp-content\/uploads\/IMG_3323_900.jpg?resize=300%2C200&amp;ssl=1 300w, https:\/\/i0.wp.com\/deltaimage.de\/wp\/wp-content\/uploads\/IMG_3323_900.jpg?resize=675%2C450&amp;ssl=1 675w, https:\/\/i0.wp.com\/deltaimage.de\/wp\/wp-content\/uploads\/IMG_3323_900.jpg?resize=600%2C400&amp;ssl=1 600w, https:\/\/i0.wp.com\/deltaimage.de\/wp\/wp-content\/uploads\/IMG_3323_900.jpg?resize=200%2C133&amp;ssl=1 200w\" sizes=\"auto, (max-width: 890px) 100vw, 890px\" \/><\/p>\n<p>Das ist alles Natur und findet an jedem Tag im Jahr genau so statt. Nicht immer k\u00f6nnen wir es sehen und bewundern. Daher ist es umso eindrucksvoller, wenn man sich rechtzeitig am Nachmittag um das bevorstehende Wetter am Abend k\u00fcmmert und es sich vielleicht einrichten kann, zur richtigen zeit am richtigen Ort zu sein. Der Himmel schickt seine Belohnung f\u00fcr diese M\u00fche als farbiges Lichtspektakel zu uns Fotografen.<\/p>\n","protected":false},"excerpt":{"rendered":"<p>Der Jahreswechsel 2021\/2022 war im Dachauer Moos ohne echten Winter, ohne echten Schnee und Eis. Vielleicht auch gerade deswegen, bieten sich viele fotografischen Motive an den l\u00e4ngsten N\u00e4chten im Jahreskreis [&hellip;]<\/p>\n","protected":false},"author":1,"featured_media":32565,"comment_status":"closed","ping_status":"closed","sticky":false,"template":"","format":"standard","meta":{"wpupg_custom_link":[],"wpupg_custom_link_behaviour":["default"],"wpupg_custom_link_nofollow":[],"wpupg_custom_image":[],"wpupg_custom_image_id":[],"footnotes":"","jetpack_post_was_ever_published":false},"categories":[2523,8],"tags":[1627,775,452],"class_list":["post-32558","post","type-post","status-publish","format-standard","has-post-thumbnail","hentry","category-dachauer-moos","category-news","tag-abendstimmung","tag-dachauer-moos","tag-winter"],"jetpack-related-posts":[{"id":27005,"url":"https:\/\/deltaimage.de\/wp\/?p=27005","url_meta":{"origin":32558,"position":0},"title":"Weihnachten im Dachauer Moos im Jahr 2020","author":"EschbacP","date":"26. Dezember 2020","format":false,"excerpt":"Nach 6 Wochen zu Hause, sagte der Wetterbericht f\u00fcr die letzte Nacht (ganz) leichten Schneefall und den ganzen Tag Temperaturen unter 0 \u00b0C voraus. Das versuchen wir doch gleich in stimmungsvolle Fotos im Dachauer Moos umzusetzen. \u00a0 Dachauer Moos im Winter mit ein bisschen Schnee und Eis Am zweiten Weihnachtsfeiertag\u2026","rel":"","context":"In &quot;Dachauer Land&quot;","block_context":{"text":"Dachauer Land","link":"https:\/\/deltaimage.de\/wp\/?cat=3010"},"img":{"alt_text":"","src":"https:\/\/i0.wp.com\/deltaimage.de\/wp\/wp-content\/uploads\/IMG_5707_1200.jpg?fit=1200%2C450&ssl=1&resize=350%2C200","width":350,"height":200,"srcset":"https:\/\/i0.wp.com\/deltaimage.de\/wp\/wp-content\/uploads\/IMG_5707_1200.jpg?fit=1200%2C450&ssl=1&resize=350%2C200 1x, https:\/\/i0.wp.com\/deltaimage.de\/wp\/wp-content\/uploads\/IMG_5707_1200.jpg?fit=1200%2C450&ssl=1&resize=525%2C300 1.5x, https:\/\/i0.wp.com\/deltaimage.de\/wp\/wp-content\/uploads\/IMG_5707_1200.jpg?fit=1200%2C450&ssl=1&resize=700%2C400 2x, https:\/\/i0.wp.com\/deltaimage.de\/wp\/wp-content\/uploads\/IMG_5707_1200.jpg?fit=1200%2C450&ssl=1&resize=1050%2C600 3x"},"classes":[]},{"id":37261,"url":"https:\/\/deltaimage.de\/wp\/?p=37261","url_meta":{"origin":32558,"position":1},"title":"Goldener Herbst im Dachauer Moos","author":"EschbacP","date":"17. Oktober 2022","format":false,"excerpt":"Mitte Oktober ist der Gipfel des goldenen Herbstes in Oberbayern und damit der fotografische H\u00f6hepunkt f\u00fcr Landschafts- und NaturfotografInnen gekommen. Da muss die FotografIn raus in die Landschaft und die Zeit zwischen den Tagen mit Wolken und Regen ausgiebig nutzen. Belohnt wird die FotografIn mit den herrlichsten Landschafts- und Naturfotos\u2026","rel":"","context":"In &quot;Dachauer Land&quot;","block_context":{"text":"Dachauer Land","link":"https:\/\/deltaimage.de\/wp\/?cat=3010"},"img":{"alt_text":"","src":"https:\/\/i0.wp.com\/deltaimage.de\/wp\/wp-content\/uploads\/PE1S0112-Pano_1200.jpg?fit=1200%2C450&ssl=1&resize=350%2C200","width":350,"height":200,"srcset":"https:\/\/i0.wp.com\/deltaimage.de\/wp\/wp-content\/uploads\/PE1S0112-Pano_1200.jpg?fit=1200%2C450&ssl=1&resize=350%2C200 1x, https:\/\/i0.wp.com\/deltaimage.de\/wp\/wp-content\/uploads\/PE1S0112-Pano_1200.jpg?fit=1200%2C450&ssl=1&resize=525%2C300 1.5x, https:\/\/i0.wp.com\/deltaimage.de\/wp\/wp-content\/uploads\/PE1S0112-Pano_1200.jpg?fit=1200%2C450&ssl=1&resize=700%2C400 2x, https:\/\/i0.wp.com\/deltaimage.de\/wp\/wp-content\/uploads\/PE1S0112-Pano_1200.jpg?fit=1200%2C450&ssl=1&resize=1050%2C600 3x"},"classes":[]},{"id":31038,"url":"https:\/\/deltaimage.de\/wp\/?p=31038","url_meta":{"origin":32558,"position":2},"title":"Weihnachtsbeitrag aus dem Dachauer Moos","author":"EschbacP","date":"24. Dezember 2021","format":false,"excerpt":"Es ist bei lange nicht selbstverst\u00e4ndlich, auch wenn sich (fast) alle es sich so sehr w\u00fcnschen. Ein wunderbares Weihnachten mit Schnee vom 24.12. bis zum 6.1. - ein Fest f\u00fcr alle Menschen mit einem Sinn f\u00fcr Landschaft, Natur und letztlich Fotografie. In diesem Jahr haben wir in Dachau zwar auch\u2026","rel":"","context":"In &quot;Dachauer Land&quot;","block_context":{"text":"Dachauer Land","link":"https:\/\/deltaimage.de\/wp\/?cat=3010"},"img":{"alt_text":"","src":"https:\/\/i0.wp.com\/deltaimage.de\/wp\/wp-content\/uploads\/IMG_3127_1200.jpg?fit=1200%2C450&ssl=1&resize=350%2C200","width":350,"height":200,"srcset":"https:\/\/i0.wp.com\/deltaimage.de\/wp\/wp-content\/uploads\/IMG_3127_1200.jpg?fit=1200%2C450&ssl=1&resize=350%2C200 1x, https:\/\/i0.wp.com\/deltaimage.de\/wp\/wp-content\/uploads\/IMG_3127_1200.jpg?fit=1200%2C450&ssl=1&resize=525%2C300 1.5x, https:\/\/i0.wp.com\/deltaimage.de\/wp\/wp-content\/uploads\/IMG_3127_1200.jpg?fit=1200%2C450&ssl=1&resize=700%2C400 2x, https:\/\/i0.wp.com\/deltaimage.de\/wp\/wp-content\/uploads\/IMG_3127_1200.jpg?fit=1200%2C450&ssl=1&resize=1050%2C600 3x"},"classes":[]},{"id":53673,"url":"https:\/\/deltaimage.de\/wp\/?p=53673","url_meta":{"origin":32558,"position":3},"title":"Silberreiher im Dachauer Moos &#8211; Gr\u00f6benrieder Moos im Winter","author":"EschbacP","date":"29. Januar 2026","format":false,"excerpt":"Wochenlang nur eine tr\u00fcbe Suppe am Himmel und keine Gelegenheit, in der Natur Tiere zu beobachten und die Landschaft erleben zu k\u00f6nnen. Dann war f\u00fcr einen Tag wieder einmal Sonnenschein bestimmend am Tag. Ebenso wie ich, wollten auch verschiedene Tiere hinaus, um Nahrung zu suchen. Eine gute Gelegenheit, im Dachauer\u2026","rel":"","context":"In &quot;Dachauer Land&quot;","block_context":{"text":"Dachauer Land","link":"https:\/\/deltaimage.de\/wp\/?cat=3010"},"img":{"alt_text":"","src":"https:\/\/i0.wp.com\/deltaimage.de\/wp\/wp-content\/uploads\/PED45817_1200.jpg?fit=1200%2C450&ssl=1&resize=350%2C200","width":350,"height":200,"srcset":"https:\/\/i0.wp.com\/deltaimage.de\/wp\/wp-content\/uploads\/PED45817_1200.jpg?fit=1200%2C450&ssl=1&resize=350%2C200 1x, https:\/\/i0.wp.com\/deltaimage.de\/wp\/wp-content\/uploads\/PED45817_1200.jpg?fit=1200%2C450&ssl=1&resize=525%2C300 1.5x, https:\/\/i0.wp.com\/deltaimage.de\/wp\/wp-content\/uploads\/PED45817_1200.jpg?fit=1200%2C450&ssl=1&resize=700%2C400 2x, https:\/\/i0.wp.com\/deltaimage.de\/wp\/wp-content\/uploads\/PED45817_1200.jpg?fit=1200%2C450&ssl=1&resize=1050%2C600 3x"},"classes":[]},{"id":52927,"url":"https:\/\/deltaimage.de\/wp\/?p=52927","url_meta":{"origin":32558,"position":4},"title":"In einem Land &#8211; weit weit weg, Ende Oktober im Sp\u00e4t-Herbst!","author":"EschbacP","date":"8. November 2025","format":false,"excerpt":"Die Natur- und Landschaftsfotografie bietet eine unendliche Vielfalt an Bildmotiven, Genres und Lichtstimmungen. F\u00fcr mich entstehen die liebsten Bildmotive immer noch vor der eigenen Haust\u00fcre, manchmal geplant und auch manchmal einfach durch die jeweilige Situation \u00fcberrascht zu werden. Landschaftsfotografie bedeutet, mit offenen fotografischen Augen durch die Landschaft zu ziehen. An\u2026","rel":"","context":"In &quot;Dachauer Land&quot;","block_context":{"text":"Dachauer Land","link":"https:\/\/deltaimage.de\/wp\/?cat=3010"},"img":{"alt_text":"","src":"https:\/\/i0.wp.com\/deltaimage.de\/wp\/wp-content\/uploads\/PED45065_1200.jpg?fit=1200%2C450&ssl=1&resize=350%2C200","width":350,"height":200,"srcset":"https:\/\/i0.wp.com\/deltaimage.de\/wp\/wp-content\/uploads\/PED45065_1200.jpg?fit=1200%2C450&ssl=1&resize=350%2C200 1x, https:\/\/i0.wp.com\/deltaimage.de\/wp\/wp-content\/uploads\/PED45065_1200.jpg?fit=1200%2C450&ssl=1&resize=525%2C300 1.5x, https:\/\/i0.wp.com\/deltaimage.de\/wp\/wp-content\/uploads\/PED45065_1200.jpg?fit=1200%2C450&ssl=1&resize=700%2C400 2x, https:\/\/i0.wp.com\/deltaimage.de\/wp\/wp-content\/uploads\/PED45065_1200.jpg?fit=1200%2C450&ssl=1&resize=1050%2C600 3x"},"classes":[]},{"id":27033,"url":"https:\/\/deltaimage.de\/wp\/?p=27033","url_meta":{"origin":32558,"position":5},"title":"Eine Nacht mit -10\u00b0C zauberte Eisfiguren an der Amper hervor","author":"EschbacP","date":"27. Dezember 2020","format":false,"excerpt":"Die Tage um Weihnachten sind eher Grau in Grau, mit etwas Sonnenschein. Es ist weder kalt noch gibt es Schnee - da ist es schwierig als Fotograf der Landschaft ein paar sch\u00f6ne Fotomotive zu entlocken. Etwas abseits von einer Wehranlage und einer Sohlschwelle spritzte gen\u00fcgend feines Wasser auf, um an\u2026","rel":"","context":"In &quot;Dachauer Land&quot;","block_context":{"text":"Dachauer Land","link":"https:\/\/deltaimage.de\/wp\/?cat=3010"},"img":{"alt_text":"","src":"https:\/\/i0.wp.com\/deltaimage.de\/wp\/wp-content\/uploads\/IMG_5840_1200.jpg?fit=1200%2C450&ssl=1&resize=350%2C200","width":350,"height":200,"srcset":"https:\/\/i0.wp.com\/deltaimage.de\/wp\/wp-content\/uploads\/IMG_5840_1200.jpg?fit=1200%2C450&ssl=1&resize=350%2C200 1x, https:\/\/i0.wp.com\/deltaimage.de\/wp\/wp-content\/uploads\/IMG_5840_1200.jpg?fit=1200%2C450&ssl=1&resize=525%2C300 1.5x, https:\/\/i0.wp.com\/deltaimage.de\/wp\/wp-content\/uploads\/IMG_5840_1200.jpg?fit=1200%2C450&ssl=1&resize=700%2C400 2x, https:\/\/i0.wp.com\/deltaimage.de\/wp\/wp-content\/uploads\/IMG_5840_1200.jpg?fit=1200%2C450&ssl=1&resize=1050%2C600 3x"},"classes":[]}],"jetpack_sharing_enabled":true,"jetpack_featured_media_url":"https:\/\/i0.wp.com\/deltaimage.de\/wp\/wp-content\/uploads\/IMG_3275_1200.jpg?fit=1200%2C450&ssl=1","_links":{"self":[{"href":"https:\/\/deltaimage.de\/wp\/index.php?rest_route=\/wp\/v2\/posts\/32558","targetHints":{"allow":["GET"]}}],"collection":[{"href":"https:\/\/deltaimage.de\/wp\/index.php?rest_route=\/wp\/v2\/posts"}],"about":[{"href":"https:\/\/deltaimage.de\/wp\/index.php?rest_route=\/wp\/v2\/types\/post"}],"author":[{"embeddable":true,"href":"https:\/\/deltaimage.de\/wp\/index.php?rest_route=\/wp\/v2\/users\/1"}],"replies":[{"embeddable":true,"href":"https:\/\/deltaimage.de\/wp\/index.php?rest_route=%2Fwp%2Fv2%2Fcomments&post=32558"}],"version-history":[{"count":7,"href":"https:\/\/deltaimage.de\/wp\/index.php?rest_route=\/wp\/v2\/posts\/32558\/revisions"}],"predecessor-version":[{"id":32578,"href":"https:\/\/deltaimage.de\/wp\/index.php?rest_route=\/wp\/v2\/posts\/32558\/revisions\/32578"}],"wp:featuredmedia":[{"embeddable":true,"href":"https:\/\/deltaimage.de\/wp\/index.php?rest_route=\/wp\/v2\/media\/32565"}],"wp:attachment":[{"href":"https:\/\/deltaimage.de\/wp\/index.php?rest_route=%2Fwp%2Fv2%2Fmedia&parent=32558"}],"wp:term":[{"taxonomy":"category","embeddable":true,"href":"https:\/\/deltaimage.de\/wp\/index.php?rest_route=%2Fwp%2Fv2%2Fcategories&post=32558"},{"taxonomy":"post_tag","embeddable":true,"href":"https:\/\/deltaimage.de\/wp\/index.php?rest_route=%2Fwp%2Fv2%2Ftags&post=32558"}],"curies":[{"name":"wp","href":"https:\/\/api.w.org\/{rel}","templated":true}]}}