{"id":32860,"date":"2022-02-06T13:35:41","date_gmt":"2022-02-06T12:35:41","guid":{"rendered":"https:\/\/deltaimage.de\/wp\/?p=32860"},"modified":"2025-08-19T22:07:37","modified_gmt":"2025-08-19T20:07:37","slug":"der-fruehling-kuendigt-sich-im-dachauer-moos-an","status":"publish","type":"post","link":"https:\/\/deltaimage.de\/wp\/?p=32860","title":{"rendered":"Der Fr\u00fchling k\u00fcndigt sich im Dachauer Moos an"},"content":{"rendered":"<p>Eigentlich warten wir noch auf den Winter in diesem Jahr. Kaum Schnee, noch weniger Eis &#8211; selbst Nebel ist inzwischen sehr selten. Irgendwann muss der Winter doch endlich kommen.<\/p>\n<p>An diesem st\u00fcrmischen Sonntagvormittag war an Fotos drau\u00dfen im Feld und Moos kaum zu denken. Ich nutze den Sonntag viel besser mit &#8230;<\/p>\n<p><img data-recalc-dims=\"1\" loading=\"lazy\" decoding=\"async\" data-attachment-id=\"32862\" data-permalink=\"https:\/\/deltaimage.de\/wp\/?attachment_id=32862#main\" data-orig-file=\"https:\/\/i0.wp.com\/deltaimage.de\/wp\/wp-content\/uploads\/IMG_3690_900.jpg?fit=890%2C593&amp;ssl=1\" data-orig-size=\"890,593\" data-comments-opened=\"0\" data-image-meta=\"{&quot;aperture&quot;:&quot;4&quot;,&quot;credit&quot;:&quot;PAUL ESCHBACH&quot;,&quot;camera&quot;:&quot;Canon EOS 80D&quot;,&quot;caption&quot;:&quot;&quot;,&quot;created_timestamp&quot;:&quot;1644145674&quot;,&quot;copyright&quot;:&quot;Paul Eschbach @ DELTA IMAGE&quot;,&quot;focal_length&quot;:&quot;400&quot;,&quot;iso&quot;:&quot;800&quot;,&quot;shutter_speed&quot;:&quot;0.0005&quot;,&quot;title&quot;:&quot;&quot;,&quot;orientation&quot;:&quot;0&quot;}\" data-image-title=\"IMG_3690_900\" data-image-description=\"\" data-image-caption=\"\" data-large-file=\"https:\/\/i0.wp.com\/deltaimage.de\/wp\/wp-content\/uploads\/IMG_3690_900.jpg?fit=890%2C593&amp;ssl=1\" class=\"aligncenter size-full wp-image-32862\" src=\"https:\/\/i0.wp.com\/deltaimage.de\/wp\/wp-content\/uploads\/IMG_3690_900.jpg?resize=890%2C593&#038;ssl=1\" alt=\"\" width=\"890\" height=\"593\" srcset=\"https:\/\/i0.wp.com\/deltaimage.de\/wp\/wp-content\/uploads\/IMG_3690_900.jpg?w=890&amp;ssl=1 890w, https:\/\/i0.wp.com\/deltaimage.de\/wp\/wp-content\/uploads\/IMG_3690_900.jpg?resize=300%2C200&amp;ssl=1 300w, https:\/\/i0.wp.com\/deltaimage.de\/wp\/wp-content\/uploads\/IMG_3690_900.jpg?resize=675%2C450&amp;ssl=1 675w, https:\/\/i0.wp.com\/deltaimage.de\/wp\/wp-content\/uploads\/IMG_3690_900.jpg?resize=600%2C400&amp;ssl=1 600w, https:\/\/i0.wp.com\/deltaimage.de\/wp\/wp-content\/uploads\/IMG_3690_900.jpg?resize=200%2C133&amp;ssl=1 200w\" sizes=\"auto, (max-width: 890px) 100vw, 890px\" \/><\/p>\n<p>&#8230; einem kleinen Freund in einem Apfelbaum auf dem Nachbargrundst\u00fcck. Als ob er auf mich gewartet hat und mit seinem Gesang mich auf ihn aufmerksam machen m\u00f6chte.<\/p>\n<p>Geben wir ihm die Chance einmal genauer beobachtet zu werden &#8211; hab ich doch gerade zuf\u00e4llig das neue EF 400 f\/4.0 DO an der EOS 80D zur Hand.<\/p>\n<p><!--more--><\/p>\n<p>&nbsp;<\/p>\n<h2>Kohlmeise im Winter begr\u00fc\u00dft den kommenden Fr\u00fchling<\/h2>\n<blockquote>\n<pre>\"Zi-Zi-Zi\"<\/pre>\n<\/blockquote>\n<p>Wie sch\u00f6n wird der Fr\u00fchling wieder werden, wenn das Leben in der Natur wieder zur\u00fcckkehrt und die Singv\u00f6gel den Tag mit ihren Stimmen wieder begr\u00fc\u00dfen werden. Dann gibt es wieder mehr Gr\u00fcnde, mit der Kamera und einem Objektiv sich im Moos oder der Amper aufzuhalten und das Erwachen der Natur mit dem Auge und dem Ohr aufzunehmen.<\/p>\n<p><img data-recalc-dims=\"1\" loading=\"lazy\" decoding=\"async\" data-attachment-id=\"32863\" data-permalink=\"https:\/\/deltaimage.de\/wp\/?attachment_id=32863#main\" data-orig-file=\"https:\/\/i0.wp.com\/deltaimage.de\/wp\/wp-content\/uploads\/IMG_3692_900.jpg?fit=890%2C593&amp;ssl=1\" data-orig-size=\"890,593\" data-comments-opened=\"0\" data-image-meta=\"{&quot;aperture&quot;:&quot;4&quot;,&quot;credit&quot;:&quot;PAUL ESCHBACH&quot;,&quot;camera&quot;:&quot;Canon EOS 80D&quot;,&quot;caption&quot;:&quot;&quot;,&quot;created_timestamp&quot;:&quot;1644145675&quot;,&quot;copyright&quot;:&quot;Paul Eschbach @ DELTA IMAGE&quot;,&quot;focal_length&quot;:&quot;400&quot;,&quot;iso&quot;:&quot;800&quot;,&quot;shutter_speed&quot;:&quot;0.0005&quot;,&quot;title&quot;:&quot;&quot;,&quot;orientation&quot;:&quot;0&quot;}\" data-image-title=\"IMG_3692_900\" data-image-description=\"\" data-image-caption=\"\" data-large-file=\"https:\/\/i0.wp.com\/deltaimage.de\/wp\/wp-content\/uploads\/IMG_3692_900.jpg?fit=890%2C593&amp;ssl=1\" class=\"aligncenter size-full wp-image-32863\" src=\"https:\/\/i0.wp.com\/deltaimage.de\/wp\/wp-content\/uploads\/IMG_3692_900.jpg?resize=890%2C593&#038;ssl=1\" alt=\"\" width=\"890\" height=\"593\" srcset=\"https:\/\/i0.wp.com\/deltaimage.de\/wp\/wp-content\/uploads\/IMG_3692_900.jpg?w=890&amp;ssl=1 890w, https:\/\/i0.wp.com\/deltaimage.de\/wp\/wp-content\/uploads\/IMG_3692_900.jpg?resize=300%2C200&amp;ssl=1 300w, https:\/\/i0.wp.com\/deltaimage.de\/wp\/wp-content\/uploads\/IMG_3692_900.jpg?resize=675%2C450&amp;ssl=1 675w, https:\/\/i0.wp.com\/deltaimage.de\/wp\/wp-content\/uploads\/IMG_3692_900.jpg?resize=600%2C400&amp;ssl=1 600w, https:\/\/i0.wp.com\/deltaimage.de\/wp\/wp-content\/uploads\/IMG_3692_900.jpg?resize=200%2C133&amp;ssl=1 200w\" sizes=\"auto, (max-width: 890px) 100vw, 890px\" \/><\/p>\n<blockquote>\n<pre>\"Ich freue mich schon darauf\"<\/pre>\n<\/blockquote>\n<p>Die Kohlmeise gibt mir eine Minute Zeit, und sucht sich dann einen neuen Singplatz auf den Grundst\u00fccken der Wohnsiedlung. Gerade genug Zeit, um das Objektiv aus dem Kofferraum zu holen und ein paar Fotos von der Situation machen zu d\u00fcrfen.<\/p>\n<p><img data-recalc-dims=\"1\" loading=\"lazy\" decoding=\"async\" data-attachment-id=\"32864\" data-permalink=\"https:\/\/deltaimage.de\/wp\/?attachment_id=32864#main\" data-orig-file=\"https:\/\/i0.wp.com\/deltaimage.de\/wp\/wp-content\/uploads\/IMG_3687_900-2.jpg?fit=890%2C593&amp;ssl=1\" data-orig-size=\"890,593\" data-comments-opened=\"0\" data-image-meta=\"{&quot;aperture&quot;:&quot;4&quot;,&quot;credit&quot;:&quot;PAUL ESCHBACH&quot;,&quot;camera&quot;:&quot;Canon EOS 80D&quot;,&quot;caption&quot;:&quot;&quot;,&quot;created_timestamp&quot;:&quot;1644145673&quot;,&quot;copyright&quot;:&quot;Paul Eschbach @ DELTA IMAGE&quot;,&quot;focal_length&quot;:&quot;400&quot;,&quot;iso&quot;:&quot;800&quot;,&quot;shutter_speed&quot;:&quot;0.0005&quot;,&quot;title&quot;:&quot;&quot;,&quot;orientation&quot;:&quot;0&quot;}\" data-image-title=\"IMG_3687_900-2\" data-image-description=\"\" data-image-caption=\"\" data-large-file=\"https:\/\/i0.wp.com\/deltaimage.de\/wp\/wp-content\/uploads\/IMG_3687_900-2.jpg?fit=890%2C593&amp;ssl=1\" class=\"aligncenter size-full wp-image-32864\" src=\"https:\/\/i0.wp.com\/deltaimage.de\/wp\/wp-content\/uploads\/IMG_3687_900-2.jpg?resize=890%2C593&#038;ssl=1\" alt=\"\" width=\"890\" height=\"593\" srcset=\"https:\/\/i0.wp.com\/deltaimage.de\/wp\/wp-content\/uploads\/IMG_3687_900-2.jpg?w=890&amp;ssl=1 890w, https:\/\/i0.wp.com\/deltaimage.de\/wp\/wp-content\/uploads\/IMG_3687_900-2.jpg?resize=300%2C200&amp;ssl=1 300w, https:\/\/i0.wp.com\/deltaimage.de\/wp\/wp-content\/uploads\/IMG_3687_900-2.jpg?resize=675%2C450&amp;ssl=1 675w, https:\/\/i0.wp.com\/deltaimage.de\/wp\/wp-content\/uploads\/IMG_3687_900-2.jpg?resize=600%2C400&amp;ssl=1 600w, https:\/\/i0.wp.com\/deltaimage.de\/wp\/wp-content\/uploads\/IMG_3687_900-2.jpg?resize=200%2C133&amp;ssl=1 200w\" sizes=\"auto, (max-width: 890px) 100vw, 890px\" \/><\/p>\n<p>&nbsp;<\/p>\n<p>Eine herrliche kleine Begegnung mit dem kleinen Vogel &#8211; jetzt wo noch Winter ist, die Tage aber dauerhaft \u00fcber null Grad sind. Da bereiten sich die Singv\u00f6gel bei Tagestemperaturen von 10 \u00b0C schon auf den Fr\u00fchling vor. Die Ges\u00e4nge m\u00fcssen ge\u00fcbt werden.<\/p>\n<blockquote>\n<pre>\"Nur weiter so, meine kleinen Freunde\"<\/pre>\n<\/blockquote>\n","protected":false},"excerpt":{"rendered":"<p>Eigentlich warten wir noch auf den Winter in diesem Jahr. Kaum Schnee, noch weniger Eis &#8211; selbst Nebel ist inzwischen sehr selten. Irgendwann muss der Winter doch endlich kommen. An [&hellip;]<\/p>\n","protected":false},"author":1,"featured_media":32861,"comment_status":"closed","ping_status":"closed","sticky":false,"template":"","format":"standard","meta":{"wpupg_custom_link":[],"wpupg_custom_link_behaviour":["default"],"wpupg_custom_link_nofollow":["default"],"wpupg_custom_image":[],"wpupg_custom_image_id":[],"jetpack_post_was_ever_published":false,"footnotes":""},"categories":[3010,2523,8],"tags":[114,3171],"class_list":["post-32860","post","type-post","status-publish","format-standard","has-post-thumbnail","hentry","category-dachauer-land","category-dachauer-moos","category-news","tag-fruehling","tag-kohlmeise"],"jetpack_featured_media_url":"https:\/\/i0.wp.com\/deltaimage.de\/wp\/wp-content\/uploads\/IMG_3705_1200.jpg?fit=1200%2C450&ssl=1","jetpack-related-posts":[{"id":42795,"url":"https:\/\/deltaimage.de\/wp\/?p=42795","url_meta":{"origin":32860,"position":0},"title":"Fr\u00fchling im Reich der V\u00f6gel im Dachauer Moos &#8211; die Singv\u00f6gel","author":"EschbacP","date":"28. M\u00e4rz 2024","format":false,"excerpt":"Beginnen wir mit dem Singvogel im Fr\u00fchling schlechthin - eine Kohlmeise. Jeder kennt die Meisen als unsere Winterg\u00e4ste und so ist eine Meise nichts Besonderes im Fr\u00fchling. Mit zunehmender Belaubung mit den frischen Trieben im Fr\u00fchling, wird sie immer schwieriger zu fotografieren, da die \u00c4ste, Zweige und Bl\u00e4tter, den freien\u2026","rel":"","context":"In &quot;Dachauer Land&quot;","block_context":{"text":"Dachauer Land","link":"https:\/\/deltaimage.de\/wp\/?cat=3010"},"img":{"alt_text":"","src":"https:\/\/i0.wp.com\/deltaimage.de\/wp\/wp-content\/uploads\/PED47555_1200.jpg?fit=1200%2C450&ssl=1&resize=350%2C200","width":350,"height":200,"srcset":"https:\/\/i0.wp.com\/deltaimage.de\/wp\/wp-content\/uploads\/PED47555_1200.jpg?fit=1200%2C450&ssl=1&resize=350%2C200 1x, https:\/\/i0.wp.com\/deltaimage.de\/wp\/wp-content\/uploads\/PED47555_1200.jpg?fit=1200%2C450&ssl=1&resize=525%2C300 1.5x, https:\/\/i0.wp.com\/deltaimage.de\/wp\/wp-content\/uploads\/PED47555_1200.jpg?fit=1200%2C450&ssl=1&resize=700%2C400 2x, https:\/\/i0.wp.com\/deltaimage.de\/wp\/wp-content\/uploads\/PED47555_1200.jpg?fit=1200%2C450&ssl=1&resize=1050%2C600 3x"},"classes":[]},{"id":54358,"url":"https:\/\/deltaimage.de\/wp\/?p=54358","url_meta":{"origin":32860,"position":1},"title":"&#8222;Niedermoor&#8220; &#8211; Vorbereitung des Workshops bei den Naturfototagen F\u00fcrstenfeld im Dachauer Moos","author":"EschbacP","date":"19. April 2026","format":false,"excerpt":"Am kommenden Freitag, 24.4.2026 beginnen nicht nur die 28. Internationalen Naturfototage F\u00fcrstenfeld in F\u00fcrstenfeldbruck bei M\u00fcnchen, sondern wie jedes Jahr, er\u00f6ffnen wir mit dem Workshop \"Niedermoor\" mit dem Moos-Experten Paul Eschbach den Veranstaltungsreigen. Der Workshop ist bereits ausgebucht - falls Sie keine Karte haben, muss ich Sie auf das kommende\u2026","rel":"","context":"In &quot;Dachauer Land&quot;","block_context":{"text":"Dachauer Land","link":"https:\/\/deltaimage.de\/wp\/?cat=3010"},"img":{"alt_text":"","src":"https:\/\/i0.wp.com\/deltaimage.de\/wp\/wp-content\/uploads\/PED41239_1200.jpg?fit=1200%2C450&ssl=1&resize=350%2C200","width":350,"height":200,"srcset":"https:\/\/i0.wp.com\/deltaimage.de\/wp\/wp-content\/uploads\/PED41239_1200.jpg?fit=1200%2C450&ssl=1&resize=350%2C200 1x, https:\/\/i0.wp.com\/deltaimage.de\/wp\/wp-content\/uploads\/PED41239_1200.jpg?fit=1200%2C450&ssl=1&resize=525%2C300 1.5x, https:\/\/i0.wp.com\/deltaimage.de\/wp\/wp-content\/uploads\/PED41239_1200.jpg?fit=1200%2C450&ssl=1&resize=700%2C400 2x, https:\/\/i0.wp.com\/deltaimage.de\/wp\/wp-content\/uploads\/PED41239_1200.jpg?fit=1200%2C450&ssl=1&resize=1050%2C600 3x"},"classes":[]},{"id":39563,"url":"https:\/\/deltaimage.de\/wp\/?p=39563","url_meta":{"origin":32860,"position":2},"title":"Fr\u00fchling am Vogelweiher im Dachauer Moos","author":"EschbacP","date":"6. April 2023","format":false,"excerpt":"Fr\u00fchling in den Osterwochen ist eine gute Gelegenheit, im Dachauer Moos nach den Tieren aus dem letzten Jahrausschau zu halten. Ich schaue mich heute an den Wasserfl\u00e4chen, nach den bekannten Wasserv\u00f6geln um. Am nahen Ufer landet eine Bachstelze und inspiziert den Uferbereich nach etwas Essbarem. Der Vogel l\u00e4sst sich durch\u2026","rel":"","context":"In &quot;Dachauer Land&quot;","block_context":{"text":"Dachauer Land","link":"https:\/\/deltaimage.de\/wp\/?cat=3010"},"img":{"alt_text":"","src":"https:\/\/i0.wp.com\/deltaimage.de\/wp\/wp-content\/uploads\/IMG_4903_1200.jpg?fit=1200%2C450&ssl=1&resize=350%2C200","width":350,"height":200,"srcset":"https:\/\/i0.wp.com\/deltaimage.de\/wp\/wp-content\/uploads\/IMG_4903_1200.jpg?fit=1200%2C450&ssl=1&resize=350%2C200 1x, https:\/\/i0.wp.com\/deltaimage.de\/wp\/wp-content\/uploads\/IMG_4903_1200.jpg?fit=1200%2C450&ssl=1&resize=525%2C300 1.5x, https:\/\/i0.wp.com\/deltaimage.de\/wp\/wp-content\/uploads\/IMG_4903_1200.jpg?fit=1200%2C450&ssl=1&resize=700%2C400 2x, https:\/\/i0.wp.com\/deltaimage.de\/wp\/wp-content\/uploads\/IMG_4903_1200.jpg?fit=1200%2C450&ssl=1&resize=1050%2C600 3x"},"classes":[]},{"id":54411,"url":"https:\/\/deltaimage.de\/wp\/?p=54411","url_meta":{"origin":32860,"position":3},"title":"&#8222;Niedermoor&#8220; &#8211; Landschaftsfotografie im Moos bei den Naturfototagen F\u00fcrstenfeld","author":"EschbacP","date":"20. April 2026","format":false,"excerpt":"Am kommenden Freitag, 24.4.2026 beginnen nicht nur die 28. Internationalen Naturfototage F\u00fcrstenfeld in F\u00fcrstenfeldbruck bei M\u00fcnchen, sondern wie jedes Jahr, er\u00f6ffnen wir mit dem Workshop \"Niedermoor\" mit dem Moos-Experten Paul Eschbach den Veranstaltungsreigen. Der Workshop ist bereits ausgebucht - falls Sie keine Karte haben, muss ich Sie auf das kommende\u2026","rel":"","context":"In &quot;Dachauer Land&quot;","block_context":{"text":"Dachauer Land","link":"https:\/\/deltaimage.de\/wp\/?cat=3010"},"img":{"alt_text":"","src":"https:\/\/i0.wp.com\/deltaimage.de\/wp\/wp-content\/uploads\/PED41327_1200.jpg?fit=1200%2C450&ssl=1&resize=350%2C200","width":350,"height":200,"srcset":"https:\/\/i0.wp.com\/deltaimage.de\/wp\/wp-content\/uploads\/PED41327_1200.jpg?fit=1200%2C450&ssl=1&resize=350%2C200 1x, https:\/\/i0.wp.com\/deltaimage.de\/wp\/wp-content\/uploads\/PED41327_1200.jpg?fit=1200%2C450&ssl=1&resize=525%2C300 1.5x, https:\/\/i0.wp.com\/deltaimage.de\/wp\/wp-content\/uploads\/PED41327_1200.jpg?fit=1200%2C450&ssl=1&resize=700%2C400 2x, https:\/\/i0.wp.com\/deltaimage.de\/wp\/wp-content\/uploads\/PED41327_1200.jpg?fit=1200%2C450&ssl=1&resize=1050%2C600 3x"},"classes":[]},{"id":42810,"url":"https:\/\/deltaimage.de\/wp\/?p=42810","url_meta":{"origin":32860,"position":4},"title":"Fr\u00fchling im Reich der V\u00f6gel im Dachauer Moos &#8211; die Kiebitze sind wieder da!","author":"EschbacP","date":"28. M\u00e4rz 2024","format":false,"excerpt":"Der Kiebitz war gerade beim Baden an der kleinen Wasserstelle im Dachauer Moos, auch die Gefiederpflege muss sein bei V\u00f6geln. An einigen Stellen im Dachauer Moos habe ich dieses Jahr schon die Kiebitze entdecken und beobachten k\u00f6nnen. Schauen wir uns das quirlige Treiben, beim Vogel des Jahres 2024 anhand der\u2026","rel":"","context":"In &quot;Dachauer Land&quot;","block_context":{"text":"Dachauer Land","link":"https:\/\/deltaimage.de\/wp\/?cat=3010"},"img":{"alt_text":"","src":"https:\/\/i0.wp.com\/deltaimage.de\/wp\/wp-content\/uploads\/PED48057_1200.jpg?fit=1200%2C450&ssl=1&resize=350%2C200","width":350,"height":200,"srcset":"https:\/\/i0.wp.com\/deltaimage.de\/wp\/wp-content\/uploads\/PED48057_1200.jpg?fit=1200%2C450&ssl=1&resize=350%2C200 1x, https:\/\/i0.wp.com\/deltaimage.de\/wp\/wp-content\/uploads\/PED48057_1200.jpg?fit=1200%2C450&ssl=1&resize=525%2C300 1.5x, https:\/\/i0.wp.com\/deltaimage.de\/wp\/wp-content\/uploads\/PED48057_1200.jpg?fit=1200%2C450&ssl=1&resize=700%2C400 2x, https:\/\/i0.wp.com\/deltaimage.de\/wp\/wp-content\/uploads\/PED48057_1200.jpg?fit=1200%2C450&ssl=1&resize=1050%2C600 3x"},"classes":[]},{"id":52187,"url":"https:\/\/deltaimage.de\/wp\/?p=52187","url_meta":{"origin":32860,"position":5},"title":"Sp\u00e4tsommer im Palsweiser Moos &#8211; Naturfotografie am Ende der Sommerferien","author":"EschbacP","date":"9. September 2025","format":false,"excerpt":"Der Sommer verabschiedet sich ganz langsam, der Hochsommer ist vorbei. Die Tage werden schon wieder sp\u00fcrbar k\u00fcrzer und auch k\u00fchler. Die Natur im Niedermoor bereitet sich auf den vor der T\u00fcre stehenden Herbst vor. Dies sind alles gute Gr\u00fcnde, wieder einmal in das geliebte Palsweiser Moos im Dachauer Moos auf\u2026","rel":"","context":"In &quot;Dachauer Land&quot;","block_context":{"text":"Dachauer Land","link":"https:\/\/deltaimage.de\/wp\/?cat=3010"},"img":{"alt_text":"","src":"https:\/\/i0.wp.com\/deltaimage.de\/wp\/wp-content\/uploads\/PE1S0003-Pano_1200.jpg?fit=1200%2C450&ssl=1&resize=350%2C200","width":350,"height":200,"srcset":"https:\/\/i0.wp.com\/deltaimage.de\/wp\/wp-content\/uploads\/PE1S0003-Pano_1200.jpg?fit=1200%2C450&ssl=1&resize=350%2C200 1x, https:\/\/i0.wp.com\/deltaimage.de\/wp\/wp-content\/uploads\/PE1S0003-Pano_1200.jpg?fit=1200%2C450&ssl=1&resize=525%2C300 1.5x, https:\/\/i0.wp.com\/deltaimage.de\/wp\/wp-content\/uploads\/PE1S0003-Pano_1200.jpg?fit=1200%2C450&ssl=1&resize=700%2C400 2x, https:\/\/i0.wp.com\/deltaimage.de\/wp\/wp-content\/uploads\/PE1S0003-Pano_1200.jpg?fit=1200%2C450&ssl=1&resize=1050%2C600 3x"},"classes":[]}],"jetpack_sharing_enabled":true,"_links":{"self":[{"href":"https:\/\/deltaimage.de\/wp\/index.php?rest_route=\/wp\/v2\/posts\/32860","targetHints":{"allow":["GET"]}}],"collection":[{"href":"https:\/\/deltaimage.de\/wp\/index.php?rest_route=\/wp\/v2\/posts"}],"about":[{"href":"https:\/\/deltaimage.de\/wp\/index.php?rest_route=\/wp\/v2\/types\/post"}],"author":[{"embeddable":true,"href":"https:\/\/deltaimage.de\/wp\/index.php?rest_route=\/wp\/v2\/users\/1"}],"replies":[{"embeddable":true,"href":"https:\/\/deltaimage.de\/wp\/index.php?rest_route=%2Fwp%2Fv2%2Fcomments&post=32860"}],"version-history":[{"count":4,"href":"https:\/\/deltaimage.de\/wp\/index.php?rest_route=\/wp\/v2\/posts\/32860\/revisions"}],"predecessor-version":[{"id":51297,"href":"https:\/\/deltaimage.de\/wp\/index.php?rest_route=\/wp\/v2\/posts\/32860\/revisions\/51297"}],"wp:featuredmedia":[{"embeddable":true,"href":"https:\/\/deltaimage.de\/wp\/index.php?rest_route=\/wp\/v2\/media\/32861"}],"wp:attachment":[{"href":"https:\/\/deltaimage.de\/wp\/index.php?rest_route=%2Fwp%2Fv2%2Fmedia&parent=32860"}],"wp:term":[{"taxonomy":"category","embeddable":true,"href":"https:\/\/deltaimage.de\/wp\/index.php?rest_route=%2Fwp%2Fv2%2Fcategories&post=32860"},{"taxonomy":"post_tag","embeddable":true,"href":"https:\/\/deltaimage.de\/wp\/index.php?rest_route=%2Fwp%2Fv2%2Ftags&post=32860"}],"curies":[{"name":"wp","href":"https:\/\/api.w.org\/{rel}","templated":true}]}}