{"id":32869,"date":"2022-02-06T14:32:04","date_gmt":"2022-02-06T13:32:04","guid":{"rendered":"https:\/\/deltaimage.de\/wp\/?p=32869"},"modified":"2025-08-19T22:08:09","modified_gmt":"2025-08-19T20:08:09","slug":"eine-reh-rotte-im-dachauer-moos-unterwegs","status":"publish","type":"post","link":"https:\/\/deltaimage.de\/wp\/?p=32869","title":{"rendered":"Eine Reh Rotte im Dachauer Moos unterwegs"},"content":{"rendered":"<p>F\u00fcr die Naturfotografie ist eines der wichtigsten Grunds\u00e4tze &#8230;<\/p>\n<blockquote>\n<pre>... wenn man nicht an Ort und Stelle ist, nutzt die beste Ausr\u00fcstung nichts.<\/pre>\n<\/blockquote>\n<p>Alleine im Naturraum zu sein, ist schon ein wichtiger Faktor. Dann kommt die Ausr\u00fcstung und die F\u00e4higkeit, das auch alles zusammen zu bringen.<\/p>\n<p><img data-recalc-dims=\"1\" loading=\"lazy\" decoding=\"async\" data-attachment-id=\"32873\" data-permalink=\"https:\/\/deltaimage.de\/wp\/?attachment_id=32873#main\" data-orig-file=\"https:\/\/i0.wp.com\/deltaimage.de\/wp\/wp-content\/uploads\/IMG_3638_900.jpg?fit=890%2C593&amp;ssl=1\" data-orig-size=\"890,593\" data-comments-opened=\"0\" data-image-meta=\"{&quot;aperture&quot;:&quot;4&quot;,&quot;credit&quot;:&quot;PAUL ESCHBACH&quot;,&quot;camera&quot;:&quot;Canon EOS 80D&quot;,&quot;caption&quot;:&quot;&quot;,&quot;created_timestamp&quot;:&quot;1644064009&quot;,&quot;copyright&quot;:&quot;Paul Eschbach @ DELTA IMAGE&quot;,&quot;focal_length&quot;:&quot;400&quot;,&quot;iso&quot;:&quot;100&quot;,&quot;shutter_speed&quot;:&quot;0.004&quot;,&quot;title&quot;:&quot;&quot;,&quot;orientation&quot;:&quot;0&quot;}\" data-image-title=\"IMG_3638_900\" data-image-description=\"\" data-image-caption=\"\" data-large-file=\"https:\/\/i0.wp.com\/deltaimage.de\/wp\/wp-content\/uploads\/IMG_3638_900.jpg?fit=890%2C593&amp;ssl=1\" class=\"aligncenter size-full wp-image-32873\" src=\"https:\/\/i0.wp.com\/deltaimage.de\/wp\/wp-content\/uploads\/IMG_3638_900.jpg?resize=890%2C593&#038;ssl=1\" alt=\"\" width=\"890\" height=\"593\" srcset=\"https:\/\/i0.wp.com\/deltaimage.de\/wp\/wp-content\/uploads\/IMG_3638_900.jpg?w=890&amp;ssl=1 890w, https:\/\/i0.wp.com\/deltaimage.de\/wp\/wp-content\/uploads\/IMG_3638_900.jpg?resize=300%2C200&amp;ssl=1 300w, https:\/\/i0.wp.com\/deltaimage.de\/wp\/wp-content\/uploads\/IMG_3638_900.jpg?resize=675%2C450&amp;ssl=1 675w, https:\/\/i0.wp.com\/deltaimage.de\/wp\/wp-content\/uploads\/IMG_3638_900.jpg?resize=600%2C400&amp;ssl=1 600w, https:\/\/i0.wp.com\/deltaimage.de\/wp\/wp-content\/uploads\/IMG_3638_900.jpg?resize=200%2C133&amp;ssl=1 200w\" sizes=\"auto, (max-width: 890px) 100vw, 890px\" \/><\/p>\n<p><!--more--><\/p>\n<p>&nbsp;<\/p>\n<h2>Das Fotomotiv kommt auch manchmal aus dem R\u00fccken<\/h2>\n<p>Im Dachauer Moos f\u00fchrt mich die Fotowanderung als R\u00fcckweg \u00fcber die Kreisstra\u00dfe. Eigentlich ein Zeitpunkt, die Ausr\u00fcstung wieder zu verstauen und den Weg so schnell und so effektiv als m\u00f6glich hinter sich zu bringen. Eine andere Strategie ist immer, einsatzbereit zu bleiben, und jederzeit ein ungew\u00f6hnliches Motiv zu fotografieren.<\/p>\n<p>&nbsp;<\/p>\n<p><img data-recalc-dims=\"1\" loading=\"lazy\" decoding=\"async\" data-attachment-id=\"32870\" data-permalink=\"https:\/\/deltaimage.de\/wp\/?attachment_id=32870#main\" data-orig-file=\"https:\/\/i0.wp.com\/deltaimage.de\/wp\/wp-content\/uploads\/IMG_3643_900.jpg?fit=890%2C593&amp;ssl=1\" data-orig-size=\"890,593\" data-comments-opened=\"0\" data-image-meta=\"{&quot;aperture&quot;:&quot;4&quot;,&quot;credit&quot;:&quot;PAUL ESCHBACH&quot;,&quot;camera&quot;:&quot;Canon EOS 80D&quot;,&quot;caption&quot;:&quot;&quot;,&quot;created_timestamp&quot;:&quot;1644064011&quot;,&quot;copyright&quot;:&quot;Paul Eschbach @ DELTA IMAGE&quot;,&quot;focal_length&quot;:&quot;400&quot;,&quot;iso&quot;:&quot;100&quot;,&quot;shutter_speed&quot;:&quot;0.0025&quot;,&quot;title&quot;:&quot;&quot;,&quot;orientation&quot;:&quot;0&quot;}\" data-image-title=\"IMG_3643_900\" data-image-description=\"\" data-image-caption=\"\" data-large-file=\"https:\/\/i0.wp.com\/deltaimage.de\/wp\/wp-content\/uploads\/IMG_3643_900.jpg?fit=890%2C593&amp;ssl=1\" class=\"aligncenter size-full wp-image-32870\" src=\"https:\/\/i0.wp.com\/deltaimage.de\/wp\/wp-content\/uploads\/IMG_3643_900.jpg?resize=890%2C593&#038;ssl=1\" alt=\"\" width=\"890\" height=\"593\" srcset=\"https:\/\/i0.wp.com\/deltaimage.de\/wp\/wp-content\/uploads\/IMG_3643_900.jpg?w=890&amp;ssl=1 890w, https:\/\/i0.wp.com\/deltaimage.de\/wp\/wp-content\/uploads\/IMG_3643_900.jpg?resize=300%2C200&amp;ssl=1 300w, https:\/\/i0.wp.com\/deltaimage.de\/wp\/wp-content\/uploads\/IMG_3643_900.jpg?resize=675%2C450&amp;ssl=1 675w, https:\/\/i0.wp.com\/deltaimage.de\/wp\/wp-content\/uploads\/IMG_3643_900.jpg?resize=600%2C400&amp;ssl=1 600w, https:\/\/i0.wp.com\/deltaimage.de\/wp\/wp-content\/uploads\/IMG_3643_900.jpg?resize=200%2C133&amp;ssl=1 200w\" sizes=\"auto, (max-width: 890px) 100vw, 890px\" \/><\/p>\n<p>Eine ganze Rotte an Rehen l\u00e4uft \u00fcber die Mooswiesen, keine Ahnung was die Rotte aufgescheucht hatte. Ich bemerkte die Rotte, aus meinem R\u00fccken kommend, erst als sie fast neben mir waren.<\/p>\n<blockquote>\n<pre>Ich habe die Rotte, von hinten kommend, mit Sicherheit nicht aufgeschreckt.<\/pre>\n<\/blockquote>\n<p>Keine Zeit mehr, die Kameraeinstellungen zu ver\u00e4ndern, also probieren wir es mit 400 mm auf der APS-C Kamera &#8211; also mit 640 mm.<\/p>\n<p>&nbsp;<\/p>\n<h2>Natur- und Kulturlandschaft treffen sich mit zwei Rehen auf einer Kreisstra\u00dfe<\/h2>\n<p>Sicherlich ein ungew\u00f6hnliches Fotomotiv. Die beiden Rehe heben sich wundersch\u00f6n von dem neutral grauen Hintergrund der Teerstra\u00dfe ab. Das Zusammenkommen von Natur- und Kulturlandschaft ist fotografisch oft spannender, als die Natur nur innerhalb der Natur zu fotografieren.<\/p>\n<p><img data-recalc-dims=\"1\" loading=\"lazy\" decoding=\"async\" data-attachment-id=\"32871\" data-permalink=\"https:\/\/deltaimage.de\/wp\/?attachment_id=32871#main\" data-orig-file=\"https:\/\/i0.wp.com\/deltaimage.de\/wp\/wp-content\/uploads\/IMG_3642_900.jpg?fit=890%2C593&amp;ssl=1\" data-orig-size=\"890,593\" data-comments-opened=\"0\" data-image-meta=\"{&quot;aperture&quot;:&quot;4&quot;,&quot;credit&quot;:&quot;PAUL ESCHBACH&quot;,&quot;camera&quot;:&quot;Canon EOS 80D&quot;,&quot;caption&quot;:&quot;&quot;,&quot;created_timestamp&quot;:&quot;1644064011&quot;,&quot;copyright&quot;:&quot;Paul Eschbach @ DELTA IMAGE&quot;,&quot;focal_length&quot;:&quot;400&quot;,&quot;iso&quot;:&quot;100&quot;,&quot;shutter_speed&quot;:&quot;0.002&quot;,&quot;title&quot;:&quot;&quot;,&quot;orientation&quot;:&quot;0&quot;}\" data-image-title=\"IMG_3642_900\" data-image-description=\"\" data-image-caption=\"\" data-large-file=\"https:\/\/i0.wp.com\/deltaimage.de\/wp\/wp-content\/uploads\/IMG_3642_900.jpg?fit=890%2C593&amp;ssl=1\" class=\"aligncenter size-full wp-image-32871\" src=\"https:\/\/i0.wp.com\/deltaimage.de\/wp\/wp-content\/uploads\/IMG_3642_900.jpg?resize=890%2C593&#038;ssl=1\" alt=\"\" width=\"890\" height=\"593\" srcset=\"https:\/\/i0.wp.com\/deltaimage.de\/wp\/wp-content\/uploads\/IMG_3642_900.jpg?w=890&amp;ssl=1 890w, https:\/\/i0.wp.com\/deltaimage.de\/wp\/wp-content\/uploads\/IMG_3642_900.jpg?resize=300%2C200&amp;ssl=1 300w, https:\/\/i0.wp.com\/deltaimage.de\/wp\/wp-content\/uploads\/IMG_3642_900.jpg?resize=675%2C450&amp;ssl=1 675w, https:\/\/i0.wp.com\/deltaimage.de\/wp\/wp-content\/uploads\/IMG_3642_900.jpg?resize=600%2C400&amp;ssl=1 600w, https:\/\/i0.wp.com\/deltaimage.de\/wp\/wp-content\/uploads\/IMG_3642_900.jpg?resize=200%2C133&amp;ssl=1 200w\" sizes=\"auto, (max-width: 890px) 100vw, 890px\" \/><\/p>\n","protected":false},"excerpt":{"rendered":"<p>F\u00fcr die Naturfotografie ist eines der wichtigsten Grunds\u00e4tze &#8230; &#8230; wenn man nicht an Ort und Stelle ist, nutzt die beste Ausr\u00fcstung nichts. Alleine im Naturraum zu sein, ist schon [&hellip;]<\/p>\n","protected":false},"author":1,"featured_media":32872,"comment_status":"closed","ping_status":"closed","sticky":false,"template":"","format":"standard","meta":{"wpupg_custom_link":[],"wpupg_custom_link_behaviour":["default"],"wpupg_custom_link_nofollow":["default"],"wpupg_custom_image":[],"wpupg_custom_image_id":[],"jetpack_post_was_ever_published":false,"footnotes":""},"categories":[3010,2523,8],"tags":[775,2750,452],"class_list":["post-32869","post","type-post","status-publish","format-standard","has-post-thumbnail","hentry","category-dachauer-land","category-dachauer-moos","category-news","tag-dachauer-moos","tag-reh","tag-winter"],"jetpack_featured_media_url":"https:\/\/i0.wp.com\/deltaimage.de\/wp\/wp-content\/uploads\/IMG_3640_1200.jpg?fit=1200%2C450&ssl=1","jetpack-related-posts":[{"id":29229,"url":"https:\/\/deltaimage.de\/wp\/?p=29229","url_meta":{"origin":32869,"position":0},"title":"BAYERWALDTEAM im Dachauer Moos zum Fotografieren unterwegs","author":"EschbacP","date":"29. Juni 2021","format":false,"excerpt":"Es funktioniert immer wieder aufs Neue. Ein eigentlich triviales Motiv kann die Aufmerksamkeit des Fotografen vollst\u00e4ndig auf sich ziehen und f\u00fcr Stunden begeistern. An einem weiteren Tag verschl\u00e4gt es uns in das Dachauer Moos zu einigen Pl\u00e4tzen, die man als Fotograf \u00fcber Jahre hinweg sich erarbeitet hatte. \u00a0 BAYERWALDTEAM im\u2026","rel":"","context":"In &quot;BAYERWALDTEAM&quot;","block_context":{"text":"BAYERWALDTEAM","link":"https:\/\/deltaimage.de\/wp\/?cat=861"},"img":{"alt_text":"","src":"https:\/\/i0.wp.com\/deltaimage.de\/wp\/wp-content\/uploads\/IMG_9740_1200.jpg?fit=1200%2C450&ssl=1&resize=350%2C200","width":350,"height":200,"srcset":"https:\/\/i0.wp.com\/deltaimage.de\/wp\/wp-content\/uploads\/IMG_9740_1200.jpg?fit=1200%2C450&ssl=1&resize=350%2C200 1x, https:\/\/i0.wp.com\/deltaimage.de\/wp\/wp-content\/uploads\/IMG_9740_1200.jpg?fit=1200%2C450&ssl=1&resize=525%2C300 1.5x, https:\/\/i0.wp.com\/deltaimage.de\/wp\/wp-content\/uploads\/IMG_9740_1200.jpg?fit=1200%2C450&ssl=1&resize=700%2C400 2x, https:\/\/i0.wp.com\/deltaimage.de\/wp\/wp-content\/uploads\/IMG_9740_1200.jpg?fit=1200%2C450&ssl=1&resize=1050%2C600 3x"},"classes":[]},{"id":29190,"url":"https:\/\/deltaimage.de\/wp\/?p=29190","url_meta":{"origin":32869,"position":1},"title":"BAYERWALDTEAM im Dachauer Moos &#8211; ungewohnt aber umso spannender","author":"EschbacP","date":"29. Juni 2021","format":false,"excerpt":"Drei Tage in einer ungewohnten Natur- und Kulturlandschaft in Dachau und F\u00fcrstenfeldbruck als Natur- und Landschaftsfotograf bringt gen\u00fcgend positive \u00dcberraschungen f\u00fcr Hubert im BAYERWALDTEAM mit sich. Bedingt durch die Auswirkungen der Pandemie fehlt etwas die fotografische \u00dcbung. Ein anderer Naturraum bringt auch anderer Flora und Fauna und damit neue fotografische\u2026","rel":"","context":"In &quot;BAYERWALDTEAM&quot;","block_context":{"text":"BAYERWALDTEAM","link":"https:\/\/deltaimage.de\/wp\/?cat=861"},"img":{"alt_text":"","src":"https:\/\/i0.wp.com\/deltaimage.de\/wp\/wp-content\/uploads\/IMG_9314_1200.jpg?fit=1200%2C450&ssl=1&resize=350%2C200","width":350,"height":200,"srcset":"https:\/\/i0.wp.com\/deltaimage.de\/wp\/wp-content\/uploads\/IMG_9314_1200.jpg?fit=1200%2C450&ssl=1&resize=350%2C200 1x, https:\/\/i0.wp.com\/deltaimage.de\/wp\/wp-content\/uploads\/IMG_9314_1200.jpg?fit=1200%2C450&ssl=1&resize=525%2C300 1.5x, https:\/\/i0.wp.com\/deltaimage.de\/wp\/wp-content\/uploads\/IMG_9314_1200.jpg?fit=1200%2C450&ssl=1&resize=700%2C400 2x, https:\/\/i0.wp.com\/deltaimage.de\/wp\/wp-content\/uploads\/IMG_9314_1200.jpg?fit=1200%2C450&ssl=1&resize=1050%2C600 3x"},"classes":[]},{"id":30522,"url":"https:\/\/deltaimage.de\/wp\/?p=30522","url_meta":{"origin":32869,"position":2},"title":"Fotografischer Herbstausflug ins Dachauer Moos","author":"EschbacP","date":"10. November 2021","format":false,"excerpt":"Der Herbst ist f\u00fcr Fotografen und Naturliebhaber eine ganz besondere Jahreszeit und die wichtigste Zeit zum Fotografieren. Ein Ausflug ins Dachauer Moos liegt bei uns in Dachau direkt vor der Haust\u00fcre und bietet in dieser Jahreszeit so ganz unterschiedliche Motive dem Fotografen als im Rest des Jahres. \u00a0 \u00a0 Hunderte\u2026","rel":"","context":"In &quot;Dachauer Land&quot;","block_context":{"text":"Dachauer Land","link":"https:\/\/deltaimage.de\/wp\/?cat=3010"},"img":{"alt_text":"","src":"https:\/\/i0.wp.com\/deltaimage.de\/wp\/wp-content\/uploads\/PE1S0028_1200.jpg?fit=1200%2C450&ssl=1&resize=350%2C200","width":350,"height":200,"srcset":"https:\/\/i0.wp.com\/deltaimage.de\/wp\/wp-content\/uploads\/PE1S0028_1200.jpg?fit=1200%2C450&ssl=1&resize=350%2C200 1x, https:\/\/i0.wp.com\/deltaimage.de\/wp\/wp-content\/uploads\/PE1S0028_1200.jpg?fit=1200%2C450&ssl=1&resize=525%2C300 1.5x, https:\/\/i0.wp.com\/deltaimage.de\/wp\/wp-content\/uploads\/PE1S0028_1200.jpg?fit=1200%2C450&ssl=1&resize=700%2C400 2x, https:\/\/i0.wp.com\/deltaimage.de\/wp\/wp-content\/uploads\/PE1S0028_1200.jpg?fit=1200%2C450&ssl=1&resize=1050%2C600 3x"},"classes":[]},{"id":53673,"url":"https:\/\/deltaimage.de\/wp\/?p=53673","url_meta":{"origin":32869,"position":3},"title":"Silberreiher im Dachauer Moos &#8211; Gr\u00f6benrieder Moos im Winter","author":"EschbacP","date":"29. Januar 2026","format":false,"excerpt":"Wochenlang nur eine tr\u00fcbe Suppe am Himmel und keine Gelegenheit, in der Natur Tiere zu beobachten und die Landschaft erleben zu k\u00f6nnen. Dann war f\u00fcr einen Tag wieder einmal Sonnenschein bestimmend am Tag. Ebenso wie ich, wollten auch verschiedene Tiere hinaus, um Nahrung zu suchen. Eine gute Gelegenheit, im Dachauer\u2026","rel":"","context":"In &quot;Dachauer Land&quot;","block_context":{"text":"Dachauer Land","link":"https:\/\/deltaimage.de\/wp\/?cat=3010"},"img":{"alt_text":"","src":"https:\/\/i0.wp.com\/deltaimage.de\/wp\/wp-content\/uploads\/PED45817_1200.jpg?fit=1200%2C450&ssl=1&resize=350%2C200","width":350,"height":200,"srcset":"https:\/\/i0.wp.com\/deltaimage.de\/wp\/wp-content\/uploads\/PED45817_1200.jpg?fit=1200%2C450&ssl=1&resize=350%2C200 1x, https:\/\/i0.wp.com\/deltaimage.de\/wp\/wp-content\/uploads\/PED45817_1200.jpg?fit=1200%2C450&ssl=1&resize=525%2C300 1.5x, https:\/\/i0.wp.com\/deltaimage.de\/wp\/wp-content\/uploads\/PED45817_1200.jpg?fit=1200%2C450&ssl=1&resize=700%2C400 2x, https:\/\/i0.wp.com\/deltaimage.de\/wp\/wp-content\/uploads\/PED45817_1200.jpg?fit=1200%2C450&ssl=1&resize=1050%2C600 3x"},"classes":[]},{"id":36934,"url":"https:\/\/deltaimage.de\/wp\/?p=36934","url_meta":{"origin":32869,"position":4},"title":"Herbstzeit ist auch Pilz Zeit &#8211; gerade im Dachauer Moos","author":"EschbacP","date":"25. September 2022","format":false,"excerpt":"Nach einem sehr langen und sehr trockenem Sommer im Dachauer Moos, ist das Moos ausgetrocknet. Die T\u00fcmpel sind weitgehend trocken, das Moos ist trocken, die B\u00e4che f\u00fchren fast kein Wasser mehr. Seit ein paar Tagen ist der Herbst auch schon vor dem Herbstanfang eingekehrt. Es regnet wieder deutlich mehr und\u2026","rel":"","context":"In &quot;Dachauer Moos&quot;","block_context":{"text":"Dachauer Moos","link":"https:\/\/deltaimage.de\/wp\/?cat=2523"},"img":{"alt_text":"","src":"https:\/\/i0.wp.com\/deltaimage.de\/wp\/wp-content\/uploads\/IMG_8709_1200.jpg?fit=1200%2C450&ssl=1&resize=350%2C200","width":350,"height":200,"srcset":"https:\/\/i0.wp.com\/deltaimage.de\/wp\/wp-content\/uploads\/IMG_8709_1200.jpg?fit=1200%2C450&ssl=1&resize=350%2C200 1x, https:\/\/i0.wp.com\/deltaimage.de\/wp\/wp-content\/uploads\/IMG_8709_1200.jpg?fit=1200%2C450&ssl=1&resize=525%2C300 1.5x, https:\/\/i0.wp.com\/deltaimage.de\/wp\/wp-content\/uploads\/IMG_8709_1200.jpg?fit=1200%2C450&ssl=1&resize=700%2C400 2x, https:\/\/i0.wp.com\/deltaimage.de\/wp\/wp-content\/uploads\/IMG_8709_1200.jpg?fit=1200%2C450&ssl=1&resize=1050%2C600 3x"},"classes":[]},{"id":30751,"url":"https:\/\/deltaimage.de\/wp\/?p=30751","url_meta":{"origin":32869,"position":5},"title":"Winterbeginn im Dachauer Moos","author":"EschbacP","date":"29. November 2021","format":false,"excerpt":"Im Jahreskreis gibt es in der Fotografie einige wichtige Ereignisse in der Landschaft, in der Natur oder in der Kultur der Region. Eines dieser Ereignisse, die es meist nur einmal im Jahreskreis gibt, ist ... ... der erste Schnee in der Landschaft. Das ist klar, die einzige Schwierigkeit besteht darin,\u2026","rel":"","context":"In &quot;Dachauer Land&quot;","block_context":{"text":"Dachauer Land","link":"https:\/\/deltaimage.de\/wp\/?cat=3010"},"img":{"alt_text":"","src":"https:\/\/i0.wp.com\/deltaimage.de\/wp\/wp-content\/uploads\/IMG_2832_1200.jpg?fit=1200%2C450&ssl=1&resize=350%2C200","width":350,"height":200,"srcset":"https:\/\/i0.wp.com\/deltaimage.de\/wp\/wp-content\/uploads\/IMG_2832_1200.jpg?fit=1200%2C450&ssl=1&resize=350%2C200 1x, https:\/\/i0.wp.com\/deltaimage.de\/wp\/wp-content\/uploads\/IMG_2832_1200.jpg?fit=1200%2C450&ssl=1&resize=525%2C300 1.5x, https:\/\/i0.wp.com\/deltaimage.de\/wp\/wp-content\/uploads\/IMG_2832_1200.jpg?fit=1200%2C450&ssl=1&resize=700%2C400 2x, https:\/\/i0.wp.com\/deltaimage.de\/wp\/wp-content\/uploads\/IMG_2832_1200.jpg?fit=1200%2C450&ssl=1&resize=1050%2C600 3x"},"classes":[]}],"jetpack_sharing_enabled":true,"_links":{"self":[{"href":"https:\/\/deltaimage.de\/wp\/index.php?rest_route=\/wp\/v2\/posts\/32869","targetHints":{"allow":["GET"]}}],"collection":[{"href":"https:\/\/deltaimage.de\/wp\/index.php?rest_route=\/wp\/v2\/posts"}],"about":[{"href":"https:\/\/deltaimage.de\/wp\/index.php?rest_route=\/wp\/v2\/types\/post"}],"author":[{"embeddable":true,"href":"https:\/\/deltaimage.de\/wp\/index.php?rest_route=\/wp\/v2\/users\/1"}],"replies":[{"embeddable":true,"href":"https:\/\/deltaimage.de\/wp\/index.php?rest_route=%2Fwp%2Fv2%2Fcomments&post=32869"}],"version-history":[{"count":9,"href":"https:\/\/deltaimage.de\/wp\/index.php?rest_route=\/wp\/v2\/posts\/32869\/revisions"}],"predecessor-version":[{"id":51299,"href":"https:\/\/deltaimage.de\/wp\/index.php?rest_route=\/wp\/v2\/posts\/32869\/revisions\/51299"}],"wp:featuredmedia":[{"embeddable":true,"href":"https:\/\/deltaimage.de\/wp\/index.php?rest_route=\/wp\/v2\/media\/32872"}],"wp:attachment":[{"href":"https:\/\/deltaimage.de\/wp\/index.php?rest_route=%2Fwp%2Fv2%2Fmedia&parent=32869"}],"wp:term":[{"taxonomy":"category","embeddable":true,"href":"https:\/\/deltaimage.de\/wp\/index.php?rest_route=%2Fwp%2Fv2%2Fcategories&post=32869"},{"taxonomy":"post_tag","embeddable":true,"href":"https:\/\/deltaimage.de\/wp\/index.php?rest_route=%2Fwp%2Fv2%2Ftags&post=32869"}],"curies":[{"name":"wp","href":"https:\/\/api.w.org\/{rel}","templated":true}]}}