{"id":32973,"date":"2022-02-22T17:00:52","date_gmt":"2022-02-22T16:00:52","guid":{"rendered":"https:\/\/deltaimage.de\/wp\/?p=32973"},"modified":"2025-08-19T22:09:15","modified_gmt":"2025-08-19T20:09:15","slug":"graugaense-im-biotop-der-fruehling-beginnt","status":"publish","type":"post","link":"https:\/\/deltaimage.de\/wp\/?p=32973","title":{"rendered":"Graug\u00e4nse im Biotop &#8211; der Fr\u00fchling beginnt"},"content":{"rendered":"<blockquote>\n<pre>Der Fr\u00fchling ist am Kommen - die Graug\u00e4nse ziehen wieder durch die L\u00fcfte.<\/pre>\n<\/blockquote>\n<p>An einem Sonntag neigte sich der Nachmittag zu Ende, das warme und weiche Abendlicht steht kurz bevor. Alles gute Argumente, um einen Abstecher zur Schinderkreppe am s\u00fcdlichen Stadtrand von Dachau zu machen. In dem Biotop-Weiher verweilt eine gro\u00dfe Gruppe an Graug\u00e4nsen und brechen jeden Abend zum letzten Flug in Formation auf.<\/p>\n<p>&nbsp;<\/p>\n<h2>Es beginnt mit einem wilden Geschnatter &#8211; die Unruhe liegt in der Population<\/h2>\n<p>Wie auf ein geheimes Zeichen setzen sich die Graug\u00e4nse in kleineren oder gr\u00f6\u00dferen Gruppen in Bewegung und erheben sich majest\u00e4tisch in die L\u00fcfte \u00fcber dem Dachauer Moos.<\/p>\n<p><img data-recalc-dims=\"1\" loading=\"lazy\" decoding=\"async\" data-attachment-id=\"32974\" data-permalink=\"https:\/\/deltaimage.de\/wp\/?attachment_id=32974#main\" data-orig-file=\"https:\/\/i0.wp.com\/deltaimage.de\/wp\/wp-content\/uploads\/IMG_4455_900-1.jpg?fit=890%2C593&amp;ssl=1\" data-orig-size=\"890,593\" data-comments-opened=\"0\" data-image-meta=\"{&quot;aperture&quot;:&quot;4&quot;,&quot;credit&quot;:&quot;PAUL ESCHBACH&quot;,&quot;camera&quot;:&quot;Canon EOS 80D&quot;,&quot;caption&quot;:&quot;&quot;,&quot;created_timestamp&quot;:&quot;1644766878&quot;,&quot;copyright&quot;:&quot;Paul Eschbach @ DELTA IMAGE&quot;,&quot;focal_length&quot;:&quot;400&quot;,&quot;iso&quot;:&quot;800&quot;,&quot;shutter_speed&quot;:&quot;0.0003125&quot;,&quot;title&quot;:&quot;&quot;,&quot;orientation&quot;:&quot;0&quot;}\" data-image-title=\"IMG_4455_900\" data-image-description=\"\" data-image-caption=\"\" data-large-file=\"https:\/\/i0.wp.com\/deltaimage.de\/wp\/wp-content\/uploads\/IMG_4455_900-1.jpg?fit=890%2C593&amp;ssl=1\" class=\"aligncenter size-full wp-image-32974\" src=\"https:\/\/i0.wp.com\/deltaimage.de\/wp\/wp-content\/uploads\/IMG_4455_900-1.jpg?resize=890%2C593&#038;ssl=1\" alt=\"\" width=\"890\" height=\"593\" srcset=\"https:\/\/i0.wp.com\/deltaimage.de\/wp\/wp-content\/uploads\/IMG_4455_900-1.jpg?w=890&amp;ssl=1 890w, https:\/\/i0.wp.com\/deltaimage.de\/wp\/wp-content\/uploads\/IMG_4455_900-1.jpg?resize=300%2C200&amp;ssl=1 300w, https:\/\/i0.wp.com\/deltaimage.de\/wp\/wp-content\/uploads\/IMG_4455_900-1.jpg?resize=675%2C450&amp;ssl=1 675w, https:\/\/i0.wp.com\/deltaimage.de\/wp\/wp-content\/uploads\/IMG_4455_900-1.jpg?resize=600%2C400&amp;ssl=1 600w, https:\/\/i0.wp.com\/deltaimage.de\/wp\/wp-content\/uploads\/IMG_4455_900-1.jpg?resize=200%2C133&amp;ssl=1 200w\" sizes=\"auto, (max-width: 890px) 100vw, 890px\" \/><\/p>\n<blockquote>\n<pre>Wer ist schneller unterwegs, die Graugans oder ihr Spiegelbild?<\/pre>\n<\/blockquote>\n<p><!--more--><\/p>\n<p>&nbsp;<\/p>\n<h2>Sonne im R\u00fccken &#8211; jetzt f\u00fchle ich mich wie ein Naturfotograf<\/h2>\n<p>Zum Fr\u00fchlingsbeginn m\u00fcssen die Graug\u00e4nse den Flug im Geschwader genauso \u00fcben, wie der Naturfotograf nach einem tr\u00fcben und nasskalten Winter seine Naturfotografie wieder im sonnigen Luftraum unter Bewegung ein\u00fcben muss. Jetzt ist der richtige Zeitpunkt, um die edlen Tiere aus gen\u00fcgend Abstand in der Beobachtungsh\u00fctte mit dem Auge und dem Objektiv beobachten zu lernen. Dabei gilt es auf die versteckten Anzeichen eines bevorstehenden Aufbruchs in die L\u00fcfte zu achten und so das Verhalten ein paar Sekunden fr\u00fchen antizipieren zu k\u00f6nnen.<\/p>\n<p><img data-recalc-dims=\"1\" loading=\"lazy\" decoding=\"async\" data-attachment-id=\"32976\" data-permalink=\"https:\/\/deltaimage.de\/wp\/?attachment_id=32976#main\" data-orig-file=\"https:\/\/i0.wp.com\/deltaimage.de\/wp\/wp-content\/uploads\/IMG_4458_900.jpg?fit=890%2C593&amp;ssl=1\" data-orig-size=\"890,593\" data-comments-opened=\"0\" data-image-meta=\"{&quot;aperture&quot;:&quot;4&quot;,&quot;credit&quot;:&quot;PAUL ESCHBACH&quot;,&quot;camera&quot;:&quot;Canon EOS 80D&quot;,&quot;caption&quot;:&quot;&quot;,&quot;created_timestamp&quot;:&quot;1644766878&quot;,&quot;copyright&quot;:&quot;Paul Eschbach @ DELTA IMAGE&quot;,&quot;focal_length&quot;:&quot;400&quot;,&quot;iso&quot;:&quot;800&quot;,&quot;shutter_speed&quot;:&quot;0.00025&quot;,&quot;title&quot;:&quot;&quot;,&quot;orientation&quot;:&quot;0&quot;}\" data-image-title=\"IMG_4458_900\" data-image-description=\"\" data-image-caption=\"\" data-large-file=\"https:\/\/i0.wp.com\/deltaimage.de\/wp\/wp-content\/uploads\/IMG_4458_900.jpg?fit=890%2C593&amp;ssl=1\" class=\"aligncenter size-full wp-image-32976\" src=\"https:\/\/i0.wp.com\/deltaimage.de\/wp\/wp-content\/uploads\/IMG_4458_900.jpg?resize=890%2C593&#038;ssl=1\" alt=\"\" width=\"890\" height=\"593\" srcset=\"https:\/\/i0.wp.com\/deltaimage.de\/wp\/wp-content\/uploads\/IMG_4458_900.jpg?w=890&amp;ssl=1 890w, https:\/\/i0.wp.com\/deltaimage.de\/wp\/wp-content\/uploads\/IMG_4458_900.jpg?resize=300%2C200&amp;ssl=1 300w, https:\/\/i0.wp.com\/deltaimage.de\/wp\/wp-content\/uploads\/IMG_4458_900.jpg?resize=675%2C450&amp;ssl=1 675w, https:\/\/i0.wp.com\/deltaimage.de\/wp\/wp-content\/uploads\/IMG_4458_900.jpg?resize=600%2C400&amp;ssl=1 600w, https:\/\/i0.wp.com\/deltaimage.de\/wp\/wp-content\/uploads\/IMG_4458_900.jpg?resize=200%2C133&amp;ssl=1 200w\" sizes=\"auto, (max-width: 890px) 100vw, 890px\" \/><\/p>\n<p>Die digitale Kamera und das Objektiv sind vorbereitet, der Standort ist gut ausgew\u00e4hlt, auch wenn nicht klar ist, wo auf dem Biotop-Weiher der n\u00e4chste Aufbruch starten wird. Die Protagonisten ziehen kontinuierlich im Minutenabstand vor der Beobachtungsstation vorbei &#8211; genug Gelegenheit f\u00fcr ein sch\u00f6nes Foto im warmen Licht des Winterabends. Mit der richtigen Ausr\u00fcstung wird das schnell zur Gewohnheit und die Herausforderungen werden immer kleiner, es kommt immer mehr Routine auf.<\/p>\n<p>&nbsp;<\/p>\n<h2>Die Tiere in Interaktion im Team\/Paar fotografieren<\/h2>\n<p>Ein Vogel im Flug ist so schnell gemeistert.<\/p>\n<blockquote>\n<pre>Was kommt dann als spannende Herausforderung?<\/pre>\n<\/blockquote>\n<p>Da wo ein Vogel im Flug schon ein tolles Foto ergibt, sind zwei V\u00f6gel im Bild noch viel sch\u00f6ner und gleichzeitig auch schwieriger zu erstellen. Das Fotografieren der Tiere in Bewegung bekommt so fototechnisch eine weitere Dimension &#8211; n\u00e4mlich die Ausdehnung im Raum. Gen\u00fcgt f\u00fcr einen Vogel eine offene Blende und alles ist ausreichend scharf, so ist dies bei mehreren V\u00f6geln zu wenig. Die Sch\u00e4rfentiefe sind nur wenige Zentimeter.<\/p>\n<p><img data-recalc-dims=\"1\" loading=\"lazy\" decoding=\"async\" data-attachment-id=\"32980\" data-permalink=\"https:\/\/deltaimage.de\/wp\/?attachment_id=32980#main\" data-orig-file=\"https:\/\/i0.wp.com\/deltaimage.de\/wp\/wp-content\/uploads\/IMG_4493_900.jpg?fit=890%2C593&amp;ssl=1\" data-orig-size=\"890,593\" data-comments-opened=\"0\" data-image-meta=\"{&quot;aperture&quot;:&quot;4.5&quot;,&quot;credit&quot;:&quot;PAUL ESCHBACH&quot;,&quot;camera&quot;:&quot;Canon EOS 80D&quot;,&quot;caption&quot;:&quot;&quot;,&quot;created_timestamp&quot;:&quot;1644766911&quot;,&quot;copyright&quot;:&quot;Paul Eschbach @ DELTA IMAGE&quot;,&quot;focal_length&quot;:&quot;400&quot;,&quot;iso&quot;:&quot;800&quot;,&quot;shutter_speed&quot;:&quot;0.00025&quot;,&quot;title&quot;:&quot;&quot;,&quot;orientation&quot;:&quot;0&quot;}\" data-image-title=\"IMG_4493_900\" data-image-description=\"\" data-image-caption=\"\" data-large-file=\"https:\/\/i0.wp.com\/deltaimage.de\/wp\/wp-content\/uploads\/IMG_4493_900.jpg?fit=890%2C593&amp;ssl=1\" class=\"aligncenter size-full wp-image-32980\" src=\"https:\/\/i0.wp.com\/deltaimage.de\/wp\/wp-content\/uploads\/IMG_4493_900.jpg?resize=890%2C593&#038;ssl=1\" alt=\"\" width=\"890\" height=\"593\" srcset=\"https:\/\/i0.wp.com\/deltaimage.de\/wp\/wp-content\/uploads\/IMG_4493_900.jpg?w=890&amp;ssl=1 890w, https:\/\/i0.wp.com\/deltaimage.de\/wp\/wp-content\/uploads\/IMG_4493_900.jpg?resize=300%2C200&amp;ssl=1 300w, https:\/\/i0.wp.com\/deltaimage.de\/wp\/wp-content\/uploads\/IMG_4493_900.jpg?resize=675%2C450&amp;ssl=1 675w, https:\/\/i0.wp.com\/deltaimage.de\/wp\/wp-content\/uploads\/IMG_4493_900.jpg?resize=600%2C400&amp;ssl=1 600w, https:\/\/i0.wp.com\/deltaimage.de\/wp\/wp-content\/uploads\/IMG_4493_900.jpg?resize=200%2C133&amp;ssl=1 200w\" sizes=\"auto, (max-width: 890px) 100vw, 890px\" \/><\/p>\n<p>Die Herausforderung liegt aber genau darin, das zu meistern, was schwierig ist und nicht allt\u00e4glich umzusetzen ist. Klar, die Ausschussquote steigt wieder drastisch an:<\/p>\n<ul>\n<li>m\u00fcssen doch zwei und mehrere V\u00f6gel ausreichend scharf im Bild sein, also die Sch\u00e4rfentiefe\n<ul>\n<li>ausreichend tief sein<\/li>\n<li>und auch noch passend positioniert sein<\/li>\n<\/ul>\n<\/li>\n<li>und gleichzeitig durch die weiter geschlossene Blende die Bewegungsunsch\u00e4rfe gemeistert werden.<\/li>\n<\/ul>\n<p>Was w\u00e4re die Fotografie ohne die und diese Herausforderungen? So mag die modernste Technologie von all dem im \u00dcberfluss technische Highlights anbieten &#8211; die Freude des Fotografen \u00fcber ein gelungenes Foto wird dadurch aber wieder geschm\u00e4lert. Es war dann halt vornehmlich die neue Kamera und nur noch begrenzt der Fotograf mit einem F\u00e4higkeiten.<\/p>\n<p><img data-recalc-dims=\"1\" loading=\"lazy\" decoding=\"async\" data-attachment-id=\"32981\" data-permalink=\"https:\/\/deltaimage.de\/wp\/?attachment_id=32981#main\" data-orig-file=\"https:\/\/i0.wp.com\/deltaimage.de\/wp\/wp-content\/uploads\/IMG_4349_900.jpg?fit=890%2C593&amp;ssl=1\" data-orig-size=\"890,593\" data-comments-opened=\"0\" data-image-meta=\"{&quot;aperture&quot;:&quot;5.6&quot;,&quot;credit&quot;:&quot;PAUL ESCHBACH&quot;,&quot;camera&quot;:&quot;Canon EOS 80D&quot;,&quot;caption&quot;:&quot;&quot;,&quot;created_timestamp&quot;:&quot;1644766582&quot;,&quot;copyright&quot;:&quot;Paul Eschbach @ DELTA IMAGE&quot;,&quot;focal_length&quot;:&quot;400&quot;,&quot;iso&quot;:&quot;800&quot;,&quot;shutter_speed&quot;:&quot;0.00025&quot;,&quot;title&quot;:&quot;&quot;,&quot;orientation&quot;:&quot;0&quot;}\" data-image-title=\"IMG_4349_900\" data-image-description=\"\" data-image-caption=\"\" data-large-file=\"https:\/\/i0.wp.com\/deltaimage.de\/wp\/wp-content\/uploads\/IMG_4349_900.jpg?fit=890%2C593&amp;ssl=1\" class=\"aligncenter size-full wp-image-32981\" src=\"https:\/\/i0.wp.com\/deltaimage.de\/wp\/wp-content\/uploads\/IMG_4349_900.jpg?resize=890%2C593&#038;ssl=1\" alt=\"\" width=\"890\" height=\"593\" srcset=\"https:\/\/i0.wp.com\/deltaimage.de\/wp\/wp-content\/uploads\/IMG_4349_900.jpg?w=890&amp;ssl=1 890w, https:\/\/i0.wp.com\/deltaimage.de\/wp\/wp-content\/uploads\/IMG_4349_900.jpg?resize=300%2C200&amp;ssl=1 300w, https:\/\/i0.wp.com\/deltaimage.de\/wp\/wp-content\/uploads\/IMG_4349_900.jpg?resize=675%2C450&amp;ssl=1 675w, https:\/\/i0.wp.com\/deltaimage.de\/wp\/wp-content\/uploads\/IMG_4349_900.jpg?resize=600%2C400&amp;ssl=1 600w, https:\/\/i0.wp.com\/deltaimage.de\/wp\/wp-content\/uploads\/IMG_4349_900.jpg?resize=200%2C133&amp;ssl=1 200w\" sizes=\"auto, (max-width: 890px) 100vw, 890px\" \/><\/p>\n<blockquote>\n<pre>Ach, k\u00f6nnt ich doch mit den zwei Graug\u00e4nsen in enger Formation ebenso durch die L\u00fcfte gleiten und Welt betrachten.<\/pre>\n<\/blockquote>\n<p>Ich w\u00fcrde schon sehr gerne mit den V\u00f6geln mit fliegen wollen &#8211; aber das geht wohl nicht und so muss ich mit der Rolle des fotografierenden Zuschauers auf der Beobachtungsh\u00fctte begn\u00fcgen.<\/p>\n","protected":false},"excerpt":{"rendered":"<p>Der Fr\u00fchling ist am Kommen &#8211; die Graug\u00e4nse ziehen wieder durch die L\u00fcfte. An einem Sonntag neigte sich der Nachmittag zu Ende, das warme und weiche Abendlicht steht kurz bevor. [&hellip;]<\/p>\n","protected":false},"author":1,"featured_media":32975,"comment_status":"closed","ping_status":"closed","sticky":false,"template":"","format":"standard","meta":{"wpupg_custom_link":[],"wpupg_custom_link_behaviour":["default"],"wpupg_custom_link_nofollow":["default"],"wpupg_custom_image":[],"wpupg_custom_image_id":[],"jetpack_post_was_ever_published":false,"footnotes":""},"categories":[3010,2523,848,8],"tags":[1457,775,3175,1204,3176,1849],"class_list":["post-32973","post","type-post","status-publish","format-standard","has-post-thumbnail","hentry","category-dachauer-land","category-dachauer-moos","category-fotografie","category-news","tag-biotop","tag-dachauer-moos","tag-graugaense","tag-naturfotografie","tag-schinderkreppe","tag-stadt-dachau"],"jetpack_featured_media_url":"https:\/\/i0.wp.com\/deltaimage.de\/wp\/wp-content\/uploads\/IMG_4461_1200.jpg?fit=1200%2C450&ssl=1","jetpack-related-posts":[{"id":37577,"url":"https:\/\/deltaimage.de\/wp\/?p=37577","url_meta":{"origin":32973,"position":0},"title":"Graug\u00e4nse im goldenen Herbst &#8211; Dachauer Moos","author":"EschbacP","date":"2. November 2022","format":false,"excerpt":"Im Herbst dieses Jahres schaute ich wieder einmal an der Schinderkreppe in Dachau-S\u00fcd vorbei, um noch etwas Herbststimmung mitzunehmen. Der Herbst war schon sp\u00e4t und so sollten auch die V\u00f6gel sich schon auf den nahen Winter einstellen und vorbereiten. Der kleine See war auch fast leer, nur ein Haubentaucher und\u2026","rel":"","context":"In &quot;Dachauer Land&quot;","block_context":{"text":"Dachauer Land","link":"https:\/\/deltaimage.de\/wp\/?cat=3010"},"img":{"alt_text":"","src":"https:\/\/i0.wp.com\/deltaimage.de\/wp\/wp-content\/uploads\/PE1S0172_1200-2.jpg?fit=1200%2C450&ssl=1&resize=350%2C200","width":350,"height":200,"srcset":"https:\/\/i0.wp.com\/deltaimage.de\/wp\/wp-content\/uploads\/PE1S0172_1200-2.jpg?fit=1200%2C450&ssl=1&resize=350%2C200 1x, https:\/\/i0.wp.com\/deltaimage.de\/wp\/wp-content\/uploads\/PE1S0172_1200-2.jpg?fit=1200%2C450&ssl=1&resize=525%2C300 1.5x, https:\/\/i0.wp.com\/deltaimage.de\/wp\/wp-content\/uploads\/PE1S0172_1200-2.jpg?fit=1200%2C450&ssl=1&resize=700%2C400 2x, https:\/\/i0.wp.com\/deltaimage.de\/wp\/wp-content\/uploads\/PE1S0172_1200-2.jpg?fit=1200%2C450&ssl=1&resize=1050%2C600 3x"},"classes":[]},{"id":32991,"url":"https:\/\/deltaimage.de\/wp\/?p=32991","url_meta":{"origin":32973,"position":1},"title":"Graug\u00e4nse im Flug &#8211; ein Blick auf die Pixel","author":"EschbacP","date":"22. Februar 2022","format":false,"excerpt":"Ein Foto einer Graugans im warmen Seitenlicht an einem Winterabend ist mit der passenden Fototechnik hinreichend gut aufzunehmen. Wie gut ist solch ein Foto denn im Detail? Wenn schon alles gepasst hat. Diese spannende Frage bewegt auch mich als Fotograf jedes Mal, bei (fast) jedem Foto in der Bildbearbeitung. Nehmen\u2026","rel":"","context":"In &quot;Dachauer Land&quot;","block_context":{"text":"Dachauer Land","link":"https:\/\/deltaimage.de\/wp\/?cat=3010"},"img":{"alt_text":"","src":"https:\/\/i0.wp.com\/deltaimage.de\/wp\/wp-content\/uploads\/IMG_4253_1200.jpg?fit=1200%2C450&ssl=1&resize=350%2C200","width":350,"height":200,"srcset":"https:\/\/i0.wp.com\/deltaimage.de\/wp\/wp-content\/uploads\/IMG_4253_1200.jpg?fit=1200%2C450&ssl=1&resize=350%2C200 1x, https:\/\/i0.wp.com\/deltaimage.de\/wp\/wp-content\/uploads\/IMG_4253_1200.jpg?fit=1200%2C450&ssl=1&resize=525%2C300 1.5x, https:\/\/i0.wp.com\/deltaimage.de\/wp\/wp-content\/uploads\/IMG_4253_1200.jpg?fit=1200%2C450&ssl=1&resize=700%2C400 2x, https:\/\/i0.wp.com\/deltaimage.de\/wp\/wp-content\/uploads\/IMG_4253_1200.jpg?fit=1200%2C450&ssl=1&resize=1050%2C600 3x"},"classes":[]},{"id":50422,"url":"https:\/\/deltaimage.de\/wp\/?p=50422","url_meta":{"origin":32973,"position":2},"title":"Feuerzeichen \u00fcber dem Dachauer Moos &#8211; Brillantfeuerwerk","author":"EschbacP","date":"14. August 2025","format":false,"excerpt":"Das Dachauer Schloss steht auf dem Karlsberg etwa 25 Meter \u00fcber dem Dachauer Moos. Vom Schlossgarten schweift der Blick weit in die flache Niedermoor-Landschaft hinaus. So kann man auch aus weiten Teilen des Dachauer Mooses das Dachauer Schloss selbst sehen. Auch aus dem Dachauer H\u00fcgelland ist das Dachauer Schloss weithin\u2026","rel":"","context":"In &quot;Dachauer Land&quot;","block_context":{"text":"Dachauer Land","link":"https:\/\/deltaimage.de\/wp\/?cat=3010"},"img":{"alt_text":"","src":"https:\/\/i0.wp.com\/deltaimage.de\/wp\/wp-content\/uploads\/PE1S0131_1200.jpg?fit=1200%2C450&ssl=1&resize=350%2C200","width":350,"height":200,"srcset":"https:\/\/i0.wp.com\/deltaimage.de\/wp\/wp-content\/uploads\/PE1S0131_1200.jpg?fit=1200%2C450&ssl=1&resize=350%2C200 1x, https:\/\/i0.wp.com\/deltaimage.de\/wp\/wp-content\/uploads\/PE1S0131_1200.jpg?fit=1200%2C450&ssl=1&resize=525%2C300 1.5x, https:\/\/i0.wp.com\/deltaimage.de\/wp\/wp-content\/uploads\/PE1S0131_1200.jpg?fit=1200%2C450&ssl=1&resize=700%2C400 2x, https:\/\/i0.wp.com\/deltaimage.de\/wp\/wp-content\/uploads\/PE1S0131_1200.jpg?fit=1200%2C450&ssl=1&resize=1050%2C600 3x"},"classes":[]},{"id":42754,"url":"https:\/\/deltaimage.de\/wp\/?p=42754","url_meta":{"origin":32973,"position":3},"title":"Fr\u00fchling im Reich der V\u00f6gel im Dachauer Moos &#8211; V\u00f6gel am Wasser","author":"EschbacP","date":"28. M\u00e4rz 2024","format":false,"excerpt":"Im Fr\u00fchling sind im Dachauer Moos die im Wasser lebenden V\u00f6gel ganz aktiv unterwegs. Durch die vielen Baggerseen, hat die Mooslandschaft viel mehr offene Wasserfl\u00e4chen, als es fr\u00fcher gab. Dies er\u00f6ffnete neue Lebensr\u00e4ume f\u00fcr die herrlichen V\u00f6gel in unserer Nachbarschaft. Die Haubentaucher \u00fcberwintern bei uns im Dachauer Moos und sind\u2026","rel":"","context":"In &quot;Dachauer Land&quot;","block_context":{"text":"Dachauer Land","link":"https:\/\/deltaimage.de\/wp\/?cat=3010"},"img":{"alt_text":"","src":"https:\/\/i0.wp.com\/deltaimage.de\/wp\/wp-content\/uploads\/PED47753_1200.jpg?fit=1200%2C450&ssl=1&resize=350%2C200","width":350,"height":200,"srcset":"https:\/\/i0.wp.com\/deltaimage.de\/wp\/wp-content\/uploads\/PED47753_1200.jpg?fit=1200%2C450&ssl=1&resize=350%2C200 1x, https:\/\/i0.wp.com\/deltaimage.de\/wp\/wp-content\/uploads\/PED47753_1200.jpg?fit=1200%2C450&ssl=1&resize=525%2C300 1.5x, https:\/\/i0.wp.com\/deltaimage.de\/wp\/wp-content\/uploads\/PED47753_1200.jpg?fit=1200%2C450&ssl=1&resize=700%2C400 2x, https:\/\/i0.wp.com\/deltaimage.de\/wp\/wp-content\/uploads\/PED47753_1200.jpg?fit=1200%2C450&ssl=1&resize=1050%2C600 3x"},"classes":[]},{"id":40379,"url":"https:\/\/deltaimage.de\/wp\/?p=40379","url_meta":{"origin":32973,"position":4},"title":"Die Graug\u00e4nse sind wieder zur\u00fcck","author":"EschbacP","date":"21. Juni 2023","format":false,"excerpt":"\u00dcber viele Wochen wartete ich auf die Graug\u00e4nse an den Seen im Moos. So scheint eine Graugans nichts Besonderes zu sein, wenn ein ganzer Schwarm auf einmal vom See aus in den Flug startet und sp\u00e4ter wieder als ganzer Schwarm zur\u00fcckkommt und zusammen landet - dann wissen Sie als BeobachterIn\u2026","rel":"","context":"In &quot;Dachauer Land&quot;","block_context":{"text":"Dachauer Land","link":"https:\/\/deltaimage.de\/wp\/?cat=3010"},"img":{"alt_text":"","src":"https:\/\/i0.wp.com\/deltaimage.de\/wp\/wp-content\/uploads\/PE1D0418_1200.jpg?fit=1200%2C450&ssl=1&resize=350%2C200","width":350,"height":200,"srcset":"https:\/\/i0.wp.com\/deltaimage.de\/wp\/wp-content\/uploads\/PE1D0418_1200.jpg?fit=1200%2C450&ssl=1&resize=350%2C200 1x, https:\/\/i0.wp.com\/deltaimage.de\/wp\/wp-content\/uploads\/PE1D0418_1200.jpg?fit=1200%2C450&ssl=1&resize=525%2C300 1.5x, https:\/\/i0.wp.com\/deltaimage.de\/wp\/wp-content\/uploads\/PE1D0418_1200.jpg?fit=1200%2C450&ssl=1&resize=700%2C400 2x, https:\/\/i0.wp.com\/deltaimage.de\/wp\/wp-content\/uploads\/PE1D0418_1200.jpg?fit=1200%2C450&ssl=1&resize=1050%2C600 3x"},"classes":[]},{"id":48382,"url":"https:\/\/deltaimage.de\/wp\/?p=48382","url_meta":{"origin":32973,"position":5},"title":"Graug\u00e4nse ziehen an den letzten Wintertagen \u00fcbers Krenmoos","author":"EschbacP","date":"16. M\u00e4rz 2025","format":false,"excerpt":"Ein ungem\u00fctlicher Tag im Niedermoor \u2013 eigentlich einer der letzten Wintertage. In wenigen Tagen ist der kalendarische Fr\u00fchlingsbeginn \u2013 dann beginnt das Leben in der Natur und im Moos. Die Farben im Moos wandeln sich im April dann schnell vom Grau und Braun in die Farbpaletten des Gr\u00fcns und Wei\u00df.\u2026","rel":"","context":"In &quot;Dachauer Land&quot;","block_context":{"text":"Dachauer Land","link":"https:\/\/deltaimage.de\/wp\/?cat=3010"},"img":{"alt_text":"","src":"https:\/\/i0.wp.com\/deltaimage.de\/wp\/wp-content\/uploads\/PED40272_1200.jpg?fit=1200%2C450&ssl=1&resize=350%2C200","width":350,"height":200,"srcset":"https:\/\/i0.wp.com\/deltaimage.de\/wp\/wp-content\/uploads\/PED40272_1200.jpg?fit=1200%2C450&ssl=1&resize=350%2C200 1x, https:\/\/i0.wp.com\/deltaimage.de\/wp\/wp-content\/uploads\/PED40272_1200.jpg?fit=1200%2C450&ssl=1&resize=525%2C300 1.5x, https:\/\/i0.wp.com\/deltaimage.de\/wp\/wp-content\/uploads\/PED40272_1200.jpg?fit=1200%2C450&ssl=1&resize=700%2C400 2x, https:\/\/i0.wp.com\/deltaimage.de\/wp\/wp-content\/uploads\/PED40272_1200.jpg?fit=1200%2C450&ssl=1&resize=1050%2C600 3x"},"classes":[]}],"jetpack_sharing_enabled":true,"_links":{"self":[{"href":"https:\/\/deltaimage.de\/wp\/index.php?rest_route=\/wp\/v2\/posts\/32973","targetHints":{"allow":["GET"]}}],"collection":[{"href":"https:\/\/deltaimage.de\/wp\/index.php?rest_route=\/wp\/v2\/posts"}],"about":[{"href":"https:\/\/deltaimage.de\/wp\/index.php?rest_route=\/wp\/v2\/types\/post"}],"author":[{"embeddable":true,"href":"https:\/\/deltaimage.de\/wp\/index.php?rest_route=\/wp\/v2\/users\/1"}],"replies":[{"embeddable":true,"href":"https:\/\/deltaimage.de\/wp\/index.php?rest_route=%2Fwp%2Fv2%2Fcomments&post=32973"}],"version-history":[{"count":13,"href":"https:\/\/deltaimage.de\/wp\/index.php?rest_route=\/wp\/v2\/posts\/32973\/revisions"}],"predecessor-version":[{"id":51301,"href":"https:\/\/deltaimage.de\/wp\/index.php?rest_route=\/wp\/v2\/posts\/32973\/revisions\/51301"}],"wp:featuredmedia":[{"embeddable":true,"href":"https:\/\/deltaimage.de\/wp\/index.php?rest_route=\/wp\/v2\/media\/32975"}],"wp:attachment":[{"href":"https:\/\/deltaimage.de\/wp\/index.php?rest_route=%2Fwp%2Fv2%2Fmedia&parent=32973"}],"wp:term":[{"taxonomy":"category","embeddable":true,"href":"https:\/\/deltaimage.de\/wp\/index.php?rest_route=%2Fwp%2Fv2%2Fcategories&post=32973"},{"taxonomy":"post_tag","embeddable":true,"href":"https:\/\/deltaimage.de\/wp\/index.php?rest_route=%2Fwp%2Fv2%2Ftags&post=32973"}],"curies":[{"name":"wp","href":"https:\/\/api.w.org\/{rel}","templated":true}]}}