{"id":33112,"date":"2022-02-28T18:40:47","date_gmt":"2022-02-28T17:40:47","guid":{"rendered":"https:\/\/deltaimage.de\/wp\/?p=33112"},"modified":"2022-02-28T18:43:39","modified_gmt":"2022-02-28T17:43:39","slug":"die-ganz-grossen-flugzeuge-in-muenchen-boeing-747","status":"publish","type":"post","link":"https:\/\/deltaimage.de\/wp\/?p=33112","title":{"rendered":"Die ganz gro\u00dfen Flugzeuge in M\u00fcnchen &#8211; Boeing 747"},"content":{"rendered":"<p>Der Flughafen M\u00fcnchen ist eines der wichtigsten Luftfahrt Drehkreuze in Deutschland und Europa. gerade Richtung Asien und Osteuropa nietet sich die Lage in Europa geradezu an. So kommen t\u00e4glich die A380 aus Dubai nach M\u00fcnchen.<\/p>\n<p>Jetzt m\u00f6chte ich mich auf die bestens bekannte Boeing 747 &#8211; der &#8222;Jumbo-Jet&#8220; konzentrieren. Eines der sch\u00f6nsten Airliner die jetzt fliegen, und das in M\u00fcnchen auch schon seit 1972 tun. Ich erinnere mich noch sehr gut, als unser Vater mit uns Buben nach M\u00fcnchen Riem gefahren ist, um die startenden und landenden B747 zu sehen. Der A380 ist gro\u00df, sogar sehr gro\u00df &#8211; aber nicht unbedingt sch\u00f6n.<\/p>\n<p><img data-recalc-dims=\"1\" loading=\"lazy\" decoding=\"async\" class=\"aligncenter size-full wp-image-33098\" src=\"https:\/\/i0.wp.com\/deltaimage.de\/wp\/wp-content\/uploads\/IMG_4798_900.jpg?resize=890%2C593&#038;ssl=1\" alt=\"\" width=\"890\" height=\"593\" \/><\/p>\n<p><!--more--><\/p>\n<p>Zur M\u00fcnchener Sicherheitskonferenz kommen an einem Wochenende im Februar jedes Jahr ungew\u00f6hnlich viele und ungew\u00f6hnlich gro\u00dfe Flugzeuge, um Delegationen zu bringen und wieder abzuholen. So verirren sich auch Flugzeuge aus L\u00e4ndern, die nicht regelm\u00e4\u00dfig in M\u00fcnchen starten und landen nach M\u00fcnchen. Eine sch\u00f6ne Gelegenheit, dieses bunte Treiben aus der Entfernung zu beobachten und sich \u00fcber die ungew\u00f6hnlichen Anblicke zu freuen.<\/p>\n<p>Fotografisch kommt dann immer das gerade verf\u00fcgbare &#8222;<em>ganz gro\u00dfe Besteck<\/em>&#8220; zum Einsatz.<\/p>\n<p>&nbsp;<\/p>\n<h2>Alles ist gewaltig an der B747 &#8222;Jumbo Jet&#8220;<\/h2>\n<p>Alleine das Hauptfahrwerk ist m\u00e4chtig. So macht die seit 1970 in Deutschland Station. Noch in diesem Jahr werden wohl die letzten B747 in Seattle montiert und an die Kunden weltweit ausgeliefert werden. Dann geht auch diese \u00c4ra zu Ende.<\/p>\n<p><img data-recalc-dims=\"1\" loading=\"lazy\" decoding=\"async\" class=\"aligncenter size-full wp-image-33097\" src=\"https:\/\/i0.wp.com\/deltaimage.de\/wp\/wp-content\/uploads\/IMG_4798_1200.jpg?resize=890%2C334&#038;ssl=1\" alt=\"\" width=\"890\" height=\"334\" \/><\/p>\n<p>Eleganz und Kraft wohin man auch blickt.<\/p>\n<p><img data-recalc-dims=\"1\" loading=\"lazy\" decoding=\"async\" class=\"aligncenter size-full wp-image-33099\" src=\"https:\/\/i0.wp.com\/deltaimage.de\/wp\/wp-content\/uploads\/IMG_4805_1200.jpg?resize=890%2C334&#038;ssl=1\" alt=\"\" width=\"890\" height=\"334\" \/><\/p>\n<p>Das Fahrwerk ist (fast) drin, jetzt steigt das Flugzeug kontinuierlich und dreht nach S\u00fcden ab und verl\u00e4sst den Luftraum des Flugplatzes in M\u00fcnchen.<\/p>\n<p><img data-recalc-dims=\"1\" loading=\"lazy\" decoding=\"async\" class=\"aligncenter size-full wp-image-33100\" src=\"https:\/\/i0.wp.com\/deltaimage.de\/wp\/wp-content\/uploads\/IMG_4825_1200.jpg?resize=890%2C334&#038;ssl=1\" alt=\"\" width=\"890\" height=\"334\" \/><\/p>\n<p>Die Tr\u00e4ume und die guten W\u00fcnsche fliegen mit jedem Flugzeug auf seiner Reise mit.<\/p>\n<blockquote>\n<pre>Kommt gut und sicher nach Hause.<\/pre>\n<\/blockquote>\n","protected":false},"excerpt":{"rendered":"<p>Der Flughafen M\u00fcnchen ist eines der wichtigsten Luftfahrt Drehkreuze in Deutschland und Europa. gerade Richtung Asien und Osteuropa nietet sich die Lage in Europa geradezu an. So kommen t\u00e4glich die [&hellip;]<\/p>\n","protected":false},"author":1,"featured_media":0,"comment_status":"closed","ping_status":"closed","sticky":false,"template":"","format":"standard","meta":{"wpupg_custom_link":[],"wpupg_custom_link_behaviour":["default"],"wpupg_custom_link_nofollow":[],"wpupg_custom_image":[],"wpupg_custom_image_id":[],"jetpack_post_was_ever_published":false,"footnotes":""},"categories":[8],"tags":[3179,3180,74,199,558],"class_list":["post-33112","post","type-post","status-publish","format-standard","hentry","category-news","tag-boeing-b747","tag-jumbo-jet","tag-luftfahrt","tag-muenchen","tag-sicherheitskonferenz"],"jetpack_featured_media_url":"","jetpack-related-posts":[{"id":53972,"url":"https:\/\/deltaimage.de\/wp\/?p=53972","url_meta":{"origin":33112,"position":0},"title":"Flugbetrieb w\u00e4hrend Sicherheitskonferenz in M\u00fcnchen 2026 und A380","author":"EschbacP","date":"18. Februar 2026","format":false,"excerpt":"W\u00e4hrend der M\u00fcnchener Sicherheitskonferenz ist die Welt \u00fcber drei Tage zu Gast in M\u00fcnchen. Die wichtigen G\u00e4ste aus Politik, Medien und Wirtschaft reisen meist mit dem Flugzeug \u00fcber den Franz-Josef-Strau\u00df-Flughafen in M\u00fcnchen an und wieder ab. An vier Tagen ist daher im Erdinger Moos mit erh\u00f6htem Flugaufkommen zu rechnen und\u2026","rel":"","context":"In &quot;News Blog&quot;","block_context":{"text":"News Blog","link":"https:\/\/deltaimage.de\/wp\/?cat=8"},"img":{"alt_text":"","src":"https:\/\/i0.wp.com\/deltaimage.de\/wp\/wp-content\/uploads\/PED46115_1200.jpg?fit=1200%2C450&ssl=1&resize=350%2C200","width":350,"height":200,"srcset":"https:\/\/i0.wp.com\/deltaimage.de\/wp\/wp-content\/uploads\/PED46115_1200.jpg?fit=1200%2C450&ssl=1&resize=350%2C200 1x, https:\/\/i0.wp.com\/deltaimage.de\/wp\/wp-content\/uploads\/PED46115_1200.jpg?fit=1200%2C450&ssl=1&resize=525%2C300 1.5x, https:\/\/i0.wp.com\/deltaimage.de\/wp\/wp-content\/uploads\/PED46115_1200.jpg?fit=1200%2C450&ssl=1&resize=700%2C400 2x, https:\/\/i0.wp.com\/deltaimage.de\/wp\/wp-content\/uploads\/PED46115_1200.jpg?fit=1200%2C450&ssl=1&resize=1050%2C600 3x"},"classes":[]},{"id":6742,"url":"https:\/\/deltaimage.de\/wp\/?p=6742","url_meta":{"origin":33112,"position":1},"title":"Die Welt zu Gast in M\u00fcnchen &#8211; Sicherheitskonferenz 2016","author":"EschbacP","date":"13. Februar 2016","format":false,"excerpt":"Einmal im Jahr ist die Welt zu Gast in M\u00fcnchen anl\u00e4sslich der Sicherheitskonferenz im Bayerischen Hof. Pr\u00e4sidenten, Regierungs-Chefs, Minister und gekr\u00f6nte H\u00e4upter ringen um die Sicherheit der Welt - oder das - was sie davon halten. Am Flughafen M\u00fcnchen defilieren die Flugzeuge der m\u00e4chtigen der Welt Der Flughafen ist seit\u2026","rel":"","context":"In &quot;News Blog&quot;","block_context":{"text":"News Blog","link":"https:\/\/deltaimage.de\/wp\/?cat=8"},"img":{"alt_text":"","src":"https:\/\/i0.wp.com\/deltaimage.de\/wp\/wp-content\/uploads\/IMG_8620_900.jpg?resize=350%2C200&ssl=1","width":350,"height":200,"srcset":"https:\/\/i0.wp.com\/deltaimage.de\/wp\/wp-content\/uploads\/IMG_8620_900.jpg?resize=350%2C200&ssl=1 1x, https:\/\/i0.wp.com\/deltaimage.de\/wp\/wp-content\/uploads\/IMG_8620_900.jpg?resize=525%2C300&ssl=1 1.5x, https:\/\/i0.wp.com\/deltaimage.de\/wp\/wp-content\/uploads\/IMG_8620_900.jpg?resize=700%2C400&ssl=1 2x"},"classes":[]},{"id":22899,"url":"https:\/\/deltaimage.de\/wp\/?p=22899","url_meta":{"origin":33112,"position":2},"title":"JUNKERS F 13 \u2013 die fliegende Luftfahrtgeschichte \u00fcber M\u00fcnchen unterwegs","author":"EschbacP","date":"31. Oktober 2019","format":false,"excerpt":"Selten hat man die Gelegenheit, solche Perlen der Luftfahrt als Zuschauer am Flugplatz beim Start oder der Landung zu bewundern. \u00dcber Jahrzehnte waren die JUNKERS Ju 52 aus D\u00fcbendorf st\u00e4ndige Dauerg\u00e4ste in Schlei\u00dfheim. Und manchmal, da hat man noch mehr Gl\u00fcck. Das Deutsche Museum und die Junkers Flugzeugwerke AG beauftragen\u2026","rel":"","context":"In &quot;Event - Fotografie&quot;","block_context":{"text":"Event - Fotografie","link":"https:\/\/deltaimage.de\/wp\/?cat=851"},"img":{"alt_text":"","src":"https:\/\/i0.wp.com\/deltaimage.de\/wp\/wp-content\/uploads\/PE1S0559_1200.jpg?fit=1200%2C450&ssl=1&resize=350%2C200","width":350,"height":200,"srcset":"https:\/\/i0.wp.com\/deltaimage.de\/wp\/wp-content\/uploads\/PE1S0559_1200.jpg?fit=1200%2C450&ssl=1&resize=350%2C200 1x, https:\/\/i0.wp.com\/deltaimage.de\/wp\/wp-content\/uploads\/PE1S0559_1200.jpg?fit=1200%2C450&ssl=1&resize=525%2C300 1.5x, https:\/\/i0.wp.com\/deltaimage.de\/wp\/wp-content\/uploads\/PE1S0559_1200.jpg?fit=1200%2C450&ssl=1&resize=700%2C400 2x, https:\/\/i0.wp.com\/deltaimage.de\/wp\/wp-content\/uploads\/PE1S0559_1200.jpg?fit=1200%2C450&ssl=1&resize=1050%2C600 3x"},"classes":[]},{"id":33119,"url":"https:\/\/deltaimage.de\/wp\/?p=33119","url_meta":{"origin":33112,"position":3},"title":"Fotografie &#8211; bedeutet auch mal etwas Neues ausprobieren","author":"EschbacP","date":"28. Februar 2022","format":false,"excerpt":"Der Flughafen M\u00fcnchen hat auf der S\u00fcdseite einen sehr beliebten Fotografenh\u00fcgel. von dort k\u00f6nnen FotografInnen sehr gut und sehr einfach die startenden und landenden Flugzeuge auf der S\u00fcdbahn fotografieren kann. Die moderne Digitalfotografie hat eigentlich keine Schwierigkeit, ein landendes Flugzeug mit ca. 250 km\/h mit Brennweiten von 200 mm bis\u2026","rel":"","context":"In &quot;Fotografie&quot;","block_context":{"text":"Fotografie","link":"https:\/\/deltaimage.de\/wp\/?cat=848"},"img":{"alt_text":"","src":"https:\/\/i0.wp.com\/deltaimage.de\/wp\/wp-content\/uploads\/PE1S0131_900.jpg?resize=350%2C200&ssl=1","width":350,"height":200,"srcset":"https:\/\/i0.wp.com\/deltaimage.de\/wp\/wp-content\/uploads\/PE1S0131_900.jpg?resize=350%2C200&ssl=1 1x, https:\/\/i0.wp.com\/deltaimage.de\/wp\/wp-content\/uploads\/PE1S0131_900.jpg?resize=525%2C300&ssl=1 1.5x, https:\/\/i0.wp.com\/deltaimage.de\/wp\/wp-content\/uploads\/PE1S0131_900.jpg?resize=700%2C400&ssl=1 2x"},"classes":[]},{"id":7016,"url":"https:\/\/deltaimage.de\/wp\/?p=7016","url_meta":{"origin":33112,"position":4},"title":"Was man als Luftfahrer in Bayern alles wissen sollte","author":"EschbacP","date":"24. Februar 2015","format":false,"excerpt":"Als Karl Valentin noch jung war und die Luft durch die fr\u00fchen Flugpioniere gepr\u00e4gt wurde Die Luftfahrt in Bayern hat nicht gleich mit Aeroplane (heute w\u00fcrde man Flugzeuge dazu sagen)\u00a0 begonnen. Die Luftfahrt beging mit \"leichter als Luft\". Die ersten Ballone wurden milit\u00e4risch durch die Bayerische Ballon- und Luftschifferabteilung ab\u2026","rel":"","context":"In &quot;News Blog&quot;","block_context":{"text":"News Blog","link":"https:\/\/deltaimage.de\/wp\/?cat=8"},"img":{"alt_text":"","src":"https:\/\/i0.wp.com\/deltaimage.de\/wp\/wp-content\/uploads\/ZY5M0538_1200.jpg?fit=1200%2C450&ssl=1&resize=350%2C200","width":350,"height":200,"srcset":"https:\/\/i0.wp.com\/deltaimage.de\/wp\/wp-content\/uploads\/ZY5M0538_1200.jpg?fit=1200%2C450&ssl=1&resize=350%2C200 1x, https:\/\/i0.wp.com\/deltaimage.de\/wp\/wp-content\/uploads\/ZY5M0538_1200.jpg?fit=1200%2C450&ssl=1&resize=525%2C300 1.5x, https:\/\/i0.wp.com\/deltaimage.de\/wp\/wp-content\/uploads\/ZY5M0538_1200.jpg?fit=1200%2C450&ssl=1&resize=700%2C400 2x, https:\/\/i0.wp.com\/deltaimage.de\/wp\/wp-content\/uploads\/ZY5M0538_1200.jpg?fit=1200%2C450&ssl=1&resize=1050%2C600 3x"},"classes":[]},{"id":11578,"url":"https:\/\/deltaimage.de\/wp\/?p=11578","url_meta":{"origin":33112,"position":5},"title":"Gro\u00dfe Baden-W\u00fcrttemberg Rundfahrt \u2013 Ausfahrt Warbirds","author":"EschbacP","date":"6. Juli 2016","format":false,"excerpt":"Als Flugzeug Historiker (siehe Bayerische Flugzeug Historiker e.V.) ist es doch ganz normal, dass man die Mittagspause bei einem Kaffee vor dem Hangar verbringt und auf dem Rollfeld steht eine blank geputzte P-51 Mustang. Eben! Ungew\u00f6hnlich ist wohl die Dichte der historischen Flugzeuge in dem Hangar, fast alles Warbirds vom\u2026","rel":"","context":"In &quot;News Blog&quot;","block_context":{"text":"News Blog","link":"https:\/\/deltaimage.de\/wp\/?cat=8"},"img":{"alt_text":"","src":"https:\/\/i0.wp.com\/deltaimage.de\/wp\/wp-content\/uploads\/IMG_1593_1200.jpg?fit=1200%2C450&ssl=1&resize=350%2C200","width":350,"height":200,"srcset":"https:\/\/i0.wp.com\/deltaimage.de\/wp\/wp-content\/uploads\/IMG_1593_1200.jpg?fit=1200%2C450&ssl=1&resize=350%2C200 1x, https:\/\/i0.wp.com\/deltaimage.de\/wp\/wp-content\/uploads\/IMG_1593_1200.jpg?fit=1200%2C450&ssl=1&resize=525%2C300 1.5x, https:\/\/i0.wp.com\/deltaimage.de\/wp\/wp-content\/uploads\/IMG_1593_1200.jpg?fit=1200%2C450&ssl=1&resize=700%2C400 2x, https:\/\/i0.wp.com\/deltaimage.de\/wp\/wp-content\/uploads\/IMG_1593_1200.jpg?fit=1200%2C450&ssl=1&resize=1050%2C600 3x"},"classes":[]}],"jetpack_sharing_enabled":true,"_links":{"self":[{"href":"https:\/\/deltaimage.de\/wp\/index.php?rest_route=\/wp\/v2\/posts\/33112","targetHints":{"allow":["GET"]}}],"collection":[{"href":"https:\/\/deltaimage.de\/wp\/index.php?rest_route=\/wp\/v2\/posts"}],"about":[{"href":"https:\/\/deltaimage.de\/wp\/index.php?rest_route=\/wp\/v2\/types\/post"}],"author":[{"embeddable":true,"href":"https:\/\/deltaimage.de\/wp\/index.php?rest_route=\/wp\/v2\/users\/1"}],"replies":[{"embeddable":true,"href":"https:\/\/deltaimage.de\/wp\/index.php?rest_route=%2Fwp%2Fv2%2Fcomments&post=33112"}],"version-history":[{"count":5,"href":"https:\/\/deltaimage.de\/wp\/index.php?rest_route=\/wp\/v2\/posts\/33112\/revisions"}],"predecessor-version":[{"id":33118,"href":"https:\/\/deltaimage.de\/wp\/index.php?rest_route=\/wp\/v2\/posts\/33112\/revisions\/33118"}],"wp:attachment":[{"href":"https:\/\/deltaimage.de\/wp\/index.php?rest_route=%2Fwp%2Fv2%2Fmedia&parent=33112"}],"wp:term":[{"taxonomy":"category","embeddable":true,"href":"https:\/\/deltaimage.de\/wp\/index.php?rest_route=%2Fwp%2Fv2%2Fcategories&post=33112"},{"taxonomy":"post_tag","embeddable":true,"href":"https:\/\/deltaimage.de\/wp\/index.php?rest_route=%2Fwp%2Fv2%2Ftags&post=33112"}],"curies":[{"name":"wp","href":"https:\/\/api.w.org\/{rel}","templated":true}]}}