{"id":33393,"date":"2022-03-21T20:54:13","date_gmt":"2022-03-21T19:54:13","guid":{"rendered":"https:\/\/deltaimage.de\/wp\/?p=33393"},"modified":"2025-08-19T21:58:17","modified_gmt":"2025-08-19T19:58:17","slug":"fruehling-ist-brutzeit-an-der-amper","status":"publish","type":"post","link":"https:\/\/deltaimage.de\/wp\/?p=33393","title":{"rendered":"Fr\u00fchling an der Amper ist auch Brutzeit"},"content":{"rendered":"<p>Im Fr\u00fchling ist viel Aktivit\u00e4t in der Natur. Es gilt f\u00fcr die flei\u00dfigen Jungeltern, die Grundlage f\u00fcr die n\u00e4chste Generation f\u00fcr dieses Jahr zu schaffen. Die Wasserv\u00f6gel bauen gut gesch\u00fctzt durch die Wasserfl\u00e4chen die Nester auf kleinen k\u00fcnstlichen Inseln im Wasser auf Treibgut, einem Ast oder einer Sandbank.<\/p>\n<p>So lassen sich die Wasserv\u00f6gel auch sehr gut vom Ufer aus beobachten, ohne dass die V\u00f6gel in ihrem Brutverhalten gest\u00f6rt werden.<\/p>\n<p><img data-recalc-dims=\"1\" loading=\"lazy\" decoding=\"async\" data-attachment-id=\"33415\" data-permalink=\"https:\/\/deltaimage.de\/wp\/?attachment_id=33415#main\" data-orig-file=\"https:\/\/i0.wp.com\/deltaimage.de\/wp\/wp-content\/uploads\/IMG_5634_900.jpg?fit=890%2C593&amp;ssl=1\" data-orig-size=\"890,593\" data-comments-opened=\"0\" data-image-meta=\"{&quot;aperture&quot;:&quot;4&quot;,&quot;credit&quot;:&quot;PAUL ESCHBACH&quot;,&quot;camera&quot;:&quot;Canon EOS 80D&quot;,&quot;caption&quot;:&quot;&quot;,&quot;created_timestamp&quot;:&quot;1647773459&quot;,&quot;copyright&quot;:&quot;Paul Eschbach @ DELTA IMAGE&quot;,&quot;focal_length&quot;:&quot;200&quot;,&quot;iso&quot;:&quot;200&quot;,&quot;shutter_speed&quot;:&quot;0.0004&quot;,&quot;title&quot;:&quot;&quot;,&quot;orientation&quot;:&quot;0&quot;}\" data-image-title=\"IMG_5634_900\" data-image-description=\"\" data-image-caption=\"\" data-large-file=\"https:\/\/i0.wp.com\/deltaimage.de\/wp\/wp-content\/uploads\/IMG_5634_900.jpg?fit=890%2C593&amp;ssl=1\" class=\"aligncenter size-full wp-image-33415\" src=\"https:\/\/i0.wp.com\/deltaimage.de\/wp\/wp-content\/uploads\/IMG_5634_900.jpg?resize=890%2C593&#038;ssl=1\" alt=\"\" width=\"890\" height=\"593\" srcset=\"https:\/\/i0.wp.com\/deltaimage.de\/wp\/wp-content\/uploads\/IMG_5634_900.jpg?w=890&amp;ssl=1 890w, https:\/\/i0.wp.com\/deltaimage.de\/wp\/wp-content\/uploads\/IMG_5634_900.jpg?resize=300%2C200&amp;ssl=1 300w, https:\/\/i0.wp.com\/deltaimage.de\/wp\/wp-content\/uploads\/IMG_5634_900.jpg?resize=675%2C450&amp;ssl=1 675w, https:\/\/i0.wp.com\/deltaimage.de\/wp\/wp-content\/uploads\/IMG_5634_900.jpg?resize=600%2C400&amp;ssl=1 600w, https:\/\/i0.wp.com\/deltaimage.de\/wp\/wp-content\/uploads\/IMG_5634_900.jpg?resize=200%2C133&amp;ssl=1 200w\" sizes=\"auto, (max-width: 890px) 100vw, 890px\" \/><\/p>\n<p>Ein sch\u00f6ner wei\u00dfer Schwan bereitet das Nest f\u00fcr die n\u00e4chsten Wochen und Monate vor. Ob die Nester schon mit Eiern belegt sind, bleibt das Geheimnis der stolzen Eltern.<\/p>\n<p><!--more--><\/p>\n<p>&nbsp;<\/p>\n<h2>Eine Graugans und das Nest an der Amper<\/h2>\n<p>In den Amper Auen in F\u00fcrstenfeldbruck bereitet eine Graugans m\u00fchsam einen sorgsam ausgew\u00e4hlten Bauplatz f\u00fcr das Nest f\u00fcr die Eier und die Jungen vor. Die eigenen Daunen werden zum Auspolstern des Nestes f\u00fcr einen bequemen Ort und eine passende W\u00e4rmeisolierung ausgebaut.<\/p>\n<p><img data-recalc-dims=\"1\" loading=\"lazy\" decoding=\"async\" data-attachment-id=\"33414\" data-permalink=\"https:\/\/deltaimage.de\/wp\/?attachment_id=33414#main\" data-orig-file=\"https:\/\/i0.wp.com\/deltaimage.de\/wp\/wp-content\/uploads\/IMG_5635_900.jpg?fit=890%2C593&amp;ssl=1\" data-orig-size=\"890,593\" data-comments-opened=\"0\" data-image-meta=\"{&quot;aperture&quot;:&quot;4&quot;,&quot;credit&quot;:&quot;PAUL ESCHBACH&quot;,&quot;camera&quot;:&quot;Canon EOS 80D&quot;,&quot;caption&quot;:&quot;&quot;,&quot;created_timestamp&quot;:&quot;1647773536&quot;,&quot;copyright&quot;:&quot;Paul Eschbach @ DELTA IMAGE&quot;,&quot;focal_length&quot;:&quot;191&quot;,&quot;iso&quot;:&quot;200&quot;,&quot;shutter_speed&quot;:&quot;0.0005&quot;,&quot;title&quot;:&quot;&quot;,&quot;orientation&quot;:&quot;0&quot;}\" data-image-title=\"IMG_5635_900\" data-image-description=\"\" data-image-caption=\"\" data-large-file=\"https:\/\/i0.wp.com\/deltaimage.de\/wp\/wp-content\/uploads\/IMG_5635_900.jpg?fit=890%2C593&amp;ssl=1\" class=\"aligncenter size-full wp-image-33414\" src=\"https:\/\/i0.wp.com\/deltaimage.de\/wp\/wp-content\/uploads\/IMG_5635_900.jpg?resize=890%2C593&#038;ssl=1\" alt=\"\" width=\"890\" height=\"593\" srcset=\"https:\/\/i0.wp.com\/deltaimage.de\/wp\/wp-content\/uploads\/IMG_5635_900.jpg?w=890&amp;ssl=1 890w, https:\/\/i0.wp.com\/deltaimage.de\/wp\/wp-content\/uploads\/IMG_5635_900.jpg?resize=300%2C200&amp;ssl=1 300w, https:\/\/i0.wp.com\/deltaimage.de\/wp\/wp-content\/uploads\/IMG_5635_900.jpg?resize=675%2C450&amp;ssl=1 675w, https:\/\/i0.wp.com\/deltaimage.de\/wp\/wp-content\/uploads\/IMG_5635_900.jpg?resize=600%2C400&amp;ssl=1 600w, https:\/\/i0.wp.com\/deltaimage.de\/wp\/wp-content\/uploads\/IMG_5635_900.jpg?resize=200%2C133&amp;ssl=1 200w\" sizes=\"auto, (max-width: 890px) 100vw, 890px\" \/><\/p>\n<p>Die Graugans f\u00fchlt sich unmittelbar neben einem Wanderweg im Auwald mit lediglich 5 m Wasserfl\u00e4che sicher aufgehoben f\u00fcr das Nest in diesem Fr\u00fchling.<\/p>\n<p>&nbsp;<\/p>\n<h2>Blesshuhn im Amper Altwasser<\/h2>\n<p>Die Naturbeobachtungen \u00fcber viele Jahre hinweg, zu allen Jahreszeiten, l\u00e4sst das typische Verhalten der einzelnen Spezies vorhersagen und die spezifischen Pl\u00e4tze fotografisch vorbereiten, ohne die Natur und die Fauna durch das fotografische Nachstellen in irgendwelcher Art zu beeintr\u00e4chtigen oder gef\u00e4hrden.<\/p>\n<p><img data-recalc-dims=\"1\" loading=\"lazy\" decoding=\"async\" data-attachment-id=\"33412\" data-permalink=\"https:\/\/deltaimage.de\/wp\/?attachment_id=33412#main\" data-orig-file=\"https:\/\/i0.wp.com\/deltaimage.de\/wp\/wp-content\/uploads\/IMG_5605_900.jpg?fit=890%2C593&amp;ssl=1\" data-orig-size=\"890,593\" data-comments-opened=\"0\" data-image-meta=\"{&quot;aperture&quot;:&quot;4&quot;,&quot;credit&quot;:&quot;PAUL ESCHBACH&quot;,&quot;camera&quot;:&quot;Canon EOS 80D&quot;,&quot;caption&quot;:&quot;&quot;,&quot;created_timestamp&quot;:&quot;1647695991&quot;,&quot;copyright&quot;:&quot;Paul Eschbach @ DELTA IMAGE&quot;,&quot;focal_length&quot;:&quot;400&quot;,&quot;iso&quot;:&quot;800&quot;,&quot;shutter_speed&quot;:&quot;0.0004&quot;,&quot;title&quot;:&quot;&quot;,&quot;orientation&quot;:&quot;0&quot;}\" data-image-title=\"IMG_5605_900\" data-image-description=\"\" data-image-caption=\"\" data-large-file=\"https:\/\/i0.wp.com\/deltaimage.de\/wp\/wp-content\/uploads\/IMG_5605_900.jpg?fit=890%2C593&amp;ssl=1\" class=\"aligncenter size-full wp-image-33412\" src=\"https:\/\/i0.wp.com\/deltaimage.de\/wp\/wp-content\/uploads\/IMG_5605_900.jpg?resize=890%2C593&#038;ssl=1\" alt=\"\" width=\"890\" height=\"593\" srcset=\"https:\/\/i0.wp.com\/deltaimage.de\/wp\/wp-content\/uploads\/IMG_5605_900.jpg?w=890&amp;ssl=1 890w, https:\/\/i0.wp.com\/deltaimage.de\/wp\/wp-content\/uploads\/IMG_5605_900.jpg?resize=300%2C200&amp;ssl=1 300w, https:\/\/i0.wp.com\/deltaimage.de\/wp\/wp-content\/uploads\/IMG_5605_900.jpg?resize=675%2C450&amp;ssl=1 675w, https:\/\/i0.wp.com\/deltaimage.de\/wp\/wp-content\/uploads\/IMG_5605_900.jpg?resize=600%2C400&amp;ssl=1 600w, https:\/\/i0.wp.com\/deltaimage.de\/wp\/wp-content\/uploads\/IMG_5605_900.jpg?resize=200%2C133&amp;ssl=1 200w\" sizes=\"auto, (max-width: 890px) 100vw, 890px\" \/><\/p>\n<p>An die gelegentlichen Wanderer haben die Tiere sich gew\u00f6hnt, davon geht keine Gefahr aus &#8211; schlie\u00dflich ist das Wasser des Altwassers dazwischen gelegen.<\/p>\n<p><img data-recalc-dims=\"1\" loading=\"lazy\" decoding=\"async\" data-attachment-id=\"33410\" data-permalink=\"https:\/\/deltaimage.de\/wp\/?attachment_id=33410#main\" data-orig-file=\"https:\/\/i0.wp.com\/deltaimage.de\/wp\/wp-content\/uploads\/IMG_5600_900.jpg?fit=890%2C593&amp;ssl=1\" data-orig-size=\"890,593\" data-comments-opened=\"0\" data-image-meta=\"{&quot;aperture&quot;:&quot;4&quot;,&quot;credit&quot;:&quot;PAUL ESCHBACH&quot;,&quot;camera&quot;:&quot;Canon EOS 80D&quot;,&quot;caption&quot;:&quot;&quot;,&quot;created_timestamp&quot;:&quot;1647695901&quot;,&quot;copyright&quot;:&quot;Paul Eschbach @ DELTA IMAGE&quot;,&quot;focal_length&quot;:&quot;400&quot;,&quot;iso&quot;:&quot;800&quot;,&quot;shutter_speed&quot;:&quot;0.00025&quot;,&quot;title&quot;:&quot;&quot;,&quot;orientation&quot;:&quot;0&quot;}\" data-image-title=\"IMG_5600_900\" data-image-description=\"\" data-image-caption=\"\" data-large-file=\"https:\/\/i0.wp.com\/deltaimage.de\/wp\/wp-content\/uploads\/IMG_5600_900.jpg?fit=890%2C593&amp;ssl=1\" class=\"aligncenter size-full wp-image-33410\" src=\"https:\/\/i0.wp.com\/deltaimage.de\/wp\/wp-content\/uploads\/IMG_5600_900.jpg?resize=890%2C593&#038;ssl=1\" alt=\"\" width=\"890\" height=\"593\" srcset=\"https:\/\/i0.wp.com\/deltaimage.de\/wp\/wp-content\/uploads\/IMG_5600_900.jpg?w=890&amp;ssl=1 890w, https:\/\/i0.wp.com\/deltaimage.de\/wp\/wp-content\/uploads\/IMG_5600_900.jpg?resize=300%2C200&amp;ssl=1 300w, https:\/\/i0.wp.com\/deltaimage.de\/wp\/wp-content\/uploads\/IMG_5600_900.jpg?resize=675%2C450&amp;ssl=1 675w, https:\/\/i0.wp.com\/deltaimage.de\/wp\/wp-content\/uploads\/IMG_5600_900.jpg?resize=600%2C400&amp;ssl=1 600w, https:\/\/i0.wp.com\/deltaimage.de\/wp\/wp-content\/uploads\/IMG_5600_900.jpg?resize=200%2C133&amp;ssl=1 200w\" sizes=\"auto, (max-width: 890px) 100vw, 890px\" \/><\/p>\n<p>In der Vorbereitung arbeiten die M\u00e4nnchen ganz intensiv mit dem Weibchen im Nest zusammen. Nahrung, aber vor allem passende \u00c4ste und Zweige f\u00fcr einen Ausbau des Nestes, solange bis das Weibchen nicht mehr alleine sein wird.<\/p>\n","protected":false},"excerpt":{"rendered":"<p>Im Fr\u00fchling ist viel Aktivit\u00e4t in der Natur. Es gilt f\u00fcr die flei\u00dfigen Jungeltern, die Grundlage f\u00fcr die n\u00e4chste Generation f\u00fcr dieses Jahr zu schaffen. Die Wasserv\u00f6gel bauen gut gesch\u00fctzt [&hellip;]<\/p>\n","protected":false},"author":1,"featured_media":33413,"comment_status":"closed","ping_status":"closed","sticky":false,"template":"","format":"standard","meta":{"wpupg_custom_link":[],"wpupg_custom_link_behaviour":["default"],"wpupg_custom_link_nofollow":["default"],"wpupg_custom_image":[],"wpupg_custom_image_id":[],"jetpack_post_was_ever_published":false,"footnotes":""},"categories":[3010,2523,3217,8],"tags":[464,3211,3210,114,3212],"class_list":["post-33393","post","type-post","status-publish","format-standard","has-post-thumbnail","hentry","category-dachauer-land","category-dachauer-moos","category-naturfotografie","category-news","tag-amper","tag-blesshuhn","tag-brutzeit","tag-fruehling","tag-schwan"],"jetpack_featured_media_url":"https:\/\/i0.wp.com\/deltaimage.de\/wp\/wp-content\/uploads\/IMG_5608_1200.jpg?fit=1200%2C450&ssl=1","jetpack-related-posts":[{"id":39279,"url":"https:\/\/deltaimage.de\/wp\/?p=39279","url_meta":{"origin":33393,"position":0},"title":"Fauna im Dachauer Amper-Auwald &#8211; Fr\u00fchling und Wasser","author":"EschbacP","date":"23. M\u00e4rz 2023","format":false,"excerpt":"Es geht wieder los - im Fr\u00fchling, hier im Auwald der Amper bei Dachau. Die Fauna bereitet sich auf die Zeit vor, um die Nester zu bauen und den Nachwuchs dieses Jahres erfolgreich gro\u00df zu ziehen. Seit vielen Jahren beobachte ich am Amper Wehr bei G\u00fcnding den Beginn dieser Saison\u2026","rel":"","context":"In &quot;Dachauer Land&quot;","block_context":{"text":"Dachauer Land","link":"https:\/\/deltaimage.de\/wp\/?cat=3010"},"img":{"alt_text":"","src":"https:\/\/i0.wp.com\/deltaimage.de\/wp\/wp-content\/uploads\/IMG_1859_1200.jpg?fit=1200%2C450&ssl=1&resize=350%2C200","width":350,"height":200,"srcset":"https:\/\/i0.wp.com\/deltaimage.de\/wp\/wp-content\/uploads\/IMG_1859_1200.jpg?fit=1200%2C450&ssl=1&resize=350%2C200 1x, https:\/\/i0.wp.com\/deltaimage.de\/wp\/wp-content\/uploads\/IMG_1859_1200.jpg?fit=1200%2C450&ssl=1&resize=525%2C300 1.5x, https:\/\/i0.wp.com\/deltaimage.de\/wp\/wp-content\/uploads\/IMG_1859_1200.jpg?fit=1200%2C450&ssl=1&resize=700%2C400 2x, https:\/\/i0.wp.com\/deltaimage.de\/wp\/wp-content\/uploads\/IMG_1859_1200.jpg?fit=1200%2C450&ssl=1&resize=1050%2C600 3x"},"classes":[]},{"id":39572,"url":"https:\/\/deltaimage.de\/wp\/?p=39572","url_meta":{"origin":33393,"position":1},"title":"Die jungen Graug\u00e4nse sind im Moos da","author":"EschbacP","date":"7. April 2023","format":false,"excerpt":"Der Fr\u00fchling bedeutet auch Nachwuchs in der Fauna der Moor- und Moosgebiete. Wie sch\u00f6n! Im Moos sehe ich heute zum ersten Mal die Graugans Eltern, die neue Brut des Jahres 2023 vorstellen. Wie es sich f\u00fcr diese Wasserv\u00f6gel geh\u00f6rt, nat\u00fcrlich auf dem Wasser. Die Schutzzeiten in Moor und Moos dauern\u2026","rel":"","context":"In &quot;Dachauer Moos&quot;","block_context":{"text":"Dachauer Moos","link":"https:\/\/deltaimage.de\/wp\/?cat=2523"},"img":{"alt_text":"","src":"https:\/\/i0.wp.com\/deltaimage.de\/wp\/wp-content\/uploads\/IMG_5371_1200.jpg?fit=1200%2C450&ssl=1&resize=350%2C200","width":350,"height":200,"srcset":"https:\/\/i0.wp.com\/deltaimage.de\/wp\/wp-content\/uploads\/IMG_5371_1200.jpg?fit=1200%2C450&ssl=1&resize=350%2C200 1x, https:\/\/i0.wp.com\/deltaimage.de\/wp\/wp-content\/uploads\/IMG_5371_1200.jpg?fit=1200%2C450&ssl=1&resize=525%2C300 1.5x, https:\/\/i0.wp.com\/deltaimage.de\/wp\/wp-content\/uploads\/IMG_5371_1200.jpg?fit=1200%2C450&ssl=1&resize=700%2C400 2x, https:\/\/i0.wp.com\/deltaimage.de\/wp\/wp-content\/uploads\/IMG_5371_1200.jpg?fit=1200%2C450&ssl=1&resize=1050%2C600 3x"},"classes":[]},{"id":39302,"url":"https:\/\/deltaimage.de\/wp\/?p=39302","url_meta":{"origin":33393,"position":2},"title":"Amper Moos im Fr\u00fchling &#8211; Land vor den Bergen","author":"EschbacP","date":"25. M\u00e4rz 2023","format":false,"excerpt":"Am 15. April 2023 kommen wir mit dem Workshop \"Natur im Moor\" im Rahmen der 25. Naturfototage F\u00fcrstenfeldbruck 2023 auch hier ins Amper Moos, n\u00f6rdlich des Ammersees gelegen. Das Thema dieses Tagesworkshops ist die Moor- und Moos-Landschaft im Nordwesten der Landeshauptstadt M\u00fcnchen. Der Workshop ist bereits seit drei Monaten ausverkauft\u2026","rel":"","context":"In &quot;Dachauer Land&quot;","block_context":{"text":"Dachauer Land","link":"https:\/\/deltaimage.de\/wp\/?cat=3010"},"img":{"alt_text":"","src":"https:\/\/i0.wp.com\/deltaimage.de\/wp\/wp-content\/uploads\/IMG_3180_1200.jpg?fit=1200%2C450&ssl=1&resize=350%2C200","width":350,"height":200,"srcset":"https:\/\/i0.wp.com\/deltaimage.de\/wp\/wp-content\/uploads\/IMG_3180_1200.jpg?fit=1200%2C450&ssl=1&resize=350%2C200 1x, https:\/\/i0.wp.com\/deltaimage.de\/wp\/wp-content\/uploads\/IMG_3180_1200.jpg?fit=1200%2C450&ssl=1&resize=525%2C300 1.5x, https:\/\/i0.wp.com\/deltaimage.de\/wp\/wp-content\/uploads\/IMG_3180_1200.jpg?fit=1200%2C450&ssl=1&resize=700%2C400 2x, https:\/\/i0.wp.com\/deltaimage.de\/wp\/wp-content\/uploads\/IMG_3180_1200.jpg?fit=1200%2C450&ssl=1&resize=1050%2C600 3x"},"classes":[]},{"id":54206,"url":"https:\/\/deltaimage.de\/wp\/?p=54206","url_meta":{"origin":33393,"position":3},"title":"Die stoische Dynamik der Wasseramsel am Amperwehr","author":"EschbacP","date":"29. M\u00e4rz 2026","format":false,"excerpt":"Der Fr\u00fchling kommt im Dachauer Moos mit ganz typischen Fr\u00fchlingsanzeigern. Die aufmerksame BeobachterIn oder FotografIn kennt viele dieser \u00fcber viele Jahre hinweg erlebte Erfahrung im Jahreskreis: Das Singen der Singv\u00f6gel in Wald und Flur. Der typische Gesang der Feldlerchen in den Feldern und Ackerfl\u00e4chen. Die Farbakzente der Fr\u00fchbl\u00fcher im Schatten\u2026","rel":"","context":"In &quot;Dachauer Land&quot;","block_context":{"text":"Dachauer Land","link":"https:\/\/deltaimage.de\/wp\/?cat=3010"},"img":{"alt_text":"","src":"https:\/\/i0.wp.com\/deltaimage.de\/wp\/wp-content\/uploads\/PED47984_1200.jpg?fit=1200%2C450&ssl=1&resize=350%2C200","width":350,"height":200,"srcset":"https:\/\/i0.wp.com\/deltaimage.de\/wp\/wp-content\/uploads\/PED47984_1200.jpg?fit=1200%2C450&ssl=1&resize=350%2C200 1x, https:\/\/i0.wp.com\/deltaimage.de\/wp\/wp-content\/uploads\/PED47984_1200.jpg?fit=1200%2C450&ssl=1&resize=525%2C300 1.5x, https:\/\/i0.wp.com\/deltaimage.de\/wp\/wp-content\/uploads\/PED47984_1200.jpg?fit=1200%2C450&ssl=1&resize=700%2C400 2x, https:\/\/i0.wp.com\/deltaimage.de\/wp\/wp-content\/uploads\/PED47984_1200.jpg?fit=1200%2C450&ssl=1&resize=1050%2C600 3x"},"classes":[]},{"id":33065,"url":"https:\/\/deltaimage.de\/wp\/?p=33065","url_meta":{"origin":33393,"position":4},"title":"V\u00f6gel in den Amperauen beobachten und fotografieren","author":"EschbacP","date":"26. Februar 2022","format":false,"excerpt":"Es wird von Tag zu Tag immer w\u00e4rmer, die Sonne steht h\u00f6her, es wird heller. In der Natur kommt ebenso das aktive Leben zur\u00fcck, der Fr\u00fchling steht vor der T\u00fcr und es gibt vieles zu tun: ein Revier sichern, eine gro\u00dfe Show abziehen, einen Platz f\u00fcr das Nest suchen, das\u2026","rel":"","context":"In &quot;Dachauer Land&quot;","block_context":{"text":"Dachauer Land","link":"https:\/\/deltaimage.de\/wp\/?cat=3010"},"img":{"alt_text":"","src":"https:\/\/i0.wp.com\/deltaimage.de\/wp\/wp-content\/uploads\/PE1S0065_1200.jpg?fit=1200%2C450&ssl=1&resize=350%2C200","width":350,"height":200,"srcset":"https:\/\/i0.wp.com\/deltaimage.de\/wp\/wp-content\/uploads\/PE1S0065_1200.jpg?fit=1200%2C450&ssl=1&resize=350%2C200 1x, https:\/\/i0.wp.com\/deltaimage.de\/wp\/wp-content\/uploads\/PE1S0065_1200.jpg?fit=1200%2C450&ssl=1&resize=525%2C300 1.5x, https:\/\/i0.wp.com\/deltaimage.de\/wp\/wp-content\/uploads\/PE1S0065_1200.jpg?fit=1200%2C450&ssl=1&resize=700%2C400 2x, https:\/\/i0.wp.com\/deltaimage.de\/wp\/wp-content\/uploads\/PE1S0065_1200.jpg?fit=1200%2C450&ssl=1&resize=1050%2C600 3x"},"classes":[]},{"id":42754,"url":"https:\/\/deltaimage.de\/wp\/?p=42754","url_meta":{"origin":33393,"position":5},"title":"Fr\u00fchling im Reich der V\u00f6gel im Dachauer Moos &#8211; V\u00f6gel am Wasser","author":"EschbacP","date":"28. M\u00e4rz 2024","format":false,"excerpt":"Im Fr\u00fchling sind im Dachauer Moos die im Wasser lebenden V\u00f6gel ganz aktiv unterwegs. Durch die vielen Baggerseen, hat die Mooslandschaft viel mehr offene Wasserfl\u00e4chen, als es fr\u00fcher gab. Dies er\u00f6ffnete neue Lebensr\u00e4ume f\u00fcr die herrlichen V\u00f6gel in unserer Nachbarschaft. Die Haubentaucher \u00fcberwintern bei uns im Dachauer Moos und sind\u2026","rel":"","context":"In &quot;Dachauer Land&quot;","block_context":{"text":"Dachauer Land","link":"https:\/\/deltaimage.de\/wp\/?cat=3010"},"img":{"alt_text":"","src":"https:\/\/i0.wp.com\/deltaimage.de\/wp\/wp-content\/uploads\/PED47753_1200.jpg?fit=1200%2C450&ssl=1&resize=350%2C200","width":350,"height":200,"srcset":"https:\/\/i0.wp.com\/deltaimage.de\/wp\/wp-content\/uploads\/PED47753_1200.jpg?fit=1200%2C450&ssl=1&resize=350%2C200 1x, https:\/\/i0.wp.com\/deltaimage.de\/wp\/wp-content\/uploads\/PED47753_1200.jpg?fit=1200%2C450&ssl=1&resize=525%2C300 1.5x, https:\/\/i0.wp.com\/deltaimage.de\/wp\/wp-content\/uploads\/PED47753_1200.jpg?fit=1200%2C450&ssl=1&resize=700%2C400 2x, https:\/\/i0.wp.com\/deltaimage.de\/wp\/wp-content\/uploads\/PED47753_1200.jpg?fit=1200%2C450&ssl=1&resize=1050%2C600 3x"},"classes":[]}],"jetpack_sharing_enabled":true,"_links":{"self":[{"href":"https:\/\/deltaimage.de\/wp\/index.php?rest_route=\/wp\/v2\/posts\/33393","targetHints":{"allow":["GET"]}}],"collection":[{"href":"https:\/\/deltaimage.de\/wp\/index.php?rest_route=\/wp\/v2\/posts"}],"about":[{"href":"https:\/\/deltaimage.de\/wp\/index.php?rest_route=\/wp\/v2\/types\/post"}],"author":[{"embeddable":true,"href":"https:\/\/deltaimage.de\/wp\/index.php?rest_route=\/wp\/v2\/users\/1"}],"replies":[{"embeddable":true,"href":"https:\/\/deltaimage.de\/wp\/index.php?rest_route=%2Fwp%2Fv2%2Fcomments&post=33393"}],"version-history":[{"count":8,"href":"https:\/\/deltaimage.de\/wp\/index.php?rest_route=\/wp\/v2\/posts\/33393\/revisions"}],"predecessor-version":[{"id":51284,"href":"https:\/\/deltaimage.de\/wp\/index.php?rest_route=\/wp\/v2\/posts\/33393\/revisions\/51284"}],"wp:featuredmedia":[{"embeddable":true,"href":"https:\/\/deltaimage.de\/wp\/index.php?rest_route=\/wp\/v2\/media\/33413"}],"wp:attachment":[{"href":"https:\/\/deltaimage.de\/wp\/index.php?rest_route=%2Fwp%2Fv2%2Fmedia&parent=33393"}],"wp:term":[{"taxonomy":"category","embeddable":true,"href":"https:\/\/deltaimage.de\/wp\/index.php?rest_route=%2Fwp%2Fv2%2Fcategories&post=33393"},{"taxonomy":"post_tag","embeddable":true,"href":"https:\/\/deltaimage.de\/wp\/index.php?rest_route=%2Fwp%2Fv2%2Ftags&post=33393"}],"curies":[{"name":"wp","href":"https:\/\/api.w.org\/{rel}","templated":true}]}}