{"id":33504,"date":"2022-04-02T17:49:18","date_gmt":"2022-04-02T16:49:18","guid":{"rendered":"https:\/\/deltaimage.de\/wp\/?p=33504"},"modified":"2023-05-05T11:29:43","modified_gmt":"2023-05-05T10:29:43","slug":"presseinformation-und-veroeffentlichung-fuer-innovatives-elektroflugzeug-in-bayern","status":"publish","type":"post","link":"https:\/\/deltaimage.de\/wp\/?p=33504","title":{"rendered":"Presseinformation und -ver\u00f6ffentlichung f\u00fcr innovatives Elektroflugzeug in Bayern"},"content":{"rendered":"<blockquote>\n<pre>Wenn man die Tage den Internet Browser \u00f6ffnet und man kommt kaum an einem aktuellen Beitrag \r\n\u00fcber den ELEKTRA TRAINER und dem Roll-Out in Oberschlei\u00dfheim beim Deutschen Museum vorbei - \r\ndann ist das gelungene Presse- und \u00d6ffentlichkeitsarbeit.<\/pre>\n<\/blockquote>\n<p>Presse- und \u00d6ffentlichkeitsarbeit ist gerade f\u00fcr junge und kleine Unternehmen ein ganz wichtiger Erfolgsfaktor in der \u00f6ffentlichen Wahrnehmung bei der Suche nach F\u00f6rderm\u00f6glichkeiten und vor allem der eigenen KundenInnen. Die Wahrnehmung in der eigenen Zielgruppe geschieht sicherlich nicht von Alleine und auch eine ganz tolle Seite auf den Sozialen Medien ist kein Garant daf\u00fcr, dass auch nur ein einziger potenzieller Kunde vorbei kommt.<\/p>\n<p><img data-recalc-dims=\"1\" loading=\"lazy\" decoding=\"async\" class=\"aligncenter size-full wp-image-7764\" src=\"https:\/\/i0.wp.com\/deltaadvice.eu\/wp-content\/uploads\/2022\/04\/solar_trainer_1.jpg?resize=890%2C556&#038;ssl=1\" alt=\"\" width=\"890\" height=\"556\" \/><\/p>\n<p>&nbsp;<\/p>\n<h2>Beratung in der Presse- und \u00d6ffentlichkeitsarbeit f\u00fcr ELEKTRA Solar GmbH and Landsberg a. L.<\/h2>\n<p><img data-recalc-dims=\"1\" loading=\"lazy\" decoding=\"async\" data-attachment-id=\"33528\" data-permalink=\"https:\/\/deltaimage.de\/wp\/?attachment_id=33528\" data-orig-file=\"https:\/\/i0.wp.com\/deltaimage.de\/wp\/wp-content\/uploads\/Logo_Elektra-Solar.png?fit=240%2C50&amp;ssl=1\" data-orig-size=\"240,50\" data-comments-opened=\"0\" data-image-meta=\"{&quot;aperture&quot;:&quot;0&quot;,&quot;credit&quot;:&quot;&quot;,&quot;camera&quot;:&quot;&quot;,&quot;caption&quot;:&quot;&quot;,&quot;created_timestamp&quot;:&quot;0&quot;,&quot;copyright&quot;:&quot;&quot;,&quot;focal_length&quot;:&quot;0&quot;,&quot;iso&quot;:&quot;0&quot;,&quot;shutter_speed&quot;:&quot;0&quot;,&quot;title&quot;:&quot;&quot;,&quot;orientation&quot;:&quot;0&quot;}\" data-image-title=\"Logo_Elektra-Solar\" data-image-description=\"\" data-image-caption=\"\" data-large-file=\"https:\/\/i0.wp.com\/deltaimage.de\/wp\/wp-content\/uploads\/Logo_Elektra-Solar.png?fit=240%2C50&amp;ssl=1\" class=\"size-full wp-image-33528 alignright\" src=\"https:\/\/i0.wp.com\/deltaimage.de\/wp\/wp-content\/uploads\/Logo_Elektra-Solar.png?resize=240%2C50&#038;ssl=1\" alt=\"\" width=\"240\" height=\"50\" \/>Gerade die noch kleinen Unternehmen haben kaum die finanziellen Mittel, um eine reichenweitenstarke Presse- und \u00d6ffentlichkeitsarbeit auf die Beide zu stellen und langfristig und nachhaltig zu betreuen. Umso wichtiger ist es, wenn man wirkliche Highlights im eigenen Unternehmen feiern kann und somit echte Nachrichten als News f\u00fcr die Pressevertreter hat.<\/p>\n<p>So brachte DELTA ADVICE GmbH Fr\u00fchzeit die Idee einer entsprechenden Feierstunde beim innovativen Flugzeugbauer-Unternehmen ELEKTRA SOLAR GmbH ein. Ein innovatives Elektroflugzeug als spezielle Version als Trainer f\u00fcr die Pilotenschulung ist in der Produktion fertig und wird nun dem Flugbetrieb und der Zulassung \u00fcbergeben. Dieser \u00dcbergang wird als Roll-Out bezeichnet und ist einer der Highlights im Flugzeugbau &#8211; der Bau und die Montage sind abgeschlossen. Jetzt geht es an die Flugerprobung dieses ersten Musters.<\/p>\n<p><!--more--><\/p>\n<p>&nbsp;<\/p>\n<h2>Roll-Out Feier in der Flugwerft des Deutschen Museums in Oberschlei\u00dfheim<\/h2>\n<p>Der beste Ort f\u00fcr solch eine Roll-Out Feier ist die Flugwerft Schlei\u00dfheim des Deutschen Museums in Oberschlei\u00dfheim. Zwischen den Ikonen der deutschen und speziell der bayerischen Luftfahrt passt diese neue Form des Fliegens bestens ins Bild.<\/p>\n<p><img data-recalc-dims=\"1\" loading=\"lazy\" decoding=\"async\" class=\"aligncenter size-full wp-image-7803\" src=\"https:\/\/i0.wp.com\/deltaadvice.eu\/wp-content\/uploads\/2022\/04\/Flugwerft-Schleissheim.jpg?resize=890%2C288&#038;ssl=1\" alt=\"\" width=\"890\" height=\"288\" \/><\/p>\n<p>ELEKTRA SOLAR GmbH hat zusammen mit dem ersten Kunden Dipl.-Ing. Uwe Nortmann und DELTA ADVICE GmbH diese Roll-Out Feier vorbereitet und geplant. Aus der thematischen Zusammenarbeit zwischen dem weltgr\u00f6\u00dften Technikmuseum und einem innovativen Unternehmen mit einem ersten in Deutschland zugelassenen Elektroflieger wird das Tor in die Zukunft der Luftfahrt weit aufgesto\u00dfen, wie auch der Generaldirektor des Deutschen Museums, Prof. Dr. M. Heckl in seiner Begr\u00fc\u00dfungsrede ausf\u00fchrt.<\/p>\n<blockquote>\n<pre>\"Das ist hier genau der richtige Ort und jetzt die richtige Zeit \r\nauch diese Innovationen in der Luftfahrt hier zu zelebrieren und zu zeigen.\"<\/pre>\n<\/blockquote>\n<p><img data-recalc-dims=\"1\" loading=\"lazy\" decoding=\"async\" class=\"aligncenter size-full wp-image-7766\" src=\"https:\/\/i0.wp.com\/deltaadvice.eu\/wp-content\/uploads\/2022\/04\/solar_trainer_4.jpg?resize=890%2C556&#038;ssl=1\" alt=\"\" width=\"890\" height=\"556\" \/><\/p>\n<p>&nbsp;<\/p>\n<h2>Die Medien berichten sehr gerne \u00fcber diese Innovationskraft in und aus Bayern<\/h2>\n<p>Die Kombination aus Deutschem Museum und einem Innovativen Leitthema bringt die notwendige Aufmerksamkeit der Medienvertreter aus nah und fern. Das ist gut so und ist umso wichtiger f\u00fcr dieses noch kleine Unternehmen in dem Wettbewerb um die gr\u00f6\u00dfte Aufmerksamkeit zumindest kurzzeitig positiv wahrgenommen zu werden.<\/p>\n<p>&nbsp;<\/p>\n<p><img data-recalc-dims=\"1\" loading=\"lazy\" decoding=\"async\" class=\"aligncenter size-full wp-image-7762\" src=\"https:\/\/i0.wp.com\/deltaadvice.eu\/wp-content\/uploads\/2022\/04\/Tag24_Artikel_ELEKTRATrainer.jpg?resize=890%2C567&#038;ssl=1\" alt=\"\" width=\"890\" height=\"567\" \/><\/p>\n<p>&nbsp;<\/p>\n<p>Stellvertretend f\u00fcr die vielen Medien, welche die Nachricht der DPA sehr gerne in das eigene Nachrichten Programm \u00fcbernommen haben, sei einer der verschiedenen Beitr\u00e4ge der DPA hier von TAG24 gezeigt. <strong><a href=\"https:\/\/www.tag24.de\/thema\/flugzeug-news\/das-schafft-bisher-kein-anderes-kleines-elektroflugzeug-bei-muenchen-vorgestellt-2396369\">Hier gehts zum Originalbeitrag von TAG24<\/a><\/strong>.<\/p>\n<p>&nbsp;<\/p>\n<p>&nbsp;<\/p>\n<h2>Presseartikel verwendet in den folgenden Medien in Deutschland<\/h2>\n<p><img data-recalc-dims=\"1\" loading=\"lazy\" decoding=\"async\" class=\"size-full wp-image-7748 alignnone\" src=\"https:\/\/i0.wp.com\/deltaadvice.eu\/wp-content\/uploads\/2022\/04\/Logo_ntv.jpg?resize=137%2C83&#038;ssl=1\" alt=\"\" width=\"137\" height=\"83\" \/> <img data-recalc-dims=\"1\" loading=\"lazy\" decoding=\"async\" class=\"size-full wp-image-7749 alignnone\" src=\"https:\/\/i0.wp.com\/deltaadvice.eu\/wp-content\/uploads\/2022\/04\/Logo_MSN.jpg?resize=180%2C87&#038;ssl=1\" alt=\"\" width=\"180\" height=\"87\" \/> <img data-recalc-dims=\"1\" loading=\"lazy\" decoding=\"async\" class=\"size-full wp-image-7750 alignnone\" src=\"https:\/\/i0.wp.com\/deltaadvice.eu\/wp-content\/uploads\/2022\/04\/Logo_FraenkischeLandeszeitung.jpg?resize=380%2C88&#038;ssl=1\" alt=\"\" width=\"380\" height=\"88\" \/> <img data-recalc-dims=\"1\" loading=\"lazy\" decoding=\"async\" class=\"size-full wp-image-7751 alignnone\" src=\"https:\/\/i0.wp.com\/deltaadvice.eu\/wp-content\/uploads\/2022\/04\/Logo_RadioEins.jpg?resize=199%2C109&#038;ssl=1\" alt=\"\" width=\"199\" height=\"109\" \/> <img data-recalc-dims=\"1\" loading=\"lazy\" decoding=\"async\" class=\"size-full wp-image-7752 alignnone\" src=\"https:\/\/i0.wp.com\/deltaadvice.eu\/wp-content\/uploads\/2022\/04\/Logo_RadioMainwelle.jpg?resize=198%2C100&#038;ssl=1\" alt=\"\" width=\"198\" height=\"100\" \/> <img data-recalc-dims=\"1\" loading=\"lazy\" decoding=\"async\" class=\"size-full wp-image-7753 alignnone\" src=\"https:\/\/i0.wp.com\/deltaadvice.eu\/wp-content\/uploads\/2022\/04\/Logo_pnp.jpg?resize=125%2C51&#038;ssl=1\" alt=\"\" width=\"125\" height=\"51\" \/> <img data-recalc-dims=\"1\" loading=\"lazy\" decoding=\"async\" class=\"size-full wp-image-7754 alignnone\" src=\"https:\/\/i0.wp.com\/deltaadvice.eu\/wp-content\/uploads\/2022\/04\/Logo_Tag24.jpg?resize=171%2C60&#038;ssl=1\" alt=\"\" width=\"171\" height=\"60\" \/> <img data-recalc-dims=\"1\" loading=\"lazy\" decoding=\"async\" class=\"size-full wp-image-7755 alignnone\" src=\"https:\/\/i0.wp.com\/deltaadvice.eu\/wp-content\/uploads\/2022\/04\/Logo_BerchtesgadenerAnzeiger.jpg?resize=423%2C83&#038;ssl=1\" alt=\"\" width=\"423\" height=\"83\" \/> <img data-recalc-dims=\"1\" loading=\"lazy\" decoding=\"async\" class=\"size-full wp-image-7756 alignnone\" src=\"https:\/\/i0.wp.com\/deltaadvice.eu\/wp-content\/uploads\/2022\/04\/Logo_FraenkischerTag.jpg?resize=325%2C80&#038;ssl=1\" alt=\"\" width=\"325\" height=\"80\" \/> <img data-recalc-dims=\"1\" loading=\"lazy\" decoding=\"async\" class=\"size-full wp-image-7757 alignnone\" src=\"https:\/\/i0.wp.com\/deltaadvice.eu\/wp-content\/uploads\/2022\/04\/Logo_RadioBamberg.jpg?resize=193%2C88&#038;ssl=1\" alt=\"\" width=\"193\" height=\"88\" \/> <img data-recalc-dims=\"1\" loading=\"lazy\" decoding=\"async\" class=\"size-full wp-image-7758 alignnone\" src=\"https:\/\/i0.wp.com\/deltaadvice.eu\/wp-content\/uploads\/2022\/04\/Logo_Donaukurier.jpg?resize=479%2C66&#038;ssl=1\" alt=\"\" width=\"479\" height=\"66\" \/> <img data-recalc-dims=\"1\" loading=\"lazy\" decoding=\"async\" class=\"size-full wp-image-7759 alignnone\" src=\"https:\/\/i0.wp.com\/deltaadvice.eu\/wp-content\/uploads\/2022\/04\/Logo_IDOWA.jpg?resize=200%2C112&#038;ssl=1\" alt=\"\" width=\"200\" height=\"112\" \/> <img data-recalc-dims=\"1\" loading=\"lazy\" decoding=\"async\" class=\"size-full wp-image-7760 alignnone\" src=\"https:\/\/i0.wp.com\/deltaadvice.eu\/wp-content\/uploads\/2022\/04\/Logo_merkur.jpg?resize=391%2C104&#038;ssl=1\" alt=\"\" width=\"391\" height=\"104\" \/><img data-recalc-dims=\"1\" loading=\"lazy\" decoding=\"async\" class=\"size-full wp-image-7806 alignnone\" src=\"https:\/\/i0.wp.com\/deltaadvice.eu\/wp-content\/uploads\/2022\/04\/Logo_heiseonline.jpg?resize=222%2C59&#038;ssl=1\" alt=\"\" width=\"222\" height=\"59\" \/><img data-recalc-dims=\"1\" loading=\"lazy\" decoding=\"async\" class=\"size-full wp-image-7799 alignnone\" src=\"https:\/\/i0.wp.com\/deltaadvice.eu\/wp-content\/uploads\/2022\/04\/Logo_sat1.png?resize=285%2C285&#038;ssl=1\" alt=\"\" width=\"285\" height=\"285\" \/><br \/>\n<img data-recalc-dims=\"1\" loading=\"lazy\" decoding=\"async\" class=\"size-full wp-image-7796 alignnone\" src=\"https:\/\/i0.wp.com\/deltaadvice.eu\/wp-content\/uploads\/2022\/04\/Logo_ZEIT.jpg?resize=381%2C59&#038;ssl=1\" alt=\"\" width=\"381\" height=\"59\" \/> <img data-recalc-dims=\"1\" loading=\"lazy\" decoding=\"async\" class=\"size-full wp-image-7797 alignnone\" src=\"https:\/\/i0.wp.com\/deltaadvice.eu\/wp-content\/uploads\/2022\/04\/Logo_Abendzeitung.jpg?resize=320%2C90&#038;ssl=1\" alt=\"\" width=\"320\" height=\"90\" \/> <img data-recalc-dims=\"1\" loading=\"lazy\" decoding=\"async\" class=\"size-full wp-image-7798 alignnone\" src=\"https:\/\/i0.wp.com\/deltaadvice.eu\/wp-content\/uploads\/2022\/04\/Logo_BILD.jpg?resize=162%2C163&#038;ssl=1\" alt=\"\" width=\"162\" height=\"163\" \/> <img data-recalc-dims=\"1\" loading=\"lazy\" decoding=\"async\" class=\"size-full wp-image-7770 alignnone\" src=\"https:\/\/i0.wp.com\/deltaadvice.eu\/wp-content\/uploads\/2022\/04\/Logo_Sueddeutsche.jpg?resize=628%2C92&#038;ssl=1\" alt=\"\" width=\"628\" height=\"92\" \/> <img data-recalc-dims=\"1\" loading=\"lazy\" decoding=\"async\" class=\"size-full wp-image-7771 alignnone\" src=\"https:\/\/i0.wp.com\/deltaadvice.eu\/wp-content\/uploads\/2022\/04\/Logo_Mainpost.jpg?resize=315%2C70&#038;ssl=1\" alt=\"\" width=\"315\" height=\"70\" \/><br \/>\n<img data-recalc-dims=\"1\" loading=\"lazy\" decoding=\"async\" class=\"size-full wp-image-7809 alignnone\" src=\"https:\/\/i0.wp.com\/deltaadvice.eu\/wp-content\/uploads\/2022\/04\/Logo_Stern.jpg?resize=215%2C86&#038;ssl=1\" alt=\"\" width=\"215\" height=\"86\" \/><img data-recalc-dims=\"1\" loading=\"lazy\" decoding=\"async\" class=\"size-full wp-image-7810 alignnone\" src=\"https:\/\/i0.wp.com\/deltaadvice.eu\/wp-content\/uploads\/2022\/04\/Logo_FAZ.jpg?resize=384%2C65&#038;ssl=1\" alt=\"\" width=\"384\" height=\"65\" \/>\u00a0<img data-recalc-dims=\"1\" loading=\"lazy\" decoding=\"async\" data-attachment-id=\"33574\" data-permalink=\"https:\/\/deltaimage.de\/wp\/?attachment_id=33574#main\" data-orig-file=\"https:\/\/i0.wp.com\/deltaimage.de\/wp\/wp-content\/uploads\/Logo_AugsburgerAllgemeine.jpg?fit=531%2C95&amp;ssl=1\" data-orig-size=\"531,95\" data-comments-opened=\"0\" data-image-meta=\"{&quot;aperture&quot;:&quot;0&quot;,&quot;credit&quot;:&quot;Paul Eschbach&quot;,&quot;camera&quot;:&quot;&quot;,&quot;caption&quot;:&quot;&quot;,&quot;created_timestamp&quot;:&quot;1649169974&quot;,&quot;copyright&quot;:&quot;&quot;,&quot;focal_length&quot;:&quot;0&quot;,&quot;iso&quot;:&quot;0&quot;,&quot;shutter_speed&quot;:&quot;0&quot;,&quot;title&quot;:&quot;&quot;,&quot;orientation&quot;:&quot;0&quot;}\" data-image-title=\"Logo_AugsburgerAllgemeine\" data-image-description=\"\" data-image-caption=\"\" data-large-file=\"https:\/\/i0.wp.com\/deltaimage.de\/wp\/wp-content\/uploads\/Logo_AugsburgerAllgemeine.jpg?fit=531%2C95&amp;ssl=1\" class=\"size-full wp-image-33574 alignnone\" src=\"https:\/\/i0.wp.com\/deltaimage.de\/wp\/wp-content\/uploads\/Logo_AugsburgerAllgemeine.jpg?resize=531%2C95&#038;ssl=1\" alt=\"\" width=\"531\" height=\"95\" srcset=\"https:\/\/i0.wp.com\/deltaimage.de\/wp\/wp-content\/uploads\/Logo_AugsburgerAllgemeine.jpg?w=531&amp;ssl=1 531w, https:\/\/i0.wp.com\/deltaimage.de\/wp\/wp-content\/uploads\/Logo_AugsburgerAllgemeine.jpg?resize=300%2C54&amp;ssl=1 300w\" sizes=\"auto, (max-width: 531px) 100vw, 531px\" \/><\/p>\n<p>&#8230; und vermutlich noch vieler unentdeckter Verwendungen.<\/p>\n<blockquote>\n<pre>Herzlichen Dank.<\/pre>\n<\/blockquote>\n<p>&nbsp;<\/p>\n<h2>Der Beitrag von DELTA ADVICE GmbH im Projekt<\/h2>\n<p>Die Flugwerft Schlei\u00dfheim in Oberschlei\u00dfheim ist ein seit Jahrzehnten ein Bet\u00e4tigungsfeld f\u00fcr Paul Eschbach in verschiedenen Aufgaben und Funktionen. Seit dem Jahr 2012 sind wir ehrenamtlich im Umfeld des Deutschen Museums t\u00e4tig und f\u00fchren mehrfach im Jahr Besuchergruppen in den sehr beliebten Flugplatzwanderungen \u00fcber den \u00e4ltesten Flugplatz in Bayern und Deutschland und erl\u00e4utern die spannende Geschichte des Flugplatzes und auch gerade der Flugwerft Schlei\u00dfheim.<\/p>\n<p>Diese Flugplatzwanderungen sind als eigene B\u00fccher im <strong><a href=\"http:\/\/SHOP.deltaimage.de\">DELTA IMAGE Verlag<\/a><\/strong> heraus gekommen.<\/p>\n<p>Seit 2017 betreut und betreute Paul Eschbach als Referent f\u00fcr Presse- und \u00d6ffentlichkeitsarbeit den Au\u00dfenauftritt des Verbandes f\u00fcr unbemannte Luftfahrt &#8211; <strong><a href=\"http:\/\/www.uavdach.org\">UAV DACH e.V.<\/a><\/strong> und die <a href=\"http:\/\/www.uas-office.de\"><strong>UAVDACH-Services UG<\/strong><\/a>.<\/p>\n","protected":false},"excerpt":{"rendered":"<p>Wenn man die Tage den Internet Browser \u00f6ffnet und man kommt kaum an einem aktuellen Beitrag \u00fcber den ELEKTRA TRAINER und dem Roll-Out in Oberschlei\u00dfheim beim Deutschen Museum vorbei &#8211; [&hellip;]<\/p>\n","protected":false},"author":1,"featured_media":33508,"comment_status":"closed","ping_status":"closed","sticky":false,"template":"","format":"standard","meta":{"wpupg_custom_link":[],"wpupg_custom_link_behaviour":["default"],"wpupg_custom_link_nofollow":[],"wpupg_custom_image":[],"wpupg_custom_image_id":[],"jetpack_post_was_ever_published":false,"footnotes":""},"categories":[3480,8],"tags":[289,71,3220,204,3221,3222,72,2264],"class_list":["post-33504","post","type-post","status-publish","format-standard","has-post-thumbnail","hentry","category-elektrisches-fliegen","category-news","tag-bayern","tag-deutsches-museum","tag-elektra-solar-gmbh","tag-flugwerft-schleissheim","tag-generaldirektor-prof-dr-heckl","tag-landsberg","tag-oberschleissheim","tag-uwe-nortmann"],"jetpack_featured_media_url":"https:\/\/i0.wp.com\/deltaimage.de\/wp\/wp-content\/uploads\/solar_trainer_1200.jpg?fit=1200%2C450&ssl=1","jetpack-related-posts":[{"id":21524,"url":"https:\/\/deltaimage.de\/wp\/?p=21524","url_meta":{"origin":33504,"position":0},"title":"Natur &#038; Flugplatz bringt 85 Teilnehmer am Sonntag zur Wechselkr\u00f6te am Flugplatz","author":"EschbacP","date":"8. April 2019","format":false,"excerpt":"Ein Sonntagnachmittag, ein sonniger Fr\u00fchlingstag am Flugplatz Schlei\u00dfheim in Oberschlei\u00dfheim. Flugpl\u00e4tze sind ganz besondere Biotope, denn die Natur kann sich hier ungest\u00f6rter entwickeln als an vielen anderen Orten. Die W\u00e4lder und Heiden rund um den Flugplatz stehen unter Natura2000 Schutz. Die Wechselkr\u00f6te hat am S\u00fcdrand ein eigenes Biotop bekommen -\u2026","rel":"","context":"In &quot;Flugplatzwanderung&quot;","block_context":{"text":"Flugplatzwanderung","link":"https:\/\/deltaimage.de\/wp\/?cat=854"},"img":{"alt_text":"","src":"https:\/\/i0.wp.com\/deltaimage.de\/wp\/wp-content\/uploads\/PE1S0012_1200.jpg?fit=1200%2C450&ssl=1&resize=350%2C200","width":350,"height":200,"srcset":"https:\/\/i0.wp.com\/deltaimage.de\/wp\/wp-content\/uploads\/PE1S0012_1200.jpg?fit=1200%2C450&ssl=1&resize=350%2C200 1x, https:\/\/i0.wp.com\/deltaimage.de\/wp\/wp-content\/uploads\/PE1S0012_1200.jpg?fit=1200%2C450&ssl=1&resize=525%2C300 1.5x, https:\/\/i0.wp.com\/deltaimage.de\/wp\/wp-content\/uploads\/PE1S0012_1200.jpg?fit=1200%2C450&ssl=1&resize=700%2C400 2x, https:\/\/i0.wp.com\/deltaimage.de\/wp\/wp-content\/uploads\/PE1S0012_1200.jpg?fit=1200%2C450&ssl=1&resize=1050%2C600 3x"},"classes":[]},{"id":21399,"url":"https:\/\/deltaimage.de\/wp\/?p=21399","url_meta":{"origin":33504,"position":1},"title":"Natur &#038; Flugplatz &#8211; naturkundliche Flugplatzwanderung in das Biotop der Wechselkr\u00f6te am 7. April","author":"EschbacP","date":"29. M\u00e4rz 2019","format":false,"excerpt":"\u00a0 In einer Woche f\u00fchren wir (Arnold Tallavania und Paul Eschbach) die naturkundliche Flugplatzwanderung in die kleine Welt der Wechselkr\u00f6te am Rande des \u00e4ltesten Flugplatzes in Bayern - Flugplatz Schlei\u00dfheim Jetzt gehen wir doch schon einmal nachschauen, ob sich in dem Biotop der Wechselkr\u00f6te auch etwas regt im Fr\u00fchlingslicht eines\u2026","rel":"","context":"In &quot;Dachauer Moos&quot;","block_context":{"text":"Dachauer Moos","link":"https:\/\/deltaimage.de\/wp\/?cat=2523"},"img":{"alt_text":"","src":"https:\/\/i0.wp.com\/deltaimage.de\/wp\/wp-content\/uploads\/PE1S0012_1200.jpg?fit=1200%2C450&ssl=1&resize=350%2C200","width":350,"height":200,"srcset":"https:\/\/i0.wp.com\/deltaimage.de\/wp\/wp-content\/uploads\/PE1S0012_1200.jpg?fit=1200%2C450&ssl=1&resize=350%2C200 1x, https:\/\/i0.wp.com\/deltaimage.de\/wp\/wp-content\/uploads\/PE1S0012_1200.jpg?fit=1200%2C450&ssl=1&resize=525%2C300 1.5x, https:\/\/i0.wp.com\/deltaimage.de\/wp\/wp-content\/uploads\/PE1S0012_1200.jpg?fit=1200%2C450&ssl=1&resize=700%2C400 2x, https:\/\/i0.wp.com\/deltaimage.de\/wp\/wp-content\/uploads\/PE1S0012_1200.jpg?fit=1200%2C450&ssl=1&resize=1050%2C600 3x"},"classes":[]},{"id":3743,"url":"https:\/\/deltaimage.de\/wp\/?p=3743","url_meta":{"origin":33504,"position":2},"title":"Sonderausstellung in der Flugwerft Schlei\u00dfheim &#8222;Fallschirmspringen &#8211; Die Suche nach dem Gl\u00fcck&#8220;","author":"EschbacP","date":"19. Mai 2014","format":false,"excerpt":"Eine spontane Idee f\u00fcr ein Wochenende\u00a0- ein Fallschirmsprung Wochenende an einem Septembertag am Flugplatz Greiling zu fotografieren. Zusammen mit Andreas Pirchmoser von Foto Sessner aus Dachau setzten wir die Idee mit einem mobilen Fotostudio direkt in der DZ (Drop Zone = Spungzone) um und setzten uns in den Kopf, die\u2026","rel":"","context":"In &quot;Ausstellung \/ Sonderausstellung&quot;","block_context":{"text":"Ausstellung \/ Sonderausstellung","link":"https:\/\/deltaimage.de\/wp\/?cat=860"},"img":{"alt_text":"","src":"https:\/\/i0.wp.com\/deltaimage.de\/wp\/wp-content\/uploads\/ZY5M3779_1200.jpg?fit=1200%2C450&ssl=1&resize=350%2C200","width":350,"height":200,"srcset":"https:\/\/i0.wp.com\/deltaimage.de\/wp\/wp-content\/uploads\/ZY5M3779_1200.jpg?fit=1200%2C450&ssl=1&resize=350%2C200 1x, https:\/\/i0.wp.com\/deltaimage.de\/wp\/wp-content\/uploads\/ZY5M3779_1200.jpg?fit=1200%2C450&ssl=1&resize=525%2C300 1.5x, https:\/\/i0.wp.com\/deltaimage.de\/wp\/wp-content\/uploads\/ZY5M3779_1200.jpg?fit=1200%2C450&ssl=1&resize=700%2C400 2x, https:\/\/i0.wp.com\/deltaimage.de\/wp\/wp-content\/uploads\/ZY5M3779_1200.jpg?fit=1200%2C450&ssl=1&resize=1050%2C600 3x"},"classes":[]},{"id":17108,"url":"https:\/\/deltaimage.de\/wp\/?p=17108","url_meta":{"origin":33504,"position":3},"title":"Weihnachtsgr\u00fc\u00dfe vom \u00e4ltesten Flugplatz in Bayern","author":"EschbacP","date":"24. Dezember 2017","format":false,"excerpt":"Die Jakobuskirche ist Teil unserer Flugplatzwanderungen am \u00e4ltesten Flugplatz in Bayern. \u00dcber die Weihnachtstage m\u00f6chten wir alle Besucher unserer Flugplatzwanderungen auf diesem Wege ganz herzlich gr\u00fc\u00dfen und frohe Festtage w\u00fcnschen. Weihnachten an der Jakobuskapelle in Hochmutting Seit der S\u00e4kularisation ist der Friedhof der Gemeinde Oberschlei\u00dfheim nach Hochmutting am s\u00fcdlichen Rand\u2026","rel":"","context":"In &quot;Flugplatzwanderung&quot;","block_context":{"text":"Flugplatzwanderung","link":"https:\/\/deltaimage.de\/wp\/?cat=854"},"img":{"alt_text":"","src":"https:\/\/i0.wp.com\/deltaimage.de\/wp\/wp-content\/uploads\/ZY5M9906_1200.jpg?fit=1200%2C450&ssl=1&resize=350%2C200","width":350,"height":200,"srcset":"https:\/\/i0.wp.com\/deltaimage.de\/wp\/wp-content\/uploads\/ZY5M9906_1200.jpg?fit=1200%2C450&ssl=1&resize=350%2C200 1x, https:\/\/i0.wp.com\/deltaimage.de\/wp\/wp-content\/uploads\/ZY5M9906_1200.jpg?fit=1200%2C450&ssl=1&resize=525%2C300 1.5x, https:\/\/i0.wp.com\/deltaimage.de\/wp\/wp-content\/uploads\/ZY5M9906_1200.jpg?fit=1200%2C450&ssl=1&resize=700%2C400 2x, https:\/\/i0.wp.com\/deltaimage.de\/wp\/wp-content\/uploads\/ZY5M9906_1200.jpg?fit=1200%2C450&ssl=1&resize=1050%2C600 3x"},"classes":[]},{"id":45995,"url":"https:\/\/deltaimage.de\/wp\/?p=45995","url_meta":{"origin":33504,"position":4},"title":"Es ist 1618 in Schlei\u00dfheim. Der Herzog Maximilian I. von Bayern l\u00e4dt zum Fest &#8230;","author":"EschbacP","date":"12. Oktober 2024","format":false,"excerpt":"Schlei\u00dfheim zur Zeit des Drei\u00dfigj\u00e4hrigen Krieges Dr. Marcus Junkelmann feiert im Maximilianshof des Alten Schlosses Schlei\u00dfheim im Maximilianshof ein Fest mit all seinen Freunden. Wir zeigen Ihnen hier aus der Veranstaltung am 12. Oktober 2024 die sch\u00f6nsten Eindr\u00fccke der BesucherInnen an diesem sch\u00f6nen Herbsttag. \u00a0 Fotoimpressionen: M\u00f6nche, Musketiere und Marketenderinnen\u2026","rel":"","context":"In &quot;Geschichte als Fest - Dr. Marcus Junkelmann&quot;","block_context":{"text":"Geschichte als Fest - Dr. Marcus Junkelmann","link":"https:\/\/deltaimage.de\/wp\/?cat=3831"},"img":{"alt_text":"","src":"https:\/\/i0.wp.com\/deltaimage.de\/wp\/wp-content\/uploads\/PE1S1104_1200.jpg?fit=1200%2C450&ssl=1&resize=350%2C200","width":350,"height":200,"srcset":"https:\/\/i0.wp.com\/deltaimage.de\/wp\/wp-content\/uploads\/PE1S1104_1200.jpg?fit=1200%2C450&ssl=1&resize=350%2C200 1x, https:\/\/i0.wp.com\/deltaimage.de\/wp\/wp-content\/uploads\/PE1S1104_1200.jpg?fit=1200%2C450&ssl=1&resize=525%2C300 1.5x, https:\/\/i0.wp.com\/deltaimage.de\/wp\/wp-content\/uploads\/PE1S1104_1200.jpg?fit=1200%2C450&ssl=1&resize=700%2C400 2x, https:\/\/i0.wp.com\/deltaimage.de\/wp\/wp-content\/uploads\/PE1S1104_1200.jpg?fit=1200%2C450&ssl=1&resize=1050%2C600 3x"},"classes":[]},{"id":36070,"url":"https:\/\/deltaimage.de\/wp\/?p=36070","url_meta":{"origin":33504,"position":5},"title":"Mit dem MTB zur EUROPEAN CHAMPIONSHIP nach Oberschlei\u00dfheim","author":"EschbacP","date":"21. August 2022","format":false,"excerpt":"Wie sch\u00f6n ist es in diesen Wochen in Dachau zu leben. Gef\u00fchlt ist hier das Zentrum der Veranstaltungen der EUROPEAN CHAMPIONSHIP MUNICH2022. Mit den \u00d6ffis in 45 Minuten bequem von der Haust\u00fcre ins Olympiazentrum. Die Tage nach F\u00fcrstenfeld zum Einzelzeitfahren und heute mit dem MTB ganz gem\u00fctlich nach Oberschlei\u00dfheim an\u2026","rel":"","context":"In &quot;News Blog&quot;","block_context":{"text":"News Blog","link":"https:\/\/deltaimage.de\/wp\/?cat=8"},"img":{"alt_text":"","src":"https:\/\/i0.wp.com\/deltaimage.de\/wp\/wp-content\/uploads\/PANO_20220821_140006_1200.jpg?fit=1200%2C450&ssl=1&resize=350%2C200","width":350,"height":200,"srcset":"https:\/\/i0.wp.com\/deltaimage.de\/wp\/wp-content\/uploads\/PANO_20220821_140006_1200.jpg?fit=1200%2C450&ssl=1&resize=350%2C200 1x, https:\/\/i0.wp.com\/deltaimage.de\/wp\/wp-content\/uploads\/PANO_20220821_140006_1200.jpg?fit=1200%2C450&ssl=1&resize=525%2C300 1.5x, https:\/\/i0.wp.com\/deltaimage.de\/wp\/wp-content\/uploads\/PANO_20220821_140006_1200.jpg?fit=1200%2C450&ssl=1&resize=700%2C400 2x, https:\/\/i0.wp.com\/deltaimage.de\/wp\/wp-content\/uploads\/PANO_20220821_140006_1200.jpg?fit=1200%2C450&ssl=1&resize=1050%2C600 3x"},"classes":[]}],"jetpack_sharing_enabled":true,"_links":{"self":[{"href":"https:\/\/deltaimage.de\/wp\/index.php?rest_route=\/wp\/v2\/posts\/33504","targetHints":{"allow":["GET"]}}],"collection":[{"href":"https:\/\/deltaimage.de\/wp\/index.php?rest_route=\/wp\/v2\/posts"}],"about":[{"href":"https:\/\/deltaimage.de\/wp\/index.php?rest_route=\/wp\/v2\/types\/post"}],"author":[{"embeddable":true,"href":"https:\/\/deltaimage.de\/wp\/index.php?rest_route=\/wp\/v2\/users\/1"}],"replies":[{"embeddable":true,"href":"https:\/\/deltaimage.de\/wp\/index.php?rest_route=%2Fwp%2Fv2%2Fcomments&post=33504"}],"version-history":[{"count":10,"href":"https:\/\/deltaimage.de\/wp\/index.php?rest_route=\/wp\/v2\/posts\/33504\/revisions"}],"predecessor-version":[{"id":33575,"href":"https:\/\/deltaimage.de\/wp\/index.php?rest_route=\/wp\/v2\/posts\/33504\/revisions\/33575"}],"wp:featuredmedia":[{"embeddable":true,"href":"https:\/\/deltaimage.de\/wp\/index.php?rest_route=\/wp\/v2\/media\/33508"}],"wp:attachment":[{"href":"https:\/\/deltaimage.de\/wp\/index.php?rest_route=%2Fwp%2Fv2%2Fmedia&parent=33504"}],"wp:term":[{"taxonomy":"category","embeddable":true,"href":"https:\/\/deltaimage.de\/wp\/index.php?rest_route=%2Fwp%2Fv2%2Fcategories&post=33504"},{"taxonomy":"post_tag","embeddable":true,"href":"https:\/\/deltaimage.de\/wp\/index.php?rest_route=%2Fwp%2Fv2%2Ftags&post=33504"}],"curies":[{"name":"wp","href":"https:\/\/api.w.org\/{rel}","templated":true}]}}