{"id":34240,"date":"2022-05-25T11:14:05","date_gmt":"2022-05-25T10:14:05","guid":{"rendered":"https:\/\/deltaimage.de\/wp\/?p=34240"},"modified":"2025-08-19T21:39:02","modified_gmt":"2025-08-19T19:39:02","slug":"grosser-falkenstein-im-bayerischen-wald-rauh-nass-und-abweisend","status":"publish","type":"post","link":"https:\/\/deltaimage.de\/wp\/?p=34240","title":{"rendered":"Gro\u00dfer Falkenstein im Bayerischen Wald &#8211; rau, nass und abweisend"},"content":{"rendered":"\r\n<p>Die Fotografie im <strong><a href=\"https:\/\/deltaimage.de\/wp\/?tag=bayerischer-wald\">Bayerischen Wald<\/a><\/strong> ist oft lieblich. Es ist so sch\u00f6n und so einfach zu fotografieren, mit einem \u00dcberfluss an den sch\u00f6nsten Motiven im Tag und auf den Gipfeln des <strong><a href=\"https:\/\/deltaimage.de\/wp\/?tag=grenzkamm\">Grenzkamms<\/a><\/strong>. Das ist aber nicht alles, das sind nicht alle Seiten des <strong><a href=\"https:\/\/deltaimage.de\/wp\/?tag=bayerischer-wald\">Bayerischen Waldes<\/a><\/strong>. Wir wollen uns als <strong><a href=\"https:\/\/deltaimage.de\/wp\/?tag=bayerwaldteam\">BAYERWALDTEAM<\/a> <\/strong>diesen anderen Seiten fotografisch ann\u00e4hern und nehmen uns 5 Tage auf dem <a href=\"https:\/\/deltaimage.de\/wp\/?tag=grenzkamm\"><strong>Grenzkamm<\/strong><\/a> des <strong><a href=\"https:\/\/deltaimage.de\/wp\/?tag=bayerischer-wald\">Bayerischen Waldes<\/a><\/strong> Zeit, auf den <strong><a href=\"https:\/\/deltaimage.de\/wp\/?tag=schutzh\u00fctte\">Schutzh\u00fctten<\/a> <\/strong>die Landschaft und den Fr\u00fchsommer im <strong><a href=\"https:\/\/deltaimage.de\/wp\/?tag=hochwald\">Hochwald<\/a> <\/strong>erleben zu d\u00fcrfen und die Erlebnisse in sch\u00f6nen aber ungew\u00f6hnlichen Bildern festzuhalten.<\/p>\r\n\r\n\r\n\r\n<p><img data-recalc-dims=\"1\" loading=\"lazy\" decoding=\"async\" data-attachment-id=\"34351\" data-permalink=\"https:\/\/deltaimage.de\/wp\/?attachment_id=34351#main\" data-orig-file=\"https:\/\/i0.wp.com\/deltaimage.de\/wp\/wp-content\/uploads\/PE1S0527_900.jpg?fit=890%2C593&amp;ssl=1\" data-orig-size=\"890,593\" data-comments-opened=\"0\" data-image-meta=\"{&quot;aperture&quot;:&quot;5.6&quot;,&quot;credit&quot;:&quot;Paul Eschbach&quot;,&quot;camera&quot;:&quot;Canon EOS-1Ds Mark III&quot;,&quot;caption&quot;:&quot;&quot;,&quot;created_timestamp&quot;:&quot;1653383454&quot;,&quot;copyright&quot;:&quot;&quot;,&quot;focal_length&quot;:&quot;24&quot;,&quot;iso&quot;:&quot;800&quot;,&quot;shutter_speed&quot;:&quot;0.02&quot;,&quot;title&quot;:&quot;&quot;,&quot;orientation&quot;:&quot;0&quot;}\" data-image-title=\"PE1S0527_900\" data-image-description=\"\" data-image-caption=\"\" data-large-file=\"https:\/\/i0.wp.com\/deltaimage.de\/wp\/wp-content\/uploads\/PE1S0527_900.jpg?fit=890%2C593&amp;ssl=1\" class=\"aligncenter size-full wp-image-34351\" src=\"https:\/\/i0.wp.com\/deltaimage.de\/wp\/wp-content\/uploads\/PE1S0527_900.jpg?resize=890%2C593&#038;ssl=1\" alt=\"\" width=\"890\" height=\"593\" srcset=\"https:\/\/i0.wp.com\/deltaimage.de\/wp\/wp-content\/uploads\/PE1S0527_900.jpg?w=890&amp;ssl=1 890w, https:\/\/i0.wp.com\/deltaimage.de\/wp\/wp-content\/uploads\/PE1S0527_900.jpg?resize=300%2C200&amp;ssl=1 300w, https:\/\/i0.wp.com\/deltaimage.de\/wp\/wp-content\/uploads\/PE1S0527_900.jpg?resize=675%2C450&amp;ssl=1 675w, https:\/\/i0.wp.com\/deltaimage.de\/wp\/wp-content\/uploads\/PE1S0527_900.jpg?resize=600%2C400&amp;ssl=1 600w, https:\/\/i0.wp.com\/deltaimage.de\/wp\/wp-content\/uploads\/PE1S0527_900.jpg?resize=200%2C133&amp;ssl=1 200w\" sizes=\"auto, (max-width: 890px) 100vw, 890px\" \/><\/p>\r\n<p><br \/>Das Wetter ist nicht immer in \u00dcbereinstimmung mit der eigenen Projektplanung und so muss sich der Wanderer und Fotograf sich den Gegebenheiten anpassen und das m\u00f6gliche umsetzen.<\/p>\r\n\r\n\r\n\r\n<p><!--more--><\/p>\r\n\r\n\r\n\r\n<p>W\u00e4hrend CORONA haben wir auf Ausfl\u00fcge in den <strong><a href=\"https:\/\/deltaimage.de\/wp\/?tag=bayerischer-wald\">Bayerischen Wald<\/a><\/strong> bewusst verzichtet. Die Schreckensmeldungen in den Nachrichten des v\u00f6lligen Chaos am <strong><a href=\"https:\/\/deltaimage.de\/wp\/?tag=dreisessel\">Dreisessel<\/a> <\/strong>und <strong><a href=\"https:\/\/deltaimage.de\/wp\/?tag=arber\">Arber<\/a> <\/strong>mit tumultartigen Szenen l\u00e4sst uns vorerst Abstand halten. Zu viel ist eben Zuviel.<\/p>\r\n<p>&nbsp;<\/p>\r\n\r\n\r\n\r\n<h2>Im ausgehenden Mai haben wir bei Neumond einige Tage zur Verf\u00fcgung<\/h2>\r\n\r\n\r\n\r\n<p>Eine Woche auf den H\u00fctten des <strong><a href=\"https:\/\/deltaimage.de\/wp\/?tag=bayerischer-wald\">Bayerischen Waldes<\/a><\/strong> ist unser Ziel. Wenn das Wetter h\u00e4lt, sollten auch Fotos vom Nachthimmel \u00fcber dem <strong><a href=\"https:\/\/deltaimage.de\/wp\/?tag=grenzkamm\">Grenzgebirge<\/a> <\/strong>eine kurzweilige Zeit erm\u00f6glichen. Schon der Wetterbericht sagte Gewitter, Hochdruck- und Tiefdruck-Gebiete im schnellen Wechsel und viel Regen voraus und er sollte auch Recht behalten, bis auf die Gewitter, die kamen nicht.<\/p>\r\n<p><img data-recalc-dims=\"1\" loading=\"lazy\" decoding=\"async\" data-attachment-id=\"34358\" data-permalink=\"https:\/\/deltaimage.de\/wp\/?attachment_id=34358#main\" data-orig-file=\"https:\/\/i0.wp.com\/deltaimage.de\/wp\/wp-content\/uploads\/PE1S0592_900-1.jpg?fit=890%2C593&amp;ssl=1\" data-orig-size=\"890,593\" data-comments-opened=\"0\" data-image-meta=\"{&quot;aperture&quot;:&quot;7.1&quot;,&quot;credit&quot;:&quot;Paul Eschbach&quot;,&quot;camera&quot;:&quot;Canon EOS-1Ds Mark III&quot;,&quot;caption&quot;:&quot;&quot;,&quot;created_timestamp&quot;:&quot;1653401633&quot;,&quot;copyright&quot;:&quot;&quot;,&quot;focal_length&quot;:&quot;135&quot;,&quot;iso&quot;:&quot;200&quot;,&quot;shutter_speed&quot;:&quot;0.00125&quot;,&quot;title&quot;:&quot;&quot;,&quot;orientation&quot;:&quot;0&quot;}\" data-image-title=\"PE1S0592_900\" data-image-description=\"\" data-image-caption=\"\" data-large-file=\"https:\/\/i0.wp.com\/deltaimage.de\/wp\/wp-content\/uploads\/PE1S0592_900-1.jpg?fit=890%2C593&amp;ssl=1\" class=\"aligncenter size-full wp-image-34358\" src=\"https:\/\/i0.wp.com\/deltaimage.de\/wp\/wp-content\/uploads\/PE1S0592_900-1.jpg?resize=890%2C593&#038;ssl=1\" alt=\"\" width=\"890\" height=\"593\" srcset=\"https:\/\/i0.wp.com\/deltaimage.de\/wp\/wp-content\/uploads\/PE1S0592_900-1.jpg?w=890&amp;ssl=1 890w, https:\/\/i0.wp.com\/deltaimage.de\/wp\/wp-content\/uploads\/PE1S0592_900-1.jpg?resize=300%2C200&amp;ssl=1 300w, https:\/\/i0.wp.com\/deltaimage.de\/wp\/wp-content\/uploads\/PE1S0592_900-1.jpg?resize=675%2C450&amp;ssl=1 675w, https:\/\/i0.wp.com\/deltaimage.de\/wp\/wp-content\/uploads\/PE1S0592_900-1.jpg?resize=600%2C400&amp;ssl=1 600w, https:\/\/i0.wp.com\/deltaimage.de\/wp\/wp-content\/uploads\/PE1S0592_900-1.jpg?resize=200%2C133&amp;ssl=1 200w\" sizes=\"auto, (max-width: 890px) 100vw, 890px\" \/><\/p>\r\n<p>F\u00fcr einen kurzen Augenblick \u00f6ffnet sich der Blick am Gipfel des <strong><a href=\"https:\/\/deltaimage.de\/wp\/?tag=gro\u00dfer-falkenstein\">Gro\u00dfen Falkenstein<\/a><\/strong> bis ins Tal und ebenso schnell zieht es wieder zu.<\/p>\r\n<blockquote>\r\n<pre>Wieder zu sp\u00e4t und die sch\u00f6nste Zeit einfach in dem Schutzhaus vergeudet!<br \/>So bekommt man keine erstklassigen Fotos in der rauen Natur des Bayerischen Waldes.<br \/>Oder doch noch ?<\/pre>\r\n<\/blockquote>\r\n\r\n\r\n\r\n<h2><img data-recalc-dims=\"1\" loading=\"lazy\" decoding=\"async\" data-attachment-id=\"34360\" data-permalink=\"https:\/\/deltaimage.de\/wp\/?attachment_id=34360#main\" data-orig-file=\"https:\/\/i0.wp.com\/deltaimage.de\/wp\/wp-content\/uploads\/PE1S0614_900.jpg?fit=890%2C593&amp;ssl=1\" data-orig-size=\"890,593\" data-comments-opened=\"0\" data-image-meta=\"{&quot;aperture&quot;:&quot;6.3&quot;,&quot;credit&quot;:&quot;Paul Eschbach&quot;,&quot;camera&quot;:&quot;Canon EOS-1Ds Mark III&quot;,&quot;caption&quot;:&quot;&quot;,&quot;created_timestamp&quot;:&quot;1653402208&quot;,&quot;copyright&quot;:&quot;&quot;,&quot;focal_length&quot;:&quot;24&quot;,&quot;iso&quot;:&quot;200&quot;,&quot;shutter_speed&quot;:&quot;0.003125&quot;,&quot;title&quot;:&quot;&quot;,&quot;orientation&quot;:&quot;0&quot;}\" data-image-title=\"PE1S0614_900\" data-image-description=\"\" data-image-caption=\"\" data-large-file=\"https:\/\/i0.wp.com\/deltaimage.de\/wp\/wp-content\/uploads\/PE1S0614_900.jpg?fit=890%2C593&amp;ssl=1\" class=\"aligncenter size-full wp-image-34360\" src=\"https:\/\/i0.wp.com\/deltaimage.de\/wp\/wp-content\/uploads\/PE1S0614_900.jpg?resize=890%2C593&#038;ssl=1\" alt=\"\" width=\"890\" height=\"593\" srcset=\"https:\/\/i0.wp.com\/deltaimage.de\/wp\/wp-content\/uploads\/PE1S0614_900.jpg?w=890&amp;ssl=1 890w, https:\/\/i0.wp.com\/deltaimage.de\/wp\/wp-content\/uploads\/PE1S0614_900.jpg?resize=300%2C200&amp;ssl=1 300w, https:\/\/i0.wp.com\/deltaimage.de\/wp\/wp-content\/uploads\/PE1S0614_900.jpg?resize=675%2C450&amp;ssl=1 675w, https:\/\/i0.wp.com\/deltaimage.de\/wp\/wp-content\/uploads\/PE1S0614_900.jpg?resize=600%2C400&amp;ssl=1 600w, https:\/\/i0.wp.com\/deltaimage.de\/wp\/wp-content\/uploads\/PE1S0614_900.jpg?resize=200%2C133&amp;ssl=1 200w\" sizes=\"auto, (max-width: 890px) 100vw, 890px\" \/><\/h2>\r\n<p>&nbsp;<\/p>\r\n<h2>Der Gro\u00dfes Falkenstein zeigt uns sein anderes &#8211; sein raues Gesicht<\/h2>\r\n\r\n\r\n\r\n<p><strong>Landschaftsfotografie<\/strong> ist sehr oft das Management des M\u00f6glichen und nicht des Geplanten. Fotografisch ist jetzt mit viel Regen vieles anders, aber eben nicht schlechter. Feuchtigkeit ist der Motor in der Atmosph\u00e4re, Feuchtigkeit treibt die Thermik und die Wolken an.<\/p>\r\n<p><img data-recalc-dims=\"1\" loading=\"lazy\" decoding=\"async\" data-attachment-id=\"34361\" data-permalink=\"https:\/\/deltaimage.de\/wp\/?attachment_id=34361#main\" data-orig-file=\"https:\/\/i0.wp.com\/deltaimage.de\/wp\/wp-content\/uploads\/PE1S0623_900-2.jpg?fit=890%2C593&amp;ssl=1\" data-orig-size=\"890,593\" data-comments-opened=\"0\" data-image-meta=\"{&quot;aperture&quot;:&quot;7.1&quot;,&quot;credit&quot;:&quot;Paul Eschbach&quot;,&quot;camera&quot;:&quot;Canon EOS-1Ds Mark III&quot;,&quot;caption&quot;:&quot;&quot;,&quot;created_timestamp&quot;:&quot;1653418305&quot;,&quot;copyright&quot;:&quot;&quot;,&quot;focal_length&quot;:&quot;400&quot;,&quot;iso&quot;:&quot;200&quot;,&quot;shutter_speed&quot;:&quot;0.005&quot;,&quot;title&quot;:&quot;&quot;,&quot;orientation&quot;:&quot;0&quot;}\" data-image-title=\"PE1S0623_900\" data-image-description=\"\" data-image-caption=\"\" data-large-file=\"https:\/\/i0.wp.com\/deltaimage.de\/wp\/wp-content\/uploads\/PE1S0623_900-2.jpg?fit=890%2C593&amp;ssl=1\" class=\"aligncenter size-full wp-image-34361\" src=\"https:\/\/i0.wp.com\/deltaimage.de\/wp\/wp-content\/uploads\/PE1S0623_900-2.jpg?resize=890%2C593&#038;ssl=1\" alt=\"\" width=\"890\" height=\"593\" srcset=\"https:\/\/i0.wp.com\/deltaimage.de\/wp\/wp-content\/uploads\/PE1S0623_900-2.jpg?w=890&amp;ssl=1 890w, https:\/\/i0.wp.com\/deltaimage.de\/wp\/wp-content\/uploads\/PE1S0623_900-2.jpg?resize=300%2C200&amp;ssl=1 300w, https:\/\/i0.wp.com\/deltaimage.de\/wp\/wp-content\/uploads\/PE1S0623_900-2.jpg?resize=675%2C450&amp;ssl=1 675w, https:\/\/i0.wp.com\/deltaimage.de\/wp\/wp-content\/uploads\/PE1S0623_900-2.jpg?resize=600%2C400&amp;ssl=1 600w, https:\/\/i0.wp.com\/deltaimage.de\/wp\/wp-content\/uploads\/PE1S0623_900-2.jpg?resize=200%2C133&amp;ssl=1 200w\" sizes=\"auto, (max-width: 890px) 100vw, 890px\" \/><\/p>\r\n<p>&nbsp;<\/p>\r\n<p>Genauso schnell, wie sich die Szenerie zuzieht und der Gipfel des <strong><a href=\"https:\/\/deltaimage.de\/wp\/?tag=gro\u00dfer-falkenstein\">Gro\u00dfe Falkenstein<\/a><\/strong> in Wolken keine Aussicht mehr bietet, ebenso schnell \u00f6ffnet sich ein Blick in den <strong><a href=\"http:\/\/bayerischer-wald\">Bayerischen Wald<\/a><\/strong> und zeigt uns bei dem dramatischen Geschehen im Himmel die sch\u00f6nsten Kompositionen aus Erde, Licht und Wolken.<\/p>\r\n<blockquote>\r\n<pre>Genau das wollten wir auch sehen und Fotografieren!<br \/>Geduld wird in der Landschaftsfotografie immer (oft) belohnt.<\/pre>\r\n<\/blockquote>\r\n<p>Ich freue mich auf diese vielleicht etwas unplanbare und vielmehr spontane Seite des Tagesablaufs. Wir nehmen die ver\u00e4nderten M\u00f6glichkeiten als positive Herausforderung in den T\u00e4tigkeiten des Fotografen an. Die Ver\u00e4nderungen in den Wolken erm\u00f6glichen immer wieder ganz besondere Situationen und damit die Chance auf einmalige Motive im Waldgebirge.<\/p>\r\n<p><img data-recalc-dims=\"1\" loading=\"lazy\" decoding=\"async\" data-attachment-id=\"34364\" data-permalink=\"https:\/\/deltaimage.de\/wp\/?attachment_id=34364#main\" data-orig-file=\"https:\/\/i0.wp.com\/deltaimage.de\/wp\/wp-content\/uploads\/PE1S0630_900.jpg?fit=890%2C593&amp;ssl=1\" data-orig-size=\"890,593\" data-comments-opened=\"0\" data-image-meta=\"{&quot;aperture&quot;:&quot;7.1&quot;,&quot;credit&quot;:&quot;Paul Eschbach&quot;,&quot;camera&quot;:&quot;Canon EOS-1Ds Mark III&quot;,&quot;caption&quot;:&quot;&quot;,&quot;created_timestamp&quot;:&quot;1653418494&quot;,&quot;copyright&quot;:&quot;&quot;,&quot;focal_length&quot;:&quot;300&quot;,&quot;iso&quot;:&quot;200&quot;,&quot;shutter_speed&quot;:&quot;0.00625&quot;,&quot;title&quot;:&quot;&quot;,&quot;orientation&quot;:&quot;0&quot;}\" data-image-title=\"PE1S0630_900\" data-image-description=\"\" data-image-caption=\"\" data-large-file=\"https:\/\/i0.wp.com\/deltaimage.de\/wp\/wp-content\/uploads\/PE1S0630_900.jpg?fit=890%2C593&amp;ssl=1\" class=\"aligncenter size-full wp-image-34364\" src=\"https:\/\/i0.wp.com\/deltaimage.de\/wp\/wp-content\/uploads\/PE1S0630_900.jpg?resize=890%2C593&#038;ssl=1\" alt=\"\" width=\"890\" height=\"593\" srcset=\"https:\/\/i0.wp.com\/deltaimage.de\/wp\/wp-content\/uploads\/PE1S0630_900.jpg?w=890&amp;ssl=1 890w, https:\/\/i0.wp.com\/deltaimage.de\/wp\/wp-content\/uploads\/PE1S0630_900.jpg?resize=300%2C200&amp;ssl=1 300w, https:\/\/i0.wp.com\/deltaimage.de\/wp\/wp-content\/uploads\/PE1S0630_900.jpg?resize=675%2C450&amp;ssl=1 675w, https:\/\/i0.wp.com\/deltaimage.de\/wp\/wp-content\/uploads\/PE1S0630_900.jpg?resize=600%2C400&amp;ssl=1 600w, https:\/\/i0.wp.com\/deltaimage.de\/wp\/wp-content\/uploads\/PE1S0630_900.jpg?resize=200%2C133&amp;ssl=1 200w\" sizes=\"auto, (max-width: 890px) 100vw, 890px\" \/><\/p>\r\n<p>&nbsp;<\/p>\r\n<p>Zur richtigen am richtigen Ort sein und das auch noch mit dem notwendigen Vorlauf vorhersehen zu k\u00f6nnen braucht<\/p>\r\n<ul>\r\n<li>etwas Gl\u00fcck<\/li>\r\n<li>viel Erfahrung im Waldgebirge<\/li>\r\n<li>die passende Ausr\u00fcstung und dabei meine ich keine Fotofilter, sondern Outdoor Ausr\u00fcstung f\u00fcr einen Regenguss<\/li>\r\n<li>ein sehr harmonisches Team mit synchronisierten Vorstellungen und Zielen<\/li>\r\n<\/ul>\r\n\r\n\r\n\r\n<p>&nbsp;<\/p>\r\n\r\n\r\n\r\n<h2>Andere Welten am Falkenstein trotz oder wegen des Regens<\/h2>\r\n\r\n\r\n\r\n<p>Die Motivbereiche sind jetzt nicht mehr nur die bekannten Postkartenmotive zum Abhaken und Abfotografieren. Das f\u00f6rdert uns und entwickelt immer wieder die fotografischen M\u00f6glichkeiten aufs Neue.<\/p>\r\n<p><img data-recalc-dims=\"1\" loading=\"lazy\" decoding=\"async\" data-attachment-id=\"34363\" data-permalink=\"https:\/\/deltaimage.de\/wp\/?attachment_id=34363#main\" data-orig-file=\"https:\/\/i0.wp.com\/deltaimage.de\/wp\/wp-content\/uploads\/PE1S0633_900.jpg?fit=890%2C593&amp;ssl=1\" data-orig-size=\"890,593\" data-comments-opened=\"0\" data-image-meta=\"{&quot;aperture&quot;:&quot;7.1&quot;,&quot;credit&quot;:&quot;Paul Eschbach&quot;,&quot;camera&quot;:&quot;Canon EOS-1Ds Mark III&quot;,&quot;caption&quot;:&quot;&quot;,&quot;created_timestamp&quot;:&quot;1653418539&quot;,&quot;copyright&quot;:&quot;&quot;,&quot;focal_length&quot;:&quot;300&quot;,&quot;iso&quot;:&quot;200&quot;,&quot;shutter_speed&quot;:&quot;0.003125&quot;,&quot;title&quot;:&quot;&quot;,&quot;orientation&quot;:&quot;0&quot;}\" data-image-title=\"PE1S0633_900\" data-image-description=\"\" data-image-caption=\"\" data-large-file=\"https:\/\/i0.wp.com\/deltaimage.de\/wp\/wp-content\/uploads\/PE1S0633_900.jpg?fit=890%2C593&amp;ssl=1\" class=\"aligncenter size-full wp-image-34363\" src=\"https:\/\/i0.wp.com\/deltaimage.de\/wp\/wp-content\/uploads\/PE1S0633_900.jpg?resize=890%2C593&#038;ssl=1\" alt=\"\" width=\"890\" height=\"593\" srcset=\"https:\/\/i0.wp.com\/deltaimage.de\/wp\/wp-content\/uploads\/PE1S0633_900.jpg?w=890&amp;ssl=1 890w, https:\/\/i0.wp.com\/deltaimage.de\/wp\/wp-content\/uploads\/PE1S0633_900.jpg?resize=300%2C200&amp;ssl=1 300w, https:\/\/i0.wp.com\/deltaimage.de\/wp\/wp-content\/uploads\/PE1S0633_900.jpg?resize=675%2C450&amp;ssl=1 675w, https:\/\/i0.wp.com\/deltaimage.de\/wp\/wp-content\/uploads\/PE1S0633_900.jpg?resize=600%2C400&amp;ssl=1 600w, https:\/\/i0.wp.com\/deltaimage.de\/wp\/wp-content\/uploads\/PE1S0633_900.jpg?resize=200%2C133&amp;ssl=1 200w\" sizes=\"auto, (max-width: 890px) 100vw, 890px\" \/><\/p>\r\n<p>&nbsp;<\/p>\r\n\r\n\r\n\r\n\r\n\r\n<p>Wenn wir auf 30 Jahre Fotografie im <strong><a href=\"https:\/\/deltaimage.de\/wp\/?tag=bayerischer-wald\">Bayerischen Wald<\/a><\/strong> zur\u00fcckblicken, dann bleiben die Wanderungen mit der Kamera im besonderen Ma\u00dfe im Ged\u00e4chtnis, die in Verbindung stehen mit ebenso besonderen Lichtstimmungen. Die Fotos bei Sonnenschein und blauem Himmel sind weitl\u00e4ufig bekannt und abfotografiert.<\/p>\r\n<p>Bilder mit besonderem Licht und besonderen Fotomotiven erhalten umso mehr Aufmerksamkeit im immerw\u00e4hrenden Bilderstrom der Mediengesellschaft.<\/p>\r\n<p>&nbsp;<\/p>\r\n\r\n\r\n\r\n<h2>Es war wieder ein ganz besonderes Erlebnis &#8211; jederzeit wieder gerne<\/h2>\r\n\r\n\r\n\r\n<p>Unser Ziel waren landschaftliche und fotografische Erlebnisse im Waldgebirge am Grenzkamm des <strong><a href=\"https:\/\/deltaimage.de\/wp\/?tag=bayerischer-wald\">Bayerischen Waldes<\/a><\/strong>. Diese Vorstellung k\u00f6nnten wir wohl auch gerade wegen der nicht allt\u00e4glichen Wetterstimmung umsetzen. Die restliche Zeit sa\u00dfen wir in der Wirtsstube am <strong><a href=\"https:\/\/deltaimage.de\/wp\/?tag=gro\u00dfer-falkenstein\">Gro\u00dfen Falkenstein<\/a><\/strong> und genossen die Zeit der Erholung.<\/p>\r\n<p><img data-recalc-dims=\"1\" loading=\"lazy\" decoding=\"async\" data-attachment-id=\"34365\" data-permalink=\"https:\/\/deltaimage.de\/wp\/?attachment_id=34365#main\" data-orig-file=\"https:\/\/i0.wp.com\/deltaimage.de\/wp\/wp-content\/uploads\/PE1S0643_900.jpg?fit=890%2C593&amp;ssl=1\" data-orig-size=\"890,593\" data-comments-opened=\"0\" data-image-meta=\"{&quot;aperture&quot;:&quot;7.1&quot;,&quot;credit&quot;:&quot;Paul Eschbach&quot;,&quot;camera&quot;:&quot;Canon EOS-1Ds Mark III&quot;,&quot;caption&quot;:&quot;&quot;,&quot;created_timestamp&quot;:&quot;1653419326&quot;,&quot;copyright&quot;:&quot;&quot;,&quot;focal_length&quot;:&quot;24&quot;,&quot;iso&quot;:&quot;800&quot;,&quot;shutter_speed&quot;:&quot;0.002&quot;,&quot;title&quot;:&quot;&quot;,&quot;orientation&quot;:&quot;0&quot;}\" data-image-title=\"PE1S0643_900\" data-image-description=\"\" data-image-caption=\"\" data-large-file=\"https:\/\/i0.wp.com\/deltaimage.de\/wp\/wp-content\/uploads\/PE1S0643_900.jpg?fit=890%2C593&amp;ssl=1\" class=\"aligncenter size-full wp-image-34365\" src=\"https:\/\/i0.wp.com\/deltaimage.de\/wp\/wp-content\/uploads\/PE1S0643_900.jpg?resize=890%2C593&#038;ssl=1\" alt=\"\" width=\"890\" height=\"593\" srcset=\"https:\/\/i0.wp.com\/deltaimage.de\/wp\/wp-content\/uploads\/PE1S0643_900.jpg?w=890&amp;ssl=1 890w, https:\/\/i0.wp.com\/deltaimage.de\/wp\/wp-content\/uploads\/PE1S0643_900.jpg?resize=300%2C200&amp;ssl=1 300w, https:\/\/i0.wp.com\/deltaimage.de\/wp\/wp-content\/uploads\/PE1S0643_900.jpg?resize=675%2C450&amp;ssl=1 675w, https:\/\/i0.wp.com\/deltaimage.de\/wp\/wp-content\/uploads\/PE1S0643_900.jpg?resize=600%2C400&amp;ssl=1 600w, https:\/\/i0.wp.com\/deltaimage.de\/wp\/wp-content\/uploads\/PE1S0643_900.jpg?resize=200%2C133&amp;ssl=1 200w\" sizes=\"auto, (max-width: 890px) 100vw, 890px\" \/><\/p>\r\n<p>Ein ganz kurzer Augenblick steht uns dieses Lichtband am Horizont gegen Sonnenuntergang offen. Im Wald des Bayerisch-Eisensteiner Tals liegen noch die Nebel und Wolken des Tages, nur die h\u00f6chsten Berge des <strong><a href=\"https:\/\/deltaimage.de\/wp\/?tag=grenzkamm\">Grenzkammes<\/a> <\/strong>schauen aus dieser aufgelockerten Wolkendecke heraus und \u00f6ffnen den Blick auf das goldene Lichtband weit drau\u00dfen im Donautal.<\/p>\r\n","protected":false},"excerpt":{"rendered":"<p>Die Fotografie im Bayerischen Wald ist oft lieblich. Es ist so sch\u00f6n und so einfach zu fotografieren, mit einem \u00dcberfluss an den sch\u00f6nsten Motiven im Tag und auf den Gipfeln [&hellip;]<\/p>\n","protected":false},"author":1,"featured_media":34350,"comment_status":"closed","ping_status":"closed","sticky":false,"template":"","format":"standard","meta":{"wpupg_custom_link":[],"wpupg_custom_link_behaviour":["default"],"wpupg_custom_link_nofollow":["default"],"wpupg_custom_image":[],"wpupg_custom_image_id":[],"jetpack_post_was_ever_published":false,"footnotes":""},"categories":[861,8],"tags":[595,594,1246,3069,1059,197],"class_list":["post-34240","post","type-post","status-publish","format-standard","has-post-thumbnail","hentry","category-bayerwaldteam","category-news","tag-bayerischer-wald","tag-bayerwaldteam","tag-falkenstein","tag-grosser-falkenstein","tag-hochwald","tag-sommer"],"jetpack_featured_media_url":"https:\/\/i0.wp.com\/deltaimage.de\/wp\/wp-content\/uploads\/PE1S0504_1200.jpg?fit=1200%2C450&ssl=1","jetpack-related-posts":[{"id":34241,"url":"https:\/\/deltaimage.de\/wp\/?p=34241","url_meta":{"origin":34240,"position":0},"title":"Neues Schutzhaus am Gro\u00dfen Falkenstein vom Bayerischen Wald Verein bietet Erlebnisse und Komfort in 1315m","author":"EschbacP","date":"25. Mai 2022","format":false,"excerpt":"Das neue Schutzhaus am Gro\u00dfen Falkenstein im Bayerischen Wald ist nun 3 Jahre alt (2019) und die Basis des BAYERWALDTEAMS f\u00fcr die kommenden Tage zu fotografieren und zum Wohlf\u00fchlen. Wir haben uns ganz bewusst die Zeit unter der Woche ausgesucht, um auch Ruhe ohne die Hektik des bevorstehenden langen Wochenendes\u2026","rel":"","context":"In &quot;BAYERWALDTEAM&quot;","block_context":{"text":"BAYERWALDTEAM","link":"https:\/\/deltaimage.de\/wp\/?cat=861"},"img":{"alt_text":"","src":"https:\/\/i0.wp.com\/deltaimage.de\/wp\/wp-content\/uploads\/PE1S0660_1200.jpg?fit=1200%2C450&ssl=1&resize=350%2C200","width":350,"height":200,"srcset":"https:\/\/i0.wp.com\/deltaimage.de\/wp\/wp-content\/uploads\/PE1S0660_1200.jpg?fit=1200%2C450&ssl=1&resize=350%2C200 1x, https:\/\/i0.wp.com\/deltaimage.de\/wp\/wp-content\/uploads\/PE1S0660_1200.jpg?fit=1200%2C450&ssl=1&resize=525%2C300 1.5x, https:\/\/i0.wp.com\/deltaimage.de\/wp\/wp-content\/uploads\/PE1S0660_1200.jpg?fit=1200%2C450&ssl=1&resize=700%2C400 2x, https:\/\/i0.wp.com\/deltaimage.de\/wp\/wp-content\/uploads\/PE1S0660_1200.jpg?fit=1200%2C450&ssl=1&resize=1050%2C600 3x"},"classes":[]},{"id":29819,"url":"https:\/\/deltaimage.de\/wp\/?p=29819","url_meta":{"origin":34240,"position":1},"title":"BAYERWALDTEAM \u2013 Durchschreitung des H\u00f6llbachs im Bayerischen Wald","author":"EschbacP","date":"18. August 2021","format":false,"excerpt":"Fotografieren in der m\u00e4chtigen Natur ist nicht immer einfach und der Fotograf erlebt die Landschaft noch viel hautnaher als der Betrachter der Bilder hinterher. So auch bei unserem Fotoeinsatz am Falkenstein im H\u00f6llbach-Ggspreng, einer wildromantischen Klamm an der S\u00fcd-Ost-Flanke des Falkensteins im Bayerischen Wald. M\u00e4chtige Natur unmittelbar vor dem Objektiv\u2026","rel":"","context":"In &quot;BAYERWALDTEAM&quot;","block_context":{"text":"BAYERWALDTEAM","link":"https:\/\/deltaimage.de\/wp\/?cat=861"},"img":{"alt_text":"","src":"https:\/\/i0.wp.com\/deltaimage.de\/wp\/wp-content\/uploads\/bayerwaldteam-durchschreitung-des-hoellbachs-im-bayerischen-wald.jpg?fit=890%2C593&ssl=1&resize=350%2C200","width":350,"height":200,"srcset":"https:\/\/i0.wp.com\/deltaimage.de\/wp\/wp-content\/uploads\/bayerwaldteam-durchschreitung-des-hoellbachs-im-bayerischen-wald.jpg?fit=890%2C593&ssl=1&resize=350%2C200 1x, https:\/\/i0.wp.com\/deltaimage.de\/wp\/wp-content\/uploads\/bayerwaldteam-durchschreitung-des-hoellbachs-im-bayerischen-wald.jpg?fit=890%2C593&ssl=1&resize=525%2C300 1.5x, https:\/\/i0.wp.com\/deltaimage.de\/wp\/wp-content\/uploads\/bayerwaldteam-durchschreitung-des-hoellbachs-im-bayerischen-wald.jpg?fit=890%2C593&ssl=1&resize=700%2C400 2x"},"classes":[]},{"id":29795,"url":"https:\/\/deltaimage.de\/wp\/?p=29795","url_meta":{"origin":34240,"position":2},"title":"Paul Eschbach \u2013 wieder auf Fotostreifz\u00fcgen im Bayerischen Wald unterwegs \u2013 BAYERWALDTEAM","author":"EschbacP","date":"17. August 2021","format":false,"excerpt":"Sechs Tage im Bayerischen Wald auf Fotostreitzug im BAYERWALDTEAM versprechen wieder viele spannende Motive und noch sch\u00f6nere Erlebnisse f\u00fcr das BAYERWALDTEAM. \u00a0 Bayerischer Pl\u00f6ckenstein auf der Grenze Bayern und B\u00f6hmen am Dreisesselberg Der Dreisesselberg ist immer eine imposante Wanderung auf dem Grenzkamm entlang zwischen Bayern und B\u00f6hmen. Nach beiden Seiten\u2026","rel":"","context":"In &quot;BAYERWALDTEAM&quot;","block_context":{"text":"BAYERWALDTEAM","link":"https:\/\/deltaimage.de\/wp\/?cat=861"},"img":{"alt_text":"","src":"https:\/\/i0.wp.com\/deltaimage.de\/wp\/wp-content\/uploads\/AK3I9785_1200.jpg?fit=1200%2C450&ssl=1&resize=350%2C200","width":350,"height":200,"srcset":"https:\/\/i0.wp.com\/deltaimage.de\/wp\/wp-content\/uploads\/AK3I9785_1200.jpg?fit=1200%2C450&ssl=1&resize=350%2C200 1x, https:\/\/i0.wp.com\/deltaimage.de\/wp\/wp-content\/uploads\/AK3I9785_1200.jpg?fit=1200%2C450&ssl=1&resize=525%2C300 1.5x, https:\/\/i0.wp.com\/deltaimage.de\/wp\/wp-content\/uploads\/AK3I9785_1200.jpg?fit=1200%2C450&ssl=1&resize=700%2C400 2x, https:\/\/i0.wp.com\/deltaimage.de\/wp\/wp-content\/uploads\/AK3I9785_1200.jpg?fit=1200%2C450&ssl=1&resize=1050%2C600 3x"},"classes":[]},{"id":29798,"url":"https:\/\/deltaimage.de\/wp\/?p=29798","url_meta":{"origin":34240,"position":3},"title":"BAYERWALDTEAM fotografiert wieder im Bayerischen Wald","author":"EschbacP","date":"17. August 2021","format":false,"excerpt":"Eine Woche im August 2021 \u2013 da passt alles zusammen und dann \u201emias ma naus in Woid\u201c zum Fotografieren in der Landschaft zwischen Donau und B\u00f6hmen. Die massiven Einschr\u00e4nkungen durch die Pandemie hatten die Pl\u00e4ne in 2020 und bis jetzt immer wieder durchkreuzt. Jetzt passt es. Die Rahmenbedingungen passen und\u2026","rel":"","context":"In &quot;BAYERWALDTEAM&quot;","block_context":{"text":"BAYERWALDTEAM","link":"https:\/\/deltaimage.de\/wp\/?cat=861"},"img":{"alt_text":"","src":"https:\/\/i0.wp.com\/deltaimage.de\/wp\/wp-content\/uploads\/PE1S0749_1200.jpg?fit=1200%2C450&ssl=1&resize=350%2C200","width":350,"height":200,"srcset":"https:\/\/i0.wp.com\/deltaimage.de\/wp\/wp-content\/uploads\/PE1S0749_1200.jpg?fit=1200%2C450&ssl=1&resize=350%2C200 1x, https:\/\/i0.wp.com\/deltaimage.de\/wp\/wp-content\/uploads\/PE1S0749_1200.jpg?fit=1200%2C450&ssl=1&resize=525%2C300 1.5x, https:\/\/i0.wp.com\/deltaimage.de\/wp\/wp-content\/uploads\/PE1S0749_1200.jpg?fit=1200%2C450&ssl=1&resize=700%2C400 2x, https:\/\/i0.wp.com\/deltaimage.de\/wp\/wp-content\/uploads\/PE1S0749_1200.jpg?fit=1200%2C450&ssl=1&resize=1050%2C600 3x"},"classes":[]},{"id":30190,"url":"https:\/\/deltaimage.de\/wp\/?p=30190","url_meta":{"origin":34240,"position":4},"title":"Paul Eschbach \u2013 wieder auf Fotostreifz\u00fcgen im Bayerischen Wald unterwegs \u2013 BAYERWALDTEAM","author":"EschbacP","date":"16. August 2021","format":false,"excerpt":"Sechs Tage im Bayerischen Wald auf Fotostreitzug im BAYERWALDTEAM versprechen wieder viele spannende Motive und noch sch\u00f6nere Erlebnisse f\u00fcr das BAYERWALDTEAM. \u00a0 Bayerischer Pl\u00f6ckenstein auf der Grenze Bayern und B\u00f6hmen am Dreisesselberg Der Dreisesselberg ist immer eine imposante Wanderung auf dem Grenzkamm entlang zwischen Bayern und B\u00f6hmen. Nach beiden Seiten\u2026","rel":"","context":"In &quot;BAYERWALDTEAM&quot;","block_context":{"text":"BAYERWALDTEAM","link":"https:\/\/deltaimage.de\/wp\/?cat=861"},"img":{"alt_text":"","src":"https:\/\/i0.wp.com\/deltaimage.de\/wp\/wp-content\/uploads\/paul-eschbach-wieder-auf-fotostreifzuegen-im-bayerischen-wald-unterwegs-bayerwaldteam.jpg?fit=890%2C593&ssl=1&resize=350%2C200","width":350,"height":200,"srcset":"https:\/\/i0.wp.com\/deltaimage.de\/wp\/wp-content\/uploads\/paul-eschbach-wieder-auf-fotostreifzuegen-im-bayerischen-wald-unterwegs-bayerwaldteam.jpg?fit=890%2C593&ssl=1&resize=350%2C200 1x, https:\/\/i0.wp.com\/deltaimage.de\/wp\/wp-content\/uploads\/paul-eschbach-wieder-auf-fotostreifzuegen-im-bayerischen-wald-unterwegs-bayerwaldteam.jpg?fit=890%2C593&ssl=1&resize=525%2C300 1.5x, https:\/\/i0.wp.com\/deltaimage.de\/wp\/wp-content\/uploads\/paul-eschbach-wieder-auf-fotostreifzuegen-im-bayerischen-wald-unterwegs-bayerwaldteam.jpg?fit=890%2C593&ssl=1&resize=700%2C400 2x"},"classes":[]},{"id":29806,"url":"https:\/\/deltaimage.de\/wp\/?p=29806","url_meta":{"origin":34240,"position":5},"title":"Das neue Schutzhaus auf dem Gro\u00dfen Falkenstein er\u00f6ffnet &#8211; vom BAYERWALDTEAM getestet","author":"EschbacP","date":"17. August 2021","format":false,"excerpt":"Im Juli 2019 waren wir bei den letzten G\u00e4sten im alten Schutzhaus auf dem Falkenstein. Dann war die H\u00fctte geschlossen und das Schutzhaus wurde von Grund auf neu gebaut. Jetzt ist das neue Schutzhaus wieder ge\u00f6ffnet und das BAYERWALDTEAM ist mit bei den ersten G\u00e4sten nach dem Neubau und der\u2026","rel":"","context":"In &quot;BAYERWALDTEAM&quot;","block_context":{"text":"BAYERWALDTEAM","link":"https:\/\/deltaimage.de\/wp\/?cat=861"},"img":{"alt_text":"","src":"https:\/\/i0.wp.com\/deltaimage.de\/wp\/wp-content\/uploads\/PE1S1452_1200.jpg?fit=1200%2C450&ssl=1&resize=350%2C200","width":350,"height":200,"srcset":"https:\/\/i0.wp.com\/deltaimage.de\/wp\/wp-content\/uploads\/PE1S1452_1200.jpg?fit=1200%2C450&ssl=1&resize=350%2C200 1x, https:\/\/i0.wp.com\/deltaimage.de\/wp\/wp-content\/uploads\/PE1S1452_1200.jpg?fit=1200%2C450&ssl=1&resize=525%2C300 1.5x, https:\/\/i0.wp.com\/deltaimage.de\/wp\/wp-content\/uploads\/PE1S1452_1200.jpg?fit=1200%2C450&ssl=1&resize=700%2C400 2x, https:\/\/i0.wp.com\/deltaimage.de\/wp\/wp-content\/uploads\/PE1S1452_1200.jpg?fit=1200%2C450&ssl=1&resize=1050%2C600 3x"},"classes":[]}],"jetpack_sharing_enabled":true,"_links":{"self":[{"href":"https:\/\/deltaimage.de\/wp\/index.php?rest_route=\/wp\/v2\/posts\/34240","targetHints":{"allow":["GET"]}}],"collection":[{"href":"https:\/\/deltaimage.de\/wp\/index.php?rest_route=\/wp\/v2\/posts"}],"about":[{"href":"https:\/\/deltaimage.de\/wp\/index.php?rest_route=\/wp\/v2\/types\/post"}],"author":[{"embeddable":true,"href":"https:\/\/deltaimage.de\/wp\/index.php?rest_route=\/wp\/v2\/users\/1"}],"replies":[{"embeddable":true,"href":"https:\/\/deltaimage.de\/wp\/index.php?rest_route=%2Fwp%2Fv2%2Fcomments&post=34240"}],"version-history":[{"count":17,"href":"https:\/\/deltaimage.de\/wp\/index.php?rest_route=\/wp\/v2\/posts\/34240\/revisions"}],"predecessor-version":[{"id":51266,"href":"https:\/\/deltaimage.de\/wp\/index.php?rest_route=\/wp\/v2\/posts\/34240\/revisions\/51266"}],"wp:featuredmedia":[{"embeddable":true,"href":"https:\/\/deltaimage.de\/wp\/index.php?rest_route=\/wp\/v2\/media\/34350"}],"wp:attachment":[{"href":"https:\/\/deltaimage.de\/wp\/index.php?rest_route=%2Fwp%2Fv2%2Fmedia&parent=34240"}],"wp:term":[{"taxonomy":"category","embeddable":true,"href":"https:\/\/deltaimage.de\/wp\/index.php?rest_route=%2Fwp%2Fv2%2Fcategories&post=34240"},{"taxonomy":"post_tag","embeddable":true,"href":"https:\/\/deltaimage.de\/wp\/index.php?rest_route=%2Fwp%2Fv2%2Ftags&post=34240"}],"curies":[{"name":"wp","href":"https:\/\/api.w.org\/{rel}","templated":true}]}}