{"id":34540,"date":"2022-06-01T13:05:34","date_gmt":"2022-06-01T12:05:34","guid":{"rendered":"https:\/\/deltaimage.de\/wp\/?p=34540"},"modified":"2025-08-14T17:25:30","modified_gmt":"2025-08-14T15:25:30","slug":"hoellbachgspreng-am-grossen-falkenstein-im-bayerischen-wald","status":"publish","type":"post","link":"https:\/\/deltaimage.de\/wp\/?p=34540","title":{"rendered":"H\u00f6llbachgspreng am Gro\u00dfen Falkenstein im Bayerischen Wald"},"content":{"rendered":"<p><img data-recalc-dims=\"1\" loading=\"lazy\" decoding=\"async\" data-attachment-id=\"35072\" data-permalink=\"https:\/\/deltaimage.de\/wp\/?attachment_id=35072#main\" data-orig-file=\"https:\/\/i0.wp.com\/deltaimage.de\/wp\/wp-content\/uploads\/BAYERWALDTEAM_150.jpg?fit=150%2C105&amp;ssl=1\" data-orig-size=\"150,105\" data-comments-opened=\"0\" data-image-meta=\"{&quot;aperture&quot;:&quot;0&quot;,&quot;credit&quot;:&quot;&quot;,&quot;camera&quot;:&quot;&quot;,&quot;caption&quot;:&quot;&quot;,&quot;created_timestamp&quot;:&quot;0&quot;,&quot;copyright&quot;:&quot;&quot;,&quot;focal_length&quot;:&quot;0&quot;,&quot;iso&quot;:&quot;0&quot;,&quot;shutter_speed&quot;:&quot;0&quot;,&quot;title&quot;:&quot;&quot;,&quot;orientation&quot;:&quot;1&quot;}\" data-image-title=\"BAYERWALDTEAM_150\" data-image-description=\"\" data-image-caption=\"\" data-large-file=\"https:\/\/i0.wp.com\/deltaimage.de\/wp\/wp-content\/uploads\/BAYERWALDTEAM_150.jpg?fit=150%2C105&amp;ssl=1\" class=\"size-full wp-image-35072 alignright\" src=\"https:\/\/i0.wp.com\/deltaimage.de\/wp\/wp-content\/uploads\/BAYERWALDTEAM_150.jpg?resize=150%2C105&#038;ssl=1\" alt=\"\" width=\"150\" height=\"105\" \/><br \/>\nDer <strong><a href=\"https:\/\/deltaimage.de\/wp\/?tag=falkenstein\">Gro\u00dfe Falkenstein<\/a><\/strong> im <strong><a href=\"https:\/\/deltaimage.de\/wp\/?tag=bayerischer-wald\">Nationalpark Bayerischer Wald<\/a><\/strong> ist eine nasse Welt in einer steilen Klamm an der S\u00fcdflanke und wird vom Gro\u00dfen <strong><a href=\"https:\/\/deltaimage.de\/wp\/?tag=h\u00f6llbach\">H\u00f6llbach<\/a> <\/strong>durchflossen. Die Gel\u00e4ndemulde entstand in der letzten Eiszeit und f\u00fchrt einen Gro\u00dfteil der Niederschl\u00e4ge auf dem <strong><a href=\"https:\/\/deltaimage.de\/wp\/?tag=falkenstein\">Gro\u00dfe Falkenstein<\/a><\/strong> oberirdisch durch diese eingeschnittene Schlucht \u00fcber haushohe Felsstufen ins Tal ab.<\/p>\n<p><img data-recalc-dims=\"1\" loading=\"lazy\" decoding=\"async\" data-attachment-id=\"34520\" data-permalink=\"https:\/\/deltaimage.de\/wp\/?attachment_id=34520#main\" data-orig-file=\"https:\/\/i0.wp.com\/deltaimage.de\/wp\/wp-content\/uploads\/PE1S0758_900.jpg?fit=890%2C593&amp;ssl=1\" data-orig-size=\"890,593\" data-comments-opened=\"0\" data-image-meta=\"{&quot;aperture&quot;:&quot;18&quot;,&quot;credit&quot;:&quot;Paul Eschbach&quot;,&quot;camera&quot;:&quot;Canon EOS-1Ds Mark III&quot;,&quot;caption&quot;:&quot;&quot;,&quot;created_timestamp&quot;:&quot;1653491058&quot;,&quot;copyright&quot;:&quot;&quot;,&quot;focal_length&quot;:&quot;15&quot;,&quot;iso&quot;:&quot;200&quot;,&quot;shutter_speed&quot;:&quot;0.05&quot;,&quot;title&quot;:&quot;&quot;,&quot;orientation&quot;:&quot;0&quot;}\" data-image-title=\"PE1S0758_900\" data-image-description=\"\" data-image-caption=\"\" data-large-file=\"https:\/\/i0.wp.com\/deltaimage.de\/wp\/wp-content\/uploads\/PE1S0758_900.jpg?fit=890%2C593&amp;ssl=1\" class=\"aligncenter size-full wp-image-34520\" src=\"https:\/\/i0.wp.com\/deltaimage.de\/wp\/wp-content\/uploads\/PE1S0758_900.jpg?resize=890%2C593&#038;ssl=1\" alt=\"\" width=\"890\" height=\"593\" srcset=\"https:\/\/i0.wp.com\/deltaimage.de\/wp\/wp-content\/uploads\/PE1S0758_900.jpg?w=890&amp;ssl=1 890w, https:\/\/i0.wp.com\/deltaimage.de\/wp\/wp-content\/uploads\/PE1S0758_900.jpg?resize=300%2C200&amp;ssl=1 300w, https:\/\/i0.wp.com\/deltaimage.de\/wp\/wp-content\/uploads\/PE1S0758_900.jpg?resize=675%2C450&amp;ssl=1 675w, https:\/\/i0.wp.com\/deltaimage.de\/wp\/wp-content\/uploads\/PE1S0758_900.jpg?resize=600%2C400&amp;ssl=1 600w, https:\/\/i0.wp.com\/deltaimage.de\/wp\/wp-content\/uploads\/PE1S0758_900.jpg?resize=200%2C133&amp;ssl=1 200w\" sizes=\"auto, (max-width: 890px) 100vw, 890px\" \/><\/p>\n<p>Dieses Urwaldareal steht bereits seit 1941 unter Naturschutz, die Forstnutzung ist seit 1860 ausgesetzt und mit der Eingliederung in den <strong><a href=\"https:\/\/deltaimage.de\/wp\/?tag=bayerischer-wald\">Nationalpark Bayerischer Wald<\/a><\/strong> ist das ganze Gebiet nun Schutzgebiet und es besteht ein strenges Wegegebot zum Schutz von Flora und Fauna.<\/p>\n<p><!--more--><\/p>\n<p>&nbsp;<\/p>\n<h2>Die Wasser st\u00fcrzen in m\u00e4chtigen Stufen ins Tal<\/h2>\n<p>Die vielen Regenf\u00e4lle der letzten Tage am <a href=\"https:\/\/deltaimage.de\/wp\/?tag=gro\u00dfer-falkenstein\"><strong>Falkenstein <\/strong><\/a>lassen den <strong><a href=\"https:\/\/deltaimage.de\/wp\/?tag=h\u00f6llbach\">H\u00f6llbach<\/a><\/strong> ordentlich viel Wasser f\u00fchren, was sich in ganz besonders eindrucksvollen Fotos zeigt. Wir haben zum Fotografieren ganz bewusst auf eine Zeit nach l\u00e4ngeren Regenf\u00e4llen gewartet, um richtig beeindruckende Bilder machen zu k\u00f6nnen.<\/p>\n<p><img data-recalc-dims=\"1\" loading=\"lazy\" decoding=\"async\" data-attachment-id=\"34524\" data-permalink=\"https:\/\/deltaimage.de\/wp\/?attachment_id=34524#main\" data-orig-file=\"https:\/\/i0.wp.com\/deltaimage.de\/wp\/wp-content\/uploads\/PE1S0732_900.jpg?fit=890%2C593&amp;ssl=1\" data-orig-size=\"890,593\" data-comments-opened=\"0\" data-image-meta=\"{&quot;aperture&quot;:&quot;7.1&quot;,&quot;credit&quot;:&quot;Paul Eschbach&quot;,&quot;camera&quot;:&quot;Canon EOS-1Ds Mark III&quot;,&quot;caption&quot;:&quot;&quot;,&quot;created_timestamp&quot;:&quot;1653489239&quot;,&quot;copyright&quot;:&quot;&quot;,&quot;focal_length&quot;:&quot;235&quot;,&quot;iso&quot;:&quot;50&quot;,&quot;shutter_speed&quot;:&quot;0.025&quot;,&quot;title&quot;:&quot;&quot;,&quot;orientation&quot;:&quot;0&quot;}\" data-image-title=\"PE1S0732_900\" data-image-description=\"\" data-image-caption=\"\" data-large-file=\"https:\/\/i0.wp.com\/deltaimage.de\/wp\/wp-content\/uploads\/PE1S0732_900.jpg?fit=890%2C593&amp;ssl=1\" class=\"aligncenter size-full wp-image-34524\" src=\"https:\/\/i0.wp.com\/deltaimage.de\/wp\/wp-content\/uploads\/PE1S0732_900.jpg?resize=890%2C593&#038;ssl=1\" alt=\"\" width=\"890\" height=\"593\" srcset=\"https:\/\/i0.wp.com\/deltaimage.de\/wp\/wp-content\/uploads\/PE1S0732_900.jpg?w=890&amp;ssl=1 890w, https:\/\/i0.wp.com\/deltaimage.de\/wp\/wp-content\/uploads\/PE1S0732_900.jpg?resize=300%2C200&amp;ssl=1 300w, https:\/\/i0.wp.com\/deltaimage.de\/wp\/wp-content\/uploads\/PE1S0732_900.jpg?resize=675%2C450&amp;ssl=1 675w, https:\/\/i0.wp.com\/deltaimage.de\/wp\/wp-content\/uploads\/PE1S0732_900.jpg?resize=600%2C400&amp;ssl=1 600w, https:\/\/i0.wp.com\/deltaimage.de\/wp\/wp-content\/uploads\/PE1S0732_900.jpg?resize=200%2C133&amp;ssl=1 200w\" sizes=\"auto, (max-width: 890px) 100vw, 890px\" \/><\/p>\n<p>Der <strong><a href=\"https:\/\/deltaimage.de\/wp\/?tag=h\u00f6llbach\">H\u00f6llbach<\/a><\/strong> muss dabei viele Hindernisse \u00fcberwinden. Durch die canyon-artige Schlucht landen viele B\u00e4ume, \u00c4ste und Gestein beim Unwetter unweigerlich im Bachbett und sorgen f\u00fcr k\u00fcnstliche Hindernisse f\u00fcr das Wasser. F\u00fcr den Fotografen \u00f6ffnet dies immer neue und immer andere Fotomotive im Wechselspiel zwischen Wasser, Wald, Holz und Stein.<\/p>\n<p><img data-recalc-dims=\"1\" loading=\"lazy\" decoding=\"async\" data-attachment-id=\"34525\" data-permalink=\"https:\/\/deltaimage.de\/wp\/?attachment_id=34525#main\" data-orig-file=\"https:\/\/i0.wp.com\/deltaimage.de\/wp\/wp-content\/uploads\/PE1S0728_900-1.jpg?fit=890%2C593&amp;ssl=1\" data-orig-size=\"890,593\" data-comments-opened=\"0\" data-image-meta=\"{&quot;aperture&quot;:&quot;18&quot;,&quot;credit&quot;:&quot;Paul Eschbach&quot;,&quot;camera&quot;:&quot;Canon EOS-1Ds Mark III&quot;,&quot;caption&quot;:&quot;&quot;,&quot;created_timestamp&quot;:&quot;1653489084&quot;,&quot;copyright&quot;:&quot;&quot;,&quot;focal_length&quot;:&quot;200&quot;,&quot;iso&quot;:&quot;200&quot;,&quot;shutter_speed&quot;:&quot;0.033333333333333&quot;,&quot;title&quot;:&quot;&quot;,&quot;orientation&quot;:&quot;0&quot;}\" data-image-title=\"PE1S0728_900\" data-image-description=\"\" data-image-caption=\"\" data-large-file=\"https:\/\/i0.wp.com\/deltaimage.de\/wp\/wp-content\/uploads\/PE1S0728_900-1.jpg?fit=890%2C593&amp;ssl=1\" class=\"aligncenter size-full wp-image-34525\" src=\"https:\/\/i0.wp.com\/deltaimage.de\/wp\/wp-content\/uploads\/PE1S0728_900-1.jpg?resize=890%2C593&#038;ssl=1\" alt=\"\" width=\"890\" height=\"593\" srcset=\"https:\/\/i0.wp.com\/deltaimage.de\/wp\/wp-content\/uploads\/PE1S0728_900-1.jpg?w=890&amp;ssl=1 890w, https:\/\/i0.wp.com\/deltaimage.de\/wp\/wp-content\/uploads\/PE1S0728_900-1.jpg?resize=300%2C200&amp;ssl=1 300w, https:\/\/i0.wp.com\/deltaimage.de\/wp\/wp-content\/uploads\/PE1S0728_900-1.jpg?resize=675%2C450&amp;ssl=1 675w, https:\/\/i0.wp.com\/deltaimage.de\/wp\/wp-content\/uploads\/PE1S0728_900-1.jpg?resize=600%2C400&amp;ssl=1 600w, https:\/\/i0.wp.com\/deltaimage.de\/wp\/wp-content\/uploads\/PE1S0728_900-1.jpg?resize=200%2C133&amp;ssl=1 200w\" sizes=\"auto, (max-width: 890px) 100vw, 890px\" \/><\/p>\n<p>&nbsp;<\/p>\n<h2>Anstieg zum H\u00f6llbachgspreng im Nationalpark<\/h2>\n<p>Das <strong><a href=\"https:\/\/deltaimage.de\/wp\/?tag=h\u00f6llbach\">H\u00f6llbachgspreng<\/a> <\/strong>liegt tief im <strong><a href=\"https:\/\/deltaimage.de\/wp\/?tag=bayerischer-wald\">Nationalpark Bayerischer Wald<\/a><\/strong> und ist nur zu Fu\u00df und peripher mit dem Rad zu erreichen. Vom Wanderparkplatz Scheureck geht&#8217;s in fast zwei Stunden auf breiten Forstwegen mit mittlerem Anstieg zum Fu\u00df des <strong><a href=\"https:\/\/deltaimage.de\/wp\/?tag=h\u00f6llbach\">H\u00f6llbachgspreng<\/a> <\/strong>&#8211; an die <strong><a href=\"https:\/\/deltaimage.de\/wp\/?tag=h\u00f6llbach\">H\u00f6llbachgschwelle<\/a>\u00a0<\/strong>.<\/p>\n<p><img data-recalc-dims=\"1\" loading=\"lazy\" decoding=\"async\" data-attachment-id=\"34528\" data-permalink=\"https:\/\/deltaimage.de\/wp\/?attachment_id=34528#main\" data-orig-file=\"https:\/\/i0.wp.com\/deltaimage.de\/wp\/wp-content\/uploads\/PE1S0714_900-1.jpg?fit=890%2C593&amp;ssl=1\" data-orig-size=\"890,593\" data-comments-opened=\"0\" data-image-meta=\"{&quot;aperture&quot;:&quot;9&quot;,&quot;credit&quot;:&quot;Paul Eschbach&quot;,&quot;camera&quot;:&quot;Canon EOS-1Ds Mark III&quot;,&quot;caption&quot;:&quot;&quot;,&quot;created_timestamp&quot;:&quot;1653488411&quot;,&quot;copyright&quot;:&quot;&quot;,&quot;focal_length&quot;:&quot;50&quot;,&quot;iso&quot;:&quot;50&quot;,&quot;shutter_speed&quot;:&quot;0.066666666666667&quot;,&quot;title&quot;:&quot;&quot;,&quot;orientation&quot;:&quot;0&quot;}\" data-image-title=\"PE1S0714_900\" data-image-description=\"\" data-image-caption=\"\" data-large-file=\"https:\/\/i0.wp.com\/deltaimage.de\/wp\/wp-content\/uploads\/PE1S0714_900-1.jpg?fit=890%2C593&amp;ssl=1\" class=\"aligncenter size-full wp-image-34528\" src=\"https:\/\/i0.wp.com\/deltaimage.de\/wp\/wp-content\/uploads\/PE1S0714_900-1.jpg?resize=890%2C593&#038;ssl=1\" alt=\"\" width=\"890\" height=\"593\" srcset=\"https:\/\/i0.wp.com\/deltaimage.de\/wp\/wp-content\/uploads\/PE1S0714_900-1.jpg?w=890&amp;ssl=1 890w, https:\/\/i0.wp.com\/deltaimage.de\/wp\/wp-content\/uploads\/PE1S0714_900-1.jpg?resize=300%2C200&amp;ssl=1 300w, https:\/\/i0.wp.com\/deltaimage.de\/wp\/wp-content\/uploads\/PE1S0714_900-1.jpg?resize=675%2C450&amp;ssl=1 675w, https:\/\/i0.wp.com\/deltaimage.de\/wp\/wp-content\/uploads\/PE1S0714_900-1.jpg?resize=600%2C400&amp;ssl=1 600w, https:\/\/i0.wp.com\/deltaimage.de\/wp\/wp-content\/uploads\/PE1S0714_900-1.jpg?resize=200%2C133&amp;ssl=1 200w\" sizes=\"auto, (max-width: 890px) 100vw, 890px\" \/><\/p>\n<p>Ab hier ist der Weg \u00fcber die Felsen sehr steil, teilweise rutschig und durch das viele Wasser in der Klamm immer nass und feucht. Das ist nur etwas f\u00fcr ge\u00fcbte Wanderer ohne Mobilit\u00e4tseinschr\u00e4nkungen. Im weiteren Verlauf des Weges wird der <strong><a href=\"https:\/\/deltaimage.de\/wp\/?tag=h\u00f6llbach\">H\u00f6llbach<\/a> <\/strong>selbst zweimal durchschritten.<\/p>\n<p><img data-recalc-dims=\"1\" loading=\"lazy\" decoding=\"async\" data-attachment-id=\"34537\" data-permalink=\"https:\/\/deltaimage.de\/wp\/?attachment_id=34537#main\" data-orig-file=\"https:\/\/i0.wp.com\/deltaimage.de\/wp\/wp-content\/uploads\/PE1S0805_900.jpg?fit=890%2C593&amp;ssl=1\" data-orig-size=\"890,593\" data-comments-opened=\"0\" data-image-meta=\"{&quot;aperture&quot;:&quot;7.1&quot;,&quot;credit&quot;:&quot;Paul Eschbach&quot;,&quot;camera&quot;:&quot;Canon EOS-1Ds Mark III&quot;,&quot;caption&quot;:&quot;&quot;,&quot;created_timestamp&quot;:&quot;1653492080&quot;,&quot;copyright&quot;:&quot;&quot;,&quot;focal_length&quot;:&quot;50&quot;,&quot;iso&quot;:&quot;50&quot;,&quot;shutter_speed&quot;:&quot;0.076923076923077&quot;,&quot;title&quot;:&quot;&quot;,&quot;orientation&quot;:&quot;0&quot;}\" data-image-title=\"PE1S0805_900\" data-image-description=\"\" data-image-caption=\"\" data-large-file=\"https:\/\/i0.wp.com\/deltaimage.de\/wp\/wp-content\/uploads\/PE1S0805_900.jpg?fit=890%2C593&amp;ssl=1\" class=\"aligncenter size-full wp-image-34537\" src=\"https:\/\/i0.wp.com\/deltaimage.de\/wp\/wp-content\/uploads\/PE1S0805_900.jpg?resize=890%2C593&#038;ssl=1\" alt=\"\" width=\"890\" height=\"593\" srcset=\"https:\/\/i0.wp.com\/deltaimage.de\/wp\/wp-content\/uploads\/PE1S0805_900.jpg?w=890&amp;ssl=1 890w, https:\/\/i0.wp.com\/deltaimage.de\/wp\/wp-content\/uploads\/PE1S0805_900.jpg?resize=300%2C200&amp;ssl=1 300w, https:\/\/i0.wp.com\/deltaimage.de\/wp\/wp-content\/uploads\/PE1S0805_900.jpg?resize=675%2C450&amp;ssl=1 675w, https:\/\/i0.wp.com\/deltaimage.de\/wp\/wp-content\/uploads\/PE1S0805_900.jpg?resize=600%2C400&amp;ssl=1 600w, https:\/\/i0.wp.com\/deltaimage.de\/wp\/wp-content\/uploads\/PE1S0805_900.jpg?resize=200%2C133&amp;ssl=1 200w\" sizes=\"auto, (max-width: 890px) 100vw, 890px\" \/><\/p>\n<p>Der Weg entlang des <strong><a href=\"https:\/\/deltaimage.de\/wp\/?tag=h\u00f6llbach\">H\u00f6llbachgspreng<\/a> <\/strong>ist zeitweise zum Schutz vor den hier br\u00fctenden Falken durch den <strong><a href=\"https:\/\/deltaimage.de\/wp\/?tag=bayerischer-wald\">Nationalpark Bayerischer Wald<\/a><\/strong> gesperrt.<\/p>\n<p><img data-recalc-dims=\"1\" loading=\"lazy\" decoding=\"async\" data-attachment-id=\"34526\" data-permalink=\"https:\/\/deltaimage.de\/wp\/?attachment_id=34526#main\" data-orig-file=\"https:\/\/i0.wp.com\/deltaimage.de\/wp\/wp-content\/uploads\/PE1S0724_900.jpg?fit=593%2C890&amp;ssl=1\" data-orig-size=\"593,890\" data-comments-opened=\"0\" data-image-meta=\"{&quot;aperture&quot;:&quot;16&quot;,&quot;credit&quot;:&quot;Paul Eschbach&quot;,&quot;camera&quot;:&quot;Canon EOS-1Ds Mark III&quot;,&quot;caption&quot;:&quot;&quot;,&quot;created_timestamp&quot;:&quot;1653488754&quot;,&quot;copyright&quot;:&quot;&quot;,&quot;focal_length&quot;:&quot;100&quot;,&quot;iso&quot;:&quot;50&quot;,&quot;shutter_speed&quot;:&quot;0.2&quot;,&quot;title&quot;:&quot;&quot;,&quot;orientation&quot;:&quot;0&quot;}\" data-image-title=\"PE1S0724_900\" data-image-description=\"\" data-image-caption=\"\" data-large-file=\"https:\/\/i0.wp.com\/deltaimage.de\/wp\/wp-content\/uploads\/PE1S0724_900.jpg?fit=593%2C890&amp;ssl=1\" class=\"aligncenter size-full wp-image-34526\" src=\"https:\/\/i0.wp.com\/deltaimage.de\/wp\/wp-content\/uploads\/PE1S0724_900.jpg?resize=593%2C890&#038;ssl=1\" alt=\"\" width=\"593\" height=\"890\" srcset=\"https:\/\/i0.wp.com\/deltaimage.de\/wp\/wp-content\/uploads\/PE1S0724_900.jpg?w=593&amp;ssl=1 593w, https:\/\/i0.wp.com\/deltaimage.de\/wp\/wp-content\/uploads\/PE1S0724_900.jpg?resize=400%2C600&amp;ssl=1 400w, https:\/\/i0.wp.com\/deltaimage.de\/wp\/wp-content\/uploads\/PE1S0724_900.jpg?resize=133%2C200&amp;ssl=1 133w, https:\/\/i0.wp.com\/deltaimage.de\/wp\/wp-content\/uploads\/PE1S0724_900.jpg?resize=395%2C593&amp;ssl=1 395w, https:\/\/i0.wp.com\/deltaimage.de\/wp\/wp-content\/uploads\/PE1S0724_900.jpg?resize=300%2C450&amp;ssl=1 300w, https:\/\/i0.wp.com\/deltaimage.de\/wp\/wp-content\/uploads\/PE1S0724_900.jpg?resize=267%2C400&amp;ssl=1 267w\" sizes=\"auto, (max-width: 593px) 100vw, 593px\" \/><\/p>\n<p>Im Winter ist die Klamm sehr leicht mit Eis durch den gefrierenden Wassernebel unpassierbar.<\/p>\n<p>&nbsp;<\/p>\n<h2>Wir erreichen das H\u00f6llbachgspreng aus dem Schutzhaus am Falkenstein<\/h2>\n<p>Wir \u00fcbernachten f\u00fcr einige Tage auf dem Schutzhaus am <strong><a href=\"https:\/\/deltaimage.de\/wp\/?tag=falkenstein\">Falkenstein<\/a><\/strong> vom Bayerischen Waldverein e.V. in 1.315 m H\u00f6he. Das erm\u00f6glicht uns den Abstieg vom Gipfel aus \u00fcber den Sulzschachten in ca. 1 Stunde in die Klamm. Als Fotograf mit gro\u00dfer und schwerer Fotoausr\u00fcstung eine willkommen einfacher Weg dieses Naturjuwel zu erreichen.<\/p>\n<p><img data-recalc-dims=\"1\" loading=\"lazy\" decoding=\"async\" data-attachment-id=\"34531\" data-permalink=\"https:\/\/deltaimage.de\/wp\/?attachment_id=34531#main\" data-orig-file=\"https:\/\/i0.wp.com\/deltaimage.de\/wp\/wp-content\/uploads\/PE1S0705_900-3.jpg?fit=890%2C593&amp;ssl=1\" data-orig-size=\"890,593\" data-comments-opened=\"0\" data-image-meta=\"{&quot;aperture&quot;:&quot;13&quot;,&quot;credit&quot;:&quot;Paul Eschbach&quot;,&quot;camera&quot;:&quot;Canon EOS-1Ds Mark III&quot;,&quot;caption&quot;:&quot;&quot;,&quot;created_timestamp&quot;:&quot;1653487327&quot;,&quot;copyright&quot;:&quot;&quot;,&quot;focal_length&quot;:&quot;24&quot;,&quot;iso&quot;:&quot;50&quot;,&quot;shutter_speed&quot;:&quot;0.3&quot;,&quot;title&quot;:&quot;&quot;,&quot;orientation&quot;:&quot;0&quot;}\" data-image-title=\"PE1S0705_900\" data-image-description=\"\" data-image-caption=\"\" data-large-file=\"https:\/\/i0.wp.com\/deltaimage.de\/wp\/wp-content\/uploads\/PE1S0705_900-3.jpg?fit=890%2C593&amp;ssl=1\" class=\"aligncenter size-full wp-image-34531\" src=\"https:\/\/i0.wp.com\/deltaimage.de\/wp\/wp-content\/uploads\/PE1S0705_900-3.jpg?resize=890%2C593&#038;ssl=1\" alt=\"\" width=\"890\" height=\"593\" srcset=\"https:\/\/i0.wp.com\/deltaimage.de\/wp\/wp-content\/uploads\/PE1S0705_900-3.jpg?w=890&amp;ssl=1 890w, https:\/\/i0.wp.com\/deltaimage.de\/wp\/wp-content\/uploads\/PE1S0705_900-3.jpg?resize=300%2C200&amp;ssl=1 300w, https:\/\/i0.wp.com\/deltaimage.de\/wp\/wp-content\/uploads\/PE1S0705_900-3.jpg?resize=675%2C450&amp;ssl=1 675w, https:\/\/i0.wp.com\/deltaimage.de\/wp\/wp-content\/uploads\/PE1S0705_900-3.jpg?resize=600%2C400&amp;ssl=1 600w, https:\/\/i0.wp.com\/deltaimage.de\/wp\/wp-content\/uploads\/PE1S0705_900-3.jpg?resize=200%2C133&amp;ssl=1 200w\" sizes=\"auto, (max-width: 890px) 100vw, 890px\" \/><\/p>\n<p>Zu Beginn ist die Gel\u00e4ndestruktur schon sehr gut erkennbar. Das Gel\u00e4nde f\u00e4llt steil ab und der <strong><a href=\"https:\/\/deltaimage.de\/wp\/?tag=h\u00f6llbach\">H\u00f6llbach<\/a> <\/strong>sammelt immer mehr Wasser auf seinem Weg nach unter von anderen kleinen B\u00e4chen auf. An seinen Ufern steht inzwischen Urwald seit 1860, der Wald darf sich hier nach seinen eigenen Gesetzen entwickeln.<\/p>\n<p><img data-recalc-dims=\"1\" loading=\"lazy\" decoding=\"async\" data-attachment-id=\"34521\" data-permalink=\"https:\/\/deltaimage.de\/wp\/?attachment_id=34521#main\" data-orig-file=\"https:\/\/i0.wp.com\/deltaimage.de\/wp\/wp-content\/uploads\/PE1S0751_900.jpg?fit=593%2C890&amp;ssl=1\" data-orig-size=\"593,890\" data-comments-opened=\"0\" data-image-meta=\"{&quot;aperture&quot;:&quot;7.1&quot;,&quot;credit&quot;:&quot;Paul Eschbach&quot;,&quot;camera&quot;:&quot;Canon EOS-1Ds Mark III&quot;,&quot;caption&quot;:&quot;&quot;,&quot;created_timestamp&quot;:&quot;1653490845&quot;,&quot;copyright&quot;:&quot;&quot;,&quot;focal_length&quot;:&quot;15&quot;,&quot;iso&quot;:&quot;200&quot;,&quot;shutter_speed&quot;:&quot;0.02&quot;,&quot;title&quot;:&quot;&quot;,&quot;orientation&quot;:&quot;0&quot;}\" data-image-title=\"PE1S0751_900\" data-image-description=\"\" data-image-caption=\"\" data-large-file=\"https:\/\/i0.wp.com\/deltaimage.de\/wp\/wp-content\/uploads\/PE1S0751_900.jpg?fit=593%2C890&amp;ssl=1\" class=\"aligncenter size-full wp-image-34521\" src=\"https:\/\/i0.wp.com\/deltaimage.de\/wp\/wp-content\/uploads\/PE1S0751_900.jpg?resize=593%2C890&#038;ssl=1\" alt=\"\" width=\"593\" height=\"890\" srcset=\"https:\/\/i0.wp.com\/deltaimage.de\/wp\/wp-content\/uploads\/PE1S0751_900.jpg?w=593&amp;ssl=1 593w, https:\/\/i0.wp.com\/deltaimage.de\/wp\/wp-content\/uploads\/PE1S0751_900.jpg?resize=400%2C600&amp;ssl=1 400w, https:\/\/i0.wp.com\/deltaimage.de\/wp\/wp-content\/uploads\/PE1S0751_900.jpg?resize=133%2C200&amp;ssl=1 133w, https:\/\/i0.wp.com\/deltaimage.de\/wp\/wp-content\/uploads\/PE1S0751_900.jpg?resize=395%2C593&amp;ssl=1 395w, https:\/\/i0.wp.com\/deltaimage.de\/wp\/wp-content\/uploads\/PE1S0751_900.jpg?resize=300%2C450&amp;ssl=1 300w, https:\/\/i0.wp.com\/deltaimage.de\/wp\/wp-content\/uploads\/PE1S0751_900.jpg?resize=267%2C400&amp;ssl=1 267w\" sizes=\"auto, (max-width: 593px) 100vw, 593px\" \/><\/p>\n<p>An der oberen Kante beginnt das Jagen und das Tosen des Wassers. Aus dem gem\u00e4chlich dahinpl\u00e4tschernden <strong><a href=\"https:\/\/deltaimage.de\/wp\/?tag=h\u00f6llbach\">H\u00f6llbach<\/a> <\/strong>wird urpl\u00f6tzlich ein wilder Wasserfall mit haushohen Kaskaden, Schwellen und stillen T\u00fcmpeln &#8211; bis das neue Jagen und Tosen beginnt.<\/p>\n<p>Mit umsichtigem Verhalten und der R\u00fccksicht auf Natur und Landschaft kann der Wanderer und Fotograf ganz herrliche Stunden in dieser herrlichen Insel im Wald verbringen. Es ist nur noch der Wald, der Fels und das Wasser mit all seinen Bewohnern in Flora und Fauna.<\/p>\n<p><img data-recalc-dims=\"1\" loading=\"lazy\" decoding=\"async\" data-attachment-id=\"34522\" data-permalink=\"https:\/\/deltaimage.de\/wp\/?attachment_id=34522#main\" data-orig-file=\"https:\/\/i0.wp.com\/deltaimage.de\/wp\/wp-content\/uploads\/PE1S0744_900.jpg?fit=593%2C890&amp;ssl=1\" data-orig-size=\"593,890\" data-comments-opened=\"0\" data-image-meta=\"{&quot;aperture&quot;:&quot;5&quot;,&quot;credit&quot;:&quot;Paul Eschbach&quot;,&quot;camera&quot;:&quot;Canon EOS-1Ds Mark III&quot;,&quot;caption&quot;:&quot;&quot;,&quot;created_timestamp&quot;:&quot;1653490456&quot;,&quot;copyright&quot;:&quot;&quot;,&quot;focal_length&quot;:&quot;15&quot;,&quot;iso&quot;:&quot;50&quot;,&quot;shutter_speed&quot;:&quot;0.05&quot;,&quot;title&quot;:&quot;&quot;,&quot;orientation&quot;:&quot;0&quot;}\" data-image-title=\"PE1S0744_900\" data-image-description=\"\" data-image-caption=\"\" data-large-file=\"https:\/\/i0.wp.com\/deltaimage.de\/wp\/wp-content\/uploads\/PE1S0744_900.jpg?fit=593%2C890&amp;ssl=1\" class=\"aligncenter size-full wp-image-34522\" src=\"https:\/\/i0.wp.com\/deltaimage.de\/wp\/wp-content\/uploads\/PE1S0744_900.jpg?resize=593%2C890&#038;ssl=1\" alt=\"\" width=\"593\" height=\"890\" srcset=\"https:\/\/i0.wp.com\/deltaimage.de\/wp\/wp-content\/uploads\/PE1S0744_900.jpg?w=593&amp;ssl=1 593w, https:\/\/i0.wp.com\/deltaimage.de\/wp\/wp-content\/uploads\/PE1S0744_900.jpg?resize=400%2C600&amp;ssl=1 400w, https:\/\/i0.wp.com\/deltaimage.de\/wp\/wp-content\/uploads\/PE1S0744_900.jpg?resize=133%2C200&amp;ssl=1 133w, https:\/\/i0.wp.com\/deltaimage.de\/wp\/wp-content\/uploads\/PE1S0744_900.jpg?resize=395%2C593&amp;ssl=1 395w, https:\/\/i0.wp.com\/deltaimage.de\/wp\/wp-content\/uploads\/PE1S0744_900.jpg?resize=300%2C450&amp;ssl=1 300w, https:\/\/i0.wp.com\/deltaimage.de\/wp\/wp-content\/uploads\/PE1S0744_900.jpg?resize=267%2C400&amp;ssl=1 267w\" sizes=\"auto, (max-width: 593px) 100vw, 593px\" \/><\/p>\n<blockquote>\n<pre>Wie klein ist hier doch der Fotograf des BAYERWALDTEAMS in Mitten dieser gro\u00dfartigen Natur.<\/pre>\n<\/blockquote>\n","protected":false},"excerpt":{"rendered":"<p>Der Gro\u00dfe Falkenstein im Nationalpark Bayerischer Wald ist eine nasse Welt in einer steilen Klamm an der S\u00fcdflanke und wird vom Gro\u00dfen H\u00f6llbach durchflossen. Die Gel\u00e4ndemulde entstand in der letzten [&hellip;]<\/p>\n","protected":false},"author":1,"featured_media":34535,"comment_status":"closed","ping_status":"closed","sticky":false,"template":"","format":"standard","meta":{"wpupg_custom_link":[],"wpupg_custom_link_behaviour":["default"],"wpupg_custom_link_nofollow":["default"],"wpupg_custom_image":[],"wpupg_custom_image_id":[],"jetpack_post_was_ever_published":false,"footnotes":""},"categories":[861,8],"tags":[595,594,3069,1059,3072,3073,197,639,3267],"class_list":["post-34540","post","type-post","status-publish","format-standard","has-post-thumbnail","hentry","category-bayerwaldteam","category-news","tag-bayerischer-wald","tag-bayerwaldteam","tag-grosser-falkenstein","tag-hochwald","tag-hoellbach","tag-hoellbach-gspreng","tag-sommer","tag-wasser","tag-wasserfall"],"jetpack_featured_media_url":"https:\/\/i0.wp.com\/deltaimage.de\/wp\/wp-content\/uploads\/PE1S0805_1200.jpg?fit=1200%2C450&ssl=1","jetpack-related-posts":[{"id":29819,"url":"https:\/\/deltaimage.de\/wp\/?p=29819","url_meta":{"origin":34540,"position":0},"title":"BAYERWALDTEAM \u2013 Durchschreitung des H\u00f6llbachs im Bayerischen Wald","author":"EschbacP","date":"18. August 2021","format":false,"excerpt":"Fotografieren in der m\u00e4chtigen Natur ist nicht immer einfach und der Fotograf erlebt die Landschaft noch viel hautnaher als der Betrachter der Bilder hinterher. So auch bei unserem Fotoeinsatz am Falkenstein im H\u00f6llbach-Ggspreng, einer wildromantischen Klamm an der S\u00fcd-Ost-Flanke des Falkensteins im Bayerischen Wald. M\u00e4chtige Natur unmittelbar vor dem Objektiv\u2026","rel":"","context":"In &quot;BAYERWALDTEAM&quot;","block_context":{"text":"BAYERWALDTEAM","link":"https:\/\/deltaimage.de\/wp\/?cat=861"},"img":{"alt_text":"","src":"https:\/\/i0.wp.com\/deltaimage.de\/wp\/wp-content\/uploads\/bayerwaldteam-durchschreitung-des-hoellbachs-im-bayerischen-wald.jpg?fit=890%2C593&ssl=1&resize=350%2C200","width":350,"height":200,"srcset":"https:\/\/i0.wp.com\/deltaimage.de\/wp\/wp-content\/uploads\/bayerwaldteam-durchschreitung-des-hoellbachs-im-bayerischen-wald.jpg?fit=890%2C593&ssl=1&resize=350%2C200 1x, https:\/\/i0.wp.com\/deltaimage.de\/wp\/wp-content\/uploads\/bayerwaldteam-durchschreitung-des-hoellbachs-im-bayerischen-wald.jpg?fit=890%2C593&ssl=1&resize=525%2C300 1.5x, https:\/\/i0.wp.com\/deltaimage.de\/wp\/wp-content\/uploads\/bayerwaldteam-durchschreitung-des-hoellbachs-im-bayerischen-wald.jpg?fit=890%2C593&ssl=1&resize=700%2C400 2x"},"classes":[]},{"id":34503,"url":"https:\/\/deltaimage.de\/wp\/?p=34503","url_meta":{"origin":34540,"position":1},"title":"Rauschende Wasser am Gro\u00dfen Falkenstein im Bayerischen Wald","author":"EschbacP","date":"3. Juni 2022","format":false,"excerpt":"Der Nationalpark Bayerischer Wald ist dieses Jahr 50 Jahre alt geworden und war der erste Nationalpark in Deutschland. Die unendlichen W\u00e4lder, das Mittelgebirge um den Gro\u00dfer Arber und den Grenzkamm entlang der alten Grenze zwischen Bayern und B\u00f6hmen ist ein Ort des Schutzes f\u00fcr die Natur im Hochwald. Im Nationalpark\u2026","rel":"","context":"In &quot;BAYERWALDTEAM&quot;","block_context":{"text":"BAYERWALDTEAM","link":"https:\/\/deltaimage.de\/wp\/?cat=861"},"img":{"alt_text":"","src":"https:\/\/i0.wp.com\/deltaimage.de\/wp\/wp-content\/uploads\/PE1S0362_1200.jpg?fit=1200%2C450&ssl=1&resize=350%2C200","width":350,"height":200,"srcset":"https:\/\/i0.wp.com\/deltaimage.de\/wp\/wp-content\/uploads\/PE1S0362_1200.jpg?fit=1200%2C450&ssl=1&resize=350%2C200 1x, https:\/\/i0.wp.com\/deltaimage.de\/wp\/wp-content\/uploads\/PE1S0362_1200.jpg?fit=1200%2C450&ssl=1&resize=525%2C300 1.5x, https:\/\/i0.wp.com\/deltaimage.de\/wp\/wp-content\/uploads\/PE1S0362_1200.jpg?fit=1200%2C450&ssl=1&resize=700%2C400 2x, https:\/\/i0.wp.com\/deltaimage.de\/wp\/wp-content\/uploads\/PE1S0362_1200.jpg?fit=1200%2C450&ssl=1&resize=1050%2C600 3x"},"classes":[]},{"id":29795,"url":"https:\/\/deltaimage.de\/wp\/?p=29795","url_meta":{"origin":34540,"position":2},"title":"Paul Eschbach \u2013 wieder auf Fotostreifz\u00fcgen im Bayerischen Wald unterwegs \u2013 BAYERWALDTEAM","author":"EschbacP","date":"17. August 2021","format":false,"excerpt":"Sechs Tage im Bayerischen Wald auf Fotostreitzug im BAYERWALDTEAM versprechen wieder viele spannende Motive und noch sch\u00f6nere Erlebnisse f\u00fcr das BAYERWALDTEAM. \u00a0 Bayerischer Pl\u00f6ckenstein auf der Grenze Bayern und B\u00f6hmen am Dreisesselberg Der Dreisesselberg ist immer eine imposante Wanderung auf dem Grenzkamm entlang zwischen Bayern und B\u00f6hmen. Nach beiden Seiten\u2026","rel":"","context":"In &quot;BAYERWALDTEAM&quot;","block_context":{"text":"BAYERWALDTEAM","link":"https:\/\/deltaimage.de\/wp\/?cat=861"},"img":{"alt_text":"","src":"https:\/\/i0.wp.com\/deltaimage.de\/wp\/wp-content\/uploads\/AK3I9785_1200.jpg?fit=1200%2C450&ssl=1&resize=350%2C200","width":350,"height":200,"srcset":"https:\/\/i0.wp.com\/deltaimage.de\/wp\/wp-content\/uploads\/AK3I9785_1200.jpg?fit=1200%2C450&ssl=1&resize=350%2C200 1x, https:\/\/i0.wp.com\/deltaimage.de\/wp\/wp-content\/uploads\/AK3I9785_1200.jpg?fit=1200%2C450&ssl=1&resize=525%2C300 1.5x, https:\/\/i0.wp.com\/deltaimage.de\/wp\/wp-content\/uploads\/AK3I9785_1200.jpg?fit=1200%2C450&ssl=1&resize=700%2C400 2x, https:\/\/i0.wp.com\/deltaimage.de\/wp\/wp-content\/uploads\/AK3I9785_1200.jpg?fit=1200%2C450&ssl=1&resize=1050%2C600 3x"},"classes":[]},{"id":30190,"url":"https:\/\/deltaimage.de\/wp\/?p=30190","url_meta":{"origin":34540,"position":3},"title":"Paul Eschbach \u2013 wieder auf Fotostreifz\u00fcgen im Bayerischen Wald unterwegs \u2013 BAYERWALDTEAM","author":"EschbacP","date":"16. August 2021","format":false,"excerpt":"Sechs Tage im Bayerischen Wald auf Fotostreitzug im BAYERWALDTEAM versprechen wieder viele spannende Motive und noch sch\u00f6nere Erlebnisse f\u00fcr das BAYERWALDTEAM. \u00a0 Bayerischer Pl\u00f6ckenstein auf der Grenze Bayern und B\u00f6hmen am Dreisesselberg Der Dreisesselberg ist immer eine imposante Wanderung auf dem Grenzkamm entlang zwischen Bayern und B\u00f6hmen. Nach beiden Seiten\u2026","rel":"","context":"In &quot;BAYERWALDTEAM&quot;","block_context":{"text":"BAYERWALDTEAM","link":"https:\/\/deltaimage.de\/wp\/?cat=861"},"img":{"alt_text":"","src":"https:\/\/i0.wp.com\/deltaimage.de\/wp\/wp-content\/uploads\/paul-eschbach-wieder-auf-fotostreifzuegen-im-bayerischen-wald-unterwegs-bayerwaldteam.jpg?fit=890%2C593&ssl=1&resize=350%2C200","width":350,"height":200,"srcset":"https:\/\/i0.wp.com\/deltaimage.de\/wp\/wp-content\/uploads\/paul-eschbach-wieder-auf-fotostreifzuegen-im-bayerischen-wald-unterwegs-bayerwaldteam.jpg?fit=890%2C593&ssl=1&resize=350%2C200 1x, https:\/\/i0.wp.com\/deltaimage.de\/wp\/wp-content\/uploads\/paul-eschbach-wieder-auf-fotostreifzuegen-im-bayerischen-wald-unterwegs-bayerwaldteam.jpg?fit=890%2C593&ssl=1&resize=525%2C300 1.5x, https:\/\/i0.wp.com\/deltaimage.de\/wp\/wp-content\/uploads\/paul-eschbach-wieder-auf-fotostreifzuegen-im-bayerischen-wald-unterwegs-bayerwaldteam.jpg?fit=890%2C593&ssl=1&resize=700%2C400 2x"},"classes":[]},{"id":29798,"url":"https:\/\/deltaimage.de\/wp\/?p=29798","url_meta":{"origin":34540,"position":4},"title":"BAYERWALDTEAM fotografiert wieder im Bayerischen Wald","author":"EschbacP","date":"17. August 2021","format":false,"excerpt":"Eine Woche im August 2021 \u2013 da passt alles zusammen und dann \u201emias ma naus in Woid\u201c zum Fotografieren in der Landschaft zwischen Donau und B\u00f6hmen. Die massiven Einschr\u00e4nkungen durch die Pandemie hatten die Pl\u00e4ne in 2020 und bis jetzt immer wieder durchkreuzt. Jetzt passt es. Die Rahmenbedingungen passen und\u2026","rel":"","context":"In &quot;BAYERWALDTEAM&quot;","block_context":{"text":"BAYERWALDTEAM","link":"https:\/\/deltaimage.de\/wp\/?cat=861"},"img":{"alt_text":"","src":"https:\/\/i0.wp.com\/deltaimage.de\/wp\/wp-content\/uploads\/PE1S0749_1200.jpg?fit=1200%2C450&ssl=1&resize=350%2C200","width":350,"height":200,"srcset":"https:\/\/i0.wp.com\/deltaimage.de\/wp\/wp-content\/uploads\/PE1S0749_1200.jpg?fit=1200%2C450&ssl=1&resize=350%2C200 1x, https:\/\/i0.wp.com\/deltaimage.de\/wp\/wp-content\/uploads\/PE1S0749_1200.jpg?fit=1200%2C450&ssl=1&resize=525%2C300 1.5x, https:\/\/i0.wp.com\/deltaimage.de\/wp\/wp-content\/uploads\/PE1S0749_1200.jpg?fit=1200%2C450&ssl=1&resize=700%2C400 2x, https:\/\/i0.wp.com\/deltaimage.de\/wp\/wp-content\/uploads\/PE1S0749_1200.jpg?fit=1200%2C450&ssl=1&resize=1050%2C600 3x"},"classes":[]},{"id":30112,"url":"https:\/\/deltaimage.de\/wp\/?p=30112","url_meta":{"origin":34540,"position":5},"title":"Einige Tage am Gro\u00dfen Falkenstein mit herrlichen Sternenfotos \u00fcber dem Nationalpark Bayerischer Wald","author":"EschbacP","date":"15. September 2021","format":false,"excerpt":"Im Bayerischen Wald tut sich etwas - etwas ganz Besonderes. Die Landschaft der beiden Nationalparke, dem Nationalpark Bayerischer Wald auf bayerischer Seite und der Nationalpark \u0160umava auf b\u00f6hmischer Seite ist ein gro\u00dfes und grenz\u00fcberschreitendes Wald und Naturgebiet. In vielen Regionen in Deutschland gibt es in den letzten Jahren verschiedene Initiativen,\u2026","rel":"","context":"In &quot;BAYERWALDTEAM&quot;","block_context":{"text":"BAYERWALDTEAM","link":"https:\/\/deltaimage.de\/wp\/?cat=861"},"img":{"alt_text":"","src":"https:\/\/i0.wp.com\/deltaimage.de\/wp\/wp-content\/uploads\/PE1S0174_1200.jpg?fit=1200%2C450&ssl=1&resize=350%2C200","width":350,"height":200,"srcset":"https:\/\/i0.wp.com\/deltaimage.de\/wp\/wp-content\/uploads\/PE1S0174_1200.jpg?fit=1200%2C450&ssl=1&resize=350%2C200 1x, https:\/\/i0.wp.com\/deltaimage.de\/wp\/wp-content\/uploads\/PE1S0174_1200.jpg?fit=1200%2C450&ssl=1&resize=525%2C300 1.5x, https:\/\/i0.wp.com\/deltaimage.de\/wp\/wp-content\/uploads\/PE1S0174_1200.jpg?fit=1200%2C450&ssl=1&resize=700%2C400 2x, https:\/\/i0.wp.com\/deltaimage.de\/wp\/wp-content\/uploads\/PE1S0174_1200.jpg?fit=1200%2C450&ssl=1&resize=1050%2C600 3x"},"classes":[]}],"jetpack_sharing_enabled":true,"_links":{"self":[{"href":"https:\/\/deltaimage.de\/wp\/index.php?rest_route=\/wp\/v2\/posts\/34540","targetHints":{"allow":["GET"]}}],"collection":[{"href":"https:\/\/deltaimage.de\/wp\/index.php?rest_route=\/wp\/v2\/posts"}],"about":[{"href":"https:\/\/deltaimage.de\/wp\/index.php?rest_route=\/wp\/v2\/types\/post"}],"author":[{"embeddable":true,"href":"https:\/\/deltaimage.de\/wp\/index.php?rest_route=\/wp\/v2\/users\/1"}],"replies":[{"embeddable":true,"href":"https:\/\/deltaimage.de\/wp\/index.php?rest_route=%2Fwp%2Fv2%2Fcomments&post=34540"}],"version-history":[{"count":11,"href":"https:\/\/deltaimage.de\/wp\/index.php?rest_route=\/wp\/v2\/posts\/34540\/revisions"}],"predecessor-version":[{"id":50563,"href":"https:\/\/deltaimage.de\/wp\/index.php?rest_route=\/wp\/v2\/posts\/34540\/revisions\/50563"}],"wp:featuredmedia":[{"embeddable":true,"href":"https:\/\/deltaimage.de\/wp\/index.php?rest_route=\/wp\/v2\/media\/34535"}],"wp:attachment":[{"href":"https:\/\/deltaimage.de\/wp\/index.php?rest_route=%2Fwp%2Fv2%2Fmedia&parent=34540"}],"wp:term":[{"taxonomy":"category","embeddable":true,"href":"https:\/\/deltaimage.de\/wp\/index.php?rest_route=%2Fwp%2Fv2%2Fcategories&post=34540"},{"taxonomy":"post_tag","embeddable":true,"href":"https:\/\/deltaimage.de\/wp\/index.php?rest_route=%2Fwp%2Fv2%2Ftags&post=34540"}],"curies":[{"name":"wp","href":"https:\/\/api.w.org\/{rel}","templated":true}]}}